{"id":25113,"date":"2023-03-29T11:46:14","date_gmt":"2023-03-29T14:46:14","guid":{"rendered":"https:\/\/www.fatosefotosnews.com.br\/governo-estende-recadastramento-de-armas-ate-3-de-maio\/"},"modified":"2023-03-29T11:46:14","modified_gmt":"2023-03-29T14:46:14","slug":"governo-estende-recadastramento-de-armas-ate-3-de-maio","status":"publish","type":"post","link":"https:\/\/www.fatosefotosnews.com.br\/?p=25113","title":{"rendered":"Governo estende recadastramento de armas at\u00e9 3 de maio"},"content":{"rendered":"<p>O governo federal prorrogou at\u00e9 3 de maio o prazo de recadastramento de armas no Sistema Nacional de Armas (Sinarm). O decreto foi publicado nesta quarta-feira (29) no <a href=\"http:\/\/in.gov.br\/web\/dou\/-\/decreto-n-11.455-de-28-de-marco-de-2023-473383164\" target=\"_blank\" rel=\"noopener\"><em>Di\u00e1rio Oficial da Uni\u00e3o<\/em><\/a>. O prazo come\u00e7ou em 1\u00ba de fevereiro e iria at\u00e9 30 de mar\u00e7o.<\/p>\n<p>Em nota t\u00e9cnica, a Secretaria Nacional de Seguran\u00e7a P\u00fablica (Senasp), do Minist\u00e9rio da Justi\u00e7a e Seguran\u00e7a P\u00fablica, justificou que a prorroga\u00e7\u00e3o do prazo tem o prop\u00f3sito de assegurar \u201cmelhor adequa\u00e7\u00e3o da Pol\u00edcia Federal no cumprimento da atividade de recadastramento atribu\u00edda ao \u00f3rg\u00e3o policial\u201d, considerando as dimens\u00f5es continentais do pa\u00eds.<\/p>\n<p>O Sinarm, da Pol\u00edcia Federal (PF), \u00e9 o sistema de registro de armas de uso permitido de civis que concentra dados de armas mantidas por empresas de seguran\u00e7a privada, policiais civis, guardas municipais e pessoas f\u00edsicas com autoriza\u00e7\u00e3o de posse ou porte. J\u00e1 Sistema de Gerenciamento Militar de Armas (Sigma), do Ex\u00e9rcito, registra as armas de uso restrito pertencentes a colecionadores, atiradores e ca\u00e7adores (CAC\u2019s).<\/p>\n<p>Com o recadastramento, todas as armas de uso permitido e de uso restrito devem ser cadastradas no Sinarm, ainda que j\u00e1 registradas em outros sistemas.<\/p>\n<p>Ontem (28),<a href=\"http:\/\/agenciabrasil.ebc.com.br\/geral\/noticia\/2023-03\/dino-numero-de-armas-recadastradas-supera-o-de-registros-anteriores\" target=\"_blank\" rel=\"noopener\"> em audi\u00eancia p\u00fablica na C\u00e2mara dos Deputados<\/a>, o ministro da Justi\u00e7a e Seguran\u00e7a P\u00fablica, Fl\u00e1vio Dino, afirmou que o processo tem sido t\u00e3o bem sucedido que o n\u00famero de armas recadastradas j\u00e1 \u00e9 maior do que o de armas originalmente cadastradas nos sistemas oficiais.<\/p>\n<p>Dino n\u00e3o chegou a apresentar novos n\u00fameros, mas no \u00faltimo balan\u00e7o, da semana passada, <a href=\"http:\/\/agenciabrasil.ebc.com.br\/geral\/noticia\/2023-03\/recadastramento-de-armas-particulares-chega-81\" target=\"_blank\" rel=\"noopener\">81% das 762.365 armas de CACs<\/a>, registradas no Sigma, haviam sido recadastradas na Pol\u00edcia Federal. As mais de 613 mil armas recadastradas superam a meta do governo, que era chegar a 80% de recadastramentos feitos.<\/p>\n<p>Os\u00a0propriet\u00e1rios que n\u00e3o desejarem mais manter a <a href=\"https:\/\/www.gov.br\/pt-br\/servicos\/entregar-voluntariamente-arma-de-fogo-municao-e-acessorios\" target=\"_blank\" rel=\"noopener\">propriedade de armas<\/a> poder\u00e3o entreg\u00e1-las em um dos postos de coleta da Campanha do Desarmamento, autorizados pelo Minist\u00e9rio da Justi\u00e7a e Seguran\u00e7a P\u00fablica.<\/p>\n<p>Outra mudan\u00e7a trazida no decreto de hoje permite que o diretor-geral da PF estabele\u00e7a procedimentos especiais para a apresenta\u00e7\u00e3o de armamentos, motivados por quest\u00f5es de log\u00edstica e seguran\u00e7a. O novo texto prev\u00ea a possibilidade da exposi\u00e7\u00e3o \u00e0s equipes da PF em local distinto das respectivas delegacias.<\/p>\n<h2>Nova pol\u00edtica<\/h2>\n<p>O recadastramento foi uma determina\u00e7\u00e3o do presidente Luiz In\u00e1cio Lula da Silva, que suspendeu, <a href=\"http:\/\/www.planalto.gov.br\/ccivil_03\/_ato2023-2026\/2023\/decreto\/D11366.htm\" target=\"_blank\" rel=\"noopener\">por meio de decreto<\/a>, os registros para aquisi\u00e7\u00e3o e transfer\u00eancia de armas e de muni\u00e7\u00f5es de uso restrito por CACs. Ap\u00f3s o fim dessa etapa, uma proposta de novo decreto com regras sobre aquisi\u00e7\u00e3o de armas, obten\u00e7\u00e3o de posse ou porte e funcionamento de clubes de tiro ser\u00e1 apresentado pelo governo.<\/p>\n<p>Ao determinar a suspens\u00e3o, Lula criou grupo de trabalho para tratar dessa nova regulamenta\u00e7\u00e3o ao Estatuto do Desarmamento.<\/p>\n<p>O decreto desta quarta-feira tamb\u00e9m muda a composi\u00e7\u00e3o do grupo de trabalho, que passar\u00e1 a contar com dois novos integrantes: uma representa\u00e7\u00e3o da Comiss\u00e3o de Seguran\u00e7a P\u00fablica e Combate ao Crime Organizado da C\u00e2mara dos Deputados e uma representa\u00e7\u00e3o da Comiss\u00e3o de Seguran\u00e7a P\u00fablica do Senado Federal. A participa\u00e7\u00e3o no grupo foi solicitada pelos interessados ao ministro Fl\u00e1vio Dino.<\/p>\n<p id=\"infocoweb_fonte\" class=\"infocoweb_fonte\">Fonte: <a target=\"_blank\" href=\"https:\/\/agenciabrasil.ebc.com.br\/geral\/noticia\/2023-03\/governo-estende-recadastramento-de-armas-ate-3-de-maio#d4f397ca-c4a7-4a81-bde1-a48a7f070a44\" rel=\"noopener\">EBC GERAL<\/a><\/p>\n","protected":false},"excerpt":{"rendered":"<p>O governo federal prorrogou at\u00e9 3 de maio o prazo de recadastramento de armas no Sistema Nacional de Armas (Sinarm). O decreto foi publicado nesta quarta-feira (29) no Di\u00e1rio Oficial da Uni\u00e3o. O prazo come\u00e7ou em 1\u00ba de fevereiro e iria at\u00e9 30 de mar\u00e7o. Em nota t\u00e9cnica, a Secretaria Nacional de Seguran\u00e7a P\u00fablica (Senasp), [&hellip;]<\/p>\n","protected":false},"author":5,"featured_media":25114,"comment_status":"open","ping_status":"open","sticky":false,"template":"","format":"standard","meta":{"_acf_changed":false,"_angie_page":false,"_monsterinsights_skip_tracking":false,"_themeisle_gutenberg_block_has_review":false,"page_builder":"","footnotes":"","jetpack_publicize_message":"","jetpack_publicize_feature_enabled":true,"jetpack_social_post_already_shared":false,"jetpack_social_options":{"image_generator_settings":{"template":"highway","default_image_id":0,"font":"","enabled":false},"version":2}},"categories":[167],"tags":[223,3765,663,5826],"class_list":["post-25113","post","type-post","status-publish","format-standard","has-post-thumbnail","hentry","category-geral","tag-armas","tag-estende","tag-governo","tag-recadastramento"],"acf":[],"nelio_content":{"autoShareEndMode":"never","automationSources":{"useCustomSentences":false,"customSentences":[]},"efiAlt":"","efiUrl":"","followers":[],"highlights":[],"isAutoShareEnabled":true,"networkImageIds":[],"permalinkQueryArgs":[],"series":[],"suggestedReferences":[]},"yoast_head":"<!-- This site is optimized with the Yoast SEO plugin v28.3 - https:\/\/yoast.com\/product\/yoast-seo-wordpress\/ -->\n<title>Governo estende recadastramento de armas at\u00e9 3 de maio<\/title>\n<meta name=\"description\" content=\"Governo estende recadastramento de armas at\u00e9 3 de maio\" \/>\n<meta name=\"robots\" content=\"index, follow, max-snippet:-1, max-image-preview:large, max-video-preview:-1\" \/>\n<link rel=\"canonical\" href=\"https:\/\/www.fatosefotosnews.com.br\/?p=25113\" \/>\n<meta property=\"og:locale\" content=\"pt_BR\" \/>\n<meta property=\"og:type\" content=\"article\" \/>\n<meta property=\"og:title\" content=\"Governo estende recadastramento de armas at\u00e9 3 de maio\" \/>\n<meta property=\"og:description\" content=\"Governo estende recadastramento de armas at\u00e9 3 de maio\" \/>\n<meta property=\"og:url\" content=\"https:\/\/www.fatosefotosnews.com.br\/?p=25113\" \/>\n<meta property=\"og:site_name\" content=\"Fatos e Fotos News\" \/>\n<meta property=\"article:published_time\" content=\"2023-03-29T14:46:14+00:00\" \/>\n<meta property=\"og:image\" content=\"https:\/\/www.fatosefotosnews.com.br\/wp-content\/uploads\/2023\/03\/e1e214a8a6572d435a30f6f3fff5446e.jpeg\" \/>\n\t<meta property=\"og:image:width\" content=\"1024\" \/>\n\t<meta property=\"og:image:height\" content=\"768\" \/>\n\t<meta property=\"og:image:type\" content=\"image\/jpeg\" \/>\n<meta name=\"author\" content=\"Da Reda\u00e7\u00e3o\" \/>\n<meta name=\"twitter:card\" content=\"summary_large_image\" \/>\n<meta name=\"twitter:label1\" content=\"Escrito por\" \/>\n\t<meta name=\"twitter:data1\" content=\"Da Reda\u00e7\u00e3o\" \/>\n\t<meta name=\"twitter:label2\" content=\"Est. tempo de leitura\" \/>\n\t<meta name=\"twitter:data2\" content=\"99 minutos\" \/>\n<script type=\"application\/ld+json\" class=\"yoast-schema-graph\">{\"@context\":\"https:\\\/\\\/schema.org\",\"@graph\":[{\"@type\":\"Article\",\"@id\":\"https:\\\/\\\/www.fatosefotosnews.com.br\\\/?p=25113#article\",\"isPartOf\":{\"@id\":\"https:\\\/\\\/www.fatosefotosnews.com.br\\\/?p=25113\"},\"author\":{\"name\":\"Da Reda\u00e7\u00e3o\",\"@id\":\"https:\\\/\\\/www.fatosefotosnews.com.br\\\/#\\\/schema\\\/person\\\/3b80f81d08670fb1f6690e07eb8b5dc6\"},\"headline\":\"Governo estende recadastramento de armas at\u00e9 3 de maio\",\"datePublished\":\"2023-03-29T14:46:14+00:00\",\"mainEntityOfPage\":{\"@id\":\"https:\\\/\\\/www.fatosefotosnews.com.br\\\/?p=25113\"},\"wordCount\":578,\"commentCount\":0,\"publisher\":{\"@id\":\"https:\\\/\\\/www.fatosefotosnews.com.br\\\/#organization\"},\"image\":{\"@id\":\"https:\\\/\\\/www.fatosefotosnews.com.br\\\/?p=25113#primaryimage\"},\"thumbnailUrl\":\"https:\\\/\\\/www.fatosefotosnews.com.br\\\/wp-content\\\/uploads\\\/2023\\\/03\\\/e1e214a8a6572d435a30f6f3fff5446e.jpeg\",\"keywords\":[\"Armas\",\"estende\",\"governo\",\"recadastramento\"],\"articleSection\":[\"Geral\"],\"inLanguage\":\"pt-BR\",\"potentialAction\":[{\"@type\":\"CommentAction\",\"name\":\"Comment\",\"target\":[\"https:\\\/\\\/www.fatosefotosnews.com.br\\\/?p=25113#respond\"]}]},{\"@type\":\"WebPage\",\"@id\":\"https:\\\/\\\/www.fatosefotosnews.com.br\\\/?p=25113\",\"url\":\"https:\\\/\\\/www.fatosefotosnews.com.br\\\/?p=25113\",\"name\":\"Governo estende recadastramento de armas at\u00e9 3 de maio\",\"isPartOf\":{\"@id\":\"https:\\\/\\\/www.fatosefotosnews.com.br\\\/#website\"},\"primaryImageOfPage\":{\"@id\":\"https:\\\/\\\/www.fatosefotosnews.com.br\\\/?p=25113#primaryimage\"},\"image\":{\"@id\":\"https:\\\/\\\/www.fatosefotosnews.com.br\\\/?p=25113#primaryimage\"},\"thumbnailUrl\":\"https:\\\/\\\/www.fatosefotosnews.com.br\\\/wp-content\\\/uploads\\\/2023\\\/03\\\/e1e214a8a6572d435a30f6f3fff5446e.jpeg\",\"datePublished\":\"2023-03-29T14:46:14+00:00\",\"description\":\"Governo estende recadastramento de armas at\u00e9 3 de maio\",\"breadcrumb\":{\"@id\":\"https:\\\/\\\/www.fatosefotosnews.com.br\\\/?p=25113#breadcrumb\"},\"inLanguage\":\"pt-BR\",\"potentialAction\":[{\"@type\":\"ReadAction\",\"target\":[\"https:\\\/\\\/www.fatosefotosnews.com.br\\\/?p=25113\"]}]},{\"@type\":\"ImageObject\",\"inLanguage\":\"pt-BR\",\"@id\":\"https:\\\/\\\/www.fatosefotosnews.com.br\\\/?p=25113#primaryimage\",\"url\":\"https:\\\/\\\/www.fatosefotosnews.com.br\\\/wp-content\\\/uploads\\\/2023\\\/03\\\/e1e214a8a6572d435a30f6f3fff5446e.jpeg\",\"contentUrl\":\"https:\\\/\\\/www.fatosefotosnews.com.br\\\/wp-content\\\/uploads\\\/2023\\\/03\\\/e1e214a8a6572d435a30f6f3fff5446e.jpeg\",\"width\":1024,\"height\":768},{\"@type\":\"BreadcrumbList\",\"@id\":\"https:\\\/\\\/www.fatosefotosnews.com.br\\\/?p=25113#breadcrumb\",\"itemListElement\":[{\"@type\":\"ListItem\",\"position\":1,\"name\":\"In\u00edcio\",\"item\":\"https:\\\/\\\/www.fatosefotosnews.com.br\\\/\"},{\"@type\":\"ListItem\",\"position\":2,\"name\":\"Governo estende recadastramento de armas at\u00e9 3 de maio\"}]},{\"@type\":\"WebSite\",\"@id\":\"https:\\\/\\\/www.fatosefotosnews.com.br\\\/#website\",\"url\":\"https:\\\/\\\/www.fatosefotosnews.com.br\\\/\",\"name\":\"Fatos e Fotos News\",\"description\":\"Um site de noticial verdadeira e confi\u00e1veis.\",\"publisher\":{\"@id\":\"https:\\\/\\\/www.fatosefotosnews.com.br\\\/#organization\"},\"potentialAction\":[{\"@type\":\"SearchAction\",\"target\":{\"@type\":\"EntryPoint\",\"urlTemplate\":\"https:\\\/\\\/www.fatosefotosnews.com.br\\\/?s={search_term_string}\"},\"query-input\":{\"@type\":\"PropertyValueSpecification\",\"valueRequired\":true,\"valueName\":\"search_term_string\"}}],\"inLanguage\":\"pt-BR\"},{\"@type\":\"Organization\",\"@id\":\"https:\\\/\\\/www.fatosefotosnews.com.br\\\/#organization\",\"name\":\"Fatos e Fotos News\",\"url\":\"https:\\\/\\\/www.fatosefotosnews.com.br\\\/\",\"logo\":{\"@type\":\"ImageObject\",\"inLanguage\":\"pt-BR\",\"@id\":\"https:\\\/\\\/www.fatosefotosnews.com.br\\\/#\\\/schema\\\/logo\\\/image\\\/\",\"url\":\"https:\\\/\\\/www.fatosefotosnews.com.br\\\/wp-content\\\/uploads\\\/2023\\\/02\\\/Fatos-e-Fotos-news-logo.png\",\"contentUrl\":\"https:\\\/\\\/www.fatosefotosnews.com.br\\\/wp-content\\\/uploads\\\/2023\\\/02\\\/Fatos-e-Fotos-news-logo.png\",\"width\":300,\"height\":58,\"caption\":\"Fatos e Fotos News\"},\"image\":{\"@id\":\"https:\\\/\\\/www.fatosefotosnews.com.br\\\/#\\\/schema\\\/logo\\\/image\\\/\"}},{\"@type\":\"Person\",\"@id\":\"https:\\\/\\\/www.fatosefotosnews.com.br\\\/#\\\/schema\\\/person\\\/3b80f81d08670fb1f6690e07eb8b5dc6\",\"name\":\"Da Reda\u00e7\u00e3o\",\"image\":{\"@type\":\"ImageObject\",\"inLanguage\":\"pt-BR\",\"@id\":\"https:\\\/\\\/secure.gravatar.com\\\/avatar\\\/696d39935a657bf0fc95044dbc9f912520430a0eb6dd46c85dd97eb6483b249b?s=96&d=mm&r=g\",\"url\":\"https:\\\/\\\/secure.gravatar.com\\\/avatar\\\/696d39935a657bf0fc95044dbc9f912520430a0eb6dd46c85dd97eb6483b249b?s=96&d=mm&r=g\",\"contentUrl\":\"https:\\\/\\\/secure.gravatar.com\\\/avatar\\\/696d39935a657bf0fc95044dbc9f912520430a0eb6dd46c85dd97eb6483b249b?s=96&d=mm&r=g\",\"caption\":\"Da Reda\u00e7\u00e3o\"},\"url\":\"https:\\\/\\\/www.fatosefotosnews.com.br\\\/?author=5\"}]}<\/script>\n<!-- \/ Yoast SEO plugin. -->","yoast_head_json":{"title":"Governo estende recadastramento de armas at\u00e9 3 de maio","description":"Governo estende recadastramento de armas at\u00e9 3 de maio","robots":{"index":"index","follow":"follow","max-snippet":"max-snippet:-1","max-image-preview":"max-image-preview:large","max-video-preview":"max-video-preview:-1"},"canonical":"https:\/\/www.fatosefotosnews.com.br\/?p=25113","og_locale":"pt_BR","og_type":"article","og_title":"Governo estende recadastramento de armas at\u00e9 3 de maio","og_description":"Governo estende recadastramento de armas at\u00e9 3 de maio","og_url":"https:\/\/www.fatosefotosnews.com.br\/?p=25113","og_site_name":"Fatos e Fotos News","article_published_time":"2023-03-29T14:46:14+00:00","og_image":[{"width":1024,"height":768,"url":"https:\/\/www.fatosefotosnews.com.br\/wp-content\/uploads\/2023\/03\/e1e214a8a6572d435a30f6f3fff5446e.jpeg","type":"image\/jpeg"}],"author":"Da Reda\u00e7\u00e3o","twitter_card":"summary_large_image","twitter_misc":{"Escrito por":"Da Reda\u00e7\u00e3o","Est. tempo de leitura":"99 minutos"},"schema":{"@context":"https:\/\/schema.org","@graph":[{"@type":"Article","@id":"https:\/\/www.fatosefotosnews.com.br\/?p=25113#article","isPartOf":{"@id":"https:\/\/www.fatosefotosnews.com.br\/?p=25113"},"author":{"name":"Da Reda\u00e7\u00e3o","@id":"https:\/\/www.fatosefotosnews.com.br\/#\/schema\/person\/3b80f81d08670fb1f6690e07eb8b5dc6"},"headline":"Governo estende recadastramento de armas at\u00e9 3 de maio","datePublished":"2023-03-29T14:46:14+00:00","mainEntityOfPage":{"@id":"https:\/\/www.fatosefotosnews.com.br\/?p=25113"},"wordCount":578,"commentCount":0,"publisher":{"@id":"https:\/\/www.fatosefotosnews.com.br\/#organization"},"image":{"@id":"https:\/\/www.fatosefotosnews.com.br\/?p=25113#primaryimage"},"thumbnailUrl":"https:\/\/www.fatosefotosnews.com.br\/wp-content\/uploads\/2023\/03\/e1e214a8a6572d435a30f6f3fff5446e.jpeg","keywords":["Armas","estende","governo","recadastramento"],"articleSection":["Geral"],"inLanguage":"pt-BR","potentialAction":[{"@type":"CommentAction","name":"Comment","target":["https:\/\/www.fatosefotosnews.com.br\/?p=25113#respond"]}]},{"@type":"WebPage","@id":"https:\/\/www.fatosefotosnews.com.br\/?p=25113","url":"https:\/\/www.fatosefotosnews.com.br\/?p=25113","name":"Governo estende recadastramento de armas at\u00e9 3 de maio","isPartOf":{"@id":"https:\/\/www.fatosefotosnews.com.br\/#website"},"primaryImageOfPage":{"@id":"https:\/\/www.fatosefotosnews.com.br\/?p=25113#primaryimage"},"image":{"@id":"https:\/\/www.fatosefotosnews.com.br\/?p=25113#primaryimage"},"thumbnailUrl":"https:\/\/www.fatosefotosnews.com.br\/wp-content\/uploads\/2023\/03\/e1e214a8a6572d435a30f6f3fff5446e.jpeg","datePublished":"2023-03-29T14:46:14+00:00","description":"Governo estende recadastramento de armas at\u00e9 3 de maio","breadcrumb":{"@id":"https:\/\/www.fatosefotosnews.com.br\/?p=25113#breadcrumb"},"inLanguage":"pt-BR","potentialAction":[{"@type":"ReadAction","target":["https:\/\/www.fatosefotosnews.com.br\/?p=25113"]}]},{"@type":"ImageObject","inLanguage":"pt-BR","@id":"https:\/\/www.fatosefotosnews.com.br\/?p=25113#primaryimage","url":"https:\/\/www.fatosefotosnews.com.br\/wp-content\/uploads\/2023\/03\/e1e214a8a6572d435a30f6f3fff5446e.jpeg","contentUrl":"https:\/\/www.fatosefotosnews.com.br\/wp-content\/uploads\/2023\/03\/e1e214a8a6572d435a30f6f3fff5446e.jpeg","width":1024,"height":768},{"@type":"BreadcrumbList","@id":"https:\/\/www.fatosefotosnews.com.br\/?p=25113#breadcrumb","itemListElement":[{"@type":"ListItem","position":1,"name":"In\u00edcio","item":"https:\/\/www.fatosefotosnews.com.br\/"},{"@type":"ListItem","position":2,"name":"Governo estende recadastramento de armas at\u00e9 3 de maio"}]},{"@type":"WebSite","@id":"https:\/\/www.fatosefotosnews.com.br\/#website","url":"https:\/\/www.fatosefotosnews.com.br\/","name":"Fatos e Fotos News","description":"Um site de noticial verdadeira e confi\u00e1veis.","publisher":{"@id":"https:\/\/www.fatosefotosnews.com.br\/#organization"},"potentialAction":[{"@type":"SearchAction","target":{"@type":"EntryPoint","urlTemplate":"https:\/\/www.fatosefotosnews.com.br\/?s={search_term_string}"},"query-input":{"@type":"PropertyValueSpecification","valueRequired":true,"valueName":"search_term_string"}}],"inLanguage":"pt-BR"},{"@type":"Organization","@id":"https:\/\/www.fatosefotosnews.com.br\/#organization","name":"Fatos e Fotos News","url":"https:\/\/www.fatosefotosnews.com.br\/","logo":{"@type":"ImageObject","inLanguage":"pt-BR","@id":"https:\/\/www.fatosefotosnews.com.br\/#\/schema\/logo\/image\/","url":"https:\/\/www.fatosefotosnews.com.br\/wp-content\/uploads\/2023\/02\/Fatos-e-Fotos-news-logo.png","contentUrl":"https:\/\/www.fatosefotosnews.com.br\/wp-content\/uploads\/2023\/02\/Fatos-e-Fotos-news-logo.png","width":300,"height":58,"caption":"Fatos e Fotos News"},"image":{"@id":"https:\/\/www.fatosefotosnews.com.br\/#\/schema\/logo\/image\/"}},{"@type":"Person","@id":"https:\/\/www.fatosefotosnews.com.br\/#\/schema\/person\/3b80f81d08670fb1f6690e07eb8b5dc6","name":"Da Reda\u00e7\u00e3o","image":{"@type":"ImageObject","inLanguage":"pt-BR","@id":"https:\/\/secure.gravatar.com\/avatar\/696d39935a657bf0fc95044dbc9f912520430a0eb6dd46c85dd97eb6483b249b?s=96&d=mm&r=g","url":"https:\/\/secure.gravatar.com\/avatar\/696d39935a657bf0fc95044dbc9f912520430a0eb6dd46c85dd97eb6483b249b?s=96&d=mm&r=g","contentUrl":"https:\/\/secure.gravatar.com\/avatar\/696d39935a657bf0fc95044dbc9f912520430a0eb6dd46c85dd97eb6483b249b?s=96&d=mm&r=g","caption":"Da Reda\u00e7\u00e3o"},"url":"https:\/\/www.fatosefotosnews.com.br\/?author=5"}]}},"jetpack_publicize_connections":[],"blog_post_layout_featured_media_urls":{"thumbnail":["https:\/\/www.fatosefotosnews.com.br\/wp-content\/uploads\/2023\/03\/e1e214a8a6572d435a30f6f3fff5446e-150x150.jpeg",150,150,true],"full":["https:\/\/www.fatosefotosnews.com.br\/wp-content\/uploads\/2023\/03\/e1e214a8a6572d435a30f6f3fff5446e.jpeg",1024,768,false]},"categories_names":{"167":{"name":"Geral","link":"https:\/\/www.fatosefotosnews.com.br\/?cat=167"}},"tags_names":{"223":{"name":"Armas","link":"https:\/\/www.fatosefotosnews.com.br\/?tag=armas"},"3765":{"name":"estende","link":"https:\/\/www.fatosefotosnews.com.br\/?tag=estende"},"663":{"name":"governo","link":"https:\/\/www.fatosefotosnews.com.br\/?tag=governo"},"5826":{"name":"recadastramento","link":"https:\/\/www.fatosefotosnews.com.br\/?tag=recadastramento"}},"comments_number":"0","wpmagazine_modules_lite_featured_media_urls":{"thumbnail":["https:\/\/www.fatosefotosnews.com.br\/wp-content\/uploads\/2023\/03\/e1e214a8a6572d435a30f6f3fff5446e-150x150.jpeg",150,150,true],"cvmm-medium":["https:\/\/www.fatosefotosnews.com.br\/wp-content\/uploads\/2023\/03\/e1e214a8a6572d435a30f6f3fff5446e-300x300.jpeg",300,300,true],"cvmm-medium-plus":["https:\/\/www.fatosefotosnews.com.br\/wp-content\/uploads\/2023\/03\/e1e214a8a6572d435a30f6f3fff5446e-305x207.jpeg",305,207,true],"cvmm-portrait":["https:\/\/www.fatosefotosnews.com.br\/wp-content\/uploads\/2023\/03\/e1e214a8a6572d435a30f6f3fff5446e-400x600.jpeg",400,600,true],"cvmm-medium-square":["https:\/\/www.fatosefotosnews.com.br\/wp-content\/uploads\/2023\/03\/e1e214a8a6572d435a30f6f3fff5446e-600x600.jpeg",600,600,true],"cvmm-large":["https:\/\/www.fatosefotosnews.com.br\/wp-content\/uploads\/2023\/03\/e1e214a8a6572d435a30f6f3fff5446e.jpeg",1024,768,false],"cvmm-small":["https:\/\/www.fatosefotosnews.com.br\/wp-content\/uploads\/2023\/03\/e1e214a8a6572d435a30f6f3fff5446e-130x95.jpeg",130,95,true],"full":["https:\/\/www.fatosefotosnews.com.br\/wp-content\/uploads\/2023\/03\/e1e214a8a6572d435a30f6f3fff5446e.jpeg",1024,768,false]},"_links":{"self":[{"href":"https:\/\/www.fatosefotosnews.com.br\/index.php?rest_route=\/wp\/v2\/posts\/25113","targetHints":{"allow":["GET"]}}],"collection":[{"href":"https:\/\/www.fatosefotosnews.com.br\/index.php?rest_route=\/wp\/v2\/posts"}],"about":[{"href":"https:\/\/www.fatosefotosnews.com.br\/index.php?rest_route=\/wp\/v2\/types\/post"}],"author":[{"embeddable":true,"href":"https:\/\/www.fatosefotosnews.com.br\/index.php?rest_route=\/wp\/v2\/users\/5"}],"replies":[{"embeddable":true,"href":"https:\/\/www.fatosefotosnews.com.br\/index.php?rest_route=%2Fwp%2Fv2%2Fcomments&post=25113"}],"version-history":[{"count":0,"href":"https:\/\/www.fatosefotosnews.com.br\/index.php?rest_route=\/wp\/v2\/posts\/25113\/revisions"}],"wp:featuredmedia":[{"embeddable":true,"href":"https:\/\/www.fatosefotosnews.com.br\/index.php?rest_route=\/wp\/v2\/media\/25114"}],"wp:attachment":[{"href":"https:\/\/www.fatosefotosnews.com.br\/index.php?rest_route=%2Fwp%2Fv2%2Fmedia&parent=25113"}],"wp:term":[{"taxonomy":"category","embeddable":true,"href":"https:\/\/www.fatosefotosnews.com.br\/index.php?rest_route=%2Fwp%2Fv2%2Fcategories&post=25113"},{"taxonomy":"post_tag","embeddable":true,"href":"https:\/\/www.fatosefotosnews.com.br\/index.php?rest_route=%2Fwp%2Fv2%2Ftags&post=25113"}],"curies":[{"name":"wp","href":"https:\/\/api.w.org\/{rel}","templated":true}]}}