{"id":27502,"date":"2023-04-11T12:16:53","date_gmt":"2023-04-11T15:16:53","guid":{"rendered":"https:\/\/www.fatosefotosnews.com.br\/federacao-paulista-elege-os-melhores-do-paulistao-abel-ferreira-nao-leva-premio-de-novo\/"},"modified":"2023-04-11T12:16:53","modified_gmt":"2023-04-11T15:16:53","slug":"federacao-paulista-elege-os-melhores-do-paulistao-abel-ferreira-nao-leva-premio-de-novo","status":"publish","type":"post","link":"https:\/\/www.fatosefotosnews.com.br\/?p=27502","title":{"rendered":"Federa\u00e7\u00e3o Paulista elege os melhores do Paulist\u00e3o; Abel Ferreira n\u00e3o leva pr\u00eamio de novo"},"content":{"rendered":"<p style=\"font-weight: 400\"><span style=\"font-weight: 400\">O Palmeiras, assim como em 2022, demonstrou seu dom\u00ednio na sele\u00e7\u00e3o do Campeonato Paulista ao conquistar o t\u00edtulo pela 25\u00aa vez, com duas vit\u00f3rias consecutivas, ao derrotar o \u00c1gua Santa na final.<br \/> <\/span><\/p>\n<p style=\"font-weight: 400\"><span style=\"font-weight: 400\">O time alviverde se destacou com cinco jogadores eleitos para o time ideal, escolhido por t\u00e9cnicos e capit\u00e3es dos 16 times que disputaram o Estadual. <\/span><\/p>\n<p style=\"font-weight: 400\"><span style=\"font-weight: 400\">Al\u00e9m disso, o meio-campista Raphael Veiga foi premiado como o craque do torneio. Mas o Palmeiras n\u00e3o foi o \u00fanico a se destacar, j\u00e1 que o time vice-campe\u00e3o de Diadema teve quatro representantes na equipe ideal.<\/span><\/p>\n<p style=\"font-weight: 400\"><span style=\"font-weight: 400\">A Federa\u00e7\u00e3o Paulista de Futebol (FPF) divulgou os integrantes da equipe ideal da competi\u00e7\u00e3o em um evento realizado na noite desta segunda-feira, 10, no Pavilh\u00e3o Pacaembu, na zona oeste da capital. O time comandado por Abel Ferreira teve Weverton, Gustavo G\u00f3mez, Z\u00e9 Rafael, Raphael Veiga e Rony na sele\u00e7\u00e3o do Paulist\u00e3o. Raphael Veiga foi o jogador mais premiado da noite, levando para casa tr\u00eas trof\u00e9us, sendo eleito o craque da galera por vota\u00e7\u00e3o popular, assim como o craque do campeonato.<\/span><\/p>\n<div style=\"clear:both;margin-top:0em;margin-bottom:1em\"><a href=\"https:\/\/agenciaesporte.com.br\/palmeiras\/palmeiras-disputa-a-final-do-campeonato-paulista-neste-domingo-contra-o-agua-santa\/\" target=\"_blank\" rel=\"dofollow noopener\" class=\"u971c9c5b5a22380e649445fedb950d59\"><!-- INLINE RELATED POSTS 1\/2 \/\/--><\/p>\n<div style=\"padding-left:1em;padding-right:1em\"><span class=\"ctaText\"><\/span>  <span class=\"postTitle\">Palmeiras disputa a final do campeonato Paulista neste domingo contra o \u00c1gua Santa<\/span><\/div>\n<p><\/a><\/div>\n<p style=\"font-weight: 400\"><span style=\"font-weight: 400\">O \u00c1gua Santa, vice-campe\u00e3o com uma campanha hist\u00f3rica, se destacou com quatro jogadores: o zagueiro Didi, o lateral-direito Reginaldo, o meio-campista Luan Dias e o centroavante Bruno Mezenga. Al\u00e9m disso, Thiago Carpini desbancou Abel Ferreira e foi eleito o melhor t\u00e9cnico. Mesmo campe\u00e3o, o portugu\u00eas n\u00e3o foi eleito pelo segundo ano seguido. Em 2022, perdeu para Rog\u00e9rio Ceni.<\/span><\/p>\n<p style=\"font-weight: 400\"><span style=\"font-weight: 400\">\u201cEu falei no nosso dia a dia que o que temos de melhor no \u00c1gua Santa s\u00e3o as pessoas. Fico lisonjeado de ser escolhido o melhor t\u00e9cnico\u201d, afirmou Carpini, no palco. O jovem treinador estendeu seu contrato com o time de Diadema e far\u00e1 interc\u00e2mbio na Europa neste ano, j\u00e1 que a equipe n\u00e3o disputa mais nada em 2023.<\/span><\/p>\n<p style=\"font-weight: 400\"><span style=\"font-weight: 400\">O meio-campista Renato Augusto foi o \u00fanico representante do Corinthians, que ganhou o trof\u00e9u Djalma Santos, dado ao time que n\u00e3o teve ningu\u00e9m expulso. O gol de R\u00f3ger Guedes contra o Botafogo foi eleito o mais bonito do torneio. O Red Bull Bragantino tamb\u00e9m teve apenas um atleta entre os melhores, o lateral-esquerdo Juninho Capixaba.<\/span><\/p>\n<p style=\"font-weight: 400\"><span style=\"font-weight: 400\">O meia-atacante Chrystian Barletta, hoje no time alvinegro, foi eleito a revela\u00e7\u00e3o do campeonato pelo que jogou no S\u00e3o Bernardo. Bruno Mezenga foi escolhido o craque do interior.<\/span><\/p>\n<div style=\"clear:both;margin-top:0em;margin-bottom:1em\"><a href=\"https:\/\/agenciaesporte.com.br\/palmeiras\/palmeiras-tem-treino-tatico-veiga-comenta-confianca-e-motivacao-da-equipe\/\" target=\"_blank\" rel=\"dofollow noopener\" class=\"u245c31fc9724be2d7954d3719670e2c7\"><!-- INLINE RELATED POSTS 2\/2 \/\/--><\/p>\n<div style=\"padding-left:1em;padding-right:1em\"><span class=\"ctaText\"><\/span>  <span class=\"postTitle\">Palmeiras tem treino t\u00e1tico; Veiga comenta confian\u00e7a e motiva\u00e7\u00e3o da equipe<\/span><\/div>\n<p><\/a><\/div>\n<p style=\"font-weight: 400\"><span style=\"font-weight: 400\">Os votantes n\u00e3o puderam escolher atletas de seus pr\u00f3prios clubes. Montada no 4-4-2, a sele\u00e7\u00e3o foi fechada apenas depois da decis\u00e3o do Paulist\u00e3o, diferentemente do que ocorreu em anos anteriores.<\/span><\/p>\n<p style=\"font-weight: 400\"><span style=\"font-weight: 400\">Apresentada por Taynah Spinoza e pelo ex-jogador Den\u00edlson, a cerim\u00f4nia n\u00e3o contou com discursos de cada um dos atletas que subiram no palco para receber seus pr\u00eamios. O Rei Pel\u00e9, morto em dezembro do ano passado, foi lembrado com uma r\u00e1pida homenagem. O cantor Diogo Nogueira animou a festa no Pacaembu.<\/span><\/p>\n<p style=\"font-weight: 400\"><strong>Veja a sele\u00e7\u00e3o do Campeonato Paulista 2023:<\/strong><\/p>\n<p style=\"font-weight: 400\"><span style=\"font-weight: 400\">Weverton; Reginaldo, G\u00f3mez, Didi e Juninho Capixaba; Z\u00e9 Rafael, Luan Dias, Renato Augusto e Raphael Veiga; Rony e Bruno Mezenga. T\u00e9cnico: Thiago Carpini.<\/span><\/p>\n<div class=\"addtoany_share_save_container addtoany_content addtoany_content_bottom\">\n<div class=\"a2a_kit a2a_kit_size_32 addtoany_list\" data-a2a-url=\"https:\/\/agenciaesporte.com.br\/campeonato-paulista\/federacao-paulista-elege-os-melhores-do-paulistao-abel-ferreira-nao-leva-premio-de-novo\/\" data-a2a-title=\"Federa\u00e7\u00e3o Paulista elege os melhores do Paulist\u00e3o; Abel Ferreira n\u00e3o leva pr\u00eamio de novo\"><a class=\"a2a_button_whatsapp\" href=\"https:\/\/www.addtoany.com\/add_to\/whatsapp?linkurl=https%3A%2F%2Fagenciaesporte.com.br%2Fcampeonato-paulista%2Ffederacao-paulista-elege-os-melhores-do-paulistao-abel-ferreira-nao-leva-premio-de-novo%2F&#038;linkname=Federa%C3%A7%C3%A3o%20Paulista%20elege%20os%20melhores%20do%20Paulist%C3%A3o%3B%20Abel%20Ferreira%20n%C3%A3o%20leva%20pr%C3%AAmio%20de%20novo\" title=\"WhatsApp\" rel=\"nofollow noopener\" target=\"_blank\"><\/a><a class=\"a2a_button_facebook\" href=\"https:\/\/www.addtoany.com\/add_to\/facebook?linkurl=https%3A%2F%2Fagenciaesporte.com.br%2Fcampeonato-paulista%2Ffederacao-paulista-elege-os-melhores-do-paulistao-abel-ferreira-nao-leva-premio-de-novo%2F&#038;linkname=Federa%C3%A7%C3%A3o%20Paulista%20elege%20os%20melhores%20do%20Paulist%C3%A3o%3B%20Abel%20Ferreira%20n%C3%A3o%20leva%20pr%C3%AAmio%20de%20novo\" title=\"Facebook\" rel=\"nofollow noopener\" target=\"_blank\"><\/a><a class=\"a2a_button_twitter\" href=\"https:\/\/www.addtoany.com\/add_to\/twitter?linkurl=https%3A%2F%2Fagenciaesporte.com.br%2Fcampeonato-paulista%2Ffederacao-paulista-elege-os-melhores-do-paulistao-abel-ferreira-nao-leva-premio-de-novo%2F&#038;linkname=Federa%C3%A7%C3%A3o%20Paulista%20elege%20os%20melhores%20do%20Paulist%C3%A3o%3B%20Abel%20Ferreira%20n%C3%A3o%20leva%20pr%C3%AAmio%20de%20novo\" title=\"Twitter\" rel=\"nofollow noopener\" target=\"_blank\"><\/a><a class=\"a2a_button_facebook_messenger\" href=\"https:\/\/www.addtoany.com\/add_to\/facebook_messenger?linkurl=https%3A%2F%2Fagenciaesporte.com.br%2Fcampeonato-paulista%2Ffederacao-paulista-elege-os-melhores-do-paulistao-abel-ferreira-nao-leva-premio-de-novo%2F&#038;linkname=Federa%C3%A7%C3%A3o%20Paulista%20elege%20os%20melhores%20do%20Paulist%C3%A3o%3B%20Abel%20Ferreira%20n%C3%A3o%20leva%20pr%C3%AAmio%20de%20novo\" title=\"Messenger\" rel=\"nofollow noopener\" target=\"_blank\"><\/a><a class=\"a2a_button_linkedin\" href=\"https:\/\/www.addtoany.com\/add_to\/linkedin?linkurl=https%3A%2F%2Fagenciaesporte.com.br%2Fcampeonato-paulista%2Ffederacao-paulista-elege-os-melhores-do-paulistao-abel-ferreira-nao-leva-premio-de-novo%2F&#038;linkname=Federa%C3%A7%C3%A3o%20Paulista%20elege%20os%20melhores%20do%20Paulist%C3%A3o%3B%20Abel%20Ferreira%20n%C3%A3o%20leva%20pr%C3%AAmio%20de%20novo\" title=\"LinkedIn\" rel=\"nofollow noopener\" target=\"_blank\"><\/a><a class=\"a2a_dd addtoany_share_save addtoany_share\" href=\"https:\/\/www.addtoany.com\/share\"><\/a><\/div>\n<\/div>\n<p id=\"infocoweb_fonte\" class=\"infocoweb_fonte\">Fonte: <a target=\"_blank\" href=\"https:\/\/agenciaesporte.com.br\/campeonato-paulista\/federacao-paulista-elege-os-melhores-do-paulistao-abel-ferreira-nao-leva-premio-de-novo\/#873f8ca1-821f-48c6-8c13-7da40974032d\" rel=\"noopener\">Esportes<\/a><\/p>\n","protected":false},"excerpt":{"rendered":"<p>O Palmeiras, assim como em 2022, demonstrou seu dom\u00ednio na sele\u00e7\u00e3o do Campeonato Paulista ao conquistar o t\u00edtulo pela 25\u00aa vez, com duas vit\u00f3rias consecutivas, ao derrotar o \u00c1gua Santa na final. O time alviverde se destacou com cinco jogadores eleitos para o time ideal, escolhido por t\u00e9cnicos e capit\u00e3es dos 16 times que disputaram [&hellip;]<\/p>\n","protected":false},"author":5,"featured_media":27503,"comment_status":"open","ping_status":"open","sticky":false,"template":"","format":"standard","meta":{"_acf_changed":false,"_angie_page":false,"_monsterinsights_skip_tracking":false,"_themeisle_gutenberg_block_has_review":false,"page_builder":"","footnotes":"","jetpack_publicize_message":"","jetpack_publicize_feature_enabled":true,"jetpack_social_post_already_shared":false,"jetpack_social_options":{"image_generator_settings":{"template":"highway","default_image_id":0,"font":"","enabled":false},"version":2}},"categories":[5],"tags":[5932,3061,1813,2240,1432,1390,552],"class_list":["post-27502","post","type-post","status-publish","format-standard","has-post-thumbnail","hentry","category-esporte","tag-elege","tag-federa","tag-ferreira","tag-melhores","tag-paulist","tag-paulista","tag-premio"],"acf":[],"nelio_content":{"autoShareEndMode":"never","automationSources":{"useCustomSentences":false,"customSentences":[]},"efiAlt":"","efiUrl":"","followers":[5],"highlights":[],"isAutoShareEnabled":true,"networkImageIds":[],"permalinkQueryArgs":[],"series":[],"suggestedReferences":[]},"yoast_head":"<!-- This site is optimized with the Yoast SEO plugin v28.3 - https:\/\/yoast.com\/product\/yoast-seo-wordpress\/ -->\n<title>Federa\u00e7\u00e3o Paulista elege os melhores do Paulist\u00e3o; Abel Ferreira n\u00e3o leva pr\u00eamio de novo<\/title>\n<meta name=\"description\" content=\"Federa\u00e7\u00e3o Paulista elege os melhores do Paulist\u00e3o; Abel Ferreira n\u00e3o leva pr\u00eamio de novo\" \/>\n<meta name=\"robots\" content=\"index, follow, max-snippet:-1, max-image-preview:large, max-video-preview:-1\" \/>\n<link rel=\"canonical\" href=\"https:\/\/www.fatosefotosnews.com.br\/?p=27502\" \/>\n<meta property=\"og:locale\" content=\"pt_BR\" \/>\n<meta property=\"og:type\" content=\"article\" \/>\n<meta property=\"og:title\" content=\"Federa\u00e7\u00e3o Paulista elege os melhores do Paulist\u00e3o; Abel Ferreira n\u00e3o leva pr\u00eamio de novo\" \/>\n<meta property=\"og:description\" content=\"Federa\u00e7\u00e3o Paulista elege os melhores do Paulist\u00e3o; Abel Ferreira n\u00e3o leva pr\u00eamio de novo\" \/>\n<meta property=\"og:url\" content=\"https:\/\/www.fatosefotosnews.com.br\/?p=27502\" \/>\n<meta property=\"og:site_name\" content=\"Fatos e Fotos News\" \/>\n<meta property=\"article:published_time\" content=\"2023-04-11T15:16:53+00:00\" \/>\n<meta property=\"og:image\" content=\"https:\/\/www.fatosefotosnews.com.br\/wp-content\/uploads\/2023\/04\/f63d561345e9d5d498798ec12f13a7f4.jpeg\" \/>\n\t<meta property=\"og:image:width\" content=\"1024\" \/>\n\t<meta property=\"og:image:height\" content=\"640\" \/>\n\t<meta property=\"og:image:type\" content=\"image\/jpeg\" \/>\n<meta name=\"author\" content=\"Da Reda\u00e7\u00e3o\" \/>\n<meta name=\"twitter:card\" content=\"summary_large_image\" \/>\n<meta name=\"twitter:label1\" content=\"Escrito por\" \/>\n\t<meta name=\"twitter:data1\" content=\"Da Reda\u00e7\u00e3o\" \/>\n\t<meta name=\"twitter:label2\" content=\"Est. tempo de leitura\" \/>\n\t<meta name=\"twitter:data2\" content=\"99 minutos\" \/>\n<script type=\"application\/ld+json\" class=\"yoast-schema-graph\">{\"@context\":\"https:\\\/\\\/schema.org\",\"@graph\":[{\"@type\":\"Article\",\"@id\":\"https:\\\/\\\/www.fatosefotosnews.com.br\\\/?p=27502#article\",\"isPartOf\":{\"@id\":\"https:\\\/\\\/www.fatosefotosnews.com.br\\\/?p=27502\"},\"author\":{\"name\":\"Da Reda\u00e7\u00e3o\",\"@id\":\"https:\\\/\\\/www.fatosefotosnews.com.br\\\/#\\\/schema\\\/person\\\/3b80f81d08670fb1f6690e07eb8b5dc6\"},\"headline\":\"Federa\u00e7\u00e3o Paulista elege os melhores do Paulist\u00e3o; Abel Ferreira n\u00e3o leva pr\u00eamio de novo\",\"datePublished\":\"2023-04-11T15:16:53+00:00\",\"mainEntityOfPage\":{\"@id\":\"https:\\\/\\\/www.fatosefotosnews.com.br\\\/?p=27502\"},\"wordCount\":575,\"commentCount\":0,\"publisher\":{\"@id\":\"https:\\\/\\\/www.fatosefotosnews.com.br\\\/#organization\"},\"image\":{\"@id\":\"https:\\\/\\\/www.fatosefotosnews.com.br\\\/?p=27502#primaryimage\"},\"thumbnailUrl\":\"https:\\\/\\\/www.fatosefotosnews.com.br\\\/wp-content\\\/uploads\\\/2023\\\/04\\\/f63d561345e9d5d498798ec12f13a7f4.jpeg\",\"keywords\":[\"elege\",\"federa\",\"ferreira\",\"melhores\",\"paulist\",\"paulista\",\"premio\"],\"articleSection\":[\"Esporte\"],\"inLanguage\":\"pt-BR\",\"potentialAction\":[{\"@type\":\"CommentAction\",\"name\":\"Comment\",\"target\":[\"https:\\\/\\\/www.fatosefotosnews.com.br\\\/?p=27502#respond\"]}]},{\"@type\":\"WebPage\",\"@id\":\"https:\\\/\\\/www.fatosefotosnews.com.br\\\/?p=27502\",\"url\":\"https:\\\/\\\/www.fatosefotosnews.com.br\\\/?p=27502\",\"name\":\"Federa\u00e7\u00e3o Paulista elege os melhores do Paulist\u00e3o; Abel Ferreira n\u00e3o leva pr\u00eamio de novo\",\"isPartOf\":{\"@id\":\"https:\\\/\\\/www.fatosefotosnews.com.br\\\/#website\"},\"primaryImageOfPage\":{\"@id\":\"https:\\\/\\\/www.fatosefotosnews.com.br\\\/?p=27502#primaryimage\"},\"image\":{\"@id\":\"https:\\\/\\\/www.fatosefotosnews.com.br\\\/?p=27502#primaryimage\"},\"thumbnailUrl\":\"https:\\\/\\\/www.fatosefotosnews.com.br\\\/wp-content\\\/uploads\\\/2023\\\/04\\\/f63d561345e9d5d498798ec12f13a7f4.jpeg\",\"datePublished\":\"2023-04-11T15:16:53+00:00\",\"description\":\"Federa\u00e7\u00e3o Paulista elege os melhores do Paulist\u00e3o; Abel Ferreira n\u00e3o leva pr\u00eamio de novo\",\"breadcrumb\":{\"@id\":\"https:\\\/\\\/www.fatosefotosnews.com.br\\\/?p=27502#breadcrumb\"},\"inLanguage\":\"pt-BR\",\"potentialAction\":[{\"@type\":\"ReadAction\",\"target\":[\"https:\\\/\\\/www.fatosefotosnews.com.br\\\/?p=27502\"]}]},{\"@type\":\"ImageObject\",\"inLanguage\":\"pt-BR\",\"@id\":\"https:\\\/\\\/www.fatosefotosnews.com.br\\\/?p=27502#primaryimage\",\"url\":\"https:\\\/\\\/www.fatosefotosnews.com.br\\\/wp-content\\\/uploads\\\/2023\\\/04\\\/f63d561345e9d5d498798ec12f13a7f4.jpeg\",\"contentUrl\":\"https:\\\/\\\/www.fatosefotosnews.com.br\\\/wp-content\\\/uploads\\\/2023\\\/04\\\/f63d561345e9d5d498798ec12f13a7f4.jpeg\",\"width\":1024,\"height\":640,\"caption\":\"Raphael Veiga, do\"},{\"@type\":\"BreadcrumbList\",\"@id\":\"https:\\\/\\\/www.fatosefotosnews.com.br\\\/?p=27502#breadcrumb\",\"itemListElement\":[{\"@type\":\"ListItem\",\"position\":1,\"name\":\"In\u00edcio\",\"item\":\"https:\\\/\\\/www.fatosefotosnews.com.br\\\/\"},{\"@type\":\"ListItem\",\"position\":2,\"name\":\"Federa\u00e7\u00e3o Paulista elege os melhores do Paulist\u00e3o; Abel Ferreira n\u00e3o leva pr\u00eamio de novo\"}]},{\"@type\":\"WebSite\",\"@id\":\"https:\\\/\\\/www.fatosefotosnews.com.br\\\/#website\",\"url\":\"https:\\\/\\\/www.fatosefotosnews.com.br\\\/\",\"name\":\"Fatos e Fotos News\",\"description\":\"Um site de noticial verdadeira e confi\u00e1veis.\",\"publisher\":{\"@id\":\"https:\\\/\\\/www.fatosefotosnews.com.br\\\/#organization\"},\"potentialAction\":[{\"@type\":\"SearchAction\",\"target\":{\"@type\":\"EntryPoint\",\"urlTemplate\":\"https:\\\/\\\/www.fatosefotosnews.com.br\\\/?s={search_term_string}\"},\"query-input\":{\"@type\":\"PropertyValueSpecification\",\"valueRequired\":true,\"valueName\":\"search_term_string\"}}],\"inLanguage\":\"pt-BR\"},{\"@type\":\"Organization\",\"@id\":\"https:\\\/\\\/www.fatosefotosnews.com.br\\\/#organization\",\"name\":\"Fatos e Fotos News\",\"url\":\"https:\\\/\\\/www.fatosefotosnews.com.br\\\/\",\"logo\":{\"@type\":\"ImageObject\",\"inLanguage\":\"pt-BR\",\"@id\":\"https:\\\/\\\/www.fatosefotosnews.com.br\\\/#\\\/schema\\\/logo\\\/image\\\/\",\"url\":\"https:\\\/\\\/www.fatosefotosnews.com.br\\\/wp-content\\\/uploads\\\/2023\\\/02\\\/Fatos-e-Fotos-news-logo.png\",\"contentUrl\":\"https:\\\/\\\/www.fatosefotosnews.com.br\\\/wp-content\\\/uploads\\\/2023\\\/02\\\/Fatos-e-Fotos-news-logo.png\",\"width\":300,\"height\":58,\"caption\":\"Fatos e Fotos News\"},\"image\":{\"@id\":\"https:\\\/\\\/www.fatosefotosnews.com.br\\\/#\\\/schema\\\/logo\\\/image\\\/\"}},{\"@type\":\"Person\",\"@id\":\"https:\\\/\\\/www.fatosefotosnews.com.br\\\/#\\\/schema\\\/person\\\/3b80f81d08670fb1f6690e07eb8b5dc6\",\"name\":\"Da Reda\u00e7\u00e3o\",\"image\":{\"@type\":\"ImageObject\",\"inLanguage\":\"pt-BR\",\"@id\":\"https:\\\/\\\/secure.gravatar.com\\\/avatar\\\/696d39935a657bf0fc95044dbc9f912520430a0eb6dd46c85dd97eb6483b249b?s=96&d=mm&r=g\",\"url\":\"https:\\\/\\\/secure.gravatar.com\\\/avatar\\\/696d39935a657bf0fc95044dbc9f912520430a0eb6dd46c85dd97eb6483b249b?s=96&d=mm&r=g\",\"contentUrl\":\"https:\\\/\\\/secure.gravatar.com\\\/avatar\\\/696d39935a657bf0fc95044dbc9f912520430a0eb6dd46c85dd97eb6483b249b?s=96&d=mm&r=g\",\"caption\":\"Da Reda\u00e7\u00e3o\"},\"url\":\"https:\\\/\\\/www.fatosefotosnews.com.br\\\/?author=5\"}]}<\/script>\n<!-- \/ Yoast SEO plugin. -->","yoast_head_json":{"title":"Federa\u00e7\u00e3o Paulista elege os melhores do Paulist\u00e3o; Abel Ferreira n\u00e3o leva pr\u00eamio de novo","description":"Federa\u00e7\u00e3o Paulista elege os melhores do Paulist\u00e3o; Abel Ferreira n\u00e3o leva pr\u00eamio de novo","robots":{"index":"index","follow":"follow","max-snippet":"max-snippet:-1","max-image-preview":"max-image-preview:large","max-video-preview":"max-video-preview:-1"},"canonical":"https:\/\/www.fatosefotosnews.com.br\/?p=27502","og_locale":"pt_BR","og_type":"article","og_title":"Federa\u00e7\u00e3o Paulista elege os melhores do Paulist\u00e3o; Abel Ferreira n\u00e3o leva pr\u00eamio de novo","og_description":"Federa\u00e7\u00e3o Paulista elege os melhores do Paulist\u00e3o; Abel Ferreira n\u00e3o leva pr\u00eamio de novo","og_url":"https:\/\/www.fatosefotosnews.com.br\/?p=27502","og_site_name":"Fatos e Fotos News","article_published_time":"2023-04-11T15:16:53+00:00","og_image":[{"width":1024,"height":640,"url":"https:\/\/www.fatosefotosnews.com.br\/wp-content\/uploads\/2023\/04\/f63d561345e9d5d498798ec12f13a7f4.jpeg","type":"image\/jpeg"}],"author":"Da Reda\u00e7\u00e3o","twitter_card":"summary_large_image","twitter_misc":{"Escrito por":"Da Reda\u00e7\u00e3o","Est. tempo de leitura":"99 minutos"},"schema":{"@context":"https:\/\/schema.org","@graph":[{"@type":"Article","@id":"https:\/\/www.fatosefotosnews.com.br\/?p=27502#article","isPartOf":{"@id":"https:\/\/www.fatosefotosnews.com.br\/?p=27502"},"author":{"name":"Da Reda\u00e7\u00e3o","@id":"https:\/\/www.fatosefotosnews.com.br\/#\/schema\/person\/3b80f81d08670fb1f6690e07eb8b5dc6"},"headline":"Federa\u00e7\u00e3o Paulista elege os melhores do Paulist\u00e3o; Abel Ferreira n\u00e3o leva pr\u00eamio de novo","datePublished":"2023-04-11T15:16:53+00:00","mainEntityOfPage":{"@id":"https:\/\/www.fatosefotosnews.com.br\/?p=27502"},"wordCount":575,"commentCount":0,"publisher":{"@id":"https:\/\/www.fatosefotosnews.com.br\/#organization"},"image":{"@id":"https:\/\/www.fatosefotosnews.com.br\/?p=27502#primaryimage"},"thumbnailUrl":"https:\/\/www.fatosefotosnews.com.br\/wp-content\/uploads\/2023\/04\/f63d561345e9d5d498798ec12f13a7f4.jpeg","keywords":["elege","federa","ferreira","melhores","paulist","paulista","premio"],"articleSection":["Esporte"],"inLanguage":"pt-BR","potentialAction":[{"@type":"CommentAction","name":"Comment","target":["https:\/\/www.fatosefotosnews.com.br\/?p=27502#respond"]}]},{"@type":"WebPage","@id":"https:\/\/www.fatosefotosnews.com.br\/?p=27502","url":"https:\/\/www.fatosefotosnews.com.br\/?p=27502","name":"Federa\u00e7\u00e3o Paulista elege os melhores do Paulist\u00e3o; Abel Ferreira n\u00e3o leva pr\u00eamio de novo","isPartOf":{"@id":"https:\/\/www.fatosefotosnews.com.br\/#website"},"primaryImageOfPage":{"@id":"https:\/\/www.fatosefotosnews.com.br\/?p=27502#primaryimage"},"image":{"@id":"https:\/\/www.fatosefotosnews.com.br\/?p=27502#primaryimage"},"thumbnailUrl":"https:\/\/www.fatosefotosnews.com.br\/wp-content\/uploads\/2023\/04\/f63d561345e9d5d498798ec12f13a7f4.jpeg","datePublished":"2023-04-11T15:16:53+00:00","description":"Federa\u00e7\u00e3o Paulista elege os melhores do Paulist\u00e3o; Abel Ferreira n\u00e3o leva pr\u00eamio de novo","breadcrumb":{"@id":"https:\/\/www.fatosefotosnews.com.br\/?p=27502#breadcrumb"},"inLanguage":"pt-BR","potentialAction":[{"@type":"ReadAction","target":["https:\/\/www.fatosefotosnews.com.br\/?p=27502"]}]},{"@type":"ImageObject","inLanguage":"pt-BR","@id":"https:\/\/www.fatosefotosnews.com.br\/?p=27502#primaryimage","url":"https:\/\/www.fatosefotosnews.com.br\/wp-content\/uploads\/2023\/04\/f63d561345e9d5d498798ec12f13a7f4.jpeg","contentUrl":"https:\/\/www.fatosefotosnews.com.br\/wp-content\/uploads\/2023\/04\/f63d561345e9d5d498798ec12f13a7f4.jpeg","width":1024,"height":640,"caption":"Raphael Veiga, do"},{"@type":"BreadcrumbList","@id":"https:\/\/www.fatosefotosnews.com.br\/?p=27502#breadcrumb","itemListElement":[{"@type":"ListItem","position":1,"name":"In\u00edcio","item":"https:\/\/www.fatosefotosnews.com.br\/"},{"@type":"ListItem","position":2,"name":"Federa\u00e7\u00e3o Paulista elege os melhores do Paulist\u00e3o; Abel Ferreira n\u00e3o leva pr\u00eamio de novo"}]},{"@type":"WebSite","@id":"https:\/\/www.fatosefotosnews.com.br\/#website","url":"https:\/\/www.fatosefotosnews.com.br\/","name":"Fatos e Fotos News","description":"Um site de noticial verdadeira e confi\u00e1veis.","publisher":{"@id":"https:\/\/www.fatosefotosnews.com.br\/#organization"},"potentialAction":[{"@type":"SearchAction","target":{"@type":"EntryPoint","urlTemplate":"https:\/\/www.fatosefotosnews.com.br\/?s={search_term_string}"},"query-input":{"@type":"PropertyValueSpecification","valueRequired":true,"valueName":"search_term_string"}}],"inLanguage":"pt-BR"},{"@type":"Organization","@id":"https:\/\/www.fatosefotosnews.com.br\/#organization","name":"Fatos e Fotos News","url":"https:\/\/www.fatosefotosnews.com.br\/","logo":{"@type":"ImageObject","inLanguage":"pt-BR","@id":"https:\/\/www.fatosefotosnews.com.br\/#\/schema\/logo\/image\/","url":"https:\/\/www.fatosefotosnews.com.br\/wp-content\/uploads\/2023\/02\/Fatos-e-Fotos-news-logo.png","contentUrl":"https:\/\/www.fatosefotosnews.com.br\/wp-content\/uploads\/2023\/02\/Fatos-e-Fotos-news-logo.png","width":300,"height":58,"caption":"Fatos e Fotos News"},"image":{"@id":"https:\/\/www.fatosefotosnews.com.br\/#\/schema\/logo\/image\/"}},{"@type":"Person","@id":"https:\/\/www.fatosefotosnews.com.br\/#\/schema\/person\/3b80f81d08670fb1f6690e07eb8b5dc6","name":"Da Reda\u00e7\u00e3o","image":{"@type":"ImageObject","inLanguage":"pt-BR","@id":"https:\/\/secure.gravatar.com\/avatar\/696d39935a657bf0fc95044dbc9f912520430a0eb6dd46c85dd97eb6483b249b?s=96&d=mm&r=g","url":"https:\/\/secure.gravatar.com\/avatar\/696d39935a657bf0fc95044dbc9f912520430a0eb6dd46c85dd97eb6483b249b?s=96&d=mm&r=g","contentUrl":"https:\/\/secure.gravatar.com\/avatar\/696d39935a657bf0fc95044dbc9f912520430a0eb6dd46c85dd97eb6483b249b?s=96&d=mm&r=g","caption":"Da Reda\u00e7\u00e3o"},"url":"https:\/\/www.fatosefotosnews.com.br\/?author=5"}]}},"jetpack_publicize_connections":[],"blog_post_layout_featured_media_urls":{"thumbnail":["https:\/\/www.fatosefotosnews.com.br\/wp-content\/uploads\/2023\/04\/f63d561345e9d5d498798ec12f13a7f4-150x150.jpeg",150,150,true],"full":["https:\/\/www.fatosefotosnews.com.br\/wp-content\/uploads\/2023\/04\/f63d561345e9d5d498798ec12f13a7f4.jpeg",1024,640,false]},"categories_names":{"5":{"name":"Esporte","link":"https:\/\/www.fatosefotosnews.com.br\/?cat=5"}},"tags_names":{"5932":{"name":"elege","link":"https:\/\/www.fatosefotosnews.com.br\/?tag=elege"},"3061":{"name":"federa","link":"https:\/\/www.fatosefotosnews.com.br\/?tag=federa"},"1813":{"name":"ferreira","link":"https:\/\/www.fatosefotosnews.com.br\/?tag=ferreira"},"2240":{"name":"melhores","link":"https:\/\/www.fatosefotosnews.com.br\/?tag=melhores"},"1432":{"name":"paulist","link":"https:\/\/www.fatosefotosnews.com.br\/?tag=paulist"},"1390":{"name":"paulista","link":"https:\/\/www.fatosefotosnews.com.br\/?tag=paulista"},"552":{"name":"premio","link":"https:\/\/www.fatosefotosnews.com.br\/?tag=premio"}},"comments_number":"0","wpmagazine_modules_lite_featured_media_urls":{"thumbnail":["https:\/\/www.fatosefotosnews.com.br\/wp-content\/uploads\/2023\/04\/f63d561345e9d5d498798ec12f13a7f4-150x150.jpeg",150,150,true],"cvmm-medium":["https:\/\/www.fatosefotosnews.com.br\/wp-content\/uploads\/2023\/04\/f63d561345e9d5d498798ec12f13a7f4-300x300.jpeg",300,300,true],"cvmm-medium-plus":["https:\/\/www.fatosefotosnews.com.br\/wp-content\/uploads\/2023\/04\/f63d561345e9d5d498798ec12f13a7f4-305x207.jpeg",305,207,true],"cvmm-portrait":["https:\/\/www.fatosefotosnews.com.br\/wp-content\/uploads\/2023\/04\/f63d561345e9d5d498798ec12f13a7f4-400x600.jpeg",400,600,true],"cvmm-medium-square":["https:\/\/www.fatosefotosnews.com.br\/wp-content\/uploads\/2023\/04\/f63d561345e9d5d498798ec12f13a7f4-600x600.jpeg",600,600,true],"cvmm-large":["https:\/\/www.fatosefotosnews.com.br\/wp-content\/uploads\/2023\/04\/f63d561345e9d5d498798ec12f13a7f4.jpeg",1024,640,false],"cvmm-small":["https:\/\/www.fatosefotosnews.com.br\/wp-content\/uploads\/2023\/04\/f63d561345e9d5d498798ec12f13a7f4-130x95.jpeg",130,95,true],"full":["https:\/\/www.fatosefotosnews.com.br\/wp-content\/uploads\/2023\/04\/f63d561345e9d5d498798ec12f13a7f4.jpeg",1024,640,false]},"_links":{"self":[{"href":"https:\/\/www.fatosefotosnews.com.br\/index.php?rest_route=\/wp\/v2\/posts\/27502","targetHints":{"allow":["GET"]}}],"collection":[{"href":"https:\/\/www.fatosefotosnews.com.br\/index.php?rest_route=\/wp\/v2\/posts"}],"about":[{"href":"https:\/\/www.fatosefotosnews.com.br\/index.php?rest_route=\/wp\/v2\/types\/post"}],"author":[{"embeddable":true,"href":"https:\/\/www.fatosefotosnews.com.br\/index.php?rest_route=\/wp\/v2\/users\/5"}],"replies":[{"embeddable":true,"href":"https:\/\/www.fatosefotosnews.com.br\/index.php?rest_route=%2Fwp%2Fv2%2Fcomments&post=27502"}],"version-history":[{"count":0,"href":"https:\/\/www.fatosefotosnews.com.br\/index.php?rest_route=\/wp\/v2\/posts\/27502\/revisions"}],"wp:featuredmedia":[{"embeddable":true,"href":"https:\/\/www.fatosefotosnews.com.br\/index.php?rest_route=\/wp\/v2\/media\/27503"}],"wp:attachment":[{"href":"https:\/\/www.fatosefotosnews.com.br\/index.php?rest_route=%2Fwp%2Fv2%2Fmedia&parent=27502"}],"wp:term":[{"taxonomy":"category","embeddable":true,"href":"https:\/\/www.fatosefotosnews.com.br\/index.php?rest_route=%2Fwp%2Fv2%2Fcategories&post=27502"},{"taxonomy":"post_tag","embeddable":true,"href":"https:\/\/www.fatosefotosnews.com.br\/index.php?rest_route=%2Fwp%2Fv2%2Ftags&post=27502"}],"curies":[{"name":"wp","href":"https:\/\/api.w.org\/{rel}","templated":true}]}}