{"id":27666,"date":"2023-04-12T07:16:17","date_gmt":"2023-04-12T10:16:17","guid":{"rendered":"https:\/\/www.fatosefotosnews.com.br\/voce-sabe-o-que-e-licenca-menstrual-advogada-explica-quem-tem-direito\/"},"modified":"2023-04-12T07:16:17","modified_gmt":"2023-04-12T10:16:17","slug":"voce-sabe-o-que-e-licenca-menstrual-advogada-explica-quem-tem-direito","status":"publish","type":"post","link":"https:\/\/www.fatosefotosnews.com.br\/?p=27666","title":{"rendered":"Voc\u00ea sabe o que \u00e9 licen\u00e7a menstrual? Advogada explica quem tem direito"},"content":{"rendered":"<p><meta name=\"robots\" content=\"noindex\"><mreta name=\"googlebot\" content=\"noindex\"><\/p>\n<div class=\"Noticia_Foto fato\">\n<figure class=\"foto-legenda\" style=\"position: relative\">\n<div class=\"foto-legenda-img\"> <img fetchpriority=\"high\" decoding=\"async\" src=\"https:\/\/i0.statig.com.br\/bancodeimagens\/e3\/3j\/7u\/e33j7ubjn97exozpnvkurys4h.jpg\" width=\"906\" height=\"509\" alt=\"Advogada esclarece d\u00favidas sobre a licen\u00e7a menstrual \" title=\"Advogada esclarece d\u00favidas sobre a licen\u00e7a menstrual \"> <\/div><figcaption class=\"foto-legenda-citacao\"> <cite>Reprodu\u00e7\u00e3o: Alto Astral<\/cite> <\/p>\n<div class=\"foto-legenda-citacao-text\">Advogada esclarece d\u00favidas sobre a licen\u00e7a menstrual <\/div>\n<\/figcaption><\/figure>\n<\/p>\n<\/div>\n<p class=\"\">A licen\u00e7a menstrual \u00e9 um termo que tem sido usado para se referir a uma licen\u00e7a m\u00e9dica concedida a mulheres que sofrem de sintomas graves durante seu ciclo menstrual, como c\u00f3licas intensas, dores de cabe\u00e7a e fadiga extrema. No entanto, essa licen\u00e7a n\u00e3o \u00e9 oficialmente reconhecida em muitos pa\u00edses e n\u00e3o existe uma lei ou pol\u00edtica que a regule.<\/p>\n<p class=\"\"> <strong>Entre no  <a href=\"https:\/\/t.me\/iGDelas\" data-mce-href=\"https:\/\/t.me\/iGDelas\">canal do iG Delas no Telegram<\/a> e fique por dentro de todas as not\u00edcias sobre beleza, moda, comportamento, sexo e muito mais!<\/strong> <\/p>\n<p>De acordo com Andrea Peres, advogada especialista em Direito das Mulheres e Direito das Fam\u00edlias e Sucess\u00f5es e Ouvidora-Adjunta da Mulher da OAB Seccional do Rio de Janeiro, algumas empresas e empregadores podem oferecer licen\u00e7as m\u00e9dicas para funcion\u00e1rias que sofrem com sintomas menstruais graves, mas isso pode variar de acordo com a pol\u00edtica da empresa e a legisla\u00e7\u00e3o do pa\u00eds em que a empresa est\u00e1 localizada.<\/p>\n<p>\u201cA Espanha foi o primeiro pa\u00eds europeu a aprovar a licen\u00e7a menstrual. Jap\u00e3o, Indon\u00e9sia, Taiwan, Coreia do Sul e Z\u00e2mbia j\u00e1 adotaram. A lei foi aprovada no parlamento em 16 de fevereiro de 2023. Essa lei inaugura uma vis\u00e3o mais ampliada sobre os direitos sexuais e reprodutivos\u201d, explica.<\/p>\n<p>Segundo a advogada essa \u00e9 uma lei bastante pol\u00eamica, pois traz \u00e0 tona opini\u00f5es divergentes acerca da produtividade feminina, todavia tamb\u00e9m traz a oportunidade para o debate sobre as dores incapacitantes da menstrua\u00e7\u00e3o.<\/p>\n<p>Peres explica que esse dispositivo legislativo \u00e9 de suma relev\u00e2ncia para que a normaliza\u00e7\u00e3o do trabalho com dor e o estigma em torno da menstrua\u00e7\u00e3o deixem de ser pr\u00e1ticas sociais: uma desconstru\u00e7\u00e3o dessa cultura que tem ra\u00edzes no machismo e nos tabus que envolvem o corpo feminino.<\/p>\n<div>\n<aside class=\"leiaTambem-container\">\n<h3>Leia tamb\u00e9m<\/h3>\n<ul>\n<li> <a href=\"https:\/\/delas.ig.com.br\/comportamento\/2023-01-10\/motivos-atraso-menstrual.html.ampstories\" title=\"5 motivos que explicam o atraso menstrual \" target=\"_self\" rel=\"noopener\">5 motivos que explicam o atraso menstrual <\/a> <\/li>\n<li> <a href=\"https:\/\/delas.ig.com.br\/2022-12-13\/fadiga-menstrual-o-que-e-e-como-aliviar.html.ampstories\" title=\"O que \u00e9 a fadiga menstrual e o que fazer para aliviar os sintomas\" target=\"_self\" rel=\"noopener\">O que \u00e9 a fadiga menstrual e o que fazer para aliviar os sintomas<\/a> <\/li>\n<li> <a href=\"https:\/\/delas.ig.com.br\/comportamento\/2022-07-23\/pobreza-menstrual-afeta-a-saude-fisica-e-mental-de-mulheres-e-meninas.html\" title=\"Pobreza menstrual afeta a sa\u00fade f\u00edsica e mental de mulheres e meninas\" target=\"_self\" rel=\"noopener\">Pobreza menstrual afeta a sa\u00fade f\u00edsica e mental de mulheres e meninas<\/a> <\/li>\n<\/ul>\n<\/aside>\n<\/div>\n<p class=\"\">\u201cNo Brasil, atualmente n\u00e3o existe uma lei espec\u00edfica que estabele\u00e7a a &#8220;licen\u00e7a menstrual&#8221;. Apesar de existirem leis, como por exemplo a Constitui\u00e7\u00e3o Federal que garante a prote\u00e7\u00e3o \u00e0 sa\u00fade como um direito fundamental de todos os cidad\u00e3os combinada com a Consolida\u00e7\u00e3o das Leis do Trabalho (CLT) que prev\u00ea a concess\u00e3o de licen\u00e7a m\u00e9dica para trabalhadores que sofrem de doen\u00e7as ou acidentes que os impe\u00e7am de trabalhar. Tais diplomas legais n\u00e3o oferecem prote\u00e7\u00e3o e apoio para mulheres que sofrem de sintomas menstruais graves\u201d, diz.<\/p>\n<p>Nesse sentido, segundo Andrea se uma trabalhadora estiver sofrendo de sintomas menstruais graves que a impe\u00e7am de trabalhar, ela pode solicitar uma licen\u00e7a m\u00e9dica e ter direito a afastamento remunerado por um determinado per\u00edodo, conforme avalia\u00e7\u00e3o m\u00e9dica.<\/p>\n<p>\u201cA pol\u00eamica que \u00e9 levantada acerca do tema diz respeito ao argumento de j\u00e1 existir o direito \u00e0 licen\u00e7a m\u00e9dica para toda pessoa que sofre com alguma doen\u00e7a. Essa discuss\u00e3o acaba por suscitar questionamentos acerca das consequ\u00eancias da rotula\u00e7\u00e3o dessa enfermidade: se a partir do reconhecimento espec\u00edfico desse direito, a desigualdade de g\u00eanero aumentaria inv\u00e9s de diminuir\u201d, diz.<\/p>\n<p>Na Espanha, a licen\u00e7a menstrual \u00e9 uma pol\u00edtica p\u00fablica custeada pelo Estado, enquanto as outras licen\u00e7as m\u00e9dicas, gen\u00e9ricas, s\u00e3o pagas pelas empresas. \u00c9 importante levar em considera\u00e7\u00e3o que a dismenorreia \u00e9 a dor, principal sintoma de que tem a s\u00edndrome menstrual intensa.<\/p>\n<p>\u201cTrata-se de uma garantia importante para que as trabalhadoras n\u00e3o trabalhem quando enfrentarem dificuldades menstruais. N\u00e3o podemos olvidar que esta quest\u00e3o toca o acesso \u00e0 sa\u00fade integral da mulher, para que elas recebam um melhor diagn\u00f3stico e acompanhamento m\u00e9dico. Quando afirmamos que a legisla\u00e7\u00e3o brasileira j\u00e1 garante o afastamento em virtude das dores provocadas pelo processo menstrual, negamos o reconhecimento da menstrua\u00e7\u00e3o como um processo fisiol\u00f3gico que deve gerar direitos. Al\u00e9m disso incentivamos a cultura da medicaliza\u00e7\u00e3o da menstrua\u00e7\u00e3o, como se esse processo fosse uma doen\u00e7a\u201d, diz.<\/p>\n<h3>Discrimina\u00e7\u00e3o<\/h3>\n<p>Para a advogada, o estigma ou discrimina\u00e7\u00e3o que podem advir de tal pol\u00edtica afirmativa menstrual se baseiam nas cren\u00e7as e atitudes sexistas que contribuem para o estigma menstrual e a perpetua\u00e7\u00e3o dos estere\u00f3tipos de g\u00eanero que impactam negativamente na diferen\u00e7a salarial entre g\u00eaneros.<\/p>\n<p>\u201cA normaliza\u00e7\u00e3o dessa conduta social, ainda \u00e9 pior porque corrobora para a manuten\u00e7\u00e3o das t\u00e1ticas que nos mant\u00eam no conformismo. Os estere\u00f3tipos negativos de g\u00eanero, quais sejam, fragilidade feminina, improdutividade e falta de confiabilidade retratam a menstrua\u00e7\u00e3o de forma negativa, como uma doen\u00e7a que precisa ser corrigida\u201d, diz.<\/p>\n<p>Para Andrea, h\u00e1 ainda muitos obst\u00e1culos a serem enfrentados no Brasil na luta pelo reconhecimento do direito das mulheres. Contudo, pa\u00edses como os EUA encontrariam muito mais dificuldade pois em seu arcabou\u00e7o legislativo, poucas, s\u00e3o as licen\u00e7as remuneradas que visam reduzir a desigualdade de g\u00eanero na sociedade.<\/p>\n<p> <strong>Acompanhe tamb\u00e9m perfil geral do <a href=\"https:\/\/t.me\/portalig\" data-mce-href=\"https:\/\/t.me\/portalig\">Portal iG no Telegram<\/a> !<\/strong> <\/p>\n<p>\u201cApesar de ser memor\u00e1vel a proposta legislativa na Espanha, quando se trata da dor proveniente da menstrua\u00e7\u00e3o, tr\u00eas dias podem n\u00e3o resolver o problema. Assim sendo, \u00e9 importante que haja uma mudan\u00e7a cultural do ambiente de trabalho, na qual a flexibilidade, a possibilidade de trabalhar em casa e hor\u00e1rios de trabalho personalizado sejam providenciais\u201d, explica.<\/p>\n<p>Para Andrea, existem empresas que adotam esfor\u00e7os para desenvolver essa cultura empresarial de n\u00e3o estigmatizar a licen\u00e7a menstrual. Acredita-se que a menstrua\u00e7\u00e3o \u00e9 uma fun\u00e7\u00e3o biol\u00f3gica e n\u00e3o h\u00e1 raz\u00e3o para sentir-se desconfort\u00e1vel com essa dor no trabalho e h\u00e1 aquelas que acreditam que a licen\u00e7a menstrual pode gerar queda na produtividade.<\/p>\n<p>\u201cTodavia essas empresas est\u00e3o equivocadas, visto que ao trabalhar com dor, a produtividade e foco das trabalhadoras caem drasticamente. Existem empresas que adotaram a licen\u00e7a menstrual como uma pr\u00e1tica no ambiente de trabalho, como consequ\u00eancia obtiveram aumento da produtividade. Tal resultado se evidencia por permitir o descanso \u00e0 trabalhadora num momento em que seu corpo necessita, ent\u00e3o ao retornar (a cessar do per\u00edodo menstrual) seu foco e energia propiciar\u00e3o mais produtividade. O reconhecimento de suas necessidades gerar\u00e1 um autorreferencial positivo e validar\u00e1 o comprometimento do grupo em rela\u00e7\u00e3o a consolida\u00e7\u00e3o de uma \u00e9tica laboral com foco na trabalhadora\u201d, afirma.<\/p>\n<p>Para Andrea, se h\u00e1 dificuldades para se trabalhar devido a sintomas menstruais graves, \u00e9 recomend\u00e1vel conversar com o m\u00e9dico e com o departamento de recursos humanos da empresa para ver quais op\u00e7\u00f5es est\u00e3o dispon\u00edveis.<\/p>\n<p id=\"infocoweb_fonte\" class=\"infocoweb_fonte\">Fonte: <a target=\"_blank\" href=\"http:\/\/delas.ig.com.br\/2023-04-12\/licenca-menstrual.html#adad3d47-2d83-4640-95e0-ba5346124359\" rel=\"noopener\">Mulher<\/a><\/p>\n","protected":false},"excerpt":{"rendered":"<p>Reprodu\u00e7\u00e3o: Alto Astral Advogada esclarece d\u00favidas sobre a licen\u00e7a menstrual A licen\u00e7a menstrual \u00e9 um termo que tem sido usado para se referir a uma licen\u00e7a m\u00e9dica concedida a mulheres que sofrem de sintomas graves durante seu ciclo menstrual, como c\u00f3licas intensas, dores de cabe\u00e7a e fadiga extrema. No entanto, essa licen\u00e7a n\u00e3o \u00e9 oficialmente [&hellip;]<\/p>\n","protected":false},"author":5,"featured_media":27667,"comment_status":"open","ping_status":"open","sticky":false,"template":"","format":"standard","meta":{"_acf_changed":false,"_angie_page":false,"_monsterinsights_skip_tracking":false,"_themeisle_gutenberg_block_has_review":false,"page_builder":"","footnotes":"","jetpack_publicize_message":"","jetpack_publicize_feature_enabled":true,"jetpack_social_post_already_shared":false,"jetpack_social_options":{"image_generator_settings":{"template":"highway","default_image_id":0,"font":"","enabled":false},"version":2}},"categories":[3],"tags":[3430,1836,1591,7172,6708],"class_list":["post-27666","post","type-post","status-publish","format-standard","has-post-thumbnail","hentry","category-entretenimento","tag-advogada","tag-direito","tag-explica","tag-licen","tag-menstrual"],"acf":[],"nelio_content":{"autoShareEndMode":"never","automationSources":{"useCustomSentences":false,"customSentences":[]},"efiAlt":"","efiUrl":"","followers":[5],"highlights":[],"isAutoShareEnabled":true,"networkImageIds":[],"permalinkQueryArgs":[],"series":[],"suggestedReferences":[]},"yoast_head":"<!-- This site is optimized with the Yoast SEO plugin v28.3 - https:\/\/yoast.com\/product\/yoast-seo-wordpress\/ -->\n<title>Voc\u00ea sabe o que \u00e9 licen\u00e7a menstrual? Advogada explica quem tem direito<\/title>\n<meta name=\"description\" content=\"Voc\u00ea sabe o que \u00e9 licen\u00e7a menstrual? Advogada explica quem tem direito\" \/>\n<meta name=\"robots\" content=\"index, follow, max-snippet:-1, max-image-preview:large, max-video-preview:-1\" \/>\n<link rel=\"canonical\" href=\"https:\/\/www.fatosefotosnews.com.br\/?p=27666\" \/>\n<meta property=\"og:locale\" content=\"pt_BR\" \/>\n<meta property=\"og:type\" content=\"article\" \/>\n<meta property=\"og:title\" content=\"Voc\u00ea sabe o que \u00e9 licen\u00e7a menstrual? Advogada explica quem tem direito\" \/>\n<meta property=\"og:description\" content=\"Voc\u00ea sabe o que \u00e9 licen\u00e7a menstrual? Advogada explica quem tem direito\" \/>\n<meta property=\"og:url\" content=\"https:\/\/www.fatosefotosnews.com.br\/?p=27666\" \/>\n<meta property=\"og:site_name\" content=\"Fatos e Fotos News\" \/>\n<meta property=\"article:published_time\" content=\"2023-04-12T10:16:17+00:00\" \/>\n<meta property=\"og:image\" content=\"https:\/\/www.fatosefotosnews.com.br\/wp-content\/uploads\/2023\/04\/bf8be9ff703e937a00031beb24b42c5a.jpeg\" \/>\n\t<meta property=\"og:image:width\" content=\"1024\" \/>\n\t<meta property=\"og:image:height\" content=\"576\" \/>\n\t<meta property=\"og:image:type\" content=\"image\/jpeg\" \/>\n<meta name=\"author\" content=\"Da Reda\u00e7\u00e3o\" \/>\n<meta name=\"twitter:card\" content=\"summary_large_image\" \/>\n<meta name=\"twitter:label1\" content=\"Escrito por\" \/>\n\t<meta name=\"twitter:data1\" content=\"Da Reda\u00e7\u00e3o\" \/>\n\t<meta name=\"twitter:label2\" content=\"Est. tempo de leitura\" \/>\n\t<meta name=\"twitter:data2\" content=\"99 minutos\" \/>\n<script type=\"application\/ld+json\" class=\"yoast-schema-graph\">{\"@context\":\"https:\\\/\\\/schema.org\",\"@graph\":[{\"@type\":\"Article\",\"@id\":\"https:\\\/\\\/www.fatosefotosnews.com.br\\\/?p=27666#article\",\"isPartOf\":{\"@id\":\"https:\\\/\\\/www.fatosefotosnews.com.br\\\/?p=27666\"},\"author\":{\"name\":\"Da Reda\u00e7\u00e3o\",\"@id\":\"https:\\\/\\\/www.fatosefotosnews.com.br\\\/#\\\/schema\\\/person\\\/3b80f81d08670fb1f6690e07eb8b5dc6\"},\"headline\":\"Voc\u00ea sabe o que \u00e9 licen\u00e7a menstrual? Advogada explica quem tem direito\",\"datePublished\":\"2023-04-12T10:16:17+00:00\",\"mainEntityOfPage\":{\"@id\":\"https:\\\/\\\/www.fatosefotosnews.com.br\\\/?p=27666\"},\"wordCount\":1159,\"commentCount\":0,\"publisher\":{\"@id\":\"https:\\\/\\\/www.fatosefotosnews.com.br\\\/#organization\"},\"image\":{\"@id\":\"https:\\\/\\\/www.fatosefotosnews.com.br\\\/?p=27666#primaryimage\"},\"thumbnailUrl\":\"https:\\\/\\\/www.fatosefotosnews.com.br\\\/wp-content\\\/uploads\\\/2023\\\/04\\\/bf8be9ff703e937a00031beb24b42c5a.jpeg\",\"keywords\":[\"advogada\",\"direito\",\"explica\",\"licen\",\"menstrual\"],\"articleSection\":[\"Entretenimento\"],\"inLanguage\":\"pt-BR\",\"potentialAction\":[{\"@type\":\"CommentAction\",\"name\":\"Comment\",\"target\":[\"https:\\\/\\\/www.fatosefotosnews.com.br\\\/?p=27666#respond\"]}]},{\"@type\":\"WebPage\",\"@id\":\"https:\\\/\\\/www.fatosefotosnews.com.br\\\/?p=27666\",\"url\":\"https:\\\/\\\/www.fatosefotosnews.com.br\\\/?p=27666\",\"name\":\"Voc\u00ea sabe o que \u00e9 licen\u00e7a menstrual? Advogada explica quem tem direito\",\"isPartOf\":{\"@id\":\"https:\\\/\\\/www.fatosefotosnews.com.br\\\/#website\"},\"primaryImageOfPage\":{\"@id\":\"https:\\\/\\\/www.fatosefotosnews.com.br\\\/?p=27666#primaryimage\"},\"image\":{\"@id\":\"https:\\\/\\\/www.fatosefotosnews.com.br\\\/?p=27666#primaryimage\"},\"thumbnailUrl\":\"https:\\\/\\\/www.fatosefotosnews.com.br\\\/wp-content\\\/uploads\\\/2023\\\/04\\\/bf8be9ff703e937a00031beb24b42c5a.jpeg\",\"datePublished\":\"2023-04-12T10:16:17+00:00\",\"description\":\"Voc\u00ea sabe o que \u00e9 licen\u00e7a menstrual? Advogada explica quem tem direito\",\"breadcrumb\":{\"@id\":\"https:\\\/\\\/www.fatosefotosnews.com.br\\\/?p=27666#breadcrumb\"},\"inLanguage\":\"pt-BR\",\"potentialAction\":[{\"@type\":\"ReadAction\",\"target\":[\"https:\\\/\\\/www.fatosefotosnews.com.br\\\/?p=27666\"]}]},{\"@type\":\"ImageObject\",\"inLanguage\":\"pt-BR\",\"@id\":\"https:\\\/\\\/www.fatosefotosnews.com.br\\\/?p=27666#primaryimage\",\"url\":\"https:\\\/\\\/www.fatosefotosnews.com.br\\\/wp-content\\\/uploads\\\/2023\\\/04\\\/bf8be9ff703e937a00031beb24b42c5a.jpeg\",\"contentUrl\":\"https:\\\/\\\/www.fatosefotosnews.com.br\\\/wp-content\\\/uploads\\\/2023\\\/04\\\/bf8be9ff703e937a00031beb24b42c5a.jpeg\",\"width\":1024,\"height\":576,\"caption\":\"Reprodu\u00e7\u00e3o: Alto Astral Advogada esclarece d\u00favidas sobre a licen\u00e7a menstrual\"},{\"@type\":\"BreadcrumbList\",\"@id\":\"https:\\\/\\\/www.fatosefotosnews.com.br\\\/?p=27666#breadcrumb\",\"itemListElement\":[{\"@type\":\"ListItem\",\"position\":1,\"name\":\"In\u00edcio\",\"item\":\"https:\\\/\\\/www.fatosefotosnews.com.br\\\/\"},{\"@type\":\"ListItem\",\"position\":2,\"name\":\"Voc\u00ea sabe o que \u00e9 licen\u00e7a menstrual? Advogada explica quem tem direito\"}]},{\"@type\":\"WebSite\",\"@id\":\"https:\\\/\\\/www.fatosefotosnews.com.br\\\/#website\",\"url\":\"https:\\\/\\\/www.fatosefotosnews.com.br\\\/\",\"name\":\"Fatos e Fotos News\",\"description\":\"Um site de noticial verdadeira e confi\u00e1veis.\",\"publisher\":{\"@id\":\"https:\\\/\\\/www.fatosefotosnews.com.br\\\/#organization\"},\"potentialAction\":[{\"@type\":\"SearchAction\",\"target\":{\"@type\":\"EntryPoint\",\"urlTemplate\":\"https:\\\/\\\/www.fatosefotosnews.com.br\\\/?s={search_term_string}\"},\"query-input\":{\"@type\":\"PropertyValueSpecification\",\"valueRequired\":true,\"valueName\":\"search_term_string\"}}],\"inLanguage\":\"pt-BR\"},{\"@type\":\"Organization\",\"@id\":\"https:\\\/\\\/www.fatosefotosnews.com.br\\\/#organization\",\"name\":\"Fatos e Fotos News\",\"url\":\"https:\\\/\\\/www.fatosefotosnews.com.br\\\/\",\"logo\":{\"@type\":\"ImageObject\",\"inLanguage\":\"pt-BR\",\"@id\":\"https:\\\/\\\/www.fatosefotosnews.com.br\\\/#\\\/schema\\\/logo\\\/image\\\/\",\"url\":\"https:\\\/\\\/www.fatosefotosnews.com.br\\\/wp-content\\\/uploads\\\/2023\\\/02\\\/Fatos-e-Fotos-news-logo.png\",\"contentUrl\":\"https:\\\/\\\/www.fatosefotosnews.com.br\\\/wp-content\\\/uploads\\\/2023\\\/02\\\/Fatos-e-Fotos-news-logo.png\",\"width\":300,\"height\":58,\"caption\":\"Fatos e Fotos News\"},\"image\":{\"@id\":\"https:\\\/\\\/www.fatosefotosnews.com.br\\\/#\\\/schema\\\/logo\\\/image\\\/\"}},{\"@type\":\"Person\",\"@id\":\"https:\\\/\\\/www.fatosefotosnews.com.br\\\/#\\\/schema\\\/person\\\/3b80f81d08670fb1f6690e07eb8b5dc6\",\"name\":\"Da Reda\u00e7\u00e3o\",\"image\":{\"@type\":\"ImageObject\",\"inLanguage\":\"pt-BR\",\"@id\":\"https:\\\/\\\/secure.gravatar.com\\\/avatar\\\/696d39935a657bf0fc95044dbc9f912520430a0eb6dd46c85dd97eb6483b249b?s=96&d=mm&r=g\",\"url\":\"https:\\\/\\\/secure.gravatar.com\\\/avatar\\\/696d39935a657bf0fc95044dbc9f912520430a0eb6dd46c85dd97eb6483b249b?s=96&d=mm&r=g\",\"contentUrl\":\"https:\\\/\\\/secure.gravatar.com\\\/avatar\\\/696d39935a657bf0fc95044dbc9f912520430a0eb6dd46c85dd97eb6483b249b?s=96&d=mm&r=g\",\"caption\":\"Da Reda\u00e7\u00e3o\"},\"url\":\"https:\\\/\\\/www.fatosefotosnews.com.br\\\/?author=5\"}]}<\/script>\n<!-- \/ Yoast SEO plugin. -->","yoast_head_json":{"title":"Voc\u00ea sabe o que \u00e9 licen\u00e7a menstrual? Advogada explica quem tem direito","description":"Voc\u00ea sabe o que \u00e9 licen\u00e7a menstrual? Advogada explica quem tem direito","robots":{"index":"index","follow":"follow","max-snippet":"max-snippet:-1","max-image-preview":"max-image-preview:large","max-video-preview":"max-video-preview:-1"},"canonical":"https:\/\/www.fatosefotosnews.com.br\/?p=27666","og_locale":"pt_BR","og_type":"article","og_title":"Voc\u00ea sabe o que \u00e9 licen\u00e7a menstrual? Advogada explica quem tem direito","og_description":"Voc\u00ea sabe o que \u00e9 licen\u00e7a menstrual? Advogada explica quem tem direito","og_url":"https:\/\/www.fatosefotosnews.com.br\/?p=27666","og_site_name":"Fatos e Fotos News","article_published_time":"2023-04-12T10:16:17+00:00","og_image":[{"width":1024,"height":576,"url":"https:\/\/www.fatosefotosnews.com.br\/wp-content\/uploads\/2023\/04\/bf8be9ff703e937a00031beb24b42c5a.jpeg","type":"image\/jpeg"}],"author":"Da Reda\u00e7\u00e3o","twitter_card":"summary_large_image","twitter_misc":{"Escrito por":"Da Reda\u00e7\u00e3o","Est. tempo de leitura":"99 minutos"},"schema":{"@context":"https:\/\/schema.org","@graph":[{"@type":"Article","@id":"https:\/\/www.fatosefotosnews.com.br\/?p=27666#article","isPartOf":{"@id":"https:\/\/www.fatosefotosnews.com.br\/?p=27666"},"author":{"name":"Da Reda\u00e7\u00e3o","@id":"https:\/\/www.fatosefotosnews.com.br\/#\/schema\/person\/3b80f81d08670fb1f6690e07eb8b5dc6"},"headline":"Voc\u00ea sabe o que \u00e9 licen\u00e7a menstrual? Advogada explica quem tem direito","datePublished":"2023-04-12T10:16:17+00:00","mainEntityOfPage":{"@id":"https:\/\/www.fatosefotosnews.com.br\/?p=27666"},"wordCount":1159,"commentCount":0,"publisher":{"@id":"https:\/\/www.fatosefotosnews.com.br\/#organization"},"image":{"@id":"https:\/\/www.fatosefotosnews.com.br\/?p=27666#primaryimage"},"thumbnailUrl":"https:\/\/www.fatosefotosnews.com.br\/wp-content\/uploads\/2023\/04\/bf8be9ff703e937a00031beb24b42c5a.jpeg","keywords":["advogada","direito","explica","licen","menstrual"],"articleSection":["Entretenimento"],"inLanguage":"pt-BR","potentialAction":[{"@type":"CommentAction","name":"Comment","target":["https:\/\/www.fatosefotosnews.com.br\/?p=27666#respond"]}]},{"@type":"WebPage","@id":"https:\/\/www.fatosefotosnews.com.br\/?p=27666","url":"https:\/\/www.fatosefotosnews.com.br\/?p=27666","name":"Voc\u00ea sabe o que \u00e9 licen\u00e7a menstrual? Advogada explica quem tem direito","isPartOf":{"@id":"https:\/\/www.fatosefotosnews.com.br\/#website"},"primaryImageOfPage":{"@id":"https:\/\/www.fatosefotosnews.com.br\/?p=27666#primaryimage"},"image":{"@id":"https:\/\/www.fatosefotosnews.com.br\/?p=27666#primaryimage"},"thumbnailUrl":"https:\/\/www.fatosefotosnews.com.br\/wp-content\/uploads\/2023\/04\/bf8be9ff703e937a00031beb24b42c5a.jpeg","datePublished":"2023-04-12T10:16:17+00:00","description":"Voc\u00ea sabe o que \u00e9 licen\u00e7a menstrual? Advogada explica quem tem direito","breadcrumb":{"@id":"https:\/\/www.fatosefotosnews.com.br\/?p=27666#breadcrumb"},"inLanguage":"pt-BR","potentialAction":[{"@type":"ReadAction","target":["https:\/\/www.fatosefotosnews.com.br\/?p=27666"]}]},{"@type":"ImageObject","inLanguage":"pt-BR","@id":"https:\/\/www.fatosefotosnews.com.br\/?p=27666#primaryimage","url":"https:\/\/www.fatosefotosnews.com.br\/wp-content\/uploads\/2023\/04\/bf8be9ff703e937a00031beb24b42c5a.jpeg","contentUrl":"https:\/\/www.fatosefotosnews.com.br\/wp-content\/uploads\/2023\/04\/bf8be9ff703e937a00031beb24b42c5a.jpeg","width":1024,"height":576,"caption":"Reprodu\u00e7\u00e3o: Alto Astral Advogada esclarece d\u00favidas sobre a licen\u00e7a menstrual"},{"@type":"BreadcrumbList","@id":"https:\/\/www.fatosefotosnews.com.br\/?p=27666#breadcrumb","itemListElement":[{"@type":"ListItem","position":1,"name":"In\u00edcio","item":"https:\/\/www.fatosefotosnews.com.br\/"},{"@type":"ListItem","position":2,"name":"Voc\u00ea sabe o que \u00e9 licen\u00e7a menstrual? Advogada explica quem tem direito"}]},{"@type":"WebSite","@id":"https:\/\/www.fatosefotosnews.com.br\/#website","url":"https:\/\/www.fatosefotosnews.com.br\/","name":"Fatos e Fotos News","description":"Um site de noticial verdadeira e confi\u00e1veis.","publisher":{"@id":"https:\/\/www.fatosefotosnews.com.br\/#organization"},"potentialAction":[{"@type":"SearchAction","target":{"@type":"EntryPoint","urlTemplate":"https:\/\/www.fatosefotosnews.com.br\/?s={search_term_string}"},"query-input":{"@type":"PropertyValueSpecification","valueRequired":true,"valueName":"search_term_string"}}],"inLanguage":"pt-BR"},{"@type":"Organization","@id":"https:\/\/www.fatosefotosnews.com.br\/#organization","name":"Fatos e Fotos News","url":"https:\/\/www.fatosefotosnews.com.br\/","logo":{"@type":"ImageObject","inLanguage":"pt-BR","@id":"https:\/\/www.fatosefotosnews.com.br\/#\/schema\/logo\/image\/","url":"https:\/\/www.fatosefotosnews.com.br\/wp-content\/uploads\/2023\/02\/Fatos-e-Fotos-news-logo.png","contentUrl":"https:\/\/www.fatosefotosnews.com.br\/wp-content\/uploads\/2023\/02\/Fatos-e-Fotos-news-logo.png","width":300,"height":58,"caption":"Fatos e Fotos News"},"image":{"@id":"https:\/\/www.fatosefotosnews.com.br\/#\/schema\/logo\/image\/"}},{"@type":"Person","@id":"https:\/\/www.fatosefotosnews.com.br\/#\/schema\/person\/3b80f81d08670fb1f6690e07eb8b5dc6","name":"Da Reda\u00e7\u00e3o","image":{"@type":"ImageObject","inLanguage":"pt-BR","@id":"https:\/\/secure.gravatar.com\/avatar\/696d39935a657bf0fc95044dbc9f912520430a0eb6dd46c85dd97eb6483b249b?s=96&d=mm&r=g","url":"https:\/\/secure.gravatar.com\/avatar\/696d39935a657bf0fc95044dbc9f912520430a0eb6dd46c85dd97eb6483b249b?s=96&d=mm&r=g","contentUrl":"https:\/\/secure.gravatar.com\/avatar\/696d39935a657bf0fc95044dbc9f912520430a0eb6dd46c85dd97eb6483b249b?s=96&d=mm&r=g","caption":"Da Reda\u00e7\u00e3o"},"url":"https:\/\/www.fatosefotosnews.com.br\/?author=5"}]}},"jetpack_publicize_connections":[],"blog_post_layout_featured_media_urls":{"thumbnail":["https:\/\/www.fatosefotosnews.com.br\/wp-content\/uploads\/2023\/04\/bf8be9ff703e937a00031beb24b42c5a-150x150.jpeg",150,150,true],"full":["https:\/\/www.fatosefotosnews.com.br\/wp-content\/uploads\/2023\/04\/bf8be9ff703e937a00031beb24b42c5a.jpeg",1024,576,false]},"categories_names":{"3":{"name":"Entretenimento","link":"https:\/\/www.fatosefotosnews.com.br\/?cat=3"}},"tags_names":{"3430":{"name":"advogada","link":"https:\/\/www.fatosefotosnews.com.br\/?tag=advogada"},"1836":{"name":"direito","link":"https:\/\/www.fatosefotosnews.com.br\/?tag=direito"},"1591":{"name":"explica","link":"https:\/\/www.fatosefotosnews.com.br\/?tag=explica"},"7172":{"name":"licen","link":"https:\/\/www.fatosefotosnews.com.br\/?tag=licen"},"6708":{"name":"menstrual","link":"https:\/\/www.fatosefotosnews.com.br\/?tag=menstrual"}},"comments_number":"0","wpmagazine_modules_lite_featured_media_urls":{"thumbnail":["https:\/\/www.fatosefotosnews.com.br\/wp-content\/uploads\/2023\/04\/bf8be9ff703e937a00031beb24b42c5a-150x150.jpeg",150,150,true],"cvmm-medium":["https:\/\/www.fatosefotosnews.com.br\/wp-content\/uploads\/2023\/04\/bf8be9ff703e937a00031beb24b42c5a-300x300.jpeg",300,300,true],"cvmm-medium-plus":["https:\/\/www.fatosefotosnews.com.br\/wp-content\/uploads\/2023\/04\/bf8be9ff703e937a00031beb24b42c5a-305x207.jpeg",305,207,true],"cvmm-portrait":["https:\/\/www.fatosefotosnews.com.br\/wp-content\/uploads\/2023\/04\/bf8be9ff703e937a00031beb24b42c5a-400x576.jpeg",400,576,true],"cvmm-medium-square":["https:\/\/www.fatosefotosnews.com.br\/wp-content\/uploads\/2023\/04\/bf8be9ff703e937a00031beb24b42c5a-600x576.jpeg",600,576,true],"cvmm-large":["https:\/\/www.fatosefotosnews.com.br\/wp-content\/uploads\/2023\/04\/bf8be9ff703e937a00031beb24b42c5a.jpeg",1024,576,false],"cvmm-small":["https:\/\/www.fatosefotosnews.com.br\/wp-content\/uploads\/2023\/04\/bf8be9ff703e937a00031beb24b42c5a-130x95.jpeg",130,95,true],"full":["https:\/\/www.fatosefotosnews.com.br\/wp-content\/uploads\/2023\/04\/bf8be9ff703e937a00031beb24b42c5a.jpeg",1024,576,false]},"_links":{"self":[{"href":"https:\/\/www.fatosefotosnews.com.br\/index.php?rest_route=\/wp\/v2\/posts\/27666","targetHints":{"allow":["GET"]}}],"collection":[{"href":"https:\/\/www.fatosefotosnews.com.br\/index.php?rest_route=\/wp\/v2\/posts"}],"about":[{"href":"https:\/\/www.fatosefotosnews.com.br\/index.php?rest_route=\/wp\/v2\/types\/post"}],"author":[{"embeddable":true,"href":"https:\/\/www.fatosefotosnews.com.br\/index.php?rest_route=\/wp\/v2\/users\/5"}],"replies":[{"embeddable":true,"href":"https:\/\/www.fatosefotosnews.com.br\/index.php?rest_route=%2Fwp%2Fv2%2Fcomments&post=27666"}],"version-history":[{"count":0,"href":"https:\/\/www.fatosefotosnews.com.br\/index.php?rest_route=\/wp\/v2\/posts\/27666\/revisions"}],"wp:featuredmedia":[{"embeddable":true,"href":"https:\/\/www.fatosefotosnews.com.br\/index.php?rest_route=\/wp\/v2\/media\/27667"}],"wp:attachment":[{"href":"https:\/\/www.fatosefotosnews.com.br\/index.php?rest_route=%2Fwp%2Fv2%2Fmedia&parent=27666"}],"wp:term":[{"taxonomy":"category","embeddable":true,"href":"https:\/\/www.fatosefotosnews.com.br\/index.php?rest_route=%2Fwp%2Fv2%2Fcategories&post=27666"},{"taxonomy":"post_tag","embeddable":true,"href":"https:\/\/www.fatosefotosnews.com.br\/index.php?rest_route=%2Fwp%2Fv2%2Ftags&post=27666"}],"curies":[{"name":"wp","href":"https:\/\/api.w.org\/{rel}","templated":true}]}}