{"id":28644,"date":"2023-04-17T10:46:35","date_gmt":"2023-04-17T13:46:35","guid":{"rendered":"https:\/\/www.fatosefotosnews.com.br\/petrobras-anuncia-queda-de-81-no-preco-do-gas-natural\/"},"modified":"2023-04-17T10:46:35","modified_gmt":"2023-04-17T13:46:35","slug":"petrobras-anuncia-queda-de-81-no-preco-do-gas-natural","status":"publish","type":"post","link":"https:\/\/www.fatosefotosnews.com.br\/?p=28644","title":{"rendered":"Petrobras anuncia queda de 8,1% no pre\u00e7o do g\u00e1s natural"},"content":{"rendered":"<p><meta name=\"robots\" content=\"noindex\"><mreta name=\"googlebot\" content=\"noindex\"><\/p>\n<div class=\"Noticia_Foto fato\">\n<figure class=\"foto-legenda\" style=\"position: relative\">\n<div class=\"foto-legenda-img\"> <img fetchpriority=\"high\" decoding=\"async\" src=\"https:\/\/i0.statig.com.br\/bancodeimagens\/1y\/h2\/3r\/1yh23ry26h6j07hcgcf3rrmae.jpg\" width=\"906\" height=\"509\" alt=\"Petrobras anuncia redu\u00e7\u00e3o de pre\u00e7o do g\u00e1s natural\" title=\"Petrobras anuncia redu\u00e7\u00e3o de pre\u00e7o do g\u00e1s natural\"> <\/div><figcaption class=\"foto-legenda-citacao\"> <cite>Fernando Fraz\u00e3o\/Ag\u00eancia Brasil<\/cite> <\/p>\n<div class=\"foto-legenda-citacao-text\">Petrobras anuncia redu\u00e7\u00e3o de pre\u00e7o do g\u00e1s natural<\/div>\n<\/figcaption><\/figure>\n<\/p>\n<\/div>\n<p class=\"\">A Petrobras anunciou nesta segunda-feira (17) que vai reduzir em 8,1% o pre\u00e7o do g\u00e1s natural vendido \u00e0s distribuidoras a partir do dia 1\u00ba de maio.  <\/p>\n<p class=\"\">Trimestralmente, a estatal realiza o reajuste do pre\u00e7o do g\u00e1s natural, como preveem os contratos com as distribuidoras. A varia\u00e7\u00e3o leva em considera\u00e7\u00e3o as oscila\u00e7\u00f5es do petr\u00f3leo Brent e da taxa de c\u00e2mbio.<\/p>\n<p> <strong>Entre no  <a href=\"https:\/\/t.me\/iGBrasilEconomico\" target=\"_blank\" rel=\"noopener nofollow\" data-mce-href=\"https:\/\/t.me\/iGBrasilEconomico\">canal do Brasil Econ\u00f4mico no Telegram<\/a> e fique por dentro de todas as not\u00edcias do dia. Siga tamb\u00e9m o  <a href=\"https:\/\/t.me\/portalig\" target=\"_blank\" rel=\"noopener nofollow\" data-mce-href=\"https:\/\/t.me\/portalig\">perfil geral do Portal iG<\/a> <\/strong>  <\/p>\n<p>No \u00faltimo trimestre, o petr\u00f3leo Brent teve queda de 8,7%, enquanto o c\u00e2mbio teve alta de 1,1%. <\/p>\n<p>Al\u00e9m disso, o valor do transporte do g\u00e1s natural \u00e9 atualizado anualmente em maio, vinculado \u00e0 varia\u00e7\u00e3o do IGP-M. Nesse caso, a atualiza\u00e7\u00e3o ser\u00e1 de cerca de 0,2%.<\/p>\n<div>\n<aside class=\"leiaTambem-container\">\n<h3>Leia tamb\u00e9m<\/h3>\n<ul>\n<li> <a href=\"https:\/\/economia.ig.com.br\/2023-04-17\/ipva-sao-paulo-pagamento-calendario.html\" title=\"SP: Quarta parcela do IPVA 2023 vence para dois grupos nesta segunda\" target=\"_self\" rel=\"noopener\">SP: Quarta parcela do IPVA 2023 vence para dois grupos nesta segunda<\/a> <\/li>\n<li> <a href=\"https:\/\/economia.ig.com.br\/2023-04-17\/lira-votacao-arcabouco-fiscal.html\" title=\"Lira diz que arcabou\u00e7o fiscal passar\u00e1 no Congresso 'sem dificuldade'\" target=\"_self\" rel=\"noopener\">Lira diz que arcabou\u00e7o fiscal passar\u00e1 no Congresso &#8216;sem dificuldade&#8217;<\/a> <\/li>\n<li> <a href=\"https:\/\/economia.ig.com.br\/2023-04-17\/lira-congresso-aumentar-imposto.html\" title=\"Reforma tribut\u00e1ria: Congresso n\u00e3o vai elevar impostos, diz Lira\" target=\"_self\" rel=\"noopener\">Reforma tribut\u00e1ria: Congresso n\u00e3o vai elevar impostos, diz Lira<\/a> <\/li>\n<\/ul>\n<\/aside>\n<\/div>\n<p class=\"\">Segundo a Petrobras, o pre\u00e7o do g\u00e1s natural vendido pela estatal para as distribuidoras acumular\u00e1 queda de aproximadamente 19% no ano quando os reajustes forem aplicados.  <\/p>\n<p>O pre\u00e7o ao consumidor leva em considera\u00e7\u00e3o tamb\u00e9m outros fatores, portanto ainda n\u00e3o \u00e9 poss\u00edvel saber a taxa de redu\u00e7\u00e3o final. A queda de pre\u00e7o n\u00e3o afeta o g\u00e1s de cozinha (GLP).  <\/p>\n<p id=\"infocoweb_fonte\" class=\"infocoweb_fonte\">Fonte: <a target=\"_blank\" href=\"http:\/\/economia.ig.com.br\/2023-04-17\/petrobras-anuncia-queda-preco-gas-natural.html#3e65f9da-bebc-4c84-9086-fde0dc313056\" rel=\"noopener\">Economia<\/a><\/p>\n","protected":false},"excerpt":{"rendered":"<p>Fernando Fraz\u00e3o\/Ag\u00eancia Brasil Petrobras anuncia redu\u00e7\u00e3o de pre\u00e7o do g\u00e1s natural A Petrobras anunciou nesta segunda-feira (17) que vai reduzir em 8,1% o pre\u00e7o do g\u00e1s natural vendido \u00e0s distribuidoras a partir do dia 1\u00ba de maio. Trimestralmente, a estatal realiza o reajuste do pre\u00e7o do g\u00e1s natural, como preveem os contratos com as distribuidoras. [&hellip;]<\/p>\n","protected":false},"author":5,"featured_media":28645,"comment_status":"open","ping_status":"open","sticky":false,"template":"","format":"standard","meta":{"_acf_changed":false,"_angie_page":false,"_monsterinsights_skip_tracking":false,"_themeisle_gutenberg_block_has_review":false,"page_builder":"","footnotes":"","jetpack_publicize_message":"","jetpack_publicize_feature_enabled":true,"jetpack_social_post_already_shared":false,"jetpack_social_options":{"image_generator_settings":{"template":"highway","default_image_id":0,"font":"","enabled":false},"version":2}},"categories":[167],"tags":[464,3647,463,1575],"class_list":["post-28644","post","type-post","status-publish","format-standard","has-post-thumbnail","hentry","category-geral","tag-anuncia","tag-natural","tag-petrobras","tag-queda"],"acf":[],"nelio_content":{"autoShareEndMode":"never","automationSources":{"useCustomSentences":false,"customSentences":[]},"efiAlt":"","efiUrl":"","followers":[5],"highlights":[],"isAutoShareEnabled":true,"networkImageIds":[],"permalinkQueryArgs":[],"series":[],"suggestedReferences":[]},"yoast_head":"<!-- This site is optimized with the Yoast SEO plugin v28.3 - https:\/\/yoast.com\/product\/yoast-seo-wordpress\/ -->\n<title>Petrobras anuncia queda de 8,1% no pre\u00e7o do g\u00e1s natural<\/title>\n<meta name=\"description\" content=\"Petrobras anuncia queda de 8,1% no pre\u00e7o do g\u00e1s natural\" \/>\n<meta name=\"robots\" content=\"index, follow, max-snippet:-1, max-image-preview:large, max-video-preview:-1\" \/>\n<link rel=\"canonical\" href=\"https:\/\/www.fatosefotosnews.com.br\/?p=28644\" \/>\n<meta property=\"og:locale\" content=\"pt_BR\" \/>\n<meta property=\"og:type\" content=\"article\" \/>\n<meta property=\"og:title\" content=\"Petrobras anuncia queda de 8,1% no pre\u00e7o do g\u00e1s natural\" \/>\n<meta property=\"og:description\" content=\"Petrobras anuncia queda de 8,1% no pre\u00e7o do g\u00e1s natural\" \/>\n<meta property=\"og:url\" content=\"https:\/\/www.fatosefotosnews.com.br\/?p=28644\" \/>\n<meta property=\"og:site_name\" content=\"Fatos e Fotos News\" \/>\n<meta property=\"article:published_time\" content=\"2023-04-17T13:46:35+00:00\" \/>\n<meta property=\"og:image\" content=\"https:\/\/www.fatosefotosnews.com.br\/wp-content\/uploads\/2023\/04\/d24f5ef534d5f89e4bd17bb317be525f.jpeg\" \/>\n\t<meta property=\"og:image:width\" content=\"1024\" \/>\n\t<meta property=\"og:image:height\" content=\"576\" \/>\n\t<meta property=\"og:image:type\" content=\"image\/jpeg\" \/>\n<meta name=\"author\" content=\"Da Reda\u00e7\u00e3o\" \/>\n<meta name=\"twitter:card\" content=\"summary_large_image\" \/>\n<meta name=\"twitter:label1\" content=\"Escrito por\" \/>\n\t<meta name=\"twitter:data1\" content=\"Da Reda\u00e7\u00e3o\" \/>\n\t<meta name=\"twitter:label2\" content=\"Est. tempo de leitura\" \/>\n\t<meta name=\"twitter:data2\" content=\"99 minutos\" \/>\n<script type=\"application\/ld+json\" class=\"yoast-schema-graph\">{\"@context\":\"https:\\\/\\\/schema.org\",\"@graph\":[{\"@type\":\"Article\",\"@id\":\"https:\\\/\\\/www.fatosefotosnews.com.br\\\/?p=28644#article\",\"isPartOf\":{\"@id\":\"https:\\\/\\\/www.fatosefotosnews.com.br\\\/?p=28644\"},\"author\":{\"name\":\"Da Reda\u00e7\u00e3o\",\"@id\":\"https:\\\/\\\/www.fatosefotosnews.com.br\\\/#\\\/schema\\\/person\\\/3b80f81d08670fb1f6690e07eb8b5dc6\"},\"headline\":\"Petrobras anuncia queda de 8,1% no pre\u00e7o do g\u00e1s natural\",\"datePublished\":\"2023-04-17T13:46:35+00:00\",\"mainEntityOfPage\":{\"@id\":\"https:\\\/\\\/www.fatosefotosnews.com.br\\\/?p=28644\"},\"wordCount\":273,\"commentCount\":0,\"publisher\":{\"@id\":\"https:\\\/\\\/www.fatosefotosnews.com.br\\\/#organization\"},\"image\":{\"@id\":\"https:\\\/\\\/www.fatosefotosnews.com.br\\\/?p=28644#primaryimage\"},\"thumbnailUrl\":\"https:\\\/\\\/www.fatosefotosnews.com.br\\\/wp-content\\\/uploads\\\/2023\\\/04\\\/d24f5ef534d5f89e4bd17bb317be525f.jpeg\",\"keywords\":[\"anuncia\",\"natural\",\"petrobras\",\"queda\"],\"articleSection\":[\"Geral\"],\"inLanguage\":\"pt-BR\",\"potentialAction\":[{\"@type\":\"CommentAction\",\"name\":\"Comment\",\"target\":[\"https:\\\/\\\/www.fatosefotosnews.com.br\\\/?p=28644#respond\"]}]},{\"@type\":\"WebPage\",\"@id\":\"https:\\\/\\\/www.fatosefotosnews.com.br\\\/?p=28644\",\"url\":\"https:\\\/\\\/www.fatosefotosnews.com.br\\\/?p=28644\",\"name\":\"Petrobras anuncia queda de 8,1% no pre\u00e7o do g\u00e1s natural\",\"isPartOf\":{\"@id\":\"https:\\\/\\\/www.fatosefotosnews.com.br\\\/#website\"},\"primaryImageOfPage\":{\"@id\":\"https:\\\/\\\/www.fatosefotosnews.com.br\\\/?p=28644#primaryimage\"},\"image\":{\"@id\":\"https:\\\/\\\/www.fatosefotosnews.com.br\\\/?p=28644#primaryimage\"},\"thumbnailUrl\":\"https:\\\/\\\/www.fatosefotosnews.com.br\\\/wp-content\\\/uploads\\\/2023\\\/04\\\/d24f5ef534d5f89e4bd17bb317be525f.jpeg\",\"datePublished\":\"2023-04-17T13:46:35+00:00\",\"description\":\"Petrobras anuncia queda de 8,1% no pre\u00e7o do g\u00e1s natural\",\"breadcrumb\":{\"@id\":\"https:\\\/\\\/www.fatosefotosnews.com.br\\\/?p=28644#breadcrumb\"},\"inLanguage\":\"pt-BR\",\"potentialAction\":[{\"@type\":\"ReadAction\",\"target\":[\"https:\\\/\\\/www.fatosefotosnews.com.br\\\/?p=28644\"]}]},{\"@type\":\"ImageObject\",\"inLanguage\":\"pt-BR\",\"@id\":\"https:\\\/\\\/www.fatosefotosnews.com.br\\\/?p=28644#primaryimage\",\"url\":\"https:\\\/\\\/www.fatosefotosnews.com.br\\\/wp-content\\\/uploads\\\/2023\\\/04\\\/d24f5ef534d5f89e4bd17bb317be525f.jpeg\",\"contentUrl\":\"https:\\\/\\\/www.fatosefotosnews.com.br\\\/wp-content\\\/uploads\\\/2023\\\/04\\\/d24f5ef534d5f89e4bd17bb317be525f.jpeg\",\"width\":1024,\"height\":576,\"caption\":\"Fernando Fraz\u00e3o\\\/Ag\u00eancia Brasil Petrobras anuncia redu\u00e7\u00e3o de pre\u00e7o do g\u00e1s natural\"},{\"@type\":\"BreadcrumbList\",\"@id\":\"https:\\\/\\\/www.fatosefotosnews.com.br\\\/?p=28644#breadcrumb\",\"itemListElement\":[{\"@type\":\"ListItem\",\"position\":1,\"name\":\"In\u00edcio\",\"item\":\"https:\\\/\\\/www.fatosefotosnews.com.br\\\/\"},{\"@type\":\"ListItem\",\"position\":2,\"name\":\"Petrobras anuncia queda de 8,1% no pre\u00e7o do g\u00e1s natural\"}]},{\"@type\":\"WebSite\",\"@id\":\"https:\\\/\\\/www.fatosefotosnews.com.br\\\/#website\",\"url\":\"https:\\\/\\\/www.fatosefotosnews.com.br\\\/\",\"name\":\"Fatos e Fotos News\",\"description\":\"Um site de noticial verdadeira e confi\u00e1veis.\",\"publisher\":{\"@id\":\"https:\\\/\\\/www.fatosefotosnews.com.br\\\/#organization\"},\"potentialAction\":[{\"@type\":\"SearchAction\",\"target\":{\"@type\":\"EntryPoint\",\"urlTemplate\":\"https:\\\/\\\/www.fatosefotosnews.com.br\\\/?s={search_term_string}\"},\"query-input\":{\"@type\":\"PropertyValueSpecification\",\"valueRequired\":true,\"valueName\":\"search_term_string\"}}],\"inLanguage\":\"pt-BR\"},{\"@type\":\"Organization\",\"@id\":\"https:\\\/\\\/www.fatosefotosnews.com.br\\\/#organization\",\"name\":\"Fatos e Fotos News\",\"url\":\"https:\\\/\\\/www.fatosefotosnews.com.br\\\/\",\"logo\":{\"@type\":\"ImageObject\",\"inLanguage\":\"pt-BR\",\"@id\":\"https:\\\/\\\/www.fatosefotosnews.com.br\\\/#\\\/schema\\\/logo\\\/image\\\/\",\"url\":\"https:\\\/\\\/www.fatosefotosnews.com.br\\\/wp-content\\\/uploads\\\/2023\\\/02\\\/Fatos-e-Fotos-news-logo.png\",\"contentUrl\":\"https:\\\/\\\/www.fatosefotosnews.com.br\\\/wp-content\\\/uploads\\\/2023\\\/02\\\/Fatos-e-Fotos-news-logo.png\",\"width\":300,\"height\":58,\"caption\":\"Fatos e Fotos News\"},\"image\":{\"@id\":\"https:\\\/\\\/www.fatosefotosnews.com.br\\\/#\\\/schema\\\/logo\\\/image\\\/\"}},{\"@type\":\"Person\",\"@id\":\"https:\\\/\\\/www.fatosefotosnews.com.br\\\/#\\\/schema\\\/person\\\/3b80f81d08670fb1f6690e07eb8b5dc6\",\"name\":\"Da Reda\u00e7\u00e3o\",\"image\":{\"@type\":\"ImageObject\",\"inLanguage\":\"pt-BR\",\"@id\":\"https:\\\/\\\/secure.gravatar.com\\\/avatar\\\/696d39935a657bf0fc95044dbc9f912520430a0eb6dd46c85dd97eb6483b249b?s=96&d=mm&r=g\",\"url\":\"https:\\\/\\\/secure.gravatar.com\\\/avatar\\\/696d39935a657bf0fc95044dbc9f912520430a0eb6dd46c85dd97eb6483b249b?s=96&d=mm&r=g\",\"contentUrl\":\"https:\\\/\\\/secure.gravatar.com\\\/avatar\\\/696d39935a657bf0fc95044dbc9f912520430a0eb6dd46c85dd97eb6483b249b?s=96&d=mm&r=g\",\"caption\":\"Da Reda\u00e7\u00e3o\"},\"url\":\"https:\\\/\\\/www.fatosefotosnews.com.br\\\/?author=5\"}]}<\/script>\n<!-- \/ Yoast SEO plugin. -->","yoast_head_json":{"title":"Petrobras anuncia queda de 8,1% no pre\u00e7o do g\u00e1s natural","description":"Petrobras anuncia queda de 8,1% no pre\u00e7o do g\u00e1s natural","robots":{"index":"index","follow":"follow","max-snippet":"max-snippet:-1","max-image-preview":"max-image-preview:large","max-video-preview":"max-video-preview:-1"},"canonical":"https:\/\/www.fatosefotosnews.com.br\/?p=28644","og_locale":"pt_BR","og_type":"article","og_title":"Petrobras anuncia queda de 8,1% no pre\u00e7o do g\u00e1s natural","og_description":"Petrobras anuncia queda de 8,1% no pre\u00e7o do g\u00e1s natural","og_url":"https:\/\/www.fatosefotosnews.com.br\/?p=28644","og_site_name":"Fatos e Fotos News","article_published_time":"2023-04-17T13:46:35+00:00","og_image":[{"width":1024,"height":576,"url":"https:\/\/www.fatosefotosnews.com.br\/wp-content\/uploads\/2023\/04\/d24f5ef534d5f89e4bd17bb317be525f.jpeg","type":"image\/jpeg"}],"author":"Da Reda\u00e7\u00e3o","twitter_card":"summary_large_image","twitter_misc":{"Escrito por":"Da Reda\u00e7\u00e3o","Est. tempo de leitura":"99 minutos"},"schema":{"@context":"https:\/\/schema.org","@graph":[{"@type":"Article","@id":"https:\/\/www.fatosefotosnews.com.br\/?p=28644#article","isPartOf":{"@id":"https:\/\/www.fatosefotosnews.com.br\/?p=28644"},"author":{"name":"Da Reda\u00e7\u00e3o","@id":"https:\/\/www.fatosefotosnews.com.br\/#\/schema\/person\/3b80f81d08670fb1f6690e07eb8b5dc6"},"headline":"Petrobras anuncia queda de 8,1% no pre\u00e7o do g\u00e1s natural","datePublished":"2023-04-17T13:46:35+00:00","mainEntityOfPage":{"@id":"https:\/\/www.fatosefotosnews.com.br\/?p=28644"},"wordCount":273,"commentCount":0,"publisher":{"@id":"https:\/\/www.fatosefotosnews.com.br\/#organization"},"image":{"@id":"https:\/\/www.fatosefotosnews.com.br\/?p=28644#primaryimage"},"thumbnailUrl":"https:\/\/www.fatosefotosnews.com.br\/wp-content\/uploads\/2023\/04\/d24f5ef534d5f89e4bd17bb317be525f.jpeg","keywords":["anuncia","natural","petrobras","queda"],"articleSection":["Geral"],"inLanguage":"pt-BR","potentialAction":[{"@type":"CommentAction","name":"Comment","target":["https:\/\/www.fatosefotosnews.com.br\/?p=28644#respond"]}]},{"@type":"WebPage","@id":"https:\/\/www.fatosefotosnews.com.br\/?p=28644","url":"https:\/\/www.fatosefotosnews.com.br\/?p=28644","name":"Petrobras anuncia queda de 8,1% no pre\u00e7o do g\u00e1s natural","isPartOf":{"@id":"https:\/\/www.fatosefotosnews.com.br\/#website"},"primaryImageOfPage":{"@id":"https:\/\/www.fatosefotosnews.com.br\/?p=28644#primaryimage"},"image":{"@id":"https:\/\/www.fatosefotosnews.com.br\/?p=28644#primaryimage"},"thumbnailUrl":"https:\/\/www.fatosefotosnews.com.br\/wp-content\/uploads\/2023\/04\/d24f5ef534d5f89e4bd17bb317be525f.jpeg","datePublished":"2023-04-17T13:46:35+00:00","description":"Petrobras anuncia queda de 8,1% no pre\u00e7o do g\u00e1s natural","breadcrumb":{"@id":"https:\/\/www.fatosefotosnews.com.br\/?p=28644#breadcrumb"},"inLanguage":"pt-BR","potentialAction":[{"@type":"ReadAction","target":["https:\/\/www.fatosefotosnews.com.br\/?p=28644"]}]},{"@type":"ImageObject","inLanguage":"pt-BR","@id":"https:\/\/www.fatosefotosnews.com.br\/?p=28644#primaryimage","url":"https:\/\/www.fatosefotosnews.com.br\/wp-content\/uploads\/2023\/04\/d24f5ef534d5f89e4bd17bb317be525f.jpeg","contentUrl":"https:\/\/www.fatosefotosnews.com.br\/wp-content\/uploads\/2023\/04\/d24f5ef534d5f89e4bd17bb317be525f.jpeg","width":1024,"height":576,"caption":"Fernando Fraz\u00e3o\/Ag\u00eancia Brasil Petrobras anuncia redu\u00e7\u00e3o de pre\u00e7o do g\u00e1s natural"},{"@type":"BreadcrumbList","@id":"https:\/\/www.fatosefotosnews.com.br\/?p=28644#breadcrumb","itemListElement":[{"@type":"ListItem","position":1,"name":"In\u00edcio","item":"https:\/\/www.fatosefotosnews.com.br\/"},{"@type":"ListItem","position":2,"name":"Petrobras anuncia queda de 8,1% no pre\u00e7o do g\u00e1s natural"}]},{"@type":"WebSite","@id":"https:\/\/www.fatosefotosnews.com.br\/#website","url":"https:\/\/www.fatosefotosnews.com.br\/","name":"Fatos e Fotos News","description":"Um site de noticial verdadeira e confi\u00e1veis.","publisher":{"@id":"https:\/\/www.fatosefotosnews.com.br\/#organization"},"potentialAction":[{"@type":"SearchAction","target":{"@type":"EntryPoint","urlTemplate":"https:\/\/www.fatosefotosnews.com.br\/?s={search_term_string}"},"query-input":{"@type":"PropertyValueSpecification","valueRequired":true,"valueName":"search_term_string"}}],"inLanguage":"pt-BR"},{"@type":"Organization","@id":"https:\/\/www.fatosefotosnews.com.br\/#organization","name":"Fatos e Fotos News","url":"https:\/\/www.fatosefotosnews.com.br\/","logo":{"@type":"ImageObject","inLanguage":"pt-BR","@id":"https:\/\/www.fatosefotosnews.com.br\/#\/schema\/logo\/image\/","url":"https:\/\/www.fatosefotosnews.com.br\/wp-content\/uploads\/2023\/02\/Fatos-e-Fotos-news-logo.png","contentUrl":"https:\/\/www.fatosefotosnews.com.br\/wp-content\/uploads\/2023\/02\/Fatos-e-Fotos-news-logo.png","width":300,"height":58,"caption":"Fatos e Fotos News"},"image":{"@id":"https:\/\/www.fatosefotosnews.com.br\/#\/schema\/logo\/image\/"}},{"@type":"Person","@id":"https:\/\/www.fatosefotosnews.com.br\/#\/schema\/person\/3b80f81d08670fb1f6690e07eb8b5dc6","name":"Da Reda\u00e7\u00e3o","image":{"@type":"ImageObject","inLanguage":"pt-BR","@id":"https:\/\/secure.gravatar.com\/avatar\/696d39935a657bf0fc95044dbc9f912520430a0eb6dd46c85dd97eb6483b249b?s=96&d=mm&r=g","url":"https:\/\/secure.gravatar.com\/avatar\/696d39935a657bf0fc95044dbc9f912520430a0eb6dd46c85dd97eb6483b249b?s=96&d=mm&r=g","contentUrl":"https:\/\/secure.gravatar.com\/avatar\/696d39935a657bf0fc95044dbc9f912520430a0eb6dd46c85dd97eb6483b249b?s=96&d=mm&r=g","caption":"Da Reda\u00e7\u00e3o"},"url":"https:\/\/www.fatosefotosnews.com.br\/?author=5"}]}},"jetpack_publicize_connections":[],"blog_post_layout_featured_media_urls":{"thumbnail":["https:\/\/www.fatosefotosnews.com.br\/wp-content\/uploads\/2023\/04\/d24f5ef534d5f89e4bd17bb317be525f-150x150.jpeg",150,150,true],"full":["https:\/\/www.fatosefotosnews.com.br\/wp-content\/uploads\/2023\/04\/d24f5ef534d5f89e4bd17bb317be525f.jpeg",1024,576,false]},"categories_names":{"167":{"name":"Geral","link":"https:\/\/www.fatosefotosnews.com.br\/?cat=167"}},"tags_names":{"464":{"name":"anuncia","link":"https:\/\/www.fatosefotosnews.com.br\/?tag=anuncia"},"3647":{"name":"natural","link":"https:\/\/www.fatosefotosnews.com.br\/?tag=natural"},"463":{"name":"petrobras","link":"https:\/\/www.fatosefotosnews.com.br\/?tag=petrobras"},"1575":{"name":"queda","link":"https:\/\/www.fatosefotosnews.com.br\/?tag=queda"}},"comments_number":"0","wpmagazine_modules_lite_featured_media_urls":{"thumbnail":["https:\/\/www.fatosefotosnews.com.br\/wp-content\/uploads\/2023\/04\/d24f5ef534d5f89e4bd17bb317be525f-150x150.jpeg",150,150,true],"cvmm-medium":["https:\/\/www.fatosefotosnews.com.br\/wp-content\/uploads\/2023\/04\/d24f5ef534d5f89e4bd17bb317be525f-300x300.jpeg",300,300,true],"cvmm-medium-plus":["https:\/\/www.fatosefotosnews.com.br\/wp-content\/uploads\/2023\/04\/d24f5ef534d5f89e4bd17bb317be525f-305x207.jpeg",305,207,true],"cvmm-portrait":["https:\/\/www.fatosefotosnews.com.br\/wp-content\/uploads\/2023\/04\/d24f5ef534d5f89e4bd17bb317be525f-400x576.jpeg",400,576,true],"cvmm-medium-square":["https:\/\/www.fatosefotosnews.com.br\/wp-content\/uploads\/2023\/04\/d24f5ef534d5f89e4bd17bb317be525f-600x576.jpeg",600,576,true],"cvmm-large":["https:\/\/www.fatosefotosnews.com.br\/wp-content\/uploads\/2023\/04\/d24f5ef534d5f89e4bd17bb317be525f.jpeg",1024,576,false],"cvmm-small":["https:\/\/www.fatosefotosnews.com.br\/wp-content\/uploads\/2023\/04\/d24f5ef534d5f89e4bd17bb317be525f-130x95.jpeg",130,95,true],"full":["https:\/\/www.fatosefotosnews.com.br\/wp-content\/uploads\/2023\/04\/d24f5ef534d5f89e4bd17bb317be525f.jpeg",1024,576,false]},"_links":{"self":[{"href":"https:\/\/www.fatosefotosnews.com.br\/index.php?rest_route=\/wp\/v2\/posts\/28644","targetHints":{"allow":["GET"]}}],"collection":[{"href":"https:\/\/www.fatosefotosnews.com.br\/index.php?rest_route=\/wp\/v2\/posts"}],"about":[{"href":"https:\/\/www.fatosefotosnews.com.br\/index.php?rest_route=\/wp\/v2\/types\/post"}],"author":[{"embeddable":true,"href":"https:\/\/www.fatosefotosnews.com.br\/index.php?rest_route=\/wp\/v2\/users\/5"}],"replies":[{"embeddable":true,"href":"https:\/\/www.fatosefotosnews.com.br\/index.php?rest_route=%2Fwp%2Fv2%2Fcomments&post=28644"}],"version-history":[{"count":0,"href":"https:\/\/www.fatosefotosnews.com.br\/index.php?rest_route=\/wp\/v2\/posts\/28644\/revisions"}],"wp:featuredmedia":[{"embeddable":true,"href":"https:\/\/www.fatosefotosnews.com.br\/index.php?rest_route=\/wp\/v2\/media\/28645"}],"wp:attachment":[{"href":"https:\/\/www.fatosefotosnews.com.br\/index.php?rest_route=%2Fwp%2Fv2%2Fmedia&parent=28644"}],"wp:term":[{"taxonomy":"category","embeddable":true,"href":"https:\/\/www.fatosefotosnews.com.br\/index.php?rest_route=%2Fwp%2Fv2%2Fcategories&post=28644"},{"taxonomy":"post_tag","embeddable":true,"href":"https:\/\/www.fatosefotosnews.com.br\/index.php?rest_route=%2Fwp%2Fv2%2Ftags&post=28644"}],"curies":[{"name":"wp","href":"https:\/\/api.w.org\/{rel}","templated":true}]}}