{"id":29406,"date":"2023-04-20T12:17:08","date_gmt":"2023-04-20T15:17:08","guid":{"rendered":"https:\/\/www.fatosefotosnews.com.br\/governo-anuncia-medidas-para-estimular-e-baratear-o-credito-confira\/"},"modified":"2023-04-20T12:17:08","modified_gmt":"2023-04-20T15:17:08","slug":"governo-anuncia-medidas-para-estimular-e-baratear-o-credito-confira","status":"publish","type":"post","link":"https:\/\/www.fatosefotosnews.com.br\/?p=29406","title":{"rendered":"Governo anuncia medidas para estimular e baratear o cr\u00e9dito; confira"},"content":{"rendered":"<p><meta name=\"robots\" content=\"noindex\"><mreta name=\"googlebot\" content=\"noindex\"><\/p>\n<div class=\"Noticia_Foto fato\">\n<figure class=\"foto-legenda\" style=\"position: relative\">\n<div class=\"foto-legenda-img\"> <img fetchpriority=\"high\" decoding=\"async\" src=\"https:\/\/i0.statig.com.br\/bancodeimagens\/33\/pg\/0q\/33pg0qqre3f0ylfzty911g2jz.jpg\" width=\"906\" height=\"509\" alt=\"Minist\u00e9rio da Fazenda anunciou medidas nesta quinta\" title=\"Minist\u00e9rio da Fazenda anunciou medidas nesta quinta\"> <\/div><figcaption class=\"foto-legenda-citacao\"> <cite>Reprodu\u00e7\u00e3o\/Diogo Zacarias &#8211; 30\/03\/2023<\/cite> <\/p>\n<div class=\"foto-legenda-citacao-text\">Minist\u00e9rio da Fazenda anunciou medidas nesta quinta<\/div>\n<\/figcaption><\/figure>\n<\/p>\n<\/div>\n<p class=\"\">O Minist\u00e9rio da Fazenda anunciou nesta quinta-feira (20) uma s\u00e9rie de medidas para facilitar o acesso ao cr\u00e9dito e reduzir as taxas de juros. No total, foram 13 medidas anunciadas, incluindo algumas que j\u00e1 tramitam no Congresso Nacional, sobre as quais o governo vai pedir urg\u00eancia.  <\/p>\n<p>De acordo com o minist\u00e9rio, o objetivo \u00e9 reduzir inefici\u00eancias do mercado de cr\u00e9dito, proteger investidores no mercado de capitais e melhorar o funcionamento de institui\u00e7\u00f5es que d\u00e3o suporte aos mercados banc\u00e1rio e de capitais. <\/p>\n<p>&#8220;O custo do cr\u00e9dito no Brasil, a meu ver, tem problemas estruturais, inadimpl\u00eancia, baixa concorr\u00eancia, assimetria de informa\u00e7\u00f5es, mecanismos insuficientes para investidores e poupadores&#8221;, disse o secret\u00e1rio de Reformas Econ\u00f4micas, Marcos Barbosa Pinto, durante o an\u00fancio das medidas.<\/p>\n<p> <strong>Entre no  <a href=\"https:\/\/t.me\/iGBrasilEconomico\" target=\"_blank\" rel=\"noopener nofollow\" data-mce-href=\"https:\/\/t.me\/iGBrasilEconomico\">canal do Brasil Econ\u00f4mico no Telegram<\/a> e fique por dentro de todas as not\u00edcias do dia. Siga tamb\u00e9m o  <a href=\"https:\/\/t.me\/portalig\" target=\"_blank\" rel=\"noopener nofollow\" data-mce-href=\"https:\/\/t.me\/portalig\">perfil geral do Portal iG<\/a> <\/strong>  <\/p>\n<p>Entre elas, est\u00e1 um projeto de lei que autoriza a utiliza\u00e7\u00e3o de recursos de planos de previd\u00eancia, seguros pessoais e t\u00edtulos de capitaliza\u00e7\u00e3o como garantia para opera\u00e7\u00f5es de cr\u00e9dito. De acordo com o Minist\u00e9rio da Fazenda, essa garantia pode fazer com que os consumidores tenham acesso a juros menores.<\/p>\n<p>Outra medida \u00e9 a  <a href=\"https:\/\/economia.ig.com.br\/2023-04-20\/minimo-existencial-dobro-governo-federal.html\" data-mce-href=\"https:\/\/economia.ig.com.br\/2023-04-20\/minimo-existencial-dobro-governo-federal.html\">mudan\u00e7a no valor do chamado m\u00ednimo existencial<\/a>  de pessoas superendividadas. Atualmente, quem tem muitas d\u00edvidas pode renegoci\u00e1-las garantindo que 25% do sal\u00e1rio m\u00ednimo (R$ 303) permane\u00e7a livre mensalmente. A mudan\u00e7a proposta pelo governo \u00e9 que esse valor suba para R$ 600, o m\u00ednimo do Bolsa Fam\u00edlia. Estima-se que 6 milh\u00f5es de pessoas ser\u00e3o beneficiadas por essa medida e que a negocia\u00e7\u00e3o de R$ 30 bilh\u00f5es em d\u00edvidas ser\u00e1 garantida.<\/p>\n<p>Outra medida de destaque \u00e9 um projeto que prop\u00f5e que investidores lesados possam propor a\u00e7\u00f5es civis coletivas contra administradores e acionistas majorit\u00e1rios de uma empresa que cometeu algum il\u00edcito, como j\u00e1 acontece nos Estados Unidos.<\/p>\n<div>\n<aside class=\"leiaTambem-container\">\n<h3>Leia tamb\u00e9m<\/h3>\n<ul>\n<li> <a href=\"https:\/\/economia.ig.com.br\/2023-04-20\/pacheco-arcabouco-fiscal-maio.html\" title=\"Arcabou\u00e7o fiscal deve ser aprovado at\u00e9 maio, diz Pacheco\" target=\"_self\" rel=\"noopener\">Arcabou\u00e7o fiscal deve ser aprovado at\u00e9 maio, diz Pacheco<\/a> <\/li>\n<li> <a href=\"https:\/\/economia.ig.com.br\/2023-04-20\/funcionamento-bancos-inss-feriado.html.ampstories\" title=\"Veja o funcionamento de bancos e ag\u00eancias do INSS neste feriado\" target=\"_self\" rel=\"noopener\">Veja o funcionamento de bancos e ag\u00eancias do INSS neste feriado<\/a> <\/li>\n<li> <a href=\"https:\/\/economia.ig.com.br\/2023-04-20\/adolescente-deficiencia-beneficio-inss.html\" title=\"Adolescente com defici\u00eancia psicomotora vai receber benef\u00edcio do INSS\" target=\"_self\" rel=\"noopener\">Adolescente com defici\u00eancia psicomotora vai receber benef\u00edcio do INSS<\/a> <\/li>\n<\/ul>\n<\/aside>\n<\/div>\n<p class=\"\">&#8220;\u00c9 muito dif\u00edcil para os investidores que sofrem preju\u00edzos obter ressarcimento contra aqueles que infringiram a legisla\u00e7\u00e3o. A gente teve caso recente de d\u00favida sobre a qualidade de informa\u00e7\u00e3o financeira prestada ao mercado. Na medida em que for constatado que a informa\u00e7\u00e3o foi prestada de forma falsa, a gente est\u00e1 prevendo mecanismos para buscar ressarcimento contra os administradores e controladores&#8221;, disse o secret\u00e1rio, em uma poss\u00edvel refer\u00eancia ao <a href=\"https:\/\/economia.ig.com.br\/2023-04-07\/americanas-data-recuperacao-judicial.html\" data-mce-href=\"https:\/\/economia.ig.com.br\/2023-04-07\/americanas-data-recuperacao-judicial.html\">caso da Americanas<\/a> .  <\/p>\n<p>Outras medidas anunciadas s\u00e3o a simplifica\u00e7\u00e3o do compartilhamento de informa\u00e7\u00f5es entre clientes e institui\u00e7\u00f5es financeiras, um projeto de lei que visa a cria\u00e7\u00e3o do Real Digital, a redu\u00e7\u00e3o de exig\u00eancias burocr\u00e1ticas na concess\u00e3o de cr\u00e9dito e a amplia\u00e7\u00e3o da atua\u00e7\u00e3o das cooperativas de seguros.  <\/p>\n<p id=\"infocoweb_fonte\" class=\"infocoweb_fonte\">Fonte: <a target=\"_blank\" href=\"http:\/\/economia.ig.com.br\/2023-04-20\/governo-anuncia-medidas-credito.html#63da4f82-668a-47cc-afd8-3f8c47797b8e\" rel=\"noopener\">Economia<\/a><\/p>\n","protected":false},"excerpt":{"rendered":"<p>Reprodu\u00e7\u00e3o\/Diogo Zacarias &#8211; 30\/03\/2023 Minist\u00e9rio da Fazenda anunciou medidas nesta quinta O Minist\u00e9rio da Fazenda anunciou nesta quinta-feira (20) uma s\u00e9rie de medidas para facilitar o acesso ao cr\u00e9dito e reduzir as taxas de juros. No total, foram 13 medidas anunciadas, incluindo algumas que j\u00e1 tramitam no Congresso Nacional, sobre as quais o governo vai [&hellip;]<\/p>\n","protected":false},"author":5,"featured_media":29407,"comment_status":"open","ping_status":"open","sticky":false,"template":"","format":"standard","meta":{"_acf_changed":false,"_angie_page":false,"_monsterinsights_skip_tracking":false,"_themeisle_gutenberg_block_has_review":false,"page_builder":"","footnotes":"","jetpack_publicize_message":"","jetpack_publicize_feature_enabled":true,"jetpack_social_post_already_shared":false,"jetpack_social_options":{"image_generator_settings":{"template":"highway","default_image_id":0,"font":"","enabled":false},"version":2}},"categories":[167],"tags":[464,7848,397,1665,2457,663,1130],"class_list":["post-29406","post","type-post","status-publish","format-standard","has-post-thumbnail","hentry","category-geral","tag-anuncia","tag-baratear","tag-confira","tag-credito","tag-estimular","tag-governo","tag-medidas"],"acf":[],"nelio_content":{"autoShareEndMode":"never","automationSources":{"useCustomSentences":false,"customSentences":[]},"efiAlt":"","efiUrl":"","followers":[5],"highlights":[],"isAutoShareEnabled":true,"networkImageIds":[],"permalinkQueryArgs":[],"series":[],"suggestedReferences":[]},"yoast_head":"<!-- This site is optimized with the Yoast SEO plugin v28.3 - https:\/\/yoast.com\/product\/yoast-seo-wordpress\/ -->\n<title>Governo anuncia medidas para estimular e baratear o cr\u00e9dito; confira<\/title>\n<meta name=\"description\" content=\"Governo anuncia medidas para estimular e baratear o cr\u00e9dito; confira\" \/>\n<meta name=\"robots\" content=\"index, follow, max-snippet:-1, max-image-preview:large, max-video-preview:-1\" \/>\n<link rel=\"canonical\" href=\"https:\/\/www.fatosefotosnews.com.br\/?p=29406\" \/>\n<meta property=\"og:locale\" content=\"pt_BR\" \/>\n<meta property=\"og:type\" content=\"article\" \/>\n<meta property=\"og:title\" content=\"Governo anuncia medidas para estimular e baratear o cr\u00e9dito; confira\" \/>\n<meta property=\"og:description\" content=\"Governo anuncia medidas para estimular e baratear o cr\u00e9dito; confira\" \/>\n<meta property=\"og:url\" content=\"https:\/\/www.fatosefotosnews.com.br\/?p=29406\" \/>\n<meta property=\"og:site_name\" content=\"Fatos e Fotos News\" \/>\n<meta property=\"article:published_time\" content=\"2023-04-20T15:17:08+00:00\" \/>\n<meta property=\"og:image\" content=\"https:\/\/www.fatosefotosnews.com.br\/wp-content\/uploads\/2023\/04\/53a9f2cf01bfb84a76f548e14178c79b.jpeg\" \/>\n\t<meta property=\"og:image:width\" content=\"1024\" \/>\n\t<meta property=\"og:image:height\" content=\"576\" \/>\n\t<meta property=\"og:image:type\" content=\"image\/jpeg\" \/>\n<meta name=\"author\" content=\"Da Reda\u00e7\u00e3o\" \/>\n<meta name=\"twitter:card\" content=\"summary_large_image\" \/>\n<meta name=\"twitter:label1\" content=\"Escrito por\" \/>\n\t<meta name=\"twitter:data1\" content=\"Da Reda\u00e7\u00e3o\" \/>\n\t<meta name=\"twitter:label2\" content=\"Est. tempo de leitura\" \/>\n\t<meta name=\"twitter:data2\" content=\"99 minutos\" \/>\n<script type=\"application\/ld+json\" class=\"yoast-schema-graph\">{\"@context\":\"https:\\\/\\\/schema.org\",\"@graph\":[{\"@type\":\"Article\",\"@id\":\"https:\\\/\\\/www.fatosefotosnews.com.br\\\/?p=29406#article\",\"isPartOf\":{\"@id\":\"https:\\\/\\\/www.fatosefotosnews.com.br\\\/?p=29406\"},\"author\":{\"name\":\"Da Reda\u00e7\u00e3o\",\"@id\":\"https:\\\/\\\/www.fatosefotosnews.com.br\\\/#\\\/schema\\\/person\\\/3b80f81d08670fb1f6690e07eb8b5dc6\"},\"headline\":\"Governo anuncia medidas para estimular e baratear o cr\u00e9dito; confira\",\"datePublished\":\"2023-04-20T15:17:08+00:00\",\"mainEntityOfPage\":{\"@id\":\"https:\\\/\\\/www.fatosefotosnews.com.br\\\/?p=29406\"},\"wordCount\":534,\"commentCount\":0,\"publisher\":{\"@id\":\"https:\\\/\\\/www.fatosefotosnews.com.br\\\/#organization\"},\"image\":{\"@id\":\"https:\\\/\\\/www.fatosefotosnews.com.br\\\/?p=29406#primaryimage\"},\"thumbnailUrl\":\"https:\\\/\\\/www.fatosefotosnews.com.br\\\/wp-content\\\/uploads\\\/2023\\\/04\\\/53a9f2cf01bfb84a76f548e14178c79b.jpeg\",\"keywords\":[\"anuncia\",\"baratear\",\"confira\",\"credito\",\"estimular\",\"governo\",\"medidas\"],\"articleSection\":[\"Geral\"],\"inLanguage\":\"pt-BR\",\"potentialAction\":[{\"@type\":\"CommentAction\",\"name\":\"Comment\",\"target\":[\"https:\\\/\\\/www.fatosefotosnews.com.br\\\/?p=29406#respond\"]}]},{\"@type\":\"WebPage\",\"@id\":\"https:\\\/\\\/www.fatosefotosnews.com.br\\\/?p=29406\",\"url\":\"https:\\\/\\\/www.fatosefotosnews.com.br\\\/?p=29406\",\"name\":\"Governo anuncia medidas para estimular e baratear o cr\u00e9dito; confira\",\"isPartOf\":{\"@id\":\"https:\\\/\\\/www.fatosefotosnews.com.br\\\/#website\"},\"primaryImageOfPage\":{\"@id\":\"https:\\\/\\\/www.fatosefotosnews.com.br\\\/?p=29406#primaryimage\"},\"image\":{\"@id\":\"https:\\\/\\\/www.fatosefotosnews.com.br\\\/?p=29406#primaryimage\"},\"thumbnailUrl\":\"https:\\\/\\\/www.fatosefotosnews.com.br\\\/wp-content\\\/uploads\\\/2023\\\/04\\\/53a9f2cf01bfb84a76f548e14178c79b.jpeg\",\"datePublished\":\"2023-04-20T15:17:08+00:00\",\"description\":\"Governo anuncia medidas para estimular e baratear o cr\u00e9dito; confira\",\"breadcrumb\":{\"@id\":\"https:\\\/\\\/www.fatosefotosnews.com.br\\\/?p=29406#breadcrumb\"},\"inLanguage\":\"pt-BR\",\"potentialAction\":[{\"@type\":\"ReadAction\",\"target\":[\"https:\\\/\\\/www.fatosefotosnews.com.br\\\/?p=29406\"]}]},{\"@type\":\"ImageObject\",\"inLanguage\":\"pt-BR\",\"@id\":\"https:\\\/\\\/www.fatosefotosnews.com.br\\\/?p=29406#primaryimage\",\"url\":\"https:\\\/\\\/www.fatosefotosnews.com.br\\\/wp-content\\\/uploads\\\/2023\\\/04\\\/53a9f2cf01bfb84a76f548e14178c79b.jpeg\",\"contentUrl\":\"https:\\\/\\\/www.fatosefotosnews.com.br\\\/wp-content\\\/uploads\\\/2023\\\/04\\\/53a9f2cf01bfb84a76f548e14178c79b.jpeg\",\"width\":1024,\"height\":576,\"caption\":\"Reprodu\u00e7\u00e3o\\\/Diogo Zacarias - 30\\\/03\\\/2023 Minist\u00e9rio da Fazenda anunciou medidas nesta quinta\"},{\"@type\":\"BreadcrumbList\",\"@id\":\"https:\\\/\\\/www.fatosefotosnews.com.br\\\/?p=29406#breadcrumb\",\"itemListElement\":[{\"@type\":\"ListItem\",\"position\":1,\"name\":\"In\u00edcio\",\"item\":\"https:\\\/\\\/www.fatosefotosnews.com.br\\\/\"},{\"@type\":\"ListItem\",\"position\":2,\"name\":\"Governo anuncia medidas para estimular e baratear o cr\u00e9dito; confira\"}]},{\"@type\":\"WebSite\",\"@id\":\"https:\\\/\\\/www.fatosefotosnews.com.br\\\/#website\",\"url\":\"https:\\\/\\\/www.fatosefotosnews.com.br\\\/\",\"name\":\"Fatos e Fotos News\",\"description\":\"Um site de noticial verdadeira e confi\u00e1veis.\",\"publisher\":{\"@id\":\"https:\\\/\\\/www.fatosefotosnews.com.br\\\/#organization\"},\"potentialAction\":[{\"@type\":\"SearchAction\",\"target\":{\"@type\":\"EntryPoint\",\"urlTemplate\":\"https:\\\/\\\/www.fatosefotosnews.com.br\\\/?s={search_term_string}\"},\"query-input\":{\"@type\":\"PropertyValueSpecification\",\"valueRequired\":true,\"valueName\":\"search_term_string\"}}],\"inLanguage\":\"pt-BR\"},{\"@type\":\"Organization\",\"@id\":\"https:\\\/\\\/www.fatosefotosnews.com.br\\\/#organization\",\"name\":\"Fatos e Fotos News\",\"url\":\"https:\\\/\\\/www.fatosefotosnews.com.br\\\/\",\"logo\":{\"@type\":\"ImageObject\",\"inLanguage\":\"pt-BR\",\"@id\":\"https:\\\/\\\/www.fatosefotosnews.com.br\\\/#\\\/schema\\\/logo\\\/image\\\/\",\"url\":\"https:\\\/\\\/www.fatosefotosnews.com.br\\\/wp-content\\\/uploads\\\/2023\\\/02\\\/Fatos-e-Fotos-news-logo.png\",\"contentUrl\":\"https:\\\/\\\/www.fatosefotosnews.com.br\\\/wp-content\\\/uploads\\\/2023\\\/02\\\/Fatos-e-Fotos-news-logo.png\",\"width\":300,\"height\":58,\"caption\":\"Fatos e Fotos News\"},\"image\":{\"@id\":\"https:\\\/\\\/www.fatosefotosnews.com.br\\\/#\\\/schema\\\/logo\\\/image\\\/\"}},{\"@type\":\"Person\",\"@id\":\"https:\\\/\\\/www.fatosefotosnews.com.br\\\/#\\\/schema\\\/person\\\/3b80f81d08670fb1f6690e07eb8b5dc6\",\"name\":\"Da Reda\u00e7\u00e3o\",\"image\":{\"@type\":\"ImageObject\",\"inLanguage\":\"pt-BR\",\"@id\":\"https:\\\/\\\/secure.gravatar.com\\\/avatar\\\/696d39935a657bf0fc95044dbc9f912520430a0eb6dd46c85dd97eb6483b249b?s=96&d=mm&r=g\",\"url\":\"https:\\\/\\\/secure.gravatar.com\\\/avatar\\\/696d39935a657bf0fc95044dbc9f912520430a0eb6dd46c85dd97eb6483b249b?s=96&d=mm&r=g\",\"contentUrl\":\"https:\\\/\\\/secure.gravatar.com\\\/avatar\\\/696d39935a657bf0fc95044dbc9f912520430a0eb6dd46c85dd97eb6483b249b?s=96&d=mm&r=g\",\"caption\":\"Da Reda\u00e7\u00e3o\"},\"url\":\"https:\\\/\\\/www.fatosefotosnews.com.br\\\/?author=5\"}]}<\/script>\n<!-- \/ Yoast SEO plugin. -->","yoast_head_json":{"title":"Governo anuncia medidas para estimular e baratear o cr\u00e9dito; confira","description":"Governo anuncia medidas para estimular e baratear o cr\u00e9dito; confira","robots":{"index":"index","follow":"follow","max-snippet":"max-snippet:-1","max-image-preview":"max-image-preview:large","max-video-preview":"max-video-preview:-1"},"canonical":"https:\/\/www.fatosefotosnews.com.br\/?p=29406","og_locale":"pt_BR","og_type":"article","og_title":"Governo anuncia medidas para estimular e baratear o cr\u00e9dito; confira","og_description":"Governo anuncia medidas para estimular e baratear o cr\u00e9dito; confira","og_url":"https:\/\/www.fatosefotosnews.com.br\/?p=29406","og_site_name":"Fatos e Fotos News","article_published_time":"2023-04-20T15:17:08+00:00","og_image":[{"width":1024,"height":576,"url":"https:\/\/www.fatosefotosnews.com.br\/wp-content\/uploads\/2023\/04\/53a9f2cf01bfb84a76f548e14178c79b.jpeg","type":"image\/jpeg"}],"author":"Da Reda\u00e7\u00e3o","twitter_card":"summary_large_image","twitter_misc":{"Escrito por":"Da Reda\u00e7\u00e3o","Est. tempo de leitura":"99 minutos"},"schema":{"@context":"https:\/\/schema.org","@graph":[{"@type":"Article","@id":"https:\/\/www.fatosefotosnews.com.br\/?p=29406#article","isPartOf":{"@id":"https:\/\/www.fatosefotosnews.com.br\/?p=29406"},"author":{"name":"Da Reda\u00e7\u00e3o","@id":"https:\/\/www.fatosefotosnews.com.br\/#\/schema\/person\/3b80f81d08670fb1f6690e07eb8b5dc6"},"headline":"Governo anuncia medidas para estimular e baratear o cr\u00e9dito; confira","datePublished":"2023-04-20T15:17:08+00:00","mainEntityOfPage":{"@id":"https:\/\/www.fatosefotosnews.com.br\/?p=29406"},"wordCount":534,"commentCount":0,"publisher":{"@id":"https:\/\/www.fatosefotosnews.com.br\/#organization"},"image":{"@id":"https:\/\/www.fatosefotosnews.com.br\/?p=29406#primaryimage"},"thumbnailUrl":"https:\/\/www.fatosefotosnews.com.br\/wp-content\/uploads\/2023\/04\/53a9f2cf01bfb84a76f548e14178c79b.jpeg","keywords":["anuncia","baratear","confira","credito","estimular","governo","medidas"],"articleSection":["Geral"],"inLanguage":"pt-BR","potentialAction":[{"@type":"CommentAction","name":"Comment","target":["https:\/\/www.fatosefotosnews.com.br\/?p=29406#respond"]}]},{"@type":"WebPage","@id":"https:\/\/www.fatosefotosnews.com.br\/?p=29406","url":"https:\/\/www.fatosefotosnews.com.br\/?p=29406","name":"Governo anuncia medidas para estimular e baratear o cr\u00e9dito; confira","isPartOf":{"@id":"https:\/\/www.fatosefotosnews.com.br\/#website"},"primaryImageOfPage":{"@id":"https:\/\/www.fatosefotosnews.com.br\/?p=29406#primaryimage"},"image":{"@id":"https:\/\/www.fatosefotosnews.com.br\/?p=29406#primaryimage"},"thumbnailUrl":"https:\/\/www.fatosefotosnews.com.br\/wp-content\/uploads\/2023\/04\/53a9f2cf01bfb84a76f548e14178c79b.jpeg","datePublished":"2023-04-20T15:17:08+00:00","description":"Governo anuncia medidas para estimular e baratear o cr\u00e9dito; confira","breadcrumb":{"@id":"https:\/\/www.fatosefotosnews.com.br\/?p=29406#breadcrumb"},"inLanguage":"pt-BR","potentialAction":[{"@type":"ReadAction","target":["https:\/\/www.fatosefotosnews.com.br\/?p=29406"]}]},{"@type":"ImageObject","inLanguage":"pt-BR","@id":"https:\/\/www.fatosefotosnews.com.br\/?p=29406#primaryimage","url":"https:\/\/www.fatosefotosnews.com.br\/wp-content\/uploads\/2023\/04\/53a9f2cf01bfb84a76f548e14178c79b.jpeg","contentUrl":"https:\/\/www.fatosefotosnews.com.br\/wp-content\/uploads\/2023\/04\/53a9f2cf01bfb84a76f548e14178c79b.jpeg","width":1024,"height":576,"caption":"Reprodu\u00e7\u00e3o\/Diogo Zacarias - 30\/03\/2023 Minist\u00e9rio da Fazenda anunciou medidas nesta quinta"},{"@type":"BreadcrumbList","@id":"https:\/\/www.fatosefotosnews.com.br\/?p=29406#breadcrumb","itemListElement":[{"@type":"ListItem","position":1,"name":"In\u00edcio","item":"https:\/\/www.fatosefotosnews.com.br\/"},{"@type":"ListItem","position":2,"name":"Governo anuncia medidas para estimular e baratear o cr\u00e9dito; confira"}]},{"@type":"WebSite","@id":"https:\/\/www.fatosefotosnews.com.br\/#website","url":"https:\/\/www.fatosefotosnews.com.br\/","name":"Fatos e Fotos News","description":"Um site de noticial verdadeira e confi\u00e1veis.","publisher":{"@id":"https:\/\/www.fatosefotosnews.com.br\/#organization"},"potentialAction":[{"@type":"SearchAction","target":{"@type":"EntryPoint","urlTemplate":"https:\/\/www.fatosefotosnews.com.br\/?s={search_term_string}"},"query-input":{"@type":"PropertyValueSpecification","valueRequired":true,"valueName":"search_term_string"}}],"inLanguage":"pt-BR"},{"@type":"Organization","@id":"https:\/\/www.fatosefotosnews.com.br\/#organization","name":"Fatos e Fotos News","url":"https:\/\/www.fatosefotosnews.com.br\/","logo":{"@type":"ImageObject","inLanguage":"pt-BR","@id":"https:\/\/www.fatosefotosnews.com.br\/#\/schema\/logo\/image\/","url":"https:\/\/www.fatosefotosnews.com.br\/wp-content\/uploads\/2023\/02\/Fatos-e-Fotos-news-logo.png","contentUrl":"https:\/\/www.fatosefotosnews.com.br\/wp-content\/uploads\/2023\/02\/Fatos-e-Fotos-news-logo.png","width":300,"height":58,"caption":"Fatos e Fotos News"},"image":{"@id":"https:\/\/www.fatosefotosnews.com.br\/#\/schema\/logo\/image\/"}},{"@type":"Person","@id":"https:\/\/www.fatosefotosnews.com.br\/#\/schema\/person\/3b80f81d08670fb1f6690e07eb8b5dc6","name":"Da Reda\u00e7\u00e3o","image":{"@type":"ImageObject","inLanguage":"pt-BR","@id":"https:\/\/secure.gravatar.com\/avatar\/696d39935a657bf0fc95044dbc9f912520430a0eb6dd46c85dd97eb6483b249b?s=96&d=mm&r=g","url":"https:\/\/secure.gravatar.com\/avatar\/696d39935a657bf0fc95044dbc9f912520430a0eb6dd46c85dd97eb6483b249b?s=96&d=mm&r=g","contentUrl":"https:\/\/secure.gravatar.com\/avatar\/696d39935a657bf0fc95044dbc9f912520430a0eb6dd46c85dd97eb6483b249b?s=96&d=mm&r=g","caption":"Da Reda\u00e7\u00e3o"},"url":"https:\/\/www.fatosefotosnews.com.br\/?author=5"}]}},"jetpack_publicize_connections":[],"blog_post_layout_featured_media_urls":{"thumbnail":["https:\/\/www.fatosefotosnews.com.br\/wp-content\/uploads\/2023\/04\/53a9f2cf01bfb84a76f548e14178c79b-150x150.jpeg",150,150,true],"full":["https:\/\/www.fatosefotosnews.com.br\/wp-content\/uploads\/2023\/04\/53a9f2cf01bfb84a76f548e14178c79b.jpeg",1024,576,false]},"categories_names":{"167":{"name":"Geral","link":"https:\/\/www.fatosefotosnews.com.br\/?cat=167"}},"tags_names":{"464":{"name":"anuncia","link":"https:\/\/www.fatosefotosnews.com.br\/?tag=anuncia"},"7848":{"name":"baratear","link":"https:\/\/www.fatosefotosnews.com.br\/?tag=baratear"},"397":{"name":"confira","link":"https:\/\/www.fatosefotosnews.com.br\/?tag=confira"},"1665":{"name":"credito","link":"https:\/\/www.fatosefotosnews.com.br\/?tag=credito"},"2457":{"name":"estimular","link":"https:\/\/www.fatosefotosnews.com.br\/?tag=estimular"},"663":{"name":"governo","link":"https:\/\/www.fatosefotosnews.com.br\/?tag=governo"},"1130":{"name":"medidas","link":"https:\/\/www.fatosefotosnews.com.br\/?tag=medidas"}},"comments_number":"0","wpmagazine_modules_lite_featured_media_urls":{"thumbnail":["https:\/\/www.fatosefotosnews.com.br\/wp-content\/uploads\/2023\/04\/53a9f2cf01bfb84a76f548e14178c79b-150x150.jpeg",150,150,true],"cvmm-medium":["https:\/\/www.fatosefotosnews.com.br\/wp-content\/uploads\/2023\/04\/53a9f2cf01bfb84a76f548e14178c79b-300x300.jpeg",300,300,true],"cvmm-medium-plus":["https:\/\/www.fatosefotosnews.com.br\/wp-content\/uploads\/2023\/04\/53a9f2cf01bfb84a76f548e14178c79b-305x207.jpeg",305,207,true],"cvmm-portrait":["https:\/\/www.fatosefotosnews.com.br\/wp-content\/uploads\/2023\/04\/53a9f2cf01bfb84a76f548e14178c79b-400x576.jpeg",400,576,true],"cvmm-medium-square":["https:\/\/www.fatosefotosnews.com.br\/wp-content\/uploads\/2023\/04\/53a9f2cf01bfb84a76f548e14178c79b-600x576.jpeg",600,576,true],"cvmm-large":["https:\/\/www.fatosefotosnews.com.br\/wp-content\/uploads\/2023\/04\/53a9f2cf01bfb84a76f548e14178c79b.jpeg",1024,576,false],"cvmm-small":["https:\/\/www.fatosefotosnews.com.br\/wp-content\/uploads\/2023\/04\/53a9f2cf01bfb84a76f548e14178c79b-130x95.jpeg",130,95,true],"full":["https:\/\/www.fatosefotosnews.com.br\/wp-content\/uploads\/2023\/04\/53a9f2cf01bfb84a76f548e14178c79b.jpeg",1024,576,false]},"_links":{"self":[{"href":"https:\/\/www.fatosefotosnews.com.br\/index.php?rest_route=\/wp\/v2\/posts\/29406","targetHints":{"allow":["GET"]}}],"collection":[{"href":"https:\/\/www.fatosefotosnews.com.br\/index.php?rest_route=\/wp\/v2\/posts"}],"about":[{"href":"https:\/\/www.fatosefotosnews.com.br\/index.php?rest_route=\/wp\/v2\/types\/post"}],"author":[{"embeddable":true,"href":"https:\/\/www.fatosefotosnews.com.br\/index.php?rest_route=\/wp\/v2\/users\/5"}],"replies":[{"embeddable":true,"href":"https:\/\/www.fatosefotosnews.com.br\/index.php?rest_route=%2Fwp%2Fv2%2Fcomments&post=29406"}],"version-history":[{"count":0,"href":"https:\/\/www.fatosefotosnews.com.br\/index.php?rest_route=\/wp\/v2\/posts\/29406\/revisions"}],"wp:featuredmedia":[{"embeddable":true,"href":"https:\/\/www.fatosefotosnews.com.br\/index.php?rest_route=\/wp\/v2\/media\/29407"}],"wp:attachment":[{"href":"https:\/\/www.fatosefotosnews.com.br\/index.php?rest_route=%2Fwp%2Fv2%2Fmedia&parent=29406"}],"wp:term":[{"taxonomy":"category","embeddable":true,"href":"https:\/\/www.fatosefotosnews.com.br\/index.php?rest_route=%2Fwp%2Fv2%2Fcategories&post=29406"},{"taxonomy":"post_tag","embeddable":true,"href":"https:\/\/www.fatosefotosnews.com.br\/index.php?rest_route=%2Fwp%2Fv2%2Ftags&post=29406"}],"curies":[{"name":"wp","href":"https:\/\/api.w.org\/{rel}","templated":true}]}}