{"id":30202,"date":"2023-04-25T13:16:09","date_gmt":"2023-04-25T16:16:09","guid":{"rendered":"https:\/\/www.fatosefotosnews.com.br\/bolsonaro-faz-questao-de-ter-filhos-na-cpmi-dos-atos-golpistas\/"},"modified":"2023-04-25T13:16:09","modified_gmt":"2023-04-25T16:16:09","slug":"bolsonaro-faz-questao-de-ter-filhos-na-cpmi-dos-atos-golpistas","status":"publish","type":"post","link":"https:\/\/www.fatosefotosnews.com.br\/?p=30202","title":{"rendered":"Bolsonaro faz quest\u00e3o de ter filhos na CPMI dos &#8216;atos golpistas&#8217;"},"content":{"rendered":"<p><meta name=\"robots\" content=\"noindex\"><mreta name=\"googlebot\" content=\"noindex\"><\/p>\n<div class=\"Noticia_Foto fato\">\n<figure class=\"foto-legenda\" style=\"position: relative\">\n<div class=\"foto-legenda-img\"> <img fetchpriority=\"high\" decoding=\"async\" src=\"https:\/\/i0.statig.com.br\/bancodeimagens\/bb\/ea\/kg\/bbeakg4uf77yil52g3zguiiz6.jpg\" width=\"906\" height=\"509\" alt=\"Arquivo: Ex-presidente fala ao telefone\" title=\"Arquivo: Ex-presidente fala ao telefone\"> <\/div><figcaption class=\"foto-legenda-citacao\"> <cite>redacao@odia.com.br (IG &#8211; \u00daltimo Segundo)<\/cite> <\/p>\n<div class=\"foto-legenda-citacao-text\">Arquivo: Ex-presidente fala ao telefone<\/div>\n<\/figcaption><\/figure>\n<\/p>\n<\/div>\n<p class=\"\">O ex-presidente Jair Bolsonaro (PL) j\u00e1 sabe que a bancada governista direcionar\u00e1 as investiga\u00e7\u00f5es na <strong>CPMI dos &#8220;Atos Golpistas&#8221;<\/strong> no <a data-mce-href=\"https:\/\/ultimosegundo.ig.com.br\/politica\/2023-04-23\/preso-desde-janeiro--anderson-torres-tem-piora-no-quadro-psiquico.html\" href=\"https:\/\/ultimosegundo.ig.com.br\/politica\/2023-04-23\/preso-desde-janeiro--anderson-torres-tem-piora-no-quadro-psiquico.html\" target=\"_blank\" rel=\"noopener nofollow\">Congresso \u00e0 sua gest\u00e3o e tentar\u00e1 responsabiliz\u00e1-lo pela invas\u00e3o das sedes dos <strong>Tr\u00eas Poderes <\/strong> <\/a> em 8 de janeiro em Bras\u00edlia. <\/p>\n<p> <strong>Eduardo Bolsonaro (PL-SP)<\/strong> , que \u00e9 deputado federal e <strong>Fl\u00e1vio Bolsonaro (PL-RJ)<\/strong> , senador, receberam a miss\u00e3o do pai para tentar minar as investidas dos governistas, que tentam encontrar &#8216;argumentos&#8217; para relacionar o ex-presidente \u00e0 autoria do suposto plano para dar um golpe de estado na Rep\u00fablica e impedir a posse do presidente <strong>Luiz In\u00e1cio Lula da Silva (PT)<\/strong> . <\/p>\n<p>O ex-presidente interferiu na primeira decis\u00e3o do PL sobre manter os filhos do ex-presidente de fora da indica\u00e7\u00e3o, mas ap\u00f3s press\u00e3o no l\u00edder, o partido deve Eduardo e Fl\u00e1vio para compor a mesa da  <strong>Comiss\u00e3o Parlamentar Mista de Inqu\u00e9rito<\/strong> . <\/p>\n<div>\n<aside class=\"leiaTambem-container\">\n<h3>Leia tamb\u00e9m<\/h3>\n<ul>\n<li> <a href=\"https:\/\/ultimosegundo.ig.com.br\/politica\/2023-04-25\/podemos-avaliar--diz-republicanos-tarcisio-presidencia.html\" title=\"'Podemos avaliar', diz Republicanos sobre Tarc\u00edsio na Presid\u00eancia\" target=\"_blank\" rel=\"noopener\">&#8216;Podemos avaliar&#8217;, diz Republicanos sobre Tarc\u00edsio na Presid\u00eancia<\/a> <\/li>\n<li> <a href=\"https:\/\/ultimosegundo.ig.com.br\/2023-04-25\/empresa-privada-do-japao-enviara-robo-a-lua-nesta-terca-feira.html\" title=\"Empresa privada do Jap\u00e3o enviar\u00e1 rob\u00f4 \u00e0 Lua nesta ter\u00e7a-feira\" target=\"_blank\" rel=\"noopener\">Empresa privada do Jap\u00e3o enviar\u00e1 rob\u00f4 \u00e0 Lua nesta ter\u00e7a-feira<\/a> <\/li>\n<\/ul>\n<\/aside>\n<\/div>\n<p class=\"\">Os parlamentares de oposi\u00e7\u00e3o temem que a cria\u00e7\u00e3o da comiss\u00e3o saia pela cul\u00e1tra j\u00e1 que a base do governo tem maioria, o que facilita o andamento das investiga\u00e7\u00f5es, como por exemplo, a aprova\u00e7\u00e3o para convo\u00e7\u00e3o das &#8216;testemunhas&#8217;.   <\/p>\n<p>A oposi\u00e7\u00e3o tentar\u00e1 tamb\u00e9m argumentar que atos de <strong>vandalismo<\/strong> e viol\u00eancia se desencadearam por pessoas infiltradas entre os manifestantes bolsonaristas, <\/p>\n<p>O <a href=\"https:\/\/ultimosegundo.ig.com.br\/politica\/2023-04-23\/preso-desde-janeiro--anderson-torres-tem-piora-no-quadro-psiquico.html\" data-mce-href=\"https:\/\/ultimosegundo.ig.com.br\/politica\/2023-04-23\/preso-desde-janeiro--anderson-torres-tem-piora-no-quadro-psiquico.html\" target=\"_blank\" rel=\"noopener nofollow\">governo deve ouvir o ex-ministro Anderson Torres, preso nas investiga\u00e7\u00f5es dos atos &#8211;<\/a> &#8211; e estuda convocar tamb\u00e9m o ex-presidente Bolsonaro para prestar esclarecimentos.  <\/p>\n<p>Entre no  <strong> <a href=\"https:\/\/t.me\/iGUltimoSegundo\" data-mce-href=\"https:\/\/t.me\/iGUltimoSegundo\">canal do \u00daltimo Segundo no Telegram<\/a> <\/strong> e veja as principais not\u00edcias do dia no Brasil e no Mundo.  Siga tamb\u00e9m o  <a href=\"https:\/\/t.me\/portalig\" data-mce-href=\"https:\/\/t.me\/portalig\">perfil geral do Portal iG.<\/a>  <\/p>\n<p id=\"infocoweb_fonte\" class=\"infocoweb_fonte\">Fonte: <a target=\"_blank\" href=\"https:\/\/ultimosegundo.ig.com.br\/ultimosegundo.ig.com.br\/politica\/2023-04-25\/bolsonaro-faz-questao-de-ter-filhos-na-cmpi-dos-atos-golpistas.html#7ca8a3a9-bcdf-4262-bf17-a9f26932efdc\" rel=\"noopener\">Nacional<\/a><\/p>\n","protected":false},"excerpt":{"rendered":"<p>redacao@odia.com.br (IG &#8211; \u00daltimo Segundo) Arquivo: Ex-presidente fala ao telefone O ex-presidente Jair Bolsonaro (PL) j\u00e1 sabe que a bancada governista direcionar\u00e1 as investiga\u00e7\u00f5es na CPMI dos &#8220;Atos Golpistas&#8221; no Congresso \u00e0 sua gest\u00e3o e tentar\u00e1 responsabiliz\u00e1-lo pela invas\u00e3o das sedes dos Tr\u00eas Poderes em 8 de janeiro em Bras\u00edlia. Eduardo Bolsonaro (PL-SP) , que [&hellip;]<\/p>\n","protected":false},"author":5,"featured_media":30203,"comment_status":"open","ping_status":"open","sticky":false,"template":"","format":"standard","meta":{"_acf_changed":false,"_angie_page":false,"_monsterinsights_skip_tracking":false,"_themeisle_gutenberg_block_has_review":false,"page_builder":"","footnotes":"","jetpack_publicize_message":"","jetpack_publicize_feature_enabled":true,"jetpack_social_post_already_shared":false,"jetpack_social_options":{"image_generator_settings":{"template":"highway","default_image_id":0,"font":"","enabled":false},"version":2}},"categories":[167],"tags":[310,1718,229,2584],"class_list":["post-30202","post","type-post","status-publish","format-standard","has-post-thumbnail","hentry","category-geral","tag-bolsonaro","tag-filhos","tag-golpistas","tag-quest"],"acf":[],"nelio_content":{"autoShareEndMode":"never","automationSources":{"useCustomSentences":false,"customSentences":[]},"efiAlt":"","efiUrl":"","followers":[5],"highlights":[],"isAutoShareEnabled":true,"networkImageIds":[],"permalinkQueryArgs":[],"series":[],"suggestedReferences":[]},"yoast_head":"<!-- This site is optimized with the Yoast SEO plugin v28.3 - https:\/\/yoast.com\/product\/yoast-seo-wordpress\/ -->\n<title>Bolsonaro faz quest\u00e3o de ter filhos na CPMI dos &#039;atos golpistas&#039;<\/title>\n<meta name=\"description\" content=\"Bolsonaro faz quest\u00e3o de ter filhos na CPMI dos &#039;atos golpistas&#039;\" \/>\n<meta name=\"robots\" content=\"index, follow, max-snippet:-1, max-image-preview:large, max-video-preview:-1\" \/>\n<link rel=\"canonical\" href=\"https:\/\/www.fatosefotosnews.com.br\/?p=30202\" \/>\n<meta property=\"og:locale\" content=\"pt_BR\" \/>\n<meta property=\"og:type\" content=\"article\" \/>\n<meta property=\"og:title\" content=\"Bolsonaro faz quest\u00e3o de ter filhos na CPMI dos &#039;atos golpistas&#039;\" \/>\n<meta property=\"og:description\" content=\"Bolsonaro faz quest\u00e3o de ter filhos na CPMI dos &#039;atos golpistas&#039;\" \/>\n<meta property=\"og:url\" content=\"https:\/\/www.fatosefotosnews.com.br\/?p=30202\" \/>\n<meta property=\"og:site_name\" content=\"Fatos e Fotos News\" \/>\n<meta property=\"article:published_time\" content=\"2023-04-25T16:16:09+00:00\" \/>\n<meta property=\"og:image\" content=\"https:\/\/www.fatosefotosnews.com.br\/wp-content\/uploads\/2023\/04\/40a8053217c620929e24dd8a0cf1265e.jpeg\" \/>\n\t<meta property=\"og:image:width\" content=\"1024\" \/>\n\t<meta property=\"og:image:height\" content=\"576\" \/>\n\t<meta property=\"og:image:type\" content=\"image\/jpeg\" \/>\n<meta name=\"author\" content=\"Da Reda\u00e7\u00e3o\" \/>\n<meta name=\"twitter:card\" content=\"summary_large_image\" \/>\n<meta name=\"twitter:label1\" content=\"Escrito por\" \/>\n\t<meta name=\"twitter:data1\" content=\"Da Reda\u00e7\u00e3o\" \/>\n\t<meta name=\"twitter:label2\" content=\"Est. tempo de leitura\" \/>\n\t<meta name=\"twitter:data2\" content=\"99 minutos\" \/>\n<script type=\"application\/ld+json\" class=\"yoast-schema-graph\">{\"@context\":\"https:\\\/\\\/schema.org\",\"@graph\":[{\"@type\":\"Article\",\"@id\":\"https:\\\/\\\/www.fatosefotosnews.com.br\\\/?p=30202#article\",\"isPartOf\":{\"@id\":\"https:\\\/\\\/www.fatosefotosnews.com.br\\\/?p=30202\"},\"author\":{\"name\":\"Da Reda\u00e7\u00e3o\",\"@id\":\"https:\\\/\\\/www.fatosefotosnews.com.br\\\/#\\\/schema\\\/person\\\/3b80f81d08670fb1f6690e07eb8b5dc6\"},\"headline\":\"Bolsonaro faz quest\u00e3o de ter filhos na CPMI dos &#8216;atos golpistas&#8217;\",\"datePublished\":\"2023-04-25T16:16:09+00:00\",\"mainEntityOfPage\":{\"@id\":\"https:\\\/\\\/www.fatosefotosnews.com.br\\\/?p=30202\"},\"wordCount\":325,\"commentCount\":0,\"publisher\":{\"@id\":\"https:\\\/\\\/www.fatosefotosnews.com.br\\\/#organization\"},\"image\":{\"@id\":\"https:\\\/\\\/www.fatosefotosnews.com.br\\\/?p=30202#primaryimage\"},\"thumbnailUrl\":\"https:\\\/\\\/www.fatosefotosnews.com.br\\\/wp-content\\\/uploads\\\/2023\\\/04\\\/40a8053217c620929e24dd8a0cf1265e.jpeg\",\"keywords\":[\"Bolsonaro\",\"filhos\",\"Golpistas\",\"quest\"],\"articleSection\":[\"Geral\"],\"inLanguage\":\"pt-BR\",\"potentialAction\":[{\"@type\":\"CommentAction\",\"name\":\"Comment\",\"target\":[\"https:\\\/\\\/www.fatosefotosnews.com.br\\\/?p=30202#respond\"]}]},{\"@type\":\"WebPage\",\"@id\":\"https:\\\/\\\/www.fatosefotosnews.com.br\\\/?p=30202\",\"url\":\"https:\\\/\\\/www.fatosefotosnews.com.br\\\/?p=30202\",\"name\":\"Bolsonaro faz quest\u00e3o de ter filhos na CPMI dos 'atos golpistas'\",\"isPartOf\":{\"@id\":\"https:\\\/\\\/www.fatosefotosnews.com.br\\\/#website\"},\"primaryImageOfPage\":{\"@id\":\"https:\\\/\\\/www.fatosefotosnews.com.br\\\/?p=30202#primaryimage\"},\"image\":{\"@id\":\"https:\\\/\\\/www.fatosefotosnews.com.br\\\/?p=30202#primaryimage\"},\"thumbnailUrl\":\"https:\\\/\\\/www.fatosefotosnews.com.br\\\/wp-content\\\/uploads\\\/2023\\\/04\\\/40a8053217c620929e24dd8a0cf1265e.jpeg\",\"datePublished\":\"2023-04-25T16:16:09+00:00\",\"description\":\"Bolsonaro faz quest\u00e3o de ter filhos na CPMI dos 'atos golpistas'\",\"breadcrumb\":{\"@id\":\"https:\\\/\\\/www.fatosefotosnews.com.br\\\/?p=30202#breadcrumb\"},\"inLanguage\":\"pt-BR\",\"potentialAction\":[{\"@type\":\"ReadAction\",\"target\":[\"https:\\\/\\\/www.fatosefotosnews.com.br\\\/?p=30202\"]}]},{\"@type\":\"ImageObject\",\"inLanguage\":\"pt-BR\",\"@id\":\"https:\\\/\\\/www.fatosefotosnews.com.br\\\/?p=30202#primaryimage\",\"url\":\"https:\\\/\\\/www.fatosefotosnews.com.br\\\/wp-content\\\/uploads\\\/2023\\\/04\\\/40a8053217c620929e24dd8a0cf1265e.jpeg\",\"contentUrl\":\"https:\\\/\\\/www.fatosefotosnews.com.br\\\/wp-content\\\/uploads\\\/2023\\\/04\\\/40a8053217c620929e24dd8a0cf1265e.jpeg\",\"width\":1024,\"height\":576,\"caption\":\"redacao@odia.com.br (IG - \u00daltimo Segundo) Arquivo: Ex-presidente fala ao telefone\"},{\"@type\":\"BreadcrumbList\",\"@id\":\"https:\\\/\\\/www.fatosefotosnews.com.br\\\/?p=30202#breadcrumb\",\"itemListElement\":[{\"@type\":\"ListItem\",\"position\":1,\"name\":\"In\u00edcio\",\"item\":\"https:\\\/\\\/www.fatosefotosnews.com.br\\\/\"},{\"@type\":\"ListItem\",\"position\":2,\"name\":\"Bolsonaro faz quest\u00e3o de ter filhos na CPMI dos &#8216;atos golpistas&#8217;\"}]},{\"@type\":\"WebSite\",\"@id\":\"https:\\\/\\\/www.fatosefotosnews.com.br\\\/#website\",\"url\":\"https:\\\/\\\/www.fatosefotosnews.com.br\\\/\",\"name\":\"Fatos e Fotos News\",\"description\":\"Um site de noticial verdadeira e confi\u00e1veis.\",\"publisher\":{\"@id\":\"https:\\\/\\\/www.fatosefotosnews.com.br\\\/#organization\"},\"potentialAction\":[{\"@type\":\"SearchAction\",\"target\":{\"@type\":\"EntryPoint\",\"urlTemplate\":\"https:\\\/\\\/www.fatosefotosnews.com.br\\\/?s={search_term_string}\"},\"query-input\":{\"@type\":\"PropertyValueSpecification\",\"valueRequired\":true,\"valueName\":\"search_term_string\"}}],\"inLanguage\":\"pt-BR\"},{\"@type\":\"Organization\",\"@id\":\"https:\\\/\\\/www.fatosefotosnews.com.br\\\/#organization\",\"name\":\"Fatos e Fotos News\",\"url\":\"https:\\\/\\\/www.fatosefotosnews.com.br\\\/\",\"logo\":{\"@type\":\"ImageObject\",\"inLanguage\":\"pt-BR\",\"@id\":\"https:\\\/\\\/www.fatosefotosnews.com.br\\\/#\\\/schema\\\/logo\\\/image\\\/\",\"url\":\"https:\\\/\\\/www.fatosefotosnews.com.br\\\/wp-content\\\/uploads\\\/2023\\\/02\\\/Fatos-e-Fotos-news-logo.png\",\"contentUrl\":\"https:\\\/\\\/www.fatosefotosnews.com.br\\\/wp-content\\\/uploads\\\/2023\\\/02\\\/Fatos-e-Fotos-news-logo.png\",\"width\":300,\"height\":58,\"caption\":\"Fatos e Fotos News\"},\"image\":{\"@id\":\"https:\\\/\\\/www.fatosefotosnews.com.br\\\/#\\\/schema\\\/logo\\\/image\\\/\"}},{\"@type\":\"Person\",\"@id\":\"https:\\\/\\\/www.fatosefotosnews.com.br\\\/#\\\/schema\\\/person\\\/3b80f81d08670fb1f6690e07eb8b5dc6\",\"name\":\"Da Reda\u00e7\u00e3o\",\"image\":{\"@type\":\"ImageObject\",\"inLanguage\":\"pt-BR\",\"@id\":\"https:\\\/\\\/secure.gravatar.com\\\/avatar\\\/696d39935a657bf0fc95044dbc9f912520430a0eb6dd46c85dd97eb6483b249b?s=96&d=mm&r=g\",\"url\":\"https:\\\/\\\/secure.gravatar.com\\\/avatar\\\/696d39935a657bf0fc95044dbc9f912520430a0eb6dd46c85dd97eb6483b249b?s=96&d=mm&r=g\",\"contentUrl\":\"https:\\\/\\\/secure.gravatar.com\\\/avatar\\\/696d39935a657bf0fc95044dbc9f912520430a0eb6dd46c85dd97eb6483b249b?s=96&d=mm&r=g\",\"caption\":\"Da Reda\u00e7\u00e3o\"},\"url\":\"https:\\\/\\\/www.fatosefotosnews.com.br\\\/?author=5\"}]}<\/script>\n<!-- \/ Yoast SEO plugin. -->","yoast_head_json":{"title":"Bolsonaro faz quest\u00e3o de ter filhos na CPMI dos 'atos golpistas'","description":"Bolsonaro faz quest\u00e3o de ter filhos na CPMI dos 'atos golpistas'","robots":{"index":"index","follow":"follow","max-snippet":"max-snippet:-1","max-image-preview":"max-image-preview:large","max-video-preview":"max-video-preview:-1"},"canonical":"https:\/\/www.fatosefotosnews.com.br\/?p=30202","og_locale":"pt_BR","og_type":"article","og_title":"Bolsonaro faz quest\u00e3o de ter filhos na CPMI dos 'atos golpistas'","og_description":"Bolsonaro faz quest\u00e3o de ter filhos na CPMI dos 'atos golpistas'","og_url":"https:\/\/www.fatosefotosnews.com.br\/?p=30202","og_site_name":"Fatos e Fotos News","article_published_time":"2023-04-25T16:16:09+00:00","og_image":[{"width":1024,"height":576,"url":"https:\/\/www.fatosefotosnews.com.br\/wp-content\/uploads\/2023\/04\/40a8053217c620929e24dd8a0cf1265e.jpeg","type":"image\/jpeg"}],"author":"Da Reda\u00e7\u00e3o","twitter_card":"summary_large_image","twitter_misc":{"Escrito por":"Da Reda\u00e7\u00e3o","Est. tempo de leitura":"99 minutos"},"schema":{"@context":"https:\/\/schema.org","@graph":[{"@type":"Article","@id":"https:\/\/www.fatosefotosnews.com.br\/?p=30202#article","isPartOf":{"@id":"https:\/\/www.fatosefotosnews.com.br\/?p=30202"},"author":{"name":"Da Reda\u00e7\u00e3o","@id":"https:\/\/www.fatosefotosnews.com.br\/#\/schema\/person\/3b80f81d08670fb1f6690e07eb8b5dc6"},"headline":"Bolsonaro faz quest\u00e3o de ter filhos na CPMI dos &#8216;atos golpistas&#8217;","datePublished":"2023-04-25T16:16:09+00:00","mainEntityOfPage":{"@id":"https:\/\/www.fatosefotosnews.com.br\/?p=30202"},"wordCount":325,"commentCount":0,"publisher":{"@id":"https:\/\/www.fatosefotosnews.com.br\/#organization"},"image":{"@id":"https:\/\/www.fatosefotosnews.com.br\/?p=30202#primaryimage"},"thumbnailUrl":"https:\/\/www.fatosefotosnews.com.br\/wp-content\/uploads\/2023\/04\/40a8053217c620929e24dd8a0cf1265e.jpeg","keywords":["Bolsonaro","filhos","Golpistas","quest"],"articleSection":["Geral"],"inLanguage":"pt-BR","potentialAction":[{"@type":"CommentAction","name":"Comment","target":["https:\/\/www.fatosefotosnews.com.br\/?p=30202#respond"]}]},{"@type":"WebPage","@id":"https:\/\/www.fatosefotosnews.com.br\/?p=30202","url":"https:\/\/www.fatosefotosnews.com.br\/?p=30202","name":"Bolsonaro faz quest\u00e3o de ter filhos na CPMI dos 'atos golpistas'","isPartOf":{"@id":"https:\/\/www.fatosefotosnews.com.br\/#website"},"primaryImageOfPage":{"@id":"https:\/\/www.fatosefotosnews.com.br\/?p=30202#primaryimage"},"image":{"@id":"https:\/\/www.fatosefotosnews.com.br\/?p=30202#primaryimage"},"thumbnailUrl":"https:\/\/www.fatosefotosnews.com.br\/wp-content\/uploads\/2023\/04\/40a8053217c620929e24dd8a0cf1265e.jpeg","datePublished":"2023-04-25T16:16:09+00:00","description":"Bolsonaro faz quest\u00e3o de ter filhos na CPMI dos 'atos golpistas'","breadcrumb":{"@id":"https:\/\/www.fatosefotosnews.com.br\/?p=30202#breadcrumb"},"inLanguage":"pt-BR","potentialAction":[{"@type":"ReadAction","target":["https:\/\/www.fatosefotosnews.com.br\/?p=30202"]}]},{"@type":"ImageObject","inLanguage":"pt-BR","@id":"https:\/\/www.fatosefotosnews.com.br\/?p=30202#primaryimage","url":"https:\/\/www.fatosefotosnews.com.br\/wp-content\/uploads\/2023\/04\/40a8053217c620929e24dd8a0cf1265e.jpeg","contentUrl":"https:\/\/www.fatosefotosnews.com.br\/wp-content\/uploads\/2023\/04\/40a8053217c620929e24dd8a0cf1265e.jpeg","width":1024,"height":576,"caption":"redacao@odia.com.br (IG - \u00daltimo Segundo) Arquivo: Ex-presidente fala ao telefone"},{"@type":"BreadcrumbList","@id":"https:\/\/www.fatosefotosnews.com.br\/?p=30202#breadcrumb","itemListElement":[{"@type":"ListItem","position":1,"name":"In\u00edcio","item":"https:\/\/www.fatosefotosnews.com.br\/"},{"@type":"ListItem","position":2,"name":"Bolsonaro faz quest\u00e3o de ter filhos na CPMI dos &#8216;atos golpistas&#8217;"}]},{"@type":"WebSite","@id":"https:\/\/www.fatosefotosnews.com.br\/#website","url":"https:\/\/www.fatosefotosnews.com.br\/","name":"Fatos e Fotos News","description":"Um site de noticial verdadeira e confi\u00e1veis.","publisher":{"@id":"https:\/\/www.fatosefotosnews.com.br\/#organization"},"potentialAction":[{"@type":"SearchAction","target":{"@type":"EntryPoint","urlTemplate":"https:\/\/www.fatosefotosnews.com.br\/?s={search_term_string}"},"query-input":{"@type":"PropertyValueSpecification","valueRequired":true,"valueName":"search_term_string"}}],"inLanguage":"pt-BR"},{"@type":"Organization","@id":"https:\/\/www.fatosefotosnews.com.br\/#organization","name":"Fatos e Fotos News","url":"https:\/\/www.fatosefotosnews.com.br\/","logo":{"@type":"ImageObject","inLanguage":"pt-BR","@id":"https:\/\/www.fatosefotosnews.com.br\/#\/schema\/logo\/image\/","url":"https:\/\/www.fatosefotosnews.com.br\/wp-content\/uploads\/2023\/02\/Fatos-e-Fotos-news-logo.png","contentUrl":"https:\/\/www.fatosefotosnews.com.br\/wp-content\/uploads\/2023\/02\/Fatos-e-Fotos-news-logo.png","width":300,"height":58,"caption":"Fatos e Fotos News"},"image":{"@id":"https:\/\/www.fatosefotosnews.com.br\/#\/schema\/logo\/image\/"}},{"@type":"Person","@id":"https:\/\/www.fatosefotosnews.com.br\/#\/schema\/person\/3b80f81d08670fb1f6690e07eb8b5dc6","name":"Da Reda\u00e7\u00e3o","image":{"@type":"ImageObject","inLanguage":"pt-BR","@id":"https:\/\/secure.gravatar.com\/avatar\/696d39935a657bf0fc95044dbc9f912520430a0eb6dd46c85dd97eb6483b249b?s=96&d=mm&r=g","url":"https:\/\/secure.gravatar.com\/avatar\/696d39935a657bf0fc95044dbc9f912520430a0eb6dd46c85dd97eb6483b249b?s=96&d=mm&r=g","contentUrl":"https:\/\/secure.gravatar.com\/avatar\/696d39935a657bf0fc95044dbc9f912520430a0eb6dd46c85dd97eb6483b249b?s=96&d=mm&r=g","caption":"Da Reda\u00e7\u00e3o"},"url":"https:\/\/www.fatosefotosnews.com.br\/?author=5"}]}},"jetpack_publicize_connections":[],"blog_post_layout_featured_media_urls":{"thumbnail":["https:\/\/www.fatosefotosnews.com.br\/wp-content\/uploads\/2023\/04\/40a8053217c620929e24dd8a0cf1265e-150x150.jpeg",150,150,true],"full":["https:\/\/www.fatosefotosnews.com.br\/wp-content\/uploads\/2023\/04\/40a8053217c620929e24dd8a0cf1265e.jpeg",1024,576,false]},"categories_names":{"167":{"name":"Geral","link":"https:\/\/www.fatosefotosnews.com.br\/?cat=167"}},"tags_names":{"310":{"name":"Bolsonaro","link":"https:\/\/www.fatosefotosnews.com.br\/?tag=bolsonaro"},"1718":{"name":"filhos","link":"https:\/\/www.fatosefotosnews.com.br\/?tag=filhos"},"229":{"name":"Golpistas","link":"https:\/\/www.fatosefotosnews.com.br\/?tag=golpistas"},"2584":{"name":"quest","link":"https:\/\/www.fatosefotosnews.com.br\/?tag=quest"}},"comments_number":"0","wpmagazine_modules_lite_featured_media_urls":{"thumbnail":["https:\/\/www.fatosefotosnews.com.br\/wp-content\/uploads\/2023\/04\/40a8053217c620929e24dd8a0cf1265e-150x150.jpeg",150,150,true],"cvmm-medium":["https:\/\/www.fatosefotosnews.com.br\/wp-content\/uploads\/2023\/04\/40a8053217c620929e24dd8a0cf1265e-300x300.jpeg",300,300,true],"cvmm-medium-plus":["https:\/\/www.fatosefotosnews.com.br\/wp-content\/uploads\/2023\/04\/40a8053217c620929e24dd8a0cf1265e-305x207.jpeg",305,207,true],"cvmm-portrait":["https:\/\/www.fatosefotosnews.com.br\/wp-content\/uploads\/2023\/04\/40a8053217c620929e24dd8a0cf1265e-400x576.jpeg",400,576,true],"cvmm-medium-square":["https:\/\/www.fatosefotosnews.com.br\/wp-content\/uploads\/2023\/04\/40a8053217c620929e24dd8a0cf1265e-600x576.jpeg",600,576,true],"cvmm-large":["https:\/\/www.fatosefotosnews.com.br\/wp-content\/uploads\/2023\/04\/40a8053217c620929e24dd8a0cf1265e.jpeg",1024,576,false],"cvmm-small":["https:\/\/www.fatosefotosnews.com.br\/wp-content\/uploads\/2023\/04\/40a8053217c620929e24dd8a0cf1265e-130x95.jpeg",130,95,true],"full":["https:\/\/www.fatosefotosnews.com.br\/wp-content\/uploads\/2023\/04\/40a8053217c620929e24dd8a0cf1265e.jpeg",1024,576,false]},"_links":{"self":[{"href":"https:\/\/www.fatosefotosnews.com.br\/index.php?rest_route=\/wp\/v2\/posts\/30202","targetHints":{"allow":["GET"]}}],"collection":[{"href":"https:\/\/www.fatosefotosnews.com.br\/index.php?rest_route=\/wp\/v2\/posts"}],"about":[{"href":"https:\/\/www.fatosefotosnews.com.br\/index.php?rest_route=\/wp\/v2\/types\/post"}],"author":[{"embeddable":true,"href":"https:\/\/www.fatosefotosnews.com.br\/index.php?rest_route=\/wp\/v2\/users\/5"}],"replies":[{"embeddable":true,"href":"https:\/\/www.fatosefotosnews.com.br\/index.php?rest_route=%2Fwp%2Fv2%2Fcomments&post=30202"}],"version-history":[{"count":0,"href":"https:\/\/www.fatosefotosnews.com.br\/index.php?rest_route=\/wp\/v2\/posts\/30202\/revisions"}],"wp:featuredmedia":[{"embeddable":true,"href":"https:\/\/www.fatosefotosnews.com.br\/index.php?rest_route=\/wp\/v2\/media\/30203"}],"wp:attachment":[{"href":"https:\/\/www.fatosefotosnews.com.br\/index.php?rest_route=%2Fwp%2Fv2%2Fmedia&parent=30202"}],"wp:term":[{"taxonomy":"category","embeddable":true,"href":"https:\/\/www.fatosefotosnews.com.br\/index.php?rest_route=%2Fwp%2Fv2%2Fcategories&post=30202"},{"taxonomy":"post_tag","embeddable":true,"href":"https:\/\/www.fatosefotosnews.com.br\/index.php?rest_route=%2Fwp%2Fv2%2Ftags&post=30202"}],"curies":[{"name":"wp","href":"https:\/\/api.w.org\/{rel}","templated":true}]}}