{"id":31366,"date":"2023-05-02T10:01:51","date_gmt":"2023-05-02T13:01:51","guid":{"rendered":"https:\/\/www.fatosefotosnews.com.br\/?p=31366"},"modified":"2023-05-02T10:01:58","modified_gmt":"2023-05-02T13:01:58","slug":"mais-uma-fake-news-de-bolsonaro%e2%80%bc%ef%b8%8f","status":"publish","type":"post","link":"https:\/\/www.fatosefotosnews.com.br\/?p=31366","title":{"rendered":"Mais uma Fake News de Bolsonaro\u203c\ufe0f"},"content":{"rendered":"\n<p class=\"wp-block-paragraph\">Governo anterior teve 159 invas\u00f5es de terra &#8211; em quatro anos &#8211; coordenadas pelo MST, portanto, uma m\u00e9dia de 40 por m\u00eas e n\u00e3o \u2018meia d\u00fazia\u2019 como mentiu Bolsonaro numa feira do agroneg\u00f3cio Agrishow no interior de S\u00e3o Paulo neste final de semana. Para completar ainda disse que as armas evitam viol\u00eancia. Mentiu e falou asneiras ao lado do governador paulista Tarc\u00edsio de Freitas que apoiava tudo com movimentos afirmativos balan\u00e7ando a cabe\u00e7a. <\/p>\n","protected":false},"excerpt":{"rendered":"<p>Governo anterior teve 159 invas\u00f5es de terra &#8211; em quatro anos &#8211; coordenadas pelo MST, portanto, uma m\u00e9dia de 40 por m\u00eas e n\u00e3o \u2018meia d\u00fazia\u2019 como mentiu Bolsonaro numa feira do agroneg\u00f3cio Agrishow no interior de S\u00e3o Paulo neste final de semana. Para completar ainda disse que as armas evitam viol\u00eancia. Mentiu e falou [&hellip;]<\/p>\n","protected":false},"author":1,"featured_media":31259,"comment_status":"open","ping_status":"open","sticky":false,"template":"","format":"standard","meta":{"_acf_changed":false,"_angie_page":false,"_monsterinsights_skip_tracking":false,"_themeisle_gutenberg_block_has_review":false,"page_builder":"","footnotes":"","jetpack_publicize_message":"","jetpack_publicize_feature_enabled":true,"jetpack_social_post_already_shared":false,"jetpack_social_options":{"image_generator_settings":{"template":"highway","default_image_id":0,"font":"","enabled":false},"version":2}},"categories":[171],"tags":[8374,217,8548,206,5319],"class_list":["post-31366","post","type-post","status-publish","format-standard","has-post-thumbnail","hentry","category-coluna-politica","tag-agrishow","tag-agronegocio","tag-ribeirao-preto","tag-sao-paulo","tag-tarcisio-de-freitas"],"acf":[],"nelio_content":{"autoShareEndMode":"never","automationSources":{"useCustomSentences":false,"customSentences":[]},"efiAlt":"","efiUrl":"","followers":[4,1],"highlights":[],"isAutoShareEnabled":true,"networkImageIds":[],"permalinkQueryArgs":[],"series":[],"suggestedReferences":[]},"yoast_head":"<!-- This site is optimized with the Yoast SEO plugin v28.3 - https:\/\/yoast.com\/product\/yoast-seo-wordpress\/ -->\n<title>Mais uma Fake News de Bolsonaro\u203c\ufe0f - Fatos e Fotos News<\/title>\n<meta name=\"robots\" content=\"index, follow, max-snippet:-1, max-image-preview:large, max-video-preview:-1\" \/>\n<link rel=\"canonical\" href=\"https:\/\/www.fatosefotosnews.com.br\/?p=31366\" \/>\n<meta property=\"og:locale\" content=\"pt_BR\" \/>\n<meta property=\"og:type\" content=\"article\" \/>\n<meta property=\"og:title\" content=\"Mais uma Fake News de Bolsonaro\u203c\ufe0f - Fatos e Fotos News\" \/>\n<meta property=\"og:description\" content=\"Governo anterior teve 159 invas\u00f5es de terra &#8211; em quatro anos &#8211; coordenadas pelo MST, portanto, uma m\u00e9dia de 40 por m\u00eas e n\u00e3o \u2018meia d\u00fazia\u2019 como mentiu Bolsonaro numa feira do agroneg\u00f3cio Agrishow no interior de S\u00e3o Paulo neste final de semana. Para completar ainda disse que as armas evitam viol\u00eancia. Mentiu e falou [&hellip;]\" \/>\n<meta property=\"og:url\" content=\"https:\/\/www.fatosefotosnews.com.br\/?p=31366\" \/>\n<meta property=\"og:site_name\" content=\"Fatos e Fotos News\" \/>\n<meta property=\"article:published_time\" content=\"2023-05-02T13:01:51+00:00\" \/>\n<meta property=\"article:modified_time\" content=\"2023-05-02T13:01:58+00:00\" \/>\n<meta property=\"og:image\" content=\"https:\/\/www.fatosefotosnews.com.br\/wp-content\/uploads\/2023\/05\/f360a2744b671a3ea316006a96e89fe3.jpeg\" \/>\n\t<meta property=\"og:image:width\" content=\"1024\" \/>\n\t<meta property=\"og:image:height\" content=\"576\" \/>\n\t<meta property=\"og:image:type\" content=\"image\/jpeg\" \/>\n<meta name=\"author\" content=\"fatosefotosnews\" \/>\n<meta name=\"twitter:card\" content=\"summary_large_image\" \/>\n<meta name=\"twitter:label1\" content=\"Escrito por\" \/>\n\t<meta name=\"twitter:data1\" content=\"fatosefotosnews\" \/>\n<script type=\"application\/ld+json\" class=\"yoast-schema-graph\">{\"@context\":\"https:\\\/\\\/schema.org\",\"@graph\":[{\"@type\":\"Article\",\"@id\":\"https:\\\/\\\/www.fatosefotosnews.com.br\\\/?p=31366#article\",\"isPartOf\":{\"@id\":\"https:\\\/\\\/www.fatosefotosnews.com.br\\\/?p=31366\"},\"author\":{\"name\":\"fatosefotosnews\",\"@id\":\"https:\\\/\\\/www.fatosefotosnews.com.br\\\/#\\\/schema\\\/person\\\/70ccaf82072edcbc921e1c3ca2259803\"},\"headline\":\"Mais uma Fake News de Bolsonaro\u203c\ufe0f\",\"datePublished\":\"2023-05-02T13:01:51+00:00\",\"dateModified\":\"2023-05-02T13:01:58+00:00\",\"mainEntityOfPage\":{\"@id\":\"https:\\\/\\\/www.fatosefotosnews.com.br\\\/?p=31366\"},\"wordCount\":88,\"commentCount\":0,\"publisher\":{\"@id\":\"https:\\\/\\\/www.fatosefotosnews.com.br\\\/#organization\"},\"image\":{\"@id\":\"https:\\\/\\\/www.fatosefotosnews.com.br\\\/?p=31366#primaryimage\"},\"thumbnailUrl\":\"https:\\\/\\\/www.fatosefotosnews.com.br\\\/wp-content\\\/uploads\\\/2023\\\/05\\\/f360a2744b671a3ea316006a96e89fe3.jpeg\",\"keywords\":[\"agrishow\",\"Agroneg\u00f3cio\",\"Ribeir\u00e3o Preto\",\"S\u00e3o paulo\",\"Tarc\u00edsio de Freitas\"],\"articleSection\":[\"Coluna Pol\u00edtica\"],\"inLanguage\":\"pt-BR\",\"potentialAction\":[{\"@type\":\"CommentAction\",\"name\":\"Comment\",\"target\":[\"https:\\\/\\\/www.fatosefotosnews.com.br\\\/?p=31366#respond\"]}]},{\"@type\":\"WebPage\",\"@id\":\"https:\\\/\\\/www.fatosefotosnews.com.br\\\/?p=31366\",\"url\":\"https:\\\/\\\/www.fatosefotosnews.com.br\\\/?p=31366\",\"name\":\"Mais uma Fake News de Bolsonaro\u203c\ufe0f - Fatos e Fotos News\",\"isPartOf\":{\"@id\":\"https:\\\/\\\/www.fatosefotosnews.com.br\\\/#website\"},\"primaryImageOfPage\":{\"@id\":\"https:\\\/\\\/www.fatosefotosnews.com.br\\\/?p=31366#primaryimage\"},\"image\":{\"@id\":\"https:\\\/\\\/www.fatosefotosnews.com.br\\\/?p=31366#primaryimage\"},\"thumbnailUrl\":\"https:\\\/\\\/www.fatosefotosnews.com.br\\\/wp-content\\\/uploads\\\/2023\\\/05\\\/f360a2744b671a3ea316006a96e89fe3.jpeg\",\"datePublished\":\"2023-05-02T13:01:51+00:00\",\"dateModified\":\"2023-05-02T13:01:58+00:00\",\"breadcrumb\":{\"@id\":\"https:\\\/\\\/www.fatosefotosnews.com.br\\\/?p=31366#breadcrumb\"},\"inLanguage\":\"pt-BR\",\"potentialAction\":[{\"@type\":\"ReadAction\",\"target\":[\"https:\\\/\\\/www.fatosefotosnews.com.br\\\/?p=31366\"]}]},{\"@type\":\"ImageObject\",\"inLanguage\":\"pt-BR\",\"@id\":\"https:\\\/\\\/www.fatosefotosnews.com.br\\\/?p=31366#primaryimage\",\"url\":\"https:\\\/\\\/www.fatosefotosnews.com.br\\\/wp-content\\\/uploads\\\/2023\\\/05\\\/f360a2744b671a3ea316006a96e89fe3.jpeg\",\"contentUrl\":\"https:\\\/\\\/www.fatosefotosnews.com.br\\\/wp-content\\\/uploads\\\/2023\\\/05\\\/f360a2744b671a3ea316006a96e89fe3.jpeg\",\"width\":1024,\"height\":576,\"caption\":\"Jo\u00e3o Vitor Revedilho\\\/Portal iG Tarc\u00edsio de Freitas e Jair Bolsonaro na Agrishow\"},{\"@type\":\"BreadcrumbList\",\"@id\":\"https:\\\/\\\/www.fatosefotosnews.com.br\\\/?p=31366#breadcrumb\",\"itemListElement\":[{\"@type\":\"ListItem\",\"position\":1,\"name\":\"In\u00edcio\",\"item\":\"https:\\\/\\\/www.fatosefotosnews.com.br\\\/\"},{\"@type\":\"ListItem\",\"position\":2,\"name\":\"Mais uma Fake News de Bolsonaro\u203c\ufe0f\"}]},{\"@type\":\"WebSite\",\"@id\":\"https:\\\/\\\/www.fatosefotosnews.com.br\\\/#website\",\"url\":\"https:\\\/\\\/www.fatosefotosnews.com.br\\\/\",\"name\":\"Fatos e Fotos News\",\"description\":\"Um site de noticial verdadeira e confi\u00e1veis.\",\"publisher\":{\"@id\":\"https:\\\/\\\/www.fatosefotosnews.com.br\\\/#organization\"},\"potentialAction\":[{\"@type\":\"SearchAction\",\"target\":{\"@type\":\"EntryPoint\",\"urlTemplate\":\"https:\\\/\\\/www.fatosefotosnews.com.br\\\/?s={search_term_string}\"},\"query-input\":{\"@type\":\"PropertyValueSpecification\",\"valueRequired\":true,\"valueName\":\"search_term_string\"}}],\"inLanguage\":\"pt-BR\"},{\"@type\":\"Organization\",\"@id\":\"https:\\\/\\\/www.fatosefotosnews.com.br\\\/#organization\",\"name\":\"Fatos e Fotos News\",\"url\":\"https:\\\/\\\/www.fatosefotosnews.com.br\\\/\",\"logo\":{\"@type\":\"ImageObject\",\"inLanguage\":\"pt-BR\",\"@id\":\"https:\\\/\\\/www.fatosefotosnews.com.br\\\/#\\\/schema\\\/logo\\\/image\\\/\",\"url\":\"https:\\\/\\\/www.fatosefotosnews.com.br\\\/wp-content\\\/uploads\\\/2023\\\/02\\\/Fatos-e-Fotos-news-logo.png\",\"contentUrl\":\"https:\\\/\\\/www.fatosefotosnews.com.br\\\/wp-content\\\/uploads\\\/2023\\\/02\\\/Fatos-e-Fotos-news-logo.png\",\"width\":300,\"height\":58,\"caption\":\"Fatos e Fotos News\"},\"image\":{\"@id\":\"https:\\\/\\\/www.fatosefotosnews.com.br\\\/#\\\/schema\\\/logo\\\/image\\\/\"}},{\"@type\":\"Person\",\"@id\":\"https:\\\/\\\/www.fatosefotosnews.com.br\\\/#\\\/schema\\\/person\\\/70ccaf82072edcbc921e1c3ca2259803\",\"name\":\"fatosefotosnews\",\"image\":{\"@type\":\"ImageObject\",\"inLanguage\":\"pt-BR\",\"@id\":\"https:\\\/\\\/secure.gravatar.com\\\/avatar\\\/b347acc00c2543eadf2855e28bb74049205ff50092da0cb7bc50f2652c752f81?s=96&d=mm&r=g\",\"url\":\"https:\\\/\\\/secure.gravatar.com\\\/avatar\\\/b347acc00c2543eadf2855e28bb74049205ff50092da0cb7bc50f2652c752f81?s=96&d=mm&r=g\",\"contentUrl\":\"https:\\\/\\\/secure.gravatar.com\\\/avatar\\\/b347acc00c2543eadf2855e28bb74049205ff50092da0cb7bc50f2652c752f81?s=96&d=mm&r=g\",\"caption\":\"fatosefotosnews\"},\"sameAs\":[\"http:\\\/\\\/www.fatosefotosnews.com.br\"],\"url\":\"https:\\\/\\\/www.fatosefotosnews.com.br\\\/?author=1\"}]}<\/script>\n<!-- \/ Yoast SEO plugin. -->","yoast_head_json":{"title":"Mais uma Fake News de Bolsonaro\u203c\ufe0f - Fatos e Fotos News","robots":{"index":"index","follow":"follow","max-snippet":"max-snippet:-1","max-image-preview":"max-image-preview:large","max-video-preview":"max-video-preview:-1"},"canonical":"https:\/\/www.fatosefotosnews.com.br\/?p=31366","og_locale":"pt_BR","og_type":"article","og_title":"Mais uma Fake News de Bolsonaro\u203c\ufe0f - Fatos e Fotos News","og_description":"Governo anterior teve 159 invas\u00f5es de terra &#8211; em quatro anos &#8211; coordenadas pelo MST, portanto, uma m\u00e9dia de 40 por m\u00eas e n\u00e3o \u2018meia d\u00fazia\u2019 como mentiu Bolsonaro numa feira do agroneg\u00f3cio Agrishow no interior de S\u00e3o Paulo neste final de semana. Para completar ainda disse que as armas evitam viol\u00eancia. Mentiu e falou [&hellip;]","og_url":"https:\/\/www.fatosefotosnews.com.br\/?p=31366","og_site_name":"Fatos e Fotos News","article_published_time":"2023-05-02T13:01:51+00:00","article_modified_time":"2023-05-02T13:01:58+00:00","og_image":[{"width":1024,"height":576,"url":"https:\/\/www.fatosefotosnews.com.br\/wp-content\/uploads\/2023\/05\/f360a2744b671a3ea316006a96e89fe3.jpeg","type":"image\/jpeg"}],"author":"fatosefotosnews","twitter_card":"summary_large_image","twitter_misc":{"Escrito por":"fatosefotosnews"},"schema":{"@context":"https:\/\/schema.org","@graph":[{"@type":"Article","@id":"https:\/\/www.fatosefotosnews.com.br\/?p=31366#article","isPartOf":{"@id":"https:\/\/www.fatosefotosnews.com.br\/?p=31366"},"author":{"name":"fatosefotosnews","@id":"https:\/\/www.fatosefotosnews.com.br\/#\/schema\/person\/70ccaf82072edcbc921e1c3ca2259803"},"headline":"Mais uma Fake News de Bolsonaro\u203c\ufe0f","datePublished":"2023-05-02T13:01:51+00:00","dateModified":"2023-05-02T13:01:58+00:00","mainEntityOfPage":{"@id":"https:\/\/www.fatosefotosnews.com.br\/?p=31366"},"wordCount":88,"commentCount":0,"publisher":{"@id":"https:\/\/www.fatosefotosnews.com.br\/#organization"},"image":{"@id":"https:\/\/www.fatosefotosnews.com.br\/?p=31366#primaryimage"},"thumbnailUrl":"https:\/\/www.fatosefotosnews.com.br\/wp-content\/uploads\/2023\/05\/f360a2744b671a3ea316006a96e89fe3.jpeg","keywords":["agrishow","Agroneg\u00f3cio","Ribeir\u00e3o Preto","S\u00e3o paulo","Tarc\u00edsio de Freitas"],"articleSection":["Coluna Pol\u00edtica"],"inLanguage":"pt-BR","potentialAction":[{"@type":"CommentAction","name":"Comment","target":["https:\/\/www.fatosefotosnews.com.br\/?p=31366#respond"]}]},{"@type":"WebPage","@id":"https:\/\/www.fatosefotosnews.com.br\/?p=31366","url":"https:\/\/www.fatosefotosnews.com.br\/?p=31366","name":"Mais uma Fake News de Bolsonaro\u203c\ufe0f - Fatos e Fotos News","isPartOf":{"@id":"https:\/\/www.fatosefotosnews.com.br\/#website"},"primaryImageOfPage":{"@id":"https:\/\/www.fatosefotosnews.com.br\/?p=31366#primaryimage"},"image":{"@id":"https:\/\/www.fatosefotosnews.com.br\/?p=31366#primaryimage"},"thumbnailUrl":"https:\/\/www.fatosefotosnews.com.br\/wp-content\/uploads\/2023\/05\/f360a2744b671a3ea316006a96e89fe3.jpeg","datePublished":"2023-05-02T13:01:51+00:00","dateModified":"2023-05-02T13:01:58+00:00","breadcrumb":{"@id":"https:\/\/www.fatosefotosnews.com.br\/?p=31366#breadcrumb"},"inLanguage":"pt-BR","potentialAction":[{"@type":"ReadAction","target":["https:\/\/www.fatosefotosnews.com.br\/?p=31366"]}]},{"@type":"ImageObject","inLanguage":"pt-BR","@id":"https:\/\/www.fatosefotosnews.com.br\/?p=31366#primaryimage","url":"https:\/\/www.fatosefotosnews.com.br\/wp-content\/uploads\/2023\/05\/f360a2744b671a3ea316006a96e89fe3.jpeg","contentUrl":"https:\/\/www.fatosefotosnews.com.br\/wp-content\/uploads\/2023\/05\/f360a2744b671a3ea316006a96e89fe3.jpeg","width":1024,"height":576,"caption":"Jo\u00e3o Vitor Revedilho\/Portal iG Tarc\u00edsio de Freitas e Jair Bolsonaro na Agrishow"},{"@type":"BreadcrumbList","@id":"https:\/\/www.fatosefotosnews.com.br\/?p=31366#breadcrumb","itemListElement":[{"@type":"ListItem","position":1,"name":"In\u00edcio","item":"https:\/\/www.fatosefotosnews.com.br\/"},{"@type":"ListItem","position":2,"name":"Mais uma Fake News de Bolsonaro\u203c\ufe0f"}]},{"@type":"WebSite","@id":"https:\/\/www.fatosefotosnews.com.br\/#website","url":"https:\/\/www.fatosefotosnews.com.br\/","name":"Fatos e Fotos News","description":"Um site de noticial verdadeira e confi\u00e1veis.","publisher":{"@id":"https:\/\/www.fatosefotosnews.com.br\/#organization"},"potentialAction":[{"@type":"SearchAction","target":{"@type":"EntryPoint","urlTemplate":"https:\/\/www.fatosefotosnews.com.br\/?s={search_term_string}"},"query-input":{"@type":"PropertyValueSpecification","valueRequired":true,"valueName":"search_term_string"}}],"inLanguage":"pt-BR"},{"@type":"Organization","@id":"https:\/\/www.fatosefotosnews.com.br\/#organization","name":"Fatos e Fotos News","url":"https:\/\/www.fatosefotosnews.com.br\/","logo":{"@type":"ImageObject","inLanguage":"pt-BR","@id":"https:\/\/www.fatosefotosnews.com.br\/#\/schema\/logo\/image\/","url":"https:\/\/www.fatosefotosnews.com.br\/wp-content\/uploads\/2023\/02\/Fatos-e-Fotos-news-logo.png","contentUrl":"https:\/\/www.fatosefotosnews.com.br\/wp-content\/uploads\/2023\/02\/Fatos-e-Fotos-news-logo.png","width":300,"height":58,"caption":"Fatos e Fotos News"},"image":{"@id":"https:\/\/www.fatosefotosnews.com.br\/#\/schema\/logo\/image\/"}},{"@type":"Person","@id":"https:\/\/www.fatosefotosnews.com.br\/#\/schema\/person\/70ccaf82072edcbc921e1c3ca2259803","name":"fatosefotosnews","image":{"@type":"ImageObject","inLanguage":"pt-BR","@id":"https:\/\/secure.gravatar.com\/avatar\/b347acc00c2543eadf2855e28bb74049205ff50092da0cb7bc50f2652c752f81?s=96&d=mm&r=g","url":"https:\/\/secure.gravatar.com\/avatar\/b347acc00c2543eadf2855e28bb74049205ff50092da0cb7bc50f2652c752f81?s=96&d=mm&r=g","contentUrl":"https:\/\/secure.gravatar.com\/avatar\/b347acc00c2543eadf2855e28bb74049205ff50092da0cb7bc50f2652c752f81?s=96&d=mm&r=g","caption":"fatosefotosnews"},"sameAs":["http:\/\/www.fatosefotosnews.com.br"],"url":"https:\/\/www.fatosefotosnews.com.br\/?author=1"}]}},"jetpack_publicize_connections":[],"blog_post_layout_featured_media_urls":{"thumbnail":["https:\/\/www.fatosefotosnews.com.br\/wp-content\/uploads\/2023\/05\/f360a2744b671a3ea316006a96e89fe3-150x150.jpeg",150,150,true],"full":["https:\/\/www.fatosefotosnews.com.br\/wp-content\/uploads\/2023\/05\/f360a2744b671a3ea316006a96e89fe3.jpeg",1024,576,false]},"categories_names":{"171":{"name":"Coluna Pol\u00edtica","link":"https:\/\/www.fatosefotosnews.com.br\/?cat=171"}},"tags_names":{"8374":{"name":"agrishow","link":"https:\/\/www.fatosefotosnews.com.br\/?tag=agrishow"},"217":{"name":"Agroneg\u00f3cio","link":"https:\/\/www.fatosefotosnews.com.br\/?tag=agronegocio"},"8548":{"name":"Ribeir\u00e3o Preto","link":"https:\/\/www.fatosefotosnews.com.br\/?tag=ribeirao-preto"},"206":{"name":"S\u00e3o paulo","link":"https:\/\/www.fatosefotosnews.com.br\/?tag=sao-paulo"},"5319":{"name":"Tarc\u00edsio de Freitas","link":"https:\/\/www.fatosefotosnews.com.br\/?tag=tarcisio-de-freitas"}},"comments_number":"0","wpmagazine_modules_lite_featured_media_urls":{"thumbnail":["https:\/\/www.fatosefotosnews.com.br\/wp-content\/uploads\/2023\/05\/f360a2744b671a3ea316006a96e89fe3-150x150.jpeg",150,150,true],"cvmm-medium":["https:\/\/www.fatosefotosnews.com.br\/wp-content\/uploads\/2023\/05\/f360a2744b671a3ea316006a96e89fe3-300x300.jpeg",300,300,true],"cvmm-medium-plus":["https:\/\/www.fatosefotosnews.com.br\/wp-content\/uploads\/2023\/05\/f360a2744b671a3ea316006a96e89fe3-305x207.jpeg",305,207,true],"cvmm-portrait":["https:\/\/www.fatosefotosnews.com.br\/wp-content\/uploads\/2023\/05\/f360a2744b671a3ea316006a96e89fe3-400x576.jpeg",400,576,true],"cvmm-medium-square":["https:\/\/www.fatosefotosnews.com.br\/wp-content\/uploads\/2023\/05\/f360a2744b671a3ea316006a96e89fe3-600x576.jpeg",600,576,true],"cvmm-large":["https:\/\/www.fatosefotosnews.com.br\/wp-content\/uploads\/2023\/05\/f360a2744b671a3ea316006a96e89fe3.jpeg",1024,576,false],"cvmm-small":["https:\/\/www.fatosefotosnews.com.br\/wp-content\/uploads\/2023\/05\/f360a2744b671a3ea316006a96e89fe3-130x95.jpeg",130,95,true],"full":["https:\/\/www.fatosefotosnews.com.br\/wp-content\/uploads\/2023\/05\/f360a2744b671a3ea316006a96e89fe3.jpeg",1024,576,false]},"_links":{"self":[{"href":"https:\/\/www.fatosefotosnews.com.br\/index.php?rest_route=\/wp\/v2\/posts\/31366","targetHints":{"allow":["GET"]}}],"collection":[{"href":"https:\/\/www.fatosefotosnews.com.br\/index.php?rest_route=\/wp\/v2\/posts"}],"about":[{"href":"https:\/\/www.fatosefotosnews.com.br\/index.php?rest_route=\/wp\/v2\/types\/post"}],"author":[{"embeddable":true,"href":"https:\/\/www.fatosefotosnews.com.br\/index.php?rest_route=\/wp\/v2\/users\/1"}],"replies":[{"embeddable":true,"href":"https:\/\/www.fatosefotosnews.com.br\/index.php?rest_route=%2Fwp%2Fv2%2Fcomments&post=31366"}],"version-history":[{"count":1,"href":"https:\/\/www.fatosefotosnews.com.br\/index.php?rest_route=\/wp\/v2\/posts\/31366\/revisions"}],"predecessor-version":[{"id":31367,"href":"https:\/\/www.fatosefotosnews.com.br\/index.php?rest_route=\/wp\/v2\/posts\/31366\/revisions\/31367"}],"wp:featuredmedia":[{"embeddable":true,"href":"https:\/\/www.fatosefotosnews.com.br\/index.php?rest_route=\/wp\/v2\/media\/31259"}],"wp:attachment":[{"href":"https:\/\/www.fatosefotosnews.com.br\/index.php?rest_route=%2Fwp%2Fv2%2Fmedia&parent=31366"}],"wp:term":[{"taxonomy":"category","embeddable":true,"href":"https:\/\/www.fatosefotosnews.com.br\/index.php?rest_route=%2Fwp%2Fv2%2Fcategories&post=31366"},{"taxonomy":"post_tag","embeddable":true,"href":"https:\/\/www.fatosefotosnews.com.br\/index.php?rest_route=%2Fwp%2Fv2%2Ftags&post=31366"}],"curies":[{"name":"wp","href":"https:\/\/api.w.org\/{rel}","templated":true}]}}