{"id":31687,"date":"2023-05-04T08:16:16","date_gmt":"2023-05-04T11:16:16","guid":{"rendered":"https:\/\/www.fatosefotosnews.com.br\/ambiente-pode-influenciar-na-dieta-nutricionista-responde\/"},"modified":"2023-05-04T08:16:16","modified_gmt":"2023-05-04T11:16:16","slug":"ambiente-pode-influenciar-na-dieta-nutricionista-responde","status":"publish","type":"post","link":"https:\/\/www.fatosefotosnews.com.br\/?p=31687","title":{"rendered":"Ambiente pode influenciar na dieta? Nutricionista responde"},"content":{"rendered":"<p><meta name=\"robots\" content=\"noindex\"><mreta name=\"googlebot\" content=\"noindex\"><\/p>\n<div class=\"Noticia_Foto fato\">\n<figure class=\"foto-legenda\" style=\"position: relative\">\n<div class=\"foto-legenda-img\"> <img fetchpriority=\"high\" decoding=\"async\" src=\"https:\/\/i0.statig.com.br\/bancodeimagens\/7t\/ro\/dn\/7trodnq0edwt07fh5hf5hc1xy.jpg\" width=\"906\" height=\"509\" alt=\"Ambiente pode influenciar na dieta? Nutricionista responde\" title=\"Ambiente pode influenciar na dieta? Nutricionista responde\"> <\/div><figcaption class=\"foto-legenda-citacao\"> <cite>FreePik<\/cite> <\/p>\n<div class=\"foto-legenda-citacao-text\">Ambiente pode influenciar na dieta? Nutricionista responde<\/div>\n<\/figcaption><\/figure>\n<\/p>\n<\/div>\n<p class=\"\">O ser humano \u00e9 marcado fortemente pela necessidade de se inserir na sociedade. Como consequ\u00eancia, os h\u00e1bitos de vida adquiridos por cada um s\u00e3o diretamente influenciados pelo contexto social na qual est\u00e1 inserido. Os ambientes que fazem parte da rotina de cada pessoa seduzem e induzem o acatamento de determinados comportamentos.<\/p>\n<p class=\"\"> <strong>Entre no canal do  <a href=\"https:\/\/t.me\/iGDelas\" data-mce-href=\"https:\/\/t.me\/iGDelas\">iG Delas no Telegram<\/a> e fique por dentro de todas as not\u00edcias sobre beleza, moda, comportamento, sexo e muito mais!<\/strong> <\/p>\n<p>Assim como acontece com os h\u00e1bitos, a dieta tamb\u00e9m \u00e9 rigorosamente impactada pelo ambiente em que as pessoas se encontram. Segundo a nutricionista Juliana Carvalho, isso acontece tanto para facilitar quanto para dificultar a ades\u00e3o de uma alimenta\u00e7\u00e3o saud\u00e1vel. Ela ainda explica que um regime bem planejado \u00e9 diretamente influenciado por outros fatores. Al\u00e9m da influ\u00eancia da sociedade, o cen\u00e1rio econ\u00f4mico do pa\u00eds tamb\u00e9m pode favorecer ou atrapalhar.<\/p>\n<p>\u201cO ambiente em que vivemos \u00e9 um dos gatilhos mais fortes do nosso comportamento. Ap\u00f3s um dia longo, chegamos em casa cansados. Al\u00e9m da fome vem aquela sensa\u00e7\u00e3o do \u2018eu mere\u00e7o\u2019. Portanto, mesmo que exista o desejo de uma vida mais saud\u00e1vel ou de emagrecimento, nesse momento, o seu ambiente ser\u00e1 decisivo. Se voc\u00ea n\u00e3o tiver boas op\u00e7\u00f5es provavelmente voc\u00ea ir\u00e1 optar por alimentos mais pr\u00e1ticos e nem sempre ser\u00e1 uma boa escolha alimentar\u201d, afirmou.<\/p>\n<div class=\"Noticia_Foto fato\">\n<figure class=\"foto-legenda\" style=\"position: relative\">\n<div class=\"foto-legenda-img\"> <img decoding=\"async\" src=\"https:\/\/i0.statig.com.br\/bancodeimagens\/8p\/rm\/ow\/8prmow4xbg3t4jpm6hiwhtcp1.jpg\" width=\"906\" height=\"509\" alt=\"Nutricionista Juliana Carvalho\" title=\"Nutricionista Juliana Carvalho\"> <\/div><figcaption class=\"foto-legenda-citacao\"> <cite>Divulga\u00e7\u00e3o<\/cite> <\/p>\n<div class=\"foto-legenda-citacao-text\">Nutricionista Juliana Carvalho<\/div>\n<\/figcaption><\/figure>\n<\/p>\n<\/div>\n<p class=\"\">As decis\u00f5es dos alimentos n\u00e3o s\u00e3o tomadas somente com base na quantidade de calorias e nutrientes. Elas s\u00e3o definidas com base no conhecimento de cada um sobre a comida e a cultura do pa\u00eds e tamb\u00e9m no acesso e disponibilidade do alimento. O alimento tamb\u00e9m \u00e9 motivo de lembran\u00e7as e mem\u00f3rias tanto positivas como negativas que contribuem para as prefer\u00eancias ou recusas alimentares. Logo, a alimenta\u00e7\u00e3o apresenta um aspecto psicol\u00f3gico que deve ser considerado na decis\u00e3o de ingerir ou n\u00e3o determinada refei\u00e7\u00e3o.<\/p>\n<p class=\"\"> <strong>Acompanhe tamb\u00e9m perfil geral do <a href=\"https:\/\/t.me\/portalig\" data-mce-href=\"https:\/\/t.me\/portalig\">Portal iG no Telegram<\/a> !<\/strong> <\/p>\n<p>\u201cMudar um processo alimentar n\u00e3o \u00e9 simples, por causa desses diversos fatores que o envolvem. A forma\u00e7\u00e3o de uma nova dieta impacta diretamente na vida pessoal de cada um. Portanto, o ambiente interfere na hora da decis\u00e3o de uma alimenta\u00e7\u00e3o. \u00c9 necess\u00e1rio levar em conta todos os fatores apresentados aqui para come\u00e7ar uma dieta\u201d, finaliza.  <\/p>\n<p id=\"infocoweb_fonte\" class=\"infocoweb_fonte\">Fonte: <a target=\"_blank\" href=\"http:\/\/delas.ig.com.br\/alimentacao-e-bem-estar\/2023-05-04\/nutricao-ambiente.html#d9d9f3af-42e1-47bd-ade2-b677ec43757b\" rel=\"noopener\">Mulher<\/a><\/p>\n","protected":false},"excerpt":{"rendered":"<p>FreePik Ambiente pode influenciar na dieta? Nutricionista responde O ser humano \u00e9 marcado fortemente pela necessidade de se inserir na sociedade. Como consequ\u00eancia, os h\u00e1bitos de vida adquiridos por cada um s\u00e3o diretamente influenciados pelo contexto social na qual est\u00e1 inserido. Os ambientes que fazem parte da rotina de cada pessoa seduzem e induzem o [&hellip;]<\/p>\n","protected":false},"author":5,"featured_media":31688,"comment_status":"open","ping_status":"open","sticky":false,"template":"","format":"standard","meta":{"_acf_changed":false,"_angie_page":false,"_monsterinsights_skip_tracking":false,"_themeisle_gutenberg_block_has_review":false,"page_builder":"","footnotes":"","jetpack_publicize_message":"","jetpack_publicize_feature_enabled":true,"jetpack_social_post_already_shared":false,"jetpack_social_options":{"image_generator_settings":{"template":"highway","default_image_id":0,"font":"","enabled":false},"version":2}},"categories":[3],"tags":[4449,1622,8677,6486,1217],"class_list":["post-31687","post","type-post","status-publish","format-standard","has-post-thumbnail","hentry","category-entretenimento","tag-ambiente","tag-dieta","tag-influenciar","tag-nutricionista","tag-responde"],"acf":[],"nelio_content":{"autoShareEndMode":"never","automationSources":{"useCustomSentences":false,"customSentences":[]},"efiAlt":"","efiUrl":"","followers":[5],"highlights":[],"isAutoShareEnabled":true,"networkImageIds":[],"permalinkQueryArgs":[],"series":[],"suggestedReferences":[]},"yoast_head":"<!-- This site is optimized with the Yoast SEO plugin v28.3 - https:\/\/yoast.com\/product\/yoast-seo-wordpress\/ -->\n<title>Ambiente pode influenciar na dieta? Nutricionista responde<\/title>\n<meta name=\"description\" content=\"Ambiente pode influenciar na dieta? Nutricionista responde\" \/>\n<meta name=\"robots\" content=\"index, follow, max-snippet:-1, max-image-preview:large, max-video-preview:-1\" \/>\n<link rel=\"canonical\" href=\"https:\/\/www.fatosefotosnews.com.br\/?p=31687\" \/>\n<meta property=\"og:locale\" content=\"pt_BR\" \/>\n<meta property=\"og:type\" content=\"article\" \/>\n<meta property=\"og:title\" content=\"Ambiente pode influenciar na dieta? Nutricionista responde\" \/>\n<meta property=\"og:description\" content=\"Ambiente pode influenciar na dieta? Nutricionista responde\" \/>\n<meta property=\"og:url\" content=\"https:\/\/www.fatosefotosnews.com.br\/?p=31687\" \/>\n<meta property=\"og:site_name\" content=\"Fatos e Fotos News\" \/>\n<meta property=\"article:published_time\" content=\"2023-05-04T11:16:16+00:00\" \/>\n<meta property=\"og:image\" content=\"https:\/\/www.fatosefotosnews.com.br\/wp-content\/uploads\/2023\/05\/2d41239a2c37773b9a67448b2ed7a99d.jpeg\" \/>\n\t<meta property=\"og:image:width\" content=\"1024\" \/>\n\t<meta property=\"og:image:height\" content=\"576\" \/>\n\t<meta property=\"og:image:type\" content=\"image\/jpeg\" \/>\n<meta name=\"author\" content=\"Da Reda\u00e7\u00e3o\" \/>\n<meta name=\"twitter:card\" content=\"summary_large_image\" \/>\n<meta name=\"twitter:label1\" content=\"Escrito por\" \/>\n\t<meta name=\"twitter:data1\" content=\"Da Reda\u00e7\u00e3o\" \/>\n\t<meta name=\"twitter:label2\" content=\"Est. tempo de leitura\" \/>\n\t<meta name=\"twitter:data2\" content=\"99 minutos\" \/>\n<script type=\"application\/ld+json\" class=\"yoast-schema-graph\">{\"@context\":\"https:\\\/\\\/schema.org\",\"@graph\":[{\"@type\":\"Article\",\"@id\":\"https:\\\/\\\/www.fatosefotosnews.com.br\\\/?p=31687#article\",\"isPartOf\":{\"@id\":\"https:\\\/\\\/www.fatosefotosnews.com.br\\\/?p=31687\"},\"author\":{\"name\":\"Da Reda\u00e7\u00e3o\",\"@id\":\"https:\\\/\\\/www.fatosefotosnews.com.br\\\/#\\\/schema\\\/person\\\/3b80f81d08670fb1f6690e07eb8b5dc6\"},\"headline\":\"Ambiente pode influenciar na dieta? Nutricionista responde\",\"datePublished\":\"2023-05-04T11:16:16+00:00\",\"mainEntityOfPage\":{\"@id\":\"https:\\\/\\\/www.fatosefotosnews.com.br\\\/?p=31687\"},\"wordCount\":424,\"commentCount\":0,\"publisher\":{\"@id\":\"https:\\\/\\\/www.fatosefotosnews.com.br\\\/#organization\"},\"image\":{\"@id\":\"https:\\\/\\\/www.fatosefotosnews.com.br\\\/?p=31687#primaryimage\"},\"thumbnailUrl\":\"https:\\\/\\\/www.fatosefotosnews.com.br\\\/wp-content\\\/uploads\\\/2023\\\/05\\\/2d41239a2c37773b9a67448b2ed7a99d.jpeg\",\"keywords\":[\"ambiente\",\"dieta\",\"influenciar\",\"Nutricionista\",\"responde\"],\"articleSection\":[\"Entretenimento\"],\"inLanguage\":\"pt-BR\",\"potentialAction\":[{\"@type\":\"CommentAction\",\"name\":\"Comment\",\"target\":[\"https:\\\/\\\/www.fatosefotosnews.com.br\\\/?p=31687#respond\"]}]},{\"@type\":\"WebPage\",\"@id\":\"https:\\\/\\\/www.fatosefotosnews.com.br\\\/?p=31687\",\"url\":\"https:\\\/\\\/www.fatosefotosnews.com.br\\\/?p=31687\",\"name\":\"Ambiente pode influenciar na dieta? Nutricionista responde\",\"isPartOf\":{\"@id\":\"https:\\\/\\\/www.fatosefotosnews.com.br\\\/#website\"},\"primaryImageOfPage\":{\"@id\":\"https:\\\/\\\/www.fatosefotosnews.com.br\\\/?p=31687#primaryimage\"},\"image\":{\"@id\":\"https:\\\/\\\/www.fatosefotosnews.com.br\\\/?p=31687#primaryimage\"},\"thumbnailUrl\":\"https:\\\/\\\/www.fatosefotosnews.com.br\\\/wp-content\\\/uploads\\\/2023\\\/05\\\/2d41239a2c37773b9a67448b2ed7a99d.jpeg\",\"datePublished\":\"2023-05-04T11:16:16+00:00\",\"description\":\"Ambiente pode influenciar na dieta? Nutricionista responde\",\"breadcrumb\":{\"@id\":\"https:\\\/\\\/www.fatosefotosnews.com.br\\\/?p=31687#breadcrumb\"},\"inLanguage\":\"pt-BR\",\"potentialAction\":[{\"@type\":\"ReadAction\",\"target\":[\"https:\\\/\\\/www.fatosefotosnews.com.br\\\/?p=31687\"]}]},{\"@type\":\"ImageObject\",\"inLanguage\":\"pt-BR\",\"@id\":\"https:\\\/\\\/www.fatosefotosnews.com.br\\\/?p=31687#primaryimage\",\"url\":\"https:\\\/\\\/www.fatosefotosnews.com.br\\\/wp-content\\\/uploads\\\/2023\\\/05\\\/2d41239a2c37773b9a67448b2ed7a99d.jpeg\",\"contentUrl\":\"https:\\\/\\\/www.fatosefotosnews.com.br\\\/wp-content\\\/uploads\\\/2023\\\/05\\\/2d41239a2c37773b9a67448b2ed7a99d.jpeg\",\"width\":1024,\"height\":576,\"caption\":\"FreePik Ambiente pode influenciar na dieta? Nutricionista responde\"},{\"@type\":\"BreadcrumbList\",\"@id\":\"https:\\\/\\\/www.fatosefotosnews.com.br\\\/?p=31687#breadcrumb\",\"itemListElement\":[{\"@type\":\"ListItem\",\"position\":1,\"name\":\"In\u00edcio\",\"item\":\"https:\\\/\\\/www.fatosefotosnews.com.br\\\/\"},{\"@type\":\"ListItem\",\"position\":2,\"name\":\"Ambiente pode influenciar na dieta? Nutricionista responde\"}]},{\"@type\":\"WebSite\",\"@id\":\"https:\\\/\\\/www.fatosefotosnews.com.br\\\/#website\",\"url\":\"https:\\\/\\\/www.fatosefotosnews.com.br\\\/\",\"name\":\"Fatos e Fotos News\",\"description\":\"Um site de noticial verdadeira e confi\u00e1veis.\",\"publisher\":{\"@id\":\"https:\\\/\\\/www.fatosefotosnews.com.br\\\/#organization\"},\"potentialAction\":[{\"@type\":\"SearchAction\",\"target\":{\"@type\":\"EntryPoint\",\"urlTemplate\":\"https:\\\/\\\/www.fatosefotosnews.com.br\\\/?s={search_term_string}\"},\"query-input\":{\"@type\":\"PropertyValueSpecification\",\"valueRequired\":true,\"valueName\":\"search_term_string\"}}],\"inLanguage\":\"pt-BR\"},{\"@type\":\"Organization\",\"@id\":\"https:\\\/\\\/www.fatosefotosnews.com.br\\\/#organization\",\"name\":\"Fatos e Fotos News\",\"url\":\"https:\\\/\\\/www.fatosefotosnews.com.br\\\/\",\"logo\":{\"@type\":\"ImageObject\",\"inLanguage\":\"pt-BR\",\"@id\":\"https:\\\/\\\/www.fatosefotosnews.com.br\\\/#\\\/schema\\\/logo\\\/image\\\/\",\"url\":\"https:\\\/\\\/www.fatosefotosnews.com.br\\\/wp-content\\\/uploads\\\/2023\\\/02\\\/Fatos-e-Fotos-news-logo.png\",\"contentUrl\":\"https:\\\/\\\/www.fatosefotosnews.com.br\\\/wp-content\\\/uploads\\\/2023\\\/02\\\/Fatos-e-Fotos-news-logo.png\",\"width\":300,\"height\":58,\"caption\":\"Fatos e Fotos News\"},\"image\":{\"@id\":\"https:\\\/\\\/www.fatosefotosnews.com.br\\\/#\\\/schema\\\/logo\\\/image\\\/\"}},{\"@type\":\"Person\",\"@id\":\"https:\\\/\\\/www.fatosefotosnews.com.br\\\/#\\\/schema\\\/person\\\/3b80f81d08670fb1f6690e07eb8b5dc6\",\"name\":\"Da Reda\u00e7\u00e3o\",\"image\":{\"@type\":\"ImageObject\",\"inLanguage\":\"pt-BR\",\"@id\":\"https:\\\/\\\/secure.gravatar.com\\\/avatar\\\/696d39935a657bf0fc95044dbc9f912520430a0eb6dd46c85dd97eb6483b249b?s=96&d=mm&r=g\",\"url\":\"https:\\\/\\\/secure.gravatar.com\\\/avatar\\\/696d39935a657bf0fc95044dbc9f912520430a0eb6dd46c85dd97eb6483b249b?s=96&d=mm&r=g\",\"contentUrl\":\"https:\\\/\\\/secure.gravatar.com\\\/avatar\\\/696d39935a657bf0fc95044dbc9f912520430a0eb6dd46c85dd97eb6483b249b?s=96&d=mm&r=g\",\"caption\":\"Da Reda\u00e7\u00e3o\"},\"url\":\"https:\\\/\\\/www.fatosefotosnews.com.br\\\/?author=5\"}]}<\/script>\n<!-- \/ Yoast SEO plugin. -->","yoast_head_json":{"title":"Ambiente pode influenciar na dieta? Nutricionista responde","description":"Ambiente pode influenciar na dieta? Nutricionista responde","robots":{"index":"index","follow":"follow","max-snippet":"max-snippet:-1","max-image-preview":"max-image-preview:large","max-video-preview":"max-video-preview:-1"},"canonical":"https:\/\/www.fatosefotosnews.com.br\/?p=31687","og_locale":"pt_BR","og_type":"article","og_title":"Ambiente pode influenciar na dieta? Nutricionista responde","og_description":"Ambiente pode influenciar na dieta? Nutricionista responde","og_url":"https:\/\/www.fatosefotosnews.com.br\/?p=31687","og_site_name":"Fatos e Fotos News","article_published_time":"2023-05-04T11:16:16+00:00","og_image":[{"width":1024,"height":576,"url":"https:\/\/www.fatosefotosnews.com.br\/wp-content\/uploads\/2023\/05\/2d41239a2c37773b9a67448b2ed7a99d.jpeg","type":"image\/jpeg"}],"author":"Da Reda\u00e7\u00e3o","twitter_card":"summary_large_image","twitter_misc":{"Escrito por":"Da Reda\u00e7\u00e3o","Est. tempo de leitura":"99 minutos"},"schema":{"@context":"https:\/\/schema.org","@graph":[{"@type":"Article","@id":"https:\/\/www.fatosefotosnews.com.br\/?p=31687#article","isPartOf":{"@id":"https:\/\/www.fatosefotosnews.com.br\/?p=31687"},"author":{"name":"Da Reda\u00e7\u00e3o","@id":"https:\/\/www.fatosefotosnews.com.br\/#\/schema\/person\/3b80f81d08670fb1f6690e07eb8b5dc6"},"headline":"Ambiente pode influenciar na dieta? Nutricionista responde","datePublished":"2023-05-04T11:16:16+00:00","mainEntityOfPage":{"@id":"https:\/\/www.fatosefotosnews.com.br\/?p=31687"},"wordCount":424,"commentCount":0,"publisher":{"@id":"https:\/\/www.fatosefotosnews.com.br\/#organization"},"image":{"@id":"https:\/\/www.fatosefotosnews.com.br\/?p=31687#primaryimage"},"thumbnailUrl":"https:\/\/www.fatosefotosnews.com.br\/wp-content\/uploads\/2023\/05\/2d41239a2c37773b9a67448b2ed7a99d.jpeg","keywords":["ambiente","dieta","influenciar","Nutricionista","responde"],"articleSection":["Entretenimento"],"inLanguage":"pt-BR","potentialAction":[{"@type":"CommentAction","name":"Comment","target":["https:\/\/www.fatosefotosnews.com.br\/?p=31687#respond"]}]},{"@type":"WebPage","@id":"https:\/\/www.fatosefotosnews.com.br\/?p=31687","url":"https:\/\/www.fatosefotosnews.com.br\/?p=31687","name":"Ambiente pode influenciar na dieta? Nutricionista responde","isPartOf":{"@id":"https:\/\/www.fatosefotosnews.com.br\/#website"},"primaryImageOfPage":{"@id":"https:\/\/www.fatosefotosnews.com.br\/?p=31687#primaryimage"},"image":{"@id":"https:\/\/www.fatosefotosnews.com.br\/?p=31687#primaryimage"},"thumbnailUrl":"https:\/\/www.fatosefotosnews.com.br\/wp-content\/uploads\/2023\/05\/2d41239a2c37773b9a67448b2ed7a99d.jpeg","datePublished":"2023-05-04T11:16:16+00:00","description":"Ambiente pode influenciar na dieta? Nutricionista responde","breadcrumb":{"@id":"https:\/\/www.fatosefotosnews.com.br\/?p=31687#breadcrumb"},"inLanguage":"pt-BR","potentialAction":[{"@type":"ReadAction","target":["https:\/\/www.fatosefotosnews.com.br\/?p=31687"]}]},{"@type":"ImageObject","inLanguage":"pt-BR","@id":"https:\/\/www.fatosefotosnews.com.br\/?p=31687#primaryimage","url":"https:\/\/www.fatosefotosnews.com.br\/wp-content\/uploads\/2023\/05\/2d41239a2c37773b9a67448b2ed7a99d.jpeg","contentUrl":"https:\/\/www.fatosefotosnews.com.br\/wp-content\/uploads\/2023\/05\/2d41239a2c37773b9a67448b2ed7a99d.jpeg","width":1024,"height":576,"caption":"FreePik Ambiente pode influenciar na dieta? Nutricionista responde"},{"@type":"BreadcrumbList","@id":"https:\/\/www.fatosefotosnews.com.br\/?p=31687#breadcrumb","itemListElement":[{"@type":"ListItem","position":1,"name":"In\u00edcio","item":"https:\/\/www.fatosefotosnews.com.br\/"},{"@type":"ListItem","position":2,"name":"Ambiente pode influenciar na dieta? Nutricionista responde"}]},{"@type":"WebSite","@id":"https:\/\/www.fatosefotosnews.com.br\/#website","url":"https:\/\/www.fatosefotosnews.com.br\/","name":"Fatos e Fotos News","description":"Um site de noticial verdadeira e confi\u00e1veis.","publisher":{"@id":"https:\/\/www.fatosefotosnews.com.br\/#organization"},"potentialAction":[{"@type":"SearchAction","target":{"@type":"EntryPoint","urlTemplate":"https:\/\/www.fatosefotosnews.com.br\/?s={search_term_string}"},"query-input":{"@type":"PropertyValueSpecification","valueRequired":true,"valueName":"search_term_string"}}],"inLanguage":"pt-BR"},{"@type":"Organization","@id":"https:\/\/www.fatosefotosnews.com.br\/#organization","name":"Fatos e Fotos News","url":"https:\/\/www.fatosefotosnews.com.br\/","logo":{"@type":"ImageObject","inLanguage":"pt-BR","@id":"https:\/\/www.fatosefotosnews.com.br\/#\/schema\/logo\/image\/","url":"https:\/\/www.fatosefotosnews.com.br\/wp-content\/uploads\/2023\/02\/Fatos-e-Fotos-news-logo.png","contentUrl":"https:\/\/www.fatosefotosnews.com.br\/wp-content\/uploads\/2023\/02\/Fatos-e-Fotos-news-logo.png","width":300,"height":58,"caption":"Fatos e Fotos News"},"image":{"@id":"https:\/\/www.fatosefotosnews.com.br\/#\/schema\/logo\/image\/"}},{"@type":"Person","@id":"https:\/\/www.fatosefotosnews.com.br\/#\/schema\/person\/3b80f81d08670fb1f6690e07eb8b5dc6","name":"Da Reda\u00e7\u00e3o","image":{"@type":"ImageObject","inLanguage":"pt-BR","@id":"https:\/\/secure.gravatar.com\/avatar\/696d39935a657bf0fc95044dbc9f912520430a0eb6dd46c85dd97eb6483b249b?s=96&d=mm&r=g","url":"https:\/\/secure.gravatar.com\/avatar\/696d39935a657bf0fc95044dbc9f912520430a0eb6dd46c85dd97eb6483b249b?s=96&d=mm&r=g","contentUrl":"https:\/\/secure.gravatar.com\/avatar\/696d39935a657bf0fc95044dbc9f912520430a0eb6dd46c85dd97eb6483b249b?s=96&d=mm&r=g","caption":"Da Reda\u00e7\u00e3o"},"url":"https:\/\/www.fatosefotosnews.com.br\/?author=5"}]}},"jetpack_publicize_connections":[],"blog_post_layout_featured_media_urls":{"thumbnail":["https:\/\/www.fatosefotosnews.com.br\/wp-content\/uploads\/2023\/05\/2d41239a2c37773b9a67448b2ed7a99d-150x150.jpeg",150,150,true],"full":["https:\/\/www.fatosefotosnews.com.br\/wp-content\/uploads\/2023\/05\/2d41239a2c37773b9a67448b2ed7a99d.jpeg",1024,576,false]},"categories_names":{"3":{"name":"Entretenimento","link":"https:\/\/www.fatosefotosnews.com.br\/?cat=3"}},"tags_names":{"4449":{"name":"ambiente","link":"https:\/\/www.fatosefotosnews.com.br\/?tag=ambiente"},"1622":{"name":"dieta","link":"https:\/\/www.fatosefotosnews.com.br\/?tag=dieta"},"8677":{"name":"influenciar","link":"https:\/\/www.fatosefotosnews.com.br\/?tag=influenciar"},"6486":{"name":"Nutricionista","link":"https:\/\/www.fatosefotosnews.com.br\/?tag=nutricionista"},"1217":{"name":"responde","link":"https:\/\/www.fatosefotosnews.com.br\/?tag=responde"}},"comments_number":"0","wpmagazine_modules_lite_featured_media_urls":{"thumbnail":["https:\/\/www.fatosefotosnews.com.br\/wp-content\/uploads\/2023\/05\/2d41239a2c37773b9a67448b2ed7a99d-150x150.jpeg",150,150,true],"cvmm-medium":["https:\/\/www.fatosefotosnews.com.br\/wp-content\/uploads\/2023\/05\/2d41239a2c37773b9a67448b2ed7a99d-300x300.jpeg",300,300,true],"cvmm-medium-plus":["https:\/\/www.fatosefotosnews.com.br\/wp-content\/uploads\/2023\/05\/2d41239a2c37773b9a67448b2ed7a99d-305x207.jpeg",305,207,true],"cvmm-portrait":["https:\/\/www.fatosefotosnews.com.br\/wp-content\/uploads\/2023\/05\/2d41239a2c37773b9a67448b2ed7a99d-400x576.jpeg",400,576,true],"cvmm-medium-square":["https:\/\/www.fatosefotosnews.com.br\/wp-content\/uploads\/2023\/05\/2d41239a2c37773b9a67448b2ed7a99d-600x576.jpeg",600,576,true],"cvmm-large":["https:\/\/www.fatosefotosnews.com.br\/wp-content\/uploads\/2023\/05\/2d41239a2c37773b9a67448b2ed7a99d.jpeg",1024,576,false],"cvmm-small":["https:\/\/www.fatosefotosnews.com.br\/wp-content\/uploads\/2023\/05\/2d41239a2c37773b9a67448b2ed7a99d-130x95.jpeg",130,95,true],"full":["https:\/\/www.fatosefotosnews.com.br\/wp-content\/uploads\/2023\/05\/2d41239a2c37773b9a67448b2ed7a99d.jpeg",1024,576,false]},"_links":{"self":[{"href":"https:\/\/www.fatosefotosnews.com.br\/index.php?rest_route=\/wp\/v2\/posts\/31687","targetHints":{"allow":["GET"]}}],"collection":[{"href":"https:\/\/www.fatosefotosnews.com.br\/index.php?rest_route=\/wp\/v2\/posts"}],"about":[{"href":"https:\/\/www.fatosefotosnews.com.br\/index.php?rest_route=\/wp\/v2\/types\/post"}],"author":[{"embeddable":true,"href":"https:\/\/www.fatosefotosnews.com.br\/index.php?rest_route=\/wp\/v2\/users\/5"}],"replies":[{"embeddable":true,"href":"https:\/\/www.fatosefotosnews.com.br\/index.php?rest_route=%2Fwp%2Fv2%2Fcomments&post=31687"}],"version-history":[{"count":0,"href":"https:\/\/www.fatosefotosnews.com.br\/index.php?rest_route=\/wp\/v2\/posts\/31687\/revisions"}],"wp:featuredmedia":[{"embeddable":true,"href":"https:\/\/www.fatosefotosnews.com.br\/index.php?rest_route=\/wp\/v2\/media\/31688"}],"wp:attachment":[{"href":"https:\/\/www.fatosefotosnews.com.br\/index.php?rest_route=%2Fwp%2Fv2%2Fmedia&parent=31687"}],"wp:term":[{"taxonomy":"category","embeddable":true,"href":"https:\/\/www.fatosefotosnews.com.br\/index.php?rest_route=%2Fwp%2Fv2%2Fcategories&post=31687"},{"taxonomy":"post_tag","embeddable":true,"href":"https:\/\/www.fatosefotosnews.com.br\/index.php?rest_route=%2Fwp%2Fv2%2Ftags&post=31687"}],"curies":[{"name":"wp","href":"https:\/\/api.w.org\/{rel}","templated":true}]}}