{"id":32286,"date":"2023-05-08T10:16:34","date_gmt":"2023-05-08T13:16:34","guid":{"rendered":"https:\/\/www.fatosefotosnews.com.br\/arcabouco-texto-nao-vai-prever-crime-de-responsabilidade-diz-relator\/"},"modified":"2023-05-08T10:16:34","modified_gmt":"2023-05-08T13:16:34","slug":"arcabouco-texto-nao-vai-prever-crime-de-responsabilidade-diz-relator","status":"publish","type":"post","link":"https:\/\/www.fatosefotosnews.com.br\/?p=32286","title":{"rendered":"Arcabou\u00e7o: texto n\u00e3o vai prever crime de responsabilidade, diz relator"},"content":{"rendered":"<p><meta name=\"robots\" content=\"noindex\"><mreta name=\"googlebot\" content=\"noindex\"><\/p>\n<div class=\"Noticia_Foto fato\">\n<figure class=\"foto-legenda\" style=\"position: relative\">\n<div class=\"foto-legenda-img\"> <img fetchpriority=\"high\" decoding=\"async\" src=\"https:\/\/i0.statig.com.br\/bancodeimagens\/9t\/u7\/um\/9tu7umu4ydpbfy72j8pp3qptt.jpg\" width=\"906\" height=\"509\" alt=\"Deputado federal Cl\u00e1udio Cajado (PP-BA), relator do arcabou\u00e7o fiscal na C\u00e2mara\" title=\"Deputado federal Cl\u00e1udio Cajado (PP-BA), relator do arcabou\u00e7o fiscal na C\u00e2mara\"> <\/div><figcaption class=\"foto-legenda-citacao\"> <cite>Ag\u00eancia C\u00e2mara<\/cite> <\/p>\n<div class=\"foto-legenda-citacao-text\">Deputado federal Cl\u00e1udio Cajado (PP-BA), relator do arcabou\u00e7o fiscal na C\u00e2mara<\/div>\n<\/figcaption><\/figure>\n<\/p>\n<\/div>\n<p class=\"\">O relator do <a href=\"https:\/\/economia.ig.com.br\/2023-03-30\/arcabouco-fiscal-o-que-e.html\" data-mce-href=\"https:\/\/economia.ig.com.br\/2023-03-30\/arcabouco-fiscal-o-que-e.html\">arcabou\u00e7o fiscal<\/a>  na C\u00e2mara, deputado Cl\u00e1udio Cajado (PP-BA), afirmou que pode inserir no texto do projeto o retorno dos bloqueios obrigat\u00f3rios de despesas do governo, mas n\u00e3o deve fazer com que o descumprimento das metas fiscais seja considerado crime de responsabilidade.  <\/p>\n<p class=\"\">Ap\u00f3s conversas com deputados, Cajado deve concluir as modifica\u00e7\u00f5es no texto do arcabou\u00e7o fiscal ainda nesta semana.<\/p>\n<p class=\"\"> <strong>Entre no  <a href=\"https:\/\/t.me\/iGBrasilEconomico\" target=\"_blank\" rel=\"noopener nofollow\" data-mce-href=\"https:\/\/t.me\/iGBrasilEconomico\">canal do Brasil Econ\u00f4mico no Telegram<\/a> e fique por dentro de todas as not\u00edcias do dia. Siga tamb\u00e9m o  <a href=\"https:\/\/t.me\/portalig\" target=\"_blank\" rel=\"noopener nofollow\" data-mce-href=\"https:\/\/t.me\/portalig\">perfil geral do Portal iG<\/a> <\/strong>  <\/p>\n<p> <a href=\"https:\/\/economia.ig.com.br\/2023-04-18\/arcabouco-fiscal-meta-descumprida-presidente-justificativa.html\" data-mce-href=\"https:\/\/economia.ig.com.br\/2023-04-18\/arcabouco-fiscal-meta-descumprida-presidente-justificativa.html\">O projeto enviado pelo governo ao Congresso n\u00e3o prev\u00ea infra\u00e7\u00e3o \u00e0 Lei de Responsabilidade Fiscal<\/a>  (LRF) caso o presidente da Rep\u00fablica descumpra as metas de resultado das contas p\u00fablicas. O texto prev\u00ea somente que o governo preste explica\u00e7\u00f5es ao Congresso e sinalize medidas de corre\u00e7\u00e3o. Esse \u00e9 um dos maiores pontos de cr\u00edticas de deputados da oposi\u00e7\u00e3o.<\/p>\n<p>&#8220;O que se desejaria \u00e9 que se adicionassem gatilhos que contingenciassem algumas despesas. E nesse sentido, estamos conversando com as demais bancadas, conversando com os deputados e l\u00edderes para convergirmos em uma medida que n\u00e3o haja, em \u00faltima consequ\u00eancia, a quest\u00e3o do crime de responsabilidade&#8221;, afirmou Cajado, em entrevista \u00e0 Globonews neste domingo (7).<\/p>\n<p>No texto apresentado pelo governo, o bloqueio de despesas para cumprimento das metas fiscais se tornou facultativo. No caso de descumprimento das metas fiscais, o crescimento de despesas fica limitado a 50% do aumento da receita &#8211; em cen\u00e1rios de cumprimento das metas, o crescimento pode ser de 70%.<\/p>\n<div>\n<aside class=\"leiaTambem-container\">\n<h3>Leia tamb\u00e9m<\/h3>\n<ul>\n<li> <a href=\"https:\/\/economia.ig.com.br\/2023-05-08\/piso-seguro-desemprego-aumenta-nesta-semana-novo-salario-minimo.html\" title=\"Piso do seguro-desemprego aumenta nesta semana com novo sal\u00e1rio\" target=\"_self\" rel=\"noopener\">Piso do seguro-desemprego aumenta nesta semana com novo sal\u00e1rio<\/a> <\/li>\n<li> <a href=\"https:\/\/economia.ig.com.br\/2023-05-08\/cheques-novidade-banco-central.html\" title=\"BC anuncia mudan\u00e7as nos cheques a partir de 2 de outubro\" target=\"_self\" rel=\"noopener\">BC anuncia mudan\u00e7as nos cheques a partir de 2 de outubro<\/a> <\/li>\n<li> <a href=\"https:\/\/economia.ig.com.br\/2023-05-08\/inss-pagamento-aposentadoria-pensao.html\" title=\"INSS finaliza hoje pagamentos de aposentadorias de abril; veja grupos\" target=\"_self\" rel=\"noopener\">INSS finaliza hoje pagamentos de aposentadorias de abril; veja grupos<\/a> <\/li>\n<\/ul>\n<\/aside>\n<\/div>\n<p class=\"\">&#8220;N\u00f3s estamos construindo um meio termo que possamos fazer com que essas metas sejam perseguidas e os gestores t\u00eam de fato essa viabilidade de atingir esse objetivo, mas ao mesmo tempo, afastemos essa quest\u00e3o do crime de responsabilidade que em \u00faltima an\u00e1lise seria o impeachment do presidente da Rep\u00fablica&#8221;, completou Cajado.  <\/p>\n<p>O relator afirmou que ainda n\u00e3o concluiu as altera\u00e7\u00f5es no texto, mas que deve fazer isso at\u00e9 a pr\u00f3xima quarta-feira (10). Na semana passada, Cajado se reuniu com o ministro da Fazenda, Fernando Haddad, e com a ministra do Planejamento e Or\u00e7amento, Simone Tebet, para discutir as altera\u00e7\u00f5es no projeto.<\/p>\n<p>Na ocasi\u00e3o,  <a href=\"https:\/\/economia.ig.com.br\/2023-05-04\/haddad-punicao-descumprimento-metas-arcabouco-medieval.html?Foto1\" data-mce-href=\"https:\/\/economia.ig.com.br\/2023-05-04\/haddad-punicao-descumprimento-metas-arcabouco-medieval.html?Foto1\">Haddad disse<\/a> a jornalistas que a &#8220;espinha dorsal&#8221; do projeto foi mantida, e afirmou que estabelecer puni\u00e7\u00e3o ao presidente da Rep\u00fablica no caso de descumprimento das metas de resultado das contas p\u00fablicas &#8220;\u00e9 uma coisa muito atrasada, quase medieval&#8221;.<\/p>\n<p id=\"infocoweb_fonte\" class=\"infocoweb_fonte\">Fonte: <a target=\"_blank\" href=\"http:\/\/economia.ig.com.br\/2023-05-08\/arcabouco-fiscal-texto-nao-vai-prever-crime-responsabilidade.html#1664c7b8-d6b4-48d0-85f7-0639b0fdc227\" rel=\"noopener\">Economia<\/a><\/p>\n","protected":false},"excerpt":{"rendered":"<p>Ag\u00eancia C\u00e2mara Deputado federal Cl\u00e1udio Cajado (PP-BA), relator do arcabou\u00e7o fiscal na C\u00e2mara O relator do arcabou\u00e7o fiscal na C\u00e2mara, deputado Cl\u00e1udio Cajado (PP-BA), afirmou que pode inserir no texto do projeto o retorno dos bloqueios obrigat\u00f3rios de despesas do governo, mas n\u00e3o deve fazer com que o descumprimento das metas fiscais seja considerado crime [&hellip;]<\/p>\n","protected":false},"author":5,"featured_media":32287,"comment_status":"open","ping_status":"open","sticky":false,"template":"","format":"standard","meta":{"_acf_changed":false,"_angie_page":false,"_monsterinsights_skip_tracking":false,"_themeisle_gutenberg_block_has_review":false,"page_builder":"","footnotes":"","jetpack_publicize_message":"","jetpack_publicize_feature_enabled":true,"jetpack_social_post_already_shared":false,"jetpack_social_options":{"image_generator_settings":{"template":"highway","default_image_id":0,"font":"","enabled":false},"version":2}},"categories":[167],"tags":[3232,3751,4059,2965,1539,3725],"class_list":["post-32286","post","type-post","status-publish","format-standard","has-post-thumbnail","hentry","category-geral","tag-arcabou","tag-crime","tag-prever","tag-relator","tag-responsabilidade","tag-texto"],"acf":[],"nelio_content":{"autoShareEndMode":"never","automationSources":{"useCustomSentences":false,"customSentences":[]},"efiAlt":"","efiUrl":"","followers":[5],"highlights":[],"isAutoShareEnabled":true,"networkImageIds":[],"permalinkQueryArgs":[],"series":[],"suggestedReferences":[]},"yoast_head":"<!-- This site is optimized with the Yoast SEO plugin v28.3 - https:\/\/yoast.com\/product\/yoast-seo-wordpress\/ -->\n<title>Arcabou\u00e7o: texto n\u00e3o vai prever crime de responsabilidade, diz relator<\/title>\n<meta name=\"description\" content=\"Arcabou\u00e7o: texto n\u00e3o vai prever crime de responsabilidade, diz relator\" \/>\n<meta name=\"robots\" content=\"index, follow, max-snippet:-1, max-image-preview:large, max-video-preview:-1\" \/>\n<link rel=\"canonical\" href=\"https:\/\/www.fatosefotosnews.com.br\/?p=32286\" \/>\n<meta property=\"og:locale\" content=\"pt_BR\" \/>\n<meta property=\"og:type\" content=\"article\" \/>\n<meta property=\"og:title\" content=\"Arcabou\u00e7o: texto n\u00e3o vai prever crime de responsabilidade, diz relator\" \/>\n<meta property=\"og:description\" content=\"Arcabou\u00e7o: texto n\u00e3o vai prever crime de responsabilidade, diz relator\" \/>\n<meta property=\"og:url\" content=\"https:\/\/www.fatosefotosnews.com.br\/?p=32286\" \/>\n<meta property=\"og:site_name\" content=\"Fatos e Fotos News\" \/>\n<meta property=\"article:published_time\" content=\"2023-05-08T13:16:34+00:00\" \/>\n<meta property=\"og:image\" content=\"https:\/\/www.fatosefotosnews.com.br\/wp-content\/uploads\/2023\/05\/ec310f713196564873884667c66af8a2.jpeg\" \/>\n\t<meta property=\"og:image:width\" content=\"1024\" \/>\n\t<meta property=\"og:image:height\" content=\"576\" \/>\n\t<meta property=\"og:image:type\" content=\"image\/jpeg\" \/>\n<meta name=\"author\" content=\"Da Reda\u00e7\u00e3o\" \/>\n<meta name=\"twitter:card\" content=\"summary_large_image\" \/>\n<meta name=\"twitter:label1\" content=\"Escrito por\" \/>\n\t<meta name=\"twitter:data1\" content=\"Da Reda\u00e7\u00e3o\" \/>\n\t<meta name=\"twitter:label2\" content=\"Est. tempo de leitura\" \/>\n\t<meta name=\"twitter:data2\" content=\"99 minutos\" \/>\n<script type=\"application\/ld+json\" class=\"yoast-schema-graph\">{\"@context\":\"https:\\\/\\\/schema.org\",\"@graph\":[{\"@type\":\"Article\",\"@id\":\"https:\\\/\\\/www.fatosefotosnews.com.br\\\/?p=32286#article\",\"isPartOf\":{\"@id\":\"https:\\\/\\\/www.fatosefotosnews.com.br\\\/?p=32286\"},\"author\":{\"name\":\"Da Reda\u00e7\u00e3o\",\"@id\":\"https:\\\/\\\/www.fatosefotosnews.com.br\\\/#\\\/schema\\\/person\\\/3b80f81d08670fb1f6690e07eb8b5dc6\"},\"headline\":\"Arcabou\u00e7o: texto n\u00e3o vai prever crime de responsabilidade, diz relator\",\"datePublished\":\"2023-05-08T13:16:34+00:00\",\"mainEntityOfPage\":{\"@id\":\"https:\\\/\\\/www.fatosefotosnews.com.br\\\/?p=32286\"},\"wordCount\":484,\"commentCount\":0,\"publisher\":{\"@id\":\"https:\\\/\\\/www.fatosefotosnews.com.br\\\/#organization\"},\"image\":{\"@id\":\"https:\\\/\\\/www.fatosefotosnews.com.br\\\/?p=32286#primaryimage\"},\"thumbnailUrl\":\"https:\\\/\\\/www.fatosefotosnews.com.br\\\/wp-content\\\/uploads\\\/2023\\\/05\\\/ec310f713196564873884667c66af8a2.jpeg\",\"keywords\":[\"arcabou\",\"crime\",\"prever\",\"relator\",\"responsabilidade\",\"texto\"],\"articleSection\":[\"Geral\"],\"inLanguage\":\"pt-BR\",\"potentialAction\":[{\"@type\":\"CommentAction\",\"name\":\"Comment\",\"target\":[\"https:\\\/\\\/www.fatosefotosnews.com.br\\\/?p=32286#respond\"]}]},{\"@type\":\"WebPage\",\"@id\":\"https:\\\/\\\/www.fatosefotosnews.com.br\\\/?p=32286\",\"url\":\"https:\\\/\\\/www.fatosefotosnews.com.br\\\/?p=32286\",\"name\":\"Arcabou\u00e7o: texto n\u00e3o vai prever crime de responsabilidade, diz relator\",\"isPartOf\":{\"@id\":\"https:\\\/\\\/www.fatosefotosnews.com.br\\\/#website\"},\"primaryImageOfPage\":{\"@id\":\"https:\\\/\\\/www.fatosefotosnews.com.br\\\/?p=32286#primaryimage\"},\"image\":{\"@id\":\"https:\\\/\\\/www.fatosefotosnews.com.br\\\/?p=32286#primaryimage\"},\"thumbnailUrl\":\"https:\\\/\\\/www.fatosefotosnews.com.br\\\/wp-content\\\/uploads\\\/2023\\\/05\\\/ec310f713196564873884667c66af8a2.jpeg\",\"datePublished\":\"2023-05-08T13:16:34+00:00\",\"description\":\"Arcabou\u00e7o: texto n\u00e3o vai prever crime de responsabilidade, diz relator\",\"breadcrumb\":{\"@id\":\"https:\\\/\\\/www.fatosefotosnews.com.br\\\/?p=32286#breadcrumb\"},\"inLanguage\":\"pt-BR\",\"potentialAction\":[{\"@type\":\"ReadAction\",\"target\":[\"https:\\\/\\\/www.fatosefotosnews.com.br\\\/?p=32286\"]}]},{\"@type\":\"ImageObject\",\"inLanguage\":\"pt-BR\",\"@id\":\"https:\\\/\\\/www.fatosefotosnews.com.br\\\/?p=32286#primaryimage\",\"url\":\"https:\\\/\\\/www.fatosefotosnews.com.br\\\/wp-content\\\/uploads\\\/2023\\\/05\\\/ec310f713196564873884667c66af8a2.jpeg\",\"contentUrl\":\"https:\\\/\\\/www.fatosefotosnews.com.br\\\/wp-content\\\/uploads\\\/2023\\\/05\\\/ec310f713196564873884667c66af8a2.jpeg\",\"width\":1024,\"height\":576,\"caption\":\"Ag\u00eancia C\u00e2mara Deputado federal Cl\u00e1udio Cajado (PP-BA), relator do arcabou\u00e7o fiscal na C\u00e2mara\"},{\"@type\":\"BreadcrumbList\",\"@id\":\"https:\\\/\\\/www.fatosefotosnews.com.br\\\/?p=32286#breadcrumb\",\"itemListElement\":[{\"@type\":\"ListItem\",\"position\":1,\"name\":\"In\u00edcio\",\"item\":\"https:\\\/\\\/www.fatosefotosnews.com.br\\\/\"},{\"@type\":\"ListItem\",\"position\":2,\"name\":\"Arcabou\u00e7o: texto n\u00e3o vai prever crime de responsabilidade, diz relator\"}]},{\"@type\":\"WebSite\",\"@id\":\"https:\\\/\\\/www.fatosefotosnews.com.br\\\/#website\",\"url\":\"https:\\\/\\\/www.fatosefotosnews.com.br\\\/\",\"name\":\"Fatos e Fotos News\",\"description\":\"Um site de noticial verdadeira e confi\u00e1veis.\",\"publisher\":{\"@id\":\"https:\\\/\\\/www.fatosefotosnews.com.br\\\/#organization\"},\"potentialAction\":[{\"@type\":\"SearchAction\",\"target\":{\"@type\":\"EntryPoint\",\"urlTemplate\":\"https:\\\/\\\/www.fatosefotosnews.com.br\\\/?s={search_term_string}\"},\"query-input\":{\"@type\":\"PropertyValueSpecification\",\"valueRequired\":true,\"valueName\":\"search_term_string\"}}],\"inLanguage\":\"pt-BR\"},{\"@type\":\"Organization\",\"@id\":\"https:\\\/\\\/www.fatosefotosnews.com.br\\\/#organization\",\"name\":\"Fatos e Fotos News\",\"url\":\"https:\\\/\\\/www.fatosefotosnews.com.br\\\/\",\"logo\":{\"@type\":\"ImageObject\",\"inLanguage\":\"pt-BR\",\"@id\":\"https:\\\/\\\/www.fatosefotosnews.com.br\\\/#\\\/schema\\\/logo\\\/image\\\/\",\"url\":\"https:\\\/\\\/www.fatosefotosnews.com.br\\\/wp-content\\\/uploads\\\/2023\\\/02\\\/Fatos-e-Fotos-news-logo.png\",\"contentUrl\":\"https:\\\/\\\/www.fatosefotosnews.com.br\\\/wp-content\\\/uploads\\\/2023\\\/02\\\/Fatos-e-Fotos-news-logo.png\",\"width\":300,\"height\":58,\"caption\":\"Fatos e Fotos News\"},\"image\":{\"@id\":\"https:\\\/\\\/www.fatosefotosnews.com.br\\\/#\\\/schema\\\/logo\\\/image\\\/\"}},{\"@type\":\"Person\",\"@id\":\"https:\\\/\\\/www.fatosefotosnews.com.br\\\/#\\\/schema\\\/person\\\/3b80f81d08670fb1f6690e07eb8b5dc6\",\"name\":\"Da Reda\u00e7\u00e3o\",\"image\":{\"@type\":\"ImageObject\",\"inLanguage\":\"pt-BR\",\"@id\":\"https:\\\/\\\/secure.gravatar.com\\\/avatar\\\/696d39935a657bf0fc95044dbc9f912520430a0eb6dd46c85dd97eb6483b249b?s=96&d=mm&r=g\",\"url\":\"https:\\\/\\\/secure.gravatar.com\\\/avatar\\\/696d39935a657bf0fc95044dbc9f912520430a0eb6dd46c85dd97eb6483b249b?s=96&d=mm&r=g\",\"contentUrl\":\"https:\\\/\\\/secure.gravatar.com\\\/avatar\\\/696d39935a657bf0fc95044dbc9f912520430a0eb6dd46c85dd97eb6483b249b?s=96&d=mm&r=g\",\"caption\":\"Da Reda\u00e7\u00e3o\"},\"url\":\"https:\\\/\\\/www.fatosefotosnews.com.br\\\/?author=5\"}]}<\/script>\n<!-- \/ Yoast SEO plugin. -->","yoast_head_json":{"title":"Arcabou\u00e7o: texto n\u00e3o vai prever crime de responsabilidade, diz relator","description":"Arcabou\u00e7o: texto n\u00e3o vai prever crime de responsabilidade, diz relator","robots":{"index":"index","follow":"follow","max-snippet":"max-snippet:-1","max-image-preview":"max-image-preview:large","max-video-preview":"max-video-preview:-1"},"canonical":"https:\/\/www.fatosefotosnews.com.br\/?p=32286","og_locale":"pt_BR","og_type":"article","og_title":"Arcabou\u00e7o: texto n\u00e3o vai prever crime de responsabilidade, diz relator","og_description":"Arcabou\u00e7o: texto n\u00e3o vai prever crime de responsabilidade, diz relator","og_url":"https:\/\/www.fatosefotosnews.com.br\/?p=32286","og_site_name":"Fatos e Fotos News","article_published_time":"2023-05-08T13:16:34+00:00","og_image":[{"width":1024,"height":576,"url":"https:\/\/www.fatosefotosnews.com.br\/wp-content\/uploads\/2023\/05\/ec310f713196564873884667c66af8a2.jpeg","type":"image\/jpeg"}],"author":"Da Reda\u00e7\u00e3o","twitter_card":"summary_large_image","twitter_misc":{"Escrito por":"Da Reda\u00e7\u00e3o","Est. tempo de leitura":"99 minutos"},"schema":{"@context":"https:\/\/schema.org","@graph":[{"@type":"Article","@id":"https:\/\/www.fatosefotosnews.com.br\/?p=32286#article","isPartOf":{"@id":"https:\/\/www.fatosefotosnews.com.br\/?p=32286"},"author":{"name":"Da Reda\u00e7\u00e3o","@id":"https:\/\/www.fatosefotosnews.com.br\/#\/schema\/person\/3b80f81d08670fb1f6690e07eb8b5dc6"},"headline":"Arcabou\u00e7o: texto n\u00e3o vai prever crime de responsabilidade, diz relator","datePublished":"2023-05-08T13:16:34+00:00","mainEntityOfPage":{"@id":"https:\/\/www.fatosefotosnews.com.br\/?p=32286"},"wordCount":484,"commentCount":0,"publisher":{"@id":"https:\/\/www.fatosefotosnews.com.br\/#organization"},"image":{"@id":"https:\/\/www.fatosefotosnews.com.br\/?p=32286#primaryimage"},"thumbnailUrl":"https:\/\/www.fatosefotosnews.com.br\/wp-content\/uploads\/2023\/05\/ec310f713196564873884667c66af8a2.jpeg","keywords":["arcabou","crime","prever","relator","responsabilidade","texto"],"articleSection":["Geral"],"inLanguage":"pt-BR","potentialAction":[{"@type":"CommentAction","name":"Comment","target":["https:\/\/www.fatosefotosnews.com.br\/?p=32286#respond"]}]},{"@type":"WebPage","@id":"https:\/\/www.fatosefotosnews.com.br\/?p=32286","url":"https:\/\/www.fatosefotosnews.com.br\/?p=32286","name":"Arcabou\u00e7o: texto n\u00e3o vai prever crime de responsabilidade, diz relator","isPartOf":{"@id":"https:\/\/www.fatosefotosnews.com.br\/#website"},"primaryImageOfPage":{"@id":"https:\/\/www.fatosefotosnews.com.br\/?p=32286#primaryimage"},"image":{"@id":"https:\/\/www.fatosefotosnews.com.br\/?p=32286#primaryimage"},"thumbnailUrl":"https:\/\/www.fatosefotosnews.com.br\/wp-content\/uploads\/2023\/05\/ec310f713196564873884667c66af8a2.jpeg","datePublished":"2023-05-08T13:16:34+00:00","description":"Arcabou\u00e7o: texto n\u00e3o vai prever crime de responsabilidade, diz relator","breadcrumb":{"@id":"https:\/\/www.fatosefotosnews.com.br\/?p=32286#breadcrumb"},"inLanguage":"pt-BR","potentialAction":[{"@type":"ReadAction","target":["https:\/\/www.fatosefotosnews.com.br\/?p=32286"]}]},{"@type":"ImageObject","inLanguage":"pt-BR","@id":"https:\/\/www.fatosefotosnews.com.br\/?p=32286#primaryimage","url":"https:\/\/www.fatosefotosnews.com.br\/wp-content\/uploads\/2023\/05\/ec310f713196564873884667c66af8a2.jpeg","contentUrl":"https:\/\/www.fatosefotosnews.com.br\/wp-content\/uploads\/2023\/05\/ec310f713196564873884667c66af8a2.jpeg","width":1024,"height":576,"caption":"Ag\u00eancia C\u00e2mara Deputado federal Cl\u00e1udio Cajado (PP-BA), relator do arcabou\u00e7o fiscal na C\u00e2mara"},{"@type":"BreadcrumbList","@id":"https:\/\/www.fatosefotosnews.com.br\/?p=32286#breadcrumb","itemListElement":[{"@type":"ListItem","position":1,"name":"In\u00edcio","item":"https:\/\/www.fatosefotosnews.com.br\/"},{"@type":"ListItem","position":2,"name":"Arcabou\u00e7o: texto n\u00e3o vai prever crime de responsabilidade, diz relator"}]},{"@type":"WebSite","@id":"https:\/\/www.fatosefotosnews.com.br\/#website","url":"https:\/\/www.fatosefotosnews.com.br\/","name":"Fatos e Fotos News","description":"Um site de noticial verdadeira e confi\u00e1veis.","publisher":{"@id":"https:\/\/www.fatosefotosnews.com.br\/#organization"},"potentialAction":[{"@type":"SearchAction","target":{"@type":"EntryPoint","urlTemplate":"https:\/\/www.fatosefotosnews.com.br\/?s={search_term_string}"},"query-input":{"@type":"PropertyValueSpecification","valueRequired":true,"valueName":"search_term_string"}}],"inLanguage":"pt-BR"},{"@type":"Organization","@id":"https:\/\/www.fatosefotosnews.com.br\/#organization","name":"Fatos e Fotos News","url":"https:\/\/www.fatosefotosnews.com.br\/","logo":{"@type":"ImageObject","inLanguage":"pt-BR","@id":"https:\/\/www.fatosefotosnews.com.br\/#\/schema\/logo\/image\/","url":"https:\/\/www.fatosefotosnews.com.br\/wp-content\/uploads\/2023\/02\/Fatos-e-Fotos-news-logo.png","contentUrl":"https:\/\/www.fatosefotosnews.com.br\/wp-content\/uploads\/2023\/02\/Fatos-e-Fotos-news-logo.png","width":300,"height":58,"caption":"Fatos e Fotos News"},"image":{"@id":"https:\/\/www.fatosefotosnews.com.br\/#\/schema\/logo\/image\/"}},{"@type":"Person","@id":"https:\/\/www.fatosefotosnews.com.br\/#\/schema\/person\/3b80f81d08670fb1f6690e07eb8b5dc6","name":"Da Reda\u00e7\u00e3o","image":{"@type":"ImageObject","inLanguage":"pt-BR","@id":"https:\/\/secure.gravatar.com\/avatar\/696d39935a657bf0fc95044dbc9f912520430a0eb6dd46c85dd97eb6483b249b?s=96&d=mm&r=g","url":"https:\/\/secure.gravatar.com\/avatar\/696d39935a657bf0fc95044dbc9f912520430a0eb6dd46c85dd97eb6483b249b?s=96&d=mm&r=g","contentUrl":"https:\/\/secure.gravatar.com\/avatar\/696d39935a657bf0fc95044dbc9f912520430a0eb6dd46c85dd97eb6483b249b?s=96&d=mm&r=g","caption":"Da Reda\u00e7\u00e3o"},"url":"https:\/\/www.fatosefotosnews.com.br\/?author=5"}]}},"jetpack_publicize_connections":[],"blog_post_layout_featured_media_urls":{"thumbnail":["https:\/\/www.fatosefotosnews.com.br\/wp-content\/uploads\/2023\/05\/ec310f713196564873884667c66af8a2-150x150.jpeg",150,150,true],"full":["https:\/\/www.fatosefotosnews.com.br\/wp-content\/uploads\/2023\/05\/ec310f713196564873884667c66af8a2.jpeg",1024,576,false]},"categories_names":{"167":{"name":"Geral","link":"https:\/\/www.fatosefotosnews.com.br\/?cat=167"}},"tags_names":{"3232":{"name":"arcabou","link":"https:\/\/www.fatosefotosnews.com.br\/?tag=arcabou"},"3751":{"name":"crime","link":"https:\/\/www.fatosefotosnews.com.br\/?tag=crime"},"4059":{"name":"prever","link":"https:\/\/www.fatosefotosnews.com.br\/?tag=prever"},"2965":{"name":"relator","link":"https:\/\/www.fatosefotosnews.com.br\/?tag=relator"},"1539":{"name":"responsabilidade","link":"https:\/\/www.fatosefotosnews.com.br\/?tag=responsabilidade"},"3725":{"name":"texto","link":"https:\/\/www.fatosefotosnews.com.br\/?tag=texto"}},"comments_number":"0","wpmagazine_modules_lite_featured_media_urls":{"thumbnail":["https:\/\/www.fatosefotosnews.com.br\/wp-content\/uploads\/2023\/05\/ec310f713196564873884667c66af8a2-150x150.jpeg",150,150,true],"cvmm-medium":["https:\/\/www.fatosefotosnews.com.br\/wp-content\/uploads\/2023\/05\/ec310f713196564873884667c66af8a2-300x300.jpeg",300,300,true],"cvmm-medium-plus":["https:\/\/www.fatosefotosnews.com.br\/wp-content\/uploads\/2023\/05\/ec310f713196564873884667c66af8a2-305x207.jpeg",305,207,true],"cvmm-portrait":["https:\/\/www.fatosefotosnews.com.br\/wp-content\/uploads\/2023\/05\/ec310f713196564873884667c66af8a2-400x576.jpeg",400,576,true],"cvmm-medium-square":["https:\/\/www.fatosefotosnews.com.br\/wp-content\/uploads\/2023\/05\/ec310f713196564873884667c66af8a2-600x576.jpeg",600,576,true],"cvmm-large":["https:\/\/www.fatosefotosnews.com.br\/wp-content\/uploads\/2023\/05\/ec310f713196564873884667c66af8a2.jpeg",1024,576,false],"cvmm-small":["https:\/\/www.fatosefotosnews.com.br\/wp-content\/uploads\/2023\/05\/ec310f713196564873884667c66af8a2-130x95.jpeg",130,95,true],"full":["https:\/\/www.fatosefotosnews.com.br\/wp-content\/uploads\/2023\/05\/ec310f713196564873884667c66af8a2.jpeg",1024,576,false]},"_links":{"self":[{"href":"https:\/\/www.fatosefotosnews.com.br\/index.php?rest_route=\/wp\/v2\/posts\/32286","targetHints":{"allow":["GET"]}}],"collection":[{"href":"https:\/\/www.fatosefotosnews.com.br\/index.php?rest_route=\/wp\/v2\/posts"}],"about":[{"href":"https:\/\/www.fatosefotosnews.com.br\/index.php?rest_route=\/wp\/v2\/types\/post"}],"author":[{"embeddable":true,"href":"https:\/\/www.fatosefotosnews.com.br\/index.php?rest_route=\/wp\/v2\/users\/5"}],"replies":[{"embeddable":true,"href":"https:\/\/www.fatosefotosnews.com.br\/index.php?rest_route=%2Fwp%2Fv2%2Fcomments&post=32286"}],"version-history":[{"count":0,"href":"https:\/\/www.fatosefotosnews.com.br\/index.php?rest_route=\/wp\/v2\/posts\/32286\/revisions"}],"wp:featuredmedia":[{"embeddable":true,"href":"https:\/\/www.fatosefotosnews.com.br\/index.php?rest_route=\/wp\/v2\/media\/32287"}],"wp:attachment":[{"href":"https:\/\/www.fatosefotosnews.com.br\/index.php?rest_route=%2Fwp%2Fv2%2Fmedia&parent=32286"}],"wp:term":[{"taxonomy":"category","embeddable":true,"href":"https:\/\/www.fatosefotosnews.com.br\/index.php?rest_route=%2Fwp%2Fv2%2Fcategories&post=32286"},{"taxonomy":"post_tag","embeddable":true,"href":"https:\/\/www.fatosefotosnews.com.br\/index.php?rest_route=%2Fwp%2Fv2%2Ftags&post=32286"}],"curies":[{"name":"wp","href":"https:\/\/api.w.org\/{rel}","templated":true}]}}