{"id":35742,"date":"2023-05-29T12:52:50","date_gmt":"2023-05-29T15:52:50","guid":{"rendered":"https:\/\/www.fatosefotosnews.com.br\/?p=35742"},"modified":"2023-05-29T12:54:41","modified_gmt":"2023-05-29T15:54:41","slug":"35742-2","status":"publish","type":"post","link":"https:\/\/www.fatosefotosnews.com.br\/?p=35742","title":{"rendered":"Justi\u00e7a Eleitoral cassa mandato do deputado Marcelo Crivella"},"content":{"rendered":"\n<h2 class=\"wp-block-heading\">Ele ficou ineleg\u00edvel at\u00e9 2028 por abuso de poder pol\u00edtico<\/h2>\n\n\n\n<p class=\"wp-block-paragraph\">Foto: Fernando Fraz\u00e3o<audio src=\"https:\/\/tts-app.ebc.com.br\/media\/tts\/204131.mp3\"><\/audio><\/p>\n\n\n\n<p class=\"wp-block-paragraph\">A ju\u00edza M\u00e1rcia Santos Capanema de Souza, da 23\u00aa Zona Eleitoral do Rio de Janeiro, decretou a cassa\u00e7\u00e3o do mandato do deputado federal Marcelo Crivella e sua inelegibilidade at\u00e9 2028, por abuso de poder pol\u00edtico em 2020. Na \u00e9poca, Crivella era prefeito do Rio e buscava a reelei\u00e7\u00e3o.&nbsp;<img decoding=\"async\" src=\"https:\/\/agenciabrasil.ebc.com.br\/ebc.png?id=1535751&amp;o=node\"><img decoding=\"async\" src=\"https:\/\/agenciabrasil.ebc.com.br\/ebc.gif?id=1535751&amp;o=node\"><\/p>\n\n\n\n<p class=\"wp-block-paragraph\">A Justi\u00e7a considerou que ele abusou de seu poder pol\u00edtico ao usar servidores p\u00fablicos municipais para impedir o trabalho de jornalistas que cobriam a situa\u00e7\u00e3o dos servi\u00e7os de sa\u00fade municipais durante a pandemia de covid-19.&nbsp;<\/p>\n\n\n\n<p class=\"wp-block-paragraph\">Segundo a ju\u00edza, o emprego desses servidores violou o direito dos cidad\u00e3os \u00e0 informa\u00e7\u00e3o e liberdade de imprensa \u201ctendo em vista o interesse de evitar a repercuss\u00e3o negativa daquelas informa\u00e7\u00f5es sobre a candidatura \u00e0 reelei\u00e7\u00e3o\u201d do ent\u00e3o candidato.&nbsp;<\/p>\n\n\n\n<h2 class=\"wp-block-heading\">Nota do partido<\/h2>\n\n\n\n<p class=\"wp-block-paragraph\">Em suas redes sociais, Crivella publicou uma nota divulgada pelo seu partido, o Republicanos. Na nota, o partido diz que a decis\u00e3o, de 8 de maio, n\u00e3o tem efeito imediato e que, portanto, Crivella continua deputado federal.&nbsp;<\/p>\n\n\n\n<p class=\"wp-block-paragraph\">O Republicanos afirma, ainda, que a cassa\u00e7\u00e3o do mandato de um deputado federal n\u00e3o cabe a uma ju\u00edza eleitoral de primeira inst\u00e2ncia que, segundo o partido, \u201cn\u00e3o possui compet\u00eancia legal para isso, sobretudo, porque os fatos, objeto do processo, se referem ao pleito de 2020\u201d.&nbsp;<\/p>\n\n\n\n<p class=\"wp-block-paragraph\">O partido se disse confiante de que os recursos j\u00e1 apresentados ao Tribunal Regional Eleitoral (TRE-RJ) ser\u00e3o \u201cdevidamente analisados, considerando as inst\u00e2ncias adequadas do processo\u201d.<\/p>\n\n\n\n<p class=\"wp-block-paragraph\">EBC<\/p>\n","protected":false},"excerpt":{"rendered":"<p>A ju\u00edza M\u00e1rcia Santos Capanema de Souza, da 23\u00aa Zona Eleitoral do Rio de Janeiro, decretou a cassa\u00e7\u00e3o do mandato do deputado federal Marcelo Crivella e sua inelegibilidade at\u00e9 2028, por abuso de poder pol\u00edtico em 2020. Na \u00e9poca, Crivella era prefeito do Rio e buscava a reelei\u00e7\u00e3o.\u00a0<\/p>\n","protected":false},"author":1,"featured_media":35745,"comment_status":"open","ping_status":"open","sticky":false,"template":"","format":"standard","meta":{"_acf_changed":false,"_angie_page":false,"_monsterinsights_skip_tracking":false,"_themeisle_gutenberg_block_has_review":false,"page_builder":"","footnotes":"","jetpack_publicize_message":"","jetpack_publicize_feature_enabled":true,"jetpack_social_post_already_shared":false,"jetpack_social_options":{"image_generator_settings":{"template":"highway","default_image_id":0,"font":"","enabled":false},"version":2}},"categories":[167],"tags":[9998,10005,10006,259,10007],"class_list":["post-35742","post","type-post","status-publish","format-standard","has-post-thumbnail","hentry","category-geral","tag-crivella","tag-justica-eleitoral","tag-marcelo-crivella","tag-rio-de-janeiro","tag-tre"],"acf":[],"nelio_content":{"autoShareEndMode":"never","automationSources":{"useCustomSentences":false,"customSentences":[]},"efiAlt":"","efiUrl":"","followers":[4,1],"highlights":[],"isAutoShareEnabled":true,"networkImageIds":[],"permalinkQueryArgs":[],"series":[],"suggestedReferences":[]},"yoast_head":"<!-- This site is optimized with the Yoast SEO plugin v28.3 - https:\/\/yoast.com\/product\/yoast-seo-wordpress\/ -->\n<title>Justi\u00e7a Eleitoral cassa mandato do deputado Marcelo Crivella - Fatos e Fotos News<\/title>\n<meta name=\"robots\" content=\"index, follow, max-snippet:-1, max-image-preview:large, max-video-preview:-1\" \/>\n<link rel=\"canonical\" href=\"https:\/\/www.fatosefotosnews.com.br\/?p=35742\" \/>\n<meta property=\"og:locale\" content=\"pt_BR\" \/>\n<meta property=\"og:type\" content=\"article\" \/>\n<meta property=\"og:title\" content=\"Justi\u00e7a Eleitoral cassa mandato do deputado Marcelo Crivella - Fatos e Fotos News\" \/>\n<meta property=\"og:description\" content=\"A ju\u00edza M\u00e1rcia Santos Capanema de Souza, da 23\u00aa Zona Eleitoral do Rio de Janeiro, decretou a cassa\u00e7\u00e3o do mandato do deputado federal Marcelo Crivella e sua inelegibilidade at\u00e9 2028, por abuso de poder pol\u00edtico em 2020. Na \u00e9poca, Crivella era prefeito do Rio e buscava a reelei\u00e7\u00e3o.\u00a0\" \/>\n<meta property=\"og:url\" content=\"https:\/\/www.fatosefotosnews.com.br\/?p=35742\" \/>\n<meta property=\"og:site_name\" content=\"Fatos e Fotos News\" \/>\n<meta property=\"article:published_time\" content=\"2023-05-29T15:52:50+00:00\" \/>\n<meta property=\"article:modified_time\" content=\"2023-05-29T15:54:41+00:00\" \/>\n<meta property=\"og:image\" content=\"https:\/\/www.fatosefotosnews.com.br\/wp-content\/uploads\/2023\/05\/dsc8810.jpeg\" \/>\n\t<meta property=\"og:image:width\" content=\"1170\" \/>\n\t<meta property=\"og:image:height\" content=\"700\" \/>\n\t<meta property=\"og:image:type\" content=\"image\/jpeg\" \/>\n<meta name=\"author\" content=\"fatosefotosnews\" \/>\n<meta name=\"twitter:card\" content=\"summary_large_image\" \/>\n<meta name=\"twitter:label1\" content=\"Escrito por\" \/>\n\t<meta name=\"twitter:data1\" content=\"fatosefotosnews\" \/>\n\t<meta name=\"twitter:label2\" content=\"Est. tempo de leitura\" \/>\n\t<meta name=\"twitter:data2\" content=\"1 minuto\" \/>\n<script type=\"application\/ld+json\" class=\"yoast-schema-graph\">{\"@context\":\"https:\\\/\\\/schema.org\",\"@graph\":[{\"@type\":\"Article\",\"@id\":\"https:\\\/\\\/www.fatosefotosnews.com.br\\\/?p=35742#article\",\"isPartOf\":{\"@id\":\"https:\\\/\\\/www.fatosefotosnews.com.br\\\/?p=35742\"},\"author\":{\"name\":\"fatosefotosnews\",\"@id\":\"https:\\\/\\\/www.fatosefotosnews.com.br\\\/#\\\/schema\\\/person\\\/70ccaf82072edcbc921e1c3ca2259803\"},\"headline\":\"Justi\u00e7a Eleitoral cassa mandato do deputado Marcelo Crivella\",\"datePublished\":\"2023-05-29T15:52:50+00:00\",\"dateModified\":\"2023-05-29T15:54:41+00:00\",\"mainEntityOfPage\":{\"@id\":\"https:\\\/\\\/www.fatosefotosnews.com.br\\\/?p=35742\"},\"wordCount\":282,\"commentCount\":0,\"publisher\":{\"@id\":\"https:\\\/\\\/www.fatosefotosnews.com.br\\\/#organization\"},\"image\":{\"@id\":\"https:\\\/\\\/www.fatosefotosnews.com.br\\\/?p=35742#primaryimage\"},\"thumbnailUrl\":\"https:\\\/\\\/www.fatosefotosnews.com.br\\\/wp-content\\\/uploads\\\/2023\\\/05\\\/dsc8810.jpeg\",\"keywords\":[\"crivella\",\"Justi\u00e7a Eleitoral\",\"Marcelo Crivella\",\"Rio de Janeiro\",\"TRE\"],\"articleSection\":[\"Geral\"],\"inLanguage\":\"pt-BR\",\"potentialAction\":[{\"@type\":\"CommentAction\",\"name\":\"Comment\",\"target\":[\"https:\\\/\\\/www.fatosefotosnews.com.br\\\/?p=35742#respond\"]}]},{\"@type\":\"WebPage\",\"@id\":\"https:\\\/\\\/www.fatosefotosnews.com.br\\\/?p=35742\",\"url\":\"https:\\\/\\\/www.fatosefotosnews.com.br\\\/?p=35742\",\"name\":\"Justi\u00e7a Eleitoral cassa mandato do deputado Marcelo Crivella - Fatos e Fotos News\",\"isPartOf\":{\"@id\":\"https:\\\/\\\/www.fatosefotosnews.com.br\\\/#website\"},\"primaryImageOfPage\":{\"@id\":\"https:\\\/\\\/www.fatosefotosnews.com.br\\\/?p=35742#primaryimage\"},\"image\":{\"@id\":\"https:\\\/\\\/www.fatosefotosnews.com.br\\\/?p=35742#primaryimage\"},\"thumbnailUrl\":\"https:\\\/\\\/www.fatosefotosnews.com.br\\\/wp-content\\\/uploads\\\/2023\\\/05\\\/dsc8810.jpeg\",\"datePublished\":\"2023-05-29T15:52:50+00:00\",\"dateModified\":\"2023-05-29T15:54:41+00:00\",\"breadcrumb\":{\"@id\":\"https:\\\/\\\/www.fatosefotosnews.com.br\\\/?p=35742#breadcrumb\"},\"inLanguage\":\"pt-BR\",\"potentialAction\":[{\"@type\":\"ReadAction\",\"target\":[\"https:\\\/\\\/www.fatosefotosnews.com.br\\\/?p=35742\"]}]},{\"@type\":\"ImageObject\",\"inLanguage\":\"pt-BR\",\"@id\":\"https:\\\/\\\/www.fatosefotosnews.com.br\\\/?p=35742#primaryimage\",\"url\":\"https:\\\/\\\/www.fatosefotosnews.com.br\\\/wp-content\\\/uploads\\\/2023\\\/05\\\/dsc8810.jpeg\",\"contentUrl\":\"https:\\\/\\\/www.fatosefotosnews.com.br\\\/wp-content\\\/uploads\\\/2023\\\/05\\\/dsc8810.jpeg\",\"width\":1170,\"height\":700},{\"@type\":\"BreadcrumbList\",\"@id\":\"https:\\\/\\\/www.fatosefotosnews.com.br\\\/?p=35742#breadcrumb\",\"itemListElement\":[{\"@type\":\"ListItem\",\"position\":1,\"name\":\"In\u00edcio\",\"item\":\"https:\\\/\\\/www.fatosefotosnews.com.br\\\/\"},{\"@type\":\"ListItem\",\"position\":2,\"name\":\"Justi\u00e7a Eleitoral cassa mandato do deputado Marcelo Crivella\"}]},{\"@type\":\"WebSite\",\"@id\":\"https:\\\/\\\/www.fatosefotosnews.com.br\\\/#website\",\"url\":\"https:\\\/\\\/www.fatosefotosnews.com.br\\\/\",\"name\":\"Fatos e Fotos News\",\"description\":\"Um site de noticial verdadeira e confi\u00e1veis.\",\"publisher\":{\"@id\":\"https:\\\/\\\/www.fatosefotosnews.com.br\\\/#organization\"},\"potentialAction\":[{\"@type\":\"SearchAction\",\"target\":{\"@type\":\"EntryPoint\",\"urlTemplate\":\"https:\\\/\\\/www.fatosefotosnews.com.br\\\/?s={search_term_string}\"},\"query-input\":{\"@type\":\"PropertyValueSpecification\",\"valueRequired\":true,\"valueName\":\"search_term_string\"}}],\"inLanguage\":\"pt-BR\"},{\"@type\":\"Organization\",\"@id\":\"https:\\\/\\\/www.fatosefotosnews.com.br\\\/#organization\",\"name\":\"Fatos e Fotos News\",\"url\":\"https:\\\/\\\/www.fatosefotosnews.com.br\\\/\",\"logo\":{\"@type\":\"ImageObject\",\"inLanguage\":\"pt-BR\",\"@id\":\"https:\\\/\\\/www.fatosefotosnews.com.br\\\/#\\\/schema\\\/logo\\\/image\\\/\",\"url\":\"https:\\\/\\\/www.fatosefotosnews.com.br\\\/wp-content\\\/uploads\\\/2023\\\/02\\\/Fatos-e-Fotos-news-logo.png\",\"contentUrl\":\"https:\\\/\\\/www.fatosefotosnews.com.br\\\/wp-content\\\/uploads\\\/2023\\\/02\\\/Fatos-e-Fotos-news-logo.png\",\"width\":300,\"height\":58,\"caption\":\"Fatos e Fotos News\"},\"image\":{\"@id\":\"https:\\\/\\\/www.fatosefotosnews.com.br\\\/#\\\/schema\\\/logo\\\/image\\\/\"}},{\"@type\":\"Person\",\"@id\":\"https:\\\/\\\/www.fatosefotosnews.com.br\\\/#\\\/schema\\\/person\\\/70ccaf82072edcbc921e1c3ca2259803\",\"name\":\"fatosefotosnews\",\"image\":{\"@type\":\"ImageObject\",\"inLanguage\":\"pt-BR\",\"@id\":\"https:\\\/\\\/secure.gravatar.com\\\/avatar\\\/b347acc00c2543eadf2855e28bb74049205ff50092da0cb7bc50f2652c752f81?s=96&d=mm&r=g\",\"url\":\"https:\\\/\\\/secure.gravatar.com\\\/avatar\\\/b347acc00c2543eadf2855e28bb74049205ff50092da0cb7bc50f2652c752f81?s=96&d=mm&r=g\",\"contentUrl\":\"https:\\\/\\\/secure.gravatar.com\\\/avatar\\\/b347acc00c2543eadf2855e28bb74049205ff50092da0cb7bc50f2652c752f81?s=96&d=mm&r=g\",\"caption\":\"fatosefotosnews\"},\"sameAs\":[\"http:\\\/\\\/www.fatosefotosnews.com.br\"],\"url\":\"https:\\\/\\\/www.fatosefotosnews.com.br\\\/?author=1\"}]}<\/script>\n<!-- \/ Yoast SEO plugin. -->","yoast_head_json":{"title":"Justi\u00e7a Eleitoral cassa mandato do deputado Marcelo Crivella - Fatos e Fotos News","robots":{"index":"index","follow":"follow","max-snippet":"max-snippet:-1","max-image-preview":"max-image-preview:large","max-video-preview":"max-video-preview:-1"},"canonical":"https:\/\/www.fatosefotosnews.com.br\/?p=35742","og_locale":"pt_BR","og_type":"article","og_title":"Justi\u00e7a Eleitoral cassa mandato do deputado Marcelo Crivella - Fatos e Fotos News","og_description":"A ju\u00edza M\u00e1rcia Santos Capanema de Souza, da 23\u00aa Zona Eleitoral do Rio de Janeiro, decretou a cassa\u00e7\u00e3o do mandato do deputado federal Marcelo Crivella e sua inelegibilidade at\u00e9 2028, por abuso de poder pol\u00edtico em 2020. Na \u00e9poca, Crivella era prefeito do Rio e buscava a reelei\u00e7\u00e3o.\u00a0","og_url":"https:\/\/www.fatosefotosnews.com.br\/?p=35742","og_site_name":"Fatos e Fotos News","article_published_time":"2023-05-29T15:52:50+00:00","article_modified_time":"2023-05-29T15:54:41+00:00","og_image":[{"width":1170,"height":700,"url":"https:\/\/www.fatosefotosnews.com.br\/wp-content\/uploads\/2023\/05\/dsc8810.jpeg","type":"image\/jpeg"}],"author":"fatosefotosnews","twitter_card":"summary_large_image","twitter_misc":{"Escrito por":"fatosefotosnews","Est. tempo de leitura":"1 minuto"},"schema":{"@context":"https:\/\/schema.org","@graph":[{"@type":"Article","@id":"https:\/\/www.fatosefotosnews.com.br\/?p=35742#article","isPartOf":{"@id":"https:\/\/www.fatosefotosnews.com.br\/?p=35742"},"author":{"name":"fatosefotosnews","@id":"https:\/\/www.fatosefotosnews.com.br\/#\/schema\/person\/70ccaf82072edcbc921e1c3ca2259803"},"headline":"Justi\u00e7a Eleitoral cassa mandato do deputado Marcelo Crivella","datePublished":"2023-05-29T15:52:50+00:00","dateModified":"2023-05-29T15:54:41+00:00","mainEntityOfPage":{"@id":"https:\/\/www.fatosefotosnews.com.br\/?p=35742"},"wordCount":282,"commentCount":0,"publisher":{"@id":"https:\/\/www.fatosefotosnews.com.br\/#organization"},"image":{"@id":"https:\/\/www.fatosefotosnews.com.br\/?p=35742#primaryimage"},"thumbnailUrl":"https:\/\/www.fatosefotosnews.com.br\/wp-content\/uploads\/2023\/05\/dsc8810.jpeg","keywords":["crivella","Justi\u00e7a Eleitoral","Marcelo Crivella","Rio de Janeiro","TRE"],"articleSection":["Geral"],"inLanguage":"pt-BR","potentialAction":[{"@type":"CommentAction","name":"Comment","target":["https:\/\/www.fatosefotosnews.com.br\/?p=35742#respond"]}]},{"@type":"WebPage","@id":"https:\/\/www.fatosefotosnews.com.br\/?p=35742","url":"https:\/\/www.fatosefotosnews.com.br\/?p=35742","name":"Justi\u00e7a Eleitoral cassa mandato do deputado Marcelo Crivella - Fatos e Fotos News","isPartOf":{"@id":"https:\/\/www.fatosefotosnews.com.br\/#website"},"primaryImageOfPage":{"@id":"https:\/\/www.fatosefotosnews.com.br\/?p=35742#primaryimage"},"image":{"@id":"https:\/\/www.fatosefotosnews.com.br\/?p=35742#primaryimage"},"thumbnailUrl":"https:\/\/www.fatosefotosnews.com.br\/wp-content\/uploads\/2023\/05\/dsc8810.jpeg","datePublished":"2023-05-29T15:52:50+00:00","dateModified":"2023-05-29T15:54:41+00:00","breadcrumb":{"@id":"https:\/\/www.fatosefotosnews.com.br\/?p=35742#breadcrumb"},"inLanguage":"pt-BR","potentialAction":[{"@type":"ReadAction","target":["https:\/\/www.fatosefotosnews.com.br\/?p=35742"]}]},{"@type":"ImageObject","inLanguage":"pt-BR","@id":"https:\/\/www.fatosefotosnews.com.br\/?p=35742#primaryimage","url":"https:\/\/www.fatosefotosnews.com.br\/wp-content\/uploads\/2023\/05\/dsc8810.jpeg","contentUrl":"https:\/\/www.fatosefotosnews.com.br\/wp-content\/uploads\/2023\/05\/dsc8810.jpeg","width":1170,"height":700},{"@type":"BreadcrumbList","@id":"https:\/\/www.fatosefotosnews.com.br\/?p=35742#breadcrumb","itemListElement":[{"@type":"ListItem","position":1,"name":"In\u00edcio","item":"https:\/\/www.fatosefotosnews.com.br\/"},{"@type":"ListItem","position":2,"name":"Justi\u00e7a Eleitoral cassa mandato do deputado Marcelo Crivella"}]},{"@type":"WebSite","@id":"https:\/\/www.fatosefotosnews.com.br\/#website","url":"https:\/\/www.fatosefotosnews.com.br\/","name":"Fatos e Fotos News","description":"Um site de noticial verdadeira e confi\u00e1veis.","publisher":{"@id":"https:\/\/www.fatosefotosnews.com.br\/#organization"},"potentialAction":[{"@type":"SearchAction","target":{"@type":"EntryPoint","urlTemplate":"https:\/\/www.fatosefotosnews.com.br\/?s={search_term_string}"},"query-input":{"@type":"PropertyValueSpecification","valueRequired":true,"valueName":"search_term_string"}}],"inLanguage":"pt-BR"},{"@type":"Organization","@id":"https:\/\/www.fatosefotosnews.com.br\/#organization","name":"Fatos e Fotos News","url":"https:\/\/www.fatosefotosnews.com.br\/","logo":{"@type":"ImageObject","inLanguage":"pt-BR","@id":"https:\/\/www.fatosefotosnews.com.br\/#\/schema\/logo\/image\/","url":"https:\/\/www.fatosefotosnews.com.br\/wp-content\/uploads\/2023\/02\/Fatos-e-Fotos-news-logo.png","contentUrl":"https:\/\/www.fatosefotosnews.com.br\/wp-content\/uploads\/2023\/02\/Fatos-e-Fotos-news-logo.png","width":300,"height":58,"caption":"Fatos e Fotos News"},"image":{"@id":"https:\/\/www.fatosefotosnews.com.br\/#\/schema\/logo\/image\/"}},{"@type":"Person","@id":"https:\/\/www.fatosefotosnews.com.br\/#\/schema\/person\/70ccaf82072edcbc921e1c3ca2259803","name":"fatosefotosnews","image":{"@type":"ImageObject","inLanguage":"pt-BR","@id":"https:\/\/secure.gravatar.com\/avatar\/b347acc00c2543eadf2855e28bb74049205ff50092da0cb7bc50f2652c752f81?s=96&d=mm&r=g","url":"https:\/\/secure.gravatar.com\/avatar\/b347acc00c2543eadf2855e28bb74049205ff50092da0cb7bc50f2652c752f81?s=96&d=mm&r=g","contentUrl":"https:\/\/secure.gravatar.com\/avatar\/b347acc00c2543eadf2855e28bb74049205ff50092da0cb7bc50f2652c752f81?s=96&d=mm&r=g","caption":"fatosefotosnews"},"sameAs":["http:\/\/www.fatosefotosnews.com.br"],"url":"https:\/\/www.fatosefotosnews.com.br\/?author=1"}]}},"jetpack_publicize_connections":[],"blog_post_layout_featured_media_urls":{"thumbnail":["https:\/\/www.fatosefotosnews.com.br\/wp-content\/uploads\/2023\/05\/dsc8810-150x150.jpeg",150,150,true],"full":["https:\/\/www.fatosefotosnews.com.br\/wp-content\/uploads\/2023\/05\/dsc8810.jpeg",1170,700,false]},"categories_names":{"167":{"name":"Geral","link":"https:\/\/www.fatosefotosnews.com.br\/?cat=167"}},"tags_names":{"9998":{"name":"crivella","link":"https:\/\/www.fatosefotosnews.com.br\/?tag=crivella"},"10005":{"name":"Justi\u00e7a Eleitoral","link":"https:\/\/www.fatosefotosnews.com.br\/?tag=justica-eleitoral"},"10006":{"name":"Marcelo Crivella","link":"https:\/\/www.fatosefotosnews.com.br\/?tag=marcelo-crivella"},"259":{"name":"Rio de Janeiro","link":"https:\/\/www.fatosefotosnews.com.br\/?tag=rio-de-janeiro"},"10007":{"name":"TRE","link":"https:\/\/www.fatosefotosnews.com.br\/?tag=tre"}},"comments_number":"0","wpmagazine_modules_lite_featured_media_urls":{"thumbnail":["https:\/\/www.fatosefotosnews.com.br\/wp-content\/uploads\/2023\/05\/dsc8810-150x150.jpeg",150,150,true],"cvmm-medium":["https:\/\/www.fatosefotosnews.com.br\/wp-content\/uploads\/2023\/05\/dsc8810-300x300.jpeg",300,300,true],"cvmm-medium-plus":["https:\/\/www.fatosefotosnews.com.br\/wp-content\/uploads\/2023\/05\/dsc8810-305x207.jpeg",305,207,true],"cvmm-portrait":["https:\/\/www.fatosefotosnews.com.br\/wp-content\/uploads\/2023\/05\/dsc8810-400x600.jpeg",400,600,true],"cvmm-medium-square":["https:\/\/www.fatosefotosnews.com.br\/wp-content\/uploads\/2023\/05\/dsc8810-600x600.jpeg",600,600,true],"cvmm-large":["https:\/\/www.fatosefotosnews.com.br\/wp-content\/uploads\/2023\/05\/dsc8810-1024x700.jpeg",1024,700,true],"cvmm-small":["https:\/\/www.fatosefotosnews.com.br\/wp-content\/uploads\/2023\/05\/dsc8810-130x95.jpeg",130,95,true],"full":["https:\/\/www.fatosefotosnews.com.br\/wp-content\/uploads\/2023\/05\/dsc8810.jpeg",1170,700,false]},"_links":{"self":[{"href":"https:\/\/www.fatosefotosnews.com.br\/index.php?rest_route=\/wp\/v2\/posts\/35742","targetHints":{"allow":["GET"]}}],"collection":[{"href":"https:\/\/www.fatosefotosnews.com.br\/index.php?rest_route=\/wp\/v2\/posts"}],"about":[{"href":"https:\/\/www.fatosefotosnews.com.br\/index.php?rest_route=\/wp\/v2\/types\/post"}],"author":[{"embeddable":true,"href":"https:\/\/www.fatosefotosnews.com.br\/index.php?rest_route=\/wp\/v2\/users\/1"}],"replies":[{"embeddable":true,"href":"https:\/\/www.fatosefotosnews.com.br\/index.php?rest_route=%2Fwp%2Fv2%2Fcomments&post=35742"}],"version-history":[{"count":2,"href":"https:\/\/www.fatosefotosnews.com.br\/index.php?rest_route=\/wp\/v2\/posts\/35742\/revisions"}],"predecessor-version":[{"id":35747,"href":"https:\/\/www.fatosefotosnews.com.br\/index.php?rest_route=\/wp\/v2\/posts\/35742\/revisions\/35747"}],"wp:featuredmedia":[{"embeddable":true,"href":"https:\/\/www.fatosefotosnews.com.br\/index.php?rest_route=\/wp\/v2\/media\/35745"}],"wp:attachment":[{"href":"https:\/\/www.fatosefotosnews.com.br\/index.php?rest_route=%2Fwp%2Fv2%2Fmedia&parent=35742"}],"wp:term":[{"taxonomy":"category","embeddable":true,"href":"https:\/\/www.fatosefotosnews.com.br\/index.php?rest_route=%2Fwp%2Fv2%2Fcategories&post=35742"},{"taxonomy":"post_tag","embeddable":true,"href":"https:\/\/www.fatosefotosnews.com.br\/index.php?rest_route=%2Fwp%2Fv2%2Ftags&post=35742"}],"curies":[{"name":"wp","href":"https:\/\/api.w.org\/{rel}","templated":true}]}}