{"id":36206,"date":"2023-05-31T17:16:17","date_gmt":"2023-05-31T20:16:17","guid":{"rendered":"https:\/\/www.fatosefotosnews.com.br\/museu-nacional-comemora-205-anos-com-atividades-neste-domingo\/"},"modified":"2023-05-31T17:16:17","modified_gmt":"2023-05-31T20:16:17","slug":"museu-nacional-comemora-205-anos-com-atividades-neste-domingo","status":"publish","type":"post","link":"https:\/\/www.fatosefotosnews.com.br\/?p=36206","title":{"rendered":"Museu Nacional comemora 205 anos com atividades neste domingo"},"content":{"rendered":"<p>As comemora\u00e7\u00f5es pelos 205 anos de cria\u00e7\u00e3o Museu Nacional, da Universidade Federal do Rio de Janeiro (UFRJ),come\u00e7am no domingo (4)\u00a0com eventos culturais e recreativos gratuitos na Quinta da Boa Vista, no bairro de S\u00e3o Crist\u00f3v\u00e3o. A programa\u00e7\u00e3o \u00e9 destinada a toda a fam\u00edlia.<img decoding=\"async\" src=\"https:\/\/agenciabrasil.ebc.com.br\/ebc.png?id=1536315&#038;o=node\" style=\"width:1px;height:1px\"><img decoding=\"async\" src=\"https:\/\/agenciabrasil.ebc.com.br\/ebc.gif?id=1536315&#038;o=node\" style=\"width:1px;height:1px\"><\/p>\n<p>O diretor do Museu Nacional, o paleont\u00f3logo Alexander Kellner, disse \u00e0 <strong>Ag\u00eancia Brasil<\/strong> que,\u00a0pela primeira vez,\u00a0o p\u00fablico ter\u00e1 a oportunidade de trocar ideias com membros da dire\u00e7\u00e3o sobre os mais variados assuntos. \u201cAs pessoas poder\u00e3o\u00a0conversar sobre cole\u00e7\u00f5es e obras de restaura\u00e7\u00e3o\u201d, disse Kellner. \u201cVamos tentar mostrar curiosidades sobre f\u00f3sseis, contar um pouco da maravilhosa hist\u00f3ria dos peixes, brincadeiras, jogos. Ou seja, vai ser bem bacana.\u201d<\/p>\n<p>Vinte e cinco atividades de divulga\u00e7\u00e3o cient\u00edfica est\u00e3o programadas para domingo (4), al\u00e9m de apresenta\u00e7\u00f5es do Unicirco Marcos Frota, do grupo Samba que elas querem, e de uma roda de jongo formada por integrantes do Quilombo Quilomb\u00e1 e Il\u00e9 \u00c0se \u00d2g\u00fan \u00c0l\u00e1k\u00f2r\u00f3.<\/p>\n<p>Haver\u00e1 tamb\u00e9m desfile de moda e, das 10h \u00e0s 17h, edi\u00e7\u00e3o especial da feira Junta Local, que reunir\u00e1 cerca de 40 produtores locais de alimentos. Visitas educativas ao herb\u00e1rio do Museu Nacional e ao entorno do Pa\u00e7o de S\u00e3o Crist\u00f3v\u00e3o, que est\u00e1 em obras, complementam o programa.<\/p>\n<p>Na tenda cient\u00edfica, aberta das 10h \u00e0s 16h, e com atividades para todas as idades, com\u00a0explana\u00e7\u00f5es\u00a0por pesquisadores do museu, sobre temas como o meteorito Santa Filomena, trazido de Pernambuco,\u00a0aracn\u00eddeos,\u00a0estrelas do mar,\u00a0esp\u00e9cies da vegeta\u00e7\u00e3o costeira do Rio de Janeiro,\u00a0insetos,\u00a0minerais de areia das praias, crust\u00e1ceos e\u00a0moluscos do Museu Nacional,\u00a0minhocas marinhas.<\/p>\n<p>A tenda cient\u00edfica contar\u00e1 com dois int\u00e9rpretes de Libras que poder\u00e3o acompanhar visitantes ao longo das atividades. Em alguns estandes, haver\u00e1 pe\u00e7as e r\u00e9plicas que poder\u00e3o ser manuseadas pelo p\u00fablico.<\/p>\n<h2>Conhecimento<\/h2>\n<p>Na exposi\u00e7\u00e3o did\u00e1tica Campus Avan\u00e7ado do Museu Nacional, o p\u00fablico ter\u00e1 oportunidade de conhecer uma \u00e1rea do museu situada no Corredor Central da Mata Atl\u00e2ntica, com exposi\u00e7\u00e3o de cole\u00e7\u00f5es did\u00e1ticas de zoologia. O\u00a0quebra-cabe\u00e7a <em>O machado da justi\u00e7a e o fogo transformador: da persegui\u00e7\u00e3o \u00e0 repara\u00e7\u00e3o<\/em>\u00a0ajudar\u00e1 o visitante a conhecer melhor as antigas e\u00a0novas cole\u00e7\u00f5es afro-brasileiras do Museu Nacional.<\/p>\n<p>Outra atra\u00e7\u00e3o \u00e9 a palestra Quebrando o Gelo &#8211; Curiosidades sobre a Ant\u00e1rtica, com experi\u00eancias de pesquisadores do Projeto Paleoantar e ferramentas, vestimentas,\u00a0f\u00f3sseis de animais e plantas que povoaram aquele continente h\u00e1 90 milh\u00f5es de anos, durante o per\u00edodo Cret\u00e1ceo.<\/p>\n<p>Ser\u00e3o\u00a0realizadas ainda uma\u00a0oficina com jogos educativos sobre o Museu Nacional, uma exposi\u00e7\u00e3o de mapa geol\u00f3gico simplificado e\u00a0paisagens conhecidas no estado, al\u00e9m de conta\u00e7\u00e3o\u00a0de hist\u00f3rias que disseminam conhecimento, divulgam a ci\u00eancia e promovem o di\u00e1logo.<\/p>\n<p>A partir das 13h, os visitantes podem aprender a usar massinha e tamb\u00e9m participar de\u00a0jogos de tabuleiro, pintura e ca\u00e7a-palavras a fim de conhecer a diversidade de microalgas e cianobact\u00e9rias, sua import\u00e2ncia ecol\u00f3gica e social.<\/p>\n<p>O tratamento de cole\u00e7\u00f5es resgatadas\u00a0ap\u00f3s o inc\u00eandio de 2018\u00a0ser\u00e1 objeto de uma exposi\u00e7\u00e3o de pe\u00e7as arqueol\u00f3gicas que comp\u00f5em o acervo do Museu. As duas atividades se estender\u00e3o at\u00e9 as 16h.<\/p>\n<h2>Visitas<\/h2>\n<p>O roteiro do evento oferece visitas educativas. A primeira ser\u00e1 a Do Museu da Quinta \u00e0 Quinta como Museu. Podem participar 30 pessoas,\u00a0por\u00a0ordem de chegada,\u00a0incluindo crian\u00e7as partir de 8 anos.\u00a0O ponto de encontro ser\u00e1\u00a0a est\u00e1tua de Dom Pedro II, em dois hor\u00e1rios: 10h e 12h30.<\/p>\n<p>A segunda visita ser\u00e1 ao\u00a0Horto Bot\u00e2nico &#8211; herb\u00e1rio do Museu Nacional &#8211; que inclui participa\u00e7\u00e3o em\u00a0jogos e oficinas para o p\u00fablico a partir de 5 anos, \u00e0s\u00a011h e \u00e0s\u00a0 14h. Para a visita, \u00e9 preciso fazer\u00a0 inscri\u00e7\u00e3o pr\u00e9via no\u00a0<a href=\"https:\/\/docs.google.com\/forms\/d\/e\/1FAIpQLSdFKB7aDowUrOSNpCD9rfQy4SVisNYPS3_8BCgegumYSpD3Gg\/viewform?usp=sf_link\" target=\"_blank\" rel=\"noopener\">endere\u00e7o<\/a> da programa\u00e7\u00e3o.<\/p>\n<p>A est\u00e1tua da imperatriz Leopoldina ser\u00e1 o ponto de encontro da roda de conversa Um Museu feito de gente &#8211; di\u00e1logos sobre sub\u00farbios e periferias, \u00e0s 14h, que contar\u00e1 com a participa\u00e7\u00e3o dos escritores Fl\u00e1vio Braga; Ivan Errante; Rafael Mattoso; e Rachel Lima; e da pesquisadora Adriana Facina.<\/p>\n<h2>Parceria<\/h2>\n<p>O evento que abre as comemora\u00e7\u00f5es pelos 205 anos do Museu Nacional tem parceria do Projeto Museu Nacional Vive, uma coopera\u00e7\u00e3o entre Universidade Federal do Rio de Janeiro, Organiza\u00e7\u00e3o das Na\u00e7\u00f5es Unidas para a Educa\u00e7\u00e3o, a Ci\u00eancia e a Cultura (Unesco) e Instituto Cultural Vale, com apoio da Funda\u00e7\u00e3o de Amparo \u00e0 Pesquisa do Estado do Rio de Janeiro (Faperj).<\/p>\n<p>Na ter\u00e7a-feira (6), data oficial de\u00a0funda\u00e7\u00e3o do Museu Nacional, haver\u00e1 entrevista coletiva, \u00e0s 10h, no <em>campus<\/em>\u00a0de Pesquisa e Ensino do museu, quando ser\u00e3o anunciadas novidades referentes ao processo de restaura\u00e7\u00e3o do im\u00f3vel, destru\u00eddo por um inc\u00eandio, em setembro de 2018.\u00a0<\/p>\n<p id=\"infocoweb_fonte\" class=\"infocoweb_fonte\">Fonte: <a target=\"_blank\" href=\"https:\/\/agenciabrasil.ebc.com.br\/geral\/noticia\/2023-05\/museu-nacional-comemora-205-anos-com-atividades-neste-domingo#df38a69a-8478-42a2-9a27-1690a460ad90\" rel=\"noopener\">EBC GERAL<\/a><\/p>\n","protected":false},"excerpt":{"rendered":"<p>As comemora\u00e7\u00f5es pelos 205 anos de cria\u00e7\u00e3o Museu Nacional, da Universidade Federal do Rio de Janeiro (UFRJ),come\u00e7am no domingo (4)\u00a0com eventos culturais e recreativos gratuitos na Quinta da Boa Vista, no bairro de S\u00e3o Crist\u00f3v\u00e3o. A programa\u00e7\u00e3o \u00e9 destinada a toda a fam\u00edlia. O diretor do Museu Nacional, o paleont\u00f3logo Alexander Kellner, disse \u00e0 Ag\u00eancia [&hellip;]<\/p>\n","protected":false},"author":5,"featured_media":36207,"comment_status":"open","ping_status":"open","sticky":false,"template":"","format":"standard","meta":{"_acf_changed":false,"_angie_page":false,"_monsterinsights_skip_tracking":false,"_themeisle_gutenberg_block_has_review":false,"page_builder":"","footnotes":"","jetpack_publicize_message":"","jetpack_publicize_feature_enabled":true,"jetpack_social_post_already_shared":false,"jetpack_social_options":{"image_generator_settings":{"template":"highway","default_image_id":0,"font":"","enabled":false},"version":2}},"categories":[167],"tags":[3667,3006,1114,2916,1212,902],"class_list":["post-36206","post","type-post","status-publish","format-standard","has-post-thumbnail","hentry","category-geral","tag-atividades","tag-comemora","tag-domingo","tag-museu","tag-nacional","tag-neste"],"acf":[],"nelio_content":{"autoShareEndMode":"never","automationSources":{"useCustomSentences":false,"customSentences":[]},"efiAlt":"","efiUrl":"","followers":[5],"highlights":[],"isAutoShareEnabled":true,"networkImageIds":[],"permalinkQueryArgs":[],"series":[],"suggestedReferences":[]},"yoast_head":"<!-- This site is optimized with the Yoast SEO plugin v28.3 - https:\/\/yoast.com\/product\/yoast-seo-wordpress\/ -->\n<title>Museu Nacional comemora 205 anos com atividades neste domingo<\/title>\n<meta name=\"description\" content=\"Museu Nacional comemora 205 anos com atividades neste domingo\" \/>\n<meta name=\"robots\" content=\"index, follow, max-snippet:-1, max-image-preview:large, max-video-preview:-1\" \/>\n<link rel=\"canonical\" href=\"https:\/\/www.fatosefotosnews.com.br\/?p=36206\" \/>\n<meta property=\"og:locale\" content=\"pt_BR\" \/>\n<meta property=\"og:type\" content=\"article\" \/>\n<meta property=\"og:title\" content=\"Museu Nacional comemora 205 anos com atividades neste domingo\" \/>\n<meta property=\"og:description\" content=\"Museu Nacional comemora 205 anos com atividades neste domingo\" \/>\n<meta property=\"og:url\" content=\"https:\/\/www.fatosefotosnews.com.br\/?p=36206\" \/>\n<meta property=\"og:site_name\" content=\"Fatos e Fotos News\" \/>\n<meta property=\"article:published_time\" content=\"2023-05-31T20:16:17+00:00\" \/>\n<meta property=\"og:image\" content=\"https:\/\/www.fatosefotosnews.com.br\/wp-content\/uploads\/2023\/05\/bc1b2f15ebe6dece9f78023f99611413.jpeg\" \/>\n\t<meta property=\"og:image:width\" content=\"1024\" \/>\n\t<meta property=\"og:image:height\" content=\"512\" \/>\n\t<meta property=\"og:image:type\" content=\"image\/jpeg\" \/>\n<meta name=\"author\" content=\"Da Reda\u00e7\u00e3o\" \/>\n<meta name=\"twitter:card\" content=\"summary_large_image\" \/>\n<meta name=\"twitter:label1\" content=\"Escrito por\" \/>\n\t<meta name=\"twitter:data1\" content=\"Da Reda\u00e7\u00e3o\" \/>\n\t<meta name=\"twitter:label2\" content=\"Est. tempo de leitura\" \/>\n\t<meta name=\"twitter:data2\" content=\"99 minutos\" \/>\n<script type=\"application\/ld+json\" class=\"yoast-schema-graph\">{\"@context\":\"https:\\\/\\\/schema.org\",\"@graph\":[{\"@type\":\"Article\",\"@id\":\"https:\\\/\\\/www.fatosefotosnews.com.br\\\/?p=36206#article\",\"isPartOf\":{\"@id\":\"https:\\\/\\\/www.fatosefotosnews.com.br\\\/?p=36206\"},\"author\":{\"name\":\"Da Reda\u00e7\u00e3o\",\"@id\":\"https:\\\/\\\/www.fatosefotosnews.com.br\\\/#\\\/schema\\\/person\\\/3b80f81d08670fb1f6690e07eb8b5dc6\"},\"headline\":\"Museu Nacional comemora 205 anos com atividades neste domingo\",\"datePublished\":\"2023-05-31T20:16:17+00:00\",\"mainEntityOfPage\":{\"@id\":\"https:\\\/\\\/www.fatosefotosnews.com.br\\\/?p=36206\"},\"wordCount\":853,\"commentCount\":0,\"publisher\":{\"@id\":\"https:\\\/\\\/www.fatosefotosnews.com.br\\\/#organization\"},\"image\":{\"@id\":\"https:\\\/\\\/www.fatosefotosnews.com.br\\\/?p=36206#primaryimage\"},\"thumbnailUrl\":\"https:\\\/\\\/www.fatosefotosnews.com.br\\\/wp-content\\\/uploads\\\/2023\\\/05\\\/bc1b2f15ebe6dece9f78023f99611413.jpeg\",\"keywords\":[\"atividades\",\"comemora\",\"domingo\",\"museu\",\"nacional\",\"neste\"],\"articleSection\":[\"Geral\"],\"inLanguage\":\"pt-BR\",\"potentialAction\":[{\"@type\":\"CommentAction\",\"name\":\"Comment\",\"target\":[\"https:\\\/\\\/www.fatosefotosnews.com.br\\\/?p=36206#respond\"]}]},{\"@type\":\"WebPage\",\"@id\":\"https:\\\/\\\/www.fatosefotosnews.com.br\\\/?p=36206\",\"url\":\"https:\\\/\\\/www.fatosefotosnews.com.br\\\/?p=36206\",\"name\":\"Museu Nacional comemora 205 anos com atividades neste domingo\",\"isPartOf\":{\"@id\":\"https:\\\/\\\/www.fatosefotosnews.com.br\\\/#website\"},\"primaryImageOfPage\":{\"@id\":\"https:\\\/\\\/www.fatosefotosnews.com.br\\\/?p=36206#primaryimage\"},\"image\":{\"@id\":\"https:\\\/\\\/www.fatosefotosnews.com.br\\\/?p=36206#primaryimage\"},\"thumbnailUrl\":\"https:\\\/\\\/www.fatosefotosnews.com.br\\\/wp-content\\\/uploads\\\/2023\\\/05\\\/bc1b2f15ebe6dece9f78023f99611413.jpeg\",\"datePublished\":\"2023-05-31T20:16:17+00:00\",\"description\":\"Museu Nacional comemora 205 anos com atividades neste domingo\",\"breadcrumb\":{\"@id\":\"https:\\\/\\\/www.fatosefotosnews.com.br\\\/?p=36206#breadcrumb\"},\"inLanguage\":\"pt-BR\",\"potentialAction\":[{\"@type\":\"ReadAction\",\"target\":[\"https:\\\/\\\/www.fatosefotosnews.com.br\\\/?p=36206\"]}]},{\"@type\":\"ImageObject\",\"inLanguage\":\"pt-BR\",\"@id\":\"https:\\\/\\\/www.fatosefotosnews.com.br\\\/?p=36206#primaryimage\",\"url\":\"https:\\\/\\\/www.fatosefotosnews.com.br\\\/wp-content\\\/uploads\\\/2023\\\/05\\\/bc1b2f15ebe6dece9f78023f99611413.jpeg\",\"contentUrl\":\"https:\\\/\\\/www.fatosefotosnews.com.br\\\/wp-content\\\/uploads\\\/2023\\\/05\\\/bc1b2f15ebe6dece9f78023f99611413.jpeg\",\"width\":1024,\"height\":512,\"caption\":\"\u00a9 T\u00e2nia R\u00eago\\\/Ag\u00eancia\"},{\"@type\":\"BreadcrumbList\",\"@id\":\"https:\\\/\\\/www.fatosefotosnews.com.br\\\/?p=36206#breadcrumb\",\"itemListElement\":[{\"@type\":\"ListItem\",\"position\":1,\"name\":\"In\u00edcio\",\"item\":\"https:\\\/\\\/www.fatosefotosnews.com.br\\\/\"},{\"@type\":\"ListItem\",\"position\":2,\"name\":\"Museu Nacional comemora 205 anos com atividades neste domingo\"}]},{\"@type\":\"WebSite\",\"@id\":\"https:\\\/\\\/www.fatosefotosnews.com.br\\\/#website\",\"url\":\"https:\\\/\\\/www.fatosefotosnews.com.br\\\/\",\"name\":\"Fatos e Fotos News\",\"description\":\"Um site de noticial verdadeira e confi\u00e1veis.\",\"publisher\":{\"@id\":\"https:\\\/\\\/www.fatosefotosnews.com.br\\\/#organization\"},\"potentialAction\":[{\"@type\":\"SearchAction\",\"target\":{\"@type\":\"EntryPoint\",\"urlTemplate\":\"https:\\\/\\\/www.fatosefotosnews.com.br\\\/?s={search_term_string}\"},\"query-input\":{\"@type\":\"PropertyValueSpecification\",\"valueRequired\":true,\"valueName\":\"search_term_string\"}}],\"inLanguage\":\"pt-BR\"},{\"@type\":\"Organization\",\"@id\":\"https:\\\/\\\/www.fatosefotosnews.com.br\\\/#organization\",\"name\":\"Fatos e Fotos News\",\"url\":\"https:\\\/\\\/www.fatosefotosnews.com.br\\\/\",\"logo\":{\"@type\":\"ImageObject\",\"inLanguage\":\"pt-BR\",\"@id\":\"https:\\\/\\\/www.fatosefotosnews.com.br\\\/#\\\/schema\\\/logo\\\/image\\\/\",\"url\":\"https:\\\/\\\/www.fatosefotosnews.com.br\\\/wp-content\\\/uploads\\\/2023\\\/02\\\/Fatos-e-Fotos-news-logo.png\",\"contentUrl\":\"https:\\\/\\\/www.fatosefotosnews.com.br\\\/wp-content\\\/uploads\\\/2023\\\/02\\\/Fatos-e-Fotos-news-logo.png\",\"width\":300,\"height\":58,\"caption\":\"Fatos e Fotos News\"},\"image\":{\"@id\":\"https:\\\/\\\/www.fatosefotosnews.com.br\\\/#\\\/schema\\\/logo\\\/image\\\/\"}},{\"@type\":\"Person\",\"@id\":\"https:\\\/\\\/www.fatosefotosnews.com.br\\\/#\\\/schema\\\/person\\\/3b80f81d08670fb1f6690e07eb8b5dc6\",\"name\":\"Da Reda\u00e7\u00e3o\",\"image\":{\"@type\":\"ImageObject\",\"inLanguage\":\"pt-BR\",\"@id\":\"https:\\\/\\\/secure.gravatar.com\\\/avatar\\\/696d39935a657bf0fc95044dbc9f912520430a0eb6dd46c85dd97eb6483b249b?s=96&d=mm&r=g\",\"url\":\"https:\\\/\\\/secure.gravatar.com\\\/avatar\\\/696d39935a657bf0fc95044dbc9f912520430a0eb6dd46c85dd97eb6483b249b?s=96&d=mm&r=g\",\"contentUrl\":\"https:\\\/\\\/secure.gravatar.com\\\/avatar\\\/696d39935a657bf0fc95044dbc9f912520430a0eb6dd46c85dd97eb6483b249b?s=96&d=mm&r=g\",\"caption\":\"Da Reda\u00e7\u00e3o\"},\"url\":\"https:\\\/\\\/www.fatosefotosnews.com.br\\\/?author=5\"}]}<\/script>\n<!-- \/ Yoast SEO plugin. -->","yoast_head_json":{"title":"Museu Nacional comemora 205 anos com atividades neste domingo","description":"Museu Nacional comemora 205 anos com atividades neste domingo","robots":{"index":"index","follow":"follow","max-snippet":"max-snippet:-1","max-image-preview":"max-image-preview:large","max-video-preview":"max-video-preview:-1"},"canonical":"https:\/\/www.fatosefotosnews.com.br\/?p=36206","og_locale":"pt_BR","og_type":"article","og_title":"Museu Nacional comemora 205 anos com atividades neste domingo","og_description":"Museu Nacional comemora 205 anos com atividades neste domingo","og_url":"https:\/\/www.fatosefotosnews.com.br\/?p=36206","og_site_name":"Fatos e Fotos News","article_published_time":"2023-05-31T20:16:17+00:00","og_image":[{"width":1024,"height":512,"url":"https:\/\/www.fatosefotosnews.com.br\/wp-content\/uploads\/2023\/05\/bc1b2f15ebe6dece9f78023f99611413.jpeg","type":"image\/jpeg"}],"author":"Da Reda\u00e7\u00e3o","twitter_card":"summary_large_image","twitter_misc":{"Escrito por":"Da Reda\u00e7\u00e3o","Est. tempo de leitura":"99 minutos"},"schema":{"@context":"https:\/\/schema.org","@graph":[{"@type":"Article","@id":"https:\/\/www.fatosefotosnews.com.br\/?p=36206#article","isPartOf":{"@id":"https:\/\/www.fatosefotosnews.com.br\/?p=36206"},"author":{"name":"Da Reda\u00e7\u00e3o","@id":"https:\/\/www.fatosefotosnews.com.br\/#\/schema\/person\/3b80f81d08670fb1f6690e07eb8b5dc6"},"headline":"Museu Nacional comemora 205 anos com atividades neste domingo","datePublished":"2023-05-31T20:16:17+00:00","mainEntityOfPage":{"@id":"https:\/\/www.fatosefotosnews.com.br\/?p=36206"},"wordCount":853,"commentCount":0,"publisher":{"@id":"https:\/\/www.fatosefotosnews.com.br\/#organization"},"image":{"@id":"https:\/\/www.fatosefotosnews.com.br\/?p=36206#primaryimage"},"thumbnailUrl":"https:\/\/www.fatosefotosnews.com.br\/wp-content\/uploads\/2023\/05\/bc1b2f15ebe6dece9f78023f99611413.jpeg","keywords":["atividades","comemora","domingo","museu","nacional","neste"],"articleSection":["Geral"],"inLanguage":"pt-BR","potentialAction":[{"@type":"CommentAction","name":"Comment","target":["https:\/\/www.fatosefotosnews.com.br\/?p=36206#respond"]}]},{"@type":"WebPage","@id":"https:\/\/www.fatosefotosnews.com.br\/?p=36206","url":"https:\/\/www.fatosefotosnews.com.br\/?p=36206","name":"Museu Nacional comemora 205 anos com atividades neste domingo","isPartOf":{"@id":"https:\/\/www.fatosefotosnews.com.br\/#website"},"primaryImageOfPage":{"@id":"https:\/\/www.fatosefotosnews.com.br\/?p=36206#primaryimage"},"image":{"@id":"https:\/\/www.fatosefotosnews.com.br\/?p=36206#primaryimage"},"thumbnailUrl":"https:\/\/www.fatosefotosnews.com.br\/wp-content\/uploads\/2023\/05\/bc1b2f15ebe6dece9f78023f99611413.jpeg","datePublished":"2023-05-31T20:16:17+00:00","description":"Museu Nacional comemora 205 anos com atividades neste domingo","breadcrumb":{"@id":"https:\/\/www.fatosefotosnews.com.br\/?p=36206#breadcrumb"},"inLanguage":"pt-BR","potentialAction":[{"@type":"ReadAction","target":["https:\/\/www.fatosefotosnews.com.br\/?p=36206"]}]},{"@type":"ImageObject","inLanguage":"pt-BR","@id":"https:\/\/www.fatosefotosnews.com.br\/?p=36206#primaryimage","url":"https:\/\/www.fatosefotosnews.com.br\/wp-content\/uploads\/2023\/05\/bc1b2f15ebe6dece9f78023f99611413.jpeg","contentUrl":"https:\/\/www.fatosefotosnews.com.br\/wp-content\/uploads\/2023\/05\/bc1b2f15ebe6dece9f78023f99611413.jpeg","width":1024,"height":512,"caption":"\u00a9 T\u00e2nia R\u00eago\/Ag\u00eancia"},{"@type":"BreadcrumbList","@id":"https:\/\/www.fatosefotosnews.com.br\/?p=36206#breadcrumb","itemListElement":[{"@type":"ListItem","position":1,"name":"In\u00edcio","item":"https:\/\/www.fatosefotosnews.com.br\/"},{"@type":"ListItem","position":2,"name":"Museu Nacional comemora 205 anos com atividades neste domingo"}]},{"@type":"WebSite","@id":"https:\/\/www.fatosefotosnews.com.br\/#website","url":"https:\/\/www.fatosefotosnews.com.br\/","name":"Fatos e Fotos News","description":"Um site de noticial verdadeira e confi\u00e1veis.","publisher":{"@id":"https:\/\/www.fatosefotosnews.com.br\/#organization"},"potentialAction":[{"@type":"SearchAction","target":{"@type":"EntryPoint","urlTemplate":"https:\/\/www.fatosefotosnews.com.br\/?s={search_term_string}"},"query-input":{"@type":"PropertyValueSpecification","valueRequired":true,"valueName":"search_term_string"}}],"inLanguage":"pt-BR"},{"@type":"Organization","@id":"https:\/\/www.fatosefotosnews.com.br\/#organization","name":"Fatos e Fotos News","url":"https:\/\/www.fatosefotosnews.com.br\/","logo":{"@type":"ImageObject","inLanguage":"pt-BR","@id":"https:\/\/www.fatosefotosnews.com.br\/#\/schema\/logo\/image\/","url":"https:\/\/www.fatosefotosnews.com.br\/wp-content\/uploads\/2023\/02\/Fatos-e-Fotos-news-logo.png","contentUrl":"https:\/\/www.fatosefotosnews.com.br\/wp-content\/uploads\/2023\/02\/Fatos-e-Fotos-news-logo.png","width":300,"height":58,"caption":"Fatos e Fotos News"},"image":{"@id":"https:\/\/www.fatosefotosnews.com.br\/#\/schema\/logo\/image\/"}},{"@type":"Person","@id":"https:\/\/www.fatosefotosnews.com.br\/#\/schema\/person\/3b80f81d08670fb1f6690e07eb8b5dc6","name":"Da Reda\u00e7\u00e3o","image":{"@type":"ImageObject","inLanguage":"pt-BR","@id":"https:\/\/secure.gravatar.com\/avatar\/696d39935a657bf0fc95044dbc9f912520430a0eb6dd46c85dd97eb6483b249b?s=96&d=mm&r=g","url":"https:\/\/secure.gravatar.com\/avatar\/696d39935a657bf0fc95044dbc9f912520430a0eb6dd46c85dd97eb6483b249b?s=96&d=mm&r=g","contentUrl":"https:\/\/secure.gravatar.com\/avatar\/696d39935a657bf0fc95044dbc9f912520430a0eb6dd46c85dd97eb6483b249b?s=96&d=mm&r=g","caption":"Da Reda\u00e7\u00e3o"},"url":"https:\/\/www.fatosefotosnews.com.br\/?author=5"}]}},"jetpack_publicize_connections":[],"blog_post_layout_featured_media_urls":{"thumbnail":["https:\/\/www.fatosefotosnews.com.br\/wp-content\/uploads\/2023\/05\/bc1b2f15ebe6dece9f78023f99611413-150x150.jpeg",150,150,true],"full":["https:\/\/www.fatosefotosnews.com.br\/wp-content\/uploads\/2023\/05\/bc1b2f15ebe6dece9f78023f99611413.jpeg",1024,512,false]},"categories_names":{"167":{"name":"Geral","link":"https:\/\/www.fatosefotosnews.com.br\/?cat=167"}},"tags_names":{"3667":{"name":"atividades","link":"https:\/\/www.fatosefotosnews.com.br\/?tag=atividades"},"3006":{"name":"comemora","link":"https:\/\/www.fatosefotosnews.com.br\/?tag=comemora"},"1114":{"name":"domingo","link":"https:\/\/www.fatosefotosnews.com.br\/?tag=domingo"},"2916":{"name":"museu","link":"https:\/\/www.fatosefotosnews.com.br\/?tag=museu"},"1212":{"name":"nacional","link":"https:\/\/www.fatosefotosnews.com.br\/?tag=nacional"},"902":{"name":"neste","link":"https:\/\/www.fatosefotosnews.com.br\/?tag=neste"}},"comments_number":"0","wpmagazine_modules_lite_featured_media_urls":{"thumbnail":["https:\/\/www.fatosefotosnews.com.br\/wp-content\/uploads\/2023\/05\/bc1b2f15ebe6dece9f78023f99611413-150x150.jpeg",150,150,true],"cvmm-medium":["https:\/\/www.fatosefotosnews.com.br\/wp-content\/uploads\/2023\/05\/bc1b2f15ebe6dece9f78023f99611413-300x300.jpeg",300,300,true],"cvmm-medium-plus":["https:\/\/www.fatosefotosnews.com.br\/wp-content\/uploads\/2023\/05\/bc1b2f15ebe6dece9f78023f99611413-305x207.jpeg",305,207,true],"cvmm-portrait":["https:\/\/www.fatosefotosnews.com.br\/wp-content\/uploads\/2023\/05\/bc1b2f15ebe6dece9f78023f99611413-400x512.jpeg",400,512,true],"cvmm-medium-square":["https:\/\/www.fatosefotosnews.com.br\/wp-content\/uploads\/2023\/05\/bc1b2f15ebe6dece9f78023f99611413-600x512.jpeg",600,512,true],"cvmm-large":["https:\/\/www.fatosefotosnews.com.br\/wp-content\/uploads\/2023\/05\/bc1b2f15ebe6dece9f78023f99611413.jpeg",1024,512,false],"cvmm-small":["https:\/\/www.fatosefotosnews.com.br\/wp-content\/uploads\/2023\/05\/bc1b2f15ebe6dece9f78023f99611413-130x95.jpeg",130,95,true],"full":["https:\/\/www.fatosefotosnews.com.br\/wp-content\/uploads\/2023\/05\/bc1b2f15ebe6dece9f78023f99611413.jpeg",1024,512,false]},"_links":{"self":[{"href":"https:\/\/www.fatosefotosnews.com.br\/index.php?rest_route=\/wp\/v2\/posts\/36206","targetHints":{"allow":["GET"]}}],"collection":[{"href":"https:\/\/www.fatosefotosnews.com.br\/index.php?rest_route=\/wp\/v2\/posts"}],"about":[{"href":"https:\/\/www.fatosefotosnews.com.br\/index.php?rest_route=\/wp\/v2\/types\/post"}],"author":[{"embeddable":true,"href":"https:\/\/www.fatosefotosnews.com.br\/index.php?rest_route=\/wp\/v2\/users\/5"}],"replies":[{"embeddable":true,"href":"https:\/\/www.fatosefotosnews.com.br\/index.php?rest_route=%2Fwp%2Fv2%2Fcomments&post=36206"}],"version-history":[{"count":0,"href":"https:\/\/www.fatosefotosnews.com.br\/index.php?rest_route=\/wp\/v2\/posts\/36206\/revisions"}],"wp:featuredmedia":[{"embeddable":true,"href":"https:\/\/www.fatosefotosnews.com.br\/index.php?rest_route=\/wp\/v2\/media\/36207"}],"wp:attachment":[{"href":"https:\/\/www.fatosefotosnews.com.br\/index.php?rest_route=%2Fwp%2Fv2%2Fmedia&parent=36206"}],"wp:term":[{"taxonomy":"category","embeddable":true,"href":"https:\/\/www.fatosefotosnews.com.br\/index.php?rest_route=%2Fwp%2Fv2%2Fcategories&post=36206"},{"taxonomy":"post_tag","embeddable":true,"href":"https:\/\/www.fatosefotosnews.com.br\/index.php?rest_route=%2Fwp%2Fv2%2Ftags&post=36206"}],"curies":[{"name":"wp","href":"https:\/\/api.w.org\/{rel}","templated":true}]}}