{"id":37204,"date":"2023-06-07T12:46:53","date_gmt":"2023-06-07T15:46:53","guid":{"rendered":"https:\/\/www.fatosefotosnews.com.br\/camara-aprova-mp-do-minha-casa-minha-vida-sem-exclusividade-da-caixa\/"},"modified":"2023-06-07T12:46:53","modified_gmt":"2023-06-07T15:46:53","slug":"camara-aprova-mp-do-minha-casa-minha-vida-sem-exclusividade-da-caixa","status":"publish","type":"post","link":"https:\/\/www.fatosefotosnews.com.br\/?p=37204","title":{"rendered":"C\u00e2mara aprova MP do Minha Casa, Minha Vida sem exclusividade da Caixa"},"content":{"rendered":"<p><meta name=\"robots\" content=\"noindex\"><mreta name=\"googlebot\" content=\"noindex\"><\/p>\n<div class=\"Noticia_Foto fato\">\n<figure class=\"foto-legenda\" style=\"position: relative\">\n<div class=\"foto-legenda-img\"> <img fetchpriority=\"high\" decoding=\"async\" src=\"https:\/\/i0.statig.com.br\/bancodeimagens\/3n\/m2\/c5\/3nm2c5sj7gnkp7cf4q34z2i64.jpg\" width=\"906\" height=\"509\" alt=\"Casa Verde e Amarela substituiu o Minha Casa, Minha Vida, durante a gest\u00e3o Bolsonaro\" title=\"Casa Verde e Amarela substituiu o Minha Casa, Minha Vida, durante a gest\u00e3o Bolsonaro\"> <\/div><figcaption class=\"foto-legenda-citacao\"> <cite>Senado Federal<\/cite> <\/p>\n<div class=\"foto-legenda-citacao-text\">Casa Verde e Amarela substituiu o Minha Casa, Minha Vida, durante a gest\u00e3o Bolsonaro<\/div>\n<\/figcaption><\/figure>\n<\/p>\n<\/div>\n<p class=\"\">O Plen\u00e1rio da C\u00e2mara dos Deputados aprovou nesta quarta-feira (7) a Medida Provis\u00f3ria (MP) 1162\/23, que retoma o programa habitacional <a href=\"https:\/\/economia.ig.com.br\/2023-02-16\/minha-casa-minha-vida-passo-a-passo-contratacao.html.ampstories\" data-mce-href=\"https:\/\/economia.ig.com.br\/2023-02-16\/minha-casa-minha-vida-passo-a-passo-contratacao.html.ampstories\">Minha Casa, Minha Vida (PMCMV)<\/a> , extinto no governo Bolsonaro. <\/p>\n<p>O relator da medida provis\u00f3ria que retoma o programa, deputado Marangoni (Uni\u00e3o-SP), incluiu altera\u00e7\u00f5es com o objetivo de modernizar o programa social, entre elas o fim da exclusividade da Caixa Econ\u00f4mica Federal no repasse de recursos e a reforma para fins habitacionais de im\u00f3veis inutilizados nas grandes cidades.<\/p>\n<h3>Entre no  <a href=\"https:\/\/t.me\/iGBrasilEconomico\" target=\"_blank\" rel=\"noopener nofollow\" data-mce-href=\"https:\/\/t.me\/iGBrasilEconomico\">canal do Brasil Econ\u00f4mico no Telegram<\/a> e fique por dentro de todas as not\u00edcias do dia. Siga tamb\u00e9m o  <a href=\"https:\/\/t.me\/portalig\" target=\"_blank\" rel=\"noopener nofollow\" data-mce-href=\"https:\/\/t.me\/portalig\">perfil geral do Portal iG <\/a> <\/h3>\n<p>O texto foi aprovado na forma de um projeto de lei de convers\u00e3o elaborado pelo relator da comiss\u00e3o mista que analisou a MP, deputado Marangoni (Uni\u00e3o-SP). A medida provis\u00f3ria vai agora ao Senado, onde precisa ser votada at\u00e9 a pr\u00f3xima quarta (14), \u00faltimo dia de vig\u00eancia.<\/p>\n<p>Durante a vota\u00e7\u00e3o, o Plen\u00e1rio aprovou um destaque apresentado pelo l\u00edder do MDB, deputado Isnaldo Bulh\u00f5es Jr., para reincluir no texto a exig\u00eancia, voltada \u00e0s construtoras que atuam no programa, de contrata\u00e7\u00e3o de seguro p\u00f3s-obra para cobrir eventuais danos estruturais nas unidades. A comiss\u00e3o mista havia retirado essa exig\u00eancia.<\/p>\n<h3>Faixas<\/h3>\n<p> Segundo o texto aprovado, haver\u00e1 tr\u00eas faixas de renda de beneficiados. Nas \u00e1reas urbanas, a faixa 1 destina-se a fam\u00edlias com renda bruta familiar mensal de at\u00e9 R$ 2.640; a faixa 2 vai at\u00e9 R$ 4,4 mil; e a faixa 3 at\u00e9 R$ 8 mil.<\/p>\n<p>Em \u00e1reas rurais, os valores s\u00e3o equivalentes, mas contados anualmente devido \u00e0 sazonalidade do rendimento nessas \u00e1reas. Assim, a faixa 1 abranger\u00e1 fam\u00edlias com at\u00e9 R$ 31.680,00 anuais; a faixa 2 vai at\u00e9 R$ 52.800,00; e a faixa 3, at\u00e9 R$ 96 mil. A atualiza\u00e7\u00e3o dos valores poder\u00e1 ser feita por ato do Minist\u00e9rio das Cidades, pasta que coordenar\u00e1 o programa.<\/p>\n<h3>Mudan\u00e7as<\/h3>\n<p> O deputado Marangoni fez diversas altera\u00e7\u00f5es na MP original, como a permiss\u00e3o para uso de recursos do Fundo de Garantia do Tempo de Servi\u00e7o (FGTS) para projetos relacionados \u00e0 Regulariza\u00e7\u00e3o Fundi\u00e1ria Urbana (Reurb), como vias de acesso, ilumina\u00e7\u00e3o p\u00fablica, saneamento b\u00e1sico e drenagem de \u00e1guas pluviais.<\/p>\n<div>\n<aside class=\"leiaTambem-container\">\n<h3>Leia tamb\u00e9m<\/h3>\n<ul>\n<li> <a href=\"https:\/\/economia.ig.com.br\/2023-06-07\/reforma-tributaria-julho-camara.html\" title=\"Reforma tribut\u00e1ria deve ser votada em julho na C\u00e2mara, diz relator\" target=\"_self\" rel=\"noopener\">Reforma tribut\u00e1ria deve ser votada em julho na C\u00e2mara, diz relator<\/a> <\/li>\n<li> <a href=\"https:\/\/economia.ig.com.br\/2023-06-07\/lula-critica-taxa-de-juros.html\" title=\"'N\u00e3o h\u00e1 explica\u00e7\u00e3o para termos os juros mais altos do mundo', diz Lula\" target=\"_self\" rel=\"noopener\">&#8216;N\u00e3o h\u00e1 explica\u00e7\u00e3o para termos os juros mais altos do mundo&#8217;, diz Lula<\/a> <\/li>\n<li> <a href=\"https:\/\/economia.ig.com.br\/2023-06-07\/idosa-beneficio-inss-20-dias.html\" title=\"Idosa de baixa renda deve receber benef\u00edcio do INSS em 20 dias\" target=\"_self\" rel=\"noopener\">Idosa de baixa renda deve receber benef\u00edcio do INSS em 20 dias<\/a> <\/li>\n<\/ul>\n<\/aside>\n<\/div>\n<p class=\"\">Marangoni destacou a import\u00e2ncia da aprova\u00e7\u00e3o da mat\u00e9ria. Segundo ele, o programa prioriza a popula\u00e7\u00e3o de baixa renda, que mais precisa de moradia.<\/p>\n<p>\u201cEstamos falando de um programa que restabelece o desenvolvimento social atrav\u00e9s do bem mais sagrado da fam\u00edlia, que \u00e9 a moradia, e o desenvolvimento econ\u00f4mico, por ser um dos setores que mais emprega nesse Pa\u00eds\u201d, disse.<\/p>\n<p id=\"infocoweb_fonte\" class=\"infocoweb_fonte\">Fonte: <a target=\"_blank\" href=\"http:\/\/economia.ig.com.br\/2023-06-07\/camara-aprova-mp-bolsa-familia.html#c23cc316-4db2-46dc-a8cf-91f0a577b0ef\" rel=\"noopener\">Economia<\/a><\/p>\n","protected":false},"excerpt":{"rendered":"<p>Senado Federal Casa Verde e Amarela substituiu o Minha Casa, Minha Vida, durante a gest\u00e3o Bolsonaro O Plen\u00e1rio da C\u00e2mara dos Deputados aprovou nesta quarta-feira (7) a Medida Provis\u00f3ria (MP) 1162\/23, que retoma o programa habitacional Minha Casa, Minha Vida (PMCMV) , extinto no governo Bolsonaro. O relator da medida provis\u00f3ria que retoma o programa, [&hellip;]<\/p>\n","protected":false},"author":5,"featured_media":37205,"comment_status":"open","ping_status":"open","sticky":false,"template":"","format":"standard","meta":{"_acf_changed":false,"_angie_page":false,"_monsterinsights_skip_tracking":false,"_themeisle_gutenberg_block_has_review":false,"page_builder":"","footnotes":"","jetpack_publicize_message":"","jetpack_publicize_feature_enabled":true,"jetpack_social_post_already_shared":false,"jetpack_social_options":{"image_generator_settings":{"template":"highway","default_image_id":0,"font":"","enabled":false},"version":2}},"categories":[167],"tags":[2000,534,418,10451,608],"class_list":["post-37204","post","type-post","status-publish","format-standard","has-post-thumbnail","hentry","category-geral","tag-aprova","tag-caixa","tag-camara","tag-exclusividade","tag-minha"],"acf":[],"nelio_content":{"autoShareEndMode":"never","automationSources":{"useCustomSentences":false,"customSentences":[]},"efiAlt":"","efiUrl":"","followers":[5],"highlights":[],"isAutoShareEnabled":true,"networkImageIds":[],"permalinkQueryArgs":[],"series":[],"suggestedReferences":[]},"yoast_head":"<!-- This site is optimized with the Yoast SEO plugin v28.3 - https:\/\/yoast.com\/product\/yoast-seo-wordpress\/ -->\n<title>C\u00e2mara aprova MP do Minha Casa, Minha Vida sem exclusividade da Caixa<\/title>\n<meta name=\"description\" content=\"C\u00e2mara aprova MP do Minha Casa, Minha Vida sem exclusividade da Caixa\" \/>\n<meta name=\"robots\" content=\"index, follow, max-snippet:-1, max-image-preview:large, max-video-preview:-1\" \/>\n<link rel=\"canonical\" href=\"https:\/\/www.fatosefotosnews.com.br\/?p=37204\" \/>\n<meta property=\"og:locale\" content=\"pt_BR\" \/>\n<meta property=\"og:type\" content=\"article\" \/>\n<meta property=\"og:title\" content=\"C\u00e2mara aprova MP do Minha Casa, Minha Vida sem exclusividade da Caixa\" \/>\n<meta property=\"og:description\" content=\"C\u00e2mara aprova MP do Minha Casa, Minha Vida sem exclusividade da Caixa\" \/>\n<meta property=\"og:url\" content=\"https:\/\/www.fatosefotosnews.com.br\/?p=37204\" \/>\n<meta property=\"og:site_name\" content=\"Fatos e Fotos News\" \/>\n<meta property=\"article:published_time\" content=\"2023-06-07T15:46:53+00:00\" \/>\n<meta property=\"og:image\" content=\"https:\/\/www.fatosefotosnews.com.br\/wp-content\/uploads\/2023\/06\/8b8c8a097ceb60814fd445655046bb82.jpeg\" \/>\n\t<meta property=\"og:image:width\" content=\"1024\" \/>\n\t<meta property=\"og:image:height\" content=\"576\" \/>\n\t<meta property=\"og:image:type\" content=\"image\/jpeg\" \/>\n<meta name=\"author\" content=\"Da Reda\u00e7\u00e3o\" \/>\n<meta name=\"twitter:card\" content=\"summary_large_image\" \/>\n<meta name=\"twitter:label1\" content=\"Escrito por\" \/>\n\t<meta name=\"twitter:data1\" content=\"Da Reda\u00e7\u00e3o\" \/>\n\t<meta name=\"twitter:label2\" content=\"Est. tempo de leitura\" \/>\n\t<meta name=\"twitter:data2\" content=\"99 minutos\" \/>\n<script type=\"application\/ld+json\" class=\"yoast-schema-graph\">{\"@context\":\"https:\\\/\\\/schema.org\",\"@graph\":[{\"@type\":\"Article\",\"@id\":\"https:\\\/\\\/www.fatosefotosnews.com.br\\\/?p=37204#article\",\"isPartOf\":{\"@id\":\"https:\\\/\\\/www.fatosefotosnews.com.br\\\/?p=37204\"},\"author\":{\"name\":\"Da Reda\u00e7\u00e3o\",\"@id\":\"https:\\\/\\\/www.fatosefotosnews.com.br\\\/#\\\/schema\\\/person\\\/3b80f81d08670fb1f6690e07eb8b5dc6\"},\"headline\":\"C\u00e2mara aprova MP do Minha Casa, Minha Vida sem exclusividade da Caixa\",\"datePublished\":\"2023-06-07T15:46:53+00:00\",\"mainEntityOfPage\":{\"@id\":\"https:\\\/\\\/www.fatosefotosnews.com.br\\\/?p=37204\"},\"wordCount\":517,\"commentCount\":0,\"publisher\":{\"@id\":\"https:\\\/\\\/www.fatosefotosnews.com.br\\\/#organization\"},\"image\":{\"@id\":\"https:\\\/\\\/www.fatosefotosnews.com.br\\\/?p=37204#primaryimage\"},\"thumbnailUrl\":\"https:\\\/\\\/www.fatosefotosnews.com.br\\\/wp-content\\\/uploads\\\/2023\\\/06\\\/8b8c8a097ceb60814fd445655046bb82.jpeg\",\"keywords\":[\"aprova\",\"caixa\",\"camara\",\"exclusividade\",\"minha\"],\"articleSection\":[\"Geral\"],\"inLanguage\":\"pt-BR\",\"potentialAction\":[{\"@type\":\"CommentAction\",\"name\":\"Comment\",\"target\":[\"https:\\\/\\\/www.fatosefotosnews.com.br\\\/?p=37204#respond\"]}]},{\"@type\":\"WebPage\",\"@id\":\"https:\\\/\\\/www.fatosefotosnews.com.br\\\/?p=37204\",\"url\":\"https:\\\/\\\/www.fatosefotosnews.com.br\\\/?p=37204\",\"name\":\"C\u00e2mara aprova MP do Minha Casa, Minha Vida sem exclusividade da Caixa\",\"isPartOf\":{\"@id\":\"https:\\\/\\\/www.fatosefotosnews.com.br\\\/#website\"},\"primaryImageOfPage\":{\"@id\":\"https:\\\/\\\/www.fatosefotosnews.com.br\\\/?p=37204#primaryimage\"},\"image\":{\"@id\":\"https:\\\/\\\/www.fatosefotosnews.com.br\\\/?p=37204#primaryimage\"},\"thumbnailUrl\":\"https:\\\/\\\/www.fatosefotosnews.com.br\\\/wp-content\\\/uploads\\\/2023\\\/06\\\/8b8c8a097ceb60814fd445655046bb82.jpeg\",\"datePublished\":\"2023-06-07T15:46:53+00:00\",\"description\":\"C\u00e2mara aprova MP do Minha Casa, Minha Vida sem exclusividade da Caixa\",\"breadcrumb\":{\"@id\":\"https:\\\/\\\/www.fatosefotosnews.com.br\\\/?p=37204#breadcrumb\"},\"inLanguage\":\"pt-BR\",\"potentialAction\":[{\"@type\":\"ReadAction\",\"target\":[\"https:\\\/\\\/www.fatosefotosnews.com.br\\\/?p=37204\"]}]},{\"@type\":\"ImageObject\",\"inLanguage\":\"pt-BR\",\"@id\":\"https:\\\/\\\/www.fatosefotosnews.com.br\\\/?p=37204#primaryimage\",\"url\":\"https:\\\/\\\/www.fatosefotosnews.com.br\\\/wp-content\\\/uploads\\\/2023\\\/06\\\/8b8c8a097ceb60814fd445655046bb82.jpeg\",\"contentUrl\":\"https:\\\/\\\/www.fatosefotosnews.com.br\\\/wp-content\\\/uploads\\\/2023\\\/06\\\/8b8c8a097ceb60814fd445655046bb82.jpeg\",\"width\":1024,\"height\":576,\"caption\":\"Senado Federal Casa Verde e Amarela substituiu o Minha Casa, Minha Vida, durante a gest\u00e3o Bolsonaro\"},{\"@type\":\"BreadcrumbList\",\"@id\":\"https:\\\/\\\/www.fatosefotosnews.com.br\\\/?p=37204#breadcrumb\",\"itemListElement\":[{\"@type\":\"ListItem\",\"position\":1,\"name\":\"In\u00edcio\",\"item\":\"https:\\\/\\\/www.fatosefotosnews.com.br\\\/\"},{\"@type\":\"ListItem\",\"position\":2,\"name\":\"C\u00e2mara aprova MP do Minha Casa, Minha Vida sem exclusividade da Caixa\"}]},{\"@type\":\"WebSite\",\"@id\":\"https:\\\/\\\/www.fatosefotosnews.com.br\\\/#website\",\"url\":\"https:\\\/\\\/www.fatosefotosnews.com.br\\\/\",\"name\":\"Fatos e Fotos News\",\"description\":\"Um site de noticial verdadeira e confi\u00e1veis.\",\"publisher\":{\"@id\":\"https:\\\/\\\/www.fatosefotosnews.com.br\\\/#organization\"},\"potentialAction\":[{\"@type\":\"SearchAction\",\"target\":{\"@type\":\"EntryPoint\",\"urlTemplate\":\"https:\\\/\\\/www.fatosefotosnews.com.br\\\/?s={search_term_string}\"},\"query-input\":{\"@type\":\"PropertyValueSpecification\",\"valueRequired\":true,\"valueName\":\"search_term_string\"}}],\"inLanguage\":\"pt-BR\"},{\"@type\":\"Organization\",\"@id\":\"https:\\\/\\\/www.fatosefotosnews.com.br\\\/#organization\",\"name\":\"Fatos e Fotos News\",\"url\":\"https:\\\/\\\/www.fatosefotosnews.com.br\\\/\",\"logo\":{\"@type\":\"ImageObject\",\"inLanguage\":\"pt-BR\",\"@id\":\"https:\\\/\\\/www.fatosefotosnews.com.br\\\/#\\\/schema\\\/logo\\\/image\\\/\",\"url\":\"https:\\\/\\\/www.fatosefotosnews.com.br\\\/wp-content\\\/uploads\\\/2023\\\/02\\\/Fatos-e-Fotos-news-logo.png\",\"contentUrl\":\"https:\\\/\\\/www.fatosefotosnews.com.br\\\/wp-content\\\/uploads\\\/2023\\\/02\\\/Fatos-e-Fotos-news-logo.png\",\"width\":300,\"height\":58,\"caption\":\"Fatos e Fotos News\"},\"image\":{\"@id\":\"https:\\\/\\\/www.fatosefotosnews.com.br\\\/#\\\/schema\\\/logo\\\/image\\\/\"}},{\"@type\":\"Person\",\"@id\":\"https:\\\/\\\/www.fatosefotosnews.com.br\\\/#\\\/schema\\\/person\\\/3b80f81d08670fb1f6690e07eb8b5dc6\",\"name\":\"Da Reda\u00e7\u00e3o\",\"image\":{\"@type\":\"ImageObject\",\"inLanguage\":\"pt-BR\",\"@id\":\"https:\\\/\\\/secure.gravatar.com\\\/avatar\\\/696d39935a657bf0fc95044dbc9f912520430a0eb6dd46c85dd97eb6483b249b?s=96&d=mm&r=g\",\"url\":\"https:\\\/\\\/secure.gravatar.com\\\/avatar\\\/696d39935a657bf0fc95044dbc9f912520430a0eb6dd46c85dd97eb6483b249b?s=96&d=mm&r=g\",\"contentUrl\":\"https:\\\/\\\/secure.gravatar.com\\\/avatar\\\/696d39935a657bf0fc95044dbc9f912520430a0eb6dd46c85dd97eb6483b249b?s=96&d=mm&r=g\",\"caption\":\"Da Reda\u00e7\u00e3o\"},\"url\":\"https:\\\/\\\/www.fatosefotosnews.com.br\\\/?author=5\"}]}<\/script>\n<!-- \/ Yoast SEO plugin. -->","yoast_head_json":{"title":"C\u00e2mara aprova MP do Minha Casa, Minha Vida sem exclusividade da Caixa","description":"C\u00e2mara aprova MP do Minha Casa, Minha Vida sem exclusividade da Caixa","robots":{"index":"index","follow":"follow","max-snippet":"max-snippet:-1","max-image-preview":"max-image-preview:large","max-video-preview":"max-video-preview:-1"},"canonical":"https:\/\/www.fatosefotosnews.com.br\/?p=37204","og_locale":"pt_BR","og_type":"article","og_title":"C\u00e2mara aprova MP do Minha Casa, Minha Vida sem exclusividade da Caixa","og_description":"C\u00e2mara aprova MP do Minha Casa, Minha Vida sem exclusividade da Caixa","og_url":"https:\/\/www.fatosefotosnews.com.br\/?p=37204","og_site_name":"Fatos e Fotos News","article_published_time":"2023-06-07T15:46:53+00:00","og_image":[{"width":1024,"height":576,"url":"https:\/\/www.fatosefotosnews.com.br\/wp-content\/uploads\/2023\/06\/8b8c8a097ceb60814fd445655046bb82.jpeg","type":"image\/jpeg"}],"author":"Da Reda\u00e7\u00e3o","twitter_card":"summary_large_image","twitter_misc":{"Escrito por":"Da Reda\u00e7\u00e3o","Est. tempo de leitura":"99 minutos"},"schema":{"@context":"https:\/\/schema.org","@graph":[{"@type":"Article","@id":"https:\/\/www.fatosefotosnews.com.br\/?p=37204#article","isPartOf":{"@id":"https:\/\/www.fatosefotosnews.com.br\/?p=37204"},"author":{"name":"Da Reda\u00e7\u00e3o","@id":"https:\/\/www.fatosefotosnews.com.br\/#\/schema\/person\/3b80f81d08670fb1f6690e07eb8b5dc6"},"headline":"C\u00e2mara aprova MP do Minha Casa, Minha Vida sem exclusividade da Caixa","datePublished":"2023-06-07T15:46:53+00:00","mainEntityOfPage":{"@id":"https:\/\/www.fatosefotosnews.com.br\/?p=37204"},"wordCount":517,"commentCount":0,"publisher":{"@id":"https:\/\/www.fatosefotosnews.com.br\/#organization"},"image":{"@id":"https:\/\/www.fatosefotosnews.com.br\/?p=37204#primaryimage"},"thumbnailUrl":"https:\/\/www.fatosefotosnews.com.br\/wp-content\/uploads\/2023\/06\/8b8c8a097ceb60814fd445655046bb82.jpeg","keywords":["aprova","caixa","camara","exclusividade","minha"],"articleSection":["Geral"],"inLanguage":"pt-BR","potentialAction":[{"@type":"CommentAction","name":"Comment","target":["https:\/\/www.fatosefotosnews.com.br\/?p=37204#respond"]}]},{"@type":"WebPage","@id":"https:\/\/www.fatosefotosnews.com.br\/?p=37204","url":"https:\/\/www.fatosefotosnews.com.br\/?p=37204","name":"C\u00e2mara aprova MP do Minha Casa, Minha Vida sem exclusividade da Caixa","isPartOf":{"@id":"https:\/\/www.fatosefotosnews.com.br\/#website"},"primaryImageOfPage":{"@id":"https:\/\/www.fatosefotosnews.com.br\/?p=37204#primaryimage"},"image":{"@id":"https:\/\/www.fatosefotosnews.com.br\/?p=37204#primaryimage"},"thumbnailUrl":"https:\/\/www.fatosefotosnews.com.br\/wp-content\/uploads\/2023\/06\/8b8c8a097ceb60814fd445655046bb82.jpeg","datePublished":"2023-06-07T15:46:53+00:00","description":"C\u00e2mara aprova MP do Minha Casa, Minha Vida sem exclusividade da Caixa","breadcrumb":{"@id":"https:\/\/www.fatosefotosnews.com.br\/?p=37204#breadcrumb"},"inLanguage":"pt-BR","potentialAction":[{"@type":"ReadAction","target":["https:\/\/www.fatosefotosnews.com.br\/?p=37204"]}]},{"@type":"ImageObject","inLanguage":"pt-BR","@id":"https:\/\/www.fatosefotosnews.com.br\/?p=37204#primaryimage","url":"https:\/\/www.fatosefotosnews.com.br\/wp-content\/uploads\/2023\/06\/8b8c8a097ceb60814fd445655046bb82.jpeg","contentUrl":"https:\/\/www.fatosefotosnews.com.br\/wp-content\/uploads\/2023\/06\/8b8c8a097ceb60814fd445655046bb82.jpeg","width":1024,"height":576,"caption":"Senado Federal Casa Verde e Amarela substituiu o Minha Casa, Minha Vida, durante a gest\u00e3o Bolsonaro"},{"@type":"BreadcrumbList","@id":"https:\/\/www.fatosefotosnews.com.br\/?p=37204#breadcrumb","itemListElement":[{"@type":"ListItem","position":1,"name":"In\u00edcio","item":"https:\/\/www.fatosefotosnews.com.br\/"},{"@type":"ListItem","position":2,"name":"C\u00e2mara aprova MP do Minha Casa, Minha Vida sem exclusividade da Caixa"}]},{"@type":"WebSite","@id":"https:\/\/www.fatosefotosnews.com.br\/#website","url":"https:\/\/www.fatosefotosnews.com.br\/","name":"Fatos e Fotos News","description":"Um site de noticial verdadeira e confi\u00e1veis.","publisher":{"@id":"https:\/\/www.fatosefotosnews.com.br\/#organization"},"potentialAction":[{"@type":"SearchAction","target":{"@type":"EntryPoint","urlTemplate":"https:\/\/www.fatosefotosnews.com.br\/?s={search_term_string}"},"query-input":{"@type":"PropertyValueSpecification","valueRequired":true,"valueName":"search_term_string"}}],"inLanguage":"pt-BR"},{"@type":"Organization","@id":"https:\/\/www.fatosefotosnews.com.br\/#organization","name":"Fatos e Fotos News","url":"https:\/\/www.fatosefotosnews.com.br\/","logo":{"@type":"ImageObject","inLanguage":"pt-BR","@id":"https:\/\/www.fatosefotosnews.com.br\/#\/schema\/logo\/image\/","url":"https:\/\/www.fatosefotosnews.com.br\/wp-content\/uploads\/2023\/02\/Fatos-e-Fotos-news-logo.png","contentUrl":"https:\/\/www.fatosefotosnews.com.br\/wp-content\/uploads\/2023\/02\/Fatos-e-Fotos-news-logo.png","width":300,"height":58,"caption":"Fatos e Fotos News"},"image":{"@id":"https:\/\/www.fatosefotosnews.com.br\/#\/schema\/logo\/image\/"}},{"@type":"Person","@id":"https:\/\/www.fatosefotosnews.com.br\/#\/schema\/person\/3b80f81d08670fb1f6690e07eb8b5dc6","name":"Da Reda\u00e7\u00e3o","image":{"@type":"ImageObject","inLanguage":"pt-BR","@id":"https:\/\/secure.gravatar.com\/avatar\/696d39935a657bf0fc95044dbc9f912520430a0eb6dd46c85dd97eb6483b249b?s=96&d=mm&r=g","url":"https:\/\/secure.gravatar.com\/avatar\/696d39935a657bf0fc95044dbc9f912520430a0eb6dd46c85dd97eb6483b249b?s=96&d=mm&r=g","contentUrl":"https:\/\/secure.gravatar.com\/avatar\/696d39935a657bf0fc95044dbc9f912520430a0eb6dd46c85dd97eb6483b249b?s=96&d=mm&r=g","caption":"Da Reda\u00e7\u00e3o"},"url":"https:\/\/www.fatosefotosnews.com.br\/?author=5"}]}},"jetpack_publicize_connections":[],"blog_post_layout_featured_media_urls":{"thumbnail":["https:\/\/www.fatosefotosnews.com.br\/wp-content\/uploads\/2023\/06\/8b8c8a097ceb60814fd445655046bb82-150x150.jpeg",150,150,true],"full":["https:\/\/www.fatosefotosnews.com.br\/wp-content\/uploads\/2023\/06\/8b8c8a097ceb60814fd445655046bb82.jpeg",1024,576,false]},"categories_names":{"167":{"name":"Geral","link":"https:\/\/www.fatosefotosnews.com.br\/?cat=167"}},"tags_names":{"2000":{"name":"aprova","link":"https:\/\/www.fatosefotosnews.com.br\/?tag=aprova"},"534":{"name":"caixa","link":"https:\/\/www.fatosefotosnews.com.br\/?tag=caixa"},"418":{"name":"camara","link":"https:\/\/www.fatosefotosnews.com.br\/?tag=camara"},"10451":{"name":"exclusividade","link":"https:\/\/www.fatosefotosnews.com.br\/?tag=exclusividade"},"608":{"name":"minha","link":"https:\/\/www.fatosefotosnews.com.br\/?tag=minha"}},"comments_number":"0","wpmagazine_modules_lite_featured_media_urls":{"thumbnail":["https:\/\/www.fatosefotosnews.com.br\/wp-content\/uploads\/2023\/06\/8b8c8a097ceb60814fd445655046bb82-150x150.jpeg",150,150,true],"cvmm-medium":["https:\/\/www.fatosefotosnews.com.br\/wp-content\/uploads\/2023\/06\/8b8c8a097ceb60814fd445655046bb82-300x300.jpeg",300,300,true],"cvmm-medium-plus":["https:\/\/www.fatosefotosnews.com.br\/wp-content\/uploads\/2023\/06\/8b8c8a097ceb60814fd445655046bb82-305x207.jpeg",305,207,true],"cvmm-portrait":["https:\/\/www.fatosefotosnews.com.br\/wp-content\/uploads\/2023\/06\/8b8c8a097ceb60814fd445655046bb82-400x576.jpeg",400,576,true],"cvmm-medium-square":["https:\/\/www.fatosefotosnews.com.br\/wp-content\/uploads\/2023\/06\/8b8c8a097ceb60814fd445655046bb82-600x576.jpeg",600,576,true],"cvmm-large":["https:\/\/www.fatosefotosnews.com.br\/wp-content\/uploads\/2023\/06\/8b8c8a097ceb60814fd445655046bb82.jpeg",1024,576,false],"cvmm-small":["https:\/\/www.fatosefotosnews.com.br\/wp-content\/uploads\/2023\/06\/8b8c8a097ceb60814fd445655046bb82-130x95.jpeg",130,95,true],"full":["https:\/\/www.fatosefotosnews.com.br\/wp-content\/uploads\/2023\/06\/8b8c8a097ceb60814fd445655046bb82.jpeg",1024,576,false]},"_links":{"self":[{"href":"https:\/\/www.fatosefotosnews.com.br\/index.php?rest_route=\/wp\/v2\/posts\/37204","targetHints":{"allow":["GET"]}}],"collection":[{"href":"https:\/\/www.fatosefotosnews.com.br\/index.php?rest_route=\/wp\/v2\/posts"}],"about":[{"href":"https:\/\/www.fatosefotosnews.com.br\/index.php?rest_route=\/wp\/v2\/types\/post"}],"author":[{"embeddable":true,"href":"https:\/\/www.fatosefotosnews.com.br\/index.php?rest_route=\/wp\/v2\/users\/5"}],"replies":[{"embeddable":true,"href":"https:\/\/www.fatosefotosnews.com.br\/index.php?rest_route=%2Fwp%2Fv2%2Fcomments&post=37204"}],"version-history":[{"count":0,"href":"https:\/\/www.fatosefotosnews.com.br\/index.php?rest_route=\/wp\/v2\/posts\/37204\/revisions"}],"wp:featuredmedia":[{"embeddable":true,"href":"https:\/\/www.fatosefotosnews.com.br\/index.php?rest_route=\/wp\/v2\/media\/37205"}],"wp:attachment":[{"href":"https:\/\/www.fatosefotosnews.com.br\/index.php?rest_route=%2Fwp%2Fv2%2Fmedia&parent=37204"}],"wp:term":[{"taxonomy":"category","embeddable":true,"href":"https:\/\/www.fatosefotosnews.com.br\/index.php?rest_route=%2Fwp%2Fv2%2Fcategories&post=37204"},{"taxonomy":"post_tag","embeddable":true,"href":"https:\/\/www.fatosefotosnews.com.br\/index.php?rest_route=%2Fwp%2Fv2%2Ftags&post=37204"}],"curies":[{"name":"wp","href":"https:\/\/api.w.org\/{rel}","templated":true}]}}