{"id":44785,"date":"2023-07-28T11:17:40","date_gmt":"2023-07-28T14:17:40","guid":{"rendered":"https:\/\/www.fatosefotosnews.com.br\/inflacao-do-aluguel-cai-pelo-quarto-mes-seguido\/"},"modified":"2023-07-28T11:17:40","modified_gmt":"2023-07-28T14:17:40","slug":"inflacao-do-aluguel-cai-pelo-quarto-mes-seguido","status":"publish","type":"post","link":"https:\/\/www.fatosefotosnews.com.br\/?p=44785","title":{"rendered":"Infla\u00e7\u00e3o do aluguel\u00a0cai pelo quarto m\u00eas seguido"},"content":{"rendered":"<p>O \u00cdndice Geral de Pre\u00e7os \u2013 Mercado (IGP-M) apresentou em julho queda pelo quarto m\u00eas seguido. O \u00edndice calculado pelo Instituto Brasileiro de Economia da Funda\u00e7\u00e3o Getulio Vargas (FGV Ibre), recuou 0,72%. No ano, o IGP-M acumula defla\u00e7\u00e3o (queda de pre\u00e7os)\u00a0de 5,15%. Em 12 meses, a queda \u00e9 de 7,72%.\u00a0<img decoding=\"async\" src=\"https:\/\/agenciabrasil.ebc.com.br\/ebc.png?id=1546062&#038;o=node\" style=\"width:1px;height:1px\"><img decoding=\"async\" src=\"https:\/\/agenciabrasil.ebc.com.br\/ebc.gif?id=1546062&#038;o=node\" style=\"width:1px;height:1px\"><\/p>\n<p>O resultado mostra um comportamento de desinfla\u00e7\u00e3o na economia brasileira. Em julho do ano passado, o IGP-M acumulado de 12 meses era positivo em 10,08%.\u00a0<\/p>\n<p>O IGP-M \u00e9 a m\u00e9dia aritm\u00e9tica ponderada de tr\u00eas \u00edndices de pre\u00e7os: \u00cdndice de Pre\u00e7os ao Produtor Amplo (IPA), \u00cdndice de Pre\u00e7os ao Consumidor (IPC) e \u00cdndice Nacional de Custo da Constru\u00e7\u00e3o (INCC), e revela o comportamento dos pre\u00e7os de produtos e servi\u00e7os mais relevantes para produtor, consumidor e constru\u00e7\u00e3o civil.\u00a0\u00a0\u00a0\u00a0\u00a0\u00a0\u00a0\u00a0\u00a0<\/p>\n<h2>Influ\u00eancias<\/h2>\n<p>O resultado do IPA (-1,05%) foi o que mais pressionou para baixo o IGP-M de julho. \u201cO IPA continua registrando defla\u00e7\u00e3o em seus principais grupos, movimento que permanece influenciando o resultado do IGP. No entanto, a intensidade destes movimentos est\u00e1 arrefecendo, pois importantes mat\u00e9rias-primas brutas come\u00e7aram a registrar varia\u00e7\u00f5es positivas ou menos negativas, como o min\u00e9rio de ferro (de -2,21% para 2,96%), os su\u00ednos (de -7,03% para 3,46%) e o milho (de -14,85% para -4,95%)\u201d, detalha Andr\u00e9 Braz, coordenador da pesquisa.\u00a0<\/p>\n<p>O IPC variou 0,11% em julho. Quatro das oito classes de despesa pesquisadas apresentaram alta. A maior contribui\u00e7\u00e3o veio do grupo transportes &#8211; a varia\u00e7\u00e3o passou de -1,68% para 0,70%. O item gasolina variou este m\u00eas 3,65%, depois de ter sido de -3% em junho.\u00a0<\/p>\n<p>O INCC variou 0,06% em julho, ap\u00f3s alta de 0,85% no m\u00eas anterior.\u00a0<\/p>\n<p>O IGP-M \u00e9 conhecido como infla\u00e7\u00e3o do aluguel, pois costuma ser utilizado para reajustar anualmente os contratos de moradia. O indicador tamb\u00e9m \u00e9 utilizado como indexador de contratos de empresas de servi\u00e7o, como energia el\u00e9trica, telefonia, educa\u00e7\u00e3o e planos de sa\u00fade.\u00a0<\/p>\n<p id=\"infocoweb_fonte\" class=\"infocoweb_fonte\">Fonte: <a target=\"_blank\" href=\"https:\/\/agenciabrasil.ebc.com.br\/economia\/noticia\/2023-07\/inflacao-do-aluguel-cai-pelo-quarto-mes-seguido#824c95fc-7f0b-4627-aac9-986ea689477a\" rel=\"noopener\">EBC Economia<\/a><\/p>\n","protected":false},"excerpt":{"rendered":"<p>O \u00cdndice Geral de Pre\u00e7os \u2013 Mercado (IGP-M) apresentou em julho queda pelo quarto m\u00eas seguido. O \u00edndice calculado pelo Instituto Brasileiro de Economia da Funda\u00e7\u00e3o Getulio Vargas (FGV Ibre), recuou 0,72%. No ano, o IGP-M acumula defla\u00e7\u00e3o (queda de pre\u00e7os)\u00a0de 5,15%. Em 12 meses, a queda \u00e9 de 7,72%.\u00a0 O resultado mostra um comportamento [&hellip;]<\/p>\n","protected":false},"author":5,"featured_media":0,"comment_status":"open","ping_status":"open","sticky":false,"template":"","format":"standard","meta":{"_acf_changed":false,"_angie_page":false,"_monsterinsights_skip_tracking":false,"_themeisle_gutenberg_block_has_review":false,"page_builder":"","footnotes":"","jetpack_publicize_message":"","jetpack_publicize_feature_enabled":true,"jetpack_social_post_already_shared":false,"jetpack_social_options":{"image_generator_settings":{"template":"highway","default_image_id":0,"font":"","enabled":false},"version":2}},"categories":[167],"tags":[3069,1026,2569,8886],"class_list":["post-44785","post","type-post","status-publish","format-standard","hentry","category-geral","tag-aluguel","tag-infla","tag-quarto","tag-seguido"],"acf":[],"nelio_content":{"autoShareEndMode":"never","automationSources":{"useCustomSentences":false,"customSentences":[]},"efiAlt":"","efiUrl":"","followers":[5],"highlights":[],"isAutoShareEnabled":true,"networkImageIds":[],"permalinkQueryArgs":[],"series":[],"suggestedReferences":[]},"yoast_head":"<!-- This site is optimized with the Yoast SEO plugin v28.3 - https:\/\/yoast.com\/product\/yoast-seo-wordpress\/ -->\n<title>Infla\u00e7\u00e3o do aluguel\u00a0cai pelo quarto m\u00eas seguido<\/title>\n<meta name=\"description\" content=\"Infla\u00e7\u00e3o do aluguel\u00a0cai pelo quarto m\u00eas seguido\" \/>\n<meta name=\"robots\" content=\"index, follow, max-snippet:-1, max-image-preview:large, max-video-preview:-1\" \/>\n<link rel=\"canonical\" href=\"https:\/\/www.fatosefotosnews.com.br\/?p=44785\" \/>\n<meta property=\"og:locale\" content=\"pt_BR\" \/>\n<meta property=\"og:type\" content=\"article\" \/>\n<meta property=\"og:title\" content=\"Infla\u00e7\u00e3o do aluguel\u00a0cai pelo quarto m\u00eas seguido\" \/>\n<meta property=\"og:description\" content=\"Infla\u00e7\u00e3o do aluguel\u00a0cai pelo quarto m\u00eas seguido\" \/>\n<meta property=\"og:url\" content=\"https:\/\/www.fatosefotosnews.com.br\/?p=44785\" \/>\n<meta property=\"og:site_name\" content=\"Fatos e Fotos News\" \/>\n<meta property=\"article:published_time\" content=\"2023-07-28T14:17:40+00:00\" \/>\n<meta property=\"og:image\" content=\"https:\/\/agenciabrasil.ebc.com.br\/ebc.png?id=1546062&o=node\" \/>\n<meta name=\"author\" content=\"Da Reda\u00e7\u00e3o\" \/>\n<meta name=\"twitter:card\" content=\"summary_large_image\" \/>\n<meta name=\"twitter:label1\" content=\"Escrito por\" \/>\n\t<meta name=\"twitter:data1\" content=\"Da Reda\u00e7\u00e3o\" \/>\n\t<meta name=\"twitter:label2\" content=\"Est. tempo de leitura\" \/>\n\t<meta name=\"twitter:data2\" content=\"99 minutos\" \/>\n<script type=\"application\/ld+json\" class=\"yoast-schema-graph\">{\"@context\":\"https:\\\/\\\/schema.org\",\"@graph\":[{\"@type\":\"Article\",\"@id\":\"https:\\\/\\\/www.fatosefotosnews.com.br\\\/?p=44785#article\",\"isPartOf\":{\"@id\":\"https:\\\/\\\/www.fatosefotosnews.com.br\\\/?p=44785\"},\"author\":{\"name\":\"Da Reda\u00e7\u00e3o\",\"@id\":\"https:\\\/\\\/www.fatosefotosnews.com.br\\\/#\\\/schema\\\/person\\\/3b80f81d08670fb1f6690e07eb8b5dc6\"},\"headline\":\"Infla\u00e7\u00e3o do aluguel\u00a0cai pelo quarto m\u00eas seguido\",\"datePublished\":\"2023-07-28T14:17:40+00:00\",\"mainEntityOfPage\":{\"@id\":\"https:\\\/\\\/www.fatosefotosnews.com.br\\\/?p=44785\"},\"wordCount\":337,\"commentCount\":0,\"publisher\":{\"@id\":\"https:\\\/\\\/www.fatosefotosnews.com.br\\\/#organization\"},\"image\":{\"@id\":\"https:\\\/\\\/www.fatosefotosnews.com.br\\\/?p=44785#primaryimage\"},\"thumbnailUrl\":\"https:\\\/\\\/agenciabrasil.ebc.com.br\\\/ebc.png?id=1546062&o=node\",\"keywords\":[\"aluguel\",\"infla\",\"quarto\",\"seguido\"],\"articleSection\":[\"Geral\"],\"inLanguage\":\"pt-BR\",\"potentialAction\":[{\"@type\":\"CommentAction\",\"name\":\"Comment\",\"target\":[\"https:\\\/\\\/www.fatosefotosnews.com.br\\\/?p=44785#respond\"]}]},{\"@type\":\"WebPage\",\"@id\":\"https:\\\/\\\/www.fatosefotosnews.com.br\\\/?p=44785\",\"url\":\"https:\\\/\\\/www.fatosefotosnews.com.br\\\/?p=44785\",\"name\":\"Infla\u00e7\u00e3o do aluguel\u00a0cai pelo quarto m\u00eas seguido\",\"isPartOf\":{\"@id\":\"https:\\\/\\\/www.fatosefotosnews.com.br\\\/#website\"},\"primaryImageOfPage\":{\"@id\":\"https:\\\/\\\/www.fatosefotosnews.com.br\\\/?p=44785#primaryimage\"},\"image\":{\"@id\":\"https:\\\/\\\/www.fatosefotosnews.com.br\\\/?p=44785#primaryimage\"},\"thumbnailUrl\":\"https:\\\/\\\/agenciabrasil.ebc.com.br\\\/ebc.png?id=1546062&o=node\",\"datePublished\":\"2023-07-28T14:17:40+00:00\",\"description\":\"Infla\u00e7\u00e3o do aluguel\u00a0cai pelo quarto m\u00eas seguido\",\"breadcrumb\":{\"@id\":\"https:\\\/\\\/www.fatosefotosnews.com.br\\\/?p=44785#breadcrumb\"},\"inLanguage\":\"pt-BR\",\"potentialAction\":[{\"@type\":\"ReadAction\",\"target\":[\"https:\\\/\\\/www.fatosefotosnews.com.br\\\/?p=44785\"]}]},{\"@type\":\"ImageObject\",\"inLanguage\":\"pt-BR\",\"@id\":\"https:\\\/\\\/www.fatosefotosnews.com.br\\\/?p=44785#primaryimage\",\"url\":\"https:\\\/\\\/agenciabrasil.ebc.com.br\\\/ebc.png?id=1546062&o=node\",\"contentUrl\":\"https:\\\/\\\/agenciabrasil.ebc.com.br\\\/ebc.png?id=1546062&o=node\"},{\"@type\":\"BreadcrumbList\",\"@id\":\"https:\\\/\\\/www.fatosefotosnews.com.br\\\/?p=44785#breadcrumb\",\"itemListElement\":[{\"@type\":\"ListItem\",\"position\":1,\"name\":\"In\u00edcio\",\"item\":\"https:\\\/\\\/www.fatosefotosnews.com.br\\\/\"},{\"@type\":\"ListItem\",\"position\":2,\"name\":\"Infla\u00e7\u00e3o do aluguel\u00a0cai pelo quarto m\u00eas seguido\"}]},{\"@type\":\"WebSite\",\"@id\":\"https:\\\/\\\/www.fatosefotosnews.com.br\\\/#website\",\"url\":\"https:\\\/\\\/www.fatosefotosnews.com.br\\\/\",\"name\":\"Fatos e Fotos News\",\"description\":\"Um site de noticial verdadeira e confi\u00e1veis.\",\"publisher\":{\"@id\":\"https:\\\/\\\/www.fatosefotosnews.com.br\\\/#organization\"},\"potentialAction\":[{\"@type\":\"SearchAction\",\"target\":{\"@type\":\"EntryPoint\",\"urlTemplate\":\"https:\\\/\\\/www.fatosefotosnews.com.br\\\/?s={search_term_string}\"},\"query-input\":{\"@type\":\"PropertyValueSpecification\",\"valueRequired\":true,\"valueName\":\"search_term_string\"}}],\"inLanguage\":\"pt-BR\"},{\"@type\":\"Organization\",\"@id\":\"https:\\\/\\\/www.fatosefotosnews.com.br\\\/#organization\",\"name\":\"Fatos e Fotos News\",\"url\":\"https:\\\/\\\/www.fatosefotosnews.com.br\\\/\",\"logo\":{\"@type\":\"ImageObject\",\"inLanguage\":\"pt-BR\",\"@id\":\"https:\\\/\\\/www.fatosefotosnews.com.br\\\/#\\\/schema\\\/logo\\\/image\\\/\",\"url\":\"https:\\\/\\\/www.fatosefotosnews.com.br\\\/wp-content\\\/uploads\\\/2023\\\/02\\\/Fatos-e-Fotos-news-logo.png\",\"contentUrl\":\"https:\\\/\\\/www.fatosefotosnews.com.br\\\/wp-content\\\/uploads\\\/2023\\\/02\\\/Fatos-e-Fotos-news-logo.png\",\"width\":300,\"height\":58,\"caption\":\"Fatos e Fotos News\"},\"image\":{\"@id\":\"https:\\\/\\\/www.fatosefotosnews.com.br\\\/#\\\/schema\\\/logo\\\/image\\\/\"}},{\"@type\":\"Person\",\"@id\":\"https:\\\/\\\/www.fatosefotosnews.com.br\\\/#\\\/schema\\\/person\\\/3b80f81d08670fb1f6690e07eb8b5dc6\",\"name\":\"Da Reda\u00e7\u00e3o\",\"image\":{\"@type\":\"ImageObject\",\"inLanguage\":\"pt-BR\",\"@id\":\"https:\\\/\\\/secure.gravatar.com\\\/avatar\\\/696d39935a657bf0fc95044dbc9f912520430a0eb6dd46c85dd97eb6483b249b?s=96&d=mm&r=g\",\"url\":\"https:\\\/\\\/secure.gravatar.com\\\/avatar\\\/696d39935a657bf0fc95044dbc9f912520430a0eb6dd46c85dd97eb6483b249b?s=96&d=mm&r=g\",\"contentUrl\":\"https:\\\/\\\/secure.gravatar.com\\\/avatar\\\/696d39935a657bf0fc95044dbc9f912520430a0eb6dd46c85dd97eb6483b249b?s=96&d=mm&r=g\",\"caption\":\"Da Reda\u00e7\u00e3o\"},\"url\":\"https:\\\/\\\/www.fatosefotosnews.com.br\\\/?author=5\"}]}<\/script>\n<!-- \/ Yoast SEO plugin. -->","yoast_head_json":{"title":"Infla\u00e7\u00e3o do aluguel\u00a0cai pelo quarto m\u00eas seguido","description":"Infla\u00e7\u00e3o do aluguel\u00a0cai pelo quarto m\u00eas seguido","robots":{"index":"index","follow":"follow","max-snippet":"max-snippet:-1","max-image-preview":"max-image-preview:large","max-video-preview":"max-video-preview:-1"},"canonical":"https:\/\/www.fatosefotosnews.com.br\/?p=44785","og_locale":"pt_BR","og_type":"article","og_title":"Infla\u00e7\u00e3o do aluguel\u00a0cai pelo quarto m\u00eas seguido","og_description":"Infla\u00e7\u00e3o do aluguel\u00a0cai pelo quarto m\u00eas seguido","og_url":"https:\/\/www.fatosefotosnews.com.br\/?p=44785","og_site_name":"Fatos e Fotos News","article_published_time":"2023-07-28T14:17:40+00:00","og_image":[{"url":"https:\/\/agenciabrasil.ebc.com.br\/ebc.png?id=1546062&o=node","type":"","width":"","height":""}],"author":"Da Reda\u00e7\u00e3o","twitter_card":"summary_large_image","twitter_misc":{"Escrito por":"Da Reda\u00e7\u00e3o","Est. tempo de leitura":"99 minutos"},"schema":{"@context":"https:\/\/schema.org","@graph":[{"@type":"Article","@id":"https:\/\/www.fatosefotosnews.com.br\/?p=44785#article","isPartOf":{"@id":"https:\/\/www.fatosefotosnews.com.br\/?p=44785"},"author":{"name":"Da Reda\u00e7\u00e3o","@id":"https:\/\/www.fatosefotosnews.com.br\/#\/schema\/person\/3b80f81d08670fb1f6690e07eb8b5dc6"},"headline":"Infla\u00e7\u00e3o do aluguel\u00a0cai pelo quarto m\u00eas seguido","datePublished":"2023-07-28T14:17:40+00:00","mainEntityOfPage":{"@id":"https:\/\/www.fatosefotosnews.com.br\/?p=44785"},"wordCount":337,"commentCount":0,"publisher":{"@id":"https:\/\/www.fatosefotosnews.com.br\/#organization"},"image":{"@id":"https:\/\/www.fatosefotosnews.com.br\/?p=44785#primaryimage"},"thumbnailUrl":"https:\/\/agenciabrasil.ebc.com.br\/ebc.png?id=1546062&o=node","keywords":["aluguel","infla","quarto","seguido"],"articleSection":["Geral"],"inLanguage":"pt-BR","potentialAction":[{"@type":"CommentAction","name":"Comment","target":["https:\/\/www.fatosefotosnews.com.br\/?p=44785#respond"]}]},{"@type":"WebPage","@id":"https:\/\/www.fatosefotosnews.com.br\/?p=44785","url":"https:\/\/www.fatosefotosnews.com.br\/?p=44785","name":"Infla\u00e7\u00e3o do aluguel\u00a0cai pelo quarto m\u00eas seguido","isPartOf":{"@id":"https:\/\/www.fatosefotosnews.com.br\/#website"},"primaryImageOfPage":{"@id":"https:\/\/www.fatosefotosnews.com.br\/?p=44785#primaryimage"},"image":{"@id":"https:\/\/www.fatosefotosnews.com.br\/?p=44785#primaryimage"},"thumbnailUrl":"https:\/\/agenciabrasil.ebc.com.br\/ebc.png?id=1546062&o=node","datePublished":"2023-07-28T14:17:40+00:00","description":"Infla\u00e7\u00e3o do aluguel\u00a0cai pelo quarto m\u00eas seguido","breadcrumb":{"@id":"https:\/\/www.fatosefotosnews.com.br\/?p=44785#breadcrumb"},"inLanguage":"pt-BR","potentialAction":[{"@type":"ReadAction","target":["https:\/\/www.fatosefotosnews.com.br\/?p=44785"]}]},{"@type":"ImageObject","inLanguage":"pt-BR","@id":"https:\/\/www.fatosefotosnews.com.br\/?p=44785#primaryimage","url":"https:\/\/agenciabrasil.ebc.com.br\/ebc.png?id=1546062&o=node","contentUrl":"https:\/\/agenciabrasil.ebc.com.br\/ebc.png?id=1546062&o=node"},{"@type":"BreadcrumbList","@id":"https:\/\/www.fatosefotosnews.com.br\/?p=44785#breadcrumb","itemListElement":[{"@type":"ListItem","position":1,"name":"In\u00edcio","item":"https:\/\/www.fatosefotosnews.com.br\/"},{"@type":"ListItem","position":2,"name":"Infla\u00e7\u00e3o do aluguel\u00a0cai pelo quarto m\u00eas seguido"}]},{"@type":"WebSite","@id":"https:\/\/www.fatosefotosnews.com.br\/#website","url":"https:\/\/www.fatosefotosnews.com.br\/","name":"Fatos e Fotos News","description":"Um site de noticial verdadeira e confi\u00e1veis.","publisher":{"@id":"https:\/\/www.fatosefotosnews.com.br\/#organization"},"potentialAction":[{"@type":"SearchAction","target":{"@type":"EntryPoint","urlTemplate":"https:\/\/www.fatosefotosnews.com.br\/?s={search_term_string}"},"query-input":{"@type":"PropertyValueSpecification","valueRequired":true,"valueName":"search_term_string"}}],"inLanguage":"pt-BR"},{"@type":"Organization","@id":"https:\/\/www.fatosefotosnews.com.br\/#organization","name":"Fatos e Fotos News","url":"https:\/\/www.fatosefotosnews.com.br\/","logo":{"@type":"ImageObject","inLanguage":"pt-BR","@id":"https:\/\/www.fatosefotosnews.com.br\/#\/schema\/logo\/image\/","url":"https:\/\/www.fatosefotosnews.com.br\/wp-content\/uploads\/2023\/02\/Fatos-e-Fotos-news-logo.png","contentUrl":"https:\/\/www.fatosefotosnews.com.br\/wp-content\/uploads\/2023\/02\/Fatos-e-Fotos-news-logo.png","width":300,"height":58,"caption":"Fatos e Fotos News"},"image":{"@id":"https:\/\/www.fatosefotosnews.com.br\/#\/schema\/logo\/image\/"}},{"@type":"Person","@id":"https:\/\/www.fatosefotosnews.com.br\/#\/schema\/person\/3b80f81d08670fb1f6690e07eb8b5dc6","name":"Da Reda\u00e7\u00e3o","image":{"@type":"ImageObject","inLanguage":"pt-BR","@id":"https:\/\/secure.gravatar.com\/avatar\/696d39935a657bf0fc95044dbc9f912520430a0eb6dd46c85dd97eb6483b249b?s=96&d=mm&r=g","url":"https:\/\/secure.gravatar.com\/avatar\/696d39935a657bf0fc95044dbc9f912520430a0eb6dd46c85dd97eb6483b249b?s=96&d=mm&r=g","contentUrl":"https:\/\/secure.gravatar.com\/avatar\/696d39935a657bf0fc95044dbc9f912520430a0eb6dd46c85dd97eb6483b249b?s=96&d=mm&r=g","caption":"Da Reda\u00e7\u00e3o"},"url":"https:\/\/www.fatosefotosnews.com.br\/?author=5"}]}},"jetpack_publicize_connections":[],"blog_post_layout_featured_media_urls":{"thumbnail":"","full":""},"categories_names":{"167":{"name":"Geral","link":"https:\/\/www.fatosefotosnews.com.br\/?cat=167"}},"tags_names":{"3069":{"name":"aluguel","link":"https:\/\/www.fatosefotosnews.com.br\/?tag=aluguel"},"1026":{"name":"infla","link":"https:\/\/www.fatosefotosnews.com.br\/?tag=infla"},"2569":{"name":"quarto","link":"https:\/\/www.fatosefotosnews.com.br\/?tag=quarto"},"8886":{"name":"seguido","link":"https:\/\/www.fatosefotosnews.com.br\/?tag=seguido"}},"comments_number":"0","wpmagazine_modules_lite_featured_media_urls":{"thumbnail":"","cvmm-medium":"","cvmm-medium-plus":"","cvmm-portrait":"","cvmm-medium-square":"","cvmm-large":"","cvmm-small":"","full":""},"_links":{"self":[{"href":"https:\/\/www.fatosefotosnews.com.br\/index.php?rest_route=\/wp\/v2\/posts\/44785","targetHints":{"allow":["GET"]}}],"collection":[{"href":"https:\/\/www.fatosefotosnews.com.br\/index.php?rest_route=\/wp\/v2\/posts"}],"about":[{"href":"https:\/\/www.fatosefotosnews.com.br\/index.php?rest_route=\/wp\/v2\/types\/post"}],"author":[{"embeddable":true,"href":"https:\/\/www.fatosefotosnews.com.br\/index.php?rest_route=\/wp\/v2\/users\/5"}],"replies":[{"embeddable":true,"href":"https:\/\/www.fatosefotosnews.com.br\/index.php?rest_route=%2Fwp%2Fv2%2Fcomments&post=44785"}],"version-history":[{"count":0,"href":"https:\/\/www.fatosefotosnews.com.br\/index.php?rest_route=\/wp\/v2\/posts\/44785\/revisions"}],"wp:attachment":[{"href":"https:\/\/www.fatosefotosnews.com.br\/index.php?rest_route=%2Fwp%2Fv2%2Fmedia&parent=44785"}],"wp:term":[{"taxonomy":"category","embeddable":true,"href":"https:\/\/www.fatosefotosnews.com.br\/index.php?rest_route=%2Fwp%2Fv2%2Fcategories&post=44785"},{"taxonomy":"post_tag","embeddable":true,"href":"https:\/\/www.fatosefotosnews.com.br\/index.php?rest_route=%2Fwp%2Fv2%2Ftags&post=44785"}],"curies":[{"name":"wp","href":"https:\/\/api.w.org\/{rel}","templated":true}]}}