{"id":49394,"date":"2023-09-01T09:15:39","date_gmt":"2023-09-01T12:15:39","guid":{"rendered":"https:\/\/www.fatosefotosnews.com.br\/mprj-denuncia-motorista-que-matou-professor-de-educacao-fisica\/"},"modified":"2023-09-01T09:15:39","modified_gmt":"2023-09-01T12:15:39","slug":"mprj-denuncia-motorista-que-matou-professor-de-educacao-fisica","status":"publish","type":"post","link":"https:\/\/www.fatosefotosnews.com.br\/?p=49394","title":{"rendered":"MPRJ denuncia motorista que matou professor de educa\u00e7\u00e3o f\u00edsica"},"content":{"rendered":"<p>O Minist\u00e9rio P\u00fablico do Rio de Janeiro (MPRJ) denunciou \u00e0 Justi\u00e7a, por homic\u00eddio doloso\u00a0[quando h\u00e1 a inten\u00e7\u00e3o de matar], Marcus Vinicius Cardoso Fazenda. De acordo com a den\u00fancia, ele foi respons\u00e1vel pela morte do professor de educa\u00e7\u00e3o f\u00edsica\u00a0Hitallo Muller Azevedo dos Santos, 34 anos,\u00a0no dia 26 de julho deste ano, no Recreio dos Bandeirantes, quando\u00a0dirigia\u00a0seu carro pela contram\u00e3o, em alta velocidade. Com o choque, a\u00a0v\u00edtima,\u00a0que pilotava uma motocicleta, morreu na hora.<img decoding=\"async\" src=\"https:\/\/agenciabrasil.ebc.com.br\/ebc.png?id=1552591&#038;o=node\" style=\"width:1px;height:1px\"><img decoding=\"async\" src=\"https:\/\/agenciabrasil.ebc.com.br\/ebc.gif?id=1552591&#038;o=node\" style=\"width:1px;height:1px\"><\/p>\n<p>Marcus Vinicius tamb\u00e9m foi denunciado por dirigir sob efeito de \u00e1lcool e por les\u00e3o corporal, uma vez que tamb\u00e9m atingiu um carro estacionado, ferindo o motorista que estava dentro do ve\u00edculo.\u00a0Hittalo era muito conhecido\u00a0por ser treinador da modelo e fisiculturista, Gracyanne Barbosa.<\/p>\n<p>A den\u00fancia relata que, no dia 26 de julho de 2023, por volta das 19h30, na altura do n\u00famero 14.800 da Avenida L\u00facio Costa, na praia da Reserva, Marcus conduzia seu ve\u00edculo em velocidade m\u00e9dia de 83,4 quil\u00f4metros por hora (km\/h) &#8211;\u00a0quando a m\u00e1xima permitida na via era de 60 km\/h -,\u00a0na contram\u00e3o e sob efeito de \u00e1lcool, quando bateu na motocicleta. Ap\u00f3s a batida, o carro\u00a0chocou-se contra outro ve\u00edculo, que estava estacionado pr\u00f3ximo ao local do acidente, causando ferimentos no motorista.\u00a0<\/p>\n<p>As investiga\u00e7\u00f5es mostraram\u00a0que a viol\u00eancia do choque foi t\u00e3o grande que a motocicleta foi arrastada por cerca de 18 metros, e o ve\u00edculo dirigido pelo denunciado s\u00f3 parou 21 metros ap\u00f3s a batida.<\/p>\n<p id=\"infocoweb_fonte\" class=\"infocoweb_fonte\">Fonte: <a target=\"_blank\" href=\"https:\/\/agenciabrasil.ebc.com.br\/geral\/noticia\/2023-09\/mprj-denuncia-motorista-que-matou-professor-de-educacao-fisica#385420a6-7c33-4612-a24a-379b48500543\" rel=\"noopener\">EBC GERAL<\/a><\/p>\n","protected":false},"excerpt":{"rendered":"<p>O Minist\u00e9rio P\u00fablico do Rio de Janeiro (MPRJ) denunciou \u00e0 Justi\u00e7a, por homic\u00eddio doloso\u00a0[quando h\u00e1 a inten\u00e7\u00e3o de matar], Marcus Vinicius Cardoso Fazenda. De acordo com a den\u00fancia, ele foi respons\u00e1vel pela morte do professor de educa\u00e7\u00e3o f\u00edsica\u00a0Hitallo Muller Azevedo dos Santos, 34 anos,\u00a0no dia 26 de julho deste ano, no Recreio dos Bandeirantes, quando\u00a0dirigia\u00a0seu [&hellip;]<\/p>\n","protected":false},"author":5,"featured_media":0,"comment_status":"open","ping_status":"open","sticky":false,"template":"","format":"standard","meta":{"_acf_changed":false,"_angie_page":false,"_monsterinsights_skip_tracking":false,"_themeisle_gutenberg_block_has_review":false,"page_builder":"","footnotes":"","jetpack_publicize_message":"","jetpack_publicize_feature_enabled":true,"jetpack_social_post_already_shared":false,"jetpack_social_options":{"image_generator_settings":{"template":"highway","default_image_id":0,"font":"","enabled":false},"version":2}},"categories":[167],"tags":[1186,2050,1336,3035,656,6494],"class_list":["post-49394","post","type-post","status-publish","format-standard","hentry","category-geral","tag-denuncia","tag-educa","tag-fisica","tag-matou","tag-motorista","tag-professor"],"acf":[],"nelio_content":{"autoShareEndMode":"never","automationSources":{"useCustomSentences":false,"customSentences":[]},"efiAlt":"","efiUrl":"","followers":[5],"highlights":[],"isAutoShareEnabled":true,"networkImageIds":[],"permalinkQueryArgs":[],"series":[],"suggestedReferences":[]},"yoast_head":"<!-- This site is optimized with the Yoast SEO plugin v28.3 - https:\/\/yoast.com\/product\/yoast-seo-wordpress\/ -->\n<title>MPRJ denuncia motorista que matou professor de educa\u00e7\u00e3o f\u00edsica<\/title>\n<meta name=\"description\" content=\"MPRJ denuncia motorista que matou professor de educa\u00e7\u00e3o f\u00edsica\" \/>\n<meta name=\"robots\" content=\"index, follow, max-snippet:-1, max-image-preview:large, max-video-preview:-1\" \/>\n<link rel=\"canonical\" href=\"https:\/\/www.fatosefotosnews.com.br\/?p=49394\" \/>\n<meta property=\"og:locale\" content=\"pt_BR\" \/>\n<meta property=\"og:type\" content=\"article\" \/>\n<meta property=\"og:title\" content=\"MPRJ denuncia motorista que matou professor de educa\u00e7\u00e3o f\u00edsica\" \/>\n<meta property=\"og:description\" content=\"MPRJ denuncia motorista que matou professor de educa\u00e7\u00e3o f\u00edsica\" \/>\n<meta property=\"og:url\" content=\"https:\/\/www.fatosefotosnews.com.br\/?p=49394\" \/>\n<meta property=\"og:site_name\" content=\"Fatos e Fotos News\" \/>\n<meta property=\"article:published_time\" content=\"2023-09-01T12:15:39+00:00\" \/>\n<meta property=\"og:image\" content=\"https:\/\/agenciabrasil.ebc.com.br\/ebc.png?id=1552591&o=node\" \/>\n<meta name=\"author\" content=\"Da Reda\u00e7\u00e3o\" \/>\n<meta name=\"twitter:card\" content=\"summary_large_image\" \/>\n<meta name=\"twitter:label1\" content=\"Escrito por\" \/>\n\t<meta name=\"twitter:data1\" content=\"Da Reda\u00e7\u00e3o\" \/>\n\t<meta name=\"twitter:label2\" content=\"Est. tempo de leitura\" \/>\n\t<meta name=\"twitter:data2\" content=\"99 minutos\" \/>\n<script type=\"application\/ld+json\" class=\"yoast-schema-graph\">{\"@context\":\"https:\\\/\\\/schema.org\",\"@graph\":[{\"@type\":\"Article\",\"@id\":\"https:\\\/\\\/www.fatosefotosnews.com.br\\\/?p=49394#article\",\"isPartOf\":{\"@id\":\"https:\\\/\\\/www.fatosefotosnews.com.br\\\/?p=49394\"},\"author\":{\"name\":\"Da Reda\u00e7\u00e3o\",\"@id\":\"https:\\\/\\\/www.fatosefotosnews.com.br\\\/#\\\/schema\\\/person\\\/3b80f81d08670fb1f6690e07eb8b5dc6\"},\"headline\":\"MPRJ denuncia motorista que matou professor de educa\u00e7\u00e3o f\u00edsica\",\"datePublished\":\"2023-09-01T12:15:39+00:00\",\"mainEntityOfPage\":{\"@id\":\"https:\\\/\\\/www.fatosefotosnews.com.br\\\/?p=49394\"},\"wordCount\":278,\"commentCount\":0,\"publisher\":{\"@id\":\"https:\\\/\\\/www.fatosefotosnews.com.br\\\/#organization\"},\"image\":{\"@id\":\"https:\\\/\\\/www.fatosefotosnews.com.br\\\/?p=49394#primaryimage\"},\"thumbnailUrl\":\"https:\\\/\\\/agenciabrasil.ebc.com.br\\\/ebc.png?id=1552591&o=node\",\"keywords\":[\"denuncia\",\"educa\",\"fisica\",\"matou\",\"motorista\",\"professor\"],\"articleSection\":[\"Geral\"],\"inLanguage\":\"pt-BR\",\"potentialAction\":[{\"@type\":\"CommentAction\",\"name\":\"Comment\",\"target\":[\"https:\\\/\\\/www.fatosefotosnews.com.br\\\/?p=49394#respond\"]}]},{\"@type\":\"WebPage\",\"@id\":\"https:\\\/\\\/www.fatosefotosnews.com.br\\\/?p=49394\",\"url\":\"https:\\\/\\\/www.fatosefotosnews.com.br\\\/?p=49394\",\"name\":\"MPRJ denuncia motorista que matou professor de educa\u00e7\u00e3o f\u00edsica\",\"isPartOf\":{\"@id\":\"https:\\\/\\\/www.fatosefotosnews.com.br\\\/#website\"},\"primaryImageOfPage\":{\"@id\":\"https:\\\/\\\/www.fatosefotosnews.com.br\\\/?p=49394#primaryimage\"},\"image\":{\"@id\":\"https:\\\/\\\/www.fatosefotosnews.com.br\\\/?p=49394#primaryimage\"},\"thumbnailUrl\":\"https:\\\/\\\/agenciabrasil.ebc.com.br\\\/ebc.png?id=1552591&o=node\",\"datePublished\":\"2023-09-01T12:15:39+00:00\",\"description\":\"MPRJ denuncia motorista que matou professor de educa\u00e7\u00e3o f\u00edsica\",\"breadcrumb\":{\"@id\":\"https:\\\/\\\/www.fatosefotosnews.com.br\\\/?p=49394#breadcrumb\"},\"inLanguage\":\"pt-BR\",\"potentialAction\":[{\"@type\":\"ReadAction\",\"target\":[\"https:\\\/\\\/www.fatosefotosnews.com.br\\\/?p=49394\"]}]},{\"@type\":\"ImageObject\",\"inLanguage\":\"pt-BR\",\"@id\":\"https:\\\/\\\/www.fatosefotosnews.com.br\\\/?p=49394#primaryimage\",\"url\":\"https:\\\/\\\/agenciabrasil.ebc.com.br\\\/ebc.png?id=1552591&o=node\",\"contentUrl\":\"https:\\\/\\\/agenciabrasil.ebc.com.br\\\/ebc.png?id=1552591&o=node\"},{\"@type\":\"BreadcrumbList\",\"@id\":\"https:\\\/\\\/www.fatosefotosnews.com.br\\\/?p=49394#breadcrumb\",\"itemListElement\":[{\"@type\":\"ListItem\",\"position\":1,\"name\":\"In\u00edcio\",\"item\":\"https:\\\/\\\/www.fatosefotosnews.com.br\\\/\"},{\"@type\":\"ListItem\",\"position\":2,\"name\":\"MPRJ denuncia motorista que matou professor de educa\u00e7\u00e3o f\u00edsica\"}]},{\"@type\":\"WebSite\",\"@id\":\"https:\\\/\\\/www.fatosefotosnews.com.br\\\/#website\",\"url\":\"https:\\\/\\\/www.fatosefotosnews.com.br\\\/\",\"name\":\"Fatos e Fotos News\",\"description\":\"Um site de noticial verdadeira e confi\u00e1veis.\",\"publisher\":{\"@id\":\"https:\\\/\\\/www.fatosefotosnews.com.br\\\/#organization\"},\"potentialAction\":[{\"@type\":\"SearchAction\",\"target\":{\"@type\":\"EntryPoint\",\"urlTemplate\":\"https:\\\/\\\/www.fatosefotosnews.com.br\\\/?s={search_term_string}\"},\"query-input\":{\"@type\":\"PropertyValueSpecification\",\"valueRequired\":true,\"valueName\":\"search_term_string\"}}],\"inLanguage\":\"pt-BR\"},{\"@type\":\"Organization\",\"@id\":\"https:\\\/\\\/www.fatosefotosnews.com.br\\\/#organization\",\"name\":\"Fatos e Fotos News\",\"url\":\"https:\\\/\\\/www.fatosefotosnews.com.br\\\/\",\"logo\":{\"@type\":\"ImageObject\",\"inLanguage\":\"pt-BR\",\"@id\":\"https:\\\/\\\/www.fatosefotosnews.com.br\\\/#\\\/schema\\\/logo\\\/image\\\/\",\"url\":\"https:\\\/\\\/www.fatosefotosnews.com.br\\\/wp-content\\\/uploads\\\/2023\\\/02\\\/Fatos-e-Fotos-news-logo.png\",\"contentUrl\":\"https:\\\/\\\/www.fatosefotosnews.com.br\\\/wp-content\\\/uploads\\\/2023\\\/02\\\/Fatos-e-Fotos-news-logo.png\",\"width\":300,\"height\":58,\"caption\":\"Fatos e Fotos News\"},\"image\":{\"@id\":\"https:\\\/\\\/www.fatosefotosnews.com.br\\\/#\\\/schema\\\/logo\\\/image\\\/\"}},{\"@type\":\"Person\",\"@id\":\"https:\\\/\\\/www.fatosefotosnews.com.br\\\/#\\\/schema\\\/person\\\/3b80f81d08670fb1f6690e07eb8b5dc6\",\"name\":\"Da Reda\u00e7\u00e3o\",\"image\":{\"@type\":\"ImageObject\",\"inLanguage\":\"pt-BR\",\"@id\":\"https:\\\/\\\/secure.gravatar.com\\\/avatar\\\/696d39935a657bf0fc95044dbc9f912520430a0eb6dd46c85dd97eb6483b249b?s=96&d=mm&r=g\",\"url\":\"https:\\\/\\\/secure.gravatar.com\\\/avatar\\\/696d39935a657bf0fc95044dbc9f912520430a0eb6dd46c85dd97eb6483b249b?s=96&d=mm&r=g\",\"contentUrl\":\"https:\\\/\\\/secure.gravatar.com\\\/avatar\\\/696d39935a657bf0fc95044dbc9f912520430a0eb6dd46c85dd97eb6483b249b?s=96&d=mm&r=g\",\"caption\":\"Da Reda\u00e7\u00e3o\"},\"url\":\"https:\\\/\\\/www.fatosefotosnews.com.br\\\/?author=5\"}]}<\/script>\n<!-- \/ Yoast SEO plugin. -->","yoast_head_json":{"title":"MPRJ denuncia motorista que matou professor de educa\u00e7\u00e3o f\u00edsica","description":"MPRJ denuncia motorista que matou professor de educa\u00e7\u00e3o f\u00edsica","robots":{"index":"index","follow":"follow","max-snippet":"max-snippet:-1","max-image-preview":"max-image-preview:large","max-video-preview":"max-video-preview:-1"},"canonical":"https:\/\/www.fatosefotosnews.com.br\/?p=49394","og_locale":"pt_BR","og_type":"article","og_title":"MPRJ denuncia motorista que matou professor de educa\u00e7\u00e3o f\u00edsica","og_description":"MPRJ denuncia motorista que matou professor de educa\u00e7\u00e3o f\u00edsica","og_url":"https:\/\/www.fatosefotosnews.com.br\/?p=49394","og_site_name":"Fatos e Fotos News","article_published_time":"2023-09-01T12:15:39+00:00","og_image":[{"url":"https:\/\/agenciabrasil.ebc.com.br\/ebc.png?id=1552591&o=node","type":"","width":"","height":""}],"author":"Da Reda\u00e7\u00e3o","twitter_card":"summary_large_image","twitter_misc":{"Escrito por":"Da Reda\u00e7\u00e3o","Est. tempo de leitura":"99 minutos"},"schema":{"@context":"https:\/\/schema.org","@graph":[{"@type":"Article","@id":"https:\/\/www.fatosefotosnews.com.br\/?p=49394#article","isPartOf":{"@id":"https:\/\/www.fatosefotosnews.com.br\/?p=49394"},"author":{"name":"Da Reda\u00e7\u00e3o","@id":"https:\/\/www.fatosefotosnews.com.br\/#\/schema\/person\/3b80f81d08670fb1f6690e07eb8b5dc6"},"headline":"MPRJ denuncia motorista que matou professor de educa\u00e7\u00e3o f\u00edsica","datePublished":"2023-09-01T12:15:39+00:00","mainEntityOfPage":{"@id":"https:\/\/www.fatosefotosnews.com.br\/?p=49394"},"wordCount":278,"commentCount":0,"publisher":{"@id":"https:\/\/www.fatosefotosnews.com.br\/#organization"},"image":{"@id":"https:\/\/www.fatosefotosnews.com.br\/?p=49394#primaryimage"},"thumbnailUrl":"https:\/\/agenciabrasil.ebc.com.br\/ebc.png?id=1552591&o=node","keywords":["denuncia","educa","fisica","matou","motorista","professor"],"articleSection":["Geral"],"inLanguage":"pt-BR","potentialAction":[{"@type":"CommentAction","name":"Comment","target":["https:\/\/www.fatosefotosnews.com.br\/?p=49394#respond"]}]},{"@type":"WebPage","@id":"https:\/\/www.fatosefotosnews.com.br\/?p=49394","url":"https:\/\/www.fatosefotosnews.com.br\/?p=49394","name":"MPRJ denuncia motorista que matou professor de educa\u00e7\u00e3o f\u00edsica","isPartOf":{"@id":"https:\/\/www.fatosefotosnews.com.br\/#website"},"primaryImageOfPage":{"@id":"https:\/\/www.fatosefotosnews.com.br\/?p=49394#primaryimage"},"image":{"@id":"https:\/\/www.fatosefotosnews.com.br\/?p=49394#primaryimage"},"thumbnailUrl":"https:\/\/agenciabrasil.ebc.com.br\/ebc.png?id=1552591&o=node","datePublished":"2023-09-01T12:15:39+00:00","description":"MPRJ denuncia motorista que matou professor de educa\u00e7\u00e3o f\u00edsica","breadcrumb":{"@id":"https:\/\/www.fatosefotosnews.com.br\/?p=49394#breadcrumb"},"inLanguage":"pt-BR","potentialAction":[{"@type":"ReadAction","target":["https:\/\/www.fatosefotosnews.com.br\/?p=49394"]}]},{"@type":"ImageObject","inLanguage":"pt-BR","@id":"https:\/\/www.fatosefotosnews.com.br\/?p=49394#primaryimage","url":"https:\/\/agenciabrasil.ebc.com.br\/ebc.png?id=1552591&o=node","contentUrl":"https:\/\/agenciabrasil.ebc.com.br\/ebc.png?id=1552591&o=node"},{"@type":"BreadcrumbList","@id":"https:\/\/www.fatosefotosnews.com.br\/?p=49394#breadcrumb","itemListElement":[{"@type":"ListItem","position":1,"name":"In\u00edcio","item":"https:\/\/www.fatosefotosnews.com.br\/"},{"@type":"ListItem","position":2,"name":"MPRJ denuncia motorista que matou professor de educa\u00e7\u00e3o f\u00edsica"}]},{"@type":"WebSite","@id":"https:\/\/www.fatosefotosnews.com.br\/#website","url":"https:\/\/www.fatosefotosnews.com.br\/","name":"Fatos e Fotos News","description":"Um site de noticial verdadeira e confi\u00e1veis.","publisher":{"@id":"https:\/\/www.fatosefotosnews.com.br\/#organization"},"potentialAction":[{"@type":"SearchAction","target":{"@type":"EntryPoint","urlTemplate":"https:\/\/www.fatosefotosnews.com.br\/?s={search_term_string}"},"query-input":{"@type":"PropertyValueSpecification","valueRequired":true,"valueName":"search_term_string"}}],"inLanguage":"pt-BR"},{"@type":"Organization","@id":"https:\/\/www.fatosefotosnews.com.br\/#organization","name":"Fatos e Fotos News","url":"https:\/\/www.fatosefotosnews.com.br\/","logo":{"@type":"ImageObject","inLanguage":"pt-BR","@id":"https:\/\/www.fatosefotosnews.com.br\/#\/schema\/logo\/image\/","url":"https:\/\/www.fatosefotosnews.com.br\/wp-content\/uploads\/2023\/02\/Fatos-e-Fotos-news-logo.png","contentUrl":"https:\/\/www.fatosefotosnews.com.br\/wp-content\/uploads\/2023\/02\/Fatos-e-Fotos-news-logo.png","width":300,"height":58,"caption":"Fatos e Fotos News"},"image":{"@id":"https:\/\/www.fatosefotosnews.com.br\/#\/schema\/logo\/image\/"}},{"@type":"Person","@id":"https:\/\/www.fatosefotosnews.com.br\/#\/schema\/person\/3b80f81d08670fb1f6690e07eb8b5dc6","name":"Da Reda\u00e7\u00e3o","image":{"@type":"ImageObject","inLanguage":"pt-BR","@id":"https:\/\/secure.gravatar.com\/avatar\/696d39935a657bf0fc95044dbc9f912520430a0eb6dd46c85dd97eb6483b249b?s=96&d=mm&r=g","url":"https:\/\/secure.gravatar.com\/avatar\/696d39935a657bf0fc95044dbc9f912520430a0eb6dd46c85dd97eb6483b249b?s=96&d=mm&r=g","contentUrl":"https:\/\/secure.gravatar.com\/avatar\/696d39935a657bf0fc95044dbc9f912520430a0eb6dd46c85dd97eb6483b249b?s=96&d=mm&r=g","caption":"Da Reda\u00e7\u00e3o"},"url":"https:\/\/www.fatosefotosnews.com.br\/?author=5"}]}},"jetpack_publicize_connections":[],"blog_post_layout_featured_media_urls":{"thumbnail":"","full":""},"categories_names":{"167":{"name":"Geral","link":"https:\/\/www.fatosefotosnews.com.br\/?cat=167"}},"tags_names":{"1186":{"name":"denuncia","link":"https:\/\/www.fatosefotosnews.com.br\/?tag=denuncia"},"2050":{"name":"educa","link":"https:\/\/www.fatosefotosnews.com.br\/?tag=educa"},"1336":{"name":"fisica","link":"https:\/\/www.fatosefotosnews.com.br\/?tag=fisica"},"3035":{"name":"matou","link":"https:\/\/www.fatosefotosnews.com.br\/?tag=matou"},"656":{"name":"motorista","link":"https:\/\/www.fatosefotosnews.com.br\/?tag=motorista"},"6494":{"name":"professor","link":"https:\/\/www.fatosefotosnews.com.br\/?tag=professor"}},"comments_number":"0","wpmagazine_modules_lite_featured_media_urls":{"thumbnail":"","cvmm-medium":"","cvmm-medium-plus":"","cvmm-portrait":"","cvmm-medium-square":"","cvmm-large":"","cvmm-small":"","full":""},"_links":{"self":[{"href":"https:\/\/www.fatosefotosnews.com.br\/index.php?rest_route=\/wp\/v2\/posts\/49394","targetHints":{"allow":["GET"]}}],"collection":[{"href":"https:\/\/www.fatosefotosnews.com.br\/index.php?rest_route=\/wp\/v2\/posts"}],"about":[{"href":"https:\/\/www.fatosefotosnews.com.br\/index.php?rest_route=\/wp\/v2\/types\/post"}],"author":[{"embeddable":true,"href":"https:\/\/www.fatosefotosnews.com.br\/index.php?rest_route=\/wp\/v2\/users\/5"}],"replies":[{"embeddable":true,"href":"https:\/\/www.fatosefotosnews.com.br\/index.php?rest_route=%2Fwp%2Fv2%2Fcomments&post=49394"}],"version-history":[{"count":0,"href":"https:\/\/www.fatosefotosnews.com.br\/index.php?rest_route=\/wp\/v2\/posts\/49394\/revisions"}],"wp:attachment":[{"href":"https:\/\/www.fatosefotosnews.com.br\/index.php?rest_route=%2Fwp%2Fv2%2Fmedia&parent=49394"}],"wp:term":[{"taxonomy":"category","embeddable":true,"href":"https:\/\/www.fatosefotosnews.com.br\/index.php?rest_route=%2Fwp%2Fv2%2Fcategories&post=49394"},{"taxonomy":"post_tag","embeddable":true,"href":"https:\/\/www.fatosefotosnews.com.br\/index.php?rest_route=%2Fwp%2Fv2%2Ftags&post=49394"}],"curies":[{"name":"wp","href":"https:\/\/api.w.org\/{rel}","templated":true}]}}