{"id":49981,"date":"2023-09-06T08:53:39","date_gmt":"2023-09-06T11:53:39","guid":{"rendered":"https:\/\/www.fatosefotosnews.com.br\/gustavo-garcia-anuncia-sua-primeira-colecao-de-oculos-solares-collors-expressando-a-energia-das-cores-na-moda\/"},"modified":"2023-09-06T08:53:39","modified_gmt":"2023-09-06T11:53:39","slug":"gustavo-garcia-anuncia-sua-primeira-colecao-de-oculos-solares-collors-expressando-a-energia-das-cores-na-moda","status":"publish","type":"post","link":"https:\/\/www.fatosefotosnews.com.br\/?p=49981","title":{"rendered":"Gustavo Garcia Anuncia Sua Primeira Cole\u00e7\u00e3o de \u00d3culos Solares: \u2018Collors\u2019 \u2013 Expressando a Energia das Cores na Moda"},"content":{"rendered":"<div class=\"elementor-widget-container\">\n<p class=\"p1\"><span class=\"s1\">O renomado Digital Influencer e consultor de imagem e estilo, Gustavo Garcia, est\u00e1 prestes a fazer uma entrada marcante no mundo da moda com o lan\u00e7amento de sua primeira cole\u00e7\u00e3o de \u00f3culos de sol, intitulada \u201cCollors\u201d. Esta cole\u00e7\u00e3o \u00e9 uma celebra\u00e7\u00e3o do universo das cores, perfeitamente alinhada com a expertise de Gustavo em colora\u00e7\u00e3o pessoal.<\/span><\/p>\n<p class=\"p1\"><span class=\"s1\">A \u201cLTZ Collors\u201d de Gustavo Garcia traz o fascinante mundo das cores em combina\u00e7\u00e3o com designs de arma\u00e7\u00f5es de \u00f3culos modernas, apresentadas pela \u00d3tica Manu. Essa cole\u00e7\u00e3o \u00e9 impregnada com a \u201cEnergia das Cores\u201d, como Gustavo destaca. Ele explica que as cores t\u00eam um impacto profundo em nossas percep\u00e7\u00f5es e emo\u00e7\u00f5es, muitas vezes associadas \u00e0 ideia de \u201cenergia\u201d devido \u00e0s sensa\u00e7\u00f5es que podem evocar.<\/span><\/p>\n<p class=\"p1\"><span class=\"s1\">De fato, as cores t\u00eam o poder de influenciar nosso humor, emo\u00e7\u00f5es e percep\u00e7\u00f5es. Diferentes cores t\u00eam a capacidade de provocar diferentes respostas emocionais. Por exemplo, o vermelho pode despertar paix\u00e3o e urg\u00eancia, enquanto o azul transmite uma sensa\u00e7\u00e3o de calma e serenidade.<\/span><\/p>\n<p class=\"p1\"><span class=\"s1\">A cole\u00e7\u00e3o Collors de \u00f3culos foi projetada para permitir que voc\u00ea expresse sua verdadeira ess\u00eancia e transmita sua personalidade de maneira \u00fanica. Com uma ampla variedade de modelos e cores \u00e0 sua disposi\u00e7\u00e3o, voc\u00ea ter\u00e1 a liberdade de escolher o par que melhor reflete seu estilo pessoal.<\/span><\/p>\n<p class=\"p1\"><span class=\"s1\">Prepare-se para descobrir a nova cole\u00e7\u00e3o LTZ Collors de Gustavo Garcia, que ser\u00e1 lan\u00e7ada oficialmente em 15 de setembro. Esta \u00e9 uma oportunidade \u00fanica de adicionar um toque de estilo e autenticidade ao seu visual, expressando quem voc\u00ea \u00e9 de uma forma divertida e diferenciada.<\/span><\/p>\n<\/p>\n<\/div>\n<p id=\"infocoweb_fonte\" class=\"infocoweb_fonte\">Fonte: <a target=\"_blank\" href=\"https:\/\/www.topfamosos.com.br\/gustavo-garcia-anuncia-sua-primeira-colecao-de-oculos-solares-collors-expressando-a-energia-das-cores-na-moda\/#47acd466-97b7-4aa8-b059-55ef260839f8\" rel=\"noopener\">TOP FAMOSOS<\/a><\/p>\n","protected":false},"excerpt":{"rendered":"<p>O renomado Digital Influencer e consultor de imagem e estilo, Gustavo Garcia, est\u00e1 prestes a fazer uma entrada marcante no mundo da moda com o lan\u00e7amento de sua primeira cole\u00e7\u00e3o de \u00f3culos de sol, intitulada \u201cCollors\u201d. Esta cole\u00e7\u00e3o \u00e9 uma celebra\u00e7\u00e3o do universo das cores, perfeitamente alinhada com a expertise de Gustavo em colora\u00e7\u00e3o pessoal. [&hellip;]<\/p>\n","protected":false},"author":5,"featured_media":0,"comment_status":"open","ping_status":"open","sticky":false,"template":"","format":"standard","meta":{"_acf_changed":false,"_angie_page":false,"_monsterinsights_skip_tracking":false,"_themeisle_gutenberg_block_has_review":false,"page_builder":"","footnotes":"","jetpack_publicize_message":"","jetpack_publicize_feature_enabled":true,"jetpack_social_post_already_shared":false,"jetpack_social_options":{"image_generator_settings":{"template":"highway","default_image_id":0,"font":"","enabled":false},"version":2}},"categories":[3],"tags":[464,13930,10795,8715,8218,999,13929],"class_list":["post-49981","post","type-post","status-publish","format-standard","hentry","category-entretenimento","tag-anuncia","tag-collors","tag-garcia","tag-gustavo","tag-oculos","tag-primeira","tag-solares"],"acf":[],"nelio_content":{"autoShareEndMode":"never","automationSources":{"useCustomSentences":false,"customSentences":[]},"efiAlt":"","efiUrl":"","followers":[5],"highlights":[],"isAutoShareEnabled":true,"networkImageIds":[],"permalinkQueryArgs":[],"series":[],"suggestedReferences":[]},"yoast_head":"<!-- This site is optimized with the Yoast SEO plugin v28.3 - https:\/\/yoast.com\/product\/yoast-seo-wordpress\/ -->\n<title>Gustavo Garcia Anuncia Sua Primeira Cole\u00e7\u00e3o de \u00d3culos Solares: \u2018Collors\u2019 \u2013 Expressando a Energia das Cores na Moda<\/title>\n<meta name=\"description\" content=\"Gustavo Garcia Anuncia Sua Primeira Cole\u00e7\u00e3o de \u00d3culos Solares: \u2018Collors\u2019 \u2013 Expressando a Energia das Cores na Moda\" \/>\n<meta name=\"robots\" content=\"index, follow, max-snippet:-1, max-image-preview:large, max-video-preview:-1\" \/>\n<link rel=\"canonical\" href=\"https:\/\/www.fatosefotosnews.com.br\/?p=49981\" \/>\n<meta property=\"og:locale\" content=\"pt_BR\" \/>\n<meta property=\"og:type\" content=\"article\" \/>\n<meta property=\"og:title\" content=\"Gustavo Garcia Anuncia Sua Primeira Cole\u00e7\u00e3o de \u00d3culos Solares: \u2018Collors\u2019 \u2013 Expressando a Energia das Cores na Moda\" \/>\n<meta property=\"og:description\" content=\"Gustavo Garcia Anuncia Sua Primeira Cole\u00e7\u00e3o de \u00d3culos Solares: \u2018Collors\u2019 \u2013 Expressando a Energia das Cores na Moda\" \/>\n<meta property=\"og:url\" content=\"https:\/\/www.fatosefotosnews.com.br\/?p=49981\" \/>\n<meta property=\"og:site_name\" content=\"Fatos e Fotos News\" \/>\n<meta property=\"article:published_time\" content=\"2023-09-06T11:53:39+00:00\" \/>\n<meta name=\"author\" content=\"Da Reda\u00e7\u00e3o\" \/>\n<meta name=\"twitter:card\" content=\"summary_large_image\" \/>\n<meta name=\"twitter:label1\" content=\"Escrito por\" \/>\n\t<meta name=\"twitter:data1\" content=\"Da Reda\u00e7\u00e3o\" \/>\n\t<meta name=\"twitter:label2\" content=\"Est. tempo de leitura\" \/>\n\t<meta name=\"twitter:data2\" content=\"99 minutos\" \/>\n<script type=\"application\/ld+json\" class=\"yoast-schema-graph\">{\"@context\":\"https:\\\/\\\/schema.org\",\"@graph\":[{\"@type\":\"Article\",\"@id\":\"https:\\\/\\\/www.fatosefotosnews.com.br\\\/?p=49981#article\",\"isPartOf\":{\"@id\":\"https:\\\/\\\/www.fatosefotosnews.com.br\\\/?p=49981\"},\"author\":{\"name\":\"Da Reda\u00e7\u00e3o\",\"@id\":\"https:\\\/\\\/www.fatosefotosnews.com.br\\\/#\\\/schema\\\/person\\\/3b80f81d08670fb1f6690e07eb8b5dc6\"},\"headline\":\"Gustavo Garcia Anuncia Sua Primeira Cole\u00e7\u00e3o de \u00d3culos Solares: \u2018Collors\u2019 \u2013 Expressando a Energia das Cores na Moda\",\"datePublished\":\"2023-09-06T11:53:39+00:00\",\"mainEntityOfPage\":{\"@id\":\"https:\\\/\\\/www.fatosefotosnews.com.br\\\/?p=49981\"},\"wordCount\":292,\"commentCount\":0,\"publisher\":{\"@id\":\"https:\\\/\\\/www.fatosefotosnews.com.br\\\/#organization\"},\"keywords\":[\"anuncia\",\"collors\",\"garcia\",\"gustavo\",\"oculos\",\"primeira\",\"solares\"],\"articleSection\":[\"Entretenimento\"],\"inLanguage\":\"pt-BR\",\"potentialAction\":[{\"@type\":\"CommentAction\",\"name\":\"Comment\",\"target\":[\"https:\\\/\\\/www.fatosefotosnews.com.br\\\/?p=49981#respond\"]}]},{\"@type\":\"WebPage\",\"@id\":\"https:\\\/\\\/www.fatosefotosnews.com.br\\\/?p=49981\",\"url\":\"https:\\\/\\\/www.fatosefotosnews.com.br\\\/?p=49981\",\"name\":\"Gustavo Garcia Anuncia Sua Primeira Cole\u00e7\u00e3o de \u00d3culos Solares: \u2018Collors\u2019 \u2013 Expressando a Energia das Cores na Moda\",\"isPartOf\":{\"@id\":\"https:\\\/\\\/www.fatosefotosnews.com.br\\\/#website\"},\"datePublished\":\"2023-09-06T11:53:39+00:00\",\"description\":\"Gustavo Garcia Anuncia Sua Primeira Cole\u00e7\u00e3o de \u00d3culos Solares: \u2018Collors\u2019 \u2013 Expressando a Energia das Cores na Moda\",\"breadcrumb\":{\"@id\":\"https:\\\/\\\/www.fatosefotosnews.com.br\\\/?p=49981#breadcrumb\"},\"inLanguage\":\"pt-BR\",\"potentialAction\":[{\"@type\":\"ReadAction\",\"target\":[\"https:\\\/\\\/www.fatosefotosnews.com.br\\\/?p=49981\"]}]},{\"@type\":\"BreadcrumbList\",\"@id\":\"https:\\\/\\\/www.fatosefotosnews.com.br\\\/?p=49981#breadcrumb\",\"itemListElement\":[{\"@type\":\"ListItem\",\"position\":1,\"name\":\"In\u00edcio\",\"item\":\"https:\\\/\\\/www.fatosefotosnews.com.br\\\/\"},{\"@type\":\"ListItem\",\"position\":2,\"name\":\"Gustavo Garcia Anuncia Sua Primeira Cole\u00e7\u00e3o de \u00d3culos Solares: \u2018Collors\u2019 \u2013 Expressando a Energia das Cores na Moda\"}]},{\"@type\":\"WebSite\",\"@id\":\"https:\\\/\\\/www.fatosefotosnews.com.br\\\/#website\",\"url\":\"https:\\\/\\\/www.fatosefotosnews.com.br\\\/\",\"name\":\"Fatos e Fotos News\",\"description\":\"Um site de noticial verdadeira e confi\u00e1veis.\",\"publisher\":{\"@id\":\"https:\\\/\\\/www.fatosefotosnews.com.br\\\/#organization\"},\"potentialAction\":[{\"@type\":\"SearchAction\",\"target\":{\"@type\":\"EntryPoint\",\"urlTemplate\":\"https:\\\/\\\/www.fatosefotosnews.com.br\\\/?s={search_term_string}\"},\"query-input\":{\"@type\":\"PropertyValueSpecification\",\"valueRequired\":true,\"valueName\":\"search_term_string\"}}],\"inLanguage\":\"pt-BR\"},{\"@type\":\"Organization\",\"@id\":\"https:\\\/\\\/www.fatosefotosnews.com.br\\\/#organization\",\"name\":\"Fatos e Fotos News\",\"url\":\"https:\\\/\\\/www.fatosefotosnews.com.br\\\/\",\"logo\":{\"@type\":\"ImageObject\",\"inLanguage\":\"pt-BR\",\"@id\":\"https:\\\/\\\/www.fatosefotosnews.com.br\\\/#\\\/schema\\\/logo\\\/image\\\/\",\"url\":\"https:\\\/\\\/www.fatosefotosnews.com.br\\\/wp-content\\\/uploads\\\/2023\\\/02\\\/Fatos-e-Fotos-news-logo.png\",\"contentUrl\":\"https:\\\/\\\/www.fatosefotosnews.com.br\\\/wp-content\\\/uploads\\\/2023\\\/02\\\/Fatos-e-Fotos-news-logo.png\",\"width\":300,\"height\":58,\"caption\":\"Fatos e Fotos News\"},\"image\":{\"@id\":\"https:\\\/\\\/www.fatosefotosnews.com.br\\\/#\\\/schema\\\/logo\\\/image\\\/\"}},{\"@type\":\"Person\",\"@id\":\"https:\\\/\\\/www.fatosefotosnews.com.br\\\/#\\\/schema\\\/person\\\/3b80f81d08670fb1f6690e07eb8b5dc6\",\"name\":\"Da Reda\u00e7\u00e3o\",\"image\":{\"@type\":\"ImageObject\",\"inLanguage\":\"pt-BR\",\"@id\":\"https:\\\/\\\/secure.gravatar.com\\\/avatar\\\/696d39935a657bf0fc95044dbc9f912520430a0eb6dd46c85dd97eb6483b249b?s=96&d=mm&r=g\",\"url\":\"https:\\\/\\\/secure.gravatar.com\\\/avatar\\\/696d39935a657bf0fc95044dbc9f912520430a0eb6dd46c85dd97eb6483b249b?s=96&d=mm&r=g\",\"contentUrl\":\"https:\\\/\\\/secure.gravatar.com\\\/avatar\\\/696d39935a657bf0fc95044dbc9f912520430a0eb6dd46c85dd97eb6483b249b?s=96&d=mm&r=g\",\"caption\":\"Da Reda\u00e7\u00e3o\"},\"url\":\"https:\\\/\\\/www.fatosefotosnews.com.br\\\/?author=5\"}]}<\/script>\n<!-- \/ Yoast SEO plugin. -->","yoast_head_json":{"title":"Gustavo Garcia Anuncia Sua Primeira Cole\u00e7\u00e3o de \u00d3culos Solares: \u2018Collors\u2019 \u2013 Expressando a Energia das Cores na Moda","description":"Gustavo Garcia Anuncia Sua Primeira Cole\u00e7\u00e3o de \u00d3culos Solares: \u2018Collors\u2019 \u2013 Expressando a Energia das Cores na Moda","robots":{"index":"index","follow":"follow","max-snippet":"max-snippet:-1","max-image-preview":"max-image-preview:large","max-video-preview":"max-video-preview:-1"},"canonical":"https:\/\/www.fatosefotosnews.com.br\/?p=49981","og_locale":"pt_BR","og_type":"article","og_title":"Gustavo Garcia Anuncia Sua Primeira Cole\u00e7\u00e3o de \u00d3culos Solares: \u2018Collors\u2019 \u2013 Expressando a Energia das Cores na Moda","og_description":"Gustavo Garcia Anuncia Sua Primeira Cole\u00e7\u00e3o de \u00d3culos Solares: \u2018Collors\u2019 \u2013 Expressando a Energia das Cores na Moda","og_url":"https:\/\/www.fatosefotosnews.com.br\/?p=49981","og_site_name":"Fatos e Fotos News","article_published_time":"2023-09-06T11:53:39+00:00","author":"Da Reda\u00e7\u00e3o","twitter_card":"summary_large_image","twitter_misc":{"Escrito por":"Da Reda\u00e7\u00e3o","Est. tempo de leitura":"99 minutos"},"schema":{"@context":"https:\/\/schema.org","@graph":[{"@type":"Article","@id":"https:\/\/www.fatosefotosnews.com.br\/?p=49981#article","isPartOf":{"@id":"https:\/\/www.fatosefotosnews.com.br\/?p=49981"},"author":{"name":"Da Reda\u00e7\u00e3o","@id":"https:\/\/www.fatosefotosnews.com.br\/#\/schema\/person\/3b80f81d08670fb1f6690e07eb8b5dc6"},"headline":"Gustavo Garcia Anuncia Sua Primeira Cole\u00e7\u00e3o de \u00d3culos Solares: \u2018Collors\u2019 \u2013 Expressando a Energia das Cores na Moda","datePublished":"2023-09-06T11:53:39+00:00","mainEntityOfPage":{"@id":"https:\/\/www.fatosefotosnews.com.br\/?p=49981"},"wordCount":292,"commentCount":0,"publisher":{"@id":"https:\/\/www.fatosefotosnews.com.br\/#organization"},"keywords":["anuncia","collors","garcia","gustavo","oculos","primeira","solares"],"articleSection":["Entretenimento"],"inLanguage":"pt-BR","potentialAction":[{"@type":"CommentAction","name":"Comment","target":["https:\/\/www.fatosefotosnews.com.br\/?p=49981#respond"]}]},{"@type":"WebPage","@id":"https:\/\/www.fatosefotosnews.com.br\/?p=49981","url":"https:\/\/www.fatosefotosnews.com.br\/?p=49981","name":"Gustavo Garcia Anuncia Sua Primeira Cole\u00e7\u00e3o de \u00d3culos Solares: \u2018Collors\u2019 \u2013 Expressando a Energia das Cores na Moda","isPartOf":{"@id":"https:\/\/www.fatosefotosnews.com.br\/#website"},"datePublished":"2023-09-06T11:53:39+00:00","description":"Gustavo Garcia Anuncia Sua Primeira Cole\u00e7\u00e3o de \u00d3culos Solares: \u2018Collors\u2019 \u2013 Expressando a Energia das Cores na Moda","breadcrumb":{"@id":"https:\/\/www.fatosefotosnews.com.br\/?p=49981#breadcrumb"},"inLanguage":"pt-BR","potentialAction":[{"@type":"ReadAction","target":["https:\/\/www.fatosefotosnews.com.br\/?p=49981"]}]},{"@type":"BreadcrumbList","@id":"https:\/\/www.fatosefotosnews.com.br\/?p=49981#breadcrumb","itemListElement":[{"@type":"ListItem","position":1,"name":"In\u00edcio","item":"https:\/\/www.fatosefotosnews.com.br\/"},{"@type":"ListItem","position":2,"name":"Gustavo Garcia Anuncia Sua Primeira Cole\u00e7\u00e3o de \u00d3culos Solares: \u2018Collors\u2019 \u2013 Expressando a Energia das Cores na Moda"}]},{"@type":"WebSite","@id":"https:\/\/www.fatosefotosnews.com.br\/#website","url":"https:\/\/www.fatosefotosnews.com.br\/","name":"Fatos e Fotos News","description":"Um site de noticial verdadeira e confi\u00e1veis.","publisher":{"@id":"https:\/\/www.fatosefotosnews.com.br\/#organization"},"potentialAction":[{"@type":"SearchAction","target":{"@type":"EntryPoint","urlTemplate":"https:\/\/www.fatosefotosnews.com.br\/?s={search_term_string}"},"query-input":{"@type":"PropertyValueSpecification","valueRequired":true,"valueName":"search_term_string"}}],"inLanguage":"pt-BR"},{"@type":"Organization","@id":"https:\/\/www.fatosefotosnews.com.br\/#organization","name":"Fatos e Fotos News","url":"https:\/\/www.fatosefotosnews.com.br\/","logo":{"@type":"ImageObject","inLanguage":"pt-BR","@id":"https:\/\/www.fatosefotosnews.com.br\/#\/schema\/logo\/image\/","url":"https:\/\/www.fatosefotosnews.com.br\/wp-content\/uploads\/2023\/02\/Fatos-e-Fotos-news-logo.png","contentUrl":"https:\/\/www.fatosefotosnews.com.br\/wp-content\/uploads\/2023\/02\/Fatos-e-Fotos-news-logo.png","width":300,"height":58,"caption":"Fatos e Fotos News"},"image":{"@id":"https:\/\/www.fatosefotosnews.com.br\/#\/schema\/logo\/image\/"}},{"@type":"Person","@id":"https:\/\/www.fatosefotosnews.com.br\/#\/schema\/person\/3b80f81d08670fb1f6690e07eb8b5dc6","name":"Da Reda\u00e7\u00e3o","image":{"@type":"ImageObject","inLanguage":"pt-BR","@id":"https:\/\/secure.gravatar.com\/avatar\/696d39935a657bf0fc95044dbc9f912520430a0eb6dd46c85dd97eb6483b249b?s=96&d=mm&r=g","url":"https:\/\/secure.gravatar.com\/avatar\/696d39935a657bf0fc95044dbc9f912520430a0eb6dd46c85dd97eb6483b249b?s=96&d=mm&r=g","contentUrl":"https:\/\/secure.gravatar.com\/avatar\/696d39935a657bf0fc95044dbc9f912520430a0eb6dd46c85dd97eb6483b249b?s=96&d=mm&r=g","caption":"Da Reda\u00e7\u00e3o"},"url":"https:\/\/www.fatosefotosnews.com.br\/?author=5"}]}},"jetpack_publicize_connections":[],"blog_post_layout_featured_media_urls":{"thumbnail":"","full":""},"categories_names":{"3":{"name":"Entretenimento","link":"https:\/\/www.fatosefotosnews.com.br\/?cat=3"}},"tags_names":{"464":{"name":"anuncia","link":"https:\/\/www.fatosefotosnews.com.br\/?tag=anuncia"},"13930":{"name":"collors","link":"https:\/\/www.fatosefotosnews.com.br\/?tag=collors"},"10795":{"name":"garcia","link":"https:\/\/www.fatosefotosnews.com.br\/?tag=garcia"},"8715":{"name":"gustavo","link":"https:\/\/www.fatosefotosnews.com.br\/?tag=gustavo"},"8218":{"name":"oculos","link":"https:\/\/www.fatosefotosnews.com.br\/?tag=oculos"},"999":{"name":"primeira","link":"https:\/\/www.fatosefotosnews.com.br\/?tag=primeira"},"13929":{"name":"solares","link":"https:\/\/www.fatosefotosnews.com.br\/?tag=solares"}},"comments_number":"0","wpmagazine_modules_lite_featured_media_urls":{"thumbnail":"","cvmm-medium":"","cvmm-medium-plus":"","cvmm-portrait":"","cvmm-medium-square":"","cvmm-large":"","cvmm-small":"","full":""},"_links":{"self":[{"href":"https:\/\/www.fatosefotosnews.com.br\/index.php?rest_route=\/wp\/v2\/posts\/49981","targetHints":{"allow":["GET"]}}],"collection":[{"href":"https:\/\/www.fatosefotosnews.com.br\/index.php?rest_route=\/wp\/v2\/posts"}],"about":[{"href":"https:\/\/www.fatosefotosnews.com.br\/index.php?rest_route=\/wp\/v2\/types\/post"}],"author":[{"embeddable":true,"href":"https:\/\/www.fatosefotosnews.com.br\/index.php?rest_route=\/wp\/v2\/users\/5"}],"replies":[{"embeddable":true,"href":"https:\/\/www.fatosefotosnews.com.br\/index.php?rest_route=%2Fwp%2Fv2%2Fcomments&post=49981"}],"version-history":[{"count":0,"href":"https:\/\/www.fatosefotosnews.com.br\/index.php?rest_route=\/wp\/v2\/posts\/49981\/revisions"}],"wp:attachment":[{"href":"https:\/\/www.fatosefotosnews.com.br\/index.php?rest_route=%2Fwp%2Fv2%2Fmedia&parent=49981"}],"wp:term":[{"taxonomy":"category","embeddable":true,"href":"https:\/\/www.fatosefotosnews.com.br\/index.php?rest_route=%2Fwp%2Fv2%2Fcategories&post=49981"},{"taxonomy":"post_tag","embeddable":true,"href":"https:\/\/www.fatosefotosnews.com.br\/index.php?rest_route=%2Fwp%2Fv2%2Ftags&post=49981"}],"curies":[{"name":"wp","href":"https:\/\/api.w.org\/{rel}","templated":true}]}}