{"id":50551,"date":"2023-09-11T12:51:25","date_gmt":"2023-09-11T15:51:25","guid":{"rendered":"https:\/\/www.fatosefotosnews.com.br\/quem-e-milei-polemico-candidato-argentino-que-alcancou-favoritismo\/"},"modified":"2023-09-11T12:51:25","modified_gmt":"2023-09-11T15:51:25","slug":"quem-e-milei-polemico-candidato-argentino-que-alcancou-favoritismo","status":"publish","type":"post","link":"https:\/\/www.fatosefotosnews.com.br\/?p=50551","title":{"rendered":"Quem \u00e9 Milei, pol\u00eamico candidato argentino que alcan\u00e7ou favoritismo"},"content":{"rendered":"<p><meta name=\"robots\" content=\"noindex\"><mreta name=\"googlebot\" content=\"noindex\"><\/p>\n<div class=\"Noticia_Foto fato\">\n<figure class=\"foto-legenda\" style=\"position: relative\">\n<div class=\"foto-legenda-img\"> <img fetchpriority=\"high\" decoding=\"async\" src=\"https:\/\/i0.statig.com.br\/bancodeimagens\/6t\/vz\/0c\/6tvz0cqqrw14gxs439jqefyo4.jpg\" width=\"906\" height=\"509\" alt=\"Libera\u00e7\u00e3o da venda de \u00f3rg\u00e3os, fim do Mercosul e insultos ao papa Francisco \u2014 o presidenci\u00e1vel est\u00e1 envolvido em uma s\u00e9rie de pol\u00eamicas.\" title=\"Libera\u00e7\u00e3o da venda de \u00f3rg\u00e3os, fim do Mercosul e insultos ao papa Francisco \u2014 o presidenci\u00e1vel est\u00e1 envolvido em uma s\u00e9rie de pol\u00eamicas.\"> <\/div><figcaption class=\"foto-legenda-citacao\"> <cite>Reprodu\u00e7\u00e3o\/Instagram @javiermilei &#8211; 08.08.2023<\/cite> <\/p>\n<div class=\"foto-legenda-citacao-text\">Libera\u00e7\u00e3o da venda de \u00f3rg\u00e3os, fim do Mercosul e insultos ao papa Francisco \u2014 o presidenci\u00e1vel est\u00e1 envolvido em uma s\u00e9rie de pol\u00eamicas.<\/div>\n<\/figcaption><\/figure>\n<\/p>\n<\/div>\n<p class>Javier Milei, candidato que defende propostas como a venda de \u00f3rg\u00e3os humanos, a extin\u00e7\u00e3o do Banco Central argentino e a &#8216;elimina\u00e7\u00e3o&#8217; do Mercosul, est\u00e1 liderando as inten\u00e7\u00f5es de voto nas elei\u00e7\u00f5es argentinas.<\/p>\n<p>A arrancada de Milei nas pesquisas pode ser uma preocupa\u00e7\u00e3o para alas j\u00e1 tradicionais da pol\u00edtica do pa\u00eds. Al\u00e9m do economista ter sa\u00eddo vitorioso nas prim\u00e1rias do dia 13 de agosto, uma pesquisa do Instituto Opinaia divulgada na \u00faltima ter\u00e7a-feira (5) pelo <strong>jornal Clar\u00edn<\/strong> aponta que ele est\u00e1 na vantagem tanto na disputa com a conservadora <strong>Patricia Bullrich<\/strong> , do partido Juntos por el Cambio, quanto com o peronista <strong>Sergio Massa<\/strong> , atual ministro da Economia.<\/p>\n<div class=\"Noticia_Foto fato\">\n<figure class=\"foto-legenda\" style=\"position: relative\">\n<div class=\"foto-legenda-img\"> <img decoding=\"async\" src=\"https:\/\/i0.statig.com.br\/bancodeimagens\/0j\/wy\/ga\/0jwyga5zif1hvpmfh3t2oucqj.jpg\" width=\"906\" height=\"509\" alt=\"O candidato \u00e0 presid\u00eancia Sergio Massa e o presidente Lula.\" title=\"O candidato \u00e0 presid\u00eancia Sergio Massa e o presidente Lula.\"> <\/div><figcaption class=\"foto-legenda-citacao\"> <cite>Divulga\u00e7\u00e3o\/Minist\u00e9rio da Economia da Argentina<\/cite> <\/p>\n<div class=\"foto-legenda-citacao-text\">O candidato \u00e0 presid\u00eancia Sergio Massa e o presidente Lula.<\/div>\n<\/figcaption><\/figure>\n<\/p>\n<\/div>\n<p class=\"\"> <br data-mce-bogus=\"1\"> <\/p>\n<p>Uma das ideias do candidato \u2018ultraliberal\u2019 \u00e9 aproximar o pa\u00eds dos Estados Unidos e Israel. \u201cQuando Milei diz que quer se aproximar de Israel, n\u00e3o \u00e9 de Israel, \u00e9 de Netanyahu. S\u00e3o aproxima\u00e7\u00f5es muito fr\u00e1geis, e o pa\u00eds tende a ficar isolado\u201d, conta <strong>Miriam Saraiva, professora do departamento de Rela\u00e7\u00f5es Internacionais da Universidade do Estado do Rio de Janeiro<\/strong> e especialista em rela\u00e7\u00f5es Brasil-Argentina.<\/p>\n<p>\u201cEsse isolamento \u00e9 negativo para receber investimento, estabelecer novas frentes de com\u00e9rcio e tamb\u00e9m como participante da pol\u00edtica internacional em geral. <strong> Para participar ativamente, precisa ter apoio<\/strong> \u201d, diz Miriam. Javier Milei j\u00e1 declarou ser contra a ades\u00e3o Argentina ao Brics e que, se eleito, vai retirar o pa\u00eds do Mercosul \u2014 posicionamentos que podem simbolizar esse afastamento em rela\u00e7\u00e3o aos demais pa\u00edses latinos e emergentes.<\/p>\n<div class=\"Noticia_Foto fato\">\n<figure class=\"foto-legenda\" style=\"position: relative\">\n<div class=\"foto-legenda-img\">undefined<\/div><figcaption class=\"foto-legenda-citacao\"> <cite>undefined<\/cite> <\/p>\n<div class=\"foto-legenda-citacao-text\">undefined<\/div>\n<\/figcaption><\/figure>\n<\/p>\n<\/div>\n<p class> <br data-mce-bogus=\"1\"> <\/p>\n<p>Na \u00faltima semana, o presidenci\u00e1vel protagonizou mais uma pol\u00eamica ao insultar o papa Francisco. Ele o teria chamado de &#8216;representante do maligno&#8217; e &#8216;imbecil&#8217;; o epis\u00f3dio desencadeou a realiza\u00e7\u00e3o de uma missa de rep\u00fadio organizada por padres de diferentes comunidades de Buenos Aires no dia 5 de setembro.<\/p>\n<p>A professora explica que o movimento que fortalece candidatos como Milei s\u00e3o caracter\u00edsticos de per\u00edodos de crise: \u201c <strong>A Argentina particularmente est\u00e1 sofrendo uma crise econ\u00f4mica muito forte<\/strong> e nesse processo acontece uma certa descren\u00e7a nos pol\u00edticos por parte da popula\u00e7\u00e3o\u201d.<\/p>\n<p>De acordo com a docente, esse processo \u00e9 resultado \u201cda globaliza\u00e7\u00e3o, da falta de solu\u00e7\u00f5es para problemas objetivos que vivem as sociedades, de uma <strong>crise de representatividade<\/strong> \u2014 em que as pessoas j\u00e1 n\u00e3o se veem representadas por pol\u00edticos mais tradicionais \u2014 e, certamente, \u00e9 muito fortalecido pelas m\u00eddias sociais\u201d. <\/p>\n<p>Em outro levantamento divulgado pelo <strong>jornal Clar\u00edn<\/strong> , 1.835 argentinos responderam \u00e0 pergunta \u201cQual dessas raz\u00f5es explica o resultado da PASO [Prim\u00e1rias Abertas Simult\u00e2neas Obrigat\u00f3rias]?&#8221;. Desses, 74% acreditam que os votos de Milei nas elei\u00e7\u00f5es prim\u00e1rias s\u00e3o \u201cum voto contra o sistema pol\u00edtico\u201d, e 51% justificam que a \u201calta infla\u00e7\u00e3o\u201d foi o motivo do baixo n\u00famero de votos recebidos pelo ministro Sergio Massa.<\/p>\n<div>  <\/div>\n<p class>\u201cEsses movimentos [&#8230;] n\u00e3o se apoiam em partidos, e sim em um conjunto de eleitores desorganizados. Se n\u00e3o tiver apoio partid\u00e1rio, n\u00e3o se reelege\u201d, diz a docente. Miriam tra\u00e7a um paralelo com o Brasil, apontando que Jair Bolsonaro se elegeu em 2018 em circunst\u00e2ncias semelhantes \u00e0s do candidato argentino, e acabou perdendo a reelei\u00e7\u00e3o para Lula, que j\u00e1 havia sido presidente antes \u2014 com s\u00f3lido apoio partid\u00e1rio.<\/p>\n<p>De acordo com os resultados oficiais das prim\u00e1rias, <strong>Milei, Massa e Bullrich<\/strong> s\u00e3o os candidatos com maior chance at\u00e9 o momento. Eles devem se enfrentar no dia <strong>22 de outubro<\/strong> , data marcada para a elei\u00e7\u00e3o geral.<\/p>\n<p> <strong>Caso a elei\u00e7\u00e3o v\u00e1 para o segundo turno<\/strong> , os dois mais votados v\u00e3o disputar a presid\u00eancia no dia 19 de novembro. A posse do novo representante da Casa Rosada ocorrer\u00e1 no dia <strong>10 de dezembro<\/strong> .<\/p>\n<p id=\"infocoweb_fonte\" class=\"infocoweb_fonte\">Fonte: <a target=\"_blank\" href=\"https:\/\/ultimosegundo.ig.com.br\/ultimosegundo.ig.com.br\/mundo\/2023-09-11\/quem-e-milei-polemico-candidato-argentino-que-alcancou-favoritismo.html#bee30325-63ee-427a-8fa7-6275a3f26a86\" rel=\"noopener\">Internacional<\/a><\/p>\n","protected":false},"excerpt":{"rendered":"<p>Reprodu\u00e7\u00e3o\/Instagram @javiermilei &#8211; 08.08.2023 Libera\u00e7\u00e3o da venda de \u00f3rg\u00e3os, fim do Mercosul e insultos ao papa Francisco \u2014 o presidenci\u00e1vel est\u00e1 envolvido em uma s\u00e9rie de pol\u00eamicas. Javier Milei, candidato que defende propostas como a venda de \u00f3rg\u00e3os humanos, a extin\u00e7\u00e3o do Banco Central argentino e a &#8216;elimina\u00e7\u00e3o&#8217; do Mercosul, est\u00e1 liderando as inten\u00e7\u00f5es de [&hellip;]<\/p>\n","protected":false},"author":5,"featured_media":50552,"comment_status":"open","ping_status":"open","sticky":false,"template":"","format":"standard","meta":{"_acf_changed":false,"_angie_page":false,"_monsterinsights_skip_tracking":false,"_themeisle_gutenberg_block_has_review":false,"page_builder":"","footnotes":"","jetpack_publicize_message":"","jetpack_publicize_feature_enabled":true,"jetpack_social_post_already_shared":false,"jetpack_social_options":{"image_generator_settings":{"template":"highway","default_image_id":0,"font":"","enabled":false},"version":2}},"categories":[12],"tags":[1814,9796,7747,4875,13093,11983],"class_list":["post-50551","post","type-post","status-publish","format-standard","has-post-thumbnail","hentry","category-mundo","tag-alcan","tag-argentino","tag-candidato","tag-favoritismo","tag-milei","tag-polemico"],"acf":[],"nelio_content":{"autoShareEndMode":"never","automationSources":{"useCustomSentences":false,"customSentences":[]},"efiAlt":"","efiUrl":"","followers":[5],"highlights":[],"isAutoShareEnabled":true,"networkImageIds":[],"permalinkQueryArgs":[],"series":[],"suggestedReferences":[]},"yoast_head":"<!-- This site is optimized with the Yoast SEO plugin v28.3 - https:\/\/yoast.com\/product\/yoast-seo-wordpress\/ -->\n<title>Quem \u00e9 Milei, pol\u00eamico candidato argentino que alcan\u00e7ou favoritismo<\/title>\n<meta name=\"description\" content=\"Quem \u00e9 Milei, pol\u00eamico candidato argentino que alcan\u00e7ou favoritismo\" \/>\n<meta name=\"robots\" content=\"index, follow, max-snippet:-1, max-image-preview:large, max-video-preview:-1\" \/>\n<link rel=\"canonical\" href=\"https:\/\/www.fatosefotosnews.com.br\/?p=50551\" \/>\n<meta property=\"og:locale\" content=\"pt_BR\" \/>\n<meta property=\"og:type\" content=\"article\" \/>\n<meta property=\"og:title\" content=\"Quem \u00e9 Milei, pol\u00eamico candidato argentino que alcan\u00e7ou favoritismo\" \/>\n<meta property=\"og:description\" content=\"Quem \u00e9 Milei, pol\u00eamico candidato argentino que alcan\u00e7ou favoritismo\" \/>\n<meta property=\"og:url\" content=\"https:\/\/www.fatosefotosnews.com.br\/?p=50551\" \/>\n<meta property=\"og:site_name\" content=\"Fatos e Fotos News\" \/>\n<meta property=\"article:published_time\" content=\"2023-09-11T15:51:25+00:00\" \/>\n<meta property=\"og:image\" content=\"https:\/\/www.fatosefotosnews.com.br\/wp-content\/uploads\/2023\/09\/4e2c46ef696249ee54c85d733ad109b6.jpeg\" \/>\n\t<meta property=\"og:image:width\" content=\"1024\" \/>\n\t<meta property=\"og:image:height\" content=\"576\" \/>\n\t<meta property=\"og:image:type\" content=\"image\/jpeg\" \/>\n<meta name=\"author\" content=\"Da Reda\u00e7\u00e3o\" \/>\n<meta name=\"twitter:card\" content=\"summary_large_image\" \/>\n<meta name=\"twitter:label1\" content=\"Escrito por\" \/>\n\t<meta name=\"twitter:data1\" content=\"Da Reda\u00e7\u00e3o\" \/>\n\t<meta name=\"twitter:label2\" content=\"Est. tempo de leitura\" \/>\n\t<meta name=\"twitter:data2\" content=\"99 minutos\" \/>\n<script type=\"application\/ld+json\" class=\"yoast-schema-graph\">{\"@context\":\"https:\\\/\\\/schema.org\",\"@graph\":[{\"@type\":\"Article\",\"@id\":\"https:\\\/\\\/www.fatosefotosnews.com.br\\\/?p=50551#article\",\"isPartOf\":{\"@id\":\"https:\\\/\\\/www.fatosefotosnews.com.br\\\/?p=50551\"},\"author\":{\"name\":\"Da Reda\u00e7\u00e3o\",\"@id\":\"https:\\\/\\\/www.fatosefotosnews.com.br\\\/#\\\/schema\\\/person\\\/3b80f81d08670fb1f6690e07eb8b5dc6\"},\"headline\":\"Quem \u00e9 Milei, pol\u00eamico candidato argentino que alcan\u00e7ou favoritismo\",\"datePublished\":\"2023-09-11T15:51:25+00:00\",\"mainEntityOfPage\":{\"@id\":\"https:\\\/\\\/www.fatosefotosnews.com.br\\\/?p=50551\"},\"wordCount\":687,\"commentCount\":0,\"publisher\":{\"@id\":\"https:\\\/\\\/www.fatosefotosnews.com.br\\\/#organization\"},\"image\":{\"@id\":\"https:\\\/\\\/www.fatosefotosnews.com.br\\\/?p=50551#primaryimage\"},\"thumbnailUrl\":\"https:\\\/\\\/www.fatosefotosnews.com.br\\\/wp-content\\\/uploads\\\/2023\\\/09\\\/4e2c46ef696249ee54c85d733ad109b6.jpeg\",\"keywords\":[\"alcan\",\"argentino\",\"candidato\",\"favoritismo\",\"milei\",\"polemico\"],\"articleSection\":[\"Mundo\"],\"inLanguage\":\"pt-BR\",\"potentialAction\":[{\"@type\":\"CommentAction\",\"name\":\"Comment\",\"target\":[\"https:\\\/\\\/www.fatosefotosnews.com.br\\\/?p=50551#respond\"]}]},{\"@type\":\"WebPage\",\"@id\":\"https:\\\/\\\/www.fatosefotosnews.com.br\\\/?p=50551\",\"url\":\"https:\\\/\\\/www.fatosefotosnews.com.br\\\/?p=50551\",\"name\":\"Quem \u00e9 Milei, pol\u00eamico candidato argentino que alcan\u00e7ou favoritismo\",\"isPartOf\":{\"@id\":\"https:\\\/\\\/www.fatosefotosnews.com.br\\\/#website\"},\"primaryImageOfPage\":{\"@id\":\"https:\\\/\\\/www.fatosefotosnews.com.br\\\/?p=50551#primaryimage\"},\"image\":{\"@id\":\"https:\\\/\\\/www.fatosefotosnews.com.br\\\/?p=50551#primaryimage\"},\"thumbnailUrl\":\"https:\\\/\\\/www.fatosefotosnews.com.br\\\/wp-content\\\/uploads\\\/2023\\\/09\\\/4e2c46ef696249ee54c85d733ad109b6.jpeg\",\"datePublished\":\"2023-09-11T15:51:25+00:00\",\"description\":\"Quem \u00e9 Milei, pol\u00eamico candidato argentino que alcan\u00e7ou favoritismo\",\"breadcrumb\":{\"@id\":\"https:\\\/\\\/www.fatosefotosnews.com.br\\\/?p=50551#breadcrumb\"},\"inLanguage\":\"pt-BR\",\"potentialAction\":[{\"@type\":\"ReadAction\",\"target\":[\"https:\\\/\\\/www.fatosefotosnews.com.br\\\/?p=50551\"]}]},{\"@type\":\"ImageObject\",\"inLanguage\":\"pt-BR\",\"@id\":\"https:\\\/\\\/www.fatosefotosnews.com.br\\\/?p=50551#primaryimage\",\"url\":\"https:\\\/\\\/www.fatosefotosnews.com.br\\\/wp-content\\\/uploads\\\/2023\\\/09\\\/4e2c46ef696249ee54c85d733ad109b6.jpeg\",\"contentUrl\":\"https:\\\/\\\/www.fatosefotosnews.com.br\\\/wp-content\\\/uploads\\\/2023\\\/09\\\/4e2c46ef696249ee54c85d733ad109b6.jpeg\",\"width\":1024,\"height\":576,\"caption\":\"Reprodu\u00e7\u00e3o\\\/Instagram @javiermilei - 08.08.2023 Libera\u00e7\u00e3o da venda de \u00f3rg\u00e3os, fim do Mercosul e insultos ao papa Francisco \u2014 o presidenci\u00e1vel est\u00e1 envolvido em uma s\u00e9rie de pol\u00eamicas.\"},{\"@type\":\"BreadcrumbList\",\"@id\":\"https:\\\/\\\/www.fatosefotosnews.com.br\\\/?p=50551#breadcrumb\",\"itemListElement\":[{\"@type\":\"ListItem\",\"position\":1,\"name\":\"In\u00edcio\",\"item\":\"https:\\\/\\\/www.fatosefotosnews.com.br\\\/\"},{\"@type\":\"ListItem\",\"position\":2,\"name\":\"Quem \u00e9 Milei, pol\u00eamico candidato argentino que alcan\u00e7ou favoritismo\"}]},{\"@type\":\"WebSite\",\"@id\":\"https:\\\/\\\/www.fatosefotosnews.com.br\\\/#website\",\"url\":\"https:\\\/\\\/www.fatosefotosnews.com.br\\\/\",\"name\":\"Fatos e Fotos News\",\"description\":\"Um site de noticial verdadeira e confi\u00e1veis.\",\"publisher\":{\"@id\":\"https:\\\/\\\/www.fatosefotosnews.com.br\\\/#organization\"},\"potentialAction\":[{\"@type\":\"SearchAction\",\"target\":{\"@type\":\"EntryPoint\",\"urlTemplate\":\"https:\\\/\\\/www.fatosefotosnews.com.br\\\/?s={search_term_string}\"},\"query-input\":{\"@type\":\"PropertyValueSpecification\",\"valueRequired\":true,\"valueName\":\"search_term_string\"}}],\"inLanguage\":\"pt-BR\"},{\"@type\":\"Organization\",\"@id\":\"https:\\\/\\\/www.fatosefotosnews.com.br\\\/#organization\",\"name\":\"Fatos e Fotos News\",\"url\":\"https:\\\/\\\/www.fatosefotosnews.com.br\\\/\",\"logo\":{\"@type\":\"ImageObject\",\"inLanguage\":\"pt-BR\",\"@id\":\"https:\\\/\\\/www.fatosefotosnews.com.br\\\/#\\\/schema\\\/logo\\\/image\\\/\",\"url\":\"https:\\\/\\\/www.fatosefotosnews.com.br\\\/wp-content\\\/uploads\\\/2023\\\/02\\\/Fatos-e-Fotos-news-logo.png\",\"contentUrl\":\"https:\\\/\\\/www.fatosefotosnews.com.br\\\/wp-content\\\/uploads\\\/2023\\\/02\\\/Fatos-e-Fotos-news-logo.png\",\"width\":300,\"height\":58,\"caption\":\"Fatos e Fotos News\"},\"image\":{\"@id\":\"https:\\\/\\\/www.fatosefotosnews.com.br\\\/#\\\/schema\\\/logo\\\/image\\\/\"}},{\"@type\":\"Person\",\"@id\":\"https:\\\/\\\/www.fatosefotosnews.com.br\\\/#\\\/schema\\\/person\\\/3b80f81d08670fb1f6690e07eb8b5dc6\",\"name\":\"Da Reda\u00e7\u00e3o\",\"image\":{\"@type\":\"ImageObject\",\"inLanguage\":\"pt-BR\",\"@id\":\"https:\\\/\\\/secure.gravatar.com\\\/avatar\\\/696d39935a657bf0fc95044dbc9f912520430a0eb6dd46c85dd97eb6483b249b?s=96&d=mm&r=g\",\"url\":\"https:\\\/\\\/secure.gravatar.com\\\/avatar\\\/696d39935a657bf0fc95044dbc9f912520430a0eb6dd46c85dd97eb6483b249b?s=96&d=mm&r=g\",\"contentUrl\":\"https:\\\/\\\/secure.gravatar.com\\\/avatar\\\/696d39935a657bf0fc95044dbc9f912520430a0eb6dd46c85dd97eb6483b249b?s=96&d=mm&r=g\",\"caption\":\"Da Reda\u00e7\u00e3o\"},\"url\":\"https:\\\/\\\/www.fatosefotosnews.com.br\\\/?author=5\"}]}<\/script>\n<!-- \/ Yoast SEO plugin. -->","yoast_head_json":{"title":"Quem \u00e9 Milei, pol\u00eamico candidato argentino que alcan\u00e7ou favoritismo","description":"Quem \u00e9 Milei, pol\u00eamico candidato argentino que alcan\u00e7ou favoritismo","robots":{"index":"index","follow":"follow","max-snippet":"max-snippet:-1","max-image-preview":"max-image-preview:large","max-video-preview":"max-video-preview:-1"},"canonical":"https:\/\/www.fatosefotosnews.com.br\/?p=50551","og_locale":"pt_BR","og_type":"article","og_title":"Quem \u00e9 Milei, pol\u00eamico candidato argentino que alcan\u00e7ou favoritismo","og_description":"Quem \u00e9 Milei, pol\u00eamico candidato argentino que alcan\u00e7ou favoritismo","og_url":"https:\/\/www.fatosefotosnews.com.br\/?p=50551","og_site_name":"Fatos e Fotos News","article_published_time":"2023-09-11T15:51:25+00:00","og_image":[{"width":1024,"height":576,"url":"https:\/\/www.fatosefotosnews.com.br\/wp-content\/uploads\/2023\/09\/4e2c46ef696249ee54c85d733ad109b6.jpeg","type":"image\/jpeg"}],"author":"Da Reda\u00e7\u00e3o","twitter_card":"summary_large_image","twitter_misc":{"Escrito por":"Da Reda\u00e7\u00e3o","Est. tempo de leitura":"99 minutos"},"schema":{"@context":"https:\/\/schema.org","@graph":[{"@type":"Article","@id":"https:\/\/www.fatosefotosnews.com.br\/?p=50551#article","isPartOf":{"@id":"https:\/\/www.fatosefotosnews.com.br\/?p=50551"},"author":{"name":"Da Reda\u00e7\u00e3o","@id":"https:\/\/www.fatosefotosnews.com.br\/#\/schema\/person\/3b80f81d08670fb1f6690e07eb8b5dc6"},"headline":"Quem \u00e9 Milei, pol\u00eamico candidato argentino que alcan\u00e7ou favoritismo","datePublished":"2023-09-11T15:51:25+00:00","mainEntityOfPage":{"@id":"https:\/\/www.fatosefotosnews.com.br\/?p=50551"},"wordCount":687,"commentCount":0,"publisher":{"@id":"https:\/\/www.fatosefotosnews.com.br\/#organization"},"image":{"@id":"https:\/\/www.fatosefotosnews.com.br\/?p=50551#primaryimage"},"thumbnailUrl":"https:\/\/www.fatosefotosnews.com.br\/wp-content\/uploads\/2023\/09\/4e2c46ef696249ee54c85d733ad109b6.jpeg","keywords":["alcan","argentino","candidato","favoritismo","milei","polemico"],"articleSection":["Mundo"],"inLanguage":"pt-BR","potentialAction":[{"@type":"CommentAction","name":"Comment","target":["https:\/\/www.fatosefotosnews.com.br\/?p=50551#respond"]}]},{"@type":"WebPage","@id":"https:\/\/www.fatosefotosnews.com.br\/?p=50551","url":"https:\/\/www.fatosefotosnews.com.br\/?p=50551","name":"Quem \u00e9 Milei, pol\u00eamico candidato argentino que alcan\u00e7ou favoritismo","isPartOf":{"@id":"https:\/\/www.fatosefotosnews.com.br\/#website"},"primaryImageOfPage":{"@id":"https:\/\/www.fatosefotosnews.com.br\/?p=50551#primaryimage"},"image":{"@id":"https:\/\/www.fatosefotosnews.com.br\/?p=50551#primaryimage"},"thumbnailUrl":"https:\/\/www.fatosefotosnews.com.br\/wp-content\/uploads\/2023\/09\/4e2c46ef696249ee54c85d733ad109b6.jpeg","datePublished":"2023-09-11T15:51:25+00:00","description":"Quem \u00e9 Milei, pol\u00eamico candidato argentino que alcan\u00e7ou favoritismo","breadcrumb":{"@id":"https:\/\/www.fatosefotosnews.com.br\/?p=50551#breadcrumb"},"inLanguage":"pt-BR","potentialAction":[{"@type":"ReadAction","target":["https:\/\/www.fatosefotosnews.com.br\/?p=50551"]}]},{"@type":"ImageObject","inLanguage":"pt-BR","@id":"https:\/\/www.fatosefotosnews.com.br\/?p=50551#primaryimage","url":"https:\/\/www.fatosefotosnews.com.br\/wp-content\/uploads\/2023\/09\/4e2c46ef696249ee54c85d733ad109b6.jpeg","contentUrl":"https:\/\/www.fatosefotosnews.com.br\/wp-content\/uploads\/2023\/09\/4e2c46ef696249ee54c85d733ad109b6.jpeg","width":1024,"height":576,"caption":"Reprodu\u00e7\u00e3o\/Instagram @javiermilei - 08.08.2023 Libera\u00e7\u00e3o da venda de \u00f3rg\u00e3os, fim do Mercosul e insultos ao papa Francisco \u2014 o presidenci\u00e1vel est\u00e1 envolvido em uma s\u00e9rie de pol\u00eamicas."},{"@type":"BreadcrumbList","@id":"https:\/\/www.fatosefotosnews.com.br\/?p=50551#breadcrumb","itemListElement":[{"@type":"ListItem","position":1,"name":"In\u00edcio","item":"https:\/\/www.fatosefotosnews.com.br\/"},{"@type":"ListItem","position":2,"name":"Quem \u00e9 Milei, pol\u00eamico candidato argentino que alcan\u00e7ou favoritismo"}]},{"@type":"WebSite","@id":"https:\/\/www.fatosefotosnews.com.br\/#website","url":"https:\/\/www.fatosefotosnews.com.br\/","name":"Fatos e Fotos News","description":"Um site de noticial verdadeira e confi\u00e1veis.","publisher":{"@id":"https:\/\/www.fatosefotosnews.com.br\/#organization"},"potentialAction":[{"@type":"SearchAction","target":{"@type":"EntryPoint","urlTemplate":"https:\/\/www.fatosefotosnews.com.br\/?s={search_term_string}"},"query-input":{"@type":"PropertyValueSpecification","valueRequired":true,"valueName":"search_term_string"}}],"inLanguage":"pt-BR"},{"@type":"Organization","@id":"https:\/\/www.fatosefotosnews.com.br\/#organization","name":"Fatos e Fotos News","url":"https:\/\/www.fatosefotosnews.com.br\/","logo":{"@type":"ImageObject","inLanguage":"pt-BR","@id":"https:\/\/www.fatosefotosnews.com.br\/#\/schema\/logo\/image\/","url":"https:\/\/www.fatosefotosnews.com.br\/wp-content\/uploads\/2023\/02\/Fatos-e-Fotos-news-logo.png","contentUrl":"https:\/\/www.fatosefotosnews.com.br\/wp-content\/uploads\/2023\/02\/Fatos-e-Fotos-news-logo.png","width":300,"height":58,"caption":"Fatos e Fotos News"},"image":{"@id":"https:\/\/www.fatosefotosnews.com.br\/#\/schema\/logo\/image\/"}},{"@type":"Person","@id":"https:\/\/www.fatosefotosnews.com.br\/#\/schema\/person\/3b80f81d08670fb1f6690e07eb8b5dc6","name":"Da Reda\u00e7\u00e3o","image":{"@type":"ImageObject","inLanguage":"pt-BR","@id":"https:\/\/secure.gravatar.com\/avatar\/696d39935a657bf0fc95044dbc9f912520430a0eb6dd46c85dd97eb6483b249b?s=96&d=mm&r=g","url":"https:\/\/secure.gravatar.com\/avatar\/696d39935a657bf0fc95044dbc9f912520430a0eb6dd46c85dd97eb6483b249b?s=96&d=mm&r=g","contentUrl":"https:\/\/secure.gravatar.com\/avatar\/696d39935a657bf0fc95044dbc9f912520430a0eb6dd46c85dd97eb6483b249b?s=96&d=mm&r=g","caption":"Da Reda\u00e7\u00e3o"},"url":"https:\/\/www.fatosefotosnews.com.br\/?author=5"}]}},"jetpack_publicize_connections":[],"blog_post_layout_featured_media_urls":{"thumbnail":["https:\/\/www.fatosefotosnews.com.br\/wp-content\/uploads\/2023\/09\/4e2c46ef696249ee54c85d733ad109b6-150x150.jpeg",150,150,true],"full":["https:\/\/www.fatosefotosnews.com.br\/wp-content\/uploads\/2023\/09\/4e2c46ef696249ee54c85d733ad109b6.jpeg",1024,576,false]},"categories_names":{"12":{"name":"Mundo","link":"https:\/\/www.fatosefotosnews.com.br\/?cat=12"}},"tags_names":{"1814":{"name":"alcan","link":"https:\/\/www.fatosefotosnews.com.br\/?tag=alcan"},"9796":{"name":"argentino","link":"https:\/\/www.fatosefotosnews.com.br\/?tag=argentino"},"7747":{"name":"candidato","link":"https:\/\/www.fatosefotosnews.com.br\/?tag=candidato"},"4875":{"name":"favoritismo","link":"https:\/\/www.fatosefotosnews.com.br\/?tag=favoritismo"},"13093":{"name":"milei","link":"https:\/\/www.fatosefotosnews.com.br\/?tag=milei"},"11983":{"name":"polemico","link":"https:\/\/www.fatosefotosnews.com.br\/?tag=polemico"}},"comments_number":"0","wpmagazine_modules_lite_featured_media_urls":{"thumbnail":["https:\/\/www.fatosefotosnews.com.br\/wp-content\/uploads\/2023\/09\/4e2c46ef696249ee54c85d733ad109b6-150x150.jpeg",150,150,true],"cvmm-medium":["https:\/\/www.fatosefotosnews.com.br\/wp-content\/uploads\/2023\/09\/4e2c46ef696249ee54c85d733ad109b6-300x300.jpeg",300,300,true],"cvmm-medium-plus":["https:\/\/www.fatosefotosnews.com.br\/wp-content\/uploads\/2023\/09\/4e2c46ef696249ee54c85d733ad109b6-305x207.jpeg",305,207,true],"cvmm-portrait":["https:\/\/www.fatosefotosnews.com.br\/wp-content\/uploads\/2023\/09\/4e2c46ef696249ee54c85d733ad109b6-400x576.jpeg",400,576,true],"cvmm-medium-square":["https:\/\/www.fatosefotosnews.com.br\/wp-content\/uploads\/2023\/09\/4e2c46ef696249ee54c85d733ad109b6-600x576.jpeg",600,576,true],"cvmm-large":["https:\/\/www.fatosefotosnews.com.br\/wp-content\/uploads\/2023\/09\/4e2c46ef696249ee54c85d733ad109b6.jpeg",1024,576,false],"cvmm-small":["https:\/\/www.fatosefotosnews.com.br\/wp-content\/uploads\/2023\/09\/4e2c46ef696249ee54c85d733ad109b6-130x95.jpeg",130,95,true],"full":["https:\/\/www.fatosefotosnews.com.br\/wp-content\/uploads\/2023\/09\/4e2c46ef696249ee54c85d733ad109b6.jpeg",1024,576,false]},"_links":{"self":[{"href":"https:\/\/www.fatosefotosnews.com.br\/index.php?rest_route=\/wp\/v2\/posts\/50551","targetHints":{"allow":["GET"]}}],"collection":[{"href":"https:\/\/www.fatosefotosnews.com.br\/index.php?rest_route=\/wp\/v2\/posts"}],"about":[{"href":"https:\/\/www.fatosefotosnews.com.br\/index.php?rest_route=\/wp\/v2\/types\/post"}],"author":[{"embeddable":true,"href":"https:\/\/www.fatosefotosnews.com.br\/index.php?rest_route=\/wp\/v2\/users\/5"}],"replies":[{"embeddable":true,"href":"https:\/\/www.fatosefotosnews.com.br\/index.php?rest_route=%2Fwp%2Fv2%2Fcomments&post=50551"}],"version-history":[{"count":0,"href":"https:\/\/www.fatosefotosnews.com.br\/index.php?rest_route=\/wp\/v2\/posts\/50551\/revisions"}],"wp:featuredmedia":[{"embeddable":true,"href":"https:\/\/www.fatosefotosnews.com.br\/index.php?rest_route=\/wp\/v2\/media\/50552"}],"wp:attachment":[{"href":"https:\/\/www.fatosefotosnews.com.br\/index.php?rest_route=%2Fwp%2Fv2%2Fmedia&parent=50551"}],"wp:term":[{"taxonomy":"category","embeddable":true,"href":"https:\/\/www.fatosefotosnews.com.br\/index.php?rest_route=%2Fwp%2Fv2%2Fcategories&post=50551"},{"taxonomy":"post_tag","embeddable":true,"href":"https:\/\/www.fatosefotosnews.com.br\/index.php?rest_route=%2Fwp%2Fv2%2Ftags&post=50551"}],"curies":[{"name":"wp","href":"https:\/\/api.w.org\/{rel}","templated":true}]}}