{"id":51510,"date":"2023-09-18T13:51:42","date_gmt":"2023-09-18T16:51:42","guid":{"rendered":"https:\/\/www.fatosefotosnews.com.br\/projetos-jornalisticos-recontam-a-historia-em-perspectiva-afrocentrada\/"},"modified":"2023-09-18T13:51:42","modified_gmt":"2023-09-18T16:51:42","slug":"projetos-jornalisticos-recontam-a-historia-em-perspectiva-afrocentrada","status":"publish","type":"post","link":"https:\/\/www.fatosefotosnews.com.br\/?p=51510","title":{"rendered":"Projetos jornal\u00edsticos recontam a hist\u00f3ria em perspectiva afrocentrada"},"content":{"rendered":"<p>O ataque \u00e0 democracia em 8 de janeiro no Brasil, a invas\u00e3o ao Capit\u00f3lio nos Estados Unidos, o assassinato de George Floyd e de m\u00e3e Bernadete, e elei\u00e7\u00e3o de presidentes declaradamente racistas. Esses fatos recentes, ocorridos no Brasil e nos Estados Unidos, n\u00e3o conseguem ser explicados por uma hist\u00f3ria de perspectiva branca e elitista. Para entender esses fen\u00f4menos \u00e9 preciso de um olhar afrocentrado para o passado.<img decoding=\"async\" src=\"https:\/\/agenciabrasil.ebc.com.br\/ebc.png?id=1555973&#038;o=node\" style=\"width:1px;height:1px\"><img decoding=\"async\" src=\"https:\/\/agenciabrasil.ebc.com.br\/ebc.gif?id=1555973&#038;o=node\" style=\"width:1px;height:1px\"><\/p>\n<p>A avalia\u00e7\u00e3o \u00e9 do brasileiro Tiago Rogero e da estadunidense Nikole Hannah-Jones, que comandam as produ\u00e7\u00f5es jornal\u00edsticas <a href=\"https:\/\/projetoquerino.com.br\/\" target=\"_blank\" rel=\"noopener\">Projeto Querino<\/a> e o <a href=\"https:\/\/www.nytimes.com\/interactive\/2019\/08\/14\/magazine\/1619-america-slavery.html\" target=\"_blank\" rel=\"noopener\">The 1619 Project<\/a>, respectivamente. Eles participaram, na manh\u00e3 desta segunda-feira (18), da abertura do 7\u00ba Congresso Internacional de Jornalismo de Educa\u00e7\u00e3o, em mesa com o tema <em>Educa\u00e7\u00e3o antirracista: a voz preta na hist\u00f3ria<\/em>. O evento ocorre at\u00e9 esta ter\u00e7a-feira (19), em S\u00e3o Paulo.<\/p>\n<p>O The 1619 Project, lan\u00e7ado em 2019, faz refer\u00eancia ao ano do in\u00edcio da escravid\u00e3o nos Estados Unidos. \u201cNenhum aspecto do pa\u00eds que aqui se formaria permaneceu intocado pelos anos de escravid\u00e3o que se seguiram\u201d, aponta a apresenta\u00e7\u00e3o do projeto. \u201cSe quiser entender os Estados Unidos n\u00e3o \u00e9 1776 [ano da Independ\u00eancia], mas 1619\u201d, destaca Nikole.<\/p>\n<p>Segundo ela, foram os negros americanos que movimentaram as ideias revolucion\u00e1rias de liberdade, as quais s\u00e3o valores fortemente reivindicados pelos estadunidenses. Nikole questiona o mito de que a democracia foi criada pelo branco, tendo em vista que n\u00e3o se trata de democracia quando se excluem mulheres e negros. \u201cEscravid\u00e3o e Estados Unidos nasceram no mesmo dia\u201d, disse.<\/p>\n<p>O processo de Independ\u00eancia no Brasil tamb\u00e9m \u00e9 recontado numa perspectiva afrocentrada no Projeto Querino. O nome do projeto jornal\u00edstico \u00e9 uma homenagem ao intelectual Manuel Raimundo Querino (1851-1923), jornalista, professor e abolicionista que, em 1918, publicou <em>O colono preto como fator da civiliza\u00e7\u00e3o brasileira<\/em>, obra que trata do protagonismo dos africanos e dos afrodescendentes para a forma\u00e7\u00e3o do Brasil.<\/p>\n<p>\u201cNosso apartheid nunca foi por meio de leis, mas ele est\u00e1 posto. Yna\u00ea [Lopes, historiadora e consultora do Projeto Querino] sempre fala que o Brasil nunca precisou de leis segregacionistas, que a segrega\u00e7\u00e3o se d\u00e1 na pr\u00e1tica\u201d, disse Rogero.<\/p>\n<p>Ele lembra, como uma das narrativas contadas no podcast, que a primeira Constitui\u00e7\u00e3o do Brasil definia quem era cidad\u00e3o e j\u00e1 trazia uma forma de fazer com que as pessoas negras n\u00e3o fossem inclu\u00eddas. \u201cEla dizia que o africano, ainda que fosse livre, n\u00e3o poderia se tornar cidad\u00e3o\u201d, disse. Ele destaca que a Constitui\u00e7\u00e3o foi imposta. \u201cTinha uma assembleia montada para fazer a Constitui\u00e7\u00e3o, Dom Pedro I discordou, dissolveu e imp\u00f4s\u201d, disse.<\/p>\n<h2>Educa\u00e7\u00e3o antirracista<\/h2>\n<p>No Brasil, a <a href=\"https:\/\/www.planalto.gov.br\/ccivil_03\/leis\/2003\/l10.639.htm\" target=\"_blank\" rel=\"noopener\">Lei 10.639<\/a>, que incluiu oficialmente nos curr\u00edculos escolares o ensino de hist\u00f3ria e cultura afro-brasileiras, <a href=\"https:\/\/agenciabrasil.ebc.com.br\/educacao\/noticia\/2023-01\/lei-que-inclui-cultura-afro-brasileira-nas-escolas-completa-20-anos\" target=\"_blank\" rel=\"noopener\">completou 20 anos este ano<\/a>. Duas d\u00e9cadas depois, os <a href=\"https:\/\/agenciabrasil.ebc.com.br\/educacao\/noticia\/2023-04\/mais-de-70-das-cidades-nao-cumprem-lei-do-ensino-afro-brasileiro\" target=\"_blank\" rel=\"noopener\">desafios permanecem: sete em cada dez secretarias municipais de Educa\u00e7\u00e3o<\/a> n\u00e3o realizaram nenhuma a\u00e7\u00e3o ou poucas a\u00e7\u00f5es para implementa\u00e7\u00e3o da lei, aponta pesquisa divulgada, em maio deste ano, pelo Instituto Alana e Geled\u00e9s Instituto da Mulher Negra.<\/p>\n<p>\u201cA lei \u00e9 fruto da luta hist\u00f3rica do movimento negro para que a hist\u00f3ria do Brasil seja entendida de maneira mais diversa, mas a lei est\u00e1 lutando contra uma longa hist\u00f3ria. A funda\u00e7\u00e3o da ideia de Brasil se faz em cima de uma ideia que \u00e9 majoritariamente branca, ou preferencialmente branca. E essa \u00e9 uma escolha que \u00e9 reiterada ao longo da hist\u00f3ria pelo Estado Nacional brasileiro\u201d, aponta Yna\u00ea Lopes, professora de Hist\u00f3ria da Universidade Federal Fluminense e consultora em Hist\u00f3ria do Projeto Querino.<\/p>\n<p>Ela lembra que a consequ\u00eancia de n\u00e3o avan\u00e7ar com perspectivas mais diversas da hist\u00f3ria do pa\u00eds resultam na manuten\u00e7\u00e3o do racismo. \u201cA educa\u00e7\u00e3o, infelizmente, foi a ferramenta mais importante para que isso acontecesse. Quando a gente n\u00e3o revisita a maneira como a gente aprende, mant\u00e9m-se esse status quo, e esse status quo \u00e9 racista propositalmente. A gente acha que sempre foi assim e sempre tem que ser, mas n\u00e3o, o racismo \u00e9 uma escolha cotidiana\u201d, disse. Ao mesmo tempo, ela lembra que jornalismo e educa\u00e7\u00e3o podem ser potentes ferramentas antirracistas.<\/p>\n<h2>Jeduca<\/h2>\n<p>A programa\u00e7\u00e3o do <a href=\"https:\/\/jeduca.org.br\/jeduca2023\" target=\"_blank\" rel=\"noopener\">7\u00ba Congresso Internacional de Jornalismo de Educa\u00e7\u00e3o<\/a>, promovido pela Associa\u00e7\u00e3o de Jornalistas de Educa\u00e7\u00e3o (Jeduca), segue at\u00e9 esta ter\u00e7a-feira. Entre os temas a serem debatidos, ataques \u00e0s escolas, tecnologia, novo ensino m\u00e9dio e educa\u00e7\u00e3o midi\u00e1tica. O evento tem como tema central o papel da educa\u00e7\u00e3o na transforma\u00e7\u00e3o da sociedade e as rela\u00e7\u00f5es entre o jornalismo de educa\u00e7\u00e3o.<\/p>\n<p id=\"infocoweb_fonte\" class=\"infocoweb_fonte\">Fonte: <a target=\"_blank\" href=\"https:\/\/agenciabrasil.ebc.com.br\/geral\/noticia\/2023-09\/jornalistas-recontam-historia-em-perspectiva-afrocentrada#dd655882-ff5e-4cb7-bb00-771ca402116f\" rel=\"noopener\">EBC GERAL<\/a><\/p>\n","protected":false},"excerpt":{"rendered":"<p>O ataque \u00e0 democracia em 8 de janeiro no Brasil, a invas\u00e3o ao Capit\u00f3lio nos Estados Unidos, o assassinato de George Floyd e de m\u00e3e Bernadete, e elei\u00e7\u00e3o de presidentes declaradamente racistas. Esses fatos recentes, ocorridos no Brasil e nos Estados Unidos, n\u00e3o conseguem ser explicados por uma hist\u00f3ria de perspectiva branca e elitista. Para [&hellip;]<\/p>\n","protected":false},"author":5,"featured_media":51511,"comment_status":"open","ping_status":"open","sticky":false,"template":"","format":"standard","meta":{"_acf_changed":false,"_angie_page":false,"_monsterinsights_skip_tracking":false,"_themeisle_gutenberg_block_has_review":false,"page_builder":"","footnotes":"","jetpack_publicize_message":"","jetpack_publicize_feature_enabled":true,"jetpack_social_post_already_shared":false,"jetpack_social_options":{"image_generator_settings":{"template":"highway","default_image_id":0,"font":"","enabled":false},"version":2}},"categories":[167],"tags":[14317,1849,14315,10813,1830,14316],"class_list":["post-51510","post","type-post","status-publish","format-standard","has-post-thumbnail","hentry","category-geral","tag-afrocentrada","tag-historia","tag-jornalisticos","tag-perspectiva","tag-projetos","tag-recontam"],"acf":[],"nelio_content":{"autoShareEndMode":"never","automationSources":{"useCustomSentences":false,"customSentences":[]},"efiAlt":"","efiUrl":"","followers":[5],"highlights":[],"isAutoShareEnabled":true,"networkImageIds":[],"permalinkQueryArgs":[],"series":[],"suggestedReferences":[]},"yoast_head":"<!-- This site is optimized with the Yoast SEO plugin v28.3 - https:\/\/yoast.com\/product\/yoast-seo-wordpress\/ -->\n<title>Projetos jornal\u00edsticos recontam a hist\u00f3ria em perspectiva afrocentrada<\/title>\n<meta name=\"description\" content=\"Projetos jornal\u00edsticos recontam a hist\u00f3ria em perspectiva afrocentrada\" \/>\n<meta name=\"robots\" content=\"index, follow, max-snippet:-1, max-image-preview:large, max-video-preview:-1\" \/>\n<link rel=\"canonical\" href=\"https:\/\/www.fatosefotosnews.com.br\/?p=51510\" \/>\n<meta property=\"og:locale\" content=\"pt_BR\" \/>\n<meta property=\"og:type\" content=\"article\" \/>\n<meta property=\"og:title\" content=\"Projetos jornal\u00edsticos recontam a hist\u00f3ria em perspectiva afrocentrada\" \/>\n<meta property=\"og:description\" content=\"Projetos jornal\u00edsticos recontam a hist\u00f3ria em perspectiva afrocentrada\" \/>\n<meta property=\"og:url\" content=\"https:\/\/www.fatosefotosnews.com.br\/?p=51510\" \/>\n<meta property=\"og:site_name\" content=\"Fatos e Fotos News\" \/>\n<meta property=\"article:published_time\" content=\"2023-09-18T16:51:42+00:00\" \/>\n<meta property=\"og:image\" content=\"https:\/\/www.fatosefotosnews.com.br\/wp-content\/uploads\/2023\/09\/3b9992f35f5f9f3205f06fb88b26c22b.jpeg\" \/>\n\t<meta property=\"og:image:width\" content=\"1024\" \/>\n\t<meta property=\"og:image:height\" content=\"768\" \/>\n\t<meta property=\"og:image:type\" content=\"image\/jpeg\" \/>\n<meta name=\"author\" content=\"Da Reda\u00e7\u00e3o\" \/>\n<meta name=\"twitter:card\" content=\"summary_large_image\" \/>\n<meta name=\"twitter:label1\" content=\"Escrito por\" \/>\n\t<meta name=\"twitter:data1\" content=\"Da Reda\u00e7\u00e3o\" \/>\n\t<meta name=\"twitter:label2\" content=\"Est. tempo de leitura\" \/>\n\t<meta name=\"twitter:data2\" content=\"99 minutos\" \/>\n<script type=\"application\/ld+json\" class=\"yoast-schema-graph\">{\"@context\":\"https:\\\/\\\/schema.org\",\"@graph\":[{\"@type\":\"Article\",\"@id\":\"https:\\\/\\\/www.fatosefotosnews.com.br\\\/?p=51510#article\",\"isPartOf\":{\"@id\":\"https:\\\/\\\/www.fatosefotosnews.com.br\\\/?p=51510\"},\"author\":{\"name\":\"Da Reda\u00e7\u00e3o\",\"@id\":\"https:\\\/\\\/www.fatosefotosnews.com.br\\\/#\\\/schema\\\/person\\\/3b80f81d08670fb1f6690e07eb8b5dc6\"},\"headline\":\"Projetos jornal\u00edsticos recontam a hist\u00f3ria em perspectiva afrocentrada\",\"datePublished\":\"2023-09-18T16:51:42+00:00\",\"mainEntityOfPage\":{\"@id\":\"https:\\\/\\\/www.fatosefotosnews.com.br\\\/?p=51510\"},\"wordCount\":788,\"commentCount\":0,\"publisher\":{\"@id\":\"https:\\\/\\\/www.fatosefotosnews.com.br\\\/#organization\"},\"image\":{\"@id\":\"https:\\\/\\\/www.fatosefotosnews.com.br\\\/?p=51510#primaryimage\"},\"thumbnailUrl\":\"https:\\\/\\\/www.fatosefotosnews.com.br\\\/wp-content\\\/uploads\\\/2023\\\/09\\\/3b9992f35f5f9f3205f06fb88b26c22b.jpeg\",\"keywords\":[\"afrocentrada\",\"historia\",\"jornalisticos\",\"perspectiva\",\"projetos\",\"recontam\"],\"articleSection\":[\"Geral\"],\"inLanguage\":\"pt-BR\",\"potentialAction\":[{\"@type\":\"CommentAction\",\"name\":\"Comment\",\"target\":[\"https:\\\/\\\/www.fatosefotosnews.com.br\\\/?p=51510#respond\"]}]},{\"@type\":\"WebPage\",\"@id\":\"https:\\\/\\\/www.fatosefotosnews.com.br\\\/?p=51510\",\"url\":\"https:\\\/\\\/www.fatosefotosnews.com.br\\\/?p=51510\",\"name\":\"Projetos jornal\u00edsticos recontam a hist\u00f3ria em perspectiva afrocentrada\",\"isPartOf\":{\"@id\":\"https:\\\/\\\/www.fatosefotosnews.com.br\\\/#website\"},\"primaryImageOfPage\":{\"@id\":\"https:\\\/\\\/www.fatosefotosnews.com.br\\\/?p=51510#primaryimage\"},\"image\":{\"@id\":\"https:\\\/\\\/www.fatosefotosnews.com.br\\\/?p=51510#primaryimage\"},\"thumbnailUrl\":\"https:\\\/\\\/www.fatosefotosnews.com.br\\\/wp-content\\\/uploads\\\/2023\\\/09\\\/3b9992f35f5f9f3205f06fb88b26c22b.jpeg\",\"datePublished\":\"2023-09-18T16:51:42+00:00\",\"description\":\"Projetos jornal\u00edsticos recontam a hist\u00f3ria em perspectiva afrocentrada\",\"breadcrumb\":{\"@id\":\"https:\\\/\\\/www.fatosefotosnews.com.br\\\/?p=51510#breadcrumb\"},\"inLanguage\":\"pt-BR\",\"potentialAction\":[{\"@type\":\"ReadAction\",\"target\":[\"https:\\\/\\\/www.fatosefotosnews.com.br\\\/?p=51510\"]}]},{\"@type\":\"ImageObject\",\"inLanguage\":\"pt-BR\",\"@id\":\"https:\\\/\\\/www.fatosefotosnews.com.br\\\/?p=51510#primaryimage\",\"url\":\"https:\\\/\\\/www.fatosefotosnews.com.br\\\/wp-content\\\/uploads\\\/2023\\\/09\\\/3b9992f35f5f9f3205f06fb88b26c22b.jpeg\",\"contentUrl\":\"https:\\\/\\\/www.fatosefotosnews.com.br\\\/wp-content\\\/uploads\\\/2023\\\/09\\\/3b9992f35f5f9f3205f06fb88b26c22b.jpeg\",\"width\":1024,\"height\":768},{\"@type\":\"BreadcrumbList\",\"@id\":\"https:\\\/\\\/www.fatosefotosnews.com.br\\\/?p=51510#breadcrumb\",\"itemListElement\":[{\"@type\":\"ListItem\",\"position\":1,\"name\":\"In\u00edcio\",\"item\":\"https:\\\/\\\/www.fatosefotosnews.com.br\\\/\"},{\"@type\":\"ListItem\",\"position\":2,\"name\":\"Projetos jornal\u00edsticos recontam a hist\u00f3ria em perspectiva afrocentrada\"}]},{\"@type\":\"WebSite\",\"@id\":\"https:\\\/\\\/www.fatosefotosnews.com.br\\\/#website\",\"url\":\"https:\\\/\\\/www.fatosefotosnews.com.br\\\/\",\"name\":\"Fatos e Fotos News\",\"description\":\"Um site de noticial verdadeira e confi\u00e1veis.\",\"publisher\":{\"@id\":\"https:\\\/\\\/www.fatosefotosnews.com.br\\\/#organization\"},\"potentialAction\":[{\"@type\":\"SearchAction\",\"target\":{\"@type\":\"EntryPoint\",\"urlTemplate\":\"https:\\\/\\\/www.fatosefotosnews.com.br\\\/?s={search_term_string}\"},\"query-input\":{\"@type\":\"PropertyValueSpecification\",\"valueRequired\":true,\"valueName\":\"search_term_string\"}}],\"inLanguage\":\"pt-BR\"},{\"@type\":\"Organization\",\"@id\":\"https:\\\/\\\/www.fatosefotosnews.com.br\\\/#organization\",\"name\":\"Fatos e Fotos News\",\"url\":\"https:\\\/\\\/www.fatosefotosnews.com.br\\\/\",\"logo\":{\"@type\":\"ImageObject\",\"inLanguage\":\"pt-BR\",\"@id\":\"https:\\\/\\\/www.fatosefotosnews.com.br\\\/#\\\/schema\\\/logo\\\/image\\\/\",\"url\":\"https:\\\/\\\/www.fatosefotosnews.com.br\\\/wp-content\\\/uploads\\\/2023\\\/02\\\/Fatos-e-Fotos-news-logo.png\",\"contentUrl\":\"https:\\\/\\\/www.fatosefotosnews.com.br\\\/wp-content\\\/uploads\\\/2023\\\/02\\\/Fatos-e-Fotos-news-logo.png\",\"width\":300,\"height\":58,\"caption\":\"Fatos e Fotos News\"},\"image\":{\"@id\":\"https:\\\/\\\/www.fatosefotosnews.com.br\\\/#\\\/schema\\\/logo\\\/image\\\/\"}},{\"@type\":\"Person\",\"@id\":\"https:\\\/\\\/www.fatosefotosnews.com.br\\\/#\\\/schema\\\/person\\\/3b80f81d08670fb1f6690e07eb8b5dc6\",\"name\":\"Da Reda\u00e7\u00e3o\",\"image\":{\"@type\":\"ImageObject\",\"inLanguage\":\"pt-BR\",\"@id\":\"https:\\\/\\\/secure.gravatar.com\\\/avatar\\\/696d39935a657bf0fc95044dbc9f912520430a0eb6dd46c85dd97eb6483b249b?s=96&d=mm&r=g\",\"url\":\"https:\\\/\\\/secure.gravatar.com\\\/avatar\\\/696d39935a657bf0fc95044dbc9f912520430a0eb6dd46c85dd97eb6483b249b?s=96&d=mm&r=g\",\"contentUrl\":\"https:\\\/\\\/secure.gravatar.com\\\/avatar\\\/696d39935a657bf0fc95044dbc9f912520430a0eb6dd46c85dd97eb6483b249b?s=96&d=mm&r=g\",\"caption\":\"Da Reda\u00e7\u00e3o\"},\"url\":\"https:\\\/\\\/www.fatosefotosnews.com.br\\\/?author=5\"}]}<\/script>\n<!-- \/ Yoast SEO plugin. -->","yoast_head_json":{"title":"Projetos jornal\u00edsticos recontam a hist\u00f3ria em perspectiva afrocentrada","description":"Projetos jornal\u00edsticos recontam a hist\u00f3ria em perspectiva afrocentrada","robots":{"index":"index","follow":"follow","max-snippet":"max-snippet:-1","max-image-preview":"max-image-preview:large","max-video-preview":"max-video-preview:-1"},"canonical":"https:\/\/www.fatosefotosnews.com.br\/?p=51510","og_locale":"pt_BR","og_type":"article","og_title":"Projetos jornal\u00edsticos recontam a hist\u00f3ria em perspectiva afrocentrada","og_description":"Projetos jornal\u00edsticos recontam a hist\u00f3ria em perspectiva afrocentrada","og_url":"https:\/\/www.fatosefotosnews.com.br\/?p=51510","og_site_name":"Fatos e Fotos News","article_published_time":"2023-09-18T16:51:42+00:00","og_image":[{"width":1024,"height":768,"url":"https:\/\/www.fatosefotosnews.com.br\/wp-content\/uploads\/2023\/09\/3b9992f35f5f9f3205f06fb88b26c22b.jpeg","type":"image\/jpeg"}],"author":"Da Reda\u00e7\u00e3o","twitter_card":"summary_large_image","twitter_misc":{"Escrito por":"Da Reda\u00e7\u00e3o","Est. tempo de leitura":"99 minutos"},"schema":{"@context":"https:\/\/schema.org","@graph":[{"@type":"Article","@id":"https:\/\/www.fatosefotosnews.com.br\/?p=51510#article","isPartOf":{"@id":"https:\/\/www.fatosefotosnews.com.br\/?p=51510"},"author":{"name":"Da Reda\u00e7\u00e3o","@id":"https:\/\/www.fatosefotosnews.com.br\/#\/schema\/person\/3b80f81d08670fb1f6690e07eb8b5dc6"},"headline":"Projetos jornal\u00edsticos recontam a hist\u00f3ria em perspectiva afrocentrada","datePublished":"2023-09-18T16:51:42+00:00","mainEntityOfPage":{"@id":"https:\/\/www.fatosefotosnews.com.br\/?p=51510"},"wordCount":788,"commentCount":0,"publisher":{"@id":"https:\/\/www.fatosefotosnews.com.br\/#organization"},"image":{"@id":"https:\/\/www.fatosefotosnews.com.br\/?p=51510#primaryimage"},"thumbnailUrl":"https:\/\/www.fatosefotosnews.com.br\/wp-content\/uploads\/2023\/09\/3b9992f35f5f9f3205f06fb88b26c22b.jpeg","keywords":["afrocentrada","historia","jornalisticos","perspectiva","projetos","recontam"],"articleSection":["Geral"],"inLanguage":"pt-BR","potentialAction":[{"@type":"CommentAction","name":"Comment","target":["https:\/\/www.fatosefotosnews.com.br\/?p=51510#respond"]}]},{"@type":"WebPage","@id":"https:\/\/www.fatosefotosnews.com.br\/?p=51510","url":"https:\/\/www.fatosefotosnews.com.br\/?p=51510","name":"Projetos jornal\u00edsticos recontam a hist\u00f3ria em perspectiva afrocentrada","isPartOf":{"@id":"https:\/\/www.fatosefotosnews.com.br\/#website"},"primaryImageOfPage":{"@id":"https:\/\/www.fatosefotosnews.com.br\/?p=51510#primaryimage"},"image":{"@id":"https:\/\/www.fatosefotosnews.com.br\/?p=51510#primaryimage"},"thumbnailUrl":"https:\/\/www.fatosefotosnews.com.br\/wp-content\/uploads\/2023\/09\/3b9992f35f5f9f3205f06fb88b26c22b.jpeg","datePublished":"2023-09-18T16:51:42+00:00","description":"Projetos jornal\u00edsticos recontam a hist\u00f3ria em perspectiva afrocentrada","breadcrumb":{"@id":"https:\/\/www.fatosefotosnews.com.br\/?p=51510#breadcrumb"},"inLanguage":"pt-BR","potentialAction":[{"@type":"ReadAction","target":["https:\/\/www.fatosefotosnews.com.br\/?p=51510"]}]},{"@type":"ImageObject","inLanguage":"pt-BR","@id":"https:\/\/www.fatosefotosnews.com.br\/?p=51510#primaryimage","url":"https:\/\/www.fatosefotosnews.com.br\/wp-content\/uploads\/2023\/09\/3b9992f35f5f9f3205f06fb88b26c22b.jpeg","contentUrl":"https:\/\/www.fatosefotosnews.com.br\/wp-content\/uploads\/2023\/09\/3b9992f35f5f9f3205f06fb88b26c22b.jpeg","width":1024,"height":768},{"@type":"BreadcrumbList","@id":"https:\/\/www.fatosefotosnews.com.br\/?p=51510#breadcrumb","itemListElement":[{"@type":"ListItem","position":1,"name":"In\u00edcio","item":"https:\/\/www.fatosefotosnews.com.br\/"},{"@type":"ListItem","position":2,"name":"Projetos jornal\u00edsticos recontam a hist\u00f3ria em perspectiva afrocentrada"}]},{"@type":"WebSite","@id":"https:\/\/www.fatosefotosnews.com.br\/#website","url":"https:\/\/www.fatosefotosnews.com.br\/","name":"Fatos e Fotos News","description":"Um site de noticial verdadeira e confi\u00e1veis.","publisher":{"@id":"https:\/\/www.fatosefotosnews.com.br\/#organization"},"potentialAction":[{"@type":"SearchAction","target":{"@type":"EntryPoint","urlTemplate":"https:\/\/www.fatosefotosnews.com.br\/?s={search_term_string}"},"query-input":{"@type":"PropertyValueSpecification","valueRequired":true,"valueName":"search_term_string"}}],"inLanguage":"pt-BR"},{"@type":"Organization","@id":"https:\/\/www.fatosefotosnews.com.br\/#organization","name":"Fatos e Fotos News","url":"https:\/\/www.fatosefotosnews.com.br\/","logo":{"@type":"ImageObject","inLanguage":"pt-BR","@id":"https:\/\/www.fatosefotosnews.com.br\/#\/schema\/logo\/image\/","url":"https:\/\/www.fatosefotosnews.com.br\/wp-content\/uploads\/2023\/02\/Fatos-e-Fotos-news-logo.png","contentUrl":"https:\/\/www.fatosefotosnews.com.br\/wp-content\/uploads\/2023\/02\/Fatos-e-Fotos-news-logo.png","width":300,"height":58,"caption":"Fatos e Fotos News"},"image":{"@id":"https:\/\/www.fatosefotosnews.com.br\/#\/schema\/logo\/image\/"}},{"@type":"Person","@id":"https:\/\/www.fatosefotosnews.com.br\/#\/schema\/person\/3b80f81d08670fb1f6690e07eb8b5dc6","name":"Da Reda\u00e7\u00e3o","image":{"@type":"ImageObject","inLanguage":"pt-BR","@id":"https:\/\/secure.gravatar.com\/avatar\/696d39935a657bf0fc95044dbc9f912520430a0eb6dd46c85dd97eb6483b249b?s=96&d=mm&r=g","url":"https:\/\/secure.gravatar.com\/avatar\/696d39935a657bf0fc95044dbc9f912520430a0eb6dd46c85dd97eb6483b249b?s=96&d=mm&r=g","contentUrl":"https:\/\/secure.gravatar.com\/avatar\/696d39935a657bf0fc95044dbc9f912520430a0eb6dd46c85dd97eb6483b249b?s=96&d=mm&r=g","caption":"Da Reda\u00e7\u00e3o"},"url":"https:\/\/www.fatosefotosnews.com.br\/?author=5"}]}},"jetpack_publicize_connections":[],"blog_post_layout_featured_media_urls":{"thumbnail":["https:\/\/www.fatosefotosnews.com.br\/wp-content\/uploads\/2023\/09\/3b9992f35f5f9f3205f06fb88b26c22b-150x150.jpeg",150,150,true],"full":["https:\/\/www.fatosefotosnews.com.br\/wp-content\/uploads\/2023\/09\/3b9992f35f5f9f3205f06fb88b26c22b.jpeg",1024,768,false]},"categories_names":{"167":{"name":"Geral","link":"https:\/\/www.fatosefotosnews.com.br\/?cat=167"}},"tags_names":{"14317":{"name":"afrocentrada","link":"https:\/\/www.fatosefotosnews.com.br\/?tag=afrocentrada"},"1849":{"name":"historia","link":"https:\/\/www.fatosefotosnews.com.br\/?tag=historia"},"14315":{"name":"jornalisticos","link":"https:\/\/www.fatosefotosnews.com.br\/?tag=jornalisticos"},"10813":{"name":"perspectiva","link":"https:\/\/www.fatosefotosnews.com.br\/?tag=perspectiva"},"1830":{"name":"projetos","link":"https:\/\/www.fatosefotosnews.com.br\/?tag=projetos"},"14316":{"name":"recontam","link":"https:\/\/www.fatosefotosnews.com.br\/?tag=recontam"}},"comments_number":"0","wpmagazine_modules_lite_featured_media_urls":{"thumbnail":["https:\/\/www.fatosefotosnews.com.br\/wp-content\/uploads\/2023\/09\/3b9992f35f5f9f3205f06fb88b26c22b-150x150.jpeg",150,150,true],"cvmm-medium":["https:\/\/www.fatosefotosnews.com.br\/wp-content\/uploads\/2023\/09\/3b9992f35f5f9f3205f06fb88b26c22b-300x300.jpeg",300,300,true],"cvmm-medium-plus":["https:\/\/www.fatosefotosnews.com.br\/wp-content\/uploads\/2023\/09\/3b9992f35f5f9f3205f06fb88b26c22b-305x207.jpeg",305,207,true],"cvmm-portrait":["https:\/\/www.fatosefotosnews.com.br\/wp-content\/uploads\/2023\/09\/3b9992f35f5f9f3205f06fb88b26c22b-400x600.jpeg",400,600,true],"cvmm-medium-square":["https:\/\/www.fatosefotosnews.com.br\/wp-content\/uploads\/2023\/09\/3b9992f35f5f9f3205f06fb88b26c22b-600x600.jpeg",600,600,true],"cvmm-large":["https:\/\/www.fatosefotosnews.com.br\/wp-content\/uploads\/2023\/09\/3b9992f35f5f9f3205f06fb88b26c22b.jpeg",1024,768,false],"cvmm-small":["https:\/\/www.fatosefotosnews.com.br\/wp-content\/uploads\/2023\/09\/3b9992f35f5f9f3205f06fb88b26c22b-130x95.jpeg",130,95,true],"full":["https:\/\/www.fatosefotosnews.com.br\/wp-content\/uploads\/2023\/09\/3b9992f35f5f9f3205f06fb88b26c22b.jpeg",1024,768,false]},"_links":{"self":[{"href":"https:\/\/www.fatosefotosnews.com.br\/index.php?rest_route=\/wp\/v2\/posts\/51510","targetHints":{"allow":["GET"]}}],"collection":[{"href":"https:\/\/www.fatosefotosnews.com.br\/index.php?rest_route=\/wp\/v2\/posts"}],"about":[{"href":"https:\/\/www.fatosefotosnews.com.br\/index.php?rest_route=\/wp\/v2\/types\/post"}],"author":[{"embeddable":true,"href":"https:\/\/www.fatosefotosnews.com.br\/index.php?rest_route=\/wp\/v2\/users\/5"}],"replies":[{"embeddable":true,"href":"https:\/\/www.fatosefotosnews.com.br\/index.php?rest_route=%2Fwp%2Fv2%2Fcomments&post=51510"}],"version-history":[{"count":0,"href":"https:\/\/www.fatosefotosnews.com.br\/index.php?rest_route=\/wp\/v2\/posts\/51510\/revisions"}],"wp:featuredmedia":[{"embeddable":true,"href":"https:\/\/www.fatosefotosnews.com.br\/index.php?rest_route=\/wp\/v2\/media\/51511"}],"wp:attachment":[{"href":"https:\/\/www.fatosefotosnews.com.br\/index.php?rest_route=%2Fwp%2Fv2%2Fmedia&parent=51510"}],"wp:term":[{"taxonomy":"category","embeddable":true,"href":"https:\/\/www.fatosefotosnews.com.br\/index.php?rest_route=%2Fwp%2Fv2%2Fcategories&post=51510"},{"taxonomy":"post_tag","embeddable":true,"href":"https:\/\/www.fatosefotosnews.com.br\/index.php?rest_route=%2Fwp%2Fv2%2Ftags&post=51510"}],"curies":[{"name":"wp","href":"https:\/\/api.w.org\/{rel}","templated":true}]}}