{"id":52736,"date":"2023-09-26T11:26:01","date_gmt":"2023-09-26T14:26:01","guid":{"rendered":"https:\/\/www.fatosefotosnews.com.br\/italia-mulher-encontra-granada-da-2a-guerra-mundial-dentro-de-casa\/"},"modified":"2023-09-26T11:26:01","modified_gmt":"2023-09-26T14:26:01","slug":"italia-mulher-encontra-granada-da-2a-guerra-mundial-dentro-de-casa","status":"publish","type":"post","link":"https:\/\/www.fatosefotosnews.com.br\/?p=52736","title":{"rendered":"It\u00e1lia: mulher encontra granada da 2\u00aa Guerra Mundial dentro de casa"},"content":{"rendered":"<p><meta name=\"robots\" content=\"noindex\"><mreta name=\"googlebot\" content=\"noindex\"><\/p>\n<div class=\"Noticia_Foto fato\">\n<figure class=\"foto-legenda\" style=\"position: relative\">\n<div class=\"foto-legenda-img\"> <img fetchpriority=\"high\" decoding=\"async\" src=\"https:\/\/i0.statig.com.br\/bancodeimagens\/8s\/ci\/es\/8sciest4gigjwwrzfef4m6q39.jpg\" width=\"906\" height=\"509\" alt=\"Granada da Segunda Guerra Mundial\" title=\"Granada da Segunda Guerra Mundial\"> <\/div><figcaption class=\"foto-legenda-citacao\"> <cite>Reprodu\u00e7\u00e3o: commons<\/cite> <\/p>\n<div class=\"foto-legenda-citacao-text\">Granada da Segunda Guerra Mundial<\/div>\n<\/figcaption><\/figure>\n<\/p>\n<\/div>\n<p class>Uma mulher encontrou uma granada de m\u00e3o da Segunda Guerra Mundial (1939-1945) na casa do pr\u00f3prio pai, localizada na regi\u00e3o central de Mil\u00e3o, na It\u00e1lia.<\/p>\n<p>De acordo com as autoridades locais, a filha do homem acionou a pol\u00edcia ap\u00f3s ter achado o artefato explosivo dentro de um arm\u00e1rio da sala de jantar do pai, que faleceu h\u00e1 um m\u00eas.<\/p>\n<p>A granada de cor vermelha, modelo 35 SRCM (Societ\u00e0 Romana Di Cesistenza Meccaniche), estava guardada em uma caixa de papel\u00e3o.<\/p>\n<p>O explosivo foi retirado da resid\u00eancia pelo esquadr\u00e3o antibombas da pol\u00edcia milanesa. A granada, a partir de agora, ser\u00e1 confiada a engenheiros militares que v\u00e3o transport\u00e1-la para uma \u00e1rea isolada, onde ser\u00e1 detonada.<\/p>\n<p>Essa n\u00e3o \u00e9 a primeira vez que isso acontece na It\u00e1lia. Em 2022, na cidade de Lecco, uma idosa encontrou o mesmo modelo de granada na garagem da pr\u00f3pria casa durante uma arruma\u00e7\u00e3o no recinto. Ela pertencia ao marido da mulher, que havia falecido recentemente.<\/p>\n<div>  <\/div>\n<p class=\"\">O armamento foi usado pelas for\u00e7as italianas e alem\u00e3s durante a Segunda Guerra Mundial, mas tamb\u00e9m foi utilizado nos anos posteriores ao conflito pelo Ex\u00e9rcito da It\u00e1lia.<\/p>\n<p>Em fun\u00e7\u00e3o da cor avermelhada, o explosivo foi apelidado de &#8220;Diabo Vermelho&#8221; pelos soldados Aliados. Compacta, a granada foi projetada para explodir instantaneamente com o impacto, o que a tornava extremamente perigosa.<\/p>\n<p id=\"infocoweb_fonte\" class=\"infocoweb_fonte\">Fonte: <a target=\"_blank\" href=\"https:\/\/ultimosegundo.ig.com.br\/ultimosegundo.ig.com.br\/mundo\/2023-09-26\/italia--mulher-encontra-granada-da-2-guerra-mundial-dentro-de-casa.html#d05ee72e-33a6-436b-9804-2cbd8047199e\" rel=\"noopener\">Internacional<\/a><\/p>\n","protected":false},"excerpt":{"rendered":"<p>Reprodu\u00e7\u00e3o: commons Granada da Segunda Guerra Mundial Uma mulher encontrou uma granada de m\u00e3o da Segunda Guerra Mundial (1939-1945) na casa do pr\u00f3prio pai, localizada na regi\u00e3o central de Mil\u00e3o, na It\u00e1lia. De acordo com as autoridades locais, a filha do homem acionou a pol\u00edcia ap\u00f3s ter achado o artefato explosivo dentro de um arm\u00e1rio [&hellip;]<\/p>\n","protected":false},"author":5,"featured_media":52737,"comment_status":"open","ping_status":"open","sticky":false,"template":"","format":"standard","meta":{"_acf_changed":false,"_angie_page":false,"_monsterinsights_skip_tracking":false,"_themeisle_gutenberg_block_has_review":false,"page_builder":"","footnotes":"","jetpack_publicize_message":"","jetpack_publicize_feature_enabled":true,"jetpack_social_post_already_shared":false,"jetpack_social_options":{"image_generator_settings":{"template":"highway","default_image_id":0,"font":"","enabled":false},"version":2}},"categories":[12],"tags":[789,786,14624,671,961,234,424],"class_list":["post-52736","post","type-post","status-publish","format-standard","has-post-thumbnail","hentry","category-mundo","tag-dentro","tag-encontra","tag-granada","tag-guerra","tag-italia","tag-mulher","tag-mundial"],"acf":[],"nelio_content":{"autoShareEndMode":"never","automationSources":{"useCustomSentences":false,"customSentences":[]},"efiAlt":"","efiUrl":"","followers":[5],"highlights":[],"isAutoShareEnabled":true,"networkImageIds":[],"permalinkQueryArgs":[],"series":[],"suggestedReferences":[]},"yoast_head":"<!-- This site is optimized with the Yoast SEO plugin v28.3 - https:\/\/yoast.com\/product\/yoast-seo-wordpress\/ -->\n<title>It\u00e1lia: mulher encontra granada da 2\u00aa Guerra Mundial dentro de casa<\/title>\n<meta name=\"description\" content=\"It\u00e1lia: mulher encontra granada da 2\u00aa Guerra Mundial dentro de casa\" \/>\n<meta name=\"robots\" content=\"index, follow, max-snippet:-1, max-image-preview:large, max-video-preview:-1\" \/>\n<link rel=\"canonical\" href=\"https:\/\/www.fatosefotosnews.com.br\/?p=52736\" \/>\n<meta property=\"og:locale\" content=\"pt_BR\" \/>\n<meta property=\"og:type\" content=\"article\" \/>\n<meta property=\"og:title\" content=\"It\u00e1lia: mulher encontra granada da 2\u00aa Guerra Mundial dentro de casa\" \/>\n<meta property=\"og:description\" content=\"It\u00e1lia: mulher encontra granada da 2\u00aa Guerra Mundial dentro de casa\" \/>\n<meta property=\"og:url\" content=\"https:\/\/www.fatosefotosnews.com.br\/?p=52736\" \/>\n<meta property=\"og:site_name\" content=\"Fatos e Fotos News\" \/>\n<meta property=\"article:published_time\" content=\"2023-09-26T14:26:01+00:00\" \/>\n<meta property=\"og:image\" content=\"https:\/\/www.fatosefotosnews.com.br\/wp-content\/uploads\/2023\/09\/3fcc96deee548ac1fbcc6ab5c767eabe.jpeg\" \/>\n\t<meta property=\"og:image:width\" content=\"1024\" \/>\n\t<meta property=\"og:image:height\" content=\"576\" \/>\n\t<meta property=\"og:image:type\" content=\"image\/jpeg\" \/>\n<meta name=\"author\" content=\"Da Reda\u00e7\u00e3o\" \/>\n<meta name=\"twitter:card\" content=\"summary_large_image\" \/>\n<meta name=\"twitter:label1\" content=\"Escrito por\" \/>\n\t<meta name=\"twitter:data1\" content=\"Da Reda\u00e7\u00e3o\" \/>\n\t<meta name=\"twitter:label2\" content=\"Est. tempo de leitura\" \/>\n\t<meta name=\"twitter:data2\" content=\"99 minutos\" \/>\n<script type=\"application\/ld+json\" class=\"yoast-schema-graph\">{\"@context\":\"https:\\\/\\\/schema.org\",\"@graph\":[{\"@type\":\"Article\",\"@id\":\"https:\\\/\\\/www.fatosefotosnews.com.br\\\/?p=52736#article\",\"isPartOf\":{\"@id\":\"https:\\\/\\\/www.fatosefotosnews.com.br\\\/?p=52736\"},\"author\":{\"name\":\"Da Reda\u00e7\u00e3o\",\"@id\":\"https:\\\/\\\/www.fatosefotosnews.com.br\\\/#\\\/schema\\\/person\\\/3b80f81d08670fb1f6690e07eb8b5dc6\"},\"headline\":\"It\u00e1lia: mulher encontra granada da 2\u00aa Guerra Mundial dentro de casa\",\"datePublished\":\"2023-09-26T14:26:01+00:00\",\"mainEntityOfPage\":{\"@id\":\"https:\\\/\\\/www.fatosefotosnews.com.br\\\/?p=52736\"},\"wordCount\":259,\"commentCount\":0,\"publisher\":{\"@id\":\"https:\\\/\\\/www.fatosefotosnews.com.br\\\/#organization\"},\"image\":{\"@id\":\"https:\\\/\\\/www.fatosefotosnews.com.br\\\/?p=52736#primaryimage\"},\"thumbnailUrl\":\"https:\\\/\\\/www.fatosefotosnews.com.br\\\/wp-content\\\/uploads\\\/2023\\\/09\\\/3fcc96deee548ac1fbcc6ab5c767eabe.jpeg\",\"keywords\":[\"dentro\",\"encontra\",\"granada\",\"guerra\",\"italia\",\"Mulher\",\"mundial\"],\"articleSection\":[\"Mundo\"],\"inLanguage\":\"pt-BR\",\"potentialAction\":[{\"@type\":\"CommentAction\",\"name\":\"Comment\",\"target\":[\"https:\\\/\\\/www.fatosefotosnews.com.br\\\/?p=52736#respond\"]}]},{\"@type\":\"WebPage\",\"@id\":\"https:\\\/\\\/www.fatosefotosnews.com.br\\\/?p=52736\",\"url\":\"https:\\\/\\\/www.fatosefotosnews.com.br\\\/?p=52736\",\"name\":\"It\u00e1lia: mulher encontra granada da 2\u00aa Guerra Mundial dentro de casa\",\"isPartOf\":{\"@id\":\"https:\\\/\\\/www.fatosefotosnews.com.br\\\/#website\"},\"primaryImageOfPage\":{\"@id\":\"https:\\\/\\\/www.fatosefotosnews.com.br\\\/?p=52736#primaryimage\"},\"image\":{\"@id\":\"https:\\\/\\\/www.fatosefotosnews.com.br\\\/?p=52736#primaryimage\"},\"thumbnailUrl\":\"https:\\\/\\\/www.fatosefotosnews.com.br\\\/wp-content\\\/uploads\\\/2023\\\/09\\\/3fcc96deee548ac1fbcc6ab5c767eabe.jpeg\",\"datePublished\":\"2023-09-26T14:26:01+00:00\",\"description\":\"It\u00e1lia: mulher encontra granada da 2\u00aa Guerra Mundial dentro de casa\",\"breadcrumb\":{\"@id\":\"https:\\\/\\\/www.fatosefotosnews.com.br\\\/?p=52736#breadcrumb\"},\"inLanguage\":\"pt-BR\",\"potentialAction\":[{\"@type\":\"ReadAction\",\"target\":[\"https:\\\/\\\/www.fatosefotosnews.com.br\\\/?p=52736\"]}]},{\"@type\":\"ImageObject\",\"inLanguage\":\"pt-BR\",\"@id\":\"https:\\\/\\\/www.fatosefotosnews.com.br\\\/?p=52736#primaryimage\",\"url\":\"https:\\\/\\\/www.fatosefotosnews.com.br\\\/wp-content\\\/uploads\\\/2023\\\/09\\\/3fcc96deee548ac1fbcc6ab5c767eabe.jpeg\",\"contentUrl\":\"https:\\\/\\\/www.fatosefotosnews.com.br\\\/wp-content\\\/uploads\\\/2023\\\/09\\\/3fcc96deee548ac1fbcc6ab5c767eabe.jpeg\",\"width\":1024,\"height\":576,\"caption\":\"Reprodu\u00e7\u00e3o: commons Granada da Segunda Guerra Mundial\"},{\"@type\":\"BreadcrumbList\",\"@id\":\"https:\\\/\\\/www.fatosefotosnews.com.br\\\/?p=52736#breadcrumb\",\"itemListElement\":[{\"@type\":\"ListItem\",\"position\":1,\"name\":\"In\u00edcio\",\"item\":\"https:\\\/\\\/www.fatosefotosnews.com.br\\\/\"},{\"@type\":\"ListItem\",\"position\":2,\"name\":\"It\u00e1lia: mulher encontra granada da 2\u00aa Guerra Mundial dentro de casa\"}]},{\"@type\":\"WebSite\",\"@id\":\"https:\\\/\\\/www.fatosefotosnews.com.br\\\/#website\",\"url\":\"https:\\\/\\\/www.fatosefotosnews.com.br\\\/\",\"name\":\"Fatos e Fotos News\",\"description\":\"Um site de noticial verdadeira e confi\u00e1veis.\",\"publisher\":{\"@id\":\"https:\\\/\\\/www.fatosefotosnews.com.br\\\/#organization\"},\"potentialAction\":[{\"@type\":\"SearchAction\",\"target\":{\"@type\":\"EntryPoint\",\"urlTemplate\":\"https:\\\/\\\/www.fatosefotosnews.com.br\\\/?s={search_term_string}\"},\"query-input\":{\"@type\":\"PropertyValueSpecification\",\"valueRequired\":true,\"valueName\":\"search_term_string\"}}],\"inLanguage\":\"pt-BR\"},{\"@type\":\"Organization\",\"@id\":\"https:\\\/\\\/www.fatosefotosnews.com.br\\\/#organization\",\"name\":\"Fatos e Fotos News\",\"url\":\"https:\\\/\\\/www.fatosefotosnews.com.br\\\/\",\"logo\":{\"@type\":\"ImageObject\",\"inLanguage\":\"pt-BR\",\"@id\":\"https:\\\/\\\/www.fatosefotosnews.com.br\\\/#\\\/schema\\\/logo\\\/image\\\/\",\"url\":\"https:\\\/\\\/www.fatosefotosnews.com.br\\\/wp-content\\\/uploads\\\/2023\\\/02\\\/Fatos-e-Fotos-news-logo.png\",\"contentUrl\":\"https:\\\/\\\/www.fatosefotosnews.com.br\\\/wp-content\\\/uploads\\\/2023\\\/02\\\/Fatos-e-Fotos-news-logo.png\",\"width\":300,\"height\":58,\"caption\":\"Fatos e Fotos News\"},\"image\":{\"@id\":\"https:\\\/\\\/www.fatosefotosnews.com.br\\\/#\\\/schema\\\/logo\\\/image\\\/\"}},{\"@type\":\"Person\",\"@id\":\"https:\\\/\\\/www.fatosefotosnews.com.br\\\/#\\\/schema\\\/person\\\/3b80f81d08670fb1f6690e07eb8b5dc6\",\"name\":\"Da Reda\u00e7\u00e3o\",\"image\":{\"@type\":\"ImageObject\",\"inLanguage\":\"pt-BR\",\"@id\":\"https:\\\/\\\/secure.gravatar.com\\\/avatar\\\/696d39935a657bf0fc95044dbc9f912520430a0eb6dd46c85dd97eb6483b249b?s=96&d=mm&r=g\",\"url\":\"https:\\\/\\\/secure.gravatar.com\\\/avatar\\\/696d39935a657bf0fc95044dbc9f912520430a0eb6dd46c85dd97eb6483b249b?s=96&d=mm&r=g\",\"contentUrl\":\"https:\\\/\\\/secure.gravatar.com\\\/avatar\\\/696d39935a657bf0fc95044dbc9f912520430a0eb6dd46c85dd97eb6483b249b?s=96&d=mm&r=g\",\"caption\":\"Da Reda\u00e7\u00e3o\"},\"url\":\"https:\\\/\\\/www.fatosefotosnews.com.br\\\/?author=5\"}]}<\/script>\n<!-- \/ Yoast SEO plugin. -->","yoast_head_json":{"title":"It\u00e1lia: mulher encontra granada da 2\u00aa Guerra Mundial dentro de casa","description":"It\u00e1lia: mulher encontra granada da 2\u00aa Guerra Mundial dentro de casa","robots":{"index":"index","follow":"follow","max-snippet":"max-snippet:-1","max-image-preview":"max-image-preview:large","max-video-preview":"max-video-preview:-1"},"canonical":"https:\/\/www.fatosefotosnews.com.br\/?p=52736","og_locale":"pt_BR","og_type":"article","og_title":"It\u00e1lia: mulher encontra granada da 2\u00aa Guerra Mundial dentro de casa","og_description":"It\u00e1lia: mulher encontra granada da 2\u00aa Guerra Mundial dentro de casa","og_url":"https:\/\/www.fatosefotosnews.com.br\/?p=52736","og_site_name":"Fatos e Fotos News","article_published_time":"2023-09-26T14:26:01+00:00","og_image":[{"width":1024,"height":576,"url":"https:\/\/www.fatosefotosnews.com.br\/wp-content\/uploads\/2023\/09\/3fcc96deee548ac1fbcc6ab5c767eabe.jpeg","type":"image\/jpeg"}],"author":"Da Reda\u00e7\u00e3o","twitter_card":"summary_large_image","twitter_misc":{"Escrito por":"Da Reda\u00e7\u00e3o","Est. tempo de leitura":"99 minutos"},"schema":{"@context":"https:\/\/schema.org","@graph":[{"@type":"Article","@id":"https:\/\/www.fatosefotosnews.com.br\/?p=52736#article","isPartOf":{"@id":"https:\/\/www.fatosefotosnews.com.br\/?p=52736"},"author":{"name":"Da Reda\u00e7\u00e3o","@id":"https:\/\/www.fatosefotosnews.com.br\/#\/schema\/person\/3b80f81d08670fb1f6690e07eb8b5dc6"},"headline":"It\u00e1lia: mulher encontra granada da 2\u00aa Guerra Mundial dentro de casa","datePublished":"2023-09-26T14:26:01+00:00","mainEntityOfPage":{"@id":"https:\/\/www.fatosefotosnews.com.br\/?p=52736"},"wordCount":259,"commentCount":0,"publisher":{"@id":"https:\/\/www.fatosefotosnews.com.br\/#organization"},"image":{"@id":"https:\/\/www.fatosefotosnews.com.br\/?p=52736#primaryimage"},"thumbnailUrl":"https:\/\/www.fatosefotosnews.com.br\/wp-content\/uploads\/2023\/09\/3fcc96deee548ac1fbcc6ab5c767eabe.jpeg","keywords":["dentro","encontra","granada","guerra","italia","Mulher","mundial"],"articleSection":["Mundo"],"inLanguage":"pt-BR","potentialAction":[{"@type":"CommentAction","name":"Comment","target":["https:\/\/www.fatosefotosnews.com.br\/?p=52736#respond"]}]},{"@type":"WebPage","@id":"https:\/\/www.fatosefotosnews.com.br\/?p=52736","url":"https:\/\/www.fatosefotosnews.com.br\/?p=52736","name":"It\u00e1lia: mulher encontra granada da 2\u00aa Guerra Mundial dentro de casa","isPartOf":{"@id":"https:\/\/www.fatosefotosnews.com.br\/#website"},"primaryImageOfPage":{"@id":"https:\/\/www.fatosefotosnews.com.br\/?p=52736#primaryimage"},"image":{"@id":"https:\/\/www.fatosefotosnews.com.br\/?p=52736#primaryimage"},"thumbnailUrl":"https:\/\/www.fatosefotosnews.com.br\/wp-content\/uploads\/2023\/09\/3fcc96deee548ac1fbcc6ab5c767eabe.jpeg","datePublished":"2023-09-26T14:26:01+00:00","description":"It\u00e1lia: mulher encontra granada da 2\u00aa Guerra Mundial dentro de casa","breadcrumb":{"@id":"https:\/\/www.fatosefotosnews.com.br\/?p=52736#breadcrumb"},"inLanguage":"pt-BR","potentialAction":[{"@type":"ReadAction","target":["https:\/\/www.fatosefotosnews.com.br\/?p=52736"]}]},{"@type":"ImageObject","inLanguage":"pt-BR","@id":"https:\/\/www.fatosefotosnews.com.br\/?p=52736#primaryimage","url":"https:\/\/www.fatosefotosnews.com.br\/wp-content\/uploads\/2023\/09\/3fcc96deee548ac1fbcc6ab5c767eabe.jpeg","contentUrl":"https:\/\/www.fatosefotosnews.com.br\/wp-content\/uploads\/2023\/09\/3fcc96deee548ac1fbcc6ab5c767eabe.jpeg","width":1024,"height":576,"caption":"Reprodu\u00e7\u00e3o: commons Granada da Segunda Guerra Mundial"},{"@type":"BreadcrumbList","@id":"https:\/\/www.fatosefotosnews.com.br\/?p=52736#breadcrumb","itemListElement":[{"@type":"ListItem","position":1,"name":"In\u00edcio","item":"https:\/\/www.fatosefotosnews.com.br\/"},{"@type":"ListItem","position":2,"name":"It\u00e1lia: mulher encontra granada da 2\u00aa Guerra Mundial dentro de casa"}]},{"@type":"WebSite","@id":"https:\/\/www.fatosefotosnews.com.br\/#website","url":"https:\/\/www.fatosefotosnews.com.br\/","name":"Fatos e Fotos News","description":"Um site de noticial verdadeira e confi\u00e1veis.","publisher":{"@id":"https:\/\/www.fatosefotosnews.com.br\/#organization"},"potentialAction":[{"@type":"SearchAction","target":{"@type":"EntryPoint","urlTemplate":"https:\/\/www.fatosefotosnews.com.br\/?s={search_term_string}"},"query-input":{"@type":"PropertyValueSpecification","valueRequired":true,"valueName":"search_term_string"}}],"inLanguage":"pt-BR"},{"@type":"Organization","@id":"https:\/\/www.fatosefotosnews.com.br\/#organization","name":"Fatos e Fotos News","url":"https:\/\/www.fatosefotosnews.com.br\/","logo":{"@type":"ImageObject","inLanguage":"pt-BR","@id":"https:\/\/www.fatosefotosnews.com.br\/#\/schema\/logo\/image\/","url":"https:\/\/www.fatosefotosnews.com.br\/wp-content\/uploads\/2023\/02\/Fatos-e-Fotos-news-logo.png","contentUrl":"https:\/\/www.fatosefotosnews.com.br\/wp-content\/uploads\/2023\/02\/Fatos-e-Fotos-news-logo.png","width":300,"height":58,"caption":"Fatos e Fotos News"},"image":{"@id":"https:\/\/www.fatosefotosnews.com.br\/#\/schema\/logo\/image\/"}},{"@type":"Person","@id":"https:\/\/www.fatosefotosnews.com.br\/#\/schema\/person\/3b80f81d08670fb1f6690e07eb8b5dc6","name":"Da Reda\u00e7\u00e3o","image":{"@type":"ImageObject","inLanguage":"pt-BR","@id":"https:\/\/secure.gravatar.com\/avatar\/696d39935a657bf0fc95044dbc9f912520430a0eb6dd46c85dd97eb6483b249b?s=96&d=mm&r=g","url":"https:\/\/secure.gravatar.com\/avatar\/696d39935a657bf0fc95044dbc9f912520430a0eb6dd46c85dd97eb6483b249b?s=96&d=mm&r=g","contentUrl":"https:\/\/secure.gravatar.com\/avatar\/696d39935a657bf0fc95044dbc9f912520430a0eb6dd46c85dd97eb6483b249b?s=96&d=mm&r=g","caption":"Da Reda\u00e7\u00e3o"},"url":"https:\/\/www.fatosefotosnews.com.br\/?author=5"}]}},"jetpack_publicize_connections":[],"blog_post_layout_featured_media_urls":{"thumbnail":["https:\/\/www.fatosefotosnews.com.br\/wp-content\/uploads\/2023\/09\/3fcc96deee548ac1fbcc6ab5c767eabe-150x150.jpeg",150,150,true],"full":["https:\/\/www.fatosefotosnews.com.br\/wp-content\/uploads\/2023\/09\/3fcc96deee548ac1fbcc6ab5c767eabe.jpeg",1024,576,false]},"categories_names":{"12":{"name":"Mundo","link":"https:\/\/www.fatosefotosnews.com.br\/?cat=12"}},"tags_names":{"789":{"name":"dentro","link":"https:\/\/www.fatosefotosnews.com.br\/?tag=dentro"},"786":{"name":"encontra","link":"https:\/\/www.fatosefotosnews.com.br\/?tag=encontra"},"14624":{"name":"granada","link":"https:\/\/www.fatosefotosnews.com.br\/?tag=granada"},"671":{"name":"guerra","link":"https:\/\/www.fatosefotosnews.com.br\/?tag=guerra"},"961":{"name":"italia","link":"https:\/\/www.fatosefotosnews.com.br\/?tag=italia"},"234":{"name":"Mulher","link":"https:\/\/www.fatosefotosnews.com.br\/?tag=mulher"},"424":{"name":"mundial","link":"https:\/\/www.fatosefotosnews.com.br\/?tag=mundial"}},"comments_number":"0","wpmagazine_modules_lite_featured_media_urls":{"thumbnail":["https:\/\/www.fatosefotosnews.com.br\/wp-content\/uploads\/2023\/09\/3fcc96deee548ac1fbcc6ab5c767eabe-150x150.jpeg",150,150,true],"cvmm-medium":["https:\/\/www.fatosefotosnews.com.br\/wp-content\/uploads\/2023\/09\/3fcc96deee548ac1fbcc6ab5c767eabe-300x300.jpeg",300,300,true],"cvmm-medium-plus":["https:\/\/www.fatosefotosnews.com.br\/wp-content\/uploads\/2023\/09\/3fcc96deee548ac1fbcc6ab5c767eabe-305x207.jpeg",305,207,true],"cvmm-portrait":["https:\/\/www.fatosefotosnews.com.br\/wp-content\/uploads\/2023\/09\/3fcc96deee548ac1fbcc6ab5c767eabe-400x576.jpeg",400,576,true],"cvmm-medium-square":["https:\/\/www.fatosefotosnews.com.br\/wp-content\/uploads\/2023\/09\/3fcc96deee548ac1fbcc6ab5c767eabe-600x576.jpeg",600,576,true],"cvmm-large":["https:\/\/www.fatosefotosnews.com.br\/wp-content\/uploads\/2023\/09\/3fcc96deee548ac1fbcc6ab5c767eabe.jpeg",1024,576,false],"cvmm-small":["https:\/\/www.fatosefotosnews.com.br\/wp-content\/uploads\/2023\/09\/3fcc96deee548ac1fbcc6ab5c767eabe-130x95.jpeg",130,95,true],"full":["https:\/\/www.fatosefotosnews.com.br\/wp-content\/uploads\/2023\/09\/3fcc96deee548ac1fbcc6ab5c767eabe.jpeg",1024,576,false]},"_links":{"self":[{"href":"https:\/\/www.fatosefotosnews.com.br\/index.php?rest_route=\/wp\/v2\/posts\/52736","targetHints":{"allow":["GET"]}}],"collection":[{"href":"https:\/\/www.fatosefotosnews.com.br\/index.php?rest_route=\/wp\/v2\/posts"}],"about":[{"href":"https:\/\/www.fatosefotosnews.com.br\/index.php?rest_route=\/wp\/v2\/types\/post"}],"author":[{"embeddable":true,"href":"https:\/\/www.fatosefotosnews.com.br\/index.php?rest_route=\/wp\/v2\/users\/5"}],"replies":[{"embeddable":true,"href":"https:\/\/www.fatosefotosnews.com.br\/index.php?rest_route=%2Fwp%2Fv2%2Fcomments&post=52736"}],"version-history":[{"count":0,"href":"https:\/\/www.fatosefotosnews.com.br\/index.php?rest_route=\/wp\/v2\/posts\/52736\/revisions"}],"wp:featuredmedia":[{"embeddable":true,"href":"https:\/\/www.fatosefotosnews.com.br\/index.php?rest_route=\/wp\/v2\/media\/52737"}],"wp:attachment":[{"href":"https:\/\/www.fatosefotosnews.com.br\/index.php?rest_route=%2Fwp%2Fv2%2Fmedia&parent=52736"}],"wp:term":[{"taxonomy":"category","embeddable":true,"href":"https:\/\/www.fatosefotosnews.com.br\/index.php?rest_route=%2Fwp%2Fv2%2Fcategories&post=52736"},{"taxonomy":"post_tag","embeddable":true,"href":"https:\/\/www.fatosefotosnews.com.br\/index.php?rest_route=%2Fwp%2Fv2%2Ftags&post=52736"}],"curies":[{"name":"wp","href":"https:\/\/api.w.org\/{rel}","templated":true}]}}