{"id":54293,"date":"2023-10-05T16:17:09","date_gmt":"2023-10-05T19:17:09","guid":{"rendered":"https:\/\/www.fatosefotosnews.com.br\/queda-do-desmatamento-na-am-alcanca-50-em-setembro-diz-marina-silva\/"},"modified":"2023-10-05T16:17:09","modified_gmt":"2023-10-05T19:17:09","slug":"queda-do-desmatamento-na-am-alcanca-50-em-setembro-diz-marina-silva","status":"publish","type":"post","link":"https:\/\/www.fatosefotosnews.com.br\/?p=54293","title":{"rendered":"Queda do desmatamento na AM alcan\u00e7a 50% em setembro, diz Marina Silva"},"content":{"rendered":"<p>A ministra do Meio Ambiente e Mudan\u00e7a do Clima, Marina Silva, participou, nesta quinta-feira (5), em Bras\u00edlia, do 7\u00ba F\u00f3rum Nacional de Controle, com o tema Desenvolvimento Sustent\u00e1vel e o Controle \u2013 Conectando Fiscaliza\u00e7\u00f5es, Governan\u00e7a e Sustentabilidade.<img decoding=\"async\" src=\"https:\/\/agenciabrasil.ebc.com.br\/ebc.png?id=1559423&#038;o=node\" style=\"width:1px;height:1px\"><img decoding=\"async\" src=\"https:\/\/agenciabrasil.ebc.com.br\/ebc.gif?id=1559423&#038;o=node\" style=\"width:1px;height:1px\"><\/p>\n<p>No evento organizado pelo Tribunal de Constas da Uni\u00e3o (TCU), a ministra Marina Silva adiantou que a redu\u00e7\u00e3o do desmatamento na Amaz\u00f4nia deve alcan\u00e7ar 50%, no monitoramento de setembro. Em agosto, a queda do desmatamento no bioma registrada foi 48%.<\/p>\n<p>\u201cProvavelmente, nesse m\u00eas de setembro, vai aumentar um pouquinho de 48% para 50% a redu\u00e7\u00e3o do desmatamento [na Amaz\u00f4nia]. No estado do Amazonas, a redu\u00e7\u00e3o foi de 64% e uma redu\u00e7\u00e3o de 50% nas queimadas\u201d, celebra Marina Silva.<\/p>\n<blockquote>\n<p>&#8220;Mesmo assim, temos que quebrar a in\u00e9rcia dos resultados j\u00e1 alcan\u00e7ados porque para o planeta e para n\u00f3s mesmos ainda s\u00e3o insuficientes\u201d, n\u00e3o se acomoda, diz Marina Silva.<\/p>\n<\/blockquote>\n<p>A ministra tamb\u00e9m apontou os efeitos combinados do fen\u00f4meno natural <em>El Ni\u00f1o<\/em> e do aquecimento das \u00e1guas do oceano Atl\u00e2ntico, este \u00faltimo resultado das mudan\u00e7as clim\u00e1ticas, que acarretaram eventos extremos. Ela citou alguns efeitos como as fortes chuvas no Rio Grande do Sul e, paralelamente, a seca nos rios do Amazonas e as mortes de toneladas de peixes e de mais de 100 botos e tucuxis, porque a temperatura das \u00e1guas dos rios chegou a 39\u00ba graus<em> Celsius<\/em>.<\/p>\n<p>A ministra entende que o Brasil poder\u00e1 ser um grande exportador de sustentabilidade. \u201cJ\u00e1 temos o Plano de Transforma\u00e7\u00e3o Ecol\u00f3gica; o Plano de Agricultura de Baixo Carbono e estamos com o Plano de Preven\u00e7\u00e3o e Controle do Desmatamento para todos os biomas brasileiros. N\u00e3o \u00e9 f\u00e1cil, mas, com certeza, n\u00e3o \u00e9 imposs\u00edvel. Sendo olhados, sendo vistos, criaremos o necess\u00e1rio constrangimento \u00e9tico para toda a humanidade de que o que estamos fazendo ainda \u00e9 insuficiente\u201d.<\/p>\n<p>Marina prop\u00f4s um acordo para a quest\u00e3o ambiental, como ocorreu no sistema financeiro mundial, como forma de preservar a natureza. \u201cTemos que fazer um acordo da Basileia tamb\u00e9m para o planeta. S\u00f3 podem existir atividades, se tiver lastro na natureza, capacidade de suporte da natureza. Se n\u00e3o tiver, essas atividades n\u00e3o podem ser feitas\u201d. O Acordo de Basileia, de 1988, teve o objetivo de regular o funcionamento de bancos e diversas institui\u00e7\u00f5es financeiras mundiais.<\/p>\n<p>No fim de sua fala, Marina Silva questionou a forma como ela e a ministra dos Povos Ind\u00edgenas, Sonia Guajajara, foram tratadas, em viagem a Manaus (AM), nesta quarta-feira (4), para conferir a situa\u00e7\u00e3o de alerta dos munic\u00edpios do Amazonas, devido \u00e0 seca. As duas ministras acompanharam o vice-presidente Geraldo Alckmin, na visita da comitiva do governo federal. \u201cOntem, as palavras mais duras foram dirigidas a mim e \u00e0 ministra Soninha [Guajajara]. E eu pensei o porqu\u00ea. Quando os povos ind\u00edgenas protegem 80% das florestas existentes no planeta, as palavras duras foram dirigidas a n\u00f3s. \u00c0s vezes, a consci\u00eancia da gente projeta em outro algu\u00e9m aquilo que n\u00e3o queremos assumir como responsabilidade\u201d, disparou a ministra.<\/p>\n<p>Nesta quarta-feira (4), a ministra foi criticada por pol\u00edticos locais pela demora na concess\u00e3o da licen\u00e7a ambiental para pavimenta\u00e7\u00e3o da rodovia federal BR-319, que liga o Amazonas a Porto Velho (RO) e ao restante do pa\u00eds. Na ocasi\u00e3o, a ministra disse que este \u00e9 um processo t\u00e9cnico e estudos est\u00e3o sendo realizados para verificar a viabilidade das obras na BR, sem impactar a sustentabilidade local. \u201cNingu\u00e9m dificulta, ningu\u00e9m facilita\u201d, <a href=\"https:\/\/www.youtube.com\/watch?v=q-8vL_do7Hk\" target=\"_blank\" rel=\"noopener\">esclareceu a ministra<\/a>, em Manaus, na quarta-feira.<\/p>\n<p id=\"infocoweb_fonte\" class=\"infocoweb_fonte\">Fonte: <a target=\"_blank\" href=\"https:\/\/agenciabrasil.ebc.com.br\/geral\/noticia\/2023-10\/queda-do-desmatamento-na-am-alcanca-50-em-setembro-diz-marina-silva#5a5f0015-5795-4fed-b6fe-2b444b38c708\" rel=\"noopener\">EBC GERAL<\/a><\/p>\n","protected":false},"excerpt":{"rendered":"<p>A ministra do Meio Ambiente e Mudan\u00e7a do Clima, Marina Silva, participou, nesta quinta-feira (5), em Bras\u00edlia, do 7\u00ba F\u00f3rum Nacional de Controle, com o tema Desenvolvimento Sustent\u00e1vel e o Controle \u2013 Conectando Fiscaliza\u00e7\u00f5es, Governan\u00e7a e Sustentabilidade. No evento organizado pelo Tribunal de Constas da Uni\u00e3o (TCU), a ministra Marina Silva adiantou que a redu\u00e7\u00e3o [&hellip;]<\/p>\n","protected":false},"author":5,"featured_media":54294,"comment_status":"open","ping_status":"open","sticky":false,"template":"","format":"standard","meta":{"_acf_changed":false,"_angie_page":false,"_monsterinsights_skip_tracking":false,"_themeisle_gutenberg_block_has_review":false,"page_builder":"","footnotes":"","jetpack_publicize_message":"","jetpack_publicize_feature_enabled":true,"jetpack_social_post_already_shared":false,"jetpack_social_options":{"image_generator_settings":{"template":"highway","default_image_id":0,"font":"","enabled":false},"version":2}},"categories":[167],"tags":[1814,2303,1713,1575,6308,2520],"class_list":["post-54293","post","type-post","status-publish","format-standard","has-post-thumbnail","hentry","category-geral","tag-alcan","tag-desmatamento","tag-marina","tag-queda","tag-setembro","tag-silva"],"acf":[],"nelio_content":{"autoShareEndMode":"never","automationSources":{"useCustomSentences":false,"customSentences":[]},"efiAlt":"","efiUrl":"","followers":[5],"highlights":[],"isAutoShareEnabled":true,"networkImageIds":[],"permalinkQueryArgs":[],"series":[],"suggestedReferences":[]},"yoast_head":"<!-- This site is optimized with the Yoast SEO plugin v28.3 - https:\/\/yoast.com\/product\/yoast-seo-wordpress\/ -->\n<title>Queda do desmatamento na AM alcan\u00e7a 50% em setembro, diz Marina Silva<\/title>\n<meta name=\"description\" content=\"Queda do desmatamento na AM alcan\u00e7a 50% em setembro, diz Marina Silva\" \/>\n<meta name=\"robots\" content=\"index, follow, max-snippet:-1, max-image-preview:large, max-video-preview:-1\" \/>\n<link rel=\"canonical\" href=\"https:\/\/www.fatosefotosnews.com.br\/?p=54293\" \/>\n<meta property=\"og:locale\" content=\"pt_BR\" \/>\n<meta property=\"og:type\" content=\"article\" \/>\n<meta property=\"og:title\" content=\"Queda do desmatamento na AM alcan\u00e7a 50% em setembro, diz Marina Silva\" \/>\n<meta property=\"og:description\" content=\"Queda do desmatamento na AM alcan\u00e7a 50% em setembro, diz Marina Silva\" \/>\n<meta property=\"og:url\" content=\"https:\/\/www.fatosefotosnews.com.br\/?p=54293\" \/>\n<meta property=\"og:site_name\" content=\"Fatos e Fotos News\" \/>\n<meta property=\"article:published_time\" content=\"2023-10-05T19:17:09+00:00\" \/>\n<meta property=\"og:image\" content=\"https:\/\/www.fatosefotosnews.com.br\/wp-content\/uploads\/2023\/10\/038b5cd32f4b902169572ceb7f97657f.jpeg\" \/>\n\t<meta property=\"og:image:width\" content=\"1024\" \/>\n\t<meta property=\"og:image:height\" content=\"512\" \/>\n\t<meta property=\"og:image:type\" content=\"image\/jpeg\" \/>\n<meta name=\"author\" content=\"Da Reda\u00e7\u00e3o\" \/>\n<meta name=\"twitter:card\" content=\"summary_large_image\" \/>\n<meta name=\"twitter:label1\" content=\"Escrito por\" \/>\n\t<meta name=\"twitter:data1\" content=\"Da Reda\u00e7\u00e3o\" \/>\n\t<meta name=\"twitter:label2\" content=\"Est. tempo de leitura\" \/>\n\t<meta name=\"twitter:data2\" content=\"99 minutos\" \/>\n<script type=\"application\/ld+json\" class=\"yoast-schema-graph\">{\"@context\":\"https:\\\/\\\/schema.org\",\"@graph\":[{\"@type\":\"Article\",\"@id\":\"https:\\\/\\\/www.fatosefotosnews.com.br\\\/?p=54293#article\",\"isPartOf\":{\"@id\":\"https:\\\/\\\/www.fatosefotosnews.com.br\\\/?p=54293\"},\"author\":{\"name\":\"Da Reda\u00e7\u00e3o\",\"@id\":\"https:\\\/\\\/www.fatosefotosnews.com.br\\\/#\\\/schema\\\/person\\\/3b80f81d08670fb1f6690e07eb8b5dc6\"},\"headline\":\"Queda do desmatamento na AM alcan\u00e7a 50% em setembro, diz Marina Silva\",\"datePublished\":\"2023-10-05T19:17:09+00:00\",\"mainEntityOfPage\":{\"@id\":\"https:\\\/\\\/www.fatosefotosnews.com.br\\\/?p=54293\"},\"wordCount\":612,\"commentCount\":0,\"publisher\":{\"@id\":\"https:\\\/\\\/www.fatosefotosnews.com.br\\\/#organization\"},\"image\":{\"@id\":\"https:\\\/\\\/www.fatosefotosnews.com.br\\\/?p=54293#primaryimage\"},\"thumbnailUrl\":\"https:\\\/\\\/www.fatosefotosnews.com.br\\\/wp-content\\\/uploads\\\/2023\\\/10\\\/038b5cd32f4b902169572ceb7f97657f.jpeg\",\"keywords\":[\"alcan\",\"Desmatamento\",\"marina\",\"queda\",\"setembro\",\"silva\"],\"articleSection\":[\"Geral\"],\"inLanguage\":\"pt-BR\",\"potentialAction\":[{\"@type\":\"CommentAction\",\"name\":\"Comment\",\"target\":[\"https:\\\/\\\/www.fatosefotosnews.com.br\\\/?p=54293#respond\"]}]},{\"@type\":\"WebPage\",\"@id\":\"https:\\\/\\\/www.fatosefotosnews.com.br\\\/?p=54293\",\"url\":\"https:\\\/\\\/www.fatosefotosnews.com.br\\\/?p=54293\",\"name\":\"Queda do desmatamento na AM alcan\u00e7a 50% em setembro, diz Marina Silva\",\"isPartOf\":{\"@id\":\"https:\\\/\\\/www.fatosefotosnews.com.br\\\/#website\"},\"primaryImageOfPage\":{\"@id\":\"https:\\\/\\\/www.fatosefotosnews.com.br\\\/?p=54293#primaryimage\"},\"image\":{\"@id\":\"https:\\\/\\\/www.fatosefotosnews.com.br\\\/?p=54293#primaryimage\"},\"thumbnailUrl\":\"https:\\\/\\\/www.fatosefotosnews.com.br\\\/wp-content\\\/uploads\\\/2023\\\/10\\\/038b5cd32f4b902169572ceb7f97657f.jpeg\",\"datePublished\":\"2023-10-05T19:17:09+00:00\",\"description\":\"Queda do desmatamento na AM alcan\u00e7a 50% em setembro, diz Marina Silva\",\"breadcrumb\":{\"@id\":\"https:\\\/\\\/www.fatosefotosnews.com.br\\\/?p=54293#breadcrumb\"},\"inLanguage\":\"pt-BR\",\"potentialAction\":[{\"@type\":\"ReadAction\",\"target\":[\"https:\\\/\\\/www.fatosefotosnews.com.br\\\/?p=54293\"]}]},{\"@type\":\"ImageObject\",\"inLanguage\":\"pt-BR\",\"@id\":\"https:\\\/\\\/www.fatosefotosnews.com.br\\\/?p=54293#primaryimage\",\"url\":\"https:\\\/\\\/www.fatosefotosnews.com.br\\\/wp-content\\\/uploads\\\/2023\\\/10\\\/038b5cd32f4b902169572ceb7f97657f.jpeg\",\"contentUrl\":\"https:\\\/\\\/www.fatosefotosnews.com.br\\\/wp-content\\\/uploads\\\/2023\\\/10\\\/038b5cd32f4b902169572ceb7f97657f.jpeg\",\"width\":1024,\"height\":512,\"caption\":\"\u00a9 Fabio Rodrigues-Pozzebom\\\/ Ag\u00eancia\"},{\"@type\":\"BreadcrumbList\",\"@id\":\"https:\\\/\\\/www.fatosefotosnews.com.br\\\/?p=54293#breadcrumb\",\"itemListElement\":[{\"@type\":\"ListItem\",\"position\":1,\"name\":\"In\u00edcio\",\"item\":\"https:\\\/\\\/www.fatosefotosnews.com.br\\\/\"},{\"@type\":\"ListItem\",\"position\":2,\"name\":\"Queda do desmatamento na AM alcan\u00e7a 50% em setembro, diz Marina Silva\"}]},{\"@type\":\"WebSite\",\"@id\":\"https:\\\/\\\/www.fatosefotosnews.com.br\\\/#website\",\"url\":\"https:\\\/\\\/www.fatosefotosnews.com.br\\\/\",\"name\":\"Fatos e Fotos News\",\"description\":\"Um site de noticial verdadeira e confi\u00e1veis.\",\"publisher\":{\"@id\":\"https:\\\/\\\/www.fatosefotosnews.com.br\\\/#organization\"},\"potentialAction\":[{\"@type\":\"SearchAction\",\"target\":{\"@type\":\"EntryPoint\",\"urlTemplate\":\"https:\\\/\\\/www.fatosefotosnews.com.br\\\/?s={search_term_string}\"},\"query-input\":{\"@type\":\"PropertyValueSpecification\",\"valueRequired\":true,\"valueName\":\"search_term_string\"}}],\"inLanguage\":\"pt-BR\"},{\"@type\":\"Organization\",\"@id\":\"https:\\\/\\\/www.fatosefotosnews.com.br\\\/#organization\",\"name\":\"Fatos e Fotos News\",\"url\":\"https:\\\/\\\/www.fatosefotosnews.com.br\\\/\",\"logo\":{\"@type\":\"ImageObject\",\"inLanguage\":\"pt-BR\",\"@id\":\"https:\\\/\\\/www.fatosefotosnews.com.br\\\/#\\\/schema\\\/logo\\\/image\\\/\",\"url\":\"https:\\\/\\\/www.fatosefotosnews.com.br\\\/wp-content\\\/uploads\\\/2023\\\/02\\\/Fatos-e-Fotos-news-logo.png\",\"contentUrl\":\"https:\\\/\\\/www.fatosefotosnews.com.br\\\/wp-content\\\/uploads\\\/2023\\\/02\\\/Fatos-e-Fotos-news-logo.png\",\"width\":300,\"height\":58,\"caption\":\"Fatos e Fotos News\"},\"image\":{\"@id\":\"https:\\\/\\\/www.fatosefotosnews.com.br\\\/#\\\/schema\\\/logo\\\/image\\\/\"}},{\"@type\":\"Person\",\"@id\":\"https:\\\/\\\/www.fatosefotosnews.com.br\\\/#\\\/schema\\\/person\\\/3b80f81d08670fb1f6690e07eb8b5dc6\",\"name\":\"Da Reda\u00e7\u00e3o\",\"image\":{\"@type\":\"ImageObject\",\"inLanguage\":\"pt-BR\",\"@id\":\"https:\\\/\\\/secure.gravatar.com\\\/avatar\\\/696d39935a657bf0fc95044dbc9f912520430a0eb6dd46c85dd97eb6483b249b?s=96&d=mm&r=g\",\"url\":\"https:\\\/\\\/secure.gravatar.com\\\/avatar\\\/696d39935a657bf0fc95044dbc9f912520430a0eb6dd46c85dd97eb6483b249b?s=96&d=mm&r=g\",\"contentUrl\":\"https:\\\/\\\/secure.gravatar.com\\\/avatar\\\/696d39935a657bf0fc95044dbc9f912520430a0eb6dd46c85dd97eb6483b249b?s=96&d=mm&r=g\",\"caption\":\"Da Reda\u00e7\u00e3o\"},\"url\":\"https:\\\/\\\/www.fatosefotosnews.com.br\\\/?author=5\"}]}<\/script>\n<!-- \/ Yoast SEO plugin. -->","yoast_head_json":{"title":"Queda do desmatamento na AM alcan\u00e7a 50% em setembro, diz Marina Silva","description":"Queda do desmatamento na AM alcan\u00e7a 50% em setembro, diz Marina Silva","robots":{"index":"index","follow":"follow","max-snippet":"max-snippet:-1","max-image-preview":"max-image-preview:large","max-video-preview":"max-video-preview:-1"},"canonical":"https:\/\/www.fatosefotosnews.com.br\/?p=54293","og_locale":"pt_BR","og_type":"article","og_title":"Queda do desmatamento na AM alcan\u00e7a 50% em setembro, diz Marina Silva","og_description":"Queda do desmatamento na AM alcan\u00e7a 50% em setembro, diz Marina Silva","og_url":"https:\/\/www.fatosefotosnews.com.br\/?p=54293","og_site_name":"Fatos e Fotos News","article_published_time":"2023-10-05T19:17:09+00:00","og_image":[{"width":1024,"height":512,"url":"https:\/\/www.fatosefotosnews.com.br\/wp-content\/uploads\/2023\/10\/038b5cd32f4b902169572ceb7f97657f.jpeg","type":"image\/jpeg"}],"author":"Da Reda\u00e7\u00e3o","twitter_card":"summary_large_image","twitter_misc":{"Escrito por":"Da Reda\u00e7\u00e3o","Est. tempo de leitura":"99 minutos"},"schema":{"@context":"https:\/\/schema.org","@graph":[{"@type":"Article","@id":"https:\/\/www.fatosefotosnews.com.br\/?p=54293#article","isPartOf":{"@id":"https:\/\/www.fatosefotosnews.com.br\/?p=54293"},"author":{"name":"Da Reda\u00e7\u00e3o","@id":"https:\/\/www.fatosefotosnews.com.br\/#\/schema\/person\/3b80f81d08670fb1f6690e07eb8b5dc6"},"headline":"Queda do desmatamento na AM alcan\u00e7a 50% em setembro, diz Marina Silva","datePublished":"2023-10-05T19:17:09+00:00","mainEntityOfPage":{"@id":"https:\/\/www.fatosefotosnews.com.br\/?p=54293"},"wordCount":612,"commentCount":0,"publisher":{"@id":"https:\/\/www.fatosefotosnews.com.br\/#organization"},"image":{"@id":"https:\/\/www.fatosefotosnews.com.br\/?p=54293#primaryimage"},"thumbnailUrl":"https:\/\/www.fatosefotosnews.com.br\/wp-content\/uploads\/2023\/10\/038b5cd32f4b902169572ceb7f97657f.jpeg","keywords":["alcan","Desmatamento","marina","queda","setembro","silva"],"articleSection":["Geral"],"inLanguage":"pt-BR","potentialAction":[{"@type":"CommentAction","name":"Comment","target":["https:\/\/www.fatosefotosnews.com.br\/?p=54293#respond"]}]},{"@type":"WebPage","@id":"https:\/\/www.fatosefotosnews.com.br\/?p=54293","url":"https:\/\/www.fatosefotosnews.com.br\/?p=54293","name":"Queda do desmatamento na AM alcan\u00e7a 50% em setembro, diz Marina Silva","isPartOf":{"@id":"https:\/\/www.fatosefotosnews.com.br\/#website"},"primaryImageOfPage":{"@id":"https:\/\/www.fatosefotosnews.com.br\/?p=54293#primaryimage"},"image":{"@id":"https:\/\/www.fatosefotosnews.com.br\/?p=54293#primaryimage"},"thumbnailUrl":"https:\/\/www.fatosefotosnews.com.br\/wp-content\/uploads\/2023\/10\/038b5cd32f4b902169572ceb7f97657f.jpeg","datePublished":"2023-10-05T19:17:09+00:00","description":"Queda do desmatamento na AM alcan\u00e7a 50% em setembro, diz Marina Silva","breadcrumb":{"@id":"https:\/\/www.fatosefotosnews.com.br\/?p=54293#breadcrumb"},"inLanguage":"pt-BR","potentialAction":[{"@type":"ReadAction","target":["https:\/\/www.fatosefotosnews.com.br\/?p=54293"]}]},{"@type":"ImageObject","inLanguage":"pt-BR","@id":"https:\/\/www.fatosefotosnews.com.br\/?p=54293#primaryimage","url":"https:\/\/www.fatosefotosnews.com.br\/wp-content\/uploads\/2023\/10\/038b5cd32f4b902169572ceb7f97657f.jpeg","contentUrl":"https:\/\/www.fatosefotosnews.com.br\/wp-content\/uploads\/2023\/10\/038b5cd32f4b902169572ceb7f97657f.jpeg","width":1024,"height":512,"caption":"\u00a9 Fabio Rodrigues-Pozzebom\/ Ag\u00eancia"},{"@type":"BreadcrumbList","@id":"https:\/\/www.fatosefotosnews.com.br\/?p=54293#breadcrumb","itemListElement":[{"@type":"ListItem","position":1,"name":"In\u00edcio","item":"https:\/\/www.fatosefotosnews.com.br\/"},{"@type":"ListItem","position":2,"name":"Queda do desmatamento na AM alcan\u00e7a 50% em setembro, diz Marina Silva"}]},{"@type":"WebSite","@id":"https:\/\/www.fatosefotosnews.com.br\/#website","url":"https:\/\/www.fatosefotosnews.com.br\/","name":"Fatos e Fotos News","description":"Um site de noticial verdadeira e confi\u00e1veis.","publisher":{"@id":"https:\/\/www.fatosefotosnews.com.br\/#organization"},"potentialAction":[{"@type":"SearchAction","target":{"@type":"EntryPoint","urlTemplate":"https:\/\/www.fatosefotosnews.com.br\/?s={search_term_string}"},"query-input":{"@type":"PropertyValueSpecification","valueRequired":true,"valueName":"search_term_string"}}],"inLanguage":"pt-BR"},{"@type":"Organization","@id":"https:\/\/www.fatosefotosnews.com.br\/#organization","name":"Fatos e Fotos News","url":"https:\/\/www.fatosefotosnews.com.br\/","logo":{"@type":"ImageObject","inLanguage":"pt-BR","@id":"https:\/\/www.fatosefotosnews.com.br\/#\/schema\/logo\/image\/","url":"https:\/\/www.fatosefotosnews.com.br\/wp-content\/uploads\/2023\/02\/Fatos-e-Fotos-news-logo.png","contentUrl":"https:\/\/www.fatosefotosnews.com.br\/wp-content\/uploads\/2023\/02\/Fatos-e-Fotos-news-logo.png","width":300,"height":58,"caption":"Fatos e Fotos News"},"image":{"@id":"https:\/\/www.fatosefotosnews.com.br\/#\/schema\/logo\/image\/"}},{"@type":"Person","@id":"https:\/\/www.fatosefotosnews.com.br\/#\/schema\/person\/3b80f81d08670fb1f6690e07eb8b5dc6","name":"Da Reda\u00e7\u00e3o","image":{"@type":"ImageObject","inLanguage":"pt-BR","@id":"https:\/\/secure.gravatar.com\/avatar\/696d39935a657bf0fc95044dbc9f912520430a0eb6dd46c85dd97eb6483b249b?s=96&d=mm&r=g","url":"https:\/\/secure.gravatar.com\/avatar\/696d39935a657bf0fc95044dbc9f912520430a0eb6dd46c85dd97eb6483b249b?s=96&d=mm&r=g","contentUrl":"https:\/\/secure.gravatar.com\/avatar\/696d39935a657bf0fc95044dbc9f912520430a0eb6dd46c85dd97eb6483b249b?s=96&d=mm&r=g","caption":"Da Reda\u00e7\u00e3o"},"url":"https:\/\/www.fatosefotosnews.com.br\/?author=5"}]}},"jetpack_publicize_connections":[],"blog_post_layout_featured_media_urls":{"thumbnail":["https:\/\/www.fatosefotosnews.com.br\/wp-content\/uploads\/2023\/10\/038b5cd32f4b902169572ceb7f97657f-150x150.jpeg",150,150,true],"full":["https:\/\/www.fatosefotosnews.com.br\/wp-content\/uploads\/2023\/10\/038b5cd32f4b902169572ceb7f97657f.jpeg",1024,512,false]},"categories_names":{"167":{"name":"Geral","link":"https:\/\/www.fatosefotosnews.com.br\/?cat=167"}},"tags_names":{"1814":{"name":"alcan","link":"https:\/\/www.fatosefotosnews.com.br\/?tag=alcan"},"2303":{"name":"Desmatamento","link":"https:\/\/www.fatosefotosnews.com.br\/?tag=desmatamento"},"1713":{"name":"marina","link":"https:\/\/www.fatosefotosnews.com.br\/?tag=marina"},"1575":{"name":"queda","link":"https:\/\/www.fatosefotosnews.com.br\/?tag=queda"},"6308":{"name":"setembro","link":"https:\/\/www.fatosefotosnews.com.br\/?tag=setembro"},"2520":{"name":"silva","link":"https:\/\/www.fatosefotosnews.com.br\/?tag=silva"}},"comments_number":"0","wpmagazine_modules_lite_featured_media_urls":{"thumbnail":["https:\/\/www.fatosefotosnews.com.br\/wp-content\/uploads\/2023\/10\/038b5cd32f4b902169572ceb7f97657f-150x150.jpeg",150,150,true],"cvmm-medium":["https:\/\/www.fatosefotosnews.com.br\/wp-content\/uploads\/2023\/10\/038b5cd32f4b902169572ceb7f97657f-300x300.jpeg",300,300,true],"cvmm-medium-plus":["https:\/\/www.fatosefotosnews.com.br\/wp-content\/uploads\/2023\/10\/038b5cd32f4b902169572ceb7f97657f-305x207.jpeg",305,207,true],"cvmm-portrait":["https:\/\/www.fatosefotosnews.com.br\/wp-content\/uploads\/2023\/10\/038b5cd32f4b902169572ceb7f97657f-400x512.jpeg",400,512,true],"cvmm-medium-square":["https:\/\/www.fatosefotosnews.com.br\/wp-content\/uploads\/2023\/10\/038b5cd32f4b902169572ceb7f97657f-600x512.jpeg",600,512,true],"cvmm-large":["https:\/\/www.fatosefotosnews.com.br\/wp-content\/uploads\/2023\/10\/038b5cd32f4b902169572ceb7f97657f.jpeg",1024,512,false],"cvmm-small":["https:\/\/www.fatosefotosnews.com.br\/wp-content\/uploads\/2023\/10\/038b5cd32f4b902169572ceb7f97657f-130x95.jpeg",130,95,true],"full":["https:\/\/www.fatosefotosnews.com.br\/wp-content\/uploads\/2023\/10\/038b5cd32f4b902169572ceb7f97657f.jpeg",1024,512,false]},"_links":{"self":[{"href":"https:\/\/www.fatosefotosnews.com.br\/index.php?rest_route=\/wp\/v2\/posts\/54293","targetHints":{"allow":["GET"]}}],"collection":[{"href":"https:\/\/www.fatosefotosnews.com.br\/index.php?rest_route=\/wp\/v2\/posts"}],"about":[{"href":"https:\/\/www.fatosefotosnews.com.br\/index.php?rest_route=\/wp\/v2\/types\/post"}],"author":[{"embeddable":true,"href":"https:\/\/www.fatosefotosnews.com.br\/index.php?rest_route=\/wp\/v2\/users\/5"}],"replies":[{"embeddable":true,"href":"https:\/\/www.fatosefotosnews.com.br\/index.php?rest_route=%2Fwp%2Fv2%2Fcomments&post=54293"}],"version-history":[{"count":0,"href":"https:\/\/www.fatosefotosnews.com.br\/index.php?rest_route=\/wp\/v2\/posts\/54293\/revisions"}],"wp:featuredmedia":[{"embeddable":true,"href":"https:\/\/www.fatosefotosnews.com.br\/index.php?rest_route=\/wp\/v2\/media\/54294"}],"wp:attachment":[{"href":"https:\/\/www.fatosefotosnews.com.br\/index.php?rest_route=%2Fwp%2Fv2%2Fmedia&parent=54293"}],"wp:term":[{"taxonomy":"category","embeddable":true,"href":"https:\/\/www.fatosefotosnews.com.br\/index.php?rest_route=%2Fwp%2Fv2%2Fcategories&post=54293"},{"taxonomy":"post_tag","embeddable":true,"href":"https:\/\/www.fatosefotosnews.com.br\/index.php?rest_route=%2Fwp%2Fv2%2Ftags&post=54293"}],"curies":[{"name":"wp","href":"https:\/\/api.w.org\/{rel}","templated":true}]}}