{"id":55573,"date":"2023-10-13T16:21:21","date_gmt":"2023-10-13T19:21:21","guid":{"rendered":"https:\/\/www.fatosefotosnews.com.br\/apos-ordenar-evacuacao-israel-inicia-ataque-terrestre-contra-gaza\/"},"modified":"2023-10-13T16:21:21","modified_gmt":"2023-10-13T19:21:21","slug":"apos-ordenar-evacuacao-israel-inicia-ataque-terrestre-contra-gaza","status":"publish","type":"post","link":"https:\/\/www.fatosefotosnews.com.br\/?p=55573","title":{"rendered":"Ap\u00f3s ordenar evacua\u00e7\u00e3o, Israel inicia ataque terrestre contra Gaza"},"content":{"rendered":"<p><meta name=\"robots\" content=\"noindex\"><mreta name=\"googlebot\" content=\"noindex\"><\/p>\n<div class=\"Noticia_Foto fato\">\n<figure class=\"foto-legenda\" style=\"position: relative\">\n<div class=\"foto-legenda-img\"> <img fetchpriority=\"high\" decoding=\"async\" src=\"https:\/\/i0.statig.com.br\/bancodeimagens\/bi\/6q\/tf\/bi6qtfl2yijqp6x8yf56li0z4.jpg\" width=\"906\" height=\"509\" alt=\"Imagem a\u00e9rea de Gaza\" title=\"Imagem a\u00e9rea de Gaza\"> <\/div><figcaption class=\"foto-legenda-citacao\"> <cite>Reprodu\u00e7\u00e3o\/Ex\u00e9rcito de Israel<\/cite> <\/p>\n<div class=\"foto-legenda-citacao-text\">Imagem a\u00e9rea de Gaza<\/div>\n<\/figcaption><\/figure>\n<\/p>\n<\/div>\n<p class=\"\">Israel confirmou nesta sexta-feira (13) que sua infantaria e tanques de guerra realizaram os primeiros ataques terrestres \u00e0 Faixa de Gaza, de acordo com a Reuters. A investida acontece 24 horas ap\u00f3s o  <a href=\"https:\/\/ultimosegundo.ig.com.br\/mundo\/2023-10-13\/israel-pede-que-moradores-de-gaza-evacuem-a-cidade-em-24-horas.html\" data-mce-href=\"https:\/\/ultimosegundo.ig.com.br\/mundo\/2023-10-13\/israel-pede-que-moradores-de-gaza-evacuem-a-cidade-em-24-horas.html\">pa\u00eds ordenar que a popula\u00e7\u00e3o civil de Gaza fosse para o sul<\/a> da regi\u00e3o para n\u00e3o ser atingida,  <a href=\"https:\/\/ultimosegundo.ig.com.br\/mundo\/2023-10-13\/ordem-israel-sentenca-morte-pacientes-gaza-oms.html\" data-mce-href=\"https:\/\/ultimosegundo.ig.com.br\/mundo\/2023-10-13\/ordem-israel-sentenca-morte-pacientes-gaza-oms.html\">prazo considerado impratic\u00e1vel por organiza\u00e7\u00f5es internacionais.<\/a>  <\/p>\n<p>Segundo o ex\u00e9rcito de Israel, o objetivo \u00e9 atingir &#8220;alvos terroristas pertencentes \u00e0 organiza\u00e7\u00e3o terrorista Hamas&#8221;.<\/p>\n<p>O contra-almirante Daniel Hagari, porta-voz militar israelense, disse que tropas apoiadas por tanques de guerra realizam opera\u00e7\u00f5es em Gaza para atacar tripula\u00e7\u00f5es de foguetes palestinos e buscar informa\u00e7\u00f5es sobre a localiza\u00e7\u00e3o de ref\u00e9ns do Hamas.<\/p>\n<div>  <\/div>\n<p class>Segundo o Hamas, 70 pessoas, a maioria mulheres e crian\u00e7as, foram mortas por ataques a\u00e9reos israelenses enquanto tentavam se deslocar para o sul da Cidade de Gaza, assim como ordenou Israel.  <\/p>\n<p>O grupo armado palestino informou \u00e0 Al Jazeera que carros foram atingidos em tr\u00eas localidade enquanto se deslocavam para o sul.<\/p>\n<p id=\"infocoweb_fonte\" class=\"infocoweb_fonte\">Fonte: <a target=\"_blank\" href=\"http:\/\/ultimosegundo.ig.com.br\/mundo\/2023-10-13\/apos-ordenar-evacuacao-israel-inicia-ataque-terrestre-contra-gaza.html#6980e223-480a-4176-976c-7a52f4fa310c\" rel=\"noopener\">Internacional<\/a><\/p>\n","protected":false},"excerpt":{"rendered":"<p>Reprodu\u00e7\u00e3o\/Ex\u00e9rcito de Israel Imagem a\u00e9rea de Gaza Israel confirmou nesta sexta-feira (13) que sua infantaria e tanques de guerra realizaram os primeiros ataques terrestres \u00e0 Faixa de Gaza, de acordo com a Reuters. A investida acontece 24 horas ap\u00f3s o pa\u00eds ordenar que a popula\u00e7\u00e3o civil de Gaza fosse para o sul da regi\u00e3o para [&hellip;]<\/p>\n","protected":false},"author":5,"featured_media":55574,"comment_status":"open","ping_status":"open","sticky":false,"template":"","format":"standard","meta":{"_acf_changed":false,"_angie_page":false,"_monsterinsights_skip_tracking":false,"_themeisle_gutenberg_block_has_review":false,"page_builder":"","footnotes":"","jetpack_publicize_message":"","jetpack_publicize_feature_enabled":true,"jetpack_social_post_already_shared":false,"jetpack_social_options":{"image_generator_settings":{"template":"highway","default_image_id":0,"font":"","enabled":false},"version":2}},"categories":[12],"tags":[1156,473,2470,605,3438,15209,15015],"class_list":["post-55573","post","type-post","status-publish","format-standard","has-post-thumbnail","hentry","category-mundo","tag-ataque","tag-contra","tag-evacua","tag-inicia","tag-israel","tag-ordenar","tag-terrestre"],"acf":[],"nelio_content":{"autoShareEndMode":"never","automationSources":{"useCustomSentences":false,"customSentences":[]},"efiAlt":"","efiUrl":"","followers":[5],"highlights":[],"isAutoShareEnabled":true,"networkImageIds":[],"permalinkQueryArgs":[],"series":[],"suggestedReferences":[]},"yoast_head":"<!-- This site is optimized with the Yoast SEO plugin v28.3 - https:\/\/yoast.com\/product\/yoast-seo-wordpress\/ -->\n<title>Ap\u00f3s ordenar evacua\u00e7\u00e3o, Israel inicia ataque terrestre contra Gaza<\/title>\n<meta name=\"description\" content=\"Ap\u00f3s ordenar evacua\u00e7\u00e3o, Israel inicia ataque terrestre contra Gaza\" \/>\n<meta name=\"robots\" content=\"index, follow, max-snippet:-1, max-image-preview:large, max-video-preview:-1\" \/>\n<link rel=\"canonical\" href=\"https:\/\/www.fatosefotosnews.com.br\/?p=55573\" \/>\n<meta property=\"og:locale\" content=\"pt_BR\" \/>\n<meta property=\"og:type\" content=\"article\" \/>\n<meta property=\"og:title\" content=\"Ap\u00f3s ordenar evacua\u00e7\u00e3o, Israel inicia ataque terrestre contra Gaza\" \/>\n<meta property=\"og:description\" content=\"Ap\u00f3s ordenar evacua\u00e7\u00e3o, Israel inicia ataque terrestre contra Gaza\" \/>\n<meta property=\"og:url\" content=\"https:\/\/www.fatosefotosnews.com.br\/?p=55573\" \/>\n<meta property=\"og:site_name\" content=\"Fatos e Fotos News\" \/>\n<meta property=\"article:published_time\" content=\"2023-10-13T19:21:21+00:00\" \/>\n<meta property=\"og:image\" content=\"https:\/\/www.fatosefotosnews.com.br\/wp-content\/uploads\/2023\/10\/ca5214a14e655a899d4b070d29f4dfa7.jpeg\" \/>\n\t<meta property=\"og:image:width\" content=\"1024\" \/>\n\t<meta property=\"og:image:height\" content=\"576\" \/>\n\t<meta property=\"og:image:type\" content=\"image\/jpeg\" \/>\n<meta name=\"author\" content=\"Da Reda\u00e7\u00e3o\" \/>\n<meta name=\"twitter:card\" content=\"summary_large_image\" \/>\n<meta name=\"twitter:label1\" content=\"Escrito por\" \/>\n\t<meta name=\"twitter:data1\" content=\"Da Reda\u00e7\u00e3o\" \/>\n\t<meta name=\"twitter:label2\" content=\"Est. tempo de leitura\" \/>\n\t<meta name=\"twitter:data2\" content=\"99 minutos\" \/>\n<script type=\"application\/ld+json\" class=\"yoast-schema-graph\">{\"@context\":\"https:\\\/\\\/schema.org\",\"@graph\":[{\"@type\":\"Article\",\"@id\":\"https:\\\/\\\/www.fatosefotosnews.com.br\\\/?p=55573#article\",\"isPartOf\":{\"@id\":\"https:\\\/\\\/www.fatosefotosnews.com.br\\\/?p=55573\"},\"author\":{\"name\":\"Da Reda\u00e7\u00e3o\",\"@id\":\"https:\\\/\\\/www.fatosefotosnews.com.br\\\/#\\\/schema\\\/person\\\/3b80f81d08670fb1f6690e07eb8b5dc6\"},\"headline\":\"Ap\u00f3s ordenar evacua\u00e7\u00e3o, Israel inicia ataque terrestre contra Gaza\",\"datePublished\":\"2023-10-13T19:21:21+00:00\",\"mainEntityOfPage\":{\"@id\":\"https:\\\/\\\/www.fatosefotosnews.com.br\\\/?p=55573\"},\"wordCount\":194,\"commentCount\":0,\"publisher\":{\"@id\":\"https:\\\/\\\/www.fatosefotosnews.com.br\\\/#organization\"},\"image\":{\"@id\":\"https:\\\/\\\/www.fatosefotosnews.com.br\\\/?p=55573#primaryimage\"},\"thumbnailUrl\":\"https:\\\/\\\/www.fatosefotosnews.com.br\\\/wp-content\\\/uploads\\\/2023\\\/10\\\/ca5214a14e655a899d4b070d29f4dfa7.jpeg\",\"keywords\":[\"ataque\",\"contra\",\"evacua\",\"inicia\",\"israel\",\"ordenar\",\"terrestre\"],\"articleSection\":[\"Mundo\"],\"inLanguage\":\"pt-BR\",\"potentialAction\":[{\"@type\":\"CommentAction\",\"name\":\"Comment\",\"target\":[\"https:\\\/\\\/www.fatosefotosnews.com.br\\\/?p=55573#respond\"]}]},{\"@type\":\"WebPage\",\"@id\":\"https:\\\/\\\/www.fatosefotosnews.com.br\\\/?p=55573\",\"url\":\"https:\\\/\\\/www.fatosefotosnews.com.br\\\/?p=55573\",\"name\":\"Ap\u00f3s ordenar evacua\u00e7\u00e3o, Israel inicia ataque terrestre contra Gaza\",\"isPartOf\":{\"@id\":\"https:\\\/\\\/www.fatosefotosnews.com.br\\\/#website\"},\"primaryImageOfPage\":{\"@id\":\"https:\\\/\\\/www.fatosefotosnews.com.br\\\/?p=55573#primaryimage\"},\"image\":{\"@id\":\"https:\\\/\\\/www.fatosefotosnews.com.br\\\/?p=55573#primaryimage\"},\"thumbnailUrl\":\"https:\\\/\\\/www.fatosefotosnews.com.br\\\/wp-content\\\/uploads\\\/2023\\\/10\\\/ca5214a14e655a899d4b070d29f4dfa7.jpeg\",\"datePublished\":\"2023-10-13T19:21:21+00:00\",\"description\":\"Ap\u00f3s ordenar evacua\u00e7\u00e3o, Israel inicia ataque terrestre contra Gaza\",\"breadcrumb\":{\"@id\":\"https:\\\/\\\/www.fatosefotosnews.com.br\\\/?p=55573#breadcrumb\"},\"inLanguage\":\"pt-BR\",\"potentialAction\":[{\"@type\":\"ReadAction\",\"target\":[\"https:\\\/\\\/www.fatosefotosnews.com.br\\\/?p=55573\"]}]},{\"@type\":\"ImageObject\",\"inLanguage\":\"pt-BR\",\"@id\":\"https:\\\/\\\/www.fatosefotosnews.com.br\\\/?p=55573#primaryimage\",\"url\":\"https:\\\/\\\/www.fatosefotosnews.com.br\\\/wp-content\\\/uploads\\\/2023\\\/10\\\/ca5214a14e655a899d4b070d29f4dfa7.jpeg\",\"contentUrl\":\"https:\\\/\\\/www.fatosefotosnews.com.br\\\/wp-content\\\/uploads\\\/2023\\\/10\\\/ca5214a14e655a899d4b070d29f4dfa7.jpeg\",\"width\":1024,\"height\":576,\"caption\":\"Reprodu\u00e7\u00e3o\\\/Ex\u00e9rcito de Israel Imagem a\u00e9rea de Gaza\"},{\"@type\":\"BreadcrumbList\",\"@id\":\"https:\\\/\\\/www.fatosefotosnews.com.br\\\/?p=55573#breadcrumb\",\"itemListElement\":[{\"@type\":\"ListItem\",\"position\":1,\"name\":\"In\u00edcio\",\"item\":\"https:\\\/\\\/www.fatosefotosnews.com.br\\\/\"},{\"@type\":\"ListItem\",\"position\":2,\"name\":\"Ap\u00f3s ordenar evacua\u00e7\u00e3o, Israel inicia ataque terrestre contra Gaza\"}]},{\"@type\":\"WebSite\",\"@id\":\"https:\\\/\\\/www.fatosefotosnews.com.br\\\/#website\",\"url\":\"https:\\\/\\\/www.fatosefotosnews.com.br\\\/\",\"name\":\"Fatos e Fotos News\",\"description\":\"Um site de noticial verdadeira e confi\u00e1veis.\",\"publisher\":{\"@id\":\"https:\\\/\\\/www.fatosefotosnews.com.br\\\/#organization\"},\"potentialAction\":[{\"@type\":\"SearchAction\",\"target\":{\"@type\":\"EntryPoint\",\"urlTemplate\":\"https:\\\/\\\/www.fatosefotosnews.com.br\\\/?s={search_term_string}\"},\"query-input\":{\"@type\":\"PropertyValueSpecification\",\"valueRequired\":true,\"valueName\":\"search_term_string\"}}],\"inLanguage\":\"pt-BR\"},{\"@type\":\"Organization\",\"@id\":\"https:\\\/\\\/www.fatosefotosnews.com.br\\\/#organization\",\"name\":\"Fatos e Fotos News\",\"url\":\"https:\\\/\\\/www.fatosefotosnews.com.br\\\/\",\"logo\":{\"@type\":\"ImageObject\",\"inLanguage\":\"pt-BR\",\"@id\":\"https:\\\/\\\/www.fatosefotosnews.com.br\\\/#\\\/schema\\\/logo\\\/image\\\/\",\"url\":\"https:\\\/\\\/www.fatosefotosnews.com.br\\\/wp-content\\\/uploads\\\/2023\\\/02\\\/Fatos-e-Fotos-news-logo.png\",\"contentUrl\":\"https:\\\/\\\/www.fatosefotosnews.com.br\\\/wp-content\\\/uploads\\\/2023\\\/02\\\/Fatos-e-Fotos-news-logo.png\",\"width\":300,\"height\":58,\"caption\":\"Fatos e Fotos News\"},\"image\":{\"@id\":\"https:\\\/\\\/www.fatosefotosnews.com.br\\\/#\\\/schema\\\/logo\\\/image\\\/\"}},{\"@type\":\"Person\",\"@id\":\"https:\\\/\\\/www.fatosefotosnews.com.br\\\/#\\\/schema\\\/person\\\/3b80f81d08670fb1f6690e07eb8b5dc6\",\"name\":\"Da Reda\u00e7\u00e3o\",\"image\":{\"@type\":\"ImageObject\",\"inLanguage\":\"pt-BR\",\"@id\":\"https:\\\/\\\/secure.gravatar.com\\\/avatar\\\/696d39935a657bf0fc95044dbc9f912520430a0eb6dd46c85dd97eb6483b249b?s=96&d=mm&r=g\",\"url\":\"https:\\\/\\\/secure.gravatar.com\\\/avatar\\\/696d39935a657bf0fc95044dbc9f912520430a0eb6dd46c85dd97eb6483b249b?s=96&d=mm&r=g\",\"contentUrl\":\"https:\\\/\\\/secure.gravatar.com\\\/avatar\\\/696d39935a657bf0fc95044dbc9f912520430a0eb6dd46c85dd97eb6483b249b?s=96&d=mm&r=g\",\"caption\":\"Da Reda\u00e7\u00e3o\"},\"url\":\"https:\\\/\\\/www.fatosefotosnews.com.br\\\/?author=5\"}]}<\/script>\n<!-- \/ Yoast SEO plugin. -->","yoast_head_json":{"title":"Ap\u00f3s ordenar evacua\u00e7\u00e3o, Israel inicia ataque terrestre contra Gaza","description":"Ap\u00f3s ordenar evacua\u00e7\u00e3o, Israel inicia ataque terrestre contra Gaza","robots":{"index":"index","follow":"follow","max-snippet":"max-snippet:-1","max-image-preview":"max-image-preview:large","max-video-preview":"max-video-preview:-1"},"canonical":"https:\/\/www.fatosefotosnews.com.br\/?p=55573","og_locale":"pt_BR","og_type":"article","og_title":"Ap\u00f3s ordenar evacua\u00e7\u00e3o, Israel inicia ataque terrestre contra Gaza","og_description":"Ap\u00f3s ordenar evacua\u00e7\u00e3o, Israel inicia ataque terrestre contra Gaza","og_url":"https:\/\/www.fatosefotosnews.com.br\/?p=55573","og_site_name":"Fatos e Fotos News","article_published_time":"2023-10-13T19:21:21+00:00","og_image":[{"width":1024,"height":576,"url":"https:\/\/www.fatosefotosnews.com.br\/wp-content\/uploads\/2023\/10\/ca5214a14e655a899d4b070d29f4dfa7.jpeg","type":"image\/jpeg"}],"author":"Da Reda\u00e7\u00e3o","twitter_card":"summary_large_image","twitter_misc":{"Escrito por":"Da Reda\u00e7\u00e3o","Est. tempo de leitura":"99 minutos"},"schema":{"@context":"https:\/\/schema.org","@graph":[{"@type":"Article","@id":"https:\/\/www.fatosefotosnews.com.br\/?p=55573#article","isPartOf":{"@id":"https:\/\/www.fatosefotosnews.com.br\/?p=55573"},"author":{"name":"Da Reda\u00e7\u00e3o","@id":"https:\/\/www.fatosefotosnews.com.br\/#\/schema\/person\/3b80f81d08670fb1f6690e07eb8b5dc6"},"headline":"Ap\u00f3s ordenar evacua\u00e7\u00e3o, Israel inicia ataque terrestre contra Gaza","datePublished":"2023-10-13T19:21:21+00:00","mainEntityOfPage":{"@id":"https:\/\/www.fatosefotosnews.com.br\/?p=55573"},"wordCount":194,"commentCount":0,"publisher":{"@id":"https:\/\/www.fatosefotosnews.com.br\/#organization"},"image":{"@id":"https:\/\/www.fatosefotosnews.com.br\/?p=55573#primaryimage"},"thumbnailUrl":"https:\/\/www.fatosefotosnews.com.br\/wp-content\/uploads\/2023\/10\/ca5214a14e655a899d4b070d29f4dfa7.jpeg","keywords":["ataque","contra","evacua","inicia","israel","ordenar","terrestre"],"articleSection":["Mundo"],"inLanguage":"pt-BR","potentialAction":[{"@type":"CommentAction","name":"Comment","target":["https:\/\/www.fatosefotosnews.com.br\/?p=55573#respond"]}]},{"@type":"WebPage","@id":"https:\/\/www.fatosefotosnews.com.br\/?p=55573","url":"https:\/\/www.fatosefotosnews.com.br\/?p=55573","name":"Ap\u00f3s ordenar evacua\u00e7\u00e3o, Israel inicia ataque terrestre contra Gaza","isPartOf":{"@id":"https:\/\/www.fatosefotosnews.com.br\/#website"},"primaryImageOfPage":{"@id":"https:\/\/www.fatosefotosnews.com.br\/?p=55573#primaryimage"},"image":{"@id":"https:\/\/www.fatosefotosnews.com.br\/?p=55573#primaryimage"},"thumbnailUrl":"https:\/\/www.fatosefotosnews.com.br\/wp-content\/uploads\/2023\/10\/ca5214a14e655a899d4b070d29f4dfa7.jpeg","datePublished":"2023-10-13T19:21:21+00:00","description":"Ap\u00f3s ordenar evacua\u00e7\u00e3o, Israel inicia ataque terrestre contra Gaza","breadcrumb":{"@id":"https:\/\/www.fatosefotosnews.com.br\/?p=55573#breadcrumb"},"inLanguage":"pt-BR","potentialAction":[{"@type":"ReadAction","target":["https:\/\/www.fatosefotosnews.com.br\/?p=55573"]}]},{"@type":"ImageObject","inLanguage":"pt-BR","@id":"https:\/\/www.fatosefotosnews.com.br\/?p=55573#primaryimage","url":"https:\/\/www.fatosefotosnews.com.br\/wp-content\/uploads\/2023\/10\/ca5214a14e655a899d4b070d29f4dfa7.jpeg","contentUrl":"https:\/\/www.fatosefotosnews.com.br\/wp-content\/uploads\/2023\/10\/ca5214a14e655a899d4b070d29f4dfa7.jpeg","width":1024,"height":576,"caption":"Reprodu\u00e7\u00e3o\/Ex\u00e9rcito de Israel Imagem a\u00e9rea de Gaza"},{"@type":"BreadcrumbList","@id":"https:\/\/www.fatosefotosnews.com.br\/?p=55573#breadcrumb","itemListElement":[{"@type":"ListItem","position":1,"name":"In\u00edcio","item":"https:\/\/www.fatosefotosnews.com.br\/"},{"@type":"ListItem","position":2,"name":"Ap\u00f3s ordenar evacua\u00e7\u00e3o, Israel inicia ataque terrestre contra Gaza"}]},{"@type":"WebSite","@id":"https:\/\/www.fatosefotosnews.com.br\/#website","url":"https:\/\/www.fatosefotosnews.com.br\/","name":"Fatos e Fotos News","description":"Um site de noticial verdadeira e confi\u00e1veis.","publisher":{"@id":"https:\/\/www.fatosefotosnews.com.br\/#organization"},"potentialAction":[{"@type":"SearchAction","target":{"@type":"EntryPoint","urlTemplate":"https:\/\/www.fatosefotosnews.com.br\/?s={search_term_string}"},"query-input":{"@type":"PropertyValueSpecification","valueRequired":true,"valueName":"search_term_string"}}],"inLanguage":"pt-BR"},{"@type":"Organization","@id":"https:\/\/www.fatosefotosnews.com.br\/#organization","name":"Fatos e Fotos News","url":"https:\/\/www.fatosefotosnews.com.br\/","logo":{"@type":"ImageObject","inLanguage":"pt-BR","@id":"https:\/\/www.fatosefotosnews.com.br\/#\/schema\/logo\/image\/","url":"https:\/\/www.fatosefotosnews.com.br\/wp-content\/uploads\/2023\/02\/Fatos-e-Fotos-news-logo.png","contentUrl":"https:\/\/www.fatosefotosnews.com.br\/wp-content\/uploads\/2023\/02\/Fatos-e-Fotos-news-logo.png","width":300,"height":58,"caption":"Fatos e Fotos News"},"image":{"@id":"https:\/\/www.fatosefotosnews.com.br\/#\/schema\/logo\/image\/"}},{"@type":"Person","@id":"https:\/\/www.fatosefotosnews.com.br\/#\/schema\/person\/3b80f81d08670fb1f6690e07eb8b5dc6","name":"Da Reda\u00e7\u00e3o","image":{"@type":"ImageObject","inLanguage":"pt-BR","@id":"https:\/\/secure.gravatar.com\/avatar\/696d39935a657bf0fc95044dbc9f912520430a0eb6dd46c85dd97eb6483b249b?s=96&d=mm&r=g","url":"https:\/\/secure.gravatar.com\/avatar\/696d39935a657bf0fc95044dbc9f912520430a0eb6dd46c85dd97eb6483b249b?s=96&d=mm&r=g","contentUrl":"https:\/\/secure.gravatar.com\/avatar\/696d39935a657bf0fc95044dbc9f912520430a0eb6dd46c85dd97eb6483b249b?s=96&d=mm&r=g","caption":"Da Reda\u00e7\u00e3o"},"url":"https:\/\/www.fatosefotosnews.com.br\/?author=5"}]}},"jetpack_publicize_connections":[],"blog_post_layout_featured_media_urls":{"thumbnail":["https:\/\/www.fatosefotosnews.com.br\/wp-content\/uploads\/2023\/10\/ca5214a14e655a899d4b070d29f4dfa7-150x150.jpeg",150,150,true],"full":["https:\/\/www.fatosefotosnews.com.br\/wp-content\/uploads\/2023\/10\/ca5214a14e655a899d4b070d29f4dfa7.jpeg",1024,576,false]},"categories_names":{"12":{"name":"Mundo","link":"https:\/\/www.fatosefotosnews.com.br\/?cat=12"}},"tags_names":{"1156":{"name":"ataque","link":"https:\/\/www.fatosefotosnews.com.br\/?tag=ataque"},"473":{"name":"contra","link":"https:\/\/www.fatosefotosnews.com.br\/?tag=contra"},"2470":{"name":"evacua","link":"https:\/\/www.fatosefotosnews.com.br\/?tag=evacua"},"605":{"name":"inicia","link":"https:\/\/www.fatosefotosnews.com.br\/?tag=inicia"},"3438":{"name":"israel","link":"https:\/\/www.fatosefotosnews.com.br\/?tag=israel"},"15209":{"name":"ordenar","link":"https:\/\/www.fatosefotosnews.com.br\/?tag=ordenar"},"15015":{"name":"terrestre","link":"https:\/\/www.fatosefotosnews.com.br\/?tag=terrestre"}},"comments_number":"0","wpmagazine_modules_lite_featured_media_urls":{"thumbnail":["https:\/\/www.fatosefotosnews.com.br\/wp-content\/uploads\/2023\/10\/ca5214a14e655a899d4b070d29f4dfa7-150x150.jpeg",150,150,true],"cvmm-medium":["https:\/\/www.fatosefotosnews.com.br\/wp-content\/uploads\/2023\/10\/ca5214a14e655a899d4b070d29f4dfa7-300x300.jpeg",300,300,true],"cvmm-medium-plus":["https:\/\/www.fatosefotosnews.com.br\/wp-content\/uploads\/2023\/10\/ca5214a14e655a899d4b070d29f4dfa7-305x207.jpeg",305,207,true],"cvmm-portrait":["https:\/\/www.fatosefotosnews.com.br\/wp-content\/uploads\/2023\/10\/ca5214a14e655a899d4b070d29f4dfa7-400x576.jpeg",400,576,true],"cvmm-medium-square":["https:\/\/www.fatosefotosnews.com.br\/wp-content\/uploads\/2023\/10\/ca5214a14e655a899d4b070d29f4dfa7-600x576.jpeg",600,576,true],"cvmm-large":["https:\/\/www.fatosefotosnews.com.br\/wp-content\/uploads\/2023\/10\/ca5214a14e655a899d4b070d29f4dfa7.jpeg",1024,576,false],"cvmm-small":["https:\/\/www.fatosefotosnews.com.br\/wp-content\/uploads\/2023\/10\/ca5214a14e655a899d4b070d29f4dfa7-130x95.jpeg",130,95,true],"full":["https:\/\/www.fatosefotosnews.com.br\/wp-content\/uploads\/2023\/10\/ca5214a14e655a899d4b070d29f4dfa7.jpeg",1024,576,false]},"_links":{"self":[{"href":"https:\/\/www.fatosefotosnews.com.br\/index.php?rest_route=\/wp\/v2\/posts\/55573","targetHints":{"allow":["GET"]}}],"collection":[{"href":"https:\/\/www.fatosefotosnews.com.br\/index.php?rest_route=\/wp\/v2\/posts"}],"about":[{"href":"https:\/\/www.fatosefotosnews.com.br\/index.php?rest_route=\/wp\/v2\/types\/post"}],"author":[{"embeddable":true,"href":"https:\/\/www.fatosefotosnews.com.br\/index.php?rest_route=\/wp\/v2\/users\/5"}],"replies":[{"embeddable":true,"href":"https:\/\/www.fatosefotosnews.com.br\/index.php?rest_route=%2Fwp%2Fv2%2Fcomments&post=55573"}],"version-history":[{"count":0,"href":"https:\/\/www.fatosefotosnews.com.br\/index.php?rest_route=\/wp\/v2\/posts\/55573\/revisions"}],"wp:featuredmedia":[{"embeddable":true,"href":"https:\/\/www.fatosefotosnews.com.br\/index.php?rest_route=\/wp\/v2\/media\/55574"}],"wp:attachment":[{"href":"https:\/\/www.fatosefotosnews.com.br\/index.php?rest_route=%2Fwp%2Fv2%2Fmedia&parent=55573"}],"wp:term":[{"taxonomy":"category","embeddable":true,"href":"https:\/\/www.fatosefotosnews.com.br\/index.php?rest_route=%2Fwp%2Fv2%2Fcategories&post=55573"},{"taxonomy":"post_tag","embeddable":true,"href":"https:\/\/www.fatosefotosnews.com.br\/index.php?rest_route=%2Fwp%2Fv2%2Ftags&post=55573"}],"curies":[{"name":"wp","href":"https:\/\/api.w.org\/{rel}","templated":true}]}}