{"id":59250,"date":"2023-11-05T07:19:10","date_gmt":"2023-11-05T10:19:10","guid":{"rendered":"https:\/\/www.fatosefotosnews.com.br\/guerra-entre-israel-e-hamas-completa-30-dias-com-108-mil-mortos\/"},"modified":"2023-11-05T07:19:10","modified_gmt":"2023-11-05T10:19:10","slug":"guerra-entre-israel-e-hamas-completa-30-dias-com-108-mil-mortos","status":"publish","type":"post","link":"https:\/\/www.fatosefotosnews.com.br\/?p=59250","title":{"rendered":"Guerra entre Israel e Hamas completa 30 dias com 10,8 mil mortos"},"content":{"rendered":"<p><meta name=\"robots\" content=\"noindex\"><mreta name=\"googlebot\" content=\"noindex\"><\/p>\n<div class=\"Noticia_Foto fato\">\n<figure class=\"foto-legenda\" style=\"position: relative\">\n<div class=\"foto-legenda-img\"> <img fetchpriority=\"high\" decoding=\"async\" src=\"https:\/\/i0.statig.com.br\/bancodeimagens\/52\/9d\/eu\/529deu7qcx1twmjlmybbpuvut.jpg\" width=\"906\" height=\"509\" alt=\"Faixa de Gaza \u00e9 regi\u00e3o mais afetada pela guerra\" title=\"Faixa de Gaza \u00e9 regi\u00e3o mais afetada pela guerra\"> <\/div><figcaption class=\"foto-legenda-citacao\"> <cite>Marwan Sawwaf\/Alef MultiMedia\/Oxfam &#8211; 10\/10\/2023<\/cite> <\/p>\n<div class=\"foto-legenda-citacao-text\">Faixa de Gaza \u00e9 regi\u00e3o mais afetada pela guerra<\/div>\n<\/figcaption><\/figure>\n<\/p>\n<\/div>\n<p class>Neste domingo (5), a guerra entre Israel e Hamas completa 30 dias. Desde o dia 7 de outubro, 9.488 pessoas morreram na Faixa de Gaza, incluindo 3,9 mil crian\u00e7as. Em Israel, 1.400 foram mortos. Ao todo, a guerra j\u00e1 deixou mais de 10,8 mil feridos.  <\/p>\n<p>Neste momento, as <a href=\"https:\/\/ultimosegundo.ig.com.br\/mundo\/2023-11-01\/israel-atacado-mais-11-mil-alvos-hamas-faixa-gaza-guerra.html\" data-mce-href=\"https:\/\/ultimosegundo.ig.com.br\/mundo\/2023-11-01\/israel-atacado-mais-11-mil-alvos-hamas-faixa-gaza-guerra.html\">for\u00e7as israelenses avan\u00e7am nos ataques terrestres na Faixa de Gaza<\/a> , enquanto mant\u00e9m os bombardeios na regi\u00e3o, que enfrenta uma crise humanit\u00e1ria sem precedentes.<\/p>\n<h3>Os primeiros ataques e a t\u00e1tica israelense<\/h3>\n<p>No dia 7 de outubro, o <a href=\"https:\/\/ultimosegundo.ig.com.br\/mundo\/2023-10-07\/hamas-ataca-israel-declara-guerra-palestina.html\" data-mce-href=\"https:\/\/ultimosegundo.ig.com.br\/mundo\/2023-10-07\/hamas-ataca-israel-declara-guerra-palestina.html\">grupo Hamas, que controla a Faixa de Gaza, fez um ataque surpresa a Israel<\/a> , invadindo o sul do pa\u00eds e matando pessoas em <a href=\"https:\/\/ultimosegundo.ig.com.br\/mundo\/2023-10-11\/o-que-e-kibutz-comunidade-israelense-atacada-hamas.html\" data-mce-href=\"https:\/\/ultimosegundo.ig.com.br\/mundo\/2023-10-11\/o-que-e-kibutz-comunidade-israelense-atacada-hamas.html\">kibutzim<\/a> . Os membros do grupo tamb\u00e9m atacaram um festival de m\u00fasica eletr\u00f4nica, onde mais de 260 pessoas foram mortas, incluindo tr\u00eas brasileiros: <a href=\"https:\/\/ultimosegundo.ig.com.br\/mundo\/2023-10-10\/quem-era-ranani-glazer-brasileiro-morto-israel.html\" data-mce-href=\"https:\/\/ultimosegundo.ig.com.br\/mundo\/2023-10-10\/quem-era-ranani-glazer-brasileiro-morto-israel.html\">Ranani Glazer<\/a> ,  <a href=\"https:\/\/ultimosegundo.ig.com.br\/mundo\/2023-10-10\/bruna-valeanu--brasileira-desaparecida-em-israel-e-encontrada-morta.html\" data-mce-href=\"https:\/\/ultimosegundo.ig.com.br\/mundo\/2023-10-10\/bruna-valeanu--brasileira-desaparecida-em-israel-e-encontrada-morta.html\">Bruna Valeanu<\/a> e <a href=\"https:\/\/ultimosegundo.ig.com.br\/mundo\/2023-10-13\/terceira-brasileira-desaparecida-em-israel-e-encontrada-morta.html\" data-mce-href=\"https:\/\/ultimosegundo.ig.com.br\/mundo\/2023-10-13\/terceira-brasileira-desaparecida-em-israel-e-encontrada-morta.html\">Karla Stelzer<\/a> .<\/p>\n<p>Ao todo, cerca de 1.400 pessoas foram mortas em Israel durante os ataques do Hamas, que continua, sem sucesso, disparando m\u00edsseis contra o pa\u00eds. Al\u00e9m dos mortos, o grupo tamb\u00e9m sequestrou israelenses e estrangeiros e os levou para a Faixa de Gaza. De acordo com o \u00faltimo relat\u00f3rio das for\u00e7as de Israel, o  <a href=\"https:\/\/ultimosegundo.ig.com.br\/mundo\/2023-10-30\/israel-atualiza-para-239-numero-de-refens-capturados-pelo-hamas.html\" data-mce-href=\"https:\/\/ultimosegundo.ig.com.br\/mundo\/2023-10-30\/israel-atualiza-para-239-numero-de-refens-capturados-pelo-hamas.html\">Hamas mant\u00e9m 239 pessoas em cativeiro.<\/a> <\/p>\n<p>Logo no dia 7 de outubro, o primeiro-ministro de Israel, Benjamin Netanyahu, declarou guerra contra o Hamas, impondo um cerco total \u00e0 Faixa de Gaza. O enclave, que tem cerca de 2,2 milh\u00f5es de habitantes, teve interrompida a entrada de \u00e1gua, alimentos, medicamentos, energia el\u00e9trica e combust\u00edvel.<\/p>\n<p>Ao mesmo tempo, Israel iniciou bombardeios em Gaza, que j\u00e1 duram 30 dias. Escolas, hospitais, casas, padarias, com\u00e9rcio e ruas  <a href=\"https:\/\/ultimosegundo.ig.com.br\/mundo\/2023-10-26\/inferno-gaza-declaracao-lider-onu.html\" data-mce-href=\"https:\/\/ultimosegundo.ig.com.br\/mundo\/2023-10-26\/inferno-gaza-declaracao-lider-onu.html\">est\u00e3o completamente destru\u00eddos<\/a> na regi\u00e3o palestina, enquanto a busca por sobreviventes sob escombros continua.<\/p>\n<p>Desde o in\u00edcio da guerra, Israel tamb\u00e9m vem ordenando que a popula\u00e7\u00e3o palestina deixe o norte da Faixa de Gaza, j\u00e1 que o ex\u00e9rcito iniciaria uma incurs\u00e3o por terra. <\/p>\n<p>De acordo com estimativas da Organiza\u00e7\u00e3o das Na\u00e7\u00f5es Unidas (ONU), cerca de 1,4 milh\u00e3o de pessoas deixaram suas casas desde ent\u00e3o, n\u00famero que representa mais da metade da popula\u00e7\u00e3o da Faixa de Gaza. Apesar das promessas de seguran\u00e7a no sul, por\u00e9m,  <a href=\"https:\/\/ultimosegundo.ig.com.br\/2023-10-27\/gaza--brasileiros-estao-nas-cidades-com-mais-mortes.html\" data-mce-href=\"https:\/\/ultimosegundo.ig.com.br\/2023-10-27\/gaza--brasileiros-estao-nas-cidades-com-mais-mortes.html\">bombardeios israelenses tamb\u00e9m t\u00eam atingido a regi\u00e3o.<\/a> <\/p>\n<p>H\u00e1 cerca de uma semana, o ex\u00e9rcito de Israel come\u00e7ou a realizar a prometida invas\u00e3o por terra no norte de Gaza, e afirma estar tendo sucesso nos ataques a alvos do Hamas. Por repetidas vezes, Netanyahu e chefes das for\u00e7as israelenses afirmaram que a vit\u00f3ria \u00e9 a \u00fanica op\u00e7\u00e3o, e que o pa\u00eds pretende &#8220;varrer o Hamas da face da Terra&#8221;.<\/p>\n<p>De acordo com o ministro da Defesa de Israel, Yoav Gallant, <a href=\"https:\/\/ultimosegundo.ig.com.br\/mundo\/2023-10-20\/guerra-primeira-tres-fases-diz-ministro-israel-entenda.html\" data-mce-href=\"https:\/\/ultimosegundo.ig.com.br\/mundo\/2023-10-20\/guerra-primeira-tres-fases-diz-ministro-israel-entenda.html\">a guerra em curso est\u00e1 na primeira de tr\u00eas fases<\/a> . Segundo ele, os objetivos da guerra incluem eliminar o Hamas, destruindo suas capacidades militares e governamentais, e criar um novo &#8220;regime de seguran\u00e7a&#8221; na Faixa de Gaza, mas excluindo completamente qualquer responsabilidade que Israel tenha sobre o territ\u00f3rio.<\/p>\n<p>A primeira fase da t\u00e1tica de guerra israelense, segundo Gallant, \u00e9 a que est\u00e1 em curso. Ela consiste em ataques a\u00e9reos e invas\u00e3o por terra &#8220;com o objetivo de destruir opera\u00e7\u00f5es e danificar infraestruturas, a fim de derrotar e destruir o Hamas&#8221;.<\/p>\n<p>Finalizada esta etapa, o ministro afirma que a segunda fase ter\u00e1 combates cont\u00ednuos, mas com menor intensidade, a fim de &#8220;eliminar focos de resist\u00eancia&#8221; do Hamas.<\/p>\n<p>&#8220;O terceiro passo ser\u00e1 a cria\u00e7\u00e3o de um novo regime de seguran\u00e7a na Faixa de Gaza, a remo\u00e7\u00e3o da responsabilidade de Israel pela vida cotidiana na Faixa de Gaza e a cria\u00e7\u00e3o de uma nova realidade de seguran\u00e7a para os cidad\u00e3os de Israel e residentes da \u00e1rea ao redor de Gaza&#8221;, disse Gallant.<\/p>\n<h3>Crise humanit\u00e1ria em Gaza<\/h3>\n<p>A t\u00e1tica israelense tem deixado uma crise humanit\u00e1ria sem precedentes em Gaza. Com quase metade da popula\u00e7\u00e3o deslocada, os abrigos est\u00e3o operando em superlota\u00e7\u00e3o. A ag\u00eancia da ONU para refugiados palestinos (UNRWA) abriga mais de 670 mil pessoas em 150 abrigos, e alerta que muitas pessoas est\u00e3o dormindo nas ruas.<\/p>\n<p>Al\u00e9m dos abrigos lotados, faltam itens b\u00e1sicos, como \u00e1gua e alimento. Embora alguns comboios de ajuda humanit\u00e1ria tenham sido liberados em Gaza,  <a href=\"https:\/\/ultimosegundo.ig.com.br\/mundo\/2023-10-31\/chefe-onu-diz-ajuda-gaza-e-completamente-inadequada.html\" data-mce-href=\"https:\/\/ultimosegundo.ig.com.br\/mundo\/2023-10-31\/chefe-onu-diz-ajuda-gaza-e-completamente-inadequada.html\">a ONU alerta que o aux\u00edlio \u00e9 &#8220;completamente inadequado&#8221;.<\/a> <\/p>\n<p class>Isso porque poucos caminh\u00f5es foram autorizados a entrar &#8211;  <a href=\"https:\/\/ultimosegundo.ig.com.br\/mundo\/2023-10-25\/fome-arma-guerra-faixa-gaza-oxfam.html\" data-mce-href=\"https:\/\/ultimosegundo.ig.com.br\/mundo\/2023-10-25\/fome-arma-guerra-faixa-gaza-oxfam.html\">segundo a Oxfam, Gaza est\u00e1 recebendo cerca de 2% da quantidade de alimento<\/a> \u00e0 qual est\u00e1 habituada. Al\u00e9m disso, a entrada de combust\u00edvel ainda n\u00e3o foi liberada no enclave, o que impede trabalhadores humanit\u00e1rios de distribu\u00edrem a ajuda.<\/p>\n<div>  <\/div>\n<p class=\"\"> <br data-mce-bogus=\"1\"> <\/p>\n<p class>Outro problema \u00e9 a falta de energia. Sem a entrada de combust\u00edvel e com o corte de energia el\u00e9trica,  <a href=\"https:\/\/ultimosegundo.ig.com.br\/mundo\/2023-10-26\/hospitais-em-gaza-estao-a-beira-de-uma-catastrofe--diz-oms.html\" data-mce-href=\"https:\/\/ultimosegundo.ig.com.br\/mundo\/2023-10-26\/hospitais-em-gaza-estao-a-beira-de-uma-catastrofe--diz-oms.html\">muitos hospitais j\u00e1 pararam de funcionar<\/a> por n\u00e3o terem mais como alimentar seus geradores. O mesmo acontece com unidades de dessaliniza\u00e7\u00e3o, que poderiam ajudar a fornecer \u00e1gua pot\u00e1vel \u00e0 popula\u00e7\u00e3o se estivessem funcionando &#8211; sem \u00e1gua apropriada para consumo, os  <a href=\"https:\/\/ultimosegundo.ig.com.br\/mundo\/2023-10-30\/gaza-falta-agua-moradores-tomam-banho-lavam-louca-mar.html\" data-mce-href=\"https:\/\/ultimosegundo.ig.com.br\/mundo\/2023-10-30\/gaza-falta-agua-moradores-tomam-banho-lavam-louca-mar.html\">habitantes de Gaza est\u00e3o consumindo \u00e1gua suja.<\/a>  <\/p>\n<div data-render-gallery=\"true\">\n<div style=\"--swiper-navigation-color: #fff;--swiper-pagination-color: #fff\" class=\"swiper swiper-galeria\">\n<div class=\"swiper-wrapper\">\n<div class=\"swiper-slide\"> <img decoding=\"async\" loading=\"lazy\" alt=\"Destrui\u00e7\u00e3o na Faixa de Gaza\" title=\"Divulga\u00e7\u00e3o\/ONU\" src=\"https:\/\/i0.statig.com.br\/bancodeimagens\/imgalta\/a3\/6u\/jc\/a36ujctddpzgs5wkonvulor7j.jpg\">  <\/div>\n<div class=\"swiper-slide\"> <img decoding=\"async\" loading=\"lazy\" alt=\"Gaza destru\u00edda\" title=\"Reprodu\u00e7\u00e3o\/ONU\" src=\"https:\/\/i0.statig.com.br\/bancodeimagens\/imgalta\/dk\/y5\/yc\/dky5ycoicb8djwxhleagwr10f.jpg\">  <\/div>\n<div class=\"swiper-slide\"> <img decoding=\"async\" loading=\"lazy\" alt=\"Gaza destru\u00edda\" title=\"Reprodu\u00e7\u00e3o\/ONU\" src=\"https:\/\/i0.statig.com.br\/bancodeimagens\/imgalta\/3o\/c9\/hg\/3oc9hgobph3bx8qlogo7eeazw.jpg\">  <\/div>\n<div class=\"swiper-slide\"> <img decoding=\"async\" loading=\"lazy\" alt=\"Explos\u00e3o da Faixa de Gaza\" title=\"Divulga\u00e7\u00e3o\/ONU\" src=\"https:\/\/i0.statig.com.br\/bancodeimagens\/imgalta\/bo\/nn\/5m\/bonn5m20vn9cdplm9to2lryu0.jpg\">  <\/div>\n<div class=\"swiper-slide\"> <img decoding=\"async\" loading=\"lazy\" alt=\"Pr\u00e9dio destru\u00eddo por bombardeiros na Faixa de Gaza\" title=\"Divulga\u00e7\u00e3o\/ONU\" src=\"https:\/\/i0.statig.com.br\/bancodeimagens\/imgalta\/79\/xt\/qz\/79xtqzobzjedb2plhqj420z9j.jpg\">  <\/div>\n<div class=\"swiper-slide\"> <img decoding=\"async\" loading=\"lazy\" alt=\"Pr\u00e9dio destru\u00eddo por bombardeiros na Faixa de Gaza\" title=\"Divulga\u00e7\u00e3o\/ONU\" src=\"https:\/\/i0.statig.com.br\/bancodeimagens\/imgalta\/4q\/fr\/3p\/4qfr3puwxccnr0ho9hf5clwso.jpg\">  <\/div>\n<div class=\"swiper-slide\"> <img decoding=\"async\" loading=\"lazy\" alt=\"Pr\u00e9dio destru\u00eddo por bombardeiros na Faixa de Gaza\" title=\"Divulga\u00e7\u00e3o\/ONU\" src=\"https:\/\/i0.statig.com.br\/bancodeimagens\/imgalta\/6o\/45\/q5\/6o45q5hwog083jrc1eoi0hxej.jpg\">  <\/div>\n<div class=\"swiper-slide\"> <img decoding=\"async\" loading=\"lazy\" alt=\"Destrui\u00e7\u00e3o causada pelos ataques \u00e0 Faixa de Gaza\" title=\"Divulga\u00e7\u00e3o\" src=\"https:\/\/i0.statig.com.br\/bancodeimagens\/imgalta\/5t\/0e\/fd\/5t0efdjm091vt2w4m7lxfdg1v.jpg\">  <\/div>\n<div class=\"swiper-slide\"> <img decoding=\"async\" loading=\"lazy\" alt=\"O mercado comercial no campo de refugiados de Nusairat, na cidade de Gaza, que foi bombardeado por ataques a\u00e9reos israelenses em 21 de outubro.\" title=\"Walid Nabahin\/Oxfam - 23\/10\/2023\" src=\"https:\/\/i0.statig.com.br\/bancodeimagens\/imgalta\/1x\/n5\/bh\/1xn5bhbe78qke3oklg12xjyab.jpg\">  <\/div>\n<div class=\"swiper-slide\"> <img decoding=\"async\" loading=\"lazy\" alt=\"Bombeiros, juntamente com o pessoal da defesa civil, m\u00e9dicos na cidade de Gaza e outros membros da comunidade, unem for\u00e7as para limpar os escombros de uma casa atingida pelas for\u00e7as israelitas na \u00e1rea de Al Remal.Bombeiros do corpo de bombeiros, juntamente com o pessoal da defesa civil, m\u00e9dicos na cidade de Gaza e outros membros da comunidade, unem for\u00e7as para limpar os escombros de uma casa atingida pelas for\u00e7as israelitas na \u00e1rea de Al Remal.\" title=\"Marwan Sawwaf\/ Alef Multim\u00eddia\/ Oxfam - 17\/10\/2023\" src=\"https:\/\/i0.statig.com.br\/bancodeimagens\/imgalta\/3q\/4y\/tn\/3q4ytn1u7s9ipfn4cfsnimnpr.jpg\">  <\/div>\n<div class=\"swiper-slide\"> <img decoding=\"async\" loading=\"lazy\" alt=\"Bombeiros, juntamente com o pessoal da defesa civil, m\u00e9dicos na cidade de Gaza e outros membros da comunidade, unem for\u00e7as para limpar os escombros de uma casa atingida pelas for\u00e7as israelitas na \u00e1rea de Al Remal.Bombeiros do corpo de bombeiros, juntamente com o pessoal da defesa civil, m\u00e9dicos na cidade de Gaza e outros membros da comunidade, unem for\u00e7as para limpar os escombros de uma casa atingida pelas for\u00e7as israelitas na \u00e1rea de Al Remal.\" title=\"Marwan Sawwaf\/ Alef Multim\u00eddia\/ Oxfam - 17\/10\/2023\" src=\"https:\/\/i0.statig.com.br\/bancodeimagens\/imgalta\/as\/c5\/0g\/asc50gseo3wgkhkv6fdc1m3bh.jpg\">  <\/div>\n<div class=\"swiper-slide\"> <img decoding=\"async\" loading=\"lazy\" alt=\"Os residentes de Gaza vasculham os restos do parque infantil onde as crian\u00e7as de Gaza brincavam no Hospital Al Ahli, que foi tragicamente bombardeado na noite de 17 de Outubro\" title=\"Marwan Sawwaf\/ Alef Multim\u00eddia\/ Oxfam - 17\/10\/2023\" src=\"https:\/\/i0.statig.com.br\/bancodeimagens\/imgalta\/4l\/qe\/1x\/4lqe1xq48rang1wvyqoxui185.jpg\">  <\/div>\n<div class=\"swiper-slide\"> <img decoding=\"async\" loading=\"lazy\" alt=\"Um homem palestino de Gaza em frente \u00e0 sua casa destru\u00edda na \u00e1rea de Al Remal, em Gaza\" title=\"Marwan Sawwaf\/ Alef Multimedia\/ Oxfam - 14\/10\/2023\" src=\"https:\/\/i0.statig.com.br\/bancodeimagens\/imgalta\/51\/1l\/qm\/511lqmcq3ook7i53del3y8h59.jpg\">  <\/div>\n<div class=\"swiper-slide\"> <img decoding=\"async\" loading=\"lazy\" alt=\"A severa destrui\u00e7\u00e3o na \u00e1rea de Al Remal em Gaza causada pelos ataques a\u00e9reos israelenses\" title=\"Marwan Sawwaf\/ Alef Multimedia\/ Oxfam - 14\/10\/2023\" src=\"https:\/\/i0.statig.com.br\/bancodeimagens\/imgalta\/2x\/rw\/3r\/2xrw3rgjzqwowqc1aaub8bjnd.jpg\">  <\/div>\n<div class=\"swiper-slide\"> <img decoding=\"async\" loading=\"lazy\" alt=\"Homens e crian\u00e7as palestinianos sobre os escombros do seu edif\u00edcio destru\u00eddo na \u00e1rea de Al Remal, em Gaza\" title=\"Marwan Sawwaf\/ Alef Multimedia\/ Oxfam - 14\/10\/2023\" src=\"https:\/\/i0.statig.com.br\/bancodeimagens\/imgalta\/53\/0q\/2q\/530q2qtmazgkqgg4lm0qtqzo4.jpg\">  <\/div>\n<div class=\"swiper-slide\"> <img decoding=\"async\" loading=\"lazy\" alt=\"A severa destrui\u00e7\u00e3o na \u00e1rea de Al Remal em Gaza causada pelos ataques a\u00e9reos israelenses\" title=\"Marwan Sawwaf\/ Alef Multimedia\/ Oxfam - 14\/10\/2023\" src=\"https:\/\/i0.statig.com.br\/bancodeimagens\/imgalta\/bw\/i5\/ug\/bwi5ugmdfhflkhm96bigxgu2t.jpg\">  <\/div>\n<div class=\"swiper-slide\"> <img decoding=\"async\" loading=\"lazy\" alt=\"A destrui\u00e7\u00e3o foi causada pelos ataques a\u00e9reos israelenses no bairro de Al Remal, no centro da Cidade de Gaza\" title=\"Marwan Sawwaf\/Alef MultiMedia\/Oxfam - 10\/10\/2023\" src=\"https:\/\/i0.statig.com.br\/bancodeimagens\/imgalta\/9j\/di\/lk\/9jdilkdyqjth2r20htuhcp91t.jpg\">  <\/div>\n<div class=\"swiper-slide\"> <img decoding=\"async\" loading=\"lazy\" alt=\"Uma ambul\u00e2ncia em Gaza transportando feridos de Gaza para o Hospital AL Shefa' em Gaza\" title=\"Marwan Sawwaf\/Alef MultiMedia\/Oxfam - 10\/10\/2023\" src=\"https:\/\/i0.statig.com.br\/bancodeimagens\/imgalta\/8v\/r8\/ow\/8vr8owqzv8yk17kkek2po0wif.jpg\">  <\/div>\n<div class=\"swiper-slide\"> <img decoding=\"async\" loading=\"lazy\" alt=\"A destrui\u00e7\u00e3o foi causada pelos ataques a\u00e9reos israelenses no bairro de Al Remal, no centro da Cidade de Gaza\" title=\"Marwan Sawwaf\/Alef MultiMedia\/Oxfam - 10\/10\/2023\" src=\"https:\/\/i0.statig.com.br\/bancodeimagens\/imgalta\/do\/2k\/5c\/do2k5cc1y2nip9w2ym0cw4ioe.jpg\">  <\/div>\n<\/p>\n<\/div>\n<div class=\"swiper-expand\">              <\/div>\n<\/p>\n<\/div>\n<div class=\"galleria-info\">\n<div class=\"galleria-info-text\">  <\/div>\n<\/p>\n<\/div>\n<\/div>\n<h3 class=\"\">Negocia\u00e7\u00f5es internacionais frustradas <br \/> <\/h3>\n<p>Sem capacidade para atender feridos e para acolher e ajudar de forma adequada os refugiados, os agentes humanit\u00e1rios em Gaza t\u00eam pedido socorro internacional desde o in\u00edcio da guerra. As negocia\u00e7\u00f5es globais, por\u00e9m, ainda n\u00e3o tiveram resultado.<\/p>\n<p>Durante esta guerra, o Conselho de Seguran\u00e7a da ONU, que  <a href=\"https:\/\/ultimosegundo.ig.com.br\/mundo\/2023-10-31\/brasil-deixa-a-presidencia-do-conselho-de-seguranca-da-onu-nesta-terca.html\" data-mce-href=\"https:\/\/ultimosegundo.ig.com.br\/mundo\/2023-10-31\/brasil-deixa-a-presidencia-do-conselho-de-seguranca-da-onu-nesta-terca.html\">estava sendo presidido pelo Brasil<\/a> em outubro, se reuniu algumas vezes para tentar chegar a uma resolu\u00e7\u00e3o para o conflito. Quatro resolu\u00e7\u00f5es foram \u00e0 vota\u00e7\u00e3o, mas todas foram vetadas.<\/p>\n<p>Foram duas propostas da R\u00fassia, vetadas pelos Estados Unidos; uma do Brasil, que teve a maior ades\u00e3o, mas foi vetada pelos EUA; e uma dos Estados Unidos, vetada pela R\u00fassia.<\/p>\n<p>O ministro das Rela\u00e7\u00f5es Exteriores e representante do Brasil no Conselho de Seguran\u00e7a, <a href=\"https:\/\/ultimosegundo.ig.com.br\/2023-10-31\/mauro-vieira-conselho-seguranca-onu.html\" data-mce-href=\"https:\/\/ultimosegundo.ig.com.br\/2023-10-31\/mauro-vieira-conselho-seguranca-onu.html\">Mauro Vieira, disse que o grupo falhou<\/a> . &#8220;Continuamos com um impasse devido a um desentendimento interno, particularmente entre membros permanentes e gra\u00e7as ao persistente uso do conselho para atingir seus pr\u00f3prios prop\u00f3sitos em vez de colocar a prote\u00e7\u00e3o de civis acima de tudo&#8221;, disse ele, em refer\u00eancia a Estados Unidos e R\u00fassia. &#8220;Todos est\u00e3o vendo nossa incapacidade de nos unir e responder a uma crise que nos desafia&#8221;, acrescentou.<\/p>\n<p>Diante do impasse, a Assembleia-Geral da ONU se reuniu de forma emergencial e  <a href=\"https:\/\/ultimosegundo.ig.com.br\/mundo\/2023-10-27\/assembleia-geral-onu-aprova-resolucao-simbolica.html\" data-mce-href=\"https:\/\/ultimosegundo.ig.com.br\/mundo\/2023-10-27\/assembleia-geral-onu-aprova-resolucao-simbolica.html\">aprovou uma resolu\u00e7\u00e3o simb\u00f3lica da Jord\u00e2nia<\/a> que prev\u00ea uma tr\u00e9gua humanit\u00e1ria na Faixa de Gaza. O texto foi aprovado por 120 pa\u00edses; 45 se abstiveram e 14 votaram contra, incluindo Israel e os Estados Unidos.<\/p>\n<p>Depois da aprova\u00e7\u00e3o, <a href=\"https:\/\/ultimosegundo.ig.com.br\/mundo\/2023-10-30\/israel-discurso-netanyahu.html\" data-mce-href=\"https:\/\/ultimosegundo.ig.com.br\/mundo\/2023-10-30\/israel-discurso-netanyahu.html\">Netanyahu disse que Israel n\u00e3o aceitaria um cessar-fogo<\/a> . &#8220;Mesmo as guerras mais justas t\u00eam v\u00edtimas civis n\u00e3o intencionais&#8221;, disse ele, acrescentando que uma pausa nos bombardeios beneficiaria o Hamas.<\/p>\n<h3>Repatria\u00e7\u00e3o de brasileiros<\/h3>\n<p>Em meio \u00e0 crise no Oriente M\u00e9dio, o governo brasileiro atuou para remover das regi\u00f5es afetadas todos os brasileiros que quisessem regressar ao pa\u00eds. At\u00e9 o momento, todos os que quiseram deixar Israel e a Cisjord\u00e2nia tiveram essa possibilidade, mas um entrave continua na Faixa de Gaza.<\/p>\n<p>Ao todo, 1.410 brasileiros que estavam em Israel foram repatriados em oito voos da For\u00e7a A\u00e9rea Brasileira (FAB), que tamb\u00e9m trouxeram 3 bolivianas e 53 pets:<\/p>\n<ul>\n<li> <a href=\"https:\/\/ultimosegundo.ig.com.br\/2023-10-11\/aviao-fab-chega-ao-brasil-repatriados-israel.html\" data-mce-href=\"https:\/\/ultimosegundo.ig.com.br\/2023-10-11\/aviao-fab-chega-ao-brasil-repatriados-israel.html\">11\/10 &#8211;  Primeira aeronave pousa em Bras\u00edlia com 211 passageiros<\/a> <\/li>\n<li> <a href=\"https:\/\/ultimosegundo.ig.com.br\/brasil\/2023-10-12\/aviao-fab-brasileiros-israel-brasil.html\" data-mce-href=\"https:\/\/ultimosegundo.ig.com.br\/brasil\/2023-10-12\/aviao-fab-brasileiros-israel-brasil.html\">12\/10 &#8211;  Segunda aeronave pousa no Rio de Janeiro com 214 passageiros e 4 pets<\/a> <\/li>\n<li> <a href=\"https:\/\/ultimosegundo.ig.com.br\/mundo\/2023-10-13\/terceiro-aviao-com-brasileiros-repatriados-de-israel-chega-ao-brasil.html\" data-mce-href=\"https:\/\/ultimosegundo.ig.com.br\/mundo\/2023-10-13\/terceiro-aviao-com-brasileiros-repatriados-de-israel-chega-ao-brasil.html\">13\/10 &#8211;  Terceira aeronave pousa em Guarulhos com 69 passageiros<\/a> <\/li>\n<li> <a href=\"https:\/\/ultimosegundo.ig.com.br\/mundo\/2023-10-14\/numero-de-brasileiros-repatriados-de-israel-passa-dos-700.html\" data-mce-href=\"https:\/\/ultimosegundo.ig.com.br\/mundo\/2023-10-14\/numero-de-brasileiros-repatriados-de-israel-passa-dos-700.html\">14\/10 &#8211;  Quarta aeronave pousa no Rio de Janeiro com 207 passageiros e 4 pets<\/a> <\/li>\n<li> <a href=\"https:\/\/ultimosegundo.ig.com.br\/mundo\/2023-10-14\/quinto-aviao-fab-sai-israel-215-brasileiros-16-pets.html\" data-mce-href=\"https:\/\/ultimosegundo.ig.com.br\/mundo\/2023-10-14\/quinto-aviao-fab-sai-israel-215-brasileiros-16-pets.html\">15\/10 &#8211;  Quinta aeronave pousa no Rio de Janeiro com 215 passageiros e 16 pets<\/a> <\/li>\n<li> <a href=\"https:\/\/ultimosegundo.ig.com.br\/brasil\/2023-10-19\/repatriacao-sexto-aviao-fab-brasileiros-rj.html\" data-mce-href=\"https:\/\/ultimosegundo.ig.com.br\/brasil\/2023-10-19\/repatriacao-sexto-aviao-fab-brasileiros-rj.html\">19\/10 &#8211;  Sexta aeronave pousa no Rio de Janeiro com 219 passageiros e 11 pets<\/a> <\/li>\n<li> <a href=\"https:\/\/ultimosegundo.ig.com.br\/mundo\/2023-10-20\/aviao-fab-sai-israel-66-brasileiros-3-bolivianas.html\" data-mce-href=\"https:\/\/ultimosegundo.ig.com.br\/mundo\/2023-10-20\/aviao-fab-sai-israel-66-brasileiros-3-bolivianas.html\">21\/10 &#8211;  S\u00e9tima aeronave pousa no Rio de Janeiro com 66 brasileiros, 3 bolivianas e 9 pets<\/a> <\/li>\n<li> <a href=\"https:\/\/ultimosegundo.ig.com.br\/mundo\/2023-10-23\/ultimo-aviao-pousa-repatriacao-brasileiros-israel-finalizada.html\" data-mce-href=\"https:\/\/ultimosegundo.ig.com.br\/mundo\/2023-10-23\/ultimo-aviao-pousa-repatriacao-brasileiros-israel-finalizada.html\">23\/10 &#8211; Oitava aeronave pousa no Rio de Janeiro com 209 passageiros e 9 pets<\/a> <\/li>\n<\/ul>\n<p>Al\u00e9m disso,  <a href=\"https:\/\/ultimosegundo.ig.com.br\/mundo\/2023-11-01\/governo-resgata-brasileiros-cisjordania.html\" data-mce-href=\"https:\/\/ultimosegundo.ig.com.br\/mundo\/2023-11-01\/governo-resgata-brasileiros-cisjordania.html\">32 passageiros chegaram ao Brasil<\/a> nesta quinta-feira (2) vindos da Cisjord\u00e2nia. O grupo tinha 30 brasileiros, incluindo 11 crian\u00e7as e seis idosos, sendo dois deles cadeirantes. Uma jordaniana e um palestino, ambos casados com brasileiros, tamb\u00e9m foram resgatados.<\/p>\n<p>J\u00e1 na Faixa de Gaza, um grupo de 34 brasileiros e familiares pr\u00f3ximos aguarda para deixar a regi\u00e3o. Embora  <a href=\"https:\/\/ultimosegundo.ig.com.br\/mundo\/2023-11-01\/gaza-lista-paises-foram-autorizados-resgate-cidadaos.html\" data-mce-href=\"https:\/\/ultimosegundo.ig.com.br\/mundo\/2023-11-01\/gaza-lista-paises-foram-autorizados-resgate-cidadaos.html\">490 estrangeiros tenham sido autorizados a cruzar a passagem de Rafah, o Brasil ainda n\u00e3o foi contemplado.<\/a> <\/p>\n<p>&#8220;Tanto o Presidente Lula quanto o Ministro Mauro Vieira t\u00eam realizado gest\u00f5es em favor da sa\u00edda dos brasileiros junto a diversas altas autoridades de Egito, Israel, Catar, Autoridade Palestina e de outros pa\u00edses da regi\u00e3o. As gest\u00f5es continuar\u00e3o a ser feitas at\u00e9 que se concretize a sa\u00edda dos brasileiros retidos em Gaza&#8221;, diz o Itamaraty, em nota.<\/p>\n<p>&#8220;Ve\u00edculos contratados pelo Itamaraty seguem de prontid\u00e3o, \u00e0 espera da autoriza\u00e7\u00e3o para o tr\u00e2nsito do grupo pelo terminal de Rafah e, na sequ\u00eancia, por territ\u00f3rio eg\u00edpcio at\u00e9 o aeroporto do Cairo, onde aeronave da FAB aguarda para o voo de repatria\u00e7\u00e3o&#8221;, completa.<\/p>\n<p id=\"infocoweb_fonte\" class=\"infocoweb_fonte\">Fonte: <a target=\"_blank\" href=\"http:\/\/ultimosegundo.ig.com.br\/mundo\/2023-11-05\/guerra-gaza-israel-hamas-30-dias.html#194e06ae-23a3-4fce-8efd-a82d78ea78a6\" rel=\"noopener\">Internacional<\/a><\/p>\n","protected":false},"excerpt":{"rendered":"<p>Marwan Sawwaf\/Alef MultiMedia\/Oxfam &#8211; 10\/10\/2023 Faixa de Gaza \u00e9 regi\u00e3o mais afetada pela guerra Neste domingo (5), a guerra entre Israel e Hamas completa 30 dias. Desde o dia 7 de outubro, 9.488 pessoas morreram na Faixa de Gaza, incluindo 3,9 mil crian\u00e7as. Em Israel, 1.400 foram mortos. Ao todo, a guerra j\u00e1 deixou mais [&hellip;]<\/p>\n","protected":false},"author":5,"featured_media":59251,"comment_status":"open","ping_status":"open","sticky":false,"template":"","format":"standard","meta":{"_acf_changed":false,"_angie_page":false,"_monsterinsights_skip_tracking":false,"_themeisle_gutenberg_block_has_review":false,"page_builder":"","footnotes":"","jetpack_publicize_message":"","jetpack_publicize_feature_enabled":true,"jetpack_social_post_already_shared":false,"jetpack_social_options":{"image_generator_settings":{"template":"highway","default_image_id":0,"font":"","enabled":false},"version":2}},"categories":[12],"tags":[442,423,671,11677,3438,788],"class_list":["post-59250","post","type-post","status-publish","format-standard","has-post-thumbnail","hentry","category-mundo","tag-completa","tag-entre","tag-guerra","tag-hamas","tag-israel","tag-mortos"],"acf":[],"nelio_content":{"autoShareEndMode":"never","automationSources":{"useCustomSentences":false,"customSentences":[]},"efiAlt":"","efiUrl":"","followers":[5],"highlights":[],"isAutoShareEnabled":true,"networkImageIds":[],"permalinkQueryArgs":[],"series":[],"suggestedReferences":[]},"yoast_head":"<!-- This site is optimized with the Yoast SEO plugin v28.3 - https:\/\/yoast.com\/product\/yoast-seo-wordpress\/ -->\n<title>Guerra entre Israel e Hamas completa 30 dias com 10,8 mil mortos<\/title>\n<meta name=\"description\" content=\"Guerra entre Israel e Hamas completa 30 dias com 10,8 mil mortos\" \/>\n<meta name=\"robots\" content=\"index, follow, max-snippet:-1, max-image-preview:large, max-video-preview:-1\" \/>\n<link rel=\"canonical\" href=\"https:\/\/www.fatosefotosnews.com.br\/?p=59250\" \/>\n<meta property=\"og:locale\" content=\"pt_BR\" \/>\n<meta property=\"og:type\" content=\"article\" \/>\n<meta property=\"og:title\" content=\"Guerra entre Israel e Hamas completa 30 dias com 10,8 mil mortos\" \/>\n<meta property=\"og:description\" content=\"Guerra entre Israel e Hamas completa 30 dias com 10,8 mil mortos\" \/>\n<meta property=\"og:url\" content=\"https:\/\/www.fatosefotosnews.com.br\/?p=59250\" \/>\n<meta property=\"og:site_name\" content=\"Fatos e Fotos News\" \/>\n<meta property=\"article:published_time\" content=\"2023-11-05T10:19:10+00:00\" \/>\n<meta property=\"og:image\" content=\"https:\/\/www.fatosefotosnews.com.br\/wp-content\/uploads\/2023\/11\/9e78437993d40f6a49aa9a1341d3f234.jpeg\" \/>\n\t<meta property=\"og:image:width\" content=\"1024\" \/>\n\t<meta property=\"og:image:height\" content=\"576\" \/>\n\t<meta property=\"og:image:type\" content=\"image\/jpeg\" \/>\n<meta name=\"author\" content=\"Da Reda\u00e7\u00e3o\" \/>\n<meta name=\"twitter:card\" content=\"summary_large_image\" \/>\n<meta name=\"twitter:label1\" content=\"Escrito por\" \/>\n\t<meta name=\"twitter:data1\" content=\"Da Reda\u00e7\u00e3o\" \/>\n\t<meta name=\"twitter:label2\" content=\"Est. tempo de leitura\" \/>\n\t<meta name=\"twitter:data2\" content=\"99 minutos\" \/>\n<script type=\"application\/ld+json\" class=\"yoast-schema-graph\">{\"@context\":\"https:\\\/\\\/schema.org\",\"@graph\":[{\"@type\":\"Article\",\"@id\":\"https:\\\/\\\/www.fatosefotosnews.com.br\\\/?p=59250#article\",\"isPartOf\":{\"@id\":\"https:\\\/\\\/www.fatosefotosnews.com.br\\\/?p=59250\"},\"author\":{\"name\":\"Da Reda\u00e7\u00e3o\",\"@id\":\"https:\\\/\\\/www.fatosefotosnews.com.br\\\/#\\\/schema\\\/person\\\/3b80f81d08670fb1f6690e07eb8b5dc6\"},\"headline\":\"Guerra entre Israel e Hamas completa 30 dias com 10,8 mil mortos\",\"datePublished\":\"2023-11-05T10:19:10+00:00\",\"mainEntityOfPage\":{\"@id\":\"https:\\\/\\\/www.fatosefotosnews.com.br\\\/?p=59250\"},\"wordCount\":1546,\"commentCount\":0,\"publisher\":{\"@id\":\"https:\\\/\\\/www.fatosefotosnews.com.br\\\/#organization\"},\"image\":{\"@id\":\"https:\\\/\\\/www.fatosefotosnews.com.br\\\/?p=59250#primaryimage\"},\"thumbnailUrl\":\"https:\\\/\\\/www.fatosefotosnews.com.br\\\/wp-content\\\/uploads\\\/2023\\\/11\\\/9e78437993d40f6a49aa9a1341d3f234.jpeg\",\"keywords\":[\"completa\",\"entre\",\"guerra\",\"hamas\",\"israel\",\"mortos\"],\"articleSection\":[\"Mundo\"],\"inLanguage\":\"pt-BR\",\"potentialAction\":[{\"@type\":\"CommentAction\",\"name\":\"Comment\",\"target\":[\"https:\\\/\\\/www.fatosefotosnews.com.br\\\/?p=59250#respond\"]}]},{\"@type\":\"WebPage\",\"@id\":\"https:\\\/\\\/www.fatosefotosnews.com.br\\\/?p=59250\",\"url\":\"https:\\\/\\\/www.fatosefotosnews.com.br\\\/?p=59250\",\"name\":\"Guerra entre Israel e Hamas completa 30 dias com 10,8 mil mortos\",\"isPartOf\":{\"@id\":\"https:\\\/\\\/www.fatosefotosnews.com.br\\\/#website\"},\"primaryImageOfPage\":{\"@id\":\"https:\\\/\\\/www.fatosefotosnews.com.br\\\/?p=59250#primaryimage\"},\"image\":{\"@id\":\"https:\\\/\\\/www.fatosefotosnews.com.br\\\/?p=59250#primaryimage\"},\"thumbnailUrl\":\"https:\\\/\\\/www.fatosefotosnews.com.br\\\/wp-content\\\/uploads\\\/2023\\\/11\\\/9e78437993d40f6a49aa9a1341d3f234.jpeg\",\"datePublished\":\"2023-11-05T10:19:10+00:00\",\"description\":\"Guerra entre Israel e Hamas completa 30 dias com 10,8 mil mortos\",\"breadcrumb\":{\"@id\":\"https:\\\/\\\/www.fatosefotosnews.com.br\\\/?p=59250#breadcrumb\"},\"inLanguage\":\"pt-BR\",\"potentialAction\":[{\"@type\":\"ReadAction\",\"target\":[\"https:\\\/\\\/www.fatosefotosnews.com.br\\\/?p=59250\"]}]},{\"@type\":\"ImageObject\",\"inLanguage\":\"pt-BR\",\"@id\":\"https:\\\/\\\/www.fatosefotosnews.com.br\\\/?p=59250#primaryimage\",\"url\":\"https:\\\/\\\/www.fatosefotosnews.com.br\\\/wp-content\\\/uploads\\\/2023\\\/11\\\/9e78437993d40f6a49aa9a1341d3f234.jpeg\",\"contentUrl\":\"https:\\\/\\\/www.fatosefotosnews.com.br\\\/wp-content\\\/uploads\\\/2023\\\/11\\\/9e78437993d40f6a49aa9a1341d3f234.jpeg\",\"width\":1024,\"height\":576,\"caption\":\"Marwan Sawwaf\\\/Alef MultiMedia\\\/Oxfam - 10\\\/10\\\/2023 Faixa de Gaza \u00e9 regi\u00e3o mais afetada pela guerra\"},{\"@type\":\"BreadcrumbList\",\"@id\":\"https:\\\/\\\/www.fatosefotosnews.com.br\\\/?p=59250#breadcrumb\",\"itemListElement\":[{\"@type\":\"ListItem\",\"position\":1,\"name\":\"In\u00edcio\",\"item\":\"https:\\\/\\\/www.fatosefotosnews.com.br\\\/\"},{\"@type\":\"ListItem\",\"position\":2,\"name\":\"Guerra entre Israel e Hamas completa 30 dias com 10,8 mil mortos\"}]},{\"@type\":\"WebSite\",\"@id\":\"https:\\\/\\\/www.fatosefotosnews.com.br\\\/#website\",\"url\":\"https:\\\/\\\/www.fatosefotosnews.com.br\\\/\",\"name\":\"Fatos e Fotos News\",\"description\":\"Um site de noticial verdadeira e confi\u00e1veis.\",\"publisher\":{\"@id\":\"https:\\\/\\\/www.fatosefotosnews.com.br\\\/#organization\"},\"potentialAction\":[{\"@type\":\"SearchAction\",\"target\":{\"@type\":\"EntryPoint\",\"urlTemplate\":\"https:\\\/\\\/www.fatosefotosnews.com.br\\\/?s={search_term_string}\"},\"query-input\":{\"@type\":\"PropertyValueSpecification\",\"valueRequired\":true,\"valueName\":\"search_term_string\"}}],\"inLanguage\":\"pt-BR\"},{\"@type\":\"Organization\",\"@id\":\"https:\\\/\\\/www.fatosefotosnews.com.br\\\/#organization\",\"name\":\"Fatos e Fotos News\",\"url\":\"https:\\\/\\\/www.fatosefotosnews.com.br\\\/\",\"logo\":{\"@type\":\"ImageObject\",\"inLanguage\":\"pt-BR\",\"@id\":\"https:\\\/\\\/www.fatosefotosnews.com.br\\\/#\\\/schema\\\/logo\\\/image\\\/\",\"url\":\"https:\\\/\\\/www.fatosefotosnews.com.br\\\/wp-content\\\/uploads\\\/2023\\\/02\\\/Fatos-e-Fotos-news-logo.png\",\"contentUrl\":\"https:\\\/\\\/www.fatosefotosnews.com.br\\\/wp-content\\\/uploads\\\/2023\\\/02\\\/Fatos-e-Fotos-news-logo.png\",\"width\":300,\"height\":58,\"caption\":\"Fatos e Fotos News\"},\"image\":{\"@id\":\"https:\\\/\\\/www.fatosefotosnews.com.br\\\/#\\\/schema\\\/logo\\\/image\\\/\"}},{\"@type\":\"Person\",\"@id\":\"https:\\\/\\\/www.fatosefotosnews.com.br\\\/#\\\/schema\\\/person\\\/3b80f81d08670fb1f6690e07eb8b5dc6\",\"name\":\"Da Reda\u00e7\u00e3o\",\"image\":{\"@type\":\"ImageObject\",\"inLanguage\":\"pt-BR\",\"@id\":\"https:\\\/\\\/secure.gravatar.com\\\/avatar\\\/696d39935a657bf0fc95044dbc9f912520430a0eb6dd46c85dd97eb6483b249b?s=96&d=mm&r=g\",\"url\":\"https:\\\/\\\/secure.gravatar.com\\\/avatar\\\/696d39935a657bf0fc95044dbc9f912520430a0eb6dd46c85dd97eb6483b249b?s=96&d=mm&r=g\",\"contentUrl\":\"https:\\\/\\\/secure.gravatar.com\\\/avatar\\\/696d39935a657bf0fc95044dbc9f912520430a0eb6dd46c85dd97eb6483b249b?s=96&d=mm&r=g\",\"caption\":\"Da Reda\u00e7\u00e3o\"},\"url\":\"https:\\\/\\\/www.fatosefotosnews.com.br\\\/?author=5\"}]}<\/script>\n<!-- \/ Yoast SEO plugin. -->","yoast_head_json":{"title":"Guerra entre Israel e Hamas completa 30 dias com 10,8 mil mortos","description":"Guerra entre Israel e Hamas completa 30 dias com 10,8 mil mortos","robots":{"index":"index","follow":"follow","max-snippet":"max-snippet:-1","max-image-preview":"max-image-preview:large","max-video-preview":"max-video-preview:-1"},"canonical":"https:\/\/www.fatosefotosnews.com.br\/?p=59250","og_locale":"pt_BR","og_type":"article","og_title":"Guerra entre Israel e Hamas completa 30 dias com 10,8 mil mortos","og_description":"Guerra entre Israel e Hamas completa 30 dias com 10,8 mil mortos","og_url":"https:\/\/www.fatosefotosnews.com.br\/?p=59250","og_site_name":"Fatos e Fotos News","article_published_time":"2023-11-05T10:19:10+00:00","og_image":[{"width":1024,"height":576,"url":"https:\/\/www.fatosefotosnews.com.br\/wp-content\/uploads\/2023\/11\/9e78437993d40f6a49aa9a1341d3f234.jpeg","type":"image\/jpeg"}],"author":"Da Reda\u00e7\u00e3o","twitter_card":"summary_large_image","twitter_misc":{"Escrito por":"Da Reda\u00e7\u00e3o","Est. tempo de leitura":"99 minutos"},"schema":{"@context":"https:\/\/schema.org","@graph":[{"@type":"Article","@id":"https:\/\/www.fatosefotosnews.com.br\/?p=59250#article","isPartOf":{"@id":"https:\/\/www.fatosefotosnews.com.br\/?p=59250"},"author":{"name":"Da Reda\u00e7\u00e3o","@id":"https:\/\/www.fatosefotosnews.com.br\/#\/schema\/person\/3b80f81d08670fb1f6690e07eb8b5dc6"},"headline":"Guerra entre Israel e Hamas completa 30 dias com 10,8 mil mortos","datePublished":"2023-11-05T10:19:10+00:00","mainEntityOfPage":{"@id":"https:\/\/www.fatosefotosnews.com.br\/?p=59250"},"wordCount":1546,"commentCount":0,"publisher":{"@id":"https:\/\/www.fatosefotosnews.com.br\/#organization"},"image":{"@id":"https:\/\/www.fatosefotosnews.com.br\/?p=59250#primaryimage"},"thumbnailUrl":"https:\/\/www.fatosefotosnews.com.br\/wp-content\/uploads\/2023\/11\/9e78437993d40f6a49aa9a1341d3f234.jpeg","keywords":["completa","entre","guerra","hamas","israel","mortos"],"articleSection":["Mundo"],"inLanguage":"pt-BR","potentialAction":[{"@type":"CommentAction","name":"Comment","target":["https:\/\/www.fatosefotosnews.com.br\/?p=59250#respond"]}]},{"@type":"WebPage","@id":"https:\/\/www.fatosefotosnews.com.br\/?p=59250","url":"https:\/\/www.fatosefotosnews.com.br\/?p=59250","name":"Guerra entre Israel e Hamas completa 30 dias com 10,8 mil mortos","isPartOf":{"@id":"https:\/\/www.fatosefotosnews.com.br\/#website"},"primaryImageOfPage":{"@id":"https:\/\/www.fatosefotosnews.com.br\/?p=59250#primaryimage"},"image":{"@id":"https:\/\/www.fatosefotosnews.com.br\/?p=59250#primaryimage"},"thumbnailUrl":"https:\/\/www.fatosefotosnews.com.br\/wp-content\/uploads\/2023\/11\/9e78437993d40f6a49aa9a1341d3f234.jpeg","datePublished":"2023-11-05T10:19:10+00:00","description":"Guerra entre Israel e Hamas completa 30 dias com 10,8 mil mortos","breadcrumb":{"@id":"https:\/\/www.fatosefotosnews.com.br\/?p=59250#breadcrumb"},"inLanguage":"pt-BR","potentialAction":[{"@type":"ReadAction","target":["https:\/\/www.fatosefotosnews.com.br\/?p=59250"]}]},{"@type":"ImageObject","inLanguage":"pt-BR","@id":"https:\/\/www.fatosefotosnews.com.br\/?p=59250#primaryimage","url":"https:\/\/www.fatosefotosnews.com.br\/wp-content\/uploads\/2023\/11\/9e78437993d40f6a49aa9a1341d3f234.jpeg","contentUrl":"https:\/\/www.fatosefotosnews.com.br\/wp-content\/uploads\/2023\/11\/9e78437993d40f6a49aa9a1341d3f234.jpeg","width":1024,"height":576,"caption":"Marwan Sawwaf\/Alef MultiMedia\/Oxfam - 10\/10\/2023 Faixa de Gaza \u00e9 regi\u00e3o mais afetada pela guerra"},{"@type":"BreadcrumbList","@id":"https:\/\/www.fatosefotosnews.com.br\/?p=59250#breadcrumb","itemListElement":[{"@type":"ListItem","position":1,"name":"In\u00edcio","item":"https:\/\/www.fatosefotosnews.com.br\/"},{"@type":"ListItem","position":2,"name":"Guerra entre Israel e Hamas completa 30 dias com 10,8 mil mortos"}]},{"@type":"WebSite","@id":"https:\/\/www.fatosefotosnews.com.br\/#website","url":"https:\/\/www.fatosefotosnews.com.br\/","name":"Fatos e Fotos News","description":"Um site de noticial verdadeira e confi\u00e1veis.","publisher":{"@id":"https:\/\/www.fatosefotosnews.com.br\/#organization"},"potentialAction":[{"@type":"SearchAction","target":{"@type":"EntryPoint","urlTemplate":"https:\/\/www.fatosefotosnews.com.br\/?s={search_term_string}"},"query-input":{"@type":"PropertyValueSpecification","valueRequired":true,"valueName":"search_term_string"}}],"inLanguage":"pt-BR"},{"@type":"Organization","@id":"https:\/\/www.fatosefotosnews.com.br\/#organization","name":"Fatos e Fotos News","url":"https:\/\/www.fatosefotosnews.com.br\/","logo":{"@type":"ImageObject","inLanguage":"pt-BR","@id":"https:\/\/www.fatosefotosnews.com.br\/#\/schema\/logo\/image\/","url":"https:\/\/www.fatosefotosnews.com.br\/wp-content\/uploads\/2023\/02\/Fatos-e-Fotos-news-logo.png","contentUrl":"https:\/\/www.fatosefotosnews.com.br\/wp-content\/uploads\/2023\/02\/Fatos-e-Fotos-news-logo.png","width":300,"height":58,"caption":"Fatos e Fotos News"},"image":{"@id":"https:\/\/www.fatosefotosnews.com.br\/#\/schema\/logo\/image\/"}},{"@type":"Person","@id":"https:\/\/www.fatosefotosnews.com.br\/#\/schema\/person\/3b80f81d08670fb1f6690e07eb8b5dc6","name":"Da Reda\u00e7\u00e3o","image":{"@type":"ImageObject","inLanguage":"pt-BR","@id":"https:\/\/secure.gravatar.com\/avatar\/696d39935a657bf0fc95044dbc9f912520430a0eb6dd46c85dd97eb6483b249b?s=96&d=mm&r=g","url":"https:\/\/secure.gravatar.com\/avatar\/696d39935a657bf0fc95044dbc9f912520430a0eb6dd46c85dd97eb6483b249b?s=96&d=mm&r=g","contentUrl":"https:\/\/secure.gravatar.com\/avatar\/696d39935a657bf0fc95044dbc9f912520430a0eb6dd46c85dd97eb6483b249b?s=96&d=mm&r=g","caption":"Da Reda\u00e7\u00e3o"},"url":"https:\/\/www.fatosefotosnews.com.br\/?author=5"}]}},"jetpack_publicize_connections":[],"blog_post_layout_featured_media_urls":{"thumbnail":["https:\/\/www.fatosefotosnews.com.br\/wp-content\/uploads\/2023\/11\/9e78437993d40f6a49aa9a1341d3f234-150x150.jpeg",150,150,true],"full":["https:\/\/www.fatosefotosnews.com.br\/wp-content\/uploads\/2023\/11\/9e78437993d40f6a49aa9a1341d3f234.jpeg",1024,576,false]},"categories_names":{"12":{"name":"Mundo","link":"https:\/\/www.fatosefotosnews.com.br\/?cat=12"}},"tags_names":{"442":{"name":"completa","link":"https:\/\/www.fatosefotosnews.com.br\/?tag=completa"},"423":{"name":"entre","link":"https:\/\/www.fatosefotosnews.com.br\/?tag=entre"},"671":{"name":"guerra","link":"https:\/\/www.fatosefotosnews.com.br\/?tag=guerra"},"11677":{"name":"hamas","link":"https:\/\/www.fatosefotosnews.com.br\/?tag=hamas"},"3438":{"name":"israel","link":"https:\/\/www.fatosefotosnews.com.br\/?tag=israel"},"788":{"name":"mortos","link":"https:\/\/www.fatosefotosnews.com.br\/?tag=mortos"}},"comments_number":"0","wpmagazine_modules_lite_featured_media_urls":{"thumbnail":["https:\/\/www.fatosefotosnews.com.br\/wp-content\/uploads\/2023\/11\/9e78437993d40f6a49aa9a1341d3f234-150x150.jpeg",150,150,true],"cvmm-medium":["https:\/\/www.fatosefotosnews.com.br\/wp-content\/uploads\/2023\/11\/9e78437993d40f6a49aa9a1341d3f234-300x300.jpeg",300,300,true],"cvmm-medium-plus":["https:\/\/www.fatosefotosnews.com.br\/wp-content\/uploads\/2023\/11\/9e78437993d40f6a49aa9a1341d3f234-305x207.jpeg",305,207,true],"cvmm-portrait":["https:\/\/www.fatosefotosnews.com.br\/wp-content\/uploads\/2023\/11\/9e78437993d40f6a49aa9a1341d3f234-400x576.jpeg",400,576,true],"cvmm-medium-square":["https:\/\/www.fatosefotosnews.com.br\/wp-content\/uploads\/2023\/11\/9e78437993d40f6a49aa9a1341d3f234-600x576.jpeg",600,576,true],"cvmm-large":["https:\/\/www.fatosefotosnews.com.br\/wp-content\/uploads\/2023\/11\/9e78437993d40f6a49aa9a1341d3f234.jpeg",1024,576,false],"cvmm-small":["https:\/\/www.fatosefotosnews.com.br\/wp-content\/uploads\/2023\/11\/9e78437993d40f6a49aa9a1341d3f234-130x95.jpeg",130,95,true],"full":["https:\/\/www.fatosefotosnews.com.br\/wp-content\/uploads\/2023\/11\/9e78437993d40f6a49aa9a1341d3f234.jpeg",1024,576,false]},"_links":{"self":[{"href":"https:\/\/www.fatosefotosnews.com.br\/index.php?rest_route=\/wp\/v2\/posts\/59250","targetHints":{"allow":["GET"]}}],"collection":[{"href":"https:\/\/www.fatosefotosnews.com.br\/index.php?rest_route=\/wp\/v2\/posts"}],"about":[{"href":"https:\/\/www.fatosefotosnews.com.br\/index.php?rest_route=\/wp\/v2\/types\/post"}],"author":[{"embeddable":true,"href":"https:\/\/www.fatosefotosnews.com.br\/index.php?rest_route=\/wp\/v2\/users\/5"}],"replies":[{"embeddable":true,"href":"https:\/\/www.fatosefotosnews.com.br\/index.php?rest_route=%2Fwp%2Fv2%2Fcomments&post=59250"}],"version-history":[{"count":0,"href":"https:\/\/www.fatosefotosnews.com.br\/index.php?rest_route=\/wp\/v2\/posts\/59250\/revisions"}],"wp:featuredmedia":[{"embeddable":true,"href":"https:\/\/www.fatosefotosnews.com.br\/index.php?rest_route=\/wp\/v2\/media\/59251"}],"wp:attachment":[{"href":"https:\/\/www.fatosefotosnews.com.br\/index.php?rest_route=%2Fwp%2Fv2%2Fmedia&parent=59250"}],"wp:term":[{"taxonomy":"category","embeddable":true,"href":"https:\/\/www.fatosefotosnews.com.br\/index.php?rest_route=%2Fwp%2Fv2%2Fcategories&post=59250"},{"taxonomy":"post_tag","embeddable":true,"href":"https:\/\/www.fatosefotosnews.com.br\/index.php?rest_route=%2Fwp%2Fv2%2Ftags&post=59250"}],"curies":[{"name":"wp","href":"https:\/\/api.w.org\/{rel}","templated":true}]}}