{"id":59426,"date":"2023-11-06T13:46:16","date_gmt":"2023-11-06T16:46:16","guid":{"rendered":"https:\/\/www.fatosefotosnews.com.br\/pf-e-prf-apreendem-15-tonelada-de-cocaina-a-bordo-de-navio\/"},"modified":"2023-11-06T13:46:16","modified_gmt":"2023-11-06T16:46:16","slug":"pf-e-prf-apreendem-15-tonelada-de-cocaina-a-bordo-de-navio","status":"publish","type":"post","link":"https:\/\/www.fatosefotosnews.com.br\/?p=59426","title":{"rendered":"PF e PRF apreendem 1,5 tonelada de coca\u00edna a bordo de navio"},"content":{"rendered":"<p>Policiais federais e agentes da Receita Federal apreenderam, neste domingo (5), cerca de 1,5 tonelada de coca\u00edna no Porto de Vit\u00f3ria (ES). A droga estava escondida em um navio de carga de bandeira italiana, o Grande Amburgo.<img decoding=\"async\" src=\"https:\/\/agenciabrasil.ebc.com.br\/ebc.png?id=1564712&#038;o=node\" style=\"width:1px;height:1px\"><img decoding=\"async\" src=\"https:\/\/agenciabrasil.ebc.com.br\/ebc.gif?id=1564712&#038;o=node\" style=\"width:1px;height:1px\"><\/p>\n<p>Segundo a Pol\u00edcia Federal (PF), a apreens\u00e3o da droga guardada em 52 fardos \u00e9 resultado de investiga\u00e7\u00f5es realizadas em conjunto com outros pa\u00edses e que j\u00e1 resultou em a\u00e7\u00f5es semelhantes nos portos de Santos (SP), da ilha espanhola de Tenerife e de Hamburgo, na Alemanha.<\/p>\n<p>Segundo o boletim de movimenta\u00e7\u00e3o divulgado pela administradora do terminal de Vit\u00f3ria, a Vports, o navio atracou no porto capixaba \u00e0s 14h10 deste domingo e, desde ent\u00e3o, est\u00e1 \u201carribado\u201d, ou seja, for\u00e7ado a permanecer no porto at\u00e9 ser liberado pela PF, que instaurou inqu\u00e9rito para apurar o caso.<\/p>\n<p>Ainda de acordo com o boletim da Vports, o Grande Amburgo pertence \u00e0 companhia italiana Grimaldi Group e estava sendo operado pela ag\u00eancia mar\u00edtima Lachmann e pela operadora portu\u00e1ria Poseidon, ambas brasileiras,<\/p>\n<p>A <strong>Ag\u00eancia Brasil<\/strong> entrou em contato com representantes da Poseidon e da Lachmann. A primeira informou ser respons\u00e1vel apenas pela opera\u00e7\u00e3o de carga e descarga, e que como os agentes federais abordaram a embarca\u00e7\u00e3o antes do in\u00edcio dos trabalhos, seus funcion\u00e1rios n\u00e3o chegaram a ter acesso ao Grande Amburgo. A Lachmann n\u00e3o se pronunciou sobre o ocorrido at\u00e9 a publica\u00e7\u00e3o desta reportagem.<\/p>\n<h2>Europa<\/h2>\n<p>Ainda de acordo com a PF, mais de 50 servidores dos dois \u00f3rg\u00e3os federais participaram da varredura para verificar a informa\u00e7\u00e3o de que o navio cargueiro partiria do porto capixaba com destino \u00e0 Europa levando a bordo uma grande carga de drogas.<\/p>\n<p>Na a\u00e7\u00e3o tamb\u00e9m foram empregados 14 c\u00e3es farejadores, duas embarca\u00e7\u00f5es da PF e da PRF usadas no patrulhamento portu\u00e1rio e drones subaqu\u00e1ticos usados para examinar parte do casco da embarca\u00e7\u00e3o. A a\u00e7\u00e3o tamb\u00e9m contou com apoio da Marinha. Os 52 fardos estavam escondidos em dois pontos diferentes do navio, acondicionados de forma a ser atirado ao mar assim que o navio se aproximasse de seu destino final \u2013 ainda n\u00e3o informado pela corpora\u00e7\u00e3o.<\/p>\n<p>A PF tamb\u00e9m ainda n\u00e3o sabe em que momento a droga foi levada a bordo, mas suspeita de que ela foi i\u00e7ada, com a ajuda de pessoal de dentro do navio. \u201cO modelo dos pacotes de droga indica que eles foram i\u00e7ados de fora para dentro do navio. A suspeita, portanto, \u00e9 que houve sim participa\u00e7\u00e3o de algum tripulante para colocar e esconder esta droga\u201d, afirmou o superintendente da PF no Esp\u00edrito Santo, Eugenio Ricas.<\/p>\n<p>Al\u00e9m de recolher as impress\u00f5es digitais e os depoimentos dos 28 tripulantes, os investigadores j\u00e1 recolheram amostras de material gen\u00e9tico e impress\u00f5es digitais encontradas nos fardos de droga. At\u00e9 a manh\u00e3 desta segunda-feira (6), ningu\u00e9m tinha sido preso, mas segundo o superintendente da PF, a tripula\u00e7\u00e3o do Grande Amburgo deve permanecer retida no Brasil pelo tempo que as investiga\u00e7\u00f5es exigirem.<\/p>\n<p>\u201cPretendemos n\u00e3o liberar a sa\u00edda dos tripulantes at\u00e9 termos o resultado da compara\u00e7\u00e3o das digitais e [eventualmente] do material gen\u00e9tico. A partir da\u00ed, se algu\u00e9m for identificado, certamente ser\u00e1 preso e os demais v\u00e3o ter a sa\u00edda liberada\u201d, disse Ricas a jornalistas.<\/p>\n<p>\u201cNossas investiga\u00e7\u00f5es v\u00e3o buscar apontar quem contribuiu para que aquela droga fosse colocada no navio; para quem ela seria entregue na Europa, enfim, para conseguirmos identificar toda a organiza\u00e7\u00e3o criminosa por tr\u00e1s deste absurdo tr\u00e1fico de entorpecentes\u201d, assegurou o superintendente.<\/p>\n<p id=\"infocoweb_fonte\" class=\"infocoweb_fonte\">Fonte: <a target=\"_blank\" href=\"https:\/\/agenciabrasil.ebc.com.br\/geral\/noticia\/2023-11\/pf-e-prf-apreendem-15-tonelada-de-cocaina-bordo-de-navio#afee1736-14b7-4893-8b2c-a5c2be34a311\" rel=\"noopener\">EBC GERAL<\/a><\/p>\n","protected":false},"excerpt":{"rendered":"<p>Policiais federais e agentes da Receita Federal apreenderam, neste domingo (5), cerca de 1,5 tonelada de coca\u00edna no Porto de Vit\u00f3ria (ES). A droga estava escondida em um navio de carga de bandeira italiana, o Grande Amburgo. Segundo a Pol\u00edcia Federal (PF), a apreens\u00e3o da droga guardada em 52 fardos \u00e9 resultado de investiga\u00e7\u00f5es realizadas [&hellip;]<\/p>\n","protected":false},"author":5,"featured_media":59427,"comment_status":"open","ping_status":"open","sticky":false,"template":"","format":"standard","meta":{"_acf_changed":false,"_angie_page":false,"_monsterinsights_skip_tracking":false,"_themeisle_gutenberg_block_has_review":false,"page_builder":"","footnotes":"","jetpack_publicize_message":"","jetpack_publicize_feature_enabled":true,"jetpack_social_post_already_shared":false,"jetpack_social_options":{"image_generator_settings":{"template":"highway","default_image_id":0,"font":"","enabled":false},"version":2}},"categories":[167],"tags":[8263,11016,2706,1553,12552],"class_list":["post-59426","post","type-post","status-publish","format-standard","has-post-thumbnail","hentry","category-geral","tag-apreendem","tag-bordo","tag-cocaina","tag-navio","tag-tonelada"],"acf":[],"nelio_content":{"autoShareEndMode":"never","automationSources":{"useCustomSentences":false,"customSentences":[]},"efiAlt":"","efiUrl":"","followers":[5],"highlights":[],"isAutoShareEnabled":true,"networkImageIds":[],"permalinkQueryArgs":[],"series":[],"suggestedReferences":[]},"yoast_head":"<!-- This site is optimized with the Yoast SEO plugin v28.3 - https:\/\/yoast.com\/product\/yoast-seo-wordpress\/ -->\n<title>PF e PRF apreendem 1,5 tonelada de coca\u00edna a bordo de navio<\/title>\n<meta name=\"description\" content=\"PF e PRF apreendem 1,5 tonelada de coca\u00edna a bordo de navio\" \/>\n<meta name=\"robots\" content=\"index, follow, max-snippet:-1, max-image-preview:large, max-video-preview:-1\" \/>\n<link rel=\"canonical\" href=\"https:\/\/www.fatosefotosnews.com.br\/?p=59426\" \/>\n<meta property=\"og:locale\" content=\"pt_BR\" \/>\n<meta property=\"og:type\" content=\"article\" \/>\n<meta property=\"og:title\" content=\"PF e PRF apreendem 1,5 tonelada de coca\u00edna a bordo de navio\" \/>\n<meta property=\"og:description\" content=\"PF e PRF apreendem 1,5 tonelada de coca\u00edna a bordo de navio\" \/>\n<meta property=\"og:url\" content=\"https:\/\/www.fatosefotosnews.com.br\/?p=59426\" \/>\n<meta property=\"og:site_name\" content=\"Fatos e Fotos News\" \/>\n<meta property=\"article:published_time\" content=\"2023-11-06T16:46:16+00:00\" \/>\n<meta property=\"og:image\" content=\"https:\/\/www.fatosefotosnews.com.br\/wp-content\/uploads\/2023\/11\/ff03caac334e847a9f566558464bb968.jpeg\" \/>\n\t<meta property=\"og:image:width\" content=\"1024\" \/>\n\t<meta property=\"og:image:height\" content=\"512\" \/>\n\t<meta property=\"og:image:type\" content=\"image\/jpeg\" \/>\n<meta name=\"author\" content=\"Da Reda\u00e7\u00e3o\" \/>\n<meta name=\"twitter:card\" content=\"summary_large_image\" \/>\n<meta name=\"twitter:label1\" content=\"Escrito por\" \/>\n\t<meta name=\"twitter:data1\" content=\"Da Reda\u00e7\u00e3o\" \/>\n\t<meta name=\"twitter:label2\" content=\"Est. tempo de leitura\" \/>\n\t<meta name=\"twitter:data2\" content=\"99 minutos\" \/>\n<script type=\"application\/ld+json\" class=\"yoast-schema-graph\">{\"@context\":\"https:\\\/\\\/schema.org\",\"@graph\":[{\"@type\":\"Article\",\"@id\":\"https:\\\/\\\/www.fatosefotosnews.com.br\\\/?p=59426#article\",\"isPartOf\":{\"@id\":\"https:\\\/\\\/www.fatosefotosnews.com.br\\\/?p=59426\"},\"author\":{\"name\":\"Da Reda\u00e7\u00e3o\",\"@id\":\"https:\\\/\\\/www.fatosefotosnews.com.br\\\/#\\\/schema\\\/person\\\/3b80f81d08670fb1f6690e07eb8b5dc6\"},\"headline\":\"PF e PRF apreendem 1,5 tonelada de coca\u00edna a bordo de navio\",\"datePublished\":\"2023-11-06T16:46:16+00:00\",\"mainEntityOfPage\":{\"@id\":\"https:\\\/\\\/www.fatosefotosnews.com.br\\\/?p=59426\"},\"wordCount\":621,\"commentCount\":0,\"publisher\":{\"@id\":\"https:\\\/\\\/www.fatosefotosnews.com.br\\\/#organization\"},\"image\":{\"@id\":\"https:\\\/\\\/www.fatosefotosnews.com.br\\\/?p=59426#primaryimage\"},\"thumbnailUrl\":\"https:\\\/\\\/www.fatosefotosnews.com.br\\\/wp-content\\\/uploads\\\/2023\\\/11\\\/ff03caac334e847a9f566558464bb968.jpeg\",\"keywords\":[\"apreendem\",\"bordo\",\"cocaina\",\"navio\",\"tonelada\"],\"articleSection\":[\"Geral\"],\"inLanguage\":\"pt-BR\",\"potentialAction\":[{\"@type\":\"CommentAction\",\"name\":\"Comment\",\"target\":[\"https:\\\/\\\/www.fatosefotosnews.com.br\\\/?p=59426#respond\"]}]},{\"@type\":\"WebPage\",\"@id\":\"https:\\\/\\\/www.fatosefotosnews.com.br\\\/?p=59426\",\"url\":\"https:\\\/\\\/www.fatosefotosnews.com.br\\\/?p=59426\",\"name\":\"PF e PRF apreendem 1,5 tonelada de coca\u00edna a bordo de navio\",\"isPartOf\":{\"@id\":\"https:\\\/\\\/www.fatosefotosnews.com.br\\\/#website\"},\"primaryImageOfPage\":{\"@id\":\"https:\\\/\\\/www.fatosefotosnews.com.br\\\/?p=59426#primaryimage\"},\"image\":{\"@id\":\"https:\\\/\\\/www.fatosefotosnews.com.br\\\/?p=59426#primaryimage\"},\"thumbnailUrl\":\"https:\\\/\\\/www.fatosefotosnews.com.br\\\/wp-content\\\/uploads\\\/2023\\\/11\\\/ff03caac334e847a9f566558464bb968.jpeg\",\"datePublished\":\"2023-11-06T16:46:16+00:00\",\"description\":\"PF e PRF apreendem 1,5 tonelada de coca\u00edna a bordo de navio\",\"breadcrumb\":{\"@id\":\"https:\\\/\\\/www.fatosefotosnews.com.br\\\/?p=59426#breadcrumb\"},\"inLanguage\":\"pt-BR\",\"potentialAction\":[{\"@type\":\"ReadAction\",\"target\":[\"https:\\\/\\\/www.fatosefotosnews.com.br\\\/?p=59426\"]}]},{\"@type\":\"ImageObject\",\"inLanguage\":\"pt-BR\",\"@id\":\"https:\\\/\\\/www.fatosefotosnews.com.br\\\/?p=59426#primaryimage\",\"url\":\"https:\\\/\\\/www.fatosefotosnews.com.br\\\/wp-content\\\/uploads\\\/2023\\\/11\\\/ff03caac334e847a9f566558464bb968.jpeg\",\"contentUrl\":\"https:\\\/\\\/www.fatosefotosnews.com.br\\\/wp-content\\\/uploads\\\/2023\\\/11\\\/ff03caac334e847a9f566558464bb968.jpeg\",\"width\":1024,\"height\":512,\"caption\":\"\u00a9 Pol\u00edcia\"},{\"@type\":\"BreadcrumbList\",\"@id\":\"https:\\\/\\\/www.fatosefotosnews.com.br\\\/?p=59426#breadcrumb\",\"itemListElement\":[{\"@type\":\"ListItem\",\"position\":1,\"name\":\"In\u00edcio\",\"item\":\"https:\\\/\\\/www.fatosefotosnews.com.br\\\/\"},{\"@type\":\"ListItem\",\"position\":2,\"name\":\"PF e PRF apreendem 1,5 tonelada de coca\u00edna a bordo de navio\"}]},{\"@type\":\"WebSite\",\"@id\":\"https:\\\/\\\/www.fatosefotosnews.com.br\\\/#website\",\"url\":\"https:\\\/\\\/www.fatosefotosnews.com.br\\\/\",\"name\":\"Fatos e Fotos News\",\"description\":\"Um site de noticial verdadeira e confi\u00e1veis.\",\"publisher\":{\"@id\":\"https:\\\/\\\/www.fatosefotosnews.com.br\\\/#organization\"},\"potentialAction\":[{\"@type\":\"SearchAction\",\"target\":{\"@type\":\"EntryPoint\",\"urlTemplate\":\"https:\\\/\\\/www.fatosefotosnews.com.br\\\/?s={search_term_string}\"},\"query-input\":{\"@type\":\"PropertyValueSpecification\",\"valueRequired\":true,\"valueName\":\"search_term_string\"}}],\"inLanguage\":\"pt-BR\"},{\"@type\":\"Organization\",\"@id\":\"https:\\\/\\\/www.fatosefotosnews.com.br\\\/#organization\",\"name\":\"Fatos e Fotos News\",\"url\":\"https:\\\/\\\/www.fatosefotosnews.com.br\\\/\",\"logo\":{\"@type\":\"ImageObject\",\"inLanguage\":\"pt-BR\",\"@id\":\"https:\\\/\\\/www.fatosefotosnews.com.br\\\/#\\\/schema\\\/logo\\\/image\\\/\",\"url\":\"https:\\\/\\\/www.fatosefotosnews.com.br\\\/wp-content\\\/uploads\\\/2023\\\/02\\\/Fatos-e-Fotos-news-logo.png\",\"contentUrl\":\"https:\\\/\\\/www.fatosefotosnews.com.br\\\/wp-content\\\/uploads\\\/2023\\\/02\\\/Fatos-e-Fotos-news-logo.png\",\"width\":300,\"height\":58,\"caption\":\"Fatos e Fotos News\"},\"image\":{\"@id\":\"https:\\\/\\\/www.fatosefotosnews.com.br\\\/#\\\/schema\\\/logo\\\/image\\\/\"}},{\"@type\":\"Person\",\"@id\":\"https:\\\/\\\/www.fatosefotosnews.com.br\\\/#\\\/schema\\\/person\\\/3b80f81d08670fb1f6690e07eb8b5dc6\",\"name\":\"Da Reda\u00e7\u00e3o\",\"image\":{\"@type\":\"ImageObject\",\"inLanguage\":\"pt-BR\",\"@id\":\"https:\\\/\\\/secure.gravatar.com\\\/avatar\\\/696d39935a657bf0fc95044dbc9f912520430a0eb6dd46c85dd97eb6483b249b?s=96&d=mm&r=g\",\"url\":\"https:\\\/\\\/secure.gravatar.com\\\/avatar\\\/696d39935a657bf0fc95044dbc9f912520430a0eb6dd46c85dd97eb6483b249b?s=96&d=mm&r=g\",\"contentUrl\":\"https:\\\/\\\/secure.gravatar.com\\\/avatar\\\/696d39935a657bf0fc95044dbc9f912520430a0eb6dd46c85dd97eb6483b249b?s=96&d=mm&r=g\",\"caption\":\"Da Reda\u00e7\u00e3o\"},\"url\":\"https:\\\/\\\/www.fatosefotosnews.com.br\\\/?author=5\"}]}<\/script>\n<!-- \/ Yoast SEO plugin. -->","yoast_head_json":{"title":"PF e PRF apreendem 1,5 tonelada de coca\u00edna a bordo de navio","description":"PF e PRF apreendem 1,5 tonelada de coca\u00edna a bordo de navio","robots":{"index":"index","follow":"follow","max-snippet":"max-snippet:-1","max-image-preview":"max-image-preview:large","max-video-preview":"max-video-preview:-1"},"canonical":"https:\/\/www.fatosefotosnews.com.br\/?p=59426","og_locale":"pt_BR","og_type":"article","og_title":"PF e PRF apreendem 1,5 tonelada de coca\u00edna a bordo de navio","og_description":"PF e PRF apreendem 1,5 tonelada de coca\u00edna a bordo de navio","og_url":"https:\/\/www.fatosefotosnews.com.br\/?p=59426","og_site_name":"Fatos e Fotos News","article_published_time":"2023-11-06T16:46:16+00:00","og_image":[{"width":1024,"height":512,"url":"https:\/\/www.fatosefotosnews.com.br\/wp-content\/uploads\/2023\/11\/ff03caac334e847a9f566558464bb968.jpeg","type":"image\/jpeg"}],"author":"Da Reda\u00e7\u00e3o","twitter_card":"summary_large_image","twitter_misc":{"Escrito por":"Da Reda\u00e7\u00e3o","Est. tempo de leitura":"99 minutos"},"schema":{"@context":"https:\/\/schema.org","@graph":[{"@type":"Article","@id":"https:\/\/www.fatosefotosnews.com.br\/?p=59426#article","isPartOf":{"@id":"https:\/\/www.fatosefotosnews.com.br\/?p=59426"},"author":{"name":"Da Reda\u00e7\u00e3o","@id":"https:\/\/www.fatosefotosnews.com.br\/#\/schema\/person\/3b80f81d08670fb1f6690e07eb8b5dc6"},"headline":"PF e PRF apreendem 1,5 tonelada de coca\u00edna a bordo de navio","datePublished":"2023-11-06T16:46:16+00:00","mainEntityOfPage":{"@id":"https:\/\/www.fatosefotosnews.com.br\/?p=59426"},"wordCount":621,"commentCount":0,"publisher":{"@id":"https:\/\/www.fatosefotosnews.com.br\/#organization"},"image":{"@id":"https:\/\/www.fatosefotosnews.com.br\/?p=59426#primaryimage"},"thumbnailUrl":"https:\/\/www.fatosefotosnews.com.br\/wp-content\/uploads\/2023\/11\/ff03caac334e847a9f566558464bb968.jpeg","keywords":["apreendem","bordo","cocaina","navio","tonelada"],"articleSection":["Geral"],"inLanguage":"pt-BR","potentialAction":[{"@type":"CommentAction","name":"Comment","target":["https:\/\/www.fatosefotosnews.com.br\/?p=59426#respond"]}]},{"@type":"WebPage","@id":"https:\/\/www.fatosefotosnews.com.br\/?p=59426","url":"https:\/\/www.fatosefotosnews.com.br\/?p=59426","name":"PF e PRF apreendem 1,5 tonelada de coca\u00edna a bordo de navio","isPartOf":{"@id":"https:\/\/www.fatosefotosnews.com.br\/#website"},"primaryImageOfPage":{"@id":"https:\/\/www.fatosefotosnews.com.br\/?p=59426#primaryimage"},"image":{"@id":"https:\/\/www.fatosefotosnews.com.br\/?p=59426#primaryimage"},"thumbnailUrl":"https:\/\/www.fatosefotosnews.com.br\/wp-content\/uploads\/2023\/11\/ff03caac334e847a9f566558464bb968.jpeg","datePublished":"2023-11-06T16:46:16+00:00","description":"PF e PRF apreendem 1,5 tonelada de coca\u00edna a bordo de navio","breadcrumb":{"@id":"https:\/\/www.fatosefotosnews.com.br\/?p=59426#breadcrumb"},"inLanguage":"pt-BR","potentialAction":[{"@type":"ReadAction","target":["https:\/\/www.fatosefotosnews.com.br\/?p=59426"]}]},{"@type":"ImageObject","inLanguage":"pt-BR","@id":"https:\/\/www.fatosefotosnews.com.br\/?p=59426#primaryimage","url":"https:\/\/www.fatosefotosnews.com.br\/wp-content\/uploads\/2023\/11\/ff03caac334e847a9f566558464bb968.jpeg","contentUrl":"https:\/\/www.fatosefotosnews.com.br\/wp-content\/uploads\/2023\/11\/ff03caac334e847a9f566558464bb968.jpeg","width":1024,"height":512,"caption":"\u00a9 Pol\u00edcia"},{"@type":"BreadcrumbList","@id":"https:\/\/www.fatosefotosnews.com.br\/?p=59426#breadcrumb","itemListElement":[{"@type":"ListItem","position":1,"name":"In\u00edcio","item":"https:\/\/www.fatosefotosnews.com.br\/"},{"@type":"ListItem","position":2,"name":"PF e PRF apreendem 1,5 tonelada de coca\u00edna a bordo de navio"}]},{"@type":"WebSite","@id":"https:\/\/www.fatosefotosnews.com.br\/#website","url":"https:\/\/www.fatosefotosnews.com.br\/","name":"Fatos e Fotos News","description":"Um site de noticial verdadeira e confi\u00e1veis.","publisher":{"@id":"https:\/\/www.fatosefotosnews.com.br\/#organization"},"potentialAction":[{"@type":"SearchAction","target":{"@type":"EntryPoint","urlTemplate":"https:\/\/www.fatosefotosnews.com.br\/?s={search_term_string}"},"query-input":{"@type":"PropertyValueSpecification","valueRequired":true,"valueName":"search_term_string"}}],"inLanguage":"pt-BR"},{"@type":"Organization","@id":"https:\/\/www.fatosefotosnews.com.br\/#organization","name":"Fatos e Fotos News","url":"https:\/\/www.fatosefotosnews.com.br\/","logo":{"@type":"ImageObject","inLanguage":"pt-BR","@id":"https:\/\/www.fatosefotosnews.com.br\/#\/schema\/logo\/image\/","url":"https:\/\/www.fatosefotosnews.com.br\/wp-content\/uploads\/2023\/02\/Fatos-e-Fotos-news-logo.png","contentUrl":"https:\/\/www.fatosefotosnews.com.br\/wp-content\/uploads\/2023\/02\/Fatos-e-Fotos-news-logo.png","width":300,"height":58,"caption":"Fatos e Fotos News"},"image":{"@id":"https:\/\/www.fatosefotosnews.com.br\/#\/schema\/logo\/image\/"}},{"@type":"Person","@id":"https:\/\/www.fatosefotosnews.com.br\/#\/schema\/person\/3b80f81d08670fb1f6690e07eb8b5dc6","name":"Da Reda\u00e7\u00e3o","image":{"@type":"ImageObject","inLanguage":"pt-BR","@id":"https:\/\/secure.gravatar.com\/avatar\/696d39935a657bf0fc95044dbc9f912520430a0eb6dd46c85dd97eb6483b249b?s=96&d=mm&r=g","url":"https:\/\/secure.gravatar.com\/avatar\/696d39935a657bf0fc95044dbc9f912520430a0eb6dd46c85dd97eb6483b249b?s=96&d=mm&r=g","contentUrl":"https:\/\/secure.gravatar.com\/avatar\/696d39935a657bf0fc95044dbc9f912520430a0eb6dd46c85dd97eb6483b249b?s=96&d=mm&r=g","caption":"Da Reda\u00e7\u00e3o"},"url":"https:\/\/www.fatosefotosnews.com.br\/?author=5"}]}},"jetpack_publicize_connections":[],"blog_post_layout_featured_media_urls":{"thumbnail":["https:\/\/www.fatosefotosnews.com.br\/wp-content\/uploads\/2023\/11\/ff03caac334e847a9f566558464bb968-150x150.jpeg",150,150,true],"full":["https:\/\/www.fatosefotosnews.com.br\/wp-content\/uploads\/2023\/11\/ff03caac334e847a9f566558464bb968.jpeg",1024,512,false]},"categories_names":{"167":{"name":"Geral","link":"https:\/\/www.fatosefotosnews.com.br\/?cat=167"}},"tags_names":{"8263":{"name":"apreendem","link":"https:\/\/www.fatosefotosnews.com.br\/?tag=apreendem"},"11016":{"name":"bordo","link":"https:\/\/www.fatosefotosnews.com.br\/?tag=bordo"},"2706":{"name":"cocaina","link":"https:\/\/www.fatosefotosnews.com.br\/?tag=cocaina"},"1553":{"name":"navio","link":"https:\/\/www.fatosefotosnews.com.br\/?tag=navio"},"12552":{"name":"tonelada","link":"https:\/\/www.fatosefotosnews.com.br\/?tag=tonelada"}},"comments_number":"0","wpmagazine_modules_lite_featured_media_urls":{"thumbnail":["https:\/\/www.fatosefotosnews.com.br\/wp-content\/uploads\/2023\/11\/ff03caac334e847a9f566558464bb968-150x150.jpeg",150,150,true],"cvmm-medium":["https:\/\/www.fatosefotosnews.com.br\/wp-content\/uploads\/2023\/11\/ff03caac334e847a9f566558464bb968-300x300.jpeg",300,300,true],"cvmm-medium-plus":["https:\/\/www.fatosefotosnews.com.br\/wp-content\/uploads\/2023\/11\/ff03caac334e847a9f566558464bb968-305x207.jpeg",305,207,true],"cvmm-portrait":["https:\/\/www.fatosefotosnews.com.br\/wp-content\/uploads\/2023\/11\/ff03caac334e847a9f566558464bb968-400x512.jpeg",400,512,true],"cvmm-medium-square":["https:\/\/www.fatosefotosnews.com.br\/wp-content\/uploads\/2023\/11\/ff03caac334e847a9f566558464bb968-600x512.jpeg",600,512,true],"cvmm-large":["https:\/\/www.fatosefotosnews.com.br\/wp-content\/uploads\/2023\/11\/ff03caac334e847a9f566558464bb968.jpeg",1024,512,false],"cvmm-small":["https:\/\/www.fatosefotosnews.com.br\/wp-content\/uploads\/2023\/11\/ff03caac334e847a9f566558464bb968-130x95.jpeg",130,95,true],"full":["https:\/\/www.fatosefotosnews.com.br\/wp-content\/uploads\/2023\/11\/ff03caac334e847a9f566558464bb968.jpeg",1024,512,false]},"_links":{"self":[{"href":"https:\/\/www.fatosefotosnews.com.br\/index.php?rest_route=\/wp\/v2\/posts\/59426","targetHints":{"allow":["GET"]}}],"collection":[{"href":"https:\/\/www.fatosefotosnews.com.br\/index.php?rest_route=\/wp\/v2\/posts"}],"about":[{"href":"https:\/\/www.fatosefotosnews.com.br\/index.php?rest_route=\/wp\/v2\/types\/post"}],"author":[{"embeddable":true,"href":"https:\/\/www.fatosefotosnews.com.br\/index.php?rest_route=\/wp\/v2\/users\/5"}],"replies":[{"embeddable":true,"href":"https:\/\/www.fatosefotosnews.com.br\/index.php?rest_route=%2Fwp%2Fv2%2Fcomments&post=59426"}],"version-history":[{"count":0,"href":"https:\/\/www.fatosefotosnews.com.br\/index.php?rest_route=\/wp\/v2\/posts\/59426\/revisions"}],"wp:featuredmedia":[{"embeddable":true,"href":"https:\/\/www.fatosefotosnews.com.br\/index.php?rest_route=\/wp\/v2\/media\/59427"}],"wp:attachment":[{"href":"https:\/\/www.fatosefotosnews.com.br\/index.php?rest_route=%2Fwp%2Fv2%2Fmedia&parent=59426"}],"wp:term":[{"taxonomy":"category","embeddable":true,"href":"https:\/\/www.fatosefotosnews.com.br\/index.php?rest_route=%2Fwp%2Fv2%2Fcategories&post=59426"},{"taxonomy":"post_tag","embeddable":true,"href":"https:\/\/www.fatosefotosnews.com.br\/index.php?rest_route=%2Fwp%2Fv2%2Ftags&post=59426"}],"curies":[{"name":"wp","href":"https:\/\/api.w.org\/{rel}","templated":true}]}}