{"id":60031,"date":"2023-11-09T17:46:45","date_gmt":"2023-11-09T20:46:45","guid":{"rendered":"https:\/\/www.fatosefotosnews.com.br\/ministros-da-cultura-do-mercosul-assinam-declaracao-contra-o-racismo\/"},"modified":"2023-11-09T17:46:45","modified_gmt":"2023-11-09T20:46:45","slug":"ministros-da-cultura-do-mercosul-assinam-declaracao-contra-o-racismo","status":"publish","type":"post","link":"https:\/\/www.fatosefotosnews.com.br\/?p=60031","title":{"rendered":"Ministros da Cultura do Mercosul assinam declara\u00e7\u00e3o contra o racismo"},"content":{"rendered":"<p>Os ministros da Cultura dos pa\u00edses do Mercosul assinaram nesta quinta-feira (9) uma declara\u00e7\u00e3o conjunta reafirmando o compromisso conjunto do bloco para a promo\u00e7\u00e3o da igualdade \u00e9tnico-racial e combate ao racismo na regi\u00e3o.<img decoding=\"async\" src=\"https:\/\/agenciabrasil.ebc.com.br\/ebc.png?id=1565591&#038;o=node\" style=\"width:1px;height:1px\"><img decoding=\"async\" src=\"https:\/\/agenciabrasil.ebc.com.br\/ebc.gif?id=1565591&#038;o=node\" style=\"width:1px;height:1px\"><\/p>\n<p>A proposta, constru\u00edda pela ministra Margareth Menezes, em exerc\u00edcio da presid\u00eancia Pro Tempore do Mercosul Cultural, foi apresentada em encontro com os ministros da Cultura do Mercosul, em Bel\u00e9m (PA).<\/p>\n<p>A declara\u00e7\u00e3o conjunta dos pa\u00edses considera que a desigualdade racial \u00e9 um problema estrutural a ser enfrentado em toda a regi\u00e3o, que incide tanto nas desigualdades econ\u00f4micas como na influ\u00eancia das din\u00e2micas sociais, culturais e pol\u00edticas, al\u00e9m de reconhecer a contribui\u00e7\u00e3o dos povos ind\u00edgenas e afrodescendentes na forma\u00e7\u00e3o social e na identidade cultural dos pa\u00edses do Mercosul.<\/p>\n<p>A proposta tamb\u00e9m define a cria\u00e7\u00e3o da campanha Mercosul sem racismo e o desenvolvimento de pol\u00edticas culturais espec\u00edficas para povos ind\u00edgenas e povos de comunidades tradicionais para o combate \u00e0s desigualdades e ao racismo.<\/p>\n<p>A ministra Margareth Menezes refor\u00e7ou que agora \u00e9 hora dos pa\u00edses aprofundarem campanhas contra o racismo. \u201cPela cultura, n\u00f3s podemos sensibilizar, podemos aprofundar mais, especialmente como ferramenta de combate a essas discrimina\u00e7\u00f5es, misoginia, racismo, e lutar pelos direitos tamb\u00e9m das mulheres, das pessoas que mais precisam. A cultura \u00e9 uma ferramenta potente para isso\u201d, afirmou.<\/p>\n<p>Os pa\u00edses se comprometeram a fortalecer a coopera\u00e7\u00e3o para assegurar o pleno exerc\u00edcio dos direitos econ\u00f4micos, sociais, culturais, civis e pol\u00edticos das pessoas discriminadas. Al\u00e9m de adotar a\u00e7\u00f5es afirmativas com perspectiva de g\u00eanero como ferramenta de combate as desigualdades raciais e promo\u00e7\u00e3o da democracia.<\/p>\n<h2>Reuni\u00e3o<\/h2>\n<p>O Mercosul Cultural re\u00fane os estados membros Argentina, Brasil, Paraguai, Uruguai e Venezuela &#8211; mesmo com sua ades\u00e3o suspensa desde 2017 -, al\u00e9m do Chile, Col\u00f4mbia, Equador e Peru, estados associados. A Bol\u00edvia, que est\u00e1 em processo de ades\u00e3o ao bloco, tamb\u00e9m participa como associado.<\/p>\n<p>Durante a reuni\u00e3o nesta quinta-feira, o Brasil passou a presid\u00eancia do bloco de ministros da cultura para o Paraguai.<\/p>\n<h2>MICBR<\/h2>\n<p>A ministra da Cultura, Margareth Menezes, participa da terceira edi\u00e7\u00e3o do Mercado das Ind\u00fastrias Criativas do Brasil (MICBR), que ocorre at\u00e9 domingo (12). O evento re\u00fane mais de 500 empreendedores culturais em rodadas de neg\u00f3cios, atividades formativas, debates e apresenta\u00e7\u00f5es.<\/p>\n<p><em>* O rep\u00f3rter viajou para o MICBR a convite do Minist\u00e9rio da Cultura<\/em><\/p>\n<p id=\"infocoweb_fonte\" class=\"infocoweb_fonte\">Fonte: <a target=\"_blank\" href=\"https:\/\/agenciabrasil.ebc.com.br\/geral\/noticia\/2023-11\/ministros-da-cultura-do-mercosul-assinam-declaracao-contra-o-racismo#cb19cda0-46da-4fe7-9721-bd449c9b0354\" rel=\"noopener\">EBC GERAL<\/a><\/p>\n","protected":false},"excerpt":{"rendered":"<p>Os ministros da Cultura dos pa\u00edses do Mercosul assinaram nesta quinta-feira (9) uma declara\u00e7\u00e3o conjunta reafirmando o compromisso conjunto do bloco para a promo\u00e7\u00e3o da igualdade \u00e9tnico-racial e combate ao racismo na regi\u00e3o. A proposta, constru\u00edda pela ministra Margareth Menezes, em exerc\u00edcio da presid\u00eancia Pro Tempore do Mercosul Cultural, foi apresentada em encontro com os [&hellip;]<\/p>\n","protected":false},"author":5,"featured_media":60032,"comment_status":"open","ping_status":"open","sticky":false,"template":"","format":"standard","meta":{"_acf_changed":false,"_angie_page":false,"_monsterinsights_skip_tracking":false,"_themeisle_gutenberg_block_has_review":false,"page_builder":"","footnotes":"","jetpack_publicize_message":"","jetpack_publicize_feature_enabled":true,"jetpack_social_post_already_shared":false,"jetpack_social_options":{"image_generator_settings":{"template":"highway","default_image_id":0,"font":"","enabled":false},"version":2}},"categories":[167],"tags":[6523,473,947,603,5154,1758,252],"class_list":["post-60031","post","type-post","status-publish","format-standard","has-post-thumbnail","hentry","category-geral","tag-assinam","tag-contra","tag-cultura","tag-declara","tag-mercosul","tag-ministros","tag-racismo"],"acf":[],"nelio_content":{"autoShareEndMode":"never","automationSources":{"useCustomSentences":false,"customSentences":[]},"efiAlt":"","efiUrl":"","followers":[5],"highlights":[],"isAutoShareEnabled":true,"networkImageIds":[],"permalinkQueryArgs":[],"series":[],"suggestedReferences":[]},"yoast_head":"<!-- This site is optimized with the Yoast SEO plugin v28.3 - https:\/\/yoast.com\/product\/yoast-seo-wordpress\/ -->\n<title>Ministros da Cultura do Mercosul assinam declara\u00e7\u00e3o contra o racismo<\/title>\n<meta name=\"description\" content=\"Ministros da Cultura do Mercosul assinam declara\u00e7\u00e3o contra o racismo\" \/>\n<meta name=\"robots\" content=\"index, follow, max-snippet:-1, max-image-preview:large, max-video-preview:-1\" \/>\n<link rel=\"canonical\" href=\"https:\/\/www.fatosefotosnews.com.br\/?p=60031\" \/>\n<meta property=\"og:locale\" content=\"pt_BR\" \/>\n<meta property=\"og:type\" content=\"article\" \/>\n<meta property=\"og:title\" content=\"Ministros da Cultura do Mercosul assinam declara\u00e7\u00e3o contra o racismo\" \/>\n<meta property=\"og:description\" content=\"Ministros da Cultura do Mercosul assinam declara\u00e7\u00e3o contra o racismo\" \/>\n<meta property=\"og:url\" content=\"https:\/\/www.fatosefotosnews.com.br\/?p=60031\" \/>\n<meta property=\"og:site_name\" content=\"Fatos e Fotos News\" \/>\n<meta property=\"article:published_time\" content=\"2023-11-09T20:46:45+00:00\" \/>\n<meta property=\"og:image\" content=\"https:\/\/www.fatosefotosnews.com.br\/wp-content\/uploads\/2023\/11\/3b9992f35f5f9f3205f06fb88b26c22b.jpeg\" \/>\n\t<meta property=\"og:image:width\" content=\"1024\" \/>\n\t<meta property=\"og:image:height\" content=\"768\" \/>\n\t<meta property=\"og:image:type\" content=\"image\/jpeg\" \/>\n<meta name=\"author\" content=\"Da Reda\u00e7\u00e3o\" \/>\n<meta name=\"twitter:card\" content=\"summary_large_image\" \/>\n<meta name=\"twitter:label1\" content=\"Escrito por\" \/>\n\t<meta name=\"twitter:data1\" content=\"Da Reda\u00e7\u00e3o\" \/>\n\t<meta name=\"twitter:label2\" content=\"Est. tempo de leitura\" \/>\n\t<meta name=\"twitter:data2\" content=\"99 minutos\" \/>\n<script type=\"application\/ld+json\" class=\"yoast-schema-graph\">{\"@context\":\"https:\\\/\\\/schema.org\",\"@graph\":[{\"@type\":\"Article\",\"@id\":\"https:\\\/\\\/www.fatosefotosnews.com.br\\\/?p=60031#article\",\"isPartOf\":{\"@id\":\"https:\\\/\\\/www.fatosefotosnews.com.br\\\/?p=60031\"},\"author\":{\"name\":\"Da Reda\u00e7\u00e3o\",\"@id\":\"https:\\\/\\\/www.fatosefotosnews.com.br\\\/#\\\/schema\\\/person\\\/3b80f81d08670fb1f6690e07eb8b5dc6\"},\"headline\":\"Ministros da Cultura do Mercosul assinam declara\u00e7\u00e3o contra o racismo\",\"datePublished\":\"2023-11-09T20:46:45+00:00\",\"mainEntityOfPage\":{\"@id\":\"https:\\\/\\\/www.fatosefotosnews.com.br\\\/?p=60031\"},\"wordCount\":434,\"commentCount\":0,\"publisher\":{\"@id\":\"https:\\\/\\\/www.fatosefotosnews.com.br\\\/#organization\"},\"image\":{\"@id\":\"https:\\\/\\\/www.fatosefotosnews.com.br\\\/?p=60031#primaryimage\"},\"thumbnailUrl\":\"https:\\\/\\\/www.fatosefotosnews.com.br\\\/wp-content\\\/uploads\\\/2023\\\/11\\\/3b9992f35f5f9f3205f06fb88b26c22b.jpeg\",\"keywords\":[\"assinam\",\"contra\",\"cultura\",\"declara\",\"mercosul\",\"ministros\",\"Racismo\"],\"articleSection\":[\"Geral\"],\"inLanguage\":\"pt-BR\",\"potentialAction\":[{\"@type\":\"CommentAction\",\"name\":\"Comment\",\"target\":[\"https:\\\/\\\/www.fatosefotosnews.com.br\\\/?p=60031#respond\"]}]},{\"@type\":\"WebPage\",\"@id\":\"https:\\\/\\\/www.fatosefotosnews.com.br\\\/?p=60031\",\"url\":\"https:\\\/\\\/www.fatosefotosnews.com.br\\\/?p=60031\",\"name\":\"Ministros da Cultura do Mercosul assinam declara\u00e7\u00e3o contra o racismo\",\"isPartOf\":{\"@id\":\"https:\\\/\\\/www.fatosefotosnews.com.br\\\/#website\"},\"primaryImageOfPage\":{\"@id\":\"https:\\\/\\\/www.fatosefotosnews.com.br\\\/?p=60031#primaryimage\"},\"image\":{\"@id\":\"https:\\\/\\\/www.fatosefotosnews.com.br\\\/?p=60031#primaryimage\"},\"thumbnailUrl\":\"https:\\\/\\\/www.fatosefotosnews.com.br\\\/wp-content\\\/uploads\\\/2023\\\/11\\\/3b9992f35f5f9f3205f06fb88b26c22b.jpeg\",\"datePublished\":\"2023-11-09T20:46:45+00:00\",\"description\":\"Ministros da Cultura do Mercosul assinam declara\u00e7\u00e3o contra o racismo\",\"breadcrumb\":{\"@id\":\"https:\\\/\\\/www.fatosefotosnews.com.br\\\/?p=60031#breadcrumb\"},\"inLanguage\":\"pt-BR\",\"potentialAction\":[{\"@type\":\"ReadAction\",\"target\":[\"https:\\\/\\\/www.fatosefotosnews.com.br\\\/?p=60031\"]}]},{\"@type\":\"ImageObject\",\"inLanguage\":\"pt-BR\",\"@id\":\"https:\\\/\\\/www.fatosefotosnews.com.br\\\/?p=60031#primaryimage\",\"url\":\"https:\\\/\\\/www.fatosefotosnews.com.br\\\/wp-content\\\/uploads\\\/2023\\\/11\\\/3b9992f35f5f9f3205f06fb88b26c22b.jpeg\",\"contentUrl\":\"https:\\\/\\\/www.fatosefotosnews.com.br\\\/wp-content\\\/uploads\\\/2023\\\/11\\\/3b9992f35f5f9f3205f06fb88b26c22b.jpeg\",\"width\":1024,\"height\":768},{\"@type\":\"BreadcrumbList\",\"@id\":\"https:\\\/\\\/www.fatosefotosnews.com.br\\\/?p=60031#breadcrumb\",\"itemListElement\":[{\"@type\":\"ListItem\",\"position\":1,\"name\":\"In\u00edcio\",\"item\":\"https:\\\/\\\/www.fatosefotosnews.com.br\\\/\"},{\"@type\":\"ListItem\",\"position\":2,\"name\":\"Ministros da Cultura do Mercosul assinam declara\u00e7\u00e3o contra o racismo\"}]},{\"@type\":\"WebSite\",\"@id\":\"https:\\\/\\\/www.fatosefotosnews.com.br\\\/#website\",\"url\":\"https:\\\/\\\/www.fatosefotosnews.com.br\\\/\",\"name\":\"Fatos e Fotos News\",\"description\":\"Um site de noticial verdadeira e confi\u00e1veis.\",\"publisher\":{\"@id\":\"https:\\\/\\\/www.fatosefotosnews.com.br\\\/#organization\"},\"potentialAction\":[{\"@type\":\"SearchAction\",\"target\":{\"@type\":\"EntryPoint\",\"urlTemplate\":\"https:\\\/\\\/www.fatosefotosnews.com.br\\\/?s={search_term_string}\"},\"query-input\":{\"@type\":\"PropertyValueSpecification\",\"valueRequired\":true,\"valueName\":\"search_term_string\"}}],\"inLanguage\":\"pt-BR\"},{\"@type\":\"Organization\",\"@id\":\"https:\\\/\\\/www.fatosefotosnews.com.br\\\/#organization\",\"name\":\"Fatos e Fotos News\",\"url\":\"https:\\\/\\\/www.fatosefotosnews.com.br\\\/\",\"logo\":{\"@type\":\"ImageObject\",\"inLanguage\":\"pt-BR\",\"@id\":\"https:\\\/\\\/www.fatosefotosnews.com.br\\\/#\\\/schema\\\/logo\\\/image\\\/\",\"url\":\"https:\\\/\\\/www.fatosefotosnews.com.br\\\/wp-content\\\/uploads\\\/2023\\\/02\\\/Fatos-e-Fotos-news-logo.png\",\"contentUrl\":\"https:\\\/\\\/www.fatosefotosnews.com.br\\\/wp-content\\\/uploads\\\/2023\\\/02\\\/Fatos-e-Fotos-news-logo.png\",\"width\":300,\"height\":58,\"caption\":\"Fatos e Fotos News\"},\"image\":{\"@id\":\"https:\\\/\\\/www.fatosefotosnews.com.br\\\/#\\\/schema\\\/logo\\\/image\\\/\"}},{\"@type\":\"Person\",\"@id\":\"https:\\\/\\\/www.fatosefotosnews.com.br\\\/#\\\/schema\\\/person\\\/3b80f81d08670fb1f6690e07eb8b5dc6\",\"name\":\"Da Reda\u00e7\u00e3o\",\"image\":{\"@type\":\"ImageObject\",\"inLanguage\":\"pt-BR\",\"@id\":\"https:\\\/\\\/secure.gravatar.com\\\/avatar\\\/696d39935a657bf0fc95044dbc9f912520430a0eb6dd46c85dd97eb6483b249b?s=96&d=mm&r=g\",\"url\":\"https:\\\/\\\/secure.gravatar.com\\\/avatar\\\/696d39935a657bf0fc95044dbc9f912520430a0eb6dd46c85dd97eb6483b249b?s=96&d=mm&r=g\",\"contentUrl\":\"https:\\\/\\\/secure.gravatar.com\\\/avatar\\\/696d39935a657bf0fc95044dbc9f912520430a0eb6dd46c85dd97eb6483b249b?s=96&d=mm&r=g\",\"caption\":\"Da Reda\u00e7\u00e3o\"},\"url\":\"https:\\\/\\\/www.fatosefotosnews.com.br\\\/?author=5\"}]}<\/script>\n<!-- \/ Yoast SEO plugin. -->","yoast_head_json":{"title":"Ministros da Cultura do Mercosul assinam declara\u00e7\u00e3o contra o racismo","description":"Ministros da Cultura do Mercosul assinam declara\u00e7\u00e3o contra o racismo","robots":{"index":"index","follow":"follow","max-snippet":"max-snippet:-1","max-image-preview":"max-image-preview:large","max-video-preview":"max-video-preview:-1"},"canonical":"https:\/\/www.fatosefotosnews.com.br\/?p=60031","og_locale":"pt_BR","og_type":"article","og_title":"Ministros da Cultura do Mercosul assinam declara\u00e7\u00e3o contra o racismo","og_description":"Ministros da Cultura do Mercosul assinam declara\u00e7\u00e3o contra o racismo","og_url":"https:\/\/www.fatosefotosnews.com.br\/?p=60031","og_site_name":"Fatos e Fotos News","article_published_time":"2023-11-09T20:46:45+00:00","og_image":[{"width":1024,"height":768,"url":"https:\/\/www.fatosefotosnews.com.br\/wp-content\/uploads\/2023\/11\/3b9992f35f5f9f3205f06fb88b26c22b.jpeg","type":"image\/jpeg"}],"author":"Da Reda\u00e7\u00e3o","twitter_card":"summary_large_image","twitter_misc":{"Escrito por":"Da Reda\u00e7\u00e3o","Est. tempo de leitura":"99 minutos"},"schema":{"@context":"https:\/\/schema.org","@graph":[{"@type":"Article","@id":"https:\/\/www.fatosefotosnews.com.br\/?p=60031#article","isPartOf":{"@id":"https:\/\/www.fatosefotosnews.com.br\/?p=60031"},"author":{"name":"Da Reda\u00e7\u00e3o","@id":"https:\/\/www.fatosefotosnews.com.br\/#\/schema\/person\/3b80f81d08670fb1f6690e07eb8b5dc6"},"headline":"Ministros da Cultura do Mercosul assinam declara\u00e7\u00e3o contra o racismo","datePublished":"2023-11-09T20:46:45+00:00","mainEntityOfPage":{"@id":"https:\/\/www.fatosefotosnews.com.br\/?p=60031"},"wordCount":434,"commentCount":0,"publisher":{"@id":"https:\/\/www.fatosefotosnews.com.br\/#organization"},"image":{"@id":"https:\/\/www.fatosefotosnews.com.br\/?p=60031#primaryimage"},"thumbnailUrl":"https:\/\/www.fatosefotosnews.com.br\/wp-content\/uploads\/2023\/11\/3b9992f35f5f9f3205f06fb88b26c22b.jpeg","keywords":["assinam","contra","cultura","declara","mercosul","ministros","Racismo"],"articleSection":["Geral"],"inLanguage":"pt-BR","potentialAction":[{"@type":"CommentAction","name":"Comment","target":["https:\/\/www.fatosefotosnews.com.br\/?p=60031#respond"]}]},{"@type":"WebPage","@id":"https:\/\/www.fatosefotosnews.com.br\/?p=60031","url":"https:\/\/www.fatosefotosnews.com.br\/?p=60031","name":"Ministros da Cultura do Mercosul assinam declara\u00e7\u00e3o contra o racismo","isPartOf":{"@id":"https:\/\/www.fatosefotosnews.com.br\/#website"},"primaryImageOfPage":{"@id":"https:\/\/www.fatosefotosnews.com.br\/?p=60031#primaryimage"},"image":{"@id":"https:\/\/www.fatosefotosnews.com.br\/?p=60031#primaryimage"},"thumbnailUrl":"https:\/\/www.fatosefotosnews.com.br\/wp-content\/uploads\/2023\/11\/3b9992f35f5f9f3205f06fb88b26c22b.jpeg","datePublished":"2023-11-09T20:46:45+00:00","description":"Ministros da Cultura do Mercosul assinam declara\u00e7\u00e3o contra o racismo","breadcrumb":{"@id":"https:\/\/www.fatosefotosnews.com.br\/?p=60031#breadcrumb"},"inLanguage":"pt-BR","potentialAction":[{"@type":"ReadAction","target":["https:\/\/www.fatosefotosnews.com.br\/?p=60031"]}]},{"@type":"ImageObject","inLanguage":"pt-BR","@id":"https:\/\/www.fatosefotosnews.com.br\/?p=60031#primaryimage","url":"https:\/\/www.fatosefotosnews.com.br\/wp-content\/uploads\/2023\/11\/3b9992f35f5f9f3205f06fb88b26c22b.jpeg","contentUrl":"https:\/\/www.fatosefotosnews.com.br\/wp-content\/uploads\/2023\/11\/3b9992f35f5f9f3205f06fb88b26c22b.jpeg","width":1024,"height":768},{"@type":"BreadcrumbList","@id":"https:\/\/www.fatosefotosnews.com.br\/?p=60031#breadcrumb","itemListElement":[{"@type":"ListItem","position":1,"name":"In\u00edcio","item":"https:\/\/www.fatosefotosnews.com.br\/"},{"@type":"ListItem","position":2,"name":"Ministros da Cultura do Mercosul assinam declara\u00e7\u00e3o contra o racismo"}]},{"@type":"WebSite","@id":"https:\/\/www.fatosefotosnews.com.br\/#website","url":"https:\/\/www.fatosefotosnews.com.br\/","name":"Fatos e Fotos News","description":"Um site de noticial verdadeira e confi\u00e1veis.","publisher":{"@id":"https:\/\/www.fatosefotosnews.com.br\/#organization"},"potentialAction":[{"@type":"SearchAction","target":{"@type":"EntryPoint","urlTemplate":"https:\/\/www.fatosefotosnews.com.br\/?s={search_term_string}"},"query-input":{"@type":"PropertyValueSpecification","valueRequired":true,"valueName":"search_term_string"}}],"inLanguage":"pt-BR"},{"@type":"Organization","@id":"https:\/\/www.fatosefotosnews.com.br\/#organization","name":"Fatos e Fotos News","url":"https:\/\/www.fatosefotosnews.com.br\/","logo":{"@type":"ImageObject","inLanguage":"pt-BR","@id":"https:\/\/www.fatosefotosnews.com.br\/#\/schema\/logo\/image\/","url":"https:\/\/www.fatosefotosnews.com.br\/wp-content\/uploads\/2023\/02\/Fatos-e-Fotos-news-logo.png","contentUrl":"https:\/\/www.fatosefotosnews.com.br\/wp-content\/uploads\/2023\/02\/Fatos-e-Fotos-news-logo.png","width":300,"height":58,"caption":"Fatos e Fotos News"},"image":{"@id":"https:\/\/www.fatosefotosnews.com.br\/#\/schema\/logo\/image\/"}},{"@type":"Person","@id":"https:\/\/www.fatosefotosnews.com.br\/#\/schema\/person\/3b80f81d08670fb1f6690e07eb8b5dc6","name":"Da Reda\u00e7\u00e3o","image":{"@type":"ImageObject","inLanguage":"pt-BR","@id":"https:\/\/secure.gravatar.com\/avatar\/696d39935a657bf0fc95044dbc9f912520430a0eb6dd46c85dd97eb6483b249b?s=96&d=mm&r=g","url":"https:\/\/secure.gravatar.com\/avatar\/696d39935a657bf0fc95044dbc9f912520430a0eb6dd46c85dd97eb6483b249b?s=96&d=mm&r=g","contentUrl":"https:\/\/secure.gravatar.com\/avatar\/696d39935a657bf0fc95044dbc9f912520430a0eb6dd46c85dd97eb6483b249b?s=96&d=mm&r=g","caption":"Da Reda\u00e7\u00e3o"},"url":"https:\/\/www.fatosefotosnews.com.br\/?author=5"}]}},"jetpack_publicize_connections":[],"blog_post_layout_featured_media_urls":{"thumbnail":["https:\/\/www.fatosefotosnews.com.br\/wp-content\/uploads\/2023\/11\/3b9992f35f5f9f3205f06fb88b26c22b-150x150.jpeg",150,150,true],"full":["https:\/\/www.fatosefotosnews.com.br\/wp-content\/uploads\/2023\/11\/3b9992f35f5f9f3205f06fb88b26c22b.jpeg",1024,768,false]},"categories_names":{"167":{"name":"Geral","link":"https:\/\/www.fatosefotosnews.com.br\/?cat=167"}},"tags_names":{"6523":{"name":"assinam","link":"https:\/\/www.fatosefotosnews.com.br\/?tag=assinam"},"473":{"name":"contra","link":"https:\/\/www.fatosefotosnews.com.br\/?tag=contra"},"947":{"name":"cultura","link":"https:\/\/www.fatosefotosnews.com.br\/?tag=cultura"},"603":{"name":"declara","link":"https:\/\/www.fatosefotosnews.com.br\/?tag=declara"},"5154":{"name":"mercosul","link":"https:\/\/www.fatosefotosnews.com.br\/?tag=mercosul"},"1758":{"name":"ministros","link":"https:\/\/www.fatosefotosnews.com.br\/?tag=ministros"},"252":{"name":"Racismo","link":"https:\/\/www.fatosefotosnews.com.br\/?tag=racismo"}},"comments_number":"0","wpmagazine_modules_lite_featured_media_urls":{"thumbnail":["https:\/\/www.fatosefotosnews.com.br\/wp-content\/uploads\/2023\/11\/3b9992f35f5f9f3205f06fb88b26c22b-150x150.jpeg",150,150,true],"cvmm-medium":["https:\/\/www.fatosefotosnews.com.br\/wp-content\/uploads\/2023\/11\/3b9992f35f5f9f3205f06fb88b26c22b-300x300.jpeg",300,300,true],"cvmm-medium-plus":["https:\/\/www.fatosefotosnews.com.br\/wp-content\/uploads\/2023\/11\/3b9992f35f5f9f3205f06fb88b26c22b-305x207.jpeg",305,207,true],"cvmm-portrait":["https:\/\/www.fatosefotosnews.com.br\/wp-content\/uploads\/2023\/11\/3b9992f35f5f9f3205f06fb88b26c22b-400x600.jpeg",400,600,true],"cvmm-medium-square":["https:\/\/www.fatosefotosnews.com.br\/wp-content\/uploads\/2023\/11\/3b9992f35f5f9f3205f06fb88b26c22b-600x600.jpeg",600,600,true],"cvmm-large":["https:\/\/www.fatosefotosnews.com.br\/wp-content\/uploads\/2023\/11\/3b9992f35f5f9f3205f06fb88b26c22b.jpeg",1024,768,false],"cvmm-small":["https:\/\/www.fatosefotosnews.com.br\/wp-content\/uploads\/2023\/11\/3b9992f35f5f9f3205f06fb88b26c22b-130x95.jpeg",130,95,true],"full":["https:\/\/www.fatosefotosnews.com.br\/wp-content\/uploads\/2023\/11\/3b9992f35f5f9f3205f06fb88b26c22b.jpeg",1024,768,false]},"_links":{"self":[{"href":"https:\/\/www.fatosefotosnews.com.br\/index.php?rest_route=\/wp\/v2\/posts\/60031","targetHints":{"allow":["GET"]}}],"collection":[{"href":"https:\/\/www.fatosefotosnews.com.br\/index.php?rest_route=\/wp\/v2\/posts"}],"about":[{"href":"https:\/\/www.fatosefotosnews.com.br\/index.php?rest_route=\/wp\/v2\/types\/post"}],"author":[{"embeddable":true,"href":"https:\/\/www.fatosefotosnews.com.br\/index.php?rest_route=\/wp\/v2\/users\/5"}],"replies":[{"embeddable":true,"href":"https:\/\/www.fatosefotosnews.com.br\/index.php?rest_route=%2Fwp%2Fv2%2Fcomments&post=60031"}],"version-history":[{"count":0,"href":"https:\/\/www.fatosefotosnews.com.br\/index.php?rest_route=\/wp\/v2\/posts\/60031\/revisions"}],"wp:featuredmedia":[{"embeddable":true,"href":"https:\/\/www.fatosefotosnews.com.br\/index.php?rest_route=\/wp\/v2\/media\/60032"}],"wp:attachment":[{"href":"https:\/\/www.fatosefotosnews.com.br\/index.php?rest_route=%2Fwp%2Fv2%2Fmedia&parent=60031"}],"wp:term":[{"taxonomy":"category","embeddable":true,"href":"https:\/\/www.fatosefotosnews.com.br\/index.php?rest_route=%2Fwp%2Fv2%2Fcategories&post=60031"},{"taxonomy":"post_tag","embeddable":true,"href":"https:\/\/www.fatosefotosnews.com.br\/index.php?rest_route=%2Fwp%2Fv2%2Ftags&post=60031"}],"curies":[{"name":"wp","href":"https:\/\/api.w.org\/{rel}","templated":true}]}}