{"id":61415,"date":"2023-11-18T17:46:36","date_gmt":"2023-11-18T20:46:36","guid":{"rendered":"https:\/\/www.fatosefotosnews.com.br\/acoes-de-inteligencia-reduziriam-violencia-das-pms-diz-cientista\/"},"modified":"2023-11-18T17:46:36","modified_gmt":"2023-11-18T20:46:36","slug":"acoes-de-inteligencia-reduziriam-violencia-das-pms-diz-cientista","status":"publish","type":"post","link":"https:\/\/www.fatosefotosnews.com.br\/?p=61415","title":{"rendered":"A\u00e7\u00f5es de intelig\u00eancia reduziriam viol\u00eancia das PMs, diz cientista"},"content":{"rendered":"<p>A viol\u00eancia das pol\u00edcias militares no Brasil contra negros e pobres poderia ser profundamente alterada com uma mudan\u00e7a na pol\u00edtica de seguran\u00e7a p\u00fablica. A opini\u00e3o \u00e9 da cientista social S\u00edlvia Ramos, coordenadora da rede de Observat\u00f3rios de Seguran\u00e7a, em entrevista ao <a href=\"https:\/\/radios.ebc.com.br\/viva-maria\/2023\/11\/viva-maria-cientista-social-analisa-resultado-de-relatorio-sobre-mortes-de-negros\" target=\"_blank\" rel=\"noopener\">programa Viva Maria<\/a>, da <strong>R\u00e1dio Nacional<\/strong>.<img decoding=\"async\" src=\"https:\/\/agenciabrasil.ebc.com.br\/ebc.png?id=1567398&#038;o=node\" style=\"width:1px;height:1px\"><img decoding=\"async\" src=\"https:\/\/agenciabrasil.ebc.com.br\/ebc.gif?id=1567398&#038;o=node\" style=\"width:1px;height:1px\"><\/p>\n<p>Durante a semana, a entidade divulgou levantamento que mostra que &#8211; a cada 100 mortos pela pol\u00edcia em 2022 &#8211; 65 eram negros. O levantamento foi batizado de <em>Pele Alvo: a Bala n\u00e3o Erra o Negro<\/em>. <a href=\"https:\/\/agenciabrasil.ebc.com.br\/geral\/noticia\/2023-11\/cada-100-mortos-pela-policia-em-2022-65-eram-negros-mostra-estudo\" target=\"_blank\" rel=\"noopener\">Leia mais sobre o estudo<\/a>.<\/p>\n<p>A pesquisadora enfatiza que h\u00e1 exemplos de pol\u00edcias em diferentes partes do mundo que mudaram o caminho do combate \u00e0 criminalidade. \u201c\u00c9 perfeitamente poss\u00edvel utilizar intelig\u00eancia, investiga\u00e7\u00e3o, planejamento e opera\u00e7\u00f5es de longo prazo. E n\u00e3o opera\u00e7\u00f5es espetaculares, onde a pol\u00edcia vai a uma regi\u00e3o, mata duas ou tr\u00eas pessoas, recolhe tr\u00eas ou quatro fuzis, e, dali a um tempo, a situa\u00e7\u00e3o est\u00e1 at\u00e9 pior do que antes\u201d, exemplifica.\u00a0<\/p>\n<p>Ela contextualiza que existe a possibilidade de impedir o fluxo dessas armas e drogas, e dessas muni\u00e7\u00f5es nesses territ\u00f3rios. Para isso, \u00e9 preciso identificar onde est\u00e1 o abastecimento de equipamentos ilegais. A seguir, \u00a0defende que o caminho seria buscar as fontes do abastecimento e n\u00e3o \u201cna ponta final, onde tanta gente morre e onde tanta gente fica em risco\u201d.\u00a0<\/p>\n<h2>Contrastes na abordagem<\/h2>\n<p>Neste sentido, as pol\u00edticas de seguran\u00e7a deveriam estar baseadas em intelig\u00eancia e investiga\u00e7\u00e3o para que mortes sejam evitadas. \u201cN\u00f3s temos uma situa\u00e7\u00e3o: ao inv\u00e9s de fazer opera\u00e7\u00f5es de intelig\u00eancia, as pol\u00edcias fazem opera\u00e7\u00e3o de confronto. Ao inv\u00e9s de pris\u00e3o, fazem tiroteio\u201d, opina.<\/p>\n<p>Os n\u00fameros mostram que as pol\u00edticas de seguran\u00e7a s\u00e3o extremamente violentas, letais e racistas. \u201cPorque fazem e atuam de uma certa forma nas \u00e1reas pobres e populares da periferia e atuam de forma totalmente diferente nas \u00e1reas ricas, abastadas e brancas\u201d, diz Silvia.<\/p>\n<p id=\"infocoweb_fonte\" class=\"infocoweb_fonte\">Fonte: <a target=\"_blank\" href=\"https:\/\/agenciabrasil.ebc.com.br\/geral\/noticia\/2023-11\/acoes-de-inteligencia-reduziriam-violencia-das-pms-diz-cientista#2694745c-139a-4a83-8664-b32d928d60fa\" rel=\"noopener\">EBC GERAL<\/a><\/p>\n","protected":false},"excerpt":{"rendered":"<p>A viol\u00eancia das pol\u00edcias militares no Brasil contra negros e pobres poderia ser profundamente alterada com uma mudan\u00e7a na pol\u00edtica de seguran\u00e7a p\u00fablica. A opini\u00e3o \u00e9 da cientista social S\u00edlvia Ramos, coordenadora da rede de Observat\u00f3rios de Seguran\u00e7a, em entrevista ao programa Viva Maria, da R\u00e1dio Nacional. Durante a semana, a entidade divulgou levantamento que [&hellip;]<\/p>\n","protected":false},"author":5,"featured_media":61416,"comment_status":"open","ping_status":"open","sticky":false,"template":"","format":"standard","meta":{"_acf_changed":false,"_angie_page":false,"_monsterinsights_skip_tracking":false,"_themeisle_gutenberg_block_has_review":false,"page_builder":"","footnotes":"","jetpack_publicize_message":"","jetpack_publicize_feature_enabled":true,"jetpack_social_post_already_shared":false,"jetpack_social_options":{"image_generator_settings":{"template":"highway","default_image_id":0,"font":"","enabled":false},"version":2}},"categories":[167],"tags":[4789,3580,16388,640],"class_list":["post-61415","post","type-post","status-publish","format-standard","has-post-thumbnail","hentry","category-geral","tag-cientista","tag-inteligencia","tag-reduziriam","tag-violencia"],"acf":[],"nelio_content":{"autoShareEndMode":"never","automationSources":{"useCustomSentences":false,"customSentences":[]},"efiAlt":"","efiUrl":"","followers":[5],"highlights":[],"isAutoShareEnabled":true,"networkImageIds":[],"permalinkQueryArgs":[],"series":[],"suggestedReferences":[]},"yoast_head":"<!-- This site is optimized with the Yoast SEO plugin v28.3 - https:\/\/yoast.com\/product\/yoast-seo-wordpress\/ -->\n<title>A\u00e7\u00f5es de intelig\u00eancia reduziriam viol\u00eancia das PMs, diz cientista<\/title>\n<meta name=\"description\" content=\"A\u00e7\u00f5es de intelig\u00eancia reduziriam viol\u00eancia das PMs, diz cientista\" \/>\n<meta name=\"robots\" content=\"index, follow, max-snippet:-1, max-image-preview:large, max-video-preview:-1\" \/>\n<link rel=\"canonical\" href=\"https:\/\/www.fatosefotosnews.com.br\/?p=61415\" \/>\n<meta property=\"og:locale\" content=\"pt_BR\" \/>\n<meta property=\"og:type\" content=\"article\" \/>\n<meta property=\"og:title\" content=\"A\u00e7\u00f5es de intelig\u00eancia reduziriam viol\u00eancia das PMs, diz cientista\" \/>\n<meta property=\"og:description\" content=\"A\u00e7\u00f5es de intelig\u00eancia reduziriam viol\u00eancia das PMs, diz cientista\" \/>\n<meta property=\"og:url\" content=\"https:\/\/www.fatosefotosnews.com.br\/?p=61415\" \/>\n<meta property=\"og:site_name\" content=\"Fatos e Fotos News\" \/>\n<meta property=\"article:published_time\" content=\"2023-11-18T20:46:36+00:00\" \/>\n<meta property=\"og:image\" content=\"https:\/\/www.fatosefotosnews.com.br\/wp-content\/uploads\/2023\/11\/fa21f50ea9c5b939340cf5d617d38f02.jpeg\" \/>\n\t<meta property=\"og:image:width\" content=\"1024\" \/>\n\t<meta property=\"og:image:height\" content=\"512\" \/>\n\t<meta property=\"og:image:type\" content=\"image\/jpeg\" \/>\n<meta name=\"author\" content=\"Da Reda\u00e7\u00e3o\" \/>\n<meta name=\"twitter:card\" content=\"summary_large_image\" \/>\n<meta name=\"twitter:label1\" content=\"Escrito por\" \/>\n\t<meta name=\"twitter:data1\" content=\"Da Reda\u00e7\u00e3o\" \/>\n\t<meta name=\"twitter:label2\" content=\"Est. tempo de leitura\" \/>\n\t<meta name=\"twitter:data2\" content=\"99 minutos\" \/>\n<script type=\"application\/ld+json\" class=\"yoast-schema-graph\">{\"@context\":\"https:\\\/\\\/schema.org\",\"@graph\":[{\"@type\":\"Article\",\"@id\":\"https:\\\/\\\/www.fatosefotosnews.com.br\\\/?p=61415#article\",\"isPartOf\":{\"@id\":\"https:\\\/\\\/www.fatosefotosnews.com.br\\\/?p=61415\"},\"author\":{\"name\":\"Da Reda\u00e7\u00e3o\",\"@id\":\"https:\\\/\\\/www.fatosefotosnews.com.br\\\/#\\\/schema\\\/person\\\/3b80f81d08670fb1f6690e07eb8b5dc6\"},\"headline\":\"A\u00e7\u00f5es de intelig\u00eancia reduziriam viol\u00eancia das PMs, diz cientista\",\"datePublished\":\"2023-11-18T20:46:36+00:00\",\"mainEntityOfPage\":{\"@id\":\"https:\\\/\\\/www.fatosefotosnews.com.br\\\/?p=61415\"},\"wordCount\":356,\"commentCount\":0,\"publisher\":{\"@id\":\"https:\\\/\\\/www.fatosefotosnews.com.br\\\/#organization\"},\"image\":{\"@id\":\"https:\\\/\\\/www.fatosefotosnews.com.br\\\/?p=61415#primaryimage\"},\"thumbnailUrl\":\"https:\\\/\\\/www.fatosefotosnews.com.br\\\/wp-content\\\/uploads\\\/2023\\\/11\\\/fa21f50ea9c5b939340cf5d617d38f02.jpeg\",\"keywords\":[\"cientista\",\"inteligencia\",\"reduziriam\",\"violencia\"],\"articleSection\":[\"Geral\"],\"inLanguage\":\"pt-BR\",\"potentialAction\":[{\"@type\":\"CommentAction\",\"name\":\"Comment\",\"target\":[\"https:\\\/\\\/www.fatosefotosnews.com.br\\\/?p=61415#respond\"]}]},{\"@type\":\"WebPage\",\"@id\":\"https:\\\/\\\/www.fatosefotosnews.com.br\\\/?p=61415\",\"url\":\"https:\\\/\\\/www.fatosefotosnews.com.br\\\/?p=61415\",\"name\":\"A\u00e7\u00f5es de intelig\u00eancia reduziriam viol\u00eancia das PMs, diz cientista\",\"isPartOf\":{\"@id\":\"https:\\\/\\\/www.fatosefotosnews.com.br\\\/#website\"},\"primaryImageOfPage\":{\"@id\":\"https:\\\/\\\/www.fatosefotosnews.com.br\\\/?p=61415#primaryimage\"},\"image\":{\"@id\":\"https:\\\/\\\/www.fatosefotosnews.com.br\\\/?p=61415#primaryimage\"},\"thumbnailUrl\":\"https:\\\/\\\/www.fatosefotosnews.com.br\\\/wp-content\\\/uploads\\\/2023\\\/11\\\/fa21f50ea9c5b939340cf5d617d38f02.jpeg\",\"datePublished\":\"2023-11-18T20:46:36+00:00\",\"description\":\"A\u00e7\u00f5es de intelig\u00eancia reduziriam viol\u00eancia das PMs, diz cientista\",\"breadcrumb\":{\"@id\":\"https:\\\/\\\/www.fatosefotosnews.com.br\\\/?p=61415#breadcrumb\"},\"inLanguage\":\"pt-BR\",\"potentialAction\":[{\"@type\":\"ReadAction\",\"target\":[\"https:\\\/\\\/www.fatosefotosnews.com.br\\\/?p=61415\"]}]},{\"@type\":\"ImageObject\",\"inLanguage\":\"pt-BR\",\"@id\":\"https:\\\/\\\/www.fatosefotosnews.com.br\\\/?p=61415#primaryimage\",\"url\":\"https:\\\/\\\/www.fatosefotosnews.com.br\\\/wp-content\\\/uploads\\\/2023\\\/11\\\/fa21f50ea9c5b939340cf5d617d38f02.jpeg\",\"contentUrl\":\"https:\\\/\\\/www.fatosefotosnews.com.br\\\/wp-content\\\/uploads\\\/2023\\\/11\\\/fa21f50ea9c5b939340cf5d617d38f02.jpeg\",\"width\":1024,\"height\":512,\"caption\":\"\u00a9 Rovena Rosa\\\/Ag\u00eancia\"},{\"@type\":\"BreadcrumbList\",\"@id\":\"https:\\\/\\\/www.fatosefotosnews.com.br\\\/?p=61415#breadcrumb\",\"itemListElement\":[{\"@type\":\"ListItem\",\"position\":1,\"name\":\"In\u00edcio\",\"item\":\"https:\\\/\\\/www.fatosefotosnews.com.br\\\/\"},{\"@type\":\"ListItem\",\"position\":2,\"name\":\"A\u00e7\u00f5es de intelig\u00eancia reduziriam viol\u00eancia das PMs, diz cientista\"}]},{\"@type\":\"WebSite\",\"@id\":\"https:\\\/\\\/www.fatosefotosnews.com.br\\\/#website\",\"url\":\"https:\\\/\\\/www.fatosefotosnews.com.br\\\/\",\"name\":\"Fatos e Fotos News\",\"description\":\"Um site de noticial verdadeira e confi\u00e1veis.\",\"publisher\":{\"@id\":\"https:\\\/\\\/www.fatosefotosnews.com.br\\\/#organization\"},\"potentialAction\":[{\"@type\":\"SearchAction\",\"target\":{\"@type\":\"EntryPoint\",\"urlTemplate\":\"https:\\\/\\\/www.fatosefotosnews.com.br\\\/?s={search_term_string}\"},\"query-input\":{\"@type\":\"PropertyValueSpecification\",\"valueRequired\":true,\"valueName\":\"search_term_string\"}}],\"inLanguage\":\"pt-BR\"},{\"@type\":\"Organization\",\"@id\":\"https:\\\/\\\/www.fatosefotosnews.com.br\\\/#organization\",\"name\":\"Fatos e Fotos News\",\"url\":\"https:\\\/\\\/www.fatosefotosnews.com.br\\\/\",\"logo\":{\"@type\":\"ImageObject\",\"inLanguage\":\"pt-BR\",\"@id\":\"https:\\\/\\\/www.fatosefotosnews.com.br\\\/#\\\/schema\\\/logo\\\/image\\\/\",\"url\":\"https:\\\/\\\/www.fatosefotosnews.com.br\\\/wp-content\\\/uploads\\\/2023\\\/02\\\/Fatos-e-Fotos-news-logo.png\",\"contentUrl\":\"https:\\\/\\\/www.fatosefotosnews.com.br\\\/wp-content\\\/uploads\\\/2023\\\/02\\\/Fatos-e-Fotos-news-logo.png\",\"width\":300,\"height\":58,\"caption\":\"Fatos e Fotos News\"},\"image\":{\"@id\":\"https:\\\/\\\/www.fatosefotosnews.com.br\\\/#\\\/schema\\\/logo\\\/image\\\/\"}},{\"@type\":\"Person\",\"@id\":\"https:\\\/\\\/www.fatosefotosnews.com.br\\\/#\\\/schema\\\/person\\\/3b80f81d08670fb1f6690e07eb8b5dc6\",\"name\":\"Da Reda\u00e7\u00e3o\",\"image\":{\"@type\":\"ImageObject\",\"inLanguage\":\"pt-BR\",\"@id\":\"https:\\\/\\\/secure.gravatar.com\\\/avatar\\\/696d39935a657bf0fc95044dbc9f912520430a0eb6dd46c85dd97eb6483b249b?s=96&d=mm&r=g\",\"url\":\"https:\\\/\\\/secure.gravatar.com\\\/avatar\\\/696d39935a657bf0fc95044dbc9f912520430a0eb6dd46c85dd97eb6483b249b?s=96&d=mm&r=g\",\"contentUrl\":\"https:\\\/\\\/secure.gravatar.com\\\/avatar\\\/696d39935a657bf0fc95044dbc9f912520430a0eb6dd46c85dd97eb6483b249b?s=96&d=mm&r=g\",\"caption\":\"Da Reda\u00e7\u00e3o\"},\"url\":\"https:\\\/\\\/www.fatosefotosnews.com.br\\\/?author=5\"}]}<\/script>\n<!-- \/ Yoast SEO plugin. -->","yoast_head_json":{"title":"A\u00e7\u00f5es de intelig\u00eancia reduziriam viol\u00eancia das PMs, diz cientista","description":"A\u00e7\u00f5es de intelig\u00eancia reduziriam viol\u00eancia das PMs, diz cientista","robots":{"index":"index","follow":"follow","max-snippet":"max-snippet:-1","max-image-preview":"max-image-preview:large","max-video-preview":"max-video-preview:-1"},"canonical":"https:\/\/www.fatosefotosnews.com.br\/?p=61415","og_locale":"pt_BR","og_type":"article","og_title":"A\u00e7\u00f5es de intelig\u00eancia reduziriam viol\u00eancia das PMs, diz cientista","og_description":"A\u00e7\u00f5es de intelig\u00eancia reduziriam viol\u00eancia das PMs, diz cientista","og_url":"https:\/\/www.fatosefotosnews.com.br\/?p=61415","og_site_name":"Fatos e Fotos News","article_published_time":"2023-11-18T20:46:36+00:00","og_image":[{"width":1024,"height":512,"url":"https:\/\/www.fatosefotosnews.com.br\/wp-content\/uploads\/2023\/11\/fa21f50ea9c5b939340cf5d617d38f02.jpeg","type":"image\/jpeg"}],"author":"Da Reda\u00e7\u00e3o","twitter_card":"summary_large_image","twitter_misc":{"Escrito por":"Da Reda\u00e7\u00e3o","Est. tempo de leitura":"99 minutos"},"schema":{"@context":"https:\/\/schema.org","@graph":[{"@type":"Article","@id":"https:\/\/www.fatosefotosnews.com.br\/?p=61415#article","isPartOf":{"@id":"https:\/\/www.fatosefotosnews.com.br\/?p=61415"},"author":{"name":"Da Reda\u00e7\u00e3o","@id":"https:\/\/www.fatosefotosnews.com.br\/#\/schema\/person\/3b80f81d08670fb1f6690e07eb8b5dc6"},"headline":"A\u00e7\u00f5es de intelig\u00eancia reduziriam viol\u00eancia das PMs, diz cientista","datePublished":"2023-11-18T20:46:36+00:00","mainEntityOfPage":{"@id":"https:\/\/www.fatosefotosnews.com.br\/?p=61415"},"wordCount":356,"commentCount":0,"publisher":{"@id":"https:\/\/www.fatosefotosnews.com.br\/#organization"},"image":{"@id":"https:\/\/www.fatosefotosnews.com.br\/?p=61415#primaryimage"},"thumbnailUrl":"https:\/\/www.fatosefotosnews.com.br\/wp-content\/uploads\/2023\/11\/fa21f50ea9c5b939340cf5d617d38f02.jpeg","keywords":["cientista","inteligencia","reduziriam","violencia"],"articleSection":["Geral"],"inLanguage":"pt-BR","potentialAction":[{"@type":"CommentAction","name":"Comment","target":["https:\/\/www.fatosefotosnews.com.br\/?p=61415#respond"]}]},{"@type":"WebPage","@id":"https:\/\/www.fatosefotosnews.com.br\/?p=61415","url":"https:\/\/www.fatosefotosnews.com.br\/?p=61415","name":"A\u00e7\u00f5es de intelig\u00eancia reduziriam viol\u00eancia das PMs, diz cientista","isPartOf":{"@id":"https:\/\/www.fatosefotosnews.com.br\/#website"},"primaryImageOfPage":{"@id":"https:\/\/www.fatosefotosnews.com.br\/?p=61415#primaryimage"},"image":{"@id":"https:\/\/www.fatosefotosnews.com.br\/?p=61415#primaryimage"},"thumbnailUrl":"https:\/\/www.fatosefotosnews.com.br\/wp-content\/uploads\/2023\/11\/fa21f50ea9c5b939340cf5d617d38f02.jpeg","datePublished":"2023-11-18T20:46:36+00:00","description":"A\u00e7\u00f5es de intelig\u00eancia reduziriam viol\u00eancia das PMs, diz cientista","breadcrumb":{"@id":"https:\/\/www.fatosefotosnews.com.br\/?p=61415#breadcrumb"},"inLanguage":"pt-BR","potentialAction":[{"@type":"ReadAction","target":["https:\/\/www.fatosefotosnews.com.br\/?p=61415"]}]},{"@type":"ImageObject","inLanguage":"pt-BR","@id":"https:\/\/www.fatosefotosnews.com.br\/?p=61415#primaryimage","url":"https:\/\/www.fatosefotosnews.com.br\/wp-content\/uploads\/2023\/11\/fa21f50ea9c5b939340cf5d617d38f02.jpeg","contentUrl":"https:\/\/www.fatosefotosnews.com.br\/wp-content\/uploads\/2023\/11\/fa21f50ea9c5b939340cf5d617d38f02.jpeg","width":1024,"height":512,"caption":"\u00a9 Rovena Rosa\/Ag\u00eancia"},{"@type":"BreadcrumbList","@id":"https:\/\/www.fatosefotosnews.com.br\/?p=61415#breadcrumb","itemListElement":[{"@type":"ListItem","position":1,"name":"In\u00edcio","item":"https:\/\/www.fatosefotosnews.com.br\/"},{"@type":"ListItem","position":2,"name":"A\u00e7\u00f5es de intelig\u00eancia reduziriam viol\u00eancia das PMs, diz cientista"}]},{"@type":"WebSite","@id":"https:\/\/www.fatosefotosnews.com.br\/#website","url":"https:\/\/www.fatosefotosnews.com.br\/","name":"Fatos e Fotos News","description":"Um site de noticial verdadeira e confi\u00e1veis.","publisher":{"@id":"https:\/\/www.fatosefotosnews.com.br\/#organization"},"potentialAction":[{"@type":"SearchAction","target":{"@type":"EntryPoint","urlTemplate":"https:\/\/www.fatosefotosnews.com.br\/?s={search_term_string}"},"query-input":{"@type":"PropertyValueSpecification","valueRequired":true,"valueName":"search_term_string"}}],"inLanguage":"pt-BR"},{"@type":"Organization","@id":"https:\/\/www.fatosefotosnews.com.br\/#organization","name":"Fatos e Fotos News","url":"https:\/\/www.fatosefotosnews.com.br\/","logo":{"@type":"ImageObject","inLanguage":"pt-BR","@id":"https:\/\/www.fatosefotosnews.com.br\/#\/schema\/logo\/image\/","url":"https:\/\/www.fatosefotosnews.com.br\/wp-content\/uploads\/2023\/02\/Fatos-e-Fotos-news-logo.png","contentUrl":"https:\/\/www.fatosefotosnews.com.br\/wp-content\/uploads\/2023\/02\/Fatos-e-Fotos-news-logo.png","width":300,"height":58,"caption":"Fatos e Fotos News"},"image":{"@id":"https:\/\/www.fatosefotosnews.com.br\/#\/schema\/logo\/image\/"}},{"@type":"Person","@id":"https:\/\/www.fatosefotosnews.com.br\/#\/schema\/person\/3b80f81d08670fb1f6690e07eb8b5dc6","name":"Da Reda\u00e7\u00e3o","image":{"@type":"ImageObject","inLanguage":"pt-BR","@id":"https:\/\/secure.gravatar.com\/avatar\/696d39935a657bf0fc95044dbc9f912520430a0eb6dd46c85dd97eb6483b249b?s=96&d=mm&r=g","url":"https:\/\/secure.gravatar.com\/avatar\/696d39935a657bf0fc95044dbc9f912520430a0eb6dd46c85dd97eb6483b249b?s=96&d=mm&r=g","contentUrl":"https:\/\/secure.gravatar.com\/avatar\/696d39935a657bf0fc95044dbc9f912520430a0eb6dd46c85dd97eb6483b249b?s=96&d=mm&r=g","caption":"Da Reda\u00e7\u00e3o"},"url":"https:\/\/www.fatosefotosnews.com.br\/?author=5"}]}},"jetpack_publicize_connections":[],"blog_post_layout_featured_media_urls":{"thumbnail":["https:\/\/www.fatosefotosnews.com.br\/wp-content\/uploads\/2023\/11\/fa21f50ea9c5b939340cf5d617d38f02-150x150.jpeg",150,150,true],"full":["https:\/\/www.fatosefotosnews.com.br\/wp-content\/uploads\/2023\/11\/fa21f50ea9c5b939340cf5d617d38f02.jpeg",1024,512,false]},"categories_names":{"167":{"name":"Geral","link":"https:\/\/www.fatosefotosnews.com.br\/?cat=167"}},"tags_names":{"4789":{"name":"cientista","link":"https:\/\/www.fatosefotosnews.com.br\/?tag=cientista"},"3580":{"name":"inteligencia","link":"https:\/\/www.fatosefotosnews.com.br\/?tag=inteligencia"},"16388":{"name":"reduziriam","link":"https:\/\/www.fatosefotosnews.com.br\/?tag=reduziriam"},"640":{"name":"violencia","link":"https:\/\/www.fatosefotosnews.com.br\/?tag=violencia"}},"comments_number":"0","wpmagazine_modules_lite_featured_media_urls":{"thumbnail":["https:\/\/www.fatosefotosnews.com.br\/wp-content\/uploads\/2023\/11\/fa21f50ea9c5b939340cf5d617d38f02-150x150.jpeg",150,150,true],"cvmm-medium":["https:\/\/www.fatosefotosnews.com.br\/wp-content\/uploads\/2023\/11\/fa21f50ea9c5b939340cf5d617d38f02-300x300.jpeg",300,300,true],"cvmm-medium-plus":["https:\/\/www.fatosefotosnews.com.br\/wp-content\/uploads\/2023\/11\/fa21f50ea9c5b939340cf5d617d38f02-305x207.jpeg",305,207,true],"cvmm-portrait":["https:\/\/www.fatosefotosnews.com.br\/wp-content\/uploads\/2023\/11\/fa21f50ea9c5b939340cf5d617d38f02-400x512.jpeg",400,512,true],"cvmm-medium-square":["https:\/\/www.fatosefotosnews.com.br\/wp-content\/uploads\/2023\/11\/fa21f50ea9c5b939340cf5d617d38f02-600x512.jpeg",600,512,true],"cvmm-large":["https:\/\/www.fatosefotosnews.com.br\/wp-content\/uploads\/2023\/11\/fa21f50ea9c5b939340cf5d617d38f02.jpeg",1024,512,false],"cvmm-small":["https:\/\/www.fatosefotosnews.com.br\/wp-content\/uploads\/2023\/11\/fa21f50ea9c5b939340cf5d617d38f02-130x95.jpeg",130,95,true],"full":["https:\/\/www.fatosefotosnews.com.br\/wp-content\/uploads\/2023\/11\/fa21f50ea9c5b939340cf5d617d38f02.jpeg",1024,512,false]},"_links":{"self":[{"href":"https:\/\/www.fatosefotosnews.com.br\/index.php?rest_route=\/wp\/v2\/posts\/61415","targetHints":{"allow":["GET"]}}],"collection":[{"href":"https:\/\/www.fatosefotosnews.com.br\/index.php?rest_route=\/wp\/v2\/posts"}],"about":[{"href":"https:\/\/www.fatosefotosnews.com.br\/index.php?rest_route=\/wp\/v2\/types\/post"}],"author":[{"embeddable":true,"href":"https:\/\/www.fatosefotosnews.com.br\/index.php?rest_route=\/wp\/v2\/users\/5"}],"replies":[{"embeddable":true,"href":"https:\/\/www.fatosefotosnews.com.br\/index.php?rest_route=%2Fwp%2Fv2%2Fcomments&post=61415"}],"version-history":[{"count":0,"href":"https:\/\/www.fatosefotosnews.com.br\/index.php?rest_route=\/wp\/v2\/posts\/61415\/revisions"}],"wp:featuredmedia":[{"embeddable":true,"href":"https:\/\/www.fatosefotosnews.com.br\/index.php?rest_route=\/wp\/v2\/media\/61416"}],"wp:attachment":[{"href":"https:\/\/www.fatosefotosnews.com.br\/index.php?rest_route=%2Fwp%2Fv2%2Fmedia&parent=61415"}],"wp:term":[{"taxonomy":"category","embeddable":true,"href":"https:\/\/www.fatosefotosnews.com.br\/index.php?rest_route=%2Fwp%2Fv2%2Fcategories&post=61415"},{"taxonomy":"post_tag","embeddable":true,"href":"https:\/\/www.fatosefotosnews.com.br\/index.php?rest_route=%2Fwp%2Fv2%2Ftags&post=61415"}],"curies":[{"name":"wp","href":"https:\/\/api.w.org\/{rel}","templated":true}]}}