{"id":619,"date":"2023-02-01T11:44:49","date_gmt":"2023-02-01T14:44:49","guid":{"rendered":"https:\/\/www.fatosefotosnews.com.br\/?p=619"},"modified":"2023-02-01T13:47:38","modified_gmt":"2023-02-01T16:47:38","slug":"sao-paulo-funcionario-da-linha-uni-morre-em-canteiro-de-obra-do-metro","status":"publish","type":"post","link":"https:\/\/www.fatosefotosnews.com.br\/?p=619","title":{"rendered":"S\u00e3o Paulo: funcion\u00e1rio da Linha Uni morre em canteiro de obra do metr\u00f4"},"content":{"rendered":"\n<p class=\"wp-block-paragraph\"><em>Terceirizado de 65 anos foi atropelado por um caminh\u00e3o<\/em><\/p>\n\n\n\n<p class=\"wp-block-paragraph\">Um funcion\u00e1rio das obras da Linha 6 \u2013 Laranja do Metr\u00f4 de S\u00e3o Paulo morreu na tarde da \u00faltima ter\u00e7a-feira (17) ap\u00f3s ser atropelado por um caminh\u00e3o no canteiro de obras da linha. O acidente ocorreu na Avenida Miguel Conejo, na Vila Albertina, na Zona Norte da capital. O trabalhador, que era terceirizado, tinha 65 anos e chegou a ser socorrido pelo Corpo de Bombeiros, mas n\u00e3o resistiu e faleceu no local.<img decoding=\"async\" src=\"https:\/\/agenciabrasil.ebc.com.br\/ebc.png?id=1505139&amp;o=node\"><img decoding=\"async\" src=\"https:\/\/agenciabrasil.ebc.com.br\/ebc.gif?id=1505139&amp;o=node\"><\/p>\n\n\n\n<p class=\"wp-block-paragraph\">De acordo com nota da respons\u00e1vel pela linha, as empresas encarregadas da obra est\u00e3o prestando apoio \u00e0s fam\u00edlias e a Linha Uni est\u00e1 cooperando com a apura\u00e7\u00e3o e investiga\u00e7\u00e3o das causas do acidente.<\/p>\n\n\n\n<p class=\"wp-block-paragraph\">Segundo a Secretaria da Seguran\u00e7a P\u00fablica (SSP), o motorista do caminh\u00e3o estava se preparando para descarregar o caminh\u00e3o em uma obra, trafegando devagar, quando n\u00e3o viu a v\u00edtima atr\u00e1s do ve\u00edculo e a atropelou.<\/p>\n\n\n\n<p class=\"wp-block-paragraph\">A SSP informou ainda que exames periciais foram solicitados ao Instituto de Criminal\u00edstica (IC) e ao Instituto M\u00e9dico Legal (IML) e que o caso foi registrado como homic\u00eddio culposo na dire\u00e7\u00e3o de ve\u00edculo automotor, no 72\u00b0 DP (Vila Penteado).<\/p>\n\n\n\n<p class=\"wp-block-paragraph\">O caso est\u00e1 sendo investigado pelo 28\u00ba Distrito Policial (Freguesia do \u00d3). Um inqu\u00e9rito policial foi instaurado e o motorista e demais funcion\u00e1rios da obra ser\u00e3o chamados para serem ouvidos.<\/p>\n\n\n\n<h2 class=\"wp-block-heading\">Linha 6<\/h2>\n\n\n\n<p class=\"wp-block-paragraph\">A Linha 6 \u2013 Laranja do Metr\u00f4 ligar\u00e1 o Centro da capital paulista ao bairro da Brasil\u00e2ndia, na zona Norte.<\/p>\n\n\n\n<p class=\"wp-block-paragraph\">Em fevereiro de 2022,&nbsp;<a href=\"https:\/\/agenciabrasil.ebc.com.br\/geral\/noticia\/2022-02\/cratera-do-metro-em-sp-sera-preenchida-com-material-rochoso-e-argamass\" target=\"_blank\" rel=\"noreferrer noopener\">uma cratera se abriu na Marginal Tiet\u00ea<\/a>&nbsp;ap\u00f3s o asfalto ter cedido ao lado da obra de uma futura esta\u00e7\u00e3o, na Freguesia do \u00d3, tamb\u00e9m na Zona Norte. N\u00e3o houve feridos, mas dois funcion\u00e1rios que tiveram contato com a \u00e1gua que jorrou do acidente foram socorridos pelos bombeiros.<\/p>\n","protected":false},"excerpt":{"rendered":"<p>Terceirizado de 65 anos foi atropelado por um caminh\u00e3o Um funcion\u00e1rio das obras da Linha 6 \u2013 Laranja do Metr\u00f4 de S\u00e3o Paulo morreu na tarde da \u00faltima ter\u00e7a-feira (17) ap\u00f3s ser atropelado por um caminh\u00e3o no canteiro de obras da linha. O acidente ocorreu na Avenida Miguel Conejo, na Vila Albertina, na Zona Norte [&hellip;]<\/p>\n","protected":false},"author":1,"featured_media":620,"comment_status":"open","ping_status":"open","sticky":false,"template":"","format":"standard","meta":{"_acf_changed":false,"_angie_page":false,"_monsterinsights_skip_tracking":false,"_themeisle_gutenberg_block_has_review":false,"page_builder":"","footnotes":"","jetpack_publicize_message":"","jetpack_publicize_feature_enabled":true,"jetpack_social_post_already_shared":false,"jetpack_social_options":{"image_generator_settings":{"template":"highway","default_image_id":0,"font":"","enabled":false},"version":2}},"categories":[12],"tags":[402,399,400,403,401,398],"class_list":["post-619","post","type-post","status-publish","format-standard","has-post-thumbnail","hentry","category-mundo","tag-canteiro","tag-funcionario","tag-linha","tag-metro","tag-morre","tag-paulo"],"acf":[],"nelio_content":{"autoShareEndMode":"never","automationSources":{"useCustomSentences":false,"customSentences":[]},"efiAlt":"","efiUrl":"","followers":[],"highlights":[],"isAutoShareEnabled":true,"networkImageIds":[],"permalinkQueryArgs":[],"series":[],"suggestedReferences":[]},"yoast_head":"<!-- This site is optimized with the Yoast SEO plugin v28.3 - https:\/\/yoast.com\/product\/yoast-seo-wordpress\/ -->\n<title>S\u00e3o Paulo: funcion\u00e1rio da Linha Uni morre em canteiro de obra do metr\u00f4 - Fatos e Fotos News<\/title>\n<meta name=\"robots\" content=\"index, follow, max-snippet:-1, max-image-preview:large, max-video-preview:-1\" \/>\n<link rel=\"canonical\" href=\"https:\/\/www.fatosefotosnews.com.br\/?p=619\" \/>\n<meta property=\"og:locale\" content=\"pt_BR\" \/>\n<meta property=\"og:type\" content=\"article\" \/>\n<meta property=\"og:title\" content=\"S\u00e3o Paulo: funcion\u00e1rio da Linha Uni morre em canteiro de obra do metr\u00f4 - Fatos e Fotos News\" \/>\n<meta property=\"og:description\" content=\"Terceirizado de 65 anos foi atropelado por um caminh\u00e3o Um funcion\u00e1rio das obras da Linha 6 \u2013 Laranja do Metr\u00f4 de S\u00e3o Paulo morreu na tarde da \u00faltima ter\u00e7a-feira (17) ap\u00f3s ser atropelado por um caminh\u00e3o no canteiro de obras da linha. O acidente ocorreu na Avenida Miguel Conejo, na Vila Albertina, na Zona Norte [&hellip;]\" \/>\n<meta property=\"og:url\" content=\"https:\/\/www.fatosefotosnews.com.br\/?p=619\" \/>\n<meta property=\"og:site_name\" content=\"Fatos e Fotos News\" \/>\n<meta property=\"article:published_time\" content=\"2023-02-01T14:44:49+00:00\" \/>\n<meta property=\"article:modified_time\" content=\"2023-02-01T16:47:38+00:00\" \/>\n<meta property=\"og:image\" content=\"https:\/\/www.fatosefotosnews.com.br\/wp-content\/uploads\/2023\/02\/metro-sp.jpg\" \/>\n\t<meta property=\"og:image:width\" content=\"800\" \/>\n\t<meta property=\"og:image:height\" content=\"532\" \/>\n\t<meta property=\"og:image:type\" content=\"image\/jpeg\" \/>\n<meta name=\"author\" content=\"fatosefotosnews\" \/>\n<meta name=\"twitter:card\" content=\"summary_large_image\" \/>\n<meta name=\"twitter:label1\" content=\"Escrito por\" \/>\n\t<meta name=\"twitter:data1\" content=\"fatosefotosnews\" \/>\n\t<meta name=\"twitter:label2\" content=\"Est. tempo de leitura\" \/>\n\t<meta name=\"twitter:data2\" content=\"2 minutos\" \/>\n<script type=\"application\/ld+json\" class=\"yoast-schema-graph\">{\"@context\":\"https:\\\/\\\/schema.org\",\"@graph\":[{\"@type\":\"Article\",\"@id\":\"https:\\\/\\\/www.fatosefotosnews.com.br\\\/?p=619#article\",\"isPartOf\":{\"@id\":\"https:\\\/\\\/www.fatosefotosnews.com.br\\\/?p=619\"},\"author\":{\"name\":\"fatosefotosnews\",\"@id\":\"https:\\\/\\\/www.fatosefotosnews.com.br\\\/#\\\/schema\\\/person\\\/70ccaf82072edcbc921e1c3ca2259803\"},\"headline\":\"S\u00e3o Paulo: funcion\u00e1rio da Linha Uni morre em canteiro de obra do metr\u00f4\",\"datePublished\":\"2023-02-01T14:44:49+00:00\",\"dateModified\":\"2023-02-01T16:47:38+00:00\",\"mainEntityOfPage\":{\"@id\":\"https:\\\/\\\/www.fatosefotosnews.com.br\\\/?p=619\"},\"wordCount\":329,\"commentCount\":0,\"publisher\":{\"@id\":\"https:\\\/\\\/www.fatosefotosnews.com.br\\\/#organization\"},\"image\":{\"@id\":\"https:\\\/\\\/www.fatosefotosnews.com.br\\\/?p=619#primaryimage\"},\"thumbnailUrl\":\"https:\\\/\\\/www.fatosefotosnews.com.br\\\/wp-content\\\/uploads\\\/2023\\\/02\\\/metro-sp.jpg\",\"keywords\":[\"canteiro\",\"funcionario\",\"linha\",\"metro\",\"morre\",\"paulo\"],\"articleSection\":[\"Mundo\"],\"inLanguage\":\"pt-BR\",\"potentialAction\":[{\"@type\":\"CommentAction\",\"name\":\"Comment\",\"target\":[\"https:\\\/\\\/www.fatosefotosnews.com.br\\\/?p=619#respond\"]}]},{\"@type\":\"WebPage\",\"@id\":\"https:\\\/\\\/www.fatosefotosnews.com.br\\\/?p=619\",\"url\":\"https:\\\/\\\/www.fatosefotosnews.com.br\\\/?p=619\",\"name\":\"S\u00e3o Paulo: funcion\u00e1rio da Linha Uni morre em canteiro de obra do metr\u00f4 - Fatos e Fotos News\",\"isPartOf\":{\"@id\":\"https:\\\/\\\/www.fatosefotosnews.com.br\\\/#website\"},\"primaryImageOfPage\":{\"@id\":\"https:\\\/\\\/www.fatosefotosnews.com.br\\\/?p=619#primaryimage\"},\"image\":{\"@id\":\"https:\\\/\\\/www.fatosefotosnews.com.br\\\/?p=619#primaryimage\"},\"thumbnailUrl\":\"https:\\\/\\\/www.fatosefotosnews.com.br\\\/wp-content\\\/uploads\\\/2023\\\/02\\\/metro-sp.jpg\",\"datePublished\":\"2023-02-01T14:44:49+00:00\",\"dateModified\":\"2023-02-01T16:47:38+00:00\",\"breadcrumb\":{\"@id\":\"https:\\\/\\\/www.fatosefotosnews.com.br\\\/?p=619#breadcrumb\"},\"inLanguage\":\"pt-BR\",\"potentialAction\":[{\"@type\":\"ReadAction\",\"target\":[\"https:\\\/\\\/www.fatosefotosnews.com.br\\\/?p=619\"]}]},{\"@type\":\"ImageObject\",\"inLanguage\":\"pt-BR\",\"@id\":\"https:\\\/\\\/www.fatosefotosnews.com.br\\\/?p=619#primaryimage\",\"url\":\"https:\\\/\\\/www.fatosefotosnews.com.br\\\/wp-content\\\/uploads\\\/2023\\\/02\\\/metro-sp.jpg\",\"contentUrl\":\"https:\\\/\\\/www.fatosefotosnews.com.br\\\/wp-content\\\/uploads\\\/2023\\\/02\\\/metro-sp.jpg\",\"width\":800,\"height\":532},{\"@type\":\"BreadcrumbList\",\"@id\":\"https:\\\/\\\/www.fatosefotosnews.com.br\\\/?p=619#breadcrumb\",\"itemListElement\":[{\"@type\":\"ListItem\",\"position\":1,\"name\":\"In\u00edcio\",\"item\":\"https:\\\/\\\/www.fatosefotosnews.com.br\\\/\"},{\"@type\":\"ListItem\",\"position\":2,\"name\":\"S\u00e3o Paulo: funcion\u00e1rio da Linha Uni morre em canteiro de obra do metr\u00f4\"}]},{\"@type\":\"WebSite\",\"@id\":\"https:\\\/\\\/www.fatosefotosnews.com.br\\\/#website\",\"url\":\"https:\\\/\\\/www.fatosefotosnews.com.br\\\/\",\"name\":\"Fatos e Fotos News\",\"description\":\"Um site de noticial verdadeira e confi\u00e1veis.\",\"publisher\":{\"@id\":\"https:\\\/\\\/www.fatosefotosnews.com.br\\\/#organization\"},\"potentialAction\":[{\"@type\":\"SearchAction\",\"target\":{\"@type\":\"EntryPoint\",\"urlTemplate\":\"https:\\\/\\\/www.fatosefotosnews.com.br\\\/?s={search_term_string}\"},\"query-input\":{\"@type\":\"PropertyValueSpecification\",\"valueRequired\":true,\"valueName\":\"search_term_string\"}}],\"inLanguage\":\"pt-BR\"},{\"@type\":\"Organization\",\"@id\":\"https:\\\/\\\/www.fatosefotosnews.com.br\\\/#organization\",\"name\":\"Fatos e Fotos News\",\"url\":\"https:\\\/\\\/www.fatosefotosnews.com.br\\\/\",\"logo\":{\"@type\":\"ImageObject\",\"inLanguage\":\"pt-BR\",\"@id\":\"https:\\\/\\\/www.fatosefotosnews.com.br\\\/#\\\/schema\\\/logo\\\/image\\\/\",\"url\":\"https:\\\/\\\/www.fatosefotosnews.com.br\\\/wp-content\\\/uploads\\\/2023\\\/02\\\/Fatos-e-Fotos-news-logo.png\",\"contentUrl\":\"https:\\\/\\\/www.fatosefotosnews.com.br\\\/wp-content\\\/uploads\\\/2023\\\/02\\\/Fatos-e-Fotos-news-logo.png\",\"width\":300,\"height\":58,\"caption\":\"Fatos e Fotos News\"},\"image\":{\"@id\":\"https:\\\/\\\/www.fatosefotosnews.com.br\\\/#\\\/schema\\\/logo\\\/image\\\/\"}},{\"@type\":\"Person\",\"@id\":\"https:\\\/\\\/www.fatosefotosnews.com.br\\\/#\\\/schema\\\/person\\\/70ccaf82072edcbc921e1c3ca2259803\",\"name\":\"fatosefotosnews\",\"image\":{\"@type\":\"ImageObject\",\"inLanguage\":\"pt-BR\",\"@id\":\"https:\\\/\\\/secure.gravatar.com\\\/avatar\\\/b347acc00c2543eadf2855e28bb74049205ff50092da0cb7bc50f2652c752f81?s=96&d=mm&r=g\",\"url\":\"https:\\\/\\\/secure.gravatar.com\\\/avatar\\\/b347acc00c2543eadf2855e28bb74049205ff50092da0cb7bc50f2652c752f81?s=96&d=mm&r=g\",\"contentUrl\":\"https:\\\/\\\/secure.gravatar.com\\\/avatar\\\/b347acc00c2543eadf2855e28bb74049205ff50092da0cb7bc50f2652c752f81?s=96&d=mm&r=g\",\"caption\":\"fatosefotosnews\"},\"sameAs\":[\"http:\\\/\\\/www.fatosefotosnews.com.br\"],\"url\":\"https:\\\/\\\/www.fatosefotosnews.com.br\\\/?author=1\"}]}<\/script>\n<!-- \/ Yoast SEO plugin. -->","yoast_head_json":{"title":"S\u00e3o Paulo: funcion\u00e1rio da Linha Uni morre em canteiro de obra do metr\u00f4 - Fatos e Fotos News","robots":{"index":"index","follow":"follow","max-snippet":"max-snippet:-1","max-image-preview":"max-image-preview:large","max-video-preview":"max-video-preview:-1"},"canonical":"https:\/\/www.fatosefotosnews.com.br\/?p=619","og_locale":"pt_BR","og_type":"article","og_title":"S\u00e3o Paulo: funcion\u00e1rio da Linha Uni morre em canteiro de obra do metr\u00f4 - Fatos e Fotos News","og_description":"Terceirizado de 65 anos foi atropelado por um caminh\u00e3o Um funcion\u00e1rio das obras da Linha 6 \u2013 Laranja do Metr\u00f4 de S\u00e3o Paulo morreu na tarde da \u00faltima ter\u00e7a-feira (17) ap\u00f3s ser atropelado por um caminh\u00e3o no canteiro de obras da linha. O acidente ocorreu na Avenida Miguel Conejo, na Vila Albertina, na Zona Norte [&hellip;]","og_url":"https:\/\/www.fatosefotosnews.com.br\/?p=619","og_site_name":"Fatos e Fotos News","article_published_time":"2023-02-01T14:44:49+00:00","article_modified_time":"2023-02-01T16:47:38+00:00","og_image":[{"width":800,"height":532,"url":"https:\/\/www.fatosefotosnews.com.br\/wp-content\/uploads\/2023\/02\/metro-sp.jpg","type":"image\/jpeg"}],"author":"fatosefotosnews","twitter_card":"summary_large_image","twitter_misc":{"Escrito por":"fatosefotosnews","Est. tempo de leitura":"2 minutos"},"schema":{"@context":"https:\/\/schema.org","@graph":[{"@type":"Article","@id":"https:\/\/www.fatosefotosnews.com.br\/?p=619#article","isPartOf":{"@id":"https:\/\/www.fatosefotosnews.com.br\/?p=619"},"author":{"name":"fatosefotosnews","@id":"https:\/\/www.fatosefotosnews.com.br\/#\/schema\/person\/70ccaf82072edcbc921e1c3ca2259803"},"headline":"S\u00e3o Paulo: funcion\u00e1rio da Linha Uni morre em canteiro de obra do metr\u00f4","datePublished":"2023-02-01T14:44:49+00:00","dateModified":"2023-02-01T16:47:38+00:00","mainEntityOfPage":{"@id":"https:\/\/www.fatosefotosnews.com.br\/?p=619"},"wordCount":329,"commentCount":0,"publisher":{"@id":"https:\/\/www.fatosefotosnews.com.br\/#organization"},"image":{"@id":"https:\/\/www.fatosefotosnews.com.br\/?p=619#primaryimage"},"thumbnailUrl":"https:\/\/www.fatosefotosnews.com.br\/wp-content\/uploads\/2023\/02\/metro-sp.jpg","keywords":["canteiro","funcionario","linha","metro","morre","paulo"],"articleSection":["Mundo"],"inLanguage":"pt-BR","potentialAction":[{"@type":"CommentAction","name":"Comment","target":["https:\/\/www.fatosefotosnews.com.br\/?p=619#respond"]}]},{"@type":"WebPage","@id":"https:\/\/www.fatosefotosnews.com.br\/?p=619","url":"https:\/\/www.fatosefotosnews.com.br\/?p=619","name":"S\u00e3o Paulo: funcion\u00e1rio da Linha Uni morre em canteiro de obra do metr\u00f4 - Fatos e Fotos News","isPartOf":{"@id":"https:\/\/www.fatosefotosnews.com.br\/#website"},"primaryImageOfPage":{"@id":"https:\/\/www.fatosefotosnews.com.br\/?p=619#primaryimage"},"image":{"@id":"https:\/\/www.fatosefotosnews.com.br\/?p=619#primaryimage"},"thumbnailUrl":"https:\/\/www.fatosefotosnews.com.br\/wp-content\/uploads\/2023\/02\/metro-sp.jpg","datePublished":"2023-02-01T14:44:49+00:00","dateModified":"2023-02-01T16:47:38+00:00","breadcrumb":{"@id":"https:\/\/www.fatosefotosnews.com.br\/?p=619#breadcrumb"},"inLanguage":"pt-BR","potentialAction":[{"@type":"ReadAction","target":["https:\/\/www.fatosefotosnews.com.br\/?p=619"]}]},{"@type":"ImageObject","inLanguage":"pt-BR","@id":"https:\/\/www.fatosefotosnews.com.br\/?p=619#primaryimage","url":"https:\/\/www.fatosefotosnews.com.br\/wp-content\/uploads\/2023\/02\/metro-sp.jpg","contentUrl":"https:\/\/www.fatosefotosnews.com.br\/wp-content\/uploads\/2023\/02\/metro-sp.jpg","width":800,"height":532},{"@type":"BreadcrumbList","@id":"https:\/\/www.fatosefotosnews.com.br\/?p=619#breadcrumb","itemListElement":[{"@type":"ListItem","position":1,"name":"In\u00edcio","item":"https:\/\/www.fatosefotosnews.com.br\/"},{"@type":"ListItem","position":2,"name":"S\u00e3o Paulo: funcion\u00e1rio da Linha Uni morre em canteiro de obra do metr\u00f4"}]},{"@type":"WebSite","@id":"https:\/\/www.fatosefotosnews.com.br\/#website","url":"https:\/\/www.fatosefotosnews.com.br\/","name":"Fatos e Fotos News","description":"Um site de noticial verdadeira e confi\u00e1veis.","publisher":{"@id":"https:\/\/www.fatosefotosnews.com.br\/#organization"},"potentialAction":[{"@type":"SearchAction","target":{"@type":"EntryPoint","urlTemplate":"https:\/\/www.fatosefotosnews.com.br\/?s={search_term_string}"},"query-input":{"@type":"PropertyValueSpecification","valueRequired":true,"valueName":"search_term_string"}}],"inLanguage":"pt-BR"},{"@type":"Organization","@id":"https:\/\/www.fatosefotosnews.com.br\/#organization","name":"Fatos e Fotos News","url":"https:\/\/www.fatosefotosnews.com.br\/","logo":{"@type":"ImageObject","inLanguage":"pt-BR","@id":"https:\/\/www.fatosefotosnews.com.br\/#\/schema\/logo\/image\/","url":"https:\/\/www.fatosefotosnews.com.br\/wp-content\/uploads\/2023\/02\/Fatos-e-Fotos-news-logo.png","contentUrl":"https:\/\/www.fatosefotosnews.com.br\/wp-content\/uploads\/2023\/02\/Fatos-e-Fotos-news-logo.png","width":300,"height":58,"caption":"Fatos e Fotos News"},"image":{"@id":"https:\/\/www.fatosefotosnews.com.br\/#\/schema\/logo\/image\/"}},{"@type":"Person","@id":"https:\/\/www.fatosefotosnews.com.br\/#\/schema\/person\/70ccaf82072edcbc921e1c3ca2259803","name":"fatosefotosnews","image":{"@type":"ImageObject","inLanguage":"pt-BR","@id":"https:\/\/secure.gravatar.com\/avatar\/b347acc00c2543eadf2855e28bb74049205ff50092da0cb7bc50f2652c752f81?s=96&d=mm&r=g","url":"https:\/\/secure.gravatar.com\/avatar\/b347acc00c2543eadf2855e28bb74049205ff50092da0cb7bc50f2652c752f81?s=96&d=mm&r=g","contentUrl":"https:\/\/secure.gravatar.com\/avatar\/b347acc00c2543eadf2855e28bb74049205ff50092da0cb7bc50f2652c752f81?s=96&d=mm&r=g","caption":"fatosefotosnews"},"sameAs":["http:\/\/www.fatosefotosnews.com.br"],"url":"https:\/\/www.fatosefotosnews.com.br\/?author=1"}]}},"jetpack_publicize_connections":[],"blog_post_layout_featured_media_urls":{"thumbnail":["https:\/\/www.fatosefotosnews.com.br\/wp-content\/uploads\/2023\/02\/metro-sp-150x150.jpg",150,150,true],"full":["https:\/\/www.fatosefotosnews.com.br\/wp-content\/uploads\/2023\/02\/metro-sp.jpg",800,532,false]},"categories_names":{"12":{"name":"Mundo","link":"https:\/\/www.fatosefotosnews.com.br\/?cat=12"}},"tags_names":{"402":{"name":"canteiro","link":"https:\/\/www.fatosefotosnews.com.br\/?tag=canteiro"},"399":{"name":"funcionario","link":"https:\/\/www.fatosefotosnews.com.br\/?tag=funcionario"},"400":{"name":"linha","link":"https:\/\/www.fatosefotosnews.com.br\/?tag=linha"},"403":{"name":"metro","link":"https:\/\/www.fatosefotosnews.com.br\/?tag=metro"},"401":{"name":"morre","link":"https:\/\/www.fatosefotosnews.com.br\/?tag=morre"},"398":{"name":"paulo","link":"https:\/\/www.fatosefotosnews.com.br\/?tag=paulo"}},"comments_number":"0","wpmagazine_modules_lite_featured_media_urls":{"thumbnail":["https:\/\/www.fatosefotosnews.com.br\/wp-content\/uploads\/2023\/02\/metro-sp-150x150.jpg",150,150,true],"cvmm-medium":["https:\/\/www.fatosefotosnews.com.br\/wp-content\/uploads\/2023\/02\/metro-sp-300x300.jpg",300,300,true],"cvmm-medium-plus":["https:\/\/www.fatosefotosnews.com.br\/wp-content\/uploads\/2023\/02\/metro-sp-305x207.jpg",305,207,true],"cvmm-portrait":["https:\/\/www.fatosefotosnews.com.br\/wp-content\/uploads\/2023\/02\/metro-sp-400x532.jpg",400,532,true],"cvmm-medium-square":["https:\/\/www.fatosefotosnews.com.br\/wp-content\/uploads\/2023\/02\/metro-sp-600x532.jpg",600,532,true],"cvmm-large":["https:\/\/www.fatosefotosnews.com.br\/wp-content\/uploads\/2023\/02\/metro-sp.jpg",800,532,false],"cvmm-small":["https:\/\/www.fatosefotosnews.com.br\/wp-content\/uploads\/2023\/02\/metro-sp-130x95.jpg",130,95,true],"full":["https:\/\/www.fatosefotosnews.com.br\/wp-content\/uploads\/2023\/02\/metro-sp.jpg",800,532,false]},"_links":{"self":[{"href":"https:\/\/www.fatosefotosnews.com.br\/index.php?rest_route=\/wp\/v2\/posts\/619","targetHints":{"allow":["GET"]}}],"collection":[{"href":"https:\/\/www.fatosefotosnews.com.br\/index.php?rest_route=\/wp\/v2\/posts"}],"about":[{"href":"https:\/\/www.fatosefotosnews.com.br\/index.php?rest_route=\/wp\/v2\/types\/post"}],"author":[{"embeddable":true,"href":"https:\/\/www.fatosefotosnews.com.br\/index.php?rest_route=\/wp\/v2\/users\/1"}],"replies":[{"embeddable":true,"href":"https:\/\/www.fatosefotosnews.com.br\/index.php?rest_route=%2Fwp%2Fv2%2Fcomments&post=619"}],"version-history":[{"count":2,"href":"https:\/\/www.fatosefotosnews.com.br\/index.php?rest_route=\/wp\/v2\/posts\/619\/revisions"}],"predecessor-version":[{"id":634,"href":"https:\/\/www.fatosefotosnews.com.br\/index.php?rest_route=\/wp\/v2\/posts\/619\/revisions\/634"}],"wp:featuredmedia":[{"embeddable":true,"href":"https:\/\/www.fatosefotosnews.com.br\/index.php?rest_route=\/wp\/v2\/media\/620"}],"wp:attachment":[{"href":"https:\/\/www.fatosefotosnews.com.br\/index.php?rest_route=%2Fwp%2Fv2%2Fmedia&parent=619"}],"wp:term":[{"taxonomy":"category","embeddable":true,"href":"https:\/\/www.fatosefotosnews.com.br\/index.php?rest_route=%2Fwp%2Fv2%2Fcategories&post=619"},{"taxonomy":"post_tag","embeddable":true,"href":"https:\/\/www.fatosefotosnews.com.br\/index.php?rest_route=%2Fwp%2Fv2%2Ftags&post=619"}],"curies":[{"name":"wp","href":"https:\/\/api.w.org\/{rel}","templated":true}]}}