{"id":62664,"date":"2023-11-27T21:45:44","date_gmt":"2023-11-28T00:45:44","guid":{"rendered":"https:\/\/www.fatosefotosnews.com.br\/seguranca-presidencial-tera-reforco-de-cameras-e-vidros-blindados\/"},"modified":"2023-11-27T21:45:44","modified_gmt":"2023-11-28T00:45:44","slug":"seguranca-presidencial-tera-reforco-de-cameras-e-vidros-blindados","status":"publish","type":"post","link":"https:\/\/www.fatosefotosnews.com.br\/?p=62664","title":{"rendered":"Seguran\u00e7a presidencial ter\u00e1 refor\u00e7o de c\u00e2meras e vidros blindados"},"content":{"rendered":"<p>As instala\u00e7\u00f5es presidenciais como o Pal\u00e1cio do Planalto, o Pal\u00e1cio da Alvorada e a Granja do Torto ir\u00e3o receber o refor\u00e7o de 708 novas c\u00e2meras de seguran\u00e7a at\u00e9 meados do ano que vem. Atualmente, existem 69 equipamentos para o monitoramento de seis instala\u00e7\u00f5es presidenciais.<img decoding=\"async\" src=\"https:\/\/agenciabrasil.ebc.com.br\/ebc.png?id=1569165&#038;o=node\" style=\"width:1px;height:1px\"><img decoding=\"async\" src=\"https:\/\/agenciabrasil.ebc.com.br\/ebc.gif?id=1569165&#038;o=node\" style=\"width:1px;height:1px\"><\/p>\n<p>O refor\u00e7o das c\u00e2meras est\u00e1 previsto em uma portaria interministerial de 2017, mas s\u00f3 come\u00e7ou a ser implementado no ano passado. &#8220;Se essas c\u00e2meras j\u00e1 tivessem sido implementadas, ter\u00edamos melhores condi\u00e7\u00f5es de averigua\u00e7\u00e3o sobre as quest\u00f5es do 8 de janeiro&#8221;, disse nesta segunda-feira (27) o secret\u00e1rio de Seguran\u00e7a Presidencial do Gabinete de Seguran\u00e7a Institucional da Presid\u00eancia da Rep\u00fablica (GSI), general Roberto Peixoto, em evento de apresenta\u00e7\u00e3o da nova estrutura do \u00f3rg\u00e3o.<\/p>\n<p>O GSI tamb\u00e9m prev\u00ea a instala\u00e7\u00e3o de vidros blindados no t\u00e9rreo do Pal\u00e1cio do Planalto, para evitar cenas como as constatadas nos atos antidemocr\u00e1ticos do dia 8 de janeiro deste ano, quando os vidros do pr\u00e9dio foram quebrados. Essa mudan\u00e7a, no entanto, depende da aprova\u00e7\u00e3o do Instituto do Patrim\u00f4nio Hist\u00f3rico e Art\u00edstico Nacional (Iphan), pois pode haver altera\u00e7\u00e3o na fachada do pr\u00e9dio, por causa das cores mais escuras dos vidros blindados.<\/p>\n<p>\u201cA ideia \u00e9 que tenhamos vidros blindados, justamente para impedir qualquer a\u00e7\u00e3o adversa no Pal\u00e1cio do Planalto\u201d, explicou o general Peixoto.<\/p>\n<p>Outra mudan\u00e7a prevista \u00e9 a instala\u00e7\u00e3o de pinos hidr\u00e1ulicos na base da rampa do Pal\u00e1cio do Planalto, para evitar a passagem de ve\u00edculos. Esses dispositivos, que j\u00e1 existem na entrada do Pal\u00e1cio do Alvorada, podem ser rebaixados quando necess\u00e1rio.<\/p>\n<p>A seguran\u00e7a presidencial tamb\u00e9m ter\u00e1 o refor\u00e7o de novos mosaicos de telas para melhorar o acompanhamento das imagens das c\u00e2meras de seguran\u00e7a e novas guaritas, que ser\u00e3o equipadas com detectores de metal e raio-x j\u00e1 na entrada dos pr\u00e9dios.<\/p>\n<p>Atualmente, a seguran\u00e7a presidencial \u00e9 feita por um efetivo di\u00e1rio de 310 militares do GSI e do Comando Militar do Planalto. Eles atuam em Bras\u00edlia e nos escrit\u00f3rios de representa\u00e7\u00e3o em S\u00e3o Paulo, Campinas (SP) e em Aracaju, para fazer a seguran\u00e7a de familiares do presidente Luiz In\u00e1cio Lula da Silva.<\/p>\n<p>Os agentes recebem treinamentos semestrais e trimestrais em sete m\u00f3dulos como salvamento aqu\u00e1tico e seguran\u00e7a pessoal. Eles tamb\u00e9m recebem treinamento em simulador de dire\u00e7\u00e3o defensiva e evasiva, para atuar em comboio e para a realiza\u00e7\u00e3o de manobras de seguran\u00e7a, al\u00e9m de treinamento em simulador de tiros.<\/p>\n<h2>Mudan\u00e7as no GSI<\/h2>\n<p>O Gabinete de Seguran\u00e7a Institucional, que completa 85 anos na pr\u00f3xima sexta-feira (1\u00ba), passou por uma reformula\u00e7\u00e3o estrutural recentemente, com o desmembramento da Secretaria de Seguran\u00e7a Presidencial em dois departamentos. O objetivo foi refor\u00e7ar a seguran\u00e7a presidencial e retirar da secretaria atribui\u00e7\u00f5es como a coordena\u00e7\u00e3o de viagens, eventos e cerimonial, que foram passadas para outra secretaria.<\/p>\n<p>\u201cAntes todo o foco do GSI estava relacionado \u00e0 seguran\u00e7a presidencial e ali tinha ocorrido um problema. Como um sinal de mudan\u00e7a, seria conveniente fazer alguma altera\u00e7\u00e3o estrutural, de forma que a secretaria ficasse focada exclusivamente em seguran\u00e7a presidencial nos seus dois departamentos\u201d, explica o ministro do GSI, general Marcos Antonio Amaro dos Santos.<\/p>\n<p>Tamb\u00e9m foi criada a Secretaria de Seguran\u00e7a da Informa\u00e7\u00e3o e Cibern\u00e9tica, que antes era um departamento. A estrutura desenvolve medidas para melhorar a resposta dos \u00f3rg\u00e3os p\u00fablicos na \u00e1rea de seguran\u00e7a cibern\u00e9tica e desenvolve a\u00e7\u00f5es para melhorar a seguran\u00e7a da informa\u00e7\u00e3o.<\/p>\n<p id=\"infocoweb_fonte\" class=\"infocoweb_fonte\">Fonte: <a target=\"_blank\" href=\"https:\/\/agenciabrasil.ebc.com.br\/politica\/noticia\/2023-11\/seguranca-presidencial-tera-reforco-de-cameras-e-vidros-blindados#3608f4e2-f59c-4617-ae80-762dc4152c27\" rel=\"noopener\">EBC Pol\u00edtica Nacional<\/a><\/p>\n","protected":false},"excerpt":{"rendered":"<p>As instala\u00e7\u00f5es presidenciais como o Pal\u00e1cio do Planalto, o Pal\u00e1cio da Alvorada e a Granja do Torto ir\u00e3o receber o refor\u00e7o de 708 novas c\u00e2meras de seguran\u00e7a at\u00e9 meados do ano que vem. Atualmente, existem 69 equipamentos para o monitoramento de seis instala\u00e7\u00f5es presidenciais. O refor\u00e7o das c\u00e2meras est\u00e1 previsto em uma portaria interministerial de [&hellip;]<\/p>\n","protected":false},"author":5,"featured_media":62665,"comment_status":"open","ping_status":"open","sticky":false,"template":"","format":"standard","meta":{"_acf_changed":false,"_angie_page":false,"_monsterinsights_skip_tracking":false,"_themeisle_gutenberg_block_has_review":false,"page_builder":"","footnotes":"","jetpack_publicize_message":"","jetpack_publicize_feature_enabled":true,"jetpack_social_post_already_shared":false,"jetpack_social_options":{"image_generator_settings":{"template":"highway","default_image_id":0,"font":"","enabled":false},"version":2}},"categories":[2],"tags":[16619,5437,6290,1707,912,6406],"class_list":["post-62664","post","type-post","status-publish","format-standard","has-post-thumbnail","hentry","category-politica","tag-blindados","tag-cameras","tag-presidencial","tag-refor","tag-seguran","tag-vidros"],"acf":[],"nelio_content":{"autoShareEndMode":"never","automationSources":{"useCustomSentences":false,"customSentences":[]},"efiAlt":"","efiUrl":"","followers":[5],"highlights":[],"isAutoShareEnabled":true,"networkImageIds":[],"permalinkQueryArgs":[],"series":[],"suggestedReferences":[]},"yoast_head":"<!-- This site is optimized with the Yoast SEO plugin v28.3 - https:\/\/yoast.com\/product\/yoast-seo-wordpress\/ -->\n<title>Seguran\u00e7a presidencial ter\u00e1 refor\u00e7o de c\u00e2meras e vidros blindados<\/title>\n<meta name=\"description\" content=\"Seguran\u00e7a presidencial ter\u00e1 refor\u00e7o de c\u00e2meras e vidros blindados\" \/>\n<meta name=\"robots\" content=\"index, follow, max-snippet:-1, max-image-preview:large, max-video-preview:-1\" \/>\n<link rel=\"canonical\" href=\"https:\/\/www.fatosefotosnews.com.br\/?p=62664\" \/>\n<meta property=\"og:locale\" content=\"pt_BR\" \/>\n<meta property=\"og:type\" content=\"article\" \/>\n<meta property=\"og:title\" content=\"Seguran\u00e7a presidencial ter\u00e1 refor\u00e7o de c\u00e2meras e vidros blindados\" \/>\n<meta property=\"og:description\" content=\"Seguran\u00e7a presidencial ter\u00e1 refor\u00e7o de c\u00e2meras e vidros blindados\" \/>\n<meta property=\"og:url\" content=\"https:\/\/www.fatosefotosnews.com.br\/?p=62664\" \/>\n<meta property=\"og:site_name\" content=\"Fatos e Fotos News\" \/>\n<meta property=\"article:published_time\" content=\"2023-11-28T00:45:44+00:00\" \/>\n<meta property=\"og:image\" content=\"https:\/\/www.fatosefotosnews.com.br\/wp-content\/uploads\/2023\/11\/44348de9cf556bcf473794bb313fd246.jpeg\" \/>\n\t<meta property=\"og:image:width\" content=\"1024\" \/>\n\t<meta property=\"og:image:height\" content=\"512\" \/>\n\t<meta property=\"og:image:type\" content=\"image\/jpeg\" \/>\n<meta name=\"author\" content=\"Da Reda\u00e7\u00e3o\" \/>\n<meta name=\"twitter:card\" content=\"summary_large_image\" \/>\n<meta name=\"twitter:label1\" content=\"Escrito por\" \/>\n\t<meta name=\"twitter:data1\" content=\"Da Reda\u00e7\u00e3o\" \/>\n\t<meta name=\"twitter:label2\" content=\"Est. tempo de leitura\" \/>\n\t<meta name=\"twitter:data2\" content=\"99 minutos\" \/>\n<script type=\"application\/ld+json\" class=\"yoast-schema-graph\">{\"@context\":\"https:\\\/\\\/schema.org\",\"@graph\":[{\"@type\":\"Article\",\"@id\":\"https:\\\/\\\/www.fatosefotosnews.com.br\\\/?p=62664#article\",\"isPartOf\":{\"@id\":\"https:\\\/\\\/www.fatosefotosnews.com.br\\\/?p=62664\"},\"author\":{\"name\":\"Da Reda\u00e7\u00e3o\",\"@id\":\"https:\\\/\\\/www.fatosefotosnews.com.br\\\/#\\\/schema\\\/person\\\/3b80f81d08670fb1f6690e07eb8b5dc6\"},\"headline\":\"Seguran\u00e7a presidencial ter\u00e1 refor\u00e7o de c\u00e2meras e vidros blindados\",\"datePublished\":\"2023-11-28T00:45:44+00:00\",\"mainEntityOfPage\":{\"@id\":\"https:\\\/\\\/www.fatosefotosnews.com.br\\\/?p=62664\"},\"wordCount\":632,\"commentCount\":0,\"publisher\":{\"@id\":\"https:\\\/\\\/www.fatosefotosnews.com.br\\\/#organization\"},\"image\":{\"@id\":\"https:\\\/\\\/www.fatosefotosnews.com.br\\\/?p=62664#primaryimage\"},\"thumbnailUrl\":\"https:\\\/\\\/www.fatosefotosnews.com.br\\\/wp-content\\\/uploads\\\/2023\\\/11\\\/44348de9cf556bcf473794bb313fd246.jpeg\",\"keywords\":[\"blindados\",\"cameras\",\"presidencial\",\"refor\",\"seguran\",\"vidros\"],\"articleSection\":[\"Pol\u00edtica\"],\"inLanguage\":\"pt-BR\",\"potentialAction\":[{\"@type\":\"CommentAction\",\"name\":\"Comment\",\"target\":[\"https:\\\/\\\/www.fatosefotosnews.com.br\\\/?p=62664#respond\"]}]},{\"@type\":\"WebPage\",\"@id\":\"https:\\\/\\\/www.fatosefotosnews.com.br\\\/?p=62664\",\"url\":\"https:\\\/\\\/www.fatosefotosnews.com.br\\\/?p=62664\",\"name\":\"Seguran\u00e7a presidencial ter\u00e1 refor\u00e7o de c\u00e2meras e vidros blindados\",\"isPartOf\":{\"@id\":\"https:\\\/\\\/www.fatosefotosnews.com.br\\\/#website\"},\"primaryImageOfPage\":{\"@id\":\"https:\\\/\\\/www.fatosefotosnews.com.br\\\/?p=62664#primaryimage\"},\"image\":{\"@id\":\"https:\\\/\\\/www.fatosefotosnews.com.br\\\/?p=62664#primaryimage\"},\"thumbnailUrl\":\"https:\\\/\\\/www.fatosefotosnews.com.br\\\/wp-content\\\/uploads\\\/2023\\\/11\\\/44348de9cf556bcf473794bb313fd246.jpeg\",\"datePublished\":\"2023-11-28T00:45:44+00:00\",\"description\":\"Seguran\u00e7a presidencial ter\u00e1 refor\u00e7o de c\u00e2meras e vidros blindados\",\"breadcrumb\":{\"@id\":\"https:\\\/\\\/www.fatosefotosnews.com.br\\\/?p=62664#breadcrumb\"},\"inLanguage\":\"pt-BR\",\"potentialAction\":[{\"@type\":\"ReadAction\",\"target\":[\"https:\\\/\\\/www.fatosefotosnews.com.br\\\/?p=62664\"]}]},{\"@type\":\"ImageObject\",\"inLanguage\":\"pt-BR\",\"@id\":\"https:\\\/\\\/www.fatosefotosnews.com.br\\\/?p=62664#primaryimage\",\"url\":\"https:\\\/\\\/www.fatosefotosnews.com.br\\\/wp-content\\\/uploads\\\/2023\\\/11\\\/44348de9cf556bcf473794bb313fd246.jpeg\",\"contentUrl\":\"https:\\\/\\\/www.fatosefotosnews.com.br\\\/wp-content\\\/uploads\\\/2023\\\/11\\\/44348de9cf556bcf473794bb313fd246.jpeg\",\"width\":1024,\"height\":512,\"caption\":\"\u00a9 Antonio Cruz\\\/Ag\u00eancia\"},{\"@type\":\"BreadcrumbList\",\"@id\":\"https:\\\/\\\/www.fatosefotosnews.com.br\\\/?p=62664#breadcrumb\",\"itemListElement\":[{\"@type\":\"ListItem\",\"position\":1,\"name\":\"In\u00edcio\",\"item\":\"https:\\\/\\\/www.fatosefotosnews.com.br\\\/\"},{\"@type\":\"ListItem\",\"position\":2,\"name\":\"Seguran\u00e7a presidencial ter\u00e1 refor\u00e7o de c\u00e2meras e vidros blindados\"}]},{\"@type\":\"WebSite\",\"@id\":\"https:\\\/\\\/www.fatosefotosnews.com.br\\\/#website\",\"url\":\"https:\\\/\\\/www.fatosefotosnews.com.br\\\/\",\"name\":\"Fatos e Fotos News\",\"description\":\"Um site de noticial verdadeira e confi\u00e1veis.\",\"publisher\":{\"@id\":\"https:\\\/\\\/www.fatosefotosnews.com.br\\\/#organization\"},\"potentialAction\":[{\"@type\":\"SearchAction\",\"target\":{\"@type\":\"EntryPoint\",\"urlTemplate\":\"https:\\\/\\\/www.fatosefotosnews.com.br\\\/?s={search_term_string}\"},\"query-input\":{\"@type\":\"PropertyValueSpecification\",\"valueRequired\":true,\"valueName\":\"search_term_string\"}}],\"inLanguage\":\"pt-BR\"},{\"@type\":\"Organization\",\"@id\":\"https:\\\/\\\/www.fatosefotosnews.com.br\\\/#organization\",\"name\":\"Fatos e Fotos News\",\"url\":\"https:\\\/\\\/www.fatosefotosnews.com.br\\\/\",\"logo\":{\"@type\":\"ImageObject\",\"inLanguage\":\"pt-BR\",\"@id\":\"https:\\\/\\\/www.fatosefotosnews.com.br\\\/#\\\/schema\\\/logo\\\/image\\\/\",\"url\":\"https:\\\/\\\/www.fatosefotosnews.com.br\\\/wp-content\\\/uploads\\\/2023\\\/02\\\/Fatos-e-Fotos-news-logo.png\",\"contentUrl\":\"https:\\\/\\\/www.fatosefotosnews.com.br\\\/wp-content\\\/uploads\\\/2023\\\/02\\\/Fatos-e-Fotos-news-logo.png\",\"width\":300,\"height\":58,\"caption\":\"Fatos e Fotos News\"},\"image\":{\"@id\":\"https:\\\/\\\/www.fatosefotosnews.com.br\\\/#\\\/schema\\\/logo\\\/image\\\/\"}},{\"@type\":\"Person\",\"@id\":\"https:\\\/\\\/www.fatosefotosnews.com.br\\\/#\\\/schema\\\/person\\\/3b80f81d08670fb1f6690e07eb8b5dc6\",\"name\":\"Da Reda\u00e7\u00e3o\",\"image\":{\"@type\":\"ImageObject\",\"inLanguage\":\"pt-BR\",\"@id\":\"https:\\\/\\\/secure.gravatar.com\\\/avatar\\\/696d39935a657bf0fc95044dbc9f912520430a0eb6dd46c85dd97eb6483b249b?s=96&d=mm&r=g\",\"url\":\"https:\\\/\\\/secure.gravatar.com\\\/avatar\\\/696d39935a657bf0fc95044dbc9f912520430a0eb6dd46c85dd97eb6483b249b?s=96&d=mm&r=g\",\"contentUrl\":\"https:\\\/\\\/secure.gravatar.com\\\/avatar\\\/696d39935a657bf0fc95044dbc9f912520430a0eb6dd46c85dd97eb6483b249b?s=96&d=mm&r=g\",\"caption\":\"Da Reda\u00e7\u00e3o\"},\"url\":\"https:\\\/\\\/www.fatosefotosnews.com.br\\\/?author=5\"}]}<\/script>\n<!-- \/ Yoast SEO plugin. -->","yoast_head_json":{"title":"Seguran\u00e7a presidencial ter\u00e1 refor\u00e7o de c\u00e2meras e vidros blindados","description":"Seguran\u00e7a presidencial ter\u00e1 refor\u00e7o de c\u00e2meras e vidros blindados","robots":{"index":"index","follow":"follow","max-snippet":"max-snippet:-1","max-image-preview":"max-image-preview:large","max-video-preview":"max-video-preview:-1"},"canonical":"https:\/\/www.fatosefotosnews.com.br\/?p=62664","og_locale":"pt_BR","og_type":"article","og_title":"Seguran\u00e7a presidencial ter\u00e1 refor\u00e7o de c\u00e2meras e vidros blindados","og_description":"Seguran\u00e7a presidencial ter\u00e1 refor\u00e7o de c\u00e2meras e vidros blindados","og_url":"https:\/\/www.fatosefotosnews.com.br\/?p=62664","og_site_name":"Fatos e Fotos News","article_published_time":"2023-11-28T00:45:44+00:00","og_image":[{"width":1024,"height":512,"url":"https:\/\/www.fatosefotosnews.com.br\/wp-content\/uploads\/2023\/11\/44348de9cf556bcf473794bb313fd246.jpeg","type":"image\/jpeg"}],"author":"Da Reda\u00e7\u00e3o","twitter_card":"summary_large_image","twitter_misc":{"Escrito por":"Da Reda\u00e7\u00e3o","Est. tempo de leitura":"99 minutos"},"schema":{"@context":"https:\/\/schema.org","@graph":[{"@type":"Article","@id":"https:\/\/www.fatosefotosnews.com.br\/?p=62664#article","isPartOf":{"@id":"https:\/\/www.fatosefotosnews.com.br\/?p=62664"},"author":{"name":"Da Reda\u00e7\u00e3o","@id":"https:\/\/www.fatosefotosnews.com.br\/#\/schema\/person\/3b80f81d08670fb1f6690e07eb8b5dc6"},"headline":"Seguran\u00e7a presidencial ter\u00e1 refor\u00e7o de c\u00e2meras e vidros blindados","datePublished":"2023-11-28T00:45:44+00:00","mainEntityOfPage":{"@id":"https:\/\/www.fatosefotosnews.com.br\/?p=62664"},"wordCount":632,"commentCount":0,"publisher":{"@id":"https:\/\/www.fatosefotosnews.com.br\/#organization"},"image":{"@id":"https:\/\/www.fatosefotosnews.com.br\/?p=62664#primaryimage"},"thumbnailUrl":"https:\/\/www.fatosefotosnews.com.br\/wp-content\/uploads\/2023\/11\/44348de9cf556bcf473794bb313fd246.jpeg","keywords":["blindados","cameras","presidencial","refor","seguran","vidros"],"articleSection":["Pol\u00edtica"],"inLanguage":"pt-BR","potentialAction":[{"@type":"CommentAction","name":"Comment","target":["https:\/\/www.fatosefotosnews.com.br\/?p=62664#respond"]}]},{"@type":"WebPage","@id":"https:\/\/www.fatosefotosnews.com.br\/?p=62664","url":"https:\/\/www.fatosefotosnews.com.br\/?p=62664","name":"Seguran\u00e7a presidencial ter\u00e1 refor\u00e7o de c\u00e2meras e vidros blindados","isPartOf":{"@id":"https:\/\/www.fatosefotosnews.com.br\/#website"},"primaryImageOfPage":{"@id":"https:\/\/www.fatosefotosnews.com.br\/?p=62664#primaryimage"},"image":{"@id":"https:\/\/www.fatosefotosnews.com.br\/?p=62664#primaryimage"},"thumbnailUrl":"https:\/\/www.fatosefotosnews.com.br\/wp-content\/uploads\/2023\/11\/44348de9cf556bcf473794bb313fd246.jpeg","datePublished":"2023-11-28T00:45:44+00:00","description":"Seguran\u00e7a presidencial ter\u00e1 refor\u00e7o de c\u00e2meras e vidros blindados","breadcrumb":{"@id":"https:\/\/www.fatosefotosnews.com.br\/?p=62664#breadcrumb"},"inLanguage":"pt-BR","potentialAction":[{"@type":"ReadAction","target":["https:\/\/www.fatosefotosnews.com.br\/?p=62664"]}]},{"@type":"ImageObject","inLanguage":"pt-BR","@id":"https:\/\/www.fatosefotosnews.com.br\/?p=62664#primaryimage","url":"https:\/\/www.fatosefotosnews.com.br\/wp-content\/uploads\/2023\/11\/44348de9cf556bcf473794bb313fd246.jpeg","contentUrl":"https:\/\/www.fatosefotosnews.com.br\/wp-content\/uploads\/2023\/11\/44348de9cf556bcf473794bb313fd246.jpeg","width":1024,"height":512,"caption":"\u00a9 Antonio Cruz\/Ag\u00eancia"},{"@type":"BreadcrumbList","@id":"https:\/\/www.fatosefotosnews.com.br\/?p=62664#breadcrumb","itemListElement":[{"@type":"ListItem","position":1,"name":"In\u00edcio","item":"https:\/\/www.fatosefotosnews.com.br\/"},{"@type":"ListItem","position":2,"name":"Seguran\u00e7a presidencial ter\u00e1 refor\u00e7o de c\u00e2meras e vidros blindados"}]},{"@type":"WebSite","@id":"https:\/\/www.fatosefotosnews.com.br\/#website","url":"https:\/\/www.fatosefotosnews.com.br\/","name":"Fatos e Fotos News","description":"Um site de noticial verdadeira e confi\u00e1veis.","publisher":{"@id":"https:\/\/www.fatosefotosnews.com.br\/#organization"},"potentialAction":[{"@type":"SearchAction","target":{"@type":"EntryPoint","urlTemplate":"https:\/\/www.fatosefotosnews.com.br\/?s={search_term_string}"},"query-input":{"@type":"PropertyValueSpecification","valueRequired":true,"valueName":"search_term_string"}}],"inLanguage":"pt-BR"},{"@type":"Organization","@id":"https:\/\/www.fatosefotosnews.com.br\/#organization","name":"Fatos e Fotos News","url":"https:\/\/www.fatosefotosnews.com.br\/","logo":{"@type":"ImageObject","inLanguage":"pt-BR","@id":"https:\/\/www.fatosefotosnews.com.br\/#\/schema\/logo\/image\/","url":"https:\/\/www.fatosefotosnews.com.br\/wp-content\/uploads\/2023\/02\/Fatos-e-Fotos-news-logo.png","contentUrl":"https:\/\/www.fatosefotosnews.com.br\/wp-content\/uploads\/2023\/02\/Fatos-e-Fotos-news-logo.png","width":300,"height":58,"caption":"Fatos e Fotos News"},"image":{"@id":"https:\/\/www.fatosefotosnews.com.br\/#\/schema\/logo\/image\/"}},{"@type":"Person","@id":"https:\/\/www.fatosefotosnews.com.br\/#\/schema\/person\/3b80f81d08670fb1f6690e07eb8b5dc6","name":"Da Reda\u00e7\u00e3o","image":{"@type":"ImageObject","inLanguage":"pt-BR","@id":"https:\/\/secure.gravatar.com\/avatar\/696d39935a657bf0fc95044dbc9f912520430a0eb6dd46c85dd97eb6483b249b?s=96&d=mm&r=g","url":"https:\/\/secure.gravatar.com\/avatar\/696d39935a657bf0fc95044dbc9f912520430a0eb6dd46c85dd97eb6483b249b?s=96&d=mm&r=g","contentUrl":"https:\/\/secure.gravatar.com\/avatar\/696d39935a657bf0fc95044dbc9f912520430a0eb6dd46c85dd97eb6483b249b?s=96&d=mm&r=g","caption":"Da Reda\u00e7\u00e3o"},"url":"https:\/\/www.fatosefotosnews.com.br\/?author=5"}]}},"jetpack_publicize_connections":[],"blog_post_layout_featured_media_urls":{"thumbnail":["https:\/\/www.fatosefotosnews.com.br\/wp-content\/uploads\/2023\/11\/44348de9cf556bcf473794bb313fd246-150x150.jpeg",150,150,true],"full":["https:\/\/www.fatosefotosnews.com.br\/wp-content\/uploads\/2023\/11\/44348de9cf556bcf473794bb313fd246.jpeg",1024,512,false]},"categories_names":{"2":{"name":"Pol\u00edtica","link":"https:\/\/www.fatosefotosnews.com.br\/?cat=2"}},"tags_names":{"16619":{"name":"blindados","link":"https:\/\/www.fatosefotosnews.com.br\/?tag=blindados"},"5437":{"name":"cameras","link":"https:\/\/www.fatosefotosnews.com.br\/?tag=cameras"},"6290":{"name":"presidencial","link":"https:\/\/www.fatosefotosnews.com.br\/?tag=presidencial"},"1707":{"name":"refor","link":"https:\/\/www.fatosefotosnews.com.br\/?tag=refor"},"912":{"name":"seguran","link":"https:\/\/www.fatosefotosnews.com.br\/?tag=seguran"},"6406":{"name":"vidros","link":"https:\/\/www.fatosefotosnews.com.br\/?tag=vidros"}},"comments_number":"0","wpmagazine_modules_lite_featured_media_urls":{"thumbnail":["https:\/\/www.fatosefotosnews.com.br\/wp-content\/uploads\/2023\/11\/44348de9cf556bcf473794bb313fd246-150x150.jpeg",150,150,true],"cvmm-medium":["https:\/\/www.fatosefotosnews.com.br\/wp-content\/uploads\/2023\/11\/44348de9cf556bcf473794bb313fd246-300x300.jpeg",300,300,true],"cvmm-medium-plus":["https:\/\/www.fatosefotosnews.com.br\/wp-content\/uploads\/2023\/11\/44348de9cf556bcf473794bb313fd246-305x207.jpeg",305,207,true],"cvmm-portrait":["https:\/\/www.fatosefotosnews.com.br\/wp-content\/uploads\/2023\/11\/44348de9cf556bcf473794bb313fd246-400x512.jpeg",400,512,true],"cvmm-medium-square":["https:\/\/www.fatosefotosnews.com.br\/wp-content\/uploads\/2023\/11\/44348de9cf556bcf473794bb313fd246-600x512.jpeg",600,512,true],"cvmm-large":["https:\/\/www.fatosefotosnews.com.br\/wp-content\/uploads\/2023\/11\/44348de9cf556bcf473794bb313fd246.jpeg",1024,512,false],"cvmm-small":["https:\/\/www.fatosefotosnews.com.br\/wp-content\/uploads\/2023\/11\/44348de9cf556bcf473794bb313fd246-130x95.jpeg",130,95,true],"full":["https:\/\/www.fatosefotosnews.com.br\/wp-content\/uploads\/2023\/11\/44348de9cf556bcf473794bb313fd246.jpeg",1024,512,false]},"_links":{"self":[{"href":"https:\/\/www.fatosefotosnews.com.br\/index.php?rest_route=\/wp\/v2\/posts\/62664","targetHints":{"allow":["GET"]}}],"collection":[{"href":"https:\/\/www.fatosefotosnews.com.br\/index.php?rest_route=\/wp\/v2\/posts"}],"about":[{"href":"https:\/\/www.fatosefotosnews.com.br\/index.php?rest_route=\/wp\/v2\/types\/post"}],"author":[{"embeddable":true,"href":"https:\/\/www.fatosefotosnews.com.br\/index.php?rest_route=\/wp\/v2\/users\/5"}],"replies":[{"embeddable":true,"href":"https:\/\/www.fatosefotosnews.com.br\/index.php?rest_route=%2Fwp%2Fv2%2Fcomments&post=62664"}],"version-history":[{"count":0,"href":"https:\/\/www.fatosefotosnews.com.br\/index.php?rest_route=\/wp\/v2\/posts\/62664\/revisions"}],"wp:featuredmedia":[{"embeddable":true,"href":"https:\/\/www.fatosefotosnews.com.br\/index.php?rest_route=\/wp\/v2\/media\/62665"}],"wp:attachment":[{"href":"https:\/\/www.fatosefotosnews.com.br\/index.php?rest_route=%2Fwp%2Fv2%2Fmedia&parent=62664"}],"wp:term":[{"taxonomy":"category","embeddable":true,"href":"https:\/\/www.fatosefotosnews.com.br\/index.php?rest_route=%2Fwp%2Fv2%2Fcategories&post=62664"},{"taxonomy":"post_tag","embeddable":true,"href":"https:\/\/www.fatosefotosnews.com.br\/index.php?rest_route=%2Fwp%2Fv2%2Ftags&post=62664"}],"curies":[{"name":"wp","href":"https:\/\/api.w.org\/{rel}","templated":true}]}}