{"id":62849,"date":"2023-11-28T20:16:13","date_gmt":"2023-11-28T23:16:13","guid":{"rendered":"https:\/\/www.fatosefotosnews.com.br\/sociedade-deve-se-engajar-contra-o-racismo-defende-diretora-da-unesco\/"},"modified":"2023-11-28T20:16:13","modified_gmt":"2023-11-28T23:16:13","slug":"sociedade-deve-se-engajar-contra-o-racismo-defende-diretora-da-unesco","status":"publish","type":"post","link":"https:\/\/www.fatosefotosnews.com.br\/?p=62849","title":{"rendered":"Sociedade deve se engajar contra o racismo, defende diretora da Unesco"},"content":{"rendered":"<p>Para al\u00e9m das pol\u00edticas p\u00fablicas, a sociedade\u00a0precisa se engajar no combate ao racismo. \u00c9 o que defende\u00a0a diretora de Ci\u00eancias Humanas e Sociais da Organiza\u00e7\u00e3o das Na\u00e7\u00f5es Unidas para a Educa\u00e7\u00e3o, a Ci\u00eancia e a Cultura (Unesco), Gabriela Ramos. \u201c[O combate ao racismo] n\u00e3o \u00e9 s\u00f3 uma quest\u00e3o governamental e de pol\u00edticas p\u00fablicas. \u00c9 claro que as pol\u00edticas p\u00fablicas importam, mas essa \u00e9 uma quest\u00e3o da comunidade\u201d, ressaltou em entrevista \u00e0 <strong>Ag\u00eancia Brasil<\/strong>.<img decoding=\"async\" src=\"https:\/\/agenciabrasil.ebc.com.br\/ebc.png?id=1569384&#038;o=node\" style=\"width:1px;height:1px\"><img decoding=\"async\" src=\"https:\/\/agenciabrasil.ebc.com.br\/ebc.gif?id=1569384&#038;o=node\" style=\"width:1px;height:1px\"><\/p>\n<p>A partir desta quarta-feira (29), a Unesco organiza\u00a0o 3\u00ba F\u00f3rum Global Contra o Racismo e a Discrimina\u00e7\u00e3o. O encontro vai at\u00e9 sexta-feira (1) na capital paulista. Participam do evento acad\u00eamicos, membros da sociedade civil e autoridades governamentais, como a representante para igualdade racial do Departamento de Estado do governo norte-americano, Desiree Cormes Smith.<\/p>\n<p>Entre os temas que devem ser discutidos est\u00e3o, segundo Gabriela, as pol\u00edticas afirmativas em curso nos Estados Unidos, como as cotas raciais para ingresso nas universidades. \u201cN\u00e3o se deve ter medo das cotas. Muitas vezes, dizem que quando uma pessoa acessa por meio das cotas, n\u00e3o h\u00e1 m\u00e9rito. Isso n\u00e3o \u00e9 correto, estamos simplesmente equilibrando uma disparidade hist\u00f3rica que se reflete em falta de oportunidades\u201d, ressaltou a diretora da Unesco.<\/p>\n<p>Apesar de ponderar que n\u00e3o conhece o caso brasileiro relativo \u00e0s cotas raciais, Gabriela destacou a import\u00e2ncia de que a oferta de vagas seja acompanhada de pol\u00edticas de perman\u00eancia. \u201cAs a\u00e7\u00f5es afirmativas normalmente ajudam a equilibrar um ambiente muito desigual, mas isso tem que estar acompanhado de outras a\u00e7\u00f5es que permitam realmente aproveitar o espa\u00e7o que \u00e9 aberto\u201d, acrescentou, a partir do que observou nas universidades dos Estados Unidos e de pa\u00edses europeus, como a Fran\u00e7a.<\/p>\n<p>No Brasil, a diretora da Unesco avalia como um aspecto positivo a cria\u00e7\u00e3o do Minist\u00e9rio da Igualdade Racial pelo atual governo, pasta ocupada pela ministra Anielle Franco. \u201cReconhecemos a lideran\u00e7a que o presidente Lula estabeleceu ao ter uma ministra dedicada ao combate da discrimina\u00e7\u00e3o racial\u201d, elogiou. \u201cMas esse n\u00e3o \u00e9 um tema que resolve da noite para o dia\u201d, ponderou, ao enfatizar que o Brasil, assim como outros pa\u00edses, ainda enfrenta grandes desafios nessa \u00e1rea.<\/p>\n<p id=\"infocoweb_fonte\" class=\"infocoweb_fonte\">Fonte: <a target=\"_blank\" href=\"https:\/\/agenciabrasil.ebc.com.br\/geral\/noticia\/2023-11\/sociedade-deve-se-engajar-contra-o-racismo-defende-diretora-da-unesco#97b2d7df-a8a2-4e7b-be4f-c04289d0b0e7\" rel=\"noopener\">EBC GERAL<\/a><\/p>\n","protected":false},"excerpt":{"rendered":"<p>Para al\u00e9m das pol\u00edticas p\u00fablicas, a sociedade\u00a0precisa se engajar no combate ao racismo. \u00c9 o que defende\u00a0a diretora de Ci\u00eancias Humanas e Sociais da Organiza\u00e7\u00e3o das Na\u00e7\u00f5es Unidas para a Educa\u00e7\u00e3o, a Ci\u00eancia e a Cultura (Unesco), Gabriela Ramos. \u201c[O combate ao racismo] n\u00e3o \u00e9 s\u00f3 uma quest\u00e3o governamental e de pol\u00edticas p\u00fablicas. \u00c9 claro [&hellip;]<\/p>\n","protected":false},"author":5,"featured_media":62850,"comment_status":"open","ping_status":"open","sticky":false,"template":"","format":"standard","meta":{"_acf_changed":false,"_angie_page":false,"_monsterinsights_skip_tracking":false,"_themeisle_gutenberg_block_has_review":false,"page_builder":"","footnotes":"","jetpack_publicize_message":"","jetpack_publicize_feature_enabled":true,"jetpack_social_post_already_shared":false,"jetpack_social_options":{"image_generator_settings":{"template":"highway","default_image_id":0,"font":"","enabled":false},"version":2}},"categories":[167],"tags":[473,1340,449,16656,252,729,9306],"class_list":["post-62849","post","type-post","status-publish","format-standard","has-post-thumbnail","hentry","category-geral","tag-contra","tag-defende","tag-diretora","tag-engajar","tag-racismo","tag-sociedade","tag-unesco"],"acf":[],"nelio_content":{"autoShareEndMode":"never","automationSources":{"useCustomSentences":false,"customSentences":[]},"efiAlt":"","efiUrl":"","followers":[5],"highlights":[],"isAutoShareEnabled":true,"networkImageIds":[],"permalinkQueryArgs":[],"series":[],"suggestedReferences":[]},"yoast_head":"<!-- This site is optimized with the Yoast SEO plugin v28.3 - https:\/\/yoast.com\/product\/yoast-seo-wordpress\/ -->\n<title>Sociedade deve se engajar contra o racismo, defende diretora da Unesco<\/title>\n<meta name=\"description\" content=\"Sociedade deve se engajar contra o racismo, defende diretora da Unesco\" \/>\n<meta name=\"robots\" content=\"index, follow, max-snippet:-1, max-image-preview:large, max-video-preview:-1\" \/>\n<link rel=\"canonical\" href=\"https:\/\/www.fatosefotosnews.com.br\/?p=62849\" \/>\n<meta property=\"og:locale\" content=\"pt_BR\" \/>\n<meta property=\"og:type\" content=\"article\" \/>\n<meta property=\"og:title\" content=\"Sociedade deve se engajar contra o racismo, defende diretora da Unesco\" \/>\n<meta property=\"og:description\" content=\"Sociedade deve se engajar contra o racismo, defende diretora da Unesco\" \/>\n<meta property=\"og:url\" content=\"https:\/\/www.fatosefotosnews.com.br\/?p=62849\" \/>\n<meta property=\"og:site_name\" content=\"Fatos e Fotos News\" \/>\n<meta property=\"article:published_time\" content=\"2023-11-28T23:16:13+00:00\" \/>\n<meta property=\"og:image\" content=\"https:\/\/www.fatosefotosnews.com.br\/wp-content\/uploads\/2023\/11\/3b9992f35f5f9f3205f06fb88b26c22b.jpeg\" \/>\n\t<meta property=\"og:image:width\" content=\"1024\" \/>\n\t<meta property=\"og:image:height\" content=\"768\" \/>\n\t<meta property=\"og:image:type\" content=\"image\/jpeg\" \/>\n<meta name=\"author\" content=\"Da Reda\u00e7\u00e3o\" \/>\n<meta name=\"twitter:card\" content=\"summary_large_image\" \/>\n<meta name=\"twitter:label1\" content=\"Escrito por\" \/>\n\t<meta name=\"twitter:data1\" content=\"Da Reda\u00e7\u00e3o\" \/>\n\t<meta name=\"twitter:label2\" content=\"Est. tempo de leitura\" \/>\n\t<meta name=\"twitter:data2\" content=\"99 minutos\" \/>\n<script type=\"application\/ld+json\" class=\"yoast-schema-graph\">{\"@context\":\"https:\\\/\\\/schema.org\",\"@graph\":[{\"@type\":\"Article\",\"@id\":\"https:\\\/\\\/www.fatosefotosnews.com.br\\\/?p=62849#article\",\"isPartOf\":{\"@id\":\"https:\\\/\\\/www.fatosefotosnews.com.br\\\/?p=62849\"},\"author\":{\"name\":\"Da Reda\u00e7\u00e3o\",\"@id\":\"https:\\\/\\\/www.fatosefotosnews.com.br\\\/#\\\/schema\\\/person\\\/3b80f81d08670fb1f6690e07eb8b5dc6\"},\"headline\":\"Sociedade deve se engajar contra o racismo, defende diretora da Unesco\",\"datePublished\":\"2023-11-28T23:16:13+00:00\",\"mainEntityOfPage\":{\"@id\":\"https:\\\/\\\/www.fatosefotosnews.com.br\\\/?p=62849\"},\"wordCount\":394,\"commentCount\":0,\"publisher\":{\"@id\":\"https:\\\/\\\/www.fatosefotosnews.com.br\\\/#organization\"},\"image\":{\"@id\":\"https:\\\/\\\/www.fatosefotosnews.com.br\\\/?p=62849#primaryimage\"},\"thumbnailUrl\":\"https:\\\/\\\/www.fatosefotosnews.com.br\\\/wp-content\\\/uploads\\\/2023\\\/11\\\/3b9992f35f5f9f3205f06fb88b26c22b.jpeg\",\"keywords\":[\"contra\",\"defende\",\"diretora\",\"engajar\",\"Racismo\",\"sociedade\",\"unesco\"],\"articleSection\":[\"Geral\"],\"inLanguage\":\"pt-BR\",\"potentialAction\":[{\"@type\":\"CommentAction\",\"name\":\"Comment\",\"target\":[\"https:\\\/\\\/www.fatosefotosnews.com.br\\\/?p=62849#respond\"]}]},{\"@type\":\"WebPage\",\"@id\":\"https:\\\/\\\/www.fatosefotosnews.com.br\\\/?p=62849\",\"url\":\"https:\\\/\\\/www.fatosefotosnews.com.br\\\/?p=62849\",\"name\":\"Sociedade deve se engajar contra o racismo, defende diretora da Unesco\",\"isPartOf\":{\"@id\":\"https:\\\/\\\/www.fatosefotosnews.com.br\\\/#website\"},\"primaryImageOfPage\":{\"@id\":\"https:\\\/\\\/www.fatosefotosnews.com.br\\\/?p=62849#primaryimage\"},\"image\":{\"@id\":\"https:\\\/\\\/www.fatosefotosnews.com.br\\\/?p=62849#primaryimage\"},\"thumbnailUrl\":\"https:\\\/\\\/www.fatosefotosnews.com.br\\\/wp-content\\\/uploads\\\/2023\\\/11\\\/3b9992f35f5f9f3205f06fb88b26c22b.jpeg\",\"datePublished\":\"2023-11-28T23:16:13+00:00\",\"description\":\"Sociedade deve se engajar contra o racismo, defende diretora da Unesco\",\"breadcrumb\":{\"@id\":\"https:\\\/\\\/www.fatosefotosnews.com.br\\\/?p=62849#breadcrumb\"},\"inLanguage\":\"pt-BR\",\"potentialAction\":[{\"@type\":\"ReadAction\",\"target\":[\"https:\\\/\\\/www.fatosefotosnews.com.br\\\/?p=62849\"]}]},{\"@type\":\"ImageObject\",\"inLanguage\":\"pt-BR\",\"@id\":\"https:\\\/\\\/www.fatosefotosnews.com.br\\\/?p=62849#primaryimage\",\"url\":\"https:\\\/\\\/www.fatosefotosnews.com.br\\\/wp-content\\\/uploads\\\/2023\\\/11\\\/3b9992f35f5f9f3205f06fb88b26c22b.jpeg\",\"contentUrl\":\"https:\\\/\\\/www.fatosefotosnews.com.br\\\/wp-content\\\/uploads\\\/2023\\\/11\\\/3b9992f35f5f9f3205f06fb88b26c22b.jpeg\",\"width\":1024,\"height\":768},{\"@type\":\"BreadcrumbList\",\"@id\":\"https:\\\/\\\/www.fatosefotosnews.com.br\\\/?p=62849#breadcrumb\",\"itemListElement\":[{\"@type\":\"ListItem\",\"position\":1,\"name\":\"In\u00edcio\",\"item\":\"https:\\\/\\\/www.fatosefotosnews.com.br\\\/\"},{\"@type\":\"ListItem\",\"position\":2,\"name\":\"Sociedade deve se engajar contra o racismo, defende diretora da Unesco\"}]},{\"@type\":\"WebSite\",\"@id\":\"https:\\\/\\\/www.fatosefotosnews.com.br\\\/#website\",\"url\":\"https:\\\/\\\/www.fatosefotosnews.com.br\\\/\",\"name\":\"Fatos e Fotos News\",\"description\":\"Um site de noticial verdadeira e confi\u00e1veis.\",\"publisher\":{\"@id\":\"https:\\\/\\\/www.fatosefotosnews.com.br\\\/#organization\"},\"potentialAction\":[{\"@type\":\"SearchAction\",\"target\":{\"@type\":\"EntryPoint\",\"urlTemplate\":\"https:\\\/\\\/www.fatosefotosnews.com.br\\\/?s={search_term_string}\"},\"query-input\":{\"@type\":\"PropertyValueSpecification\",\"valueRequired\":true,\"valueName\":\"search_term_string\"}}],\"inLanguage\":\"pt-BR\"},{\"@type\":\"Organization\",\"@id\":\"https:\\\/\\\/www.fatosefotosnews.com.br\\\/#organization\",\"name\":\"Fatos e Fotos News\",\"url\":\"https:\\\/\\\/www.fatosefotosnews.com.br\\\/\",\"logo\":{\"@type\":\"ImageObject\",\"inLanguage\":\"pt-BR\",\"@id\":\"https:\\\/\\\/www.fatosefotosnews.com.br\\\/#\\\/schema\\\/logo\\\/image\\\/\",\"url\":\"https:\\\/\\\/www.fatosefotosnews.com.br\\\/wp-content\\\/uploads\\\/2023\\\/02\\\/Fatos-e-Fotos-news-logo.png\",\"contentUrl\":\"https:\\\/\\\/www.fatosefotosnews.com.br\\\/wp-content\\\/uploads\\\/2023\\\/02\\\/Fatos-e-Fotos-news-logo.png\",\"width\":300,\"height\":58,\"caption\":\"Fatos e Fotos News\"},\"image\":{\"@id\":\"https:\\\/\\\/www.fatosefotosnews.com.br\\\/#\\\/schema\\\/logo\\\/image\\\/\"}},{\"@type\":\"Person\",\"@id\":\"https:\\\/\\\/www.fatosefotosnews.com.br\\\/#\\\/schema\\\/person\\\/3b80f81d08670fb1f6690e07eb8b5dc6\",\"name\":\"Da Reda\u00e7\u00e3o\",\"image\":{\"@type\":\"ImageObject\",\"inLanguage\":\"pt-BR\",\"@id\":\"https:\\\/\\\/secure.gravatar.com\\\/avatar\\\/696d39935a657bf0fc95044dbc9f912520430a0eb6dd46c85dd97eb6483b249b?s=96&d=mm&r=g\",\"url\":\"https:\\\/\\\/secure.gravatar.com\\\/avatar\\\/696d39935a657bf0fc95044dbc9f912520430a0eb6dd46c85dd97eb6483b249b?s=96&d=mm&r=g\",\"contentUrl\":\"https:\\\/\\\/secure.gravatar.com\\\/avatar\\\/696d39935a657bf0fc95044dbc9f912520430a0eb6dd46c85dd97eb6483b249b?s=96&d=mm&r=g\",\"caption\":\"Da Reda\u00e7\u00e3o\"},\"url\":\"https:\\\/\\\/www.fatosefotosnews.com.br\\\/?author=5\"}]}<\/script>\n<!-- \/ Yoast SEO plugin. -->","yoast_head_json":{"title":"Sociedade deve se engajar contra o racismo, defende diretora da Unesco","description":"Sociedade deve se engajar contra o racismo, defende diretora da Unesco","robots":{"index":"index","follow":"follow","max-snippet":"max-snippet:-1","max-image-preview":"max-image-preview:large","max-video-preview":"max-video-preview:-1"},"canonical":"https:\/\/www.fatosefotosnews.com.br\/?p=62849","og_locale":"pt_BR","og_type":"article","og_title":"Sociedade deve se engajar contra o racismo, defende diretora da Unesco","og_description":"Sociedade deve se engajar contra o racismo, defende diretora da Unesco","og_url":"https:\/\/www.fatosefotosnews.com.br\/?p=62849","og_site_name":"Fatos e Fotos News","article_published_time":"2023-11-28T23:16:13+00:00","og_image":[{"width":1024,"height":768,"url":"https:\/\/www.fatosefotosnews.com.br\/wp-content\/uploads\/2023\/11\/3b9992f35f5f9f3205f06fb88b26c22b.jpeg","type":"image\/jpeg"}],"author":"Da Reda\u00e7\u00e3o","twitter_card":"summary_large_image","twitter_misc":{"Escrito por":"Da Reda\u00e7\u00e3o","Est. tempo de leitura":"99 minutos"},"schema":{"@context":"https:\/\/schema.org","@graph":[{"@type":"Article","@id":"https:\/\/www.fatosefotosnews.com.br\/?p=62849#article","isPartOf":{"@id":"https:\/\/www.fatosefotosnews.com.br\/?p=62849"},"author":{"name":"Da Reda\u00e7\u00e3o","@id":"https:\/\/www.fatosefotosnews.com.br\/#\/schema\/person\/3b80f81d08670fb1f6690e07eb8b5dc6"},"headline":"Sociedade deve se engajar contra o racismo, defende diretora da Unesco","datePublished":"2023-11-28T23:16:13+00:00","mainEntityOfPage":{"@id":"https:\/\/www.fatosefotosnews.com.br\/?p=62849"},"wordCount":394,"commentCount":0,"publisher":{"@id":"https:\/\/www.fatosefotosnews.com.br\/#organization"},"image":{"@id":"https:\/\/www.fatosefotosnews.com.br\/?p=62849#primaryimage"},"thumbnailUrl":"https:\/\/www.fatosefotosnews.com.br\/wp-content\/uploads\/2023\/11\/3b9992f35f5f9f3205f06fb88b26c22b.jpeg","keywords":["contra","defende","diretora","engajar","Racismo","sociedade","unesco"],"articleSection":["Geral"],"inLanguage":"pt-BR","potentialAction":[{"@type":"CommentAction","name":"Comment","target":["https:\/\/www.fatosefotosnews.com.br\/?p=62849#respond"]}]},{"@type":"WebPage","@id":"https:\/\/www.fatosefotosnews.com.br\/?p=62849","url":"https:\/\/www.fatosefotosnews.com.br\/?p=62849","name":"Sociedade deve se engajar contra o racismo, defende diretora da Unesco","isPartOf":{"@id":"https:\/\/www.fatosefotosnews.com.br\/#website"},"primaryImageOfPage":{"@id":"https:\/\/www.fatosefotosnews.com.br\/?p=62849#primaryimage"},"image":{"@id":"https:\/\/www.fatosefotosnews.com.br\/?p=62849#primaryimage"},"thumbnailUrl":"https:\/\/www.fatosefotosnews.com.br\/wp-content\/uploads\/2023\/11\/3b9992f35f5f9f3205f06fb88b26c22b.jpeg","datePublished":"2023-11-28T23:16:13+00:00","description":"Sociedade deve se engajar contra o racismo, defende diretora da Unesco","breadcrumb":{"@id":"https:\/\/www.fatosefotosnews.com.br\/?p=62849#breadcrumb"},"inLanguage":"pt-BR","potentialAction":[{"@type":"ReadAction","target":["https:\/\/www.fatosefotosnews.com.br\/?p=62849"]}]},{"@type":"ImageObject","inLanguage":"pt-BR","@id":"https:\/\/www.fatosefotosnews.com.br\/?p=62849#primaryimage","url":"https:\/\/www.fatosefotosnews.com.br\/wp-content\/uploads\/2023\/11\/3b9992f35f5f9f3205f06fb88b26c22b.jpeg","contentUrl":"https:\/\/www.fatosefotosnews.com.br\/wp-content\/uploads\/2023\/11\/3b9992f35f5f9f3205f06fb88b26c22b.jpeg","width":1024,"height":768},{"@type":"BreadcrumbList","@id":"https:\/\/www.fatosefotosnews.com.br\/?p=62849#breadcrumb","itemListElement":[{"@type":"ListItem","position":1,"name":"In\u00edcio","item":"https:\/\/www.fatosefotosnews.com.br\/"},{"@type":"ListItem","position":2,"name":"Sociedade deve se engajar contra o racismo, defende diretora da Unesco"}]},{"@type":"WebSite","@id":"https:\/\/www.fatosefotosnews.com.br\/#website","url":"https:\/\/www.fatosefotosnews.com.br\/","name":"Fatos e Fotos News","description":"Um site de noticial verdadeira e confi\u00e1veis.","publisher":{"@id":"https:\/\/www.fatosefotosnews.com.br\/#organization"},"potentialAction":[{"@type":"SearchAction","target":{"@type":"EntryPoint","urlTemplate":"https:\/\/www.fatosefotosnews.com.br\/?s={search_term_string}"},"query-input":{"@type":"PropertyValueSpecification","valueRequired":true,"valueName":"search_term_string"}}],"inLanguage":"pt-BR"},{"@type":"Organization","@id":"https:\/\/www.fatosefotosnews.com.br\/#organization","name":"Fatos e Fotos News","url":"https:\/\/www.fatosefotosnews.com.br\/","logo":{"@type":"ImageObject","inLanguage":"pt-BR","@id":"https:\/\/www.fatosefotosnews.com.br\/#\/schema\/logo\/image\/","url":"https:\/\/www.fatosefotosnews.com.br\/wp-content\/uploads\/2023\/02\/Fatos-e-Fotos-news-logo.png","contentUrl":"https:\/\/www.fatosefotosnews.com.br\/wp-content\/uploads\/2023\/02\/Fatos-e-Fotos-news-logo.png","width":300,"height":58,"caption":"Fatos e Fotos News"},"image":{"@id":"https:\/\/www.fatosefotosnews.com.br\/#\/schema\/logo\/image\/"}},{"@type":"Person","@id":"https:\/\/www.fatosefotosnews.com.br\/#\/schema\/person\/3b80f81d08670fb1f6690e07eb8b5dc6","name":"Da Reda\u00e7\u00e3o","image":{"@type":"ImageObject","inLanguage":"pt-BR","@id":"https:\/\/secure.gravatar.com\/avatar\/696d39935a657bf0fc95044dbc9f912520430a0eb6dd46c85dd97eb6483b249b?s=96&d=mm&r=g","url":"https:\/\/secure.gravatar.com\/avatar\/696d39935a657bf0fc95044dbc9f912520430a0eb6dd46c85dd97eb6483b249b?s=96&d=mm&r=g","contentUrl":"https:\/\/secure.gravatar.com\/avatar\/696d39935a657bf0fc95044dbc9f912520430a0eb6dd46c85dd97eb6483b249b?s=96&d=mm&r=g","caption":"Da Reda\u00e7\u00e3o"},"url":"https:\/\/www.fatosefotosnews.com.br\/?author=5"}]}},"jetpack_publicize_connections":[],"blog_post_layout_featured_media_urls":{"thumbnail":["https:\/\/www.fatosefotosnews.com.br\/wp-content\/uploads\/2023\/11\/3b9992f35f5f9f3205f06fb88b26c22b-150x150.jpeg",150,150,true],"full":["https:\/\/www.fatosefotosnews.com.br\/wp-content\/uploads\/2023\/11\/3b9992f35f5f9f3205f06fb88b26c22b.jpeg",1024,768,false]},"categories_names":{"167":{"name":"Geral","link":"https:\/\/www.fatosefotosnews.com.br\/?cat=167"}},"tags_names":{"473":{"name":"contra","link":"https:\/\/www.fatosefotosnews.com.br\/?tag=contra"},"1340":{"name":"defende","link":"https:\/\/www.fatosefotosnews.com.br\/?tag=defende"},"449":{"name":"diretora","link":"https:\/\/www.fatosefotosnews.com.br\/?tag=diretora"},"16656":{"name":"engajar","link":"https:\/\/www.fatosefotosnews.com.br\/?tag=engajar"},"252":{"name":"Racismo","link":"https:\/\/www.fatosefotosnews.com.br\/?tag=racismo"},"729":{"name":"sociedade","link":"https:\/\/www.fatosefotosnews.com.br\/?tag=sociedade"},"9306":{"name":"unesco","link":"https:\/\/www.fatosefotosnews.com.br\/?tag=unesco"}},"comments_number":"0","wpmagazine_modules_lite_featured_media_urls":{"thumbnail":["https:\/\/www.fatosefotosnews.com.br\/wp-content\/uploads\/2023\/11\/3b9992f35f5f9f3205f06fb88b26c22b-150x150.jpeg",150,150,true],"cvmm-medium":["https:\/\/www.fatosefotosnews.com.br\/wp-content\/uploads\/2023\/11\/3b9992f35f5f9f3205f06fb88b26c22b-300x300.jpeg",300,300,true],"cvmm-medium-plus":["https:\/\/www.fatosefotosnews.com.br\/wp-content\/uploads\/2023\/11\/3b9992f35f5f9f3205f06fb88b26c22b-305x207.jpeg",305,207,true],"cvmm-portrait":["https:\/\/www.fatosefotosnews.com.br\/wp-content\/uploads\/2023\/11\/3b9992f35f5f9f3205f06fb88b26c22b-400x600.jpeg",400,600,true],"cvmm-medium-square":["https:\/\/www.fatosefotosnews.com.br\/wp-content\/uploads\/2023\/11\/3b9992f35f5f9f3205f06fb88b26c22b-600x600.jpeg",600,600,true],"cvmm-large":["https:\/\/www.fatosefotosnews.com.br\/wp-content\/uploads\/2023\/11\/3b9992f35f5f9f3205f06fb88b26c22b.jpeg",1024,768,false],"cvmm-small":["https:\/\/www.fatosefotosnews.com.br\/wp-content\/uploads\/2023\/11\/3b9992f35f5f9f3205f06fb88b26c22b-130x95.jpeg",130,95,true],"full":["https:\/\/www.fatosefotosnews.com.br\/wp-content\/uploads\/2023\/11\/3b9992f35f5f9f3205f06fb88b26c22b.jpeg",1024,768,false]},"_links":{"self":[{"href":"https:\/\/www.fatosefotosnews.com.br\/index.php?rest_route=\/wp\/v2\/posts\/62849","targetHints":{"allow":["GET"]}}],"collection":[{"href":"https:\/\/www.fatosefotosnews.com.br\/index.php?rest_route=\/wp\/v2\/posts"}],"about":[{"href":"https:\/\/www.fatosefotosnews.com.br\/index.php?rest_route=\/wp\/v2\/types\/post"}],"author":[{"embeddable":true,"href":"https:\/\/www.fatosefotosnews.com.br\/index.php?rest_route=\/wp\/v2\/users\/5"}],"replies":[{"embeddable":true,"href":"https:\/\/www.fatosefotosnews.com.br\/index.php?rest_route=%2Fwp%2Fv2%2Fcomments&post=62849"}],"version-history":[{"count":0,"href":"https:\/\/www.fatosefotosnews.com.br\/index.php?rest_route=\/wp\/v2\/posts\/62849\/revisions"}],"wp:featuredmedia":[{"embeddable":true,"href":"https:\/\/www.fatosefotosnews.com.br\/index.php?rest_route=\/wp\/v2\/media\/62850"}],"wp:attachment":[{"href":"https:\/\/www.fatosefotosnews.com.br\/index.php?rest_route=%2Fwp%2Fv2%2Fmedia&parent=62849"}],"wp:term":[{"taxonomy":"category","embeddable":true,"href":"https:\/\/www.fatosefotosnews.com.br\/index.php?rest_route=%2Fwp%2Fv2%2Fcategories&post=62849"},{"taxonomy":"post_tag","embeddable":true,"href":"https:\/\/www.fatosefotosnews.com.br\/index.php?rest_route=%2Fwp%2Fv2%2Ftags&post=62849"}],"curies":[{"name":"wp","href":"https:\/\/api.w.org\/{rel}","templated":true}]}}