{"id":64102,"date":"2023-12-07T12:16:25","date_gmt":"2023-12-07T15:16:25","guid":{"rendered":"https:\/\/www.fatosefotosnews.com.br\/calor-leva-temporais-a-diversos-estados-confira-a-previsao\/"},"modified":"2023-12-07T12:16:25","modified_gmt":"2023-12-07T15:16:25","slug":"calor-leva-temporais-a-diversos-estados-confira-a-previsao","status":"publish","type":"post","link":"https:\/\/www.fatosefotosnews.com.br\/?p=64102","title":{"rendered":"Calor leva temporais a diversos estados; confira a previs\u00e3o"},"content":{"rendered":"<p><meta name=\"robots\" content=\"noindex\"><mreta name=\"googlebot\" content=\"noindex\"><\/p>\n<div class=\"Noticia_Foto fato\">\n<figure class=\"foto-legenda\" style=\"position: relative\">\n<div class=\"foto-legenda-img\"> <img fetchpriority=\"high\" decoding=\"async\" src=\"https:\/\/i0.statig.com.br\/bancodeimagens\/bi\/7k\/ha\/bi7khaxdurdr0zybv6zumyg4w.jpg\" width=\"906\" height=\"509\" alt=\"Chuvas s\u00e3o registradas em grandes \u00e1reas do Brasil\" title=\"Chuvas s\u00e3o registradas em grandes \u00e1reas do Brasil\"> <\/div><figcaption class=\"foto-legenda-citacao\"> <cite>Fernando Fraz\u00e3o\/Ag\u00eancia Brasil &#8211; 28\/09\/2022 <\/cite> <\/p>\n<div class=\"foto-legenda-citacao-text\">Chuvas s\u00e3o registradas em grandes \u00e1reas do Brasil<\/div>\n<\/figcaption><\/figure>\n<\/p>\n<\/div>\n<p class>O  <a href=\"https:\/\/ultimosegundo.ig.com.br\/meioambiente\/2023-12-06\/mundo-quebra-recorde-de-calor-pelo-6-mes-consecutivo.html\" data-mce-href=\"https:\/\/ultimosegundo.ig.com.br\/meioambiente\/2023-12-06\/mundo-quebra-recorde-de-calor-pelo-6-mes-consecutivo.html\">calor intenso e a umidade elevada<\/a> provocam nuvens carregadas e pancadas de <strong>chuva<\/strong>  em muitas \u00e1reas do <strong>Brasil<\/strong> nesta quinta-feira (7). Grande parte do Nordeste, parte do Sudeste e Centro-Oeste, no entanto, devem registrar menos umidade e, consequentemente, menos chances de chuvas.<\/p>\n<p>De acordo com a Climatempo, no Sul, as condi\u00e7\u00f5es de chuva aumentam devido \u00e0 forma\u00e7\u00e3o de uma nova <strong>frente fria<\/strong> na costa da regi\u00e3o, al\u00e9m da influ\u00eancia de um  <a href=\"https:\/\/ultimosegundo.ig.com.br\/brasil\/2023-11-03\/ciclone-extratropical-rajadas-vento-sul.html\" data-mce-href=\"https:\/\/ultimosegundo.ig.com.br\/brasil\/2023-11-03\/ciclone-extratropical-rajadas-vento-sul.html\">novo ciclone extratropical, que ficar\u00e1 em alto-mar e n\u00e3o atuar\u00e1 diretamente sobre o Sul.<\/a> <\/p>\n<p>O extremo norte do Amap\u00e1 tamb\u00e9m deve registrar chuvas em decorr\u00eancia da Zona de Converg\u00eancia Intertropical.<\/p>\n<h2>Confira a previs\u00e3o por regi\u00e3o para esta quinta:<\/h2>\n<p> <strong>Sul<\/strong>  <\/p>\n<p>As condi\u00e7\u00f5es para chuvas aumentam devido \u00e0 frente fria e ao  <a href=\"https:\/\/ultimosegundo.ig.com.br\/ciencia\/2023-10-28\/diferencas-furacao-ciclone-tufao-tornado.html\" data-mce-href=\"https:\/\/ultimosegundo.ig.com.br\/ciencia\/2023-10-28\/diferencas-furacao-ciclone-tufao-tornado.html\">ciclone em alto-mar,<\/a> pr\u00f3ximo \u00e0 regi\u00e3o. Somente o sudoeste ga\u00facho, na regi\u00e3o de Uruguaiana, n\u00e3o ter\u00e1 chuva nesta quinta.<\/p>\n<p>O sul do Rio Grande do Sul deve registrar chuva de forma passageira, mas o <strong>sol<\/strong> aparece na maior parte do dia.<\/p>\n<p>No restante do estado, no interior de Santa Catarina, no centro, oeste\/sudoeste e sul do Paran\u00e1, o dia ter\u00e1 muitas nuvens e chove v\u00e1rias vezes, com risco de temporais.<\/p>\n<p>A Grande Curitiba, o litoral e o norte do Paran\u00e1, o Vale do Itaja\u00ed, o sul e o litoral de Santa Catarina t\u00eam per\u00edodos com sol e pancadas de chuva com raios, especialmente durante a tarde e a noite. H\u00e1 risco de chuva forte.<\/p>\n<p> <strong>Sudeste<\/strong> <\/p>\n<p>O ar quente e o calor estimulam a forma\u00e7\u00e3o de nuvens carregadas em v\u00e1rias partes da regi\u00e3o. Outras, devem ficar com o ar mais seco, como o norte do Rio De Janeiro, Esp\u00edrito Santo, o centro, norte e o leste de Minas Gerais \u2014 nesses locais, haver\u00e1 menos nuvens, o sol fica forte durante o dia e n\u00e3o deve chover.  <\/p>\n<p>Outras regi\u00f5es tamb\u00e9m ter\u00e3o calor o dia todo, mas h\u00e1 previs\u00e3o de pancadas de chuva com raios \u00e0 tarde e \u00e0 noite. S\u00e3o elas: Grande Rio e nas demais \u00e1reas do estado do Rio de Janeiro, na Zona da Mata Mineira, no Sul de Minas, na Grande Belo Horizonte, no Tri\u00e2ngulo Mineiro e em todo o estado de S\u00e3o Paulo.<\/p>\n<p>Em S\u00e3o Paulo, o risco de chuva forte aumenta devido ao calor da <a href=\"https:\/\/ultimosegundo.ig.com.br\/brasil\/2023-10-26\/frente-fria-em-sao-paulo--temperatura-deve-cair-mais-de-10c.html\" data-mce-href=\"https:\/\/ultimosegundo.ig.com.br\/brasil\/2023-10-26\/frente-fria-em-sao-paulo--temperatura-deve-cair-mais-de-10c.html\"> frente fria que avan\u00e7a sobre o Sul, <\/a> que deve passar pela costa paulista durante esta sexta (8).<\/p>\n<p> <strong>Centro-Oeste<\/strong> <\/p>\n<p>No Centro-Oeste, o ar fica mais <strong>seco<\/strong> e com menos nuvens carregadas, com o calor aumentando em rela\u00e7\u00e3o ao in\u00edcio da semana devido \u00e0 alta press\u00e3o do Atl\u00e2ntico Sul.<\/p>\n<p>O dia ser\u00e1 com sol e sem chuva em Goi\u00e2nia e no centro, leste e nordeste de Goi\u00e1s (regi\u00e3o da Chapada dos Veadeiros) e no Distrito Federal.<\/p>\n<div>  <\/div>\n<p class=\"\">Nas demais \u00e1reas de Goi\u00e1s, em Mato Grosso e em Mato Grosso do Sul, o sol aparece forte, mas pancadas de chuva com raios devem ocorrer \u00e0 tarde e \u00e0 noite.<\/p>\n<p>O centro, sul e leste de Mato Grosso do Sul e no norte e noroeste de Mato Grosso, no entanto, est\u00e3o sob risco de chuva moderada a forte.<\/p>\n<p> <strong>Nordeste<\/strong> <\/p>\n<p>No Nordeste, o ar fica mais seco, com baixa umidade e poucas chances de chuva.<\/p>\n<p>No centro-sul do Cear\u00e1, no sul, centro e leste do Piau\u00ed, nos estados da Bahia, Sergipe, Alagoas, Pernambuco, Para\u00edba e Rio Grande do Norte ter\u00e3o o dia com muito sol e algumas nuvens.<\/p>\n<p>Pancadas de chuva ocorrem no litoral, na zona da mata e no Agreste, da regi\u00e3o de Ilh\u00e9us (BA) at\u00e9 o Rio Grande do Norte. Pode chover de forma moderada entre Salvador e Ilh\u00e9us, no litoral de Alagoas e de Pernambuco.<\/p>\n<p>Outras partes ter\u00e3o sol, calor e pancadas de chuva com raios, especialmente durante a tarde e noite, como Maranh\u00e3o, no norte e oeste do Piau\u00ed e no norte do Cear\u00e1. Pode chover forte na divisa do Maranh\u00e3o com o Tocantins.<\/p>\n<p> <strong>Norte<\/strong> <\/p>\n<p>Grande parte da regi\u00e3o ter\u00e1 nuvens carregadas devido ao <strong>calor<\/strong> e umidade.  <\/p>\n<p>Somente o leste do Tocantins, divisa com a Bahia, ter\u00e1 um dia com sol e sem chuva. O tempo deve ficar mais inst\u00e1vel no extremo norte do Amap\u00e1, no norte, noroeste e leste do Amazonas e no oeste do Par\u00e1, que devem ter sol, mas pancadas de chuva a qualquer hora, com risco de temporal.<\/p>\n<p>As demais \u00e1reas do Amap\u00e1, Par\u00e1 e do Amazonas, no Acre, em Rond\u00f4nia, Roraima e no Tocantins (exceto no leste do estado) ter\u00e3o sol forte, mas com pancadas de chuva com raios durante a tarde e noite. H\u00e1 risco de chuva moderada a forte.<\/p>\n<p id=\"infocoweb_fonte\" class=\"infocoweb_fonte\">Fonte: <a target=\"_blank\" href=\"https:\/\/ultimosegundo.ig.com.br\/ultimosegundo.ig.com.br\/brasil\/2023-12-07\/calor-temporais-estados-previsao-tempo.html#74ba31f4-bd28-4640-809f-2a62ebf3e333\" rel=\"noopener\">Nacional<\/a><\/p>\n","protected":false},"excerpt":{"rendered":"<p>Fernando Fraz\u00e3o\/Ag\u00eancia Brasil &#8211; 28\/09\/2022 Chuvas s\u00e3o registradas em grandes \u00e1reas do Brasil O calor intenso e a umidade elevada provocam nuvens carregadas e pancadas de chuva em muitas \u00e1reas do Brasil nesta quinta-feira (7). Grande parte do Nordeste, parte do Sudeste e Centro-Oeste, no entanto, devem registrar menos umidade e, consequentemente, menos chances de [&hellip;]<\/p>\n","protected":false},"author":5,"featured_media":64103,"comment_status":"open","ping_status":"open","sticky":false,"template":"","format":"standard","meta":{"_acf_changed":false,"_angie_page":false,"_monsterinsights_skip_tracking":false,"_themeisle_gutenberg_block_has_review":false,"page_builder":"","footnotes":"","jetpack_publicize_message":"","jetpack_publicize_feature_enabled":true,"jetpack_social_post_already_shared":false,"jetpack_social_options":{"image_generator_settings":{"template":"highway","default_image_id":0,"font":"","enabled":false},"version":2}},"categories":[167],"tags":[845,397,3910,771,527,1275],"class_list":["post-64102","post","type-post","status-publish","format-standard","has-post-thumbnail","hentry","category-geral","tag-calor","tag-confira","tag-diversos","tag-estados","tag-previs","tag-temporais"],"acf":[],"nelio_content":{"autoShareEndMode":"never","automationSources":{"useCustomSentences":false,"customSentences":[]},"efiAlt":"","efiUrl":"","followers":[5],"highlights":[],"isAutoShareEnabled":true,"networkImageIds":[],"permalinkQueryArgs":[],"series":[],"suggestedReferences":[]},"yoast_head":"<!-- This site is optimized with the Yoast SEO plugin v28.3 - https:\/\/yoast.com\/product\/yoast-seo-wordpress\/ -->\n<title>Calor leva temporais a diversos estados; confira a previs\u00e3o<\/title>\n<meta name=\"description\" content=\"Calor leva temporais a diversos estados; confira a previs\u00e3o\" \/>\n<meta name=\"robots\" content=\"index, follow, max-snippet:-1, max-image-preview:large, max-video-preview:-1\" \/>\n<link rel=\"canonical\" href=\"https:\/\/www.fatosefotosnews.com.br\/?p=64102\" \/>\n<meta property=\"og:locale\" content=\"pt_BR\" \/>\n<meta property=\"og:type\" content=\"article\" \/>\n<meta property=\"og:title\" content=\"Calor leva temporais a diversos estados; confira a previs\u00e3o\" \/>\n<meta property=\"og:description\" content=\"Calor leva temporais a diversos estados; confira a previs\u00e3o\" \/>\n<meta property=\"og:url\" content=\"https:\/\/www.fatosefotosnews.com.br\/?p=64102\" \/>\n<meta property=\"og:site_name\" content=\"Fatos e Fotos News\" \/>\n<meta property=\"article:published_time\" content=\"2023-12-07T15:16:25+00:00\" \/>\n<meta property=\"og:image\" content=\"https:\/\/www.fatosefotosnews.com.br\/wp-content\/uploads\/2023\/12\/1e94e936d101e8e31ae5f7490031fe4a.jpeg\" \/>\n\t<meta property=\"og:image:width\" content=\"1024\" \/>\n\t<meta property=\"og:image:height\" content=\"576\" \/>\n\t<meta property=\"og:image:type\" content=\"image\/jpeg\" \/>\n<meta name=\"author\" content=\"Da Reda\u00e7\u00e3o\" \/>\n<meta name=\"twitter:card\" content=\"summary_large_image\" \/>\n<meta name=\"twitter:label1\" content=\"Escrito por\" \/>\n\t<meta name=\"twitter:data1\" content=\"Da Reda\u00e7\u00e3o\" \/>\n\t<meta name=\"twitter:label2\" content=\"Est. tempo de leitura\" \/>\n\t<meta name=\"twitter:data2\" content=\"99 minutos\" \/>\n<script type=\"application\/ld+json\" class=\"yoast-schema-graph\">{\"@context\":\"https:\\\/\\\/schema.org\",\"@graph\":[{\"@type\":\"Article\",\"@id\":\"https:\\\/\\\/www.fatosefotosnews.com.br\\\/?p=64102#article\",\"isPartOf\":{\"@id\":\"https:\\\/\\\/www.fatosefotosnews.com.br\\\/?p=64102\"},\"author\":{\"name\":\"Da Reda\u00e7\u00e3o\",\"@id\":\"https:\\\/\\\/www.fatosefotosnews.com.br\\\/#\\\/schema\\\/person\\\/3b80f81d08670fb1f6690e07eb8b5dc6\"},\"headline\":\"Calor leva temporais a diversos estados; confira a previs\u00e3o\",\"datePublished\":\"2023-12-07T15:16:25+00:00\",\"mainEntityOfPage\":{\"@id\":\"https:\\\/\\\/www.fatosefotosnews.com.br\\\/?p=64102\"},\"wordCount\":817,\"commentCount\":0,\"publisher\":{\"@id\":\"https:\\\/\\\/www.fatosefotosnews.com.br\\\/#organization\"},\"image\":{\"@id\":\"https:\\\/\\\/www.fatosefotosnews.com.br\\\/?p=64102#primaryimage\"},\"thumbnailUrl\":\"https:\\\/\\\/www.fatosefotosnews.com.br\\\/wp-content\\\/uploads\\\/2023\\\/12\\\/1e94e936d101e8e31ae5f7490031fe4a.jpeg\",\"keywords\":[\"calor\",\"confira\",\"diversos\",\"estados\",\"previs\",\"temporais\"],\"articleSection\":[\"Geral\"],\"inLanguage\":\"pt-BR\",\"potentialAction\":[{\"@type\":\"CommentAction\",\"name\":\"Comment\",\"target\":[\"https:\\\/\\\/www.fatosefotosnews.com.br\\\/?p=64102#respond\"]}]},{\"@type\":\"WebPage\",\"@id\":\"https:\\\/\\\/www.fatosefotosnews.com.br\\\/?p=64102\",\"url\":\"https:\\\/\\\/www.fatosefotosnews.com.br\\\/?p=64102\",\"name\":\"Calor leva temporais a diversos estados; confira a previs\u00e3o\",\"isPartOf\":{\"@id\":\"https:\\\/\\\/www.fatosefotosnews.com.br\\\/#website\"},\"primaryImageOfPage\":{\"@id\":\"https:\\\/\\\/www.fatosefotosnews.com.br\\\/?p=64102#primaryimage\"},\"image\":{\"@id\":\"https:\\\/\\\/www.fatosefotosnews.com.br\\\/?p=64102#primaryimage\"},\"thumbnailUrl\":\"https:\\\/\\\/www.fatosefotosnews.com.br\\\/wp-content\\\/uploads\\\/2023\\\/12\\\/1e94e936d101e8e31ae5f7490031fe4a.jpeg\",\"datePublished\":\"2023-12-07T15:16:25+00:00\",\"description\":\"Calor leva temporais a diversos estados; confira a previs\u00e3o\",\"breadcrumb\":{\"@id\":\"https:\\\/\\\/www.fatosefotosnews.com.br\\\/?p=64102#breadcrumb\"},\"inLanguage\":\"pt-BR\",\"potentialAction\":[{\"@type\":\"ReadAction\",\"target\":[\"https:\\\/\\\/www.fatosefotosnews.com.br\\\/?p=64102\"]}]},{\"@type\":\"ImageObject\",\"inLanguage\":\"pt-BR\",\"@id\":\"https:\\\/\\\/www.fatosefotosnews.com.br\\\/?p=64102#primaryimage\",\"url\":\"https:\\\/\\\/www.fatosefotosnews.com.br\\\/wp-content\\\/uploads\\\/2023\\\/12\\\/1e94e936d101e8e31ae5f7490031fe4a.jpeg\",\"contentUrl\":\"https:\\\/\\\/www.fatosefotosnews.com.br\\\/wp-content\\\/uploads\\\/2023\\\/12\\\/1e94e936d101e8e31ae5f7490031fe4a.jpeg\",\"width\":1024,\"height\":576,\"caption\":\"Fernando Fraz\u00e3o\\\/Ag\u00eancia Brasil - 28\\\/09\\\/2022 Chuvas s\u00e3o registradas em grandes \u00e1reas do Brasil\"},{\"@type\":\"BreadcrumbList\",\"@id\":\"https:\\\/\\\/www.fatosefotosnews.com.br\\\/?p=64102#breadcrumb\",\"itemListElement\":[{\"@type\":\"ListItem\",\"position\":1,\"name\":\"In\u00edcio\",\"item\":\"https:\\\/\\\/www.fatosefotosnews.com.br\\\/\"},{\"@type\":\"ListItem\",\"position\":2,\"name\":\"Calor leva temporais a diversos estados; confira a previs\u00e3o\"}]},{\"@type\":\"WebSite\",\"@id\":\"https:\\\/\\\/www.fatosefotosnews.com.br\\\/#website\",\"url\":\"https:\\\/\\\/www.fatosefotosnews.com.br\\\/\",\"name\":\"Fatos e Fotos News\",\"description\":\"Um site de noticial verdadeira e confi\u00e1veis.\",\"publisher\":{\"@id\":\"https:\\\/\\\/www.fatosefotosnews.com.br\\\/#organization\"},\"potentialAction\":[{\"@type\":\"SearchAction\",\"target\":{\"@type\":\"EntryPoint\",\"urlTemplate\":\"https:\\\/\\\/www.fatosefotosnews.com.br\\\/?s={search_term_string}\"},\"query-input\":{\"@type\":\"PropertyValueSpecification\",\"valueRequired\":true,\"valueName\":\"search_term_string\"}}],\"inLanguage\":\"pt-BR\"},{\"@type\":\"Organization\",\"@id\":\"https:\\\/\\\/www.fatosefotosnews.com.br\\\/#organization\",\"name\":\"Fatos e Fotos News\",\"url\":\"https:\\\/\\\/www.fatosefotosnews.com.br\\\/\",\"logo\":{\"@type\":\"ImageObject\",\"inLanguage\":\"pt-BR\",\"@id\":\"https:\\\/\\\/www.fatosefotosnews.com.br\\\/#\\\/schema\\\/logo\\\/image\\\/\",\"url\":\"https:\\\/\\\/www.fatosefotosnews.com.br\\\/wp-content\\\/uploads\\\/2023\\\/02\\\/Fatos-e-Fotos-news-logo.png\",\"contentUrl\":\"https:\\\/\\\/www.fatosefotosnews.com.br\\\/wp-content\\\/uploads\\\/2023\\\/02\\\/Fatos-e-Fotos-news-logo.png\",\"width\":300,\"height\":58,\"caption\":\"Fatos e Fotos News\"},\"image\":{\"@id\":\"https:\\\/\\\/www.fatosefotosnews.com.br\\\/#\\\/schema\\\/logo\\\/image\\\/\"}},{\"@type\":\"Person\",\"@id\":\"https:\\\/\\\/www.fatosefotosnews.com.br\\\/#\\\/schema\\\/person\\\/3b80f81d08670fb1f6690e07eb8b5dc6\",\"name\":\"Da Reda\u00e7\u00e3o\",\"image\":{\"@type\":\"ImageObject\",\"inLanguage\":\"pt-BR\",\"@id\":\"https:\\\/\\\/secure.gravatar.com\\\/avatar\\\/696d39935a657bf0fc95044dbc9f912520430a0eb6dd46c85dd97eb6483b249b?s=96&d=mm&r=g\",\"url\":\"https:\\\/\\\/secure.gravatar.com\\\/avatar\\\/696d39935a657bf0fc95044dbc9f912520430a0eb6dd46c85dd97eb6483b249b?s=96&d=mm&r=g\",\"contentUrl\":\"https:\\\/\\\/secure.gravatar.com\\\/avatar\\\/696d39935a657bf0fc95044dbc9f912520430a0eb6dd46c85dd97eb6483b249b?s=96&d=mm&r=g\",\"caption\":\"Da Reda\u00e7\u00e3o\"},\"url\":\"https:\\\/\\\/www.fatosefotosnews.com.br\\\/?author=5\"}]}<\/script>\n<!-- \/ Yoast SEO plugin. -->","yoast_head_json":{"title":"Calor leva temporais a diversos estados; confira a previs\u00e3o","description":"Calor leva temporais a diversos estados; confira a previs\u00e3o","robots":{"index":"index","follow":"follow","max-snippet":"max-snippet:-1","max-image-preview":"max-image-preview:large","max-video-preview":"max-video-preview:-1"},"canonical":"https:\/\/www.fatosefotosnews.com.br\/?p=64102","og_locale":"pt_BR","og_type":"article","og_title":"Calor leva temporais a diversos estados; confira a previs\u00e3o","og_description":"Calor leva temporais a diversos estados; confira a previs\u00e3o","og_url":"https:\/\/www.fatosefotosnews.com.br\/?p=64102","og_site_name":"Fatos e Fotos News","article_published_time":"2023-12-07T15:16:25+00:00","og_image":[{"width":1024,"height":576,"url":"https:\/\/www.fatosefotosnews.com.br\/wp-content\/uploads\/2023\/12\/1e94e936d101e8e31ae5f7490031fe4a.jpeg","type":"image\/jpeg"}],"author":"Da Reda\u00e7\u00e3o","twitter_card":"summary_large_image","twitter_misc":{"Escrito por":"Da Reda\u00e7\u00e3o","Est. tempo de leitura":"99 minutos"},"schema":{"@context":"https:\/\/schema.org","@graph":[{"@type":"Article","@id":"https:\/\/www.fatosefotosnews.com.br\/?p=64102#article","isPartOf":{"@id":"https:\/\/www.fatosefotosnews.com.br\/?p=64102"},"author":{"name":"Da Reda\u00e7\u00e3o","@id":"https:\/\/www.fatosefotosnews.com.br\/#\/schema\/person\/3b80f81d08670fb1f6690e07eb8b5dc6"},"headline":"Calor leva temporais a diversos estados; confira a previs\u00e3o","datePublished":"2023-12-07T15:16:25+00:00","mainEntityOfPage":{"@id":"https:\/\/www.fatosefotosnews.com.br\/?p=64102"},"wordCount":817,"commentCount":0,"publisher":{"@id":"https:\/\/www.fatosefotosnews.com.br\/#organization"},"image":{"@id":"https:\/\/www.fatosefotosnews.com.br\/?p=64102#primaryimage"},"thumbnailUrl":"https:\/\/www.fatosefotosnews.com.br\/wp-content\/uploads\/2023\/12\/1e94e936d101e8e31ae5f7490031fe4a.jpeg","keywords":["calor","confira","diversos","estados","previs","temporais"],"articleSection":["Geral"],"inLanguage":"pt-BR","potentialAction":[{"@type":"CommentAction","name":"Comment","target":["https:\/\/www.fatosefotosnews.com.br\/?p=64102#respond"]}]},{"@type":"WebPage","@id":"https:\/\/www.fatosefotosnews.com.br\/?p=64102","url":"https:\/\/www.fatosefotosnews.com.br\/?p=64102","name":"Calor leva temporais a diversos estados; confira a previs\u00e3o","isPartOf":{"@id":"https:\/\/www.fatosefotosnews.com.br\/#website"},"primaryImageOfPage":{"@id":"https:\/\/www.fatosefotosnews.com.br\/?p=64102#primaryimage"},"image":{"@id":"https:\/\/www.fatosefotosnews.com.br\/?p=64102#primaryimage"},"thumbnailUrl":"https:\/\/www.fatosefotosnews.com.br\/wp-content\/uploads\/2023\/12\/1e94e936d101e8e31ae5f7490031fe4a.jpeg","datePublished":"2023-12-07T15:16:25+00:00","description":"Calor leva temporais a diversos estados; confira a previs\u00e3o","breadcrumb":{"@id":"https:\/\/www.fatosefotosnews.com.br\/?p=64102#breadcrumb"},"inLanguage":"pt-BR","potentialAction":[{"@type":"ReadAction","target":["https:\/\/www.fatosefotosnews.com.br\/?p=64102"]}]},{"@type":"ImageObject","inLanguage":"pt-BR","@id":"https:\/\/www.fatosefotosnews.com.br\/?p=64102#primaryimage","url":"https:\/\/www.fatosefotosnews.com.br\/wp-content\/uploads\/2023\/12\/1e94e936d101e8e31ae5f7490031fe4a.jpeg","contentUrl":"https:\/\/www.fatosefotosnews.com.br\/wp-content\/uploads\/2023\/12\/1e94e936d101e8e31ae5f7490031fe4a.jpeg","width":1024,"height":576,"caption":"Fernando Fraz\u00e3o\/Ag\u00eancia Brasil - 28\/09\/2022 Chuvas s\u00e3o registradas em grandes \u00e1reas do Brasil"},{"@type":"BreadcrumbList","@id":"https:\/\/www.fatosefotosnews.com.br\/?p=64102#breadcrumb","itemListElement":[{"@type":"ListItem","position":1,"name":"In\u00edcio","item":"https:\/\/www.fatosefotosnews.com.br\/"},{"@type":"ListItem","position":2,"name":"Calor leva temporais a diversos estados; confira a previs\u00e3o"}]},{"@type":"WebSite","@id":"https:\/\/www.fatosefotosnews.com.br\/#website","url":"https:\/\/www.fatosefotosnews.com.br\/","name":"Fatos e Fotos News","description":"Um site de noticial verdadeira e confi\u00e1veis.","publisher":{"@id":"https:\/\/www.fatosefotosnews.com.br\/#organization"},"potentialAction":[{"@type":"SearchAction","target":{"@type":"EntryPoint","urlTemplate":"https:\/\/www.fatosefotosnews.com.br\/?s={search_term_string}"},"query-input":{"@type":"PropertyValueSpecification","valueRequired":true,"valueName":"search_term_string"}}],"inLanguage":"pt-BR"},{"@type":"Organization","@id":"https:\/\/www.fatosefotosnews.com.br\/#organization","name":"Fatos e Fotos News","url":"https:\/\/www.fatosefotosnews.com.br\/","logo":{"@type":"ImageObject","inLanguage":"pt-BR","@id":"https:\/\/www.fatosefotosnews.com.br\/#\/schema\/logo\/image\/","url":"https:\/\/www.fatosefotosnews.com.br\/wp-content\/uploads\/2023\/02\/Fatos-e-Fotos-news-logo.png","contentUrl":"https:\/\/www.fatosefotosnews.com.br\/wp-content\/uploads\/2023\/02\/Fatos-e-Fotos-news-logo.png","width":300,"height":58,"caption":"Fatos e Fotos News"},"image":{"@id":"https:\/\/www.fatosefotosnews.com.br\/#\/schema\/logo\/image\/"}},{"@type":"Person","@id":"https:\/\/www.fatosefotosnews.com.br\/#\/schema\/person\/3b80f81d08670fb1f6690e07eb8b5dc6","name":"Da Reda\u00e7\u00e3o","image":{"@type":"ImageObject","inLanguage":"pt-BR","@id":"https:\/\/secure.gravatar.com\/avatar\/696d39935a657bf0fc95044dbc9f912520430a0eb6dd46c85dd97eb6483b249b?s=96&d=mm&r=g","url":"https:\/\/secure.gravatar.com\/avatar\/696d39935a657bf0fc95044dbc9f912520430a0eb6dd46c85dd97eb6483b249b?s=96&d=mm&r=g","contentUrl":"https:\/\/secure.gravatar.com\/avatar\/696d39935a657bf0fc95044dbc9f912520430a0eb6dd46c85dd97eb6483b249b?s=96&d=mm&r=g","caption":"Da Reda\u00e7\u00e3o"},"url":"https:\/\/www.fatosefotosnews.com.br\/?author=5"}]}},"jetpack_publicize_connections":[],"blog_post_layout_featured_media_urls":{"thumbnail":["https:\/\/www.fatosefotosnews.com.br\/wp-content\/uploads\/2023\/12\/1e94e936d101e8e31ae5f7490031fe4a-150x150.jpeg",150,150,true],"full":["https:\/\/www.fatosefotosnews.com.br\/wp-content\/uploads\/2023\/12\/1e94e936d101e8e31ae5f7490031fe4a.jpeg",1024,576,false]},"categories_names":{"167":{"name":"Geral","link":"https:\/\/www.fatosefotosnews.com.br\/?cat=167"}},"tags_names":{"845":{"name":"calor","link":"https:\/\/www.fatosefotosnews.com.br\/?tag=calor"},"397":{"name":"confira","link":"https:\/\/www.fatosefotosnews.com.br\/?tag=confira"},"3910":{"name":"diversos","link":"https:\/\/www.fatosefotosnews.com.br\/?tag=diversos"},"771":{"name":"estados","link":"https:\/\/www.fatosefotosnews.com.br\/?tag=estados"},"527":{"name":"previs","link":"https:\/\/www.fatosefotosnews.com.br\/?tag=previs"},"1275":{"name":"temporais","link":"https:\/\/www.fatosefotosnews.com.br\/?tag=temporais"}},"comments_number":"0","wpmagazine_modules_lite_featured_media_urls":{"thumbnail":["https:\/\/www.fatosefotosnews.com.br\/wp-content\/uploads\/2023\/12\/1e94e936d101e8e31ae5f7490031fe4a-150x150.jpeg",150,150,true],"cvmm-medium":["https:\/\/www.fatosefotosnews.com.br\/wp-content\/uploads\/2023\/12\/1e94e936d101e8e31ae5f7490031fe4a-300x300.jpeg",300,300,true],"cvmm-medium-plus":["https:\/\/www.fatosefotosnews.com.br\/wp-content\/uploads\/2023\/12\/1e94e936d101e8e31ae5f7490031fe4a-305x207.jpeg",305,207,true],"cvmm-portrait":["https:\/\/www.fatosefotosnews.com.br\/wp-content\/uploads\/2023\/12\/1e94e936d101e8e31ae5f7490031fe4a-400x576.jpeg",400,576,true],"cvmm-medium-square":["https:\/\/www.fatosefotosnews.com.br\/wp-content\/uploads\/2023\/12\/1e94e936d101e8e31ae5f7490031fe4a-600x576.jpeg",600,576,true],"cvmm-large":["https:\/\/www.fatosefotosnews.com.br\/wp-content\/uploads\/2023\/12\/1e94e936d101e8e31ae5f7490031fe4a.jpeg",1024,576,false],"cvmm-small":["https:\/\/www.fatosefotosnews.com.br\/wp-content\/uploads\/2023\/12\/1e94e936d101e8e31ae5f7490031fe4a-130x95.jpeg",130,95,true],"full":["https:\/\/www.fatosefotosnews.com.br\/wp-content\/uploads\/2023\/12\/1e94e936d101e8e31ae5f7490031fe4a.jpeg",1024,576,false]},"_links":{"self":[{"href":"https:\/\/www.fatosefotosnews.com.br\/index.php?rest_route=\/wp\/v2\/posts\/64102","targetHints":{"allow":["GET"]}}],"collection":[{"href":"https:\/\/www.fatosefotosnews.com.br\/index.php?rest_route=\/wp\/v2\/posts"}],"about":[{"href":"https:\/\/www.fatosefotosnews.com.br\/index.php?rest_route=\/wp\/v2\/types\/post"}],"author":[{"embeddable":true,"href":"https:\/\/www.fatosefotosnews.com.br\/index.php?rest_route=\/wp\/v2\/users\/5"}],"replies":[{"embeddable":true,"href":"https:\/\/www.fatosefotosnews.com.br\/index.php?rest_route=%2Fwp%2Fv2%2Fcomments&post=64102"}],"version-history":[{"count":0,"href":"https:\/\/www.fatosefotosnews.com.br\/index.php?rest_route=\/wp\/v2\/posts\/64102\/revisions"}],"wp:featuredmedia":[{"embeddable":true,"href":"https:\/\/www.fatosefotosnews.com.br\/index.php?rest_route=\/wp\/v2\/media\/64103"}],"wp:attachment":[{"href":"https:\/\/www.fatosefotosnews.com.br\/index.php?rest_route=%2Fwp%2Fv2%2Fmedia&parent=64102"}],"wp:term":[{"taxonomy":"category","embeddable":true,"href":"https:\/\/www.fatosefotosnews.com.br\/index.php?rest_route=%2Fwp%2Fv2%2Fcategories&post=64102"},{"taxonomy":"post_tag","embeddable":true,"href":"https:\/\/www.fatosefotosnews.com.br\/index.php?rest_route=%2Fwp%2Fv2%2Ftags&post=64102"}],"curies":[{"name":"wp","href":"https:\/\/api.w.org\/{rel}","templated":true}]}}