{"id":64316,"date":"2023-12-08T16:18:05","date_gmt":"2023-12-08T19:18:05","guid":{"rendered":"https:\/\/www.fatosefotosnews.com.br\/biblioteca-nacional-entrega-premio-a-vencedores-de-concurso-literario\/"},"modified":"2023-12-08T16:18:05","modified_gmt":"2023-12-08T19:18:05","slug":"biblioteca-nacional-entrega-premio-a-vencedores-de-concurso-literario","status":"publish","type":"post","link":"https:\/\/www.fatosefotosnews.com.br\/?p=64316","title":{"rendered":"Biblioteca Nacional entrega pr\u00eamio a vencedores de concurso liter\u00e1rio"},"content":{"rendered":"<p>A Funda\u00e7\u00e3o Biblioteca Nacional (FBN), vinculada ao Minist\u00e9rio da Cultura, fez, nesta sexta-feira (8), a entrega do Pr\u00eamio Liter\u00e1rio Biblioteca Nacional, um dos mais prestigiados do pa\u00eds. A solenidade teve a presen\u00e7a dos vencedores na edi\u00e7\u00e3o 2023, e do presidente da FBN, Marco Lucchesi.<img decoding=\"async\" src=\"https:\/\/agenciabrasil.ebc.com.br\/ebc.png?id=1571343&#038;o=node\" style=\"width:1px;height:1px\"><img decoding=\"async\" src=\"https:\/\/agenciabrasil.ebc.com.br\/ebc.gif?id=1571343&#038;o=node\" style=\"width:1px;height:1px\"><\/p>\n<p>\u00a0O valor da pr\u00eamio \u00e9 de R$ 30 mil para as obras vencedoras em cada uma das dez categorias.<\/p>\n<p>Concedido anualmente desde 1994, o Pr\u00eamio Liter\u00e1rio Biblioteca Nacional tem por objetivo reconhecer a qualidade intelectual das obras publicadas no Brasil. Podem concorrer ao pr\u00eamio pessoas f\u00edsicas com nacionalidade brasileira, com obras in\u00e9ditas (primeira edi\u00e7\u00e3o) redigidas em l\u00edngua portuguesa e publicadas por editoras nacionais no per\u00edodo determinado no edital.<\/p>\n<p>O concurso \u00e9 aberto tamb\u00e9m a autores independentes, desde que a obra esteja em dep\u00f3sito legal (obriga\u00e7\u00e3o do editor de livros ou publica\u00e7\u00f5es de enviar exemplares de obras impressas no pa\u00eds a um reposit\u00f3rio espec\u00edfico) e traga impresso o n\u00famero do ISBN (International Standard Book Number).\u00a0<\/p>\n<p>Dez comiss\u00f5es julgadoras \u2013 uma\u00a0por categoria \u2013 formadas por tr\u00eas membros, escolhidos entre especialistas de cada \u00e1rea, analisam os crit\u00e9rios de qualidade liter\u00e1ria, originalidade, contribui\u00e7\u00e3o \u00e0 cultura nacional, criatividade no uso dos recursos gr\u00e1ficos e excel\u00eancia da tradu\u00e7\u00e3o.<\/p>\n<h2>Novidade<\/h2>\n<p>A novidade deste ano foi a inclus\u00e3o do Pr\u00eamio Akuli, categoria que tem o objetivo de fixar cantos ancestrais e narrativas da oralidade recolhidas no Brasil entre povos origin\u00e1rios, ribeirinhos e de matrizes culturais. Akuli era a alcunha de Moseua\u00edpu, jovem s\u00e1bio da tribo Arekun\u00e1. \u00cdntimo dos saberes da floresta, foi um ex\u00edmio narrador de hist\u00f3rias ancestrais. A literatura oral sobre Macuna\u00edma, que Akuli transmitiu ao cientista alem\u00e3o, Theodor Koch-Gr\u00fcnber, foi determinante para <em>Macuna\u00edma, O Her\u00f3i sem Nenhum Car\u00e1ter<\/em>, obra do escritor M\u00e1rio de Andrade.<\/p>\n<h2>Os premiados<\/h2>\n<p>Categoria Conto \u2013 Pr\u00eamio Clarice Lispector: <em>Desmoronamentos<\/em>, de Micheliny Verunschk Pinto Machado. Martelo Casa Editorial.<\/p>\n<p>Categoria Ensaio Liter\u00e1rio \u2013 Pr\u00eamio M\u00e1rio De Andrade: <em>A Ideologia Modernista: A Semana de 22 e Sua Consagra\u00e7\u00e3o<\/em>, de Lu\u00eds Augusto Fischer. Todavia.<\/p>\n<p>Categoria Ensaio Social \u2013 Pr\u00eamio S\u00e9rgio Buarque De Holanda: Arrabalde: <em>Em busca da Amaz\u00f4nia<\/em>, de Jo\u00e3o Moreira Salles. Companhia das Letras.<\/p>\n<p>Categoria Hist\u00f3rias de Tradi\u00e7\u00e3o Oral \u2013 Pr\u00eamio Akuli:\u00a0<em> Jenipapos &#8211; Di\u00e1logos Sobre Viver<\/em>, Organiza\u00e7\u00e3o de Daniel Munduruku, Darlene Yaminalo Taukane, Isabella Rosado Nunes e Mauricio Negro. Autoria Coletiva: Ailton Krenak, Alik Wunder, Allan da Rosa, Angela Dannemann,Beleni Grando, Bruno Kaingang, Concei\u00e7\u00e3o Evaristo, Cristine Taku\u00e1, Daniel Munduruku, Darlene Yaminalo Taukane,\u00a0Dona Li\u00e7a, Dona Vanda Paj\u00e9, Edson Kayap\u00f3, Eliane Potiguara, Isabella Rosado Nunes, Mauricio Negro, Trudru\u00e1 Dorrico,\u00a0Yaguar\u00ea Yam\u00e3. Editora MINA Comunica\u00e7\u00e3o e Arte.<\/p>\n<p>Categoria Literatura Infantil\u2013 Pr\u00eamio Sylvia Orthof: <em>Amanh\u00e3<\/em>, de L\u00facia Kioko Hiratsuka. Companhia das Letras.<\/p>\n<p>Categoria Literatura Juvenil \u2013 Pr\u00eamio Gl\u00f3ria Pond\u00e9: <em>Meu Amigo Pedro<\/em>, de Tadeu de Melo Sarmento. Abacatte Editorial.<\/p>\n<p>Categoria Poesia \u2013 Pr\u00eamio Alphonsus De Guimaraens: <em>Hars\u00edese<\/em>, de Jacyntho Jos\u00e9 Lins Brand\u00e3o. Editora Patu\u00e1.<\/p>\n<p>Categoria Projeto Gr\u00e1fico \u2013 Pr\u00eamio Alo\u00edsio Magalh\u00e3es: <em>Sonetos de Birosca e Poemas de Terreiro<\/em>, de Leonardo Coutinho Iaccarino. Editora Jos\u00e9 Olympio.<\/p>\n<p>Categoria Romance \u2013 Pr\u00eamio Machado De Assis: <em>Pen\u00e9lope dos Tr\u00f3picos<\/em>, de Luciana Hidalgo. Editora do Silvestre.<\/p>\n<p>Categoria Tradu\u00e7\u00e3o \u2013 Pr\u00eamio Paulo R\u00f3nai: <em>S\u00e1t\u00e1ntang\u00f3, de L\u00e1szl\u00f3 Krasnahorkai<\/em>, tradu\u00e7\u00e3o de Paulo George Schiller. Companhia das Letras.<\/p>\n<p id=\"infocoweb_fonte\" class=\"infocoweb_fonte\">Fonte: <a target=\"_blank\" href=\"https:\/\/agenciabrasil.ebc.com.br\/geral\/noticia\/2023-12\/biblioteca-nacional-entrega-premio-vencedores-de-concurso-literario#41591f4a-1fa4-4b46-afdb-56911a621210\" rel=\"noopener\">EBC GERAL<\/a><\/p>\n","protected":false},"excerpt":{"rendered":"<p>A Funda\u00e7\u00e3o Biblioteca Nacional (FBN), vinculada ao Minist\u00e9rio da Cultura, fez, nesta sexta-feira (8), a entrega do Pr\u00eamio Liter\u00e1rio Biblioteca Nacional, um dos mais prestigiados do pa\u00eds. A solenidade teve a presen\u00e7a dos vencedores na edi\u00e7\u00e3o 2023, e do presidente da FBN, Marco Lucchesi. \u00a0O valor da pr\u00eamio \u00e9 de R$ 30 mil para as [&hellip;]<\/p>\n","protected":false},"author":5,"featured_media":64317,"comment_status":"open","ping_status":"open","sticky":false,"template":"","format":"standard","meta":{"_acf_changed":false,"_angie_page":false,"_monsterinsights_skip_tracking":false,"_themeisle_gutenberg_block_has_review":false,"page_builder":"","footnotes":"","jetpack_publicize_message":"","jetpack_publicize_feature_enabled":true,"jetpack_social_post_already_shared":false,"jetpack_social_options":{"image_generator_settings":{"template":"highway","default_image_id":0,"font":"","enabled":false},"version":2}},"categories":[167],"tags":[4818,1271,1941,6619,1212,552,15278],"class_list":["post-64316","post","type-post","status-publish","format-standard","has-post-thumbnail","hentry","category-geral","tag-biblioteca","tag-concurso","tag-entrega","tag-literario","tag-nacional","tag-premio","tag-vencedores"],"acf":[],"nelio_content":{"autoShareEndMode":"never","automationSources":{"useCustomSentences":false,"customSentences":[]},"efiAlt":"","efiUrl":"","followers":[5],"highlights":[],"isAutoShareEnabled":true,"networkImageIds":[],"permalinkQueryArgs":[],"series":[],"suggestedReferences":[]},"yoast_head":"<!-- This site is optimized with the Yoast SEO plugin v28.3 - https:\/\/yoast.com\/product\/yoast-seo-wordpress\/ -->\n<title>Biblioteca Nacional entrega pr\u00eamio a vencedores de concurso liter\u00e1rio<\/title>\n<meta name=\"description\" content=\"Biblioteca Nacional entrega pr\u00eamio a vencedores de concurso liter\u00e1rio\" \/>\n<meta name=\"robots\" content=\"index, follow, max-snippet:-1, max-image-preview:large, max-video-preview:-1\" \/>\n<link rel=\"canonical\" href=\"https:\/\/www.fatosefotosnews.com.br\/?p=64316\" \/>\n<meta property=\"og:locale\" content=\"pt_BR\" \/>\n<meta property=\"og:type\" content=\"article\" \/>\n<meta property=\"og:title\" content=\"Biblioteca Nacional entrega pr\u00eamio a vencedores de concurso liter\u00e1rio\" \/>\n<meta property=\"og:description\" content=\"Biblioteca Nacional entrega pr\u00eamio a vencedores de concurso liter\u00e1rio\" \/>\n<meta property=\"og:url\" content=\"https:\/\/www.fatosefotosnews.com.br\/?p=64316\" \/>\n<meta property=\"og:site_name\" content=\"Fatos e Fotos News\" \/>\n<meta property=\"article:published_time\" content=\"2023-12-08T19:18:05+00:00\" \/>\n<meta property=\"og:image\" content=\"https:\/\/www.fatosefotosnews.com.br\/wp-content\/uploads\/2023\/12\/8808c3005c48c4f223d0d6eaa8fbc9b3.jpeg\" \/>\n\t<meta property=\"og:image:width\" content=\"1024\" \/>\n\t<meta property=\"og:image:height\" content=\"512\" \/>\n\t<meta property=\"og:image:type\" content=\"image\/jpeg\" \/>\n<meta name=\"author\" content=\"Da Reda\u00e7\u00e3o\" \/>\n<meta name=\"twitter:card\" content=\"summary_large_image\" \/>\n<meta name=\"twitter:label1\" content=\"Escrito por\" \/>\n\t<meta name=\"twitter:data1\" content=\"Da Reda\u00e7\u00e3o\" \/>\n\t<meta name=\"twitter:label2\" content=\"Est. tempo de leitura\" \/>\n\t<meta name=\"twitter:data2\" content=\"99 minutos\" \/>\n<script type=\"application\/ld+json\" class=\"yoast-schema-graph\">{\"@context\":\"https:\\\/\\\/schema.org\",\"@graph\":[{\"@type\":\"Article\",\"@id\":\"https:\\\/\\\/www.fatosefotosnews.com.br\\\/?p=64316#article\",\"isPartOf\":{\"@id\":\"https:\\\/\\\/www.fatosefotosnews.com.br\\\/?p=64316\"},\"author\":{\"name\":\"Da Reda\u00e7\u00e3o\",\"@id\":\"https:\\\/\\\/www.fatosefotosnews.com.br\\\/#\\\/schema\\\/person\\\/3b80f81d08670fb1f6690e07eb8b5dc6\"},\"headline\":\"Biblioteca Nacional entrega pr\u00eamio a vencedores de concurso liter\u00e1rio\",\"datePublished\":\"2023-12-08T19:18:05+00:00\",\"mainEntityOfPage\":{\"@id\":\"https:\\\/\\\/www.fatosefotosnews.com.br\\\/?p=64316\"},\"wordCount\":598,\"commentCount\":0,\"publisher\":{\"@id\":\"https:\\\/\\\/www.fatosefotosnews.com.br\\\/#organization\"},\"image\":{\"@id\":\"https:\\\/\\\/www.fatosefotosnews.com.br\\\/?p=64316#primaryimage\"},\"thumbnailUrl\":\"https:\\\/\\\/www.fatosefotosnews.com.br\\\/wp-content\\\/uploads\\\/2023\\\/12\\\/8808c3005c48c4f223d0d6eaa8fbc9b3.jpeg\",\"keywords\":[\"biblioteca\",\"concurso\",\"entrega\",\"literario\",\"nacional\",\"premio\",\"vencedores\"],\"articleSection\":[\"Geral\"],\"inLanguage\":\"pt-BR\",\"potentialAction\":[{\"@type\":\"CommentAction\",\"name\":\"Comment\",\"target\":[\"https:\\\/\\\/www.fatosefotosnews.com.br\\\/?p=64316#respond\"]}]},{\"@type\":\"WebPage\",\"@id\":\"https:\\\/\\\/www.fatosefotosnews.com.br\\\/?p=64316\",\"url\":\"https:\\\/\\\/www.fatosefotosnews.com.br\\\/?p=64316\",\"name\":\"Biblioteca Nacional entrega pr\u00eamio a vencedores de concurso liter\u00e1rio\",\"isPartOf\":{\"@id\":\"https:\\\/\\\/www.fatosefotosnews.com.br\\\/#website\"},\"primaryImageOfPage\":{\"@id\":\"https:\\\/\\\/www.fatosefotosnews.com.br\\\/?p=64316#primaryimage\"},\"image\":{\"@id\":\"https:\\\/\\\/www.fatosefotosnews.com.br\\\/?p=64316#primaryimage\"},\"thumbnailUrl\":\"https:\\\/\\\/www.fatosefotosnews.com.br\\\/wp-content\\\/uploads\\\/2023\\\/12\\\/8808c3005c48c4f223d0d6eaa8fbc9b3.jpeg\",\"datePublished\":\"2023-12-08T19:18:05+00:00\",\"description\":\"Biblioteca Nacional entrega pr\u00eamio a vencedores de concurso liter\u00e1rio\",\"breadcrumb\":{\"@id\":\"https:\\\/\\\/www.fatosefotosnews.com.br\\\/?p=64316#breadcrumb\"},\"inLanguage\":\"pt-BR\",\"potentialAction\":[{\"@type\":\"ReadAction\",\"target\":[\"https:\\\/\\\/www.fatosefotosnews.com.br\\\/?p=64316\"]}]},{\"@type\":\"ImageObject\",\"inLanguage\":\"pt-BR\",\"@id\":\"https:\\\/\\\/www.fatosefotosnews.com.br\\\/?p=64316#primaryimage\",\"url\":\"https:\\\/\\\/www.fatosefotosnews.com.br\\\/wp-content\\\/uploads\\\/2023\\\/12\\\/8808c3005c48c4f223d0d6eaa8fbc9b3.jpeg\",\"contentUrl\":\"https:\\\/\\\/www.fatosefotosnews.com.br\\\/wp-content\\\/uploads\\\/2023\\\/12\\\/8808c3005c48c4f223d0d6eaa8fbc9b3.jpeg\",\"width\":1024,\"height\":512,\"caption\":\"\u00a9 Marcello Casal Jr\\\/Ag\u00eancia\"},{\"@type\":\"BreadcrumbList\",\"@id\":\"https:\\\/\\\/www.fatosefotosnews.com.br\\\/?p=64316#breadcrumb\",\"itemListElement\":[{\"@type\":\"ListItem\",\"position\":1,\"name\":\"In\u00edcio\",\"item\":\"https:\\\/\\\/www.fatosefotosnews.com.br\\\/\"},{\"@type\":\"ListItem\",\"position\":2,\"name\":\"Biblioteca Nacional entrega pr\u00eamio a vencedores de concurso liter\u00e1rio\"}]},{\"@type\":\"WebSite\",\"@id\":\"https:\\\/\\\/www.fatosefotosnews.com.br\\\/#website\",\"url\":\"https:\\\/\\\/www.fatosefotosnews.com.br\\\/\",\"name\":\"Fatos e Fotos News\",\"description\":\"Um site de noticial verdadeira e confi\u00e1veis.\",\"publisher\":{\"@id\":\"https:\\\/\\\/www.fatosefotosnews.com.br\\\/#organization\"},\"potentialAction\":[{\"@type\":\"SearchAction\",\"target\":{\"@type\":\"EntryPoint\",\"urlTemplate\":\"https:\\\/\\\/www.fatosefotosnews.com.br\\\/?s={search_term_string}\"},\"query-input\":{\"@type\":\"PropertyValueSpecification\",\"valueRequired\":true,\"valueName\":\"search_term_string\"}}],\"inLanguage\":\"pt-BR\"},{\"@type\":\"Organization\",\"@id\":\"https:\\\/\\\/www.fatosefotosnews.com.br\\\/#organization\",\"name\":\"Fatos e Fotos News\",\"url\":\"https:\\\/\\\/www.fatosefotosnews.com.br\\\/\",\"logo\":{\"@type\":\"ImageObject\",\"inLanguage\":\"pt-BR\",\"@id\":\"https:\\\/\\\/www.fatosefotosnews.com.br\\\/#\\\/schema\\\/logo\\\/image\\\/\",\"url\":\"https:\\\/\\\/www.fatosefotosnews.com.br\\\/wp-content\\\/uploads\\\/2023\\\/02\\\/Fatos-e-Fotos-news-logo.png\",\"contentUrl\":\"https:\\\/\\\/www.fatosefotosnews.com.br\\\/wp-content\\\/uploads\\\/2023\\\/02\\\/Fatos-e-Fotos-news-logo.png\",\"width\":300,\"height\":58,\"caption\":\"Fatos e Fotos News\"},\"image\":{\"@id\":\"https:\\\/\\\/www.fatosefotosnews.com.br\\\/#\\\/schema\\\/logo\\\/image\\\/\"}},{\"@type\":\"Person\",\"@id\":\"https:\\\/\\\/www.fatosefotosnews.com.br\\\/#\\\/schema\\\/person\\\/3b80f81d08670fb1f6690e07eb8b5dc6\",\"name\":\"Da Reda\u00e7\u00e3o\",\"image\":{\"@type\":\"ImageObject\",\"inLanguage\":\"pt-BR\",\"@id\":\"https:\\\/\\\/secure.gravatar.com\\\/avatar\\\/696d39935a657bf0fc95044dbc9f912520430a0eb6dd46c85dd97eb6483b249b?s=96&d=mm&r=g\",\"url\":\"https:\\\/\\\/secure.gravatar.com\\\/avatar\\\/696d39935a657bf0fc95044dbc9f912520430a0eb6dd46c85dd97eb6483b249b?s=96&d=mm&r=g\",\"contentUrl\":\"https:\\\/\\\/secure.gravatar.com\\\/avatar\\\/696d39935a657bf0fc95044dbc9f912520430a0eb6dd46c85dd97eb6483b249b?s=96&d=mm&r=g\",\"caption\":\"Da Reda\u00e7\u00e3o\"},\"url\":\"https:\\\/\\\/www.fatosefotosnews.com.br\\\/?author=5\"}]}<\/script>\n<!-- \/ Yoast SEO plugin. -->","yoast_head_json":{"title":"Biblioteca Nacional entrega pr\u00eamio a vencedores de concurso liter\u00e1rio","description":"Biblioteca Nacional entrega pr\u00eamio a vencedores de concurso liter\u00e1rio","robots":{"index":"index","follow":"follow","max-snippet":"max-snippet:-1","max-image-preview":"max-image-preview:large","max-video-preview":"max-video-preview:-1"},"canonical":"https:\/\/www.fatosefotosnews.com.br\/?p=64316","og_locale":"pt_BR","og_type":"article","og_title":"Biblioteca Nacional entrega pr\u00eamio a vencedores de concurso liter\u00e1rio","og_description":"Biblioteca Nacional entrega pr\u00eamio a vencedores de concurso liter\u00e1rio","og_url":"https:\/\/www.fatosefotosnews.com.br\/?p=64316","og_site_name":"Fatos e Fotos News","article_published_time":"2023-12-08T19:18:05+00:00","og_image":[{"width":1024,"height":512,"url":"https:\/\/www.fatosefotosnews.com.br\/wp-content\/uploads\/2023\/12\/8808c3005c48c4f223d0d6eaa8fbc9b3.jpeg","type":"image\/jpeg"}],"author":"Da Reda\u00e7\u00e3o","twitter_card":"summary_large_image","twitter_misc":{"Escrito por":"Da Reda\u00e7\u00e3o","Est. tempo de leitura":"99 minutos"},"schema":{"@context":"https:\/\/schema.org","@graph":[{"@type":"Article","@id":"https:\/\/www.fatosefotosnews.com.br\/?p=64316#article","isPartOf":{"@id":"https:\/\/www.fatosefotosnews.com.br\/?p=64316"},"author":{"name":"Da Reda\u00e7\u00e3o","@id":"https:\/\/www.fatosefotosnews.com.br\/#\/schema\/person\/3b80f81d08670fb1f6690e07eb8b5dc6"},"headline":"Biblioteca Nacional entrega pr\u00eamio a vencedores de concurso liter\u00e1rio","datePublished":"2023-12-08T19:18:05+00:00","mainEntityOfPage":{"@id":"https:\/\/www.fatosefotosnews.com.br\/?p=64316"},"wordCount":598,"commentCount":0,"publisher":{"@id":"https:\/\/www.fatosefotosnews.com.br\/#organization"},"image":{"@id":"https:\/\/www.fatosefotosnews.com.br\/?p=64316#primaryimage"},"thumbnailUrl":"https:\/\/www.fatosefotosnews.com.br\/wp-content\/uploads\/2023\/12\/8808c3005c48c4f223d0d6eaa8fbc9b3.jpeg","keywords":["biblioteca","concurso","entrega","literario","nacional","premio","vencedores"],"articleSection":["Geral"],"inLanguage":"pt-BR","potentialAction":[{"@type":"CommentAction","name":"Comment","target":["https:\/\/www.fatosefotosnews.com.br\/?p=64316#respond"]}]},{"@type":"WebPage","@id":"https:\/\/www.fatosefotosnews.com.br\/?p=64316","url":"https:\/\/www.fatosefotosnews.com.br\/?p=64316","name":"Biblioteca Nacional entrega pr\u00eamio a vencedores de concurso liter\u00e1rio","isPartOf":{"@id":"https:\/\/www.fatosefotosnews.com.br\/#website"},"primaryImageOfPage":{"@id":"https:\/\/www.fatosefotosnews.com.br\/?p=64316#primaryimage"},"image":{"@id":"https:\/\/www.fatosefotosnews.com.br\/?p=64316#primaryimage"},"thumbnailUrl":"https:\/\/www.fatosefotosnews.com.br\/wp-content\/uploads\/2023\/12\/8808c3005c48c4f223d0d6eaa8fbc9b3.jpeg","datePublished":"2023-12-08T19:18:05+00:00","description":"Biblioteca Nacional entrega pr\u00eamio a vencedores de concurso liter\u00e1rio","breadcrumb":{"@id":"https:\/\/www.fatosefotosnews.com.br\/?p=64316#breadcrumb"},"inLanguage":"pt-BR","potentialAction":[{"@type":"ReadAction","target":["https:\/\/www.fatosefotosnews.com.br\/?p=64316"]}]},{"@type":"ImageObject","inLanguage":"pt-BR","@id":"https:\/\/www.fatosefotosnews.com.br\/?p=64316#primaryimage","url":"https:\/\/www.fatosefotosnews.com.br\/wp-content\/uploads\/2023\/12\/8808c3005c48c4f223d0d6eaa8fbc9b3.jpeg","contentUrl":"https:\/\/www.fatosefotosnews.com.br\/wp-content\/uploads\/2023\/12\/8808c3005c48c4f223d0d6eaa8fbc9b3.jpeg","width":1024,"height":512,"caption":"\u00a9 Marcello Casal Jr\/Ag\u00eancia"},{"@type":"BreadcrumbList","@id":"https:\/\/www.fatosefotosnews.com.br\/?p=64316#breadcrumb","itemListElement":[{"@type":"ListItem","position":1,"name":"In\u00edcio","item":"https:\/\/www.fatosefotosnews.com.br\/"},{"@type":"ListItem","position":2,"name":"Biblioteca Nacional entrega pr\u00eamio a vencedores de concurso liter\u00e1rio"}]},{"@type":"WebSite","@id":"https:\/\/www.fatosefotosnews.com.br\/#website","url":"https:\/\/www.fatosefotosnews.com.br\/","name":"Fatos e Fotos News","description":"Um site de noticial verdadeira e confi\u00e1veis.","publisher":{"@id":"https:\/\/www.fatosefotosnews.com.br\/#organization"},"potentialAction":[{"@type":"SearchAction","target":{"@type":"EntryPoint","urlTemplate":"https:\/\/www.fatosefotosnews.com.br\/?s={search_term_string}"},"query-input":{"@type":"PropertyValueSpecification","valueRequired":true,"valueName":"search_term_string"}}],"inLanguage":"pt-BR"},{"@type":"Organization","@id":"https:\/\/www.fatosefotosnews.com.br\/#organization","name":"Fatos e Fotos News","url":"https:\/\/www.fatosefotosnews.com.br\/","logo":{"@type":"ImageObject","inLanguage":"pt-BR","@id":"https:\/\/www.fatosefotosnews.com.br\/#\/schema\/logo\/image\/","url":"https:\/\/www.fatosefotosnews.com.br\/wp-content\/uploads\/2023\/02\/Fatos-e-Fotos-news-logo.png","contentUrl":"https:\/\/www.fatosefotosnews.com.br\/wp-content\/uploads\/2023\/02\/Fatos-e-Fotos-news-logo.png","width":300,"height":58,"caption":"Fatos e Fotos News"},"image":{"@id":"https:\/\/www.fatosefotosnews.com.br\/#\/schema\/logo\/image\/"}},{"@type":"Person","@id":"https:\/\/www.fatosefotosnews.com.br\/#\/schema\/person\/3b80f81d08670fb1f6690e07eb8b5dc6","name":"Da Reda\u00e7\u00e3o","image":{"@type":"ImageObject","inLanguage":"pt-BR","@id":"https:\/\/secure.gravatar.com\/avatar\/696d39935a657bf0fc95044dbc9f912520430a0eb6dd46c85dd97eb6483b249b?s=96&d=mm&r=g","url":"https:\/\/secure.gravatar.com\/avatar\/696d39935a657bf0fc95044dbc9f912520430a0eb6dd46c85dd97eb6483b249b?s=96&d=mm&r=g","contentUrl":"https:\/\/secure.gravatar.com\/avatar\/696d39935a657bf0fc95044dbc9f912520430a0eb6dd46c85dd97eb6483b249b?s=96&d=mm&r=g","caption":"Da Reda\u00e7\u00e3o"},"url":"https:\/\/www.fatosefotosnews.com.br\/?author=5"}]}},"jetpack_publicize_connections":[],"blog_post_layout_featured_media_urls":{"thumbnail":["https:\/\/www.fatosefotosnews.com.br\/wp-content\/uploads\/2023\/12\/8808c3005c48c4f223d0d6eaa8fbc9b3-150x150.jpeg",150,150,true],"full":["https:\/\/www.fatosefotosnews.com.br\/wp-content\/uploads\/2023\/12\/8808c3005c48c4f223d0d6eaa8fbc9b3.jpeg",1024,512,false]},"categories_names":{"167":{"name":"Geral","link":"https:\/\/www.fatosefotosnews.com.br\/?cat=167"}},"tags_names":{"4818":{"name":"biblioteca","link":"https:\/\/www.fatosefotosnews.com.br\/?tag=biblioteca"},"1271":{"name":"concurso","link":"https:\/\/www.fatosefotosnews.com.br\/?tag=concurso"},"1941":{"name":"entrega","link":"https:\/\/www.fatosefotosnews.com.br\/?tag=entrega"},"6619":{"name":"literario","link":"https:\/\/www.fatosefotosnews.com.br\/?tag=literario"},"1212":{"name":"nacional","link":"https:\/\/www.fatosefotosnews.com.br\/?tag=nacional"},"552":{"name":"premio","link":"https:\/\/www.fatosefotosnews.com.br\/?tag=premio"},"15278":{"name":"vencedores","link":"https:\/\/www.fatosefotosnews.com.br\/?tag=vencedores"}},"comments_number":"0","wpmagazine_modules_lite_featured_media_urls":{"thumbnail":["https:\/\/www.fatosefotosnews.com.br\/wp-content\/uploads\/2023\/12\/8808c3005c48c4f223d0d6eaa8fbc9b3-150x150.jpeg",150,150,true],"cvmm-medium":["https:\/\/www.fatosefotosnews.com.br\/wp-content\/uploads\/2023\/12\/8808c3005c48c4f223d0d6eaa8fbc9b3-300x300.jpeg",300,300,true],"cvmm-medium-plus":["https:\/\/www.fatosefotosnews.com.br\/wp-content\/uploads\/2023\/12\/8808c3005c48c4f223d0d6eaa8fbc9b3-305x207.jpeg",305,207,true],"cvmm-portrait":["https:\/\/www.fatosefotosnews.com.br\/wp-content\/uploads\/2023\/12\/8808c3005c48c4f223d0d6eaa8fbc9b3-400x512.jpeg",400,512,true],"cvmm-medium-square":["https:\/\/www.fatosefotosnews.com.br\/wp-content\/uploads\/2023\/12\/8808c3005c48c4f223d0d6eaa8fbc9b3-600x512.jpeg",600,512,true],"cvmm-large":["https:\/\/www.fatosefotosnews.com.br\/wp-content\/uploads\/2023\/12\/8808c3005c48c4f223d0d6eaa8fbc9b3.jpeg",1024,512,false],"cvmm-small":["https:\/\/www.fatosefotosnews.com.br\/wp-content\/uploads\/2023\/12\/8808c3005c48c4f223d0d6eaa8fbc9b3-130x95.jpeg",130,95,true],"full":["https:\/\/www.fatosefotosnews.com.br\/wp-content\/uploads\/2023\/12\/8808c3005c48c4f223d0d6eaa8fbc9b3.jpeg",1024,512,false]},"_links":{"self":[{"href":"https:\/\/www.fatosefotosnews.com.br\/index.php?rest_route=\/wp\/v2\/posts\/64316","targetHints":{"allow":["GET"]}}],"collection":[{"href":"https:\/\/www.fatosefotosnews.com.br\/index.php?rest_route=\/wp\/v2\/posts"}],"about":[{"href":"https:\/\/www.fatosefotosnews.com.br\/index.php?rest_route=\/wp\/v2\/types\/post"}],"author":[{"embeddable":true,"href":"https:\/\/www.fatosefotosnews.com.br\/index.php?rest_route=\/wp\/v2\/users\/5"}],"replies":[{"embeddable":true,"href":"https:\/\/www.fatosefotosnews.com.br\/index.php?rest_route=%2Fwp%2Fv2%2Fcomments&post=64316"}],"version-history":[{"count":0,"href":"https:\/\/www.fatosefotosnews.com.br\/index.php?rest_route=\/wp\/v2\/posts\/64316\/revisions"}],"wp:featuredmedia":[{"embeddable":true,"href":"https:\/\/www.fatosefotosnews.com.br\/index.php?rest_route=\/wp\/v2\/media\/64317"}],"wp:attachment":[{"href":"https:\/\/www.fatosefotosnews.com.br\/index.php?rest_route=%2Fwp%2Fv2%2Fmedia&parent=64316"}],"wp:term":[{"taxonomy":"category","embeddable":true,"href":"https:\/\/www.fatosefotosnews.com.br\/index.php?rest_route=%2Fwp%2Fv2%2Fcategories&post=64316"},{"taxonomy":"post_tag","embeddable":true,"href":"https:\/\/www.fatosefotosnews.com.br\/index.php?rest_route=%2Fwp%2Fv2%2Ftags&post=64316"}],"curies":[{"name":"wp","href":"https:\/\/api.w.org\/{rel}","templated":true}]}}