{"id":65263,"date":"2023-12-15T15:46:01","date_gmt":"2023-12-15T18:46:01","guid":{"rendered":"https:\/\/www.fatosefotosnews.com.br\/metro-e-trem-de-sao-paulo-sobem-para-r-5-e-tarifa-de-onibus-e-mantida\/"},"modified":"2023-12-15T15:46:01","modified_gmt":"2023-12-15T18:46:01","slug":"metro-e-trem-de-sao-paulo-sobem-para-r-5-e-tarifa-de-onibus-e-mantida","status":"publish","type":"post","link":"https:\/\/www.fatosefotosnews.com.br\/?p=65263","title":{"rendered":"Metr\u00f4 e trem de S\u00e3o Paulo sobem para R$ 5 e tarifa de \u00f4nibus \u00e9 mantida"},"content":{"rendered":"<p>O governo de S\u00e3o Paulo e a prefeitura da capital paulista adotaram pol\u00edticas distintas para as tarifas de transporte p\u00fablico, ap\u00f3s mais de dez anos de alinhamento.<img decoding=\"async\" src=\"https:\/\/agenciabrasil.ebc.com.br\/ebc.png?id=1572663&#038;o=node\" style=\"width:1px;height:1px\"><img decoding=\"async\" src=\"https:\/\/agenciabrasil.ebc.com.br\/ebc.gif?id=1572663&#038;o=node\" style=\"width:1px;height:1px\"><\/p>\n<p>O valor das viagens de \u00f4nibus municipais n\u00e3o ser\u00e1 reajustado em 2024 e, no pr\u00f3ximo domingo (17), ser\u00e1 o primeiro de gratuidade do servi\u00e7o. Na \u00faltima segunda-feira (11), foi anunciada a tarifa zero para os \u00f4nibus na cidade aos domingos.<\/p>\n<p>O governo estadual &#8211; respons\u00e1vel pelo transporte por trilhos &#8211; no entanto, anunciou que as tarifas passar\u00e3o de R$ 4,40 para R$ 5 a partir de 1\u00ba de janeiro de 2024. O metr\u00f4 atende essencialmente a capital paulista, enquanto os vag\u00f5es da Companhia Paulista de Trens Metropolitanos chegam a diversas cidades que comp\u00f5em a Grande S\u00e3o Paulo.<\/p>\n<h2>Abaixo da infla\u00e7\u00e3o<\/h2>\n<p>O reajuste \u00e9, segundo o governo, menor do que a infla\u00e7\u00e3o acumulada desde janeiro de 2020, quando foi feito o \u00faltimo aumento, que totaliza 28,4% no per\u00edodo. A eleva\u00e7\u00e3o de R$ 0,60 significa uma revis\u00e3o de 13,6%.<\/p>\n<p>O ritmo de reajustes das tarifas do transporte p\u00fablico havia reduzido desde os protestos de 2013, quando o reajuste provocou uma onda de manifesta\u00e7\u00f5es em S\u00e3o Paulo e outras capitais.<\/p>\n<p>Na capital paulista foi rompido um ciclo de reajustes acima da infla\u00e7\u00e3o. Entre 1994 e 2013, a tarifa do transporte coletivo na cidade passou de R$ 0,50 para R$ 3. Se tivesse simplesmente acompanhado o ritmo da infla\u00e7\u00e3o &#8211; medida pelo \u00cdndice Nacional de Pre\u00e7os ao Consumidor Amplo (IPCA) &#8211; a tarifa teria chegado a 2013 custando R$ 2,17.<\/p>\n<p>No entanto, as passagens de \u00f4nibus, metr\u00f4 e trem, que atualmente custam R$ 4,40, valeriam R$ 5,31 se os reajustes tivessem acompanhado o \u00edndice ao longo da \u00faltima d\u00e9cada.<\/p>\n<h2>Passe livre<\/h2>\n<p>A tarifa zero ou passe livre, que era, inclusive, o nome do movimento social que puxou os protestos de 2013, tamb\u00e9m ganhou for\u00e7a ao longo da \u00faltima d\u00e9cada. Al\u00e9m da iniciativa da pr\u00f3pria capital paulista de adotar a medida aos domingos, munic\u00edpios cada vez maiores t\u00eam eliminado as tarifas do transporte p\u00fablico.<\/p>\n<p>Com 165 mil habitantes, S\u00e3o Caetano do Sul, na Regi\u00e3o Metropolitana de S\u00e3o Paulo, adotou h\u00e1 um m\u00eas as catracas livres. O n\u00famero de di\u00e1rio de passageiros passou de 25 mil para 52 mil.<\/p>\n<p>Na cidade de S\u00e3o Paulo, a gratuidade aos domingos n\u00e3o trar\u00e1 aumento de custos, mas ser\u00e1, segundo a prefeitura, uma compensa\u00e7\u00e3o pela ociosidade do sistema, que chega a 60% do contratado. Nesse dia da semana, aproximadamente 2,2 milh\u00f5es de pessoas usam os \u00f4nibus municipais.<\/p>\n<p id=\"infocoweb_fonte\" class=\"infocoweb_fonte\">Fonte: <a target=\"_blank\" href=\"https:\/\/agenciabrasil.ebc.com.br\/economia\/noticia\/2023-12\/metro-e-trem-de-sao-paulo-sobem-para-r-5-e-tarifa-de-onibus-e-mantida#80b91ca1-32ec-4fa0-889a-084dcd5edc1c\" rel=\"noopener\">EBC Economia<\/a><\/p>\n","protected":false},"excerpt":{"rendered":"<p>O governo de S\u00e3o Paulo e a prefeitura da capital paulista adotaram pol\u00edticas distintas para as tarifas de transporte p\u00fablico, ap\u00f3s mais de dez anos de alinhamento. O valor das viagens de \u00f4nibus municipais n\u00e3o ser\u00e1 reajustado em 2024 e, no pr\u00f3ximo domingo (17), ser\u00e1 o primeiro de gratuidade do servi\u00e7o. Na \u00faltima segunda-feira (11), [&hellip;]<\/p>\n","protected":false},"author":5,"featured_media":65264,"comment_status":"open","ping_status":"open","sticky":false,"template":"","format":"standard","meta":{"_acf_changed":false,"_angie_page":false,"_monsterinsights_skip_tracking":false,"_themeisle_gutenberg_block_has_review":false,"page_builder":"","footnotes":"","jetpack_publicize_message":"","jetpack_publicize_feature_enabled":true,"jetpack_social_post_already_shared":false,"jetpack_social_options":{"image_generator_settings":{"template":"highway","default_image_id":0,"font":"","enabled":false},"version":2}},"categories":[167],"tags":[6079,403,412,398,2166,3947],"class_list":["post-65263","post","type-post","status-publish","format-standard","has-post-thumbnail","hentry","category-geral","tag-mantida","tag-metro","tag-onibus","tag-paulo","tag-sobem","tag-tarifa"],"acf":[],"nelio_content":{"autoShareEndMode":"never","automationSources":{"useCustomSentences":false,"customSentences":[]},"efiAlt":"","efiUrl":"","followers":[5],"highlights":[],"isAutoShareEnabled":true,"networkImageIds":[],"permalinkQueryArgs":[],"series":[],"suggestedReferences":[]},"yoast_head":"<!-- This site is optimized with the Yoast SEO plugin v28.3 - https:\/\/yoast.com\/product\/yoast-seo-wordpress\/ -->\n<title>Metr\u00f4 e trem de S\u00e3o Paulo sobem para R$ 5 e tarifa de \u00f4nibus \u00e9 mantida<\/title>\n<meta name=\"description\" content=\"Metr\u00f4 e trem de S\u00e3o Paulo sobem para R$ 5 e tarifa de \u00f4nibus \u00e9 mantida\" \/>\n<meta name=\"robots\" content=\"index, follow, max-snippet:-1, max-image-preview:large, max-video-preview:-1\" \/>\n<link rel=\"canonical\" href=\"https:\/\/www.fatosefotosnews.com.br\/?p=65263\" \/>\n<meta property=\"og:locale\" content=\"pt_BR\" \/>\n<meta property=\"og:type\" content=\"article\" \/>\n<meta property=\"og:title\" content=\"Metr\u00f4 e trem de S\u00e3o Paulo sobem para R$ 5 e tarifa de \u00f4nibus \u00e9 mantida\" \/>\n<meta property=\"og:description\" content=\"Metr\u00f4 e trem de S\u00e3o Paulo sobem para R$ 5 e tarifa de \u00f4nibus \u00e9 mantida\" \/>\n<meta property=\"og:url\" content=\"https:\/\/www.fatosefotosnews.com.br\/?p=65263\" \/>\n<meta property=\"og:site_name\" content=\"Fatos e Fotos News\" \/>\n<meta property=\"article:published_time\" content=\"2023-12-15T18:46:01+00:00\" \/>\n<meta property=\"og:image\" content=\"https:\/\/www.fatosefotosnews.com.br\/wp-content\/uploads\/2023\/12\/107e071601d90877957b26d96048e923.jpeg\" \/>\n\t<meta property=\"og:image:width\" content=\"1024\" \/>\n\t<meta property=\"og:image:height\" content=\"512\" \/>\n\t<meta property=\"og:image:type\" content=\"image\/jpeg\" \/>\n<meta name=\"author\" content=\"Da Reda\u00e7\u00e3o\" \/>\n<meta name=\"twitter:card\" content=\"summary_large_image\" \/>\n<meta name=\"twitter:label1\" content=\"Escrito por\" \/>\n\t<meta name=\"twitter:data1\" content=\"Da Reda\u00e7\u00e3o\" \/>\n\t<meta name=\"twitter:label2\" content=\"Est. tempo de leitura\" \/>\n\t<meta name=\"twitter:data2\" content=\"99 minutos\" \/>\n<script type=\"application\/ld+json\" class=\"yoast-schema-graph\">{\"@context\":\"https:\\\/\\\/schema.org\",\"@graph\":[{\"@type\":\"Article\",\"@id\":\"https:\\\/\\\/www.fatosefotosnews.com.br\\\/?p=65263#article\",\"isPartOf\":{\"@id\":\"https:\\\/\\\/www.fatosefotosnews.com.br\\\/?p=65263\"},\"author\":{\"name\":\"Da Reda\u00e7\u00e3o\",\"@id\":\"https:\\\/\\\/www.fatosefotosnews.com.br\\\/#\\\/schema\\\/person\\\/3b80f81d08670fb1f6690e07eb8b5dc6\"},\"headline\":\"Metr\u00f4 e trem de S\u00e3o Paulo sobem para R$ 5 e tarifa de \u00f4nibus \u00e9 mantida\",\"datePublished\":\"2023-12-15T18:46:01+00:00\",\"mainEntityOfPage\":{\"@id\":\"https:\\\/\\\/www.fatosefotosnews.com.br\\\/?p=65263\"},\"wordCount\":447,\"commentCount\":0,\"publisher\":{\"@id\":\"https:\\\/\\\/www.fatosefotosnews.com.br\\\/#organization\"},\"image\":{\"@id\":\"https:\\\/\\\/www.fatosefotosnews.com.br\\\/?p=65263#primaryimage\"},\"thumbnailUrl\":\"https:\\\/\\\/www.fatosefotosnews.com.br\\\/wp-content\\\/uploads\\\/2023\\\/12\\\/107e071601d90877957b26d96048e923.jpeg\",\"keywords\":[\"mantida\",\"metro\",\"onibus\",\"paulo\",\"sobem\",\"tarifa\"],\"articleSection\":[\"Geral\"],\"inLanguage\":\"pt-BR\",\"potentialAction\":[{\"@type\":\"CommentAction\",\"name\":\"Comment\",\"target\":[\"https:\\\/\\\/www.fatosefotosnews.com.br\\\/?p=65263#respond\"]}]},{\"@type\":\"WebPage\",\"@id\":\"https:\\\/\\\/www.fatosefotosnews.com.br\\\/?p=65263\",\"url\":\"https:\\\/\\\/www.fatosefotosnews.com.br\\\/?p=65263\",\"name\":\"Metr\u00f4 e trem de S\u00e3o Paulo sobem para R$ 5 e tarifa de \u00f4nibus \u00e9 mantida\",\"isPartOf\":{\"@id\":\"https:\\\/\\\/www.fatosefotosnews.com.br\\\/#website\"},\"primaryImageOfPage\":{\"@id\":\"https:\\\/\\\/www.fatosefotosnews.com.br\\\/?p=65263#primaryimage\"},\"image\":{\"@id\":\"https:\\\/\\\/www.fatosefotosnews.com.br\\\/?p=65263#primaryimage\"},\"thumbnailUrl\":\"https:\\\/\\\/www.fatosefotosnews.com.br\\\/wp-content\\\/uploads\\\/2023\\\/12\\\/107e071601d90877957b26d96048e923.jpeg\",\"datePublished\":\"2023-12-15T18:46:01+00:00\",\"description\":\"Metr\u00f4 e trem de S\u00e3o Paulo sobem para R$ 5 e tarifa de \u00f4nibus \u00e9 mantida\",\"breadcrumb\":{\"@id\":\"https:\\\/\\\/www.fatosefotosnews.com.br\\\/?p=65263#breadcrumb\"},\"inLanguage\":\"pt-BR\",\"potentialAction\":[{\"@type\":\"ReadAction\",\"target\":[\"https:\\\/\\\/www.fatosefotosnews.com.br\\\/?p=65263\"]}]},{\"@type\":\"ImageObject\",\"inLanguage\":\"pt-BR\",\"@id\":\"https:\\\/\\\/www.fatosefotosnews.com.br\\\/?p=65263#primaryimage\",\"url\":\"https:\\\/\\\/www.fatosefotosnews.com.br\\\/wp-content\\\/uploads\\\/2023\\\/12\\\/107e071601d90877957b26d96048e923.jpeg\",\"contentUrl\":\"https:\\\/\\\/www.fatosefotosnews.com.br\\\/wp-content\\\/uploads\\\/2023\\\/12\\\/107e071601d90877957b26d96048e923.jpeg\",\"width\":1024,\"height\":512,\"caption\":\"\u00a9 Fernando Fraz\u00e3o\\\/Ag\u00eancia\"},{\"@type\":\"BreadcrumbList\",\"@id\":\"https:\\\/\\\/www.fatosefotosnews.com.br\\\/?p=65263#breadcrumb\",\"itemListElement\":[{\"@type\":\"ListItem\",\"position\":1,\"name\":\"In\u00edcio\",\"item\":\"https:\\\/\\\/www.fatosefotosnews.com.br\\\/\"},{\"@type\":\"ListItem\",\"position\":2,\"name\":\"Metr\u00f4 e trem de S\u00e3o Paulo sobem para R$ 5 e tarifa de \u00f4nibus \u00e9 mantida\"}]},{\"@type\":\"WebSite\",\"@id\":\"https:\\\/\\\/www.fatosefotosnews.com.br\\\/#website\",\"url\":\"https:\\\/\\\/www.fatosefotosnews.com.br\\\/\",\"name\":\"Fatos e Fotos News\",\"description\":\"Um site de noticial verdadeira e confi\u00e1veis.\",\"publisher\":{\"@id\":\"https:\\\/\\\/www.fatosefotosnews.com.br\\\/#organization\"},\"potentialAction\":[{\"@type\":\"SearchAction\",\"target\":{\"@type\":\"EntryPoint\",\"urlTemplate\":\"https:\\\/\\\/www.fatosefotosnews.com.br\\\/?s={search_term_string}\"},\"query-input\":{\"@type\":\"PropertyValueSpecification\",\"valueRequired\":true,\"valueName\":\"search_term_string\"}}],\"inLanguage\":\"pt-BR\"},{\"@type\":\"Organization\",\"@id\":\"https:\\\/\\\/www.fatosefotosnews.com.br\\\/#organization\",\"name\":\"Fatos e Fotos News\",\"url\":\"https:\\\/\\\/www.fatosefotosnews.com.br\\\/\",\"logo\":{\"@type\":\"ImageObject\",\"inLanguage\":\"pt-BR\",\"@id\":\"https:\\\/\\\/www.fatosefotosnews.com.br\\\/#\\\/schema\\\/logo\\\/image\\\/\",\"url\":\"https:\\\/\\\/www.fatosefotosnews.com.br\\\/wp-content\\\/uploads\\\/2023\\\/02\\\/Fatos-e-Fotos-news-logo.png\",\"contentUrl\":\"https:\\\/\\\/www.fatosefotosnews.com.br\\\/wp-content\\\/uploads\\\/2023\\\/02\\\/Fatos-e-Fotos-news-logo.png\",\"width\":300,\"height\":58,\"caption\":\"Fatos e Fotos News\"},\"image\":{\"@id\":\"https:\\\/\\\/www.fatosefotosnews.com.br\\\/#\\\/schema\\\/logo\\\/image\\\/\"}},{\"@type\":\"Person\",\"@id\":\"https:\\\/\\\/www.fatosefotosnews.com.br\\\/#\\\/schema\\\/person\\\/3b80f81d08670fb1f6690e07eb8b5dc6\",\"name\":\"Da Reda\u00e7\u00e3o\",\"image\":{\"@type\":\"ImageObject\",\"inLanguage\":\"pt-BR\",\"@id\":\"https:\\\/\\\/secure.gravatar.com\\\/avatar\\\/696d39935a657bf0fc95044dbc9f912520430a0eb6dd46c85dd97eb6483b249b?s=96&d=mm&r=g\",\"url\":\"https:\\\/\\\/secure.gravatar.com\\\/avatar\\\/696d39935a657bf0fc95044dbc9f912520430a0eb6dd46c85dd97eb6483b249b?s=96&d=mm&r=g\",\"contentUrl\":\"https:\\\/\\\/secure.gravatar.com\\\/avatar\\\/696d39935a657bf0fc95044dbc9f912520430a0eb6dd46c85dd97eb6483b249b?s=96&d=mm&r=g\",\"caption\":\"Da Reda\u00e7\u00e3o\"},\"url\":\"https:\\\/\\\/www.fatosefotosnews.com.br\\\/?author=5\"}]}<\/script>\n<!-- \/ Yoast SEO plugin. -->","yoast_head_json":{"title":"Metr\u00f4 e trem de S\u00e3o Paulo sobem para R$ 5 e tarifa de \u00f4nibus \u00e9 mantida","description":"Metr\u00f4 e trem de S\u00e3o Paulo sobem para R$ 5 e tarifa de \u00f4nibus \u00e9 mantida","robots":{"index":"index","follow":"follow","max-snippet":"max-snippet:-1","max-image-preview":"max-image-preview:large","max-video-preview":"max-video-preview:-1"},"canonical":"https:\/\/www.fatosefotosnews.com.br\/?p=65263","og_locale":"pt_BR","og_type":"article","og_title":"Metr\u00f4 e trem de S\u00e3o Paulo sobem para R$ 5 e tarifa de \u00f4nibus \u00e9 mantida","og_description":"Metr\u00f4 e trem de S\u00e3o Paulo sobem para R$ 5 e tarifa de \u00f4nibus \u00e9 mantida","og_url":"https:\/\/www.fatosefotosnews.com.br\/?p=65263","og_site_name":"Fatos e Fotos News","article_published_time":"2023-12-15T18:46:01+00:00","og_image":[{"width":1024,"height":512,"url":"https:\/\/www.fatosefotosnews.com.br\/wp-content\/uploads\/2023\/12\/107e071601d90877957b26d96048e923.jpeg","type":"image\/jpeg"}],"author":"Da Reda\u00e7\u00e3o","twitter_card":"summary_large_image","twitter_misc":{"Escrito por":"Da Reda\u00e7\u00e3o","Est. tempo de leitura":"99 minutos"},"schema":{"@context":"https:\/\/schema.org","@graph":[{"@type":"Article","@id":"https:\/\/www.fatosefotosnews.com.br\/?p=65263#article","isPartOf":{"@id":"https:\/\/www.fatosefotosnews.com.br\/?p=65263"},"author":{"name":"Da Reda\u00e7\u00e3o","@id":"https:\/\/www.fatosefotosnews.com.br\/#\/schema\/person\/3b80f81d08670fb1f6690e07eb8b5dc6"},"headline":"Metr\u00f4 e trem de S\u00e3o Paulo sobem para R$ 5 e tarifa de \u00f4nibus \u00e9 mantida","datePublished":"2023-12-15T18:46:01+00:00","mainEntityOfPage":{"@id":"https:\/\/www.fatosefotosnews.com.br\/?p=65263"},"wordCount":447,"commentCount":0,"publisher":{"@id":"https:\/\/www.fatosefotosnews.com.br\/#organization"},"image":{"@id":"https:\/\/www.fatosefotosnews.com.br\/?p=65263#primaryimage"},"thumbnailUrl":"https:\/\/www.fatosefotosnews.com.br\/wp-content\/uploads\/2023\/12\/107e071601d90877957b26d96048e923.jpeg","keywords":["mantida","metro","onibus","paulo","sobem","tarifa"],"articleSection":["Geral"],"inLanguage":"pt-BR","potentialAction":[{"@type":"CommentAction","name":"Comment","target":["https:\/\/www.fatosefotosnews.com.br\/?p=65263#respond"]}]},{"@type":"WebPage","@id":"https:\/\/www.fatosefotosnews.com.br\/?p=65263","url":"https:\/\/www.fatosefotosnews.com.br\/?p=65263","name":"Metr\u00f4 e trem de S\u00e3o Paulo sobem para R$ 5 e tarifa de \u00f4nibus \u00e9 mantida","isPartOf":{"@id":"https:\/\/www.fatosefotosnews.com.br\/#website"},"primaryImageOfPage":{"@id":"https:\/\/www.fatosefotosnews.com.br\/?p=65263#primaryimage"},"image":{"@id":"https:\/\/www.fatosefotosnews.com.br\/?p=65263#primaryimage"},"thumbnailUrl":"https:\/\/www.fatosefotosnews.com.br\/wp-content\/uploads\/2023\/12\/107e071601d90877957b26d96048e923.jpeg","datePublished":"2023-12-15T18:46:01+00:00","description":"Metr\u00f4 e trem de S\u00e3o Paulo sobem para R$ 5 e tarifa de \u00f4nibus \u00e9 mantida","breadcrumb":{"@id":"https:\/\/www.fatosefotosnews.com.br\/?p=65263#breadcrumb"},"inLanguage":"pt-BR","potentialAction":[{"@type":"ReadAction","target":["https:\/\/www.fatosefotosnews.com.br\/?p=65263"]}]},{"@type":"ImageObject","inLanguage":"pt-BR","@id":"https:\/\/www.fatosefotosnews.com.br\/?p=65263#primaryimage","url":"https:\/\/www.fatosefotosnews.com.br\/wp-content\/uploads\/2023\/12\/107e071601d90877957b26d96048e923.jpeg","contentUrl":"https:\/\/www.fatosefotosnews.com.br\/wp-content\/uploads\/2023\/12\/107e071601d90877957b26d96048e923.jpeg","width":1024,"height":512,"caption":"\u00a9 Fernando Fraz\u00e3o\/Ag\u00eancia"},{"@type":"BreadcrumbList","@id":"https:\/\/www.fatosefotosnews.com.br\/?p=65263#breadcrumb","itemListElement":[{"@type":"ListItem","position":1,"name":"In\u00edcio","item":"https:\/\/www.fatosefotosnews.com.br\/"},{"@type":"ListItem","position":2,"name":"Metr\u00f4 e trem de S\u00e3o Paulo sobem para R$ 5 e tarifa de \u00f4nibus \u00e9 mantida"}]},{"@type":"WebSite","@id":"https:\/\/www.fatosefotosnews.com.br\/#website","url":"https:\/\/www.fatosefotosnews.com.br\/","name":"Fatos e Fotos News","description":"Um site de noticial verdadeira e confi\u00e1veis.","publisher":{"@id":"https:\/\/www.fatosefotosnews.com.br\/#organization"},"potentialAction":[{"@type":"SearchAction","target":{"@type":"EntryPoint","urlTemplate":"https:\/\/www.fatosefotosnews.com.br\/?s={search_term_string}"},"query-input":{"@type":"PropertyValueSpecification","valueRequired":true,"valueName":"search_term_string"}}],"inLanguage":"pt-BR"},{"@type":"Organization","@id":"https:\/\/www.fatosefotosnews.com.br\/#organization","name":"Fatos e Fotos News","url":"https:\/\/www.fatosefotosnews.com.br\/","logo":{"@type":"ImageObject","inLanguage":"pt-BR","@id":"https:\/\/www.fatosefotosnews.com.br\/#\/schema\/logo\/image\/","url":"https:\/\/www.fatosefotosnews.com.br\/wp-content\/uploads\/2023\/02\/Fatos-e-Fotos-news-logo.png","contentUrl":"https:\/\/www.fatosefotosnews.com.br\/wp-content\/uploads\/2023\/02\/Fatos-e-Fotos-news-logo.png","width":300,"height":58,"caption":"Fatos e Fotos News"},"image":{"@id":"https:\/\/www.fatosefotosnews.com.br\/#\/schema\/logo\/image\/"}},{"@type":"Person","@id":"https:\/\/www.fatosefotosnews.com.br\/#\/schema\/person\/3b80f81d08670fb1f6690e07eb8b5dc6","name":"Da Reda\u00e7\u00e3o","image":{"@type":"ImageObject","inLanguage":"pt-BR","@id":"https:\/\/secure.gravatar.com\/avatar\/696d39935a657bf0fc95044dbc9f912520430a0eb6dd46c85dd97eb6483b249b?s=96&d=mm&r=g","url":"https:\/\/secure.gravatar.com\/avatar\/696d39935a657bf0fc95044dbc9f912520430a0eb6dd46c85dd97eb6483b249b?s=96&d=mm&r=g","contentUrl":"https:\/\/secure.gravatar.com\/avatar\/696d39935a657bf0fc95044dbc9f912520430a0eb6dd46c85dd97eb6483b249b?s=96&d=mm&r=g","caption":"Da Reda\u00e7\u00e3o"},"url":"https:\/\/www.fatosefotosnews.com.br\/?author=5"}]}},"jetpack_publicize_connections":[],"blog_post_layout_featured_media_urls":{"thumbnail":["https:\/\/www.fatosefotosnews.com.br\/wp-content\/uploads\/2023\/12\/107e071601d90877957b26d96048e923-150x150.jpeg",150,150,true],"full":["https:\/\/www.fatosefotosnews.com.br\/wp-content\/uploads\/2023\/12\/107e071601d90877957b26d96048e923.jpeg",1024,512,false]},"categories_names":{"167":{"name":"Geral","link":"https:\/\/www.fatosefotosnews.com.br\/?cat=167"}},"tags_names":{"6079":{"name":"mantida","link":"https:\/\/www.fatosefotosnews.com.br\/?tag=mantida"},"403":{"name":"metro","link":"https:\/\/www.fatosefotosnews.com.br\/?tag=metro"},"412":{"name":"onibus","link":"https:\/\/www.fatosefotosnews.com.br\/?tag=onibus"},"398":{"name":"paulo","link":"https:\/\/www.fatosefotosnews.com.br\/?tag=paulo"},"2166":{"name":"sobem","link":"https:\/\/www.fatosefotosnews.com.br\/?tag=sobem"},"3947":{"name":"tarifa","link":"https:\/\/www.fatosefotosnews.com.br\/?tag=tarifa"}},"comments_number":"0","wpmagazine_modules_lite_featured_media_urls":{"thumbnail":["https:\/\/www.fatosefotosnews.com.br\/wp-content\/uploads\/2023\/12\/107e071601d90877957b26d96048e923-150x150.jpeg",150,150,true],"cvmm-medium":["https:\/\/www.fatosefotosnews.com.br\/wp-content\/uploads\/2023\/12\/107e071601d90877957b26d96048e923-300x300.jpeg",300,300,true],"cvmm-medium-plus":["https:\/\/www.fatosefotosnews.com.br\/wp-content\/uploads\/2023\/12\/107e071601d90877957b26d96048e923-305x207.jpeg",305,207,true],"cvmm-portrait":["https:\/\/www.fatosefotosnews.com.br\/wp-content\/uploads\/2023\/12\/107e071601d90877957b26d96048e923-400x512.jpeg",400,512,true],"cvmm-medium-square":["https:\/\/www.fatosefotosnews.com.br\/wp-content\/uploads\/2023\/12\/107e071601d90877957b26d96048e923-600x512.jpeg",600,512,true],"cvmm-large":["https:\/\/www.fatosefotosnews.com.br\/wp-content\/uploads\/2023\/12\/107e071601d90877957b26d96048e923.jpeg",1024,512,false],"cvmm-small":["https:\/\/www.fatosefotosnews.com.br\/wp-content\/uploads\/2023\/12\/107e071601d90877957b26d96048e923-130x95.jpeg",130,95,true],"full":["https:\/\/www.fatosefotosnews.com.br\/wp-content\/uploads\/2023\/12\/107e071601d90877957b26d96048e923.jpeg",1024,512,false]},"_links":{"self":[{"href":"https:\/\/www.fatosefotosnews.com.br\/index.php?rest_route=\/wp\/v2\/posts\/65263","targetHints":{"allow":["GET"]}}],"collection":[{"href":"https:\/\/www.fatosefotosnews.com.br\/index.php?rest_route=\/wp\/v2\/posts"}],"about":[{"href":"https:\/\/www.fatosefotosnews.com.br\/index.php?rest_route=\/wp\/v2\/types\/post"}],"author":[{"embeddable":true,"href":"https:\/\/www.fatosefotosnews.com.br\/index.php?rest_route=\/wp\/v2\/users\/5"}],"replies":[{"embeddable":true,"href":"https:\/\/www.fatosefotosnews.com.br\/index.php?rest_route=%2Fwp%2Fv2%2Fcomments&post=65263"}],"version-history":[{"count":0,"href":"https:\/\/www.fatosefotosnews.com.br\/index.php?rest_route=\/wp\/v2\/posts\/65263\/revisions"}],"wp:featuredmedia":[{"embeddable":true,"href":"https:\/\/www.fatosefotosnews.com.br\/index.php?rest_route=\/wp\/v2\/media\/65264"}],"wp:attachment":[{"href":"https:\/\/www.fatosefotosnews.com.br\/index.php?rest_route=%2Fwp%2Fv2%2Fmedia&parent=65263"}],"wp:term":[{"taxonomy":"category","embeddable":true,"href":"https:\/\/www.fatosefotosnews.com.br\/index.php?rest_route=%2Fwp%2Fv2%2Fcategories&post=65263"},{"taxonomy":"post_tag","embeddable":true,"href":"https:\/\/www.fatosefotosnews.com.br\/index.php?rest_route=%2Fwp%2Fv2%2Ftags&post=65263"}],"curies":[{"name":"wp","href":"https:\/\/api.w.org\/{rel}","templated":true}]}}