{"id":65911,"date":"2023-12-20T07:43:42","date_gmt":"2023-12-20T10:43:42","guid":{"rendered":"https:\/\/www.fatosefotosnews.com.br\/projeto-vai-mapear-situacao-do-atendimento-ao-cancer-infantojuvenil\/"},"modified":"2023-12-20T07:43:42","modified_gmt":"2023-12-20T10:43:42","slug":"projeto-vai-mapear-situacao-do-atendimento-ao-cancer-infantojuvenil","status":"publish","type":"post","link":"https:\/\/www.fatosefotosnews.com.br\/?p=65911","title":{"rendered":"Projeto vai mapear situa\u00e7\u00e3o do atendimento ao c\u00e2ncer infantojuvenil"},"content":{"rendered":"<p>O c\u00e2ncer \u00e9 a segunda causa de morte entre pessoas de 1 a 19 anos no Brasil. Segundo estimativa do Instituto Nacional do C\u00e2ncer (Inca), para cada ano do tri\u00eanio 2023\/2025\u00a0surgir\u00e3o no Brasil 7.930 novos casos entre crian\u00e7as e adolescentes. Diante desse quadro, a Confedera\u00e7\u00e3o Nacional de Institui\u00e7\u00f5es de Apoio e Assist\u00eancia \u00e0 Crian\u00e7a e ao Adolescente com C\u00e2ncer (Coniacc) e a Sociedade Brasileira de Oncologia Pedi\u00e1trica (Sobope) desenvolvem projeto para mapear da situa\u00e7\u00e3o do atendimento do c\u00e2ncer infantojuvenil em todo o pa\u00eds.<img decoding=\"async\" src=\"https:\/\/agenciabrasil.ebc.com.br\/ebc.png?id=1573481&#038;o=node\" style=\"width:1px;height:1px\"><img decoding=\"async\" src=\"https:\/\/agenciabrasil.ebc.com.br\/ebc.gif?id=1573481&#038;o=node\" style=\"width:1px;height:1px\"><\/p>\n<p>De acordo com as duas entidades, os resultados poder\u00e3o subsidiar novas pol\u00edticas p\u00fablicas. Chamado de\u00a0Mapeamento Nacional das Institui\u00e7\u00f5es de Assist\u00eancia \u00e0s Crian\u00e7as e aos Adolescentes com C\u00e2ncer, o projeto tem o apoio do Minist\u00e9rio da Sa\u00fade e de institui\u00e7\u00f5es que trabalham com c\u00e2ncer infantojuvenil, como o Childhood Cancer International (CCI), a Sociedade Latinoamericana de Oncologia Pedi\u00e1trica (SLAOP) e a Keira Grace Foundation, que tamb\u00e9m oferece suporte financeiro. Em agosto deste ano, foi realizada uma fase piloto. Em abril de 2024, as equipes devem voltar a campo.<\/p>\n<p>Em entrevista \u00e0\u00a0<strong>Ag\u00eancia Brasil<\/strong>, a m\u00e9dica oncologista pedi\u00e1trica e coordenadora do \u2018Molecular Tumor Board\u2019, vinculado ao Comit\u00ea de Medicina de Precis\u00e3o da Sobope, Carolina Camargo Vince, explicou que a previs\u00e3o \u00e9 mapear todas as institui\u00e7\u00f5es que tratam crian\u00e7as e adolescentes de c\u00e2ncer no pa\u00eds. Ser\u00e3o consideradas tanto as que est\u00e3o habilitadas pelo Sistema \u00danico de Sa\u00fade (SUS) como as que n\u00e3o est\u00e3o.<\/p>\n<p>\u201cO primeiro foco vai ser olhar para todas as institui\u00e7\u00f5es, habilitadas e n\u00e3o habilitadas, at\u00e9 para entender porque a ela\u00a0n\u00e3o \u00e9 habilitada mas trata o c\u00e2ncer infantil\u201d, ressaltou a especialista, lembrando que algumas delas s\u00e3o localizadas em regi\u00f5es\u00a0carentes de servi\u00e7os nas regi\u00f5es Norte e Nordeste. \u201cSimplesmente deixar de atender crian\u00e7a com c\u00e2ncer nessas \u00e1reas n\u00e3o \u00e9 o caminho\u201d. A previs\u00e3o \u00e9 visitar mais de 100 institui\u00e7\u00f5es.<\/p>\n<h2>Detalhamento<\/h2>\n<p>O c\u00e2ncer infantil representa cerca de 2% de todos os tipos da doen\u00e7a. Existem atualmente no Brasil 76 centros de tratamento habilitados pelo SUS e mais\u00a014 n\u00e3o habilitados, al\u00e9m de 48 institui\u00e7\u00f5es de apoio associadas \u00e0 Coniacc e 62 n\u00e3o vinculadas. Elas dever\u00e3o receber um question\u00e1rio do projeto. De posse das respostas, as equipes realizar\u00e3o visitas a esses locais. Nessas incurs\u00f5es, ser\u00e3o identificados pontos de maior fragilidade e necessidade de gerar um relat\u00f3rio.<\/p>\n<p>Segundo\u00a0Carolina, as equipes v\u00e3o levantar dados de maior sensibilidade. No caso das institui\u00e7\u00f5es n\u00e3o habilitadas, como muitas delas realizam n\u00famero pequeno de atendimentos por ano, a visita poder\u00e1 ser substitu\u00edda por uma reuni\u00e3o <em>online<\/em>.<\/p>\n<p>Em rela\u00e7\u00e3o \u00e0s institui\u00e7\u00f5es de apoio, a meta \u00e9 identificar as caracter\u00edsticas, o tipo e a qualidade do trabalho. Tamb\u00e9m ser\u00e1 uma preocupa\u00e7\u00e3o compreender de que forma a Coniacc e a Sobope podem ajudar. \u201cA ideia desse mapeamento \u00e9 amplo, para que a gente possa entender qual \u00e9 nosso o local de atua\u00e7\u00e3o principal e como se pode ajudar. Esse mapeamento \u00e9 um diagn\u00f3stico inicial do que ocorre hoje no Brasil no que se refere\u00a0ao c\u00e2ncer infantil\u201d.<\/p>\n<p>A ideia do projeto surgiu na Sociedade Internacional de Oncologia Pedi\u00e1trica, dentro de um movimento global, na tentativa de melhorar a taxa de cura do c\u00e2ncer infantil no mundo. Segundo Carolina Vince, os n\u00fameros existentes hoje s\u00e3o muito discrepantes. Para pa\u00edses de alta renda, o paciente infantil diagnosticado com c\u00e2ncer tem mais de 85% de chances de sobreviver, independentemente do diagn\u00f3stico. Para pa\u00edses de baixa renda, sobretudo na \u00c1frica, esse \u00edndice chega pr\u00f3ximo de 20%. \u201cA\u00a0desigualdade \u00e9 muito grande\u201d.<\/p>\n<p>Diante desse cen\u00e1rio, um movimento internacional vem buscando melhorar a condi\u00e7\u00e3o do tratamento nos pa\u00edses de m\u00e9dia e baixa renda. \u201cPara isso, a gente precisa entender o que est\u00e1 acontecendo\u201d, diz Carolina Vince. Por isso, v\u00e1rias sociedades de oncologia pedi\u00e1trica ao redor do mundo deram in\u00edcio ao mapeamento, a partir de um question\u00e1rio simples. No Brasil, o projeto elevou o grau de detalhamento, planejando visitas de forma pioneira.<\/p>\n<p>\u201cEm nenhum lugar do mundo foi feito assim. A ideia \u00e9 identificar as necessidades e poder atuar de forma efetiva do lado do governo, em uma a\u00e7\u00e3o tripartite&#8221;. A expectativa \u00e9 de que o resultado do mapeamento possa ser divulgado no segundo semestre do ano que vem.<\/p>\n<h2>Diagn\u00f3stico precoce<\/h2>\n<p>Somente em 2021\u00a0foram registradas no Brasil 2.425 mortes entre pessoas de 1 a 19 anos, decorrentes de neoplasias como leucemia, linfoma, neuroblastoma, retinoblastoma e tumores do sistema nervoso central. Carolina Camargo Vince explicou, contudo, que a chance de cura de c\u00e2ncer em crian\u00e7as e jovens \u00e9 maior do que entre adultos.<\/p>\n<p>Por outro lado, o diagn\u00f3stico precoce, considerando fundamental, \u00e9 muitas vezes um desafio. Boa parte dos casos de c\u00e2ncer em adultos est\u00e1 associada\u00a0a\u00a0fatores de risco, que podem ser rastreados por meio\u00a0de exames. &#8220;No c\u00e2ncer infantil, a gente n\u00e3o tem como rastrear, porque s\u00e3o doen\u00e7as que aparecem e s\u00e3o raras\u201d, observa Carolina.<\/p>\n<p>Ela explica que os sintomas podem ser semelhantes aos de outras enfermidades pr\u00f3prias da inf\u00e2ncia. Dessa forma, os m\u00e9dicos precisam sempre levar em conta a possibilidade de\u00a0c\u00e2ncer. Carolina tamb\u00e9m chama a aten\u00e7\u00e3o para o fato de que, entre as crian\u00e7as, h\u00e1 maior probabilidade de uma doen\u00e7a mais agressiva. Em contrapartida, esse c\u00e2ncer tende a responder bem ao tratamento com quimioterapia convencional. A chance de cura se aproxima de 85%, atingindo, em alguns casos mais de 90%.<\/p>\n<p>Em 2019, foi sancionada a Lei Federal 13.869, que assegura a realiza\u00e7\u00e3o de exames diagn\u00f3sticos do c\u00e2ncer em at\u00e9 30 dias aos pacientes do SUS. Ela complementa a Lei Federal 12.732\/2012, que estipula o in\u00edcio do tratamento na sa\u00fade p\u00fablica em no m\u00e1ximo 60 dias. &#8220;Como o c\u00e2ncer infantojuvenil \u00e9 distinto do c\u00e2ncer em adultos, ele precisa do diagn\u00f3stico o mais breve poss\u00edvel, o que nem sempre acontece\u201d, reiterou o presidente da Sobope, Nevi\u00e7olino Pereira de Carvalho Filho, m\u00e9dico oncologista pedi\u00e1trico do Hospital Santa Marcelina, em S\u00e3o Paulo.<\/p>\n<p id=\"infocoweb_fonte\" class=\"infocoweb_fonte\">Fonte: <a target=\"_blank\" href=\"https:\/\/agenciabrasil.ebc.com.br\/saude\/noticia\/2023-12\/projeto-vai-mapear-situacao-do-atendimento-ao-cancer-infantojuvenil#55bf0e66-fb95-4878-8a38-91bc4c57c2c3\" rel=\"noopener\">EBC SA\u00daDE<\/a><\/p>\n","protected":false},"excerpt":{"rendered":"<p>O c\u00e2ncer \u00e9 a segunda causa de morte entre pessoas de 1 a 19 anos no Brasil. Segundo estimativa do Instituto Nacional do C\u00e2ncer (Inca), para cada ano do tri\u00eanio 2023\/2025\u00a0surgir\u00e3o no Brasil 7.930 novos casos entre crian\u00e7as e adolescentes. Diante desse quadro, a Confedera\u00e7\u00e3o Nacional de Institui\u00e7\u00f5es de Apoio e Assist\u00eancia \u00e0 Crian\u00e7a e [&hellip;]<\/p>\n","protected":false},"author":5,"featured_media":65912,"comment_status":"open","ping_status":"open","sticky":false,"template":"","format":"standard","meta":{"_acf_changed":false,"_angie_page":false,"_monsterinsights_skip_tracking":false,"_themeisle_gutenberg_block_has_review":false,"page_builder":"","footnotes":"","jetpack_publicize_message":"","jetpack_publicize_feature_enabled":true,"jetpack_social_post_already_shared":false,"jetpack_social_options":{"image_generator_settings":{"template":"highway","default_image_id":0,"font":"","enabled":false},"version":2}},"categories":[],"tags":[3192,304,8337,2596,1760,996],"class_list":["post-65911","post","type-post","status-publish","format-standard","has-post-thumbnail","hentry","tag-atendimento","tag-cancer","tag-infantojuvenil","tag-mapear","tag-projeto","tag-situa"],"acf":[],"nelio_content":{"autoShareEndMode":"never","automationSources":{"useCustomSentences":false,"customSentences":[]},"efiAlt":"","efiUrl":"","followers":[5],"highlights":[],"isAutoShareEnabled":true,"networkImageIds":[],"permalinkQueryArgs":[],"series":[],"suggestedReferences":[]},"yoast_head":"<!-- This site is optimized with the Yoast SEO plugin v28.3 - https:\/\/yoast.com\/product\/yoast-seo-wordpress\/ -->\n<title>Projeto vai mapear situa\u00e7\u00e3o do atendimento ao c\u00e2ncer infantojuvenil<\/title>\n<meta name=\"description\" content=\"Projeto vai mapear situa\u00e7\u00e3o do atendimento ao c\u00e2ncer infantojuvenil\" \/>\n<meta name=\"robots\" content=\"index, follow, max-snippet:-1, max-image-preview:large, max-video-preview:-1\" \/>\n<link rel=\"canonical\" href=\"https:\/\/www.fatosefotosnews.com.br\/?p=65911\" \/>\n<meta property=\"og:locale\" content=\"pt_BR\" \/>\n<meta property=\"og:type\" content=\"article\" \/>\n<meta property=\"og:title\" content=\"Projeto vai mapear situa\u00e7\u00e3o do atendimento ao c\u00e2ncer infantojuvenil\" \/>\n<meta property=\"og:description\" content=\"Projeto vai mapear situa\u00e7\u00e3o do atendimento ao c\u00e2ncer infantojuvenil\" \/>\n<meta property=\"og:url\" content=\"https:\/\/www.fatosefotosnews.com.br\/?p=65911\" \/>\n<meta property=\"og:site_name\" content=\"Fatos e Fotos News\" \/>\n<meta property=\"article:published_time\" content=\"2023-12-20T10:43:42+00:00\" \/>\n<meta property=\"og:image\" content=\"https:\/\/www.fatosefotosnews.com.br\/wp-content\/uploads\/2023\/12\/c3ba1c603738d22d6494f780ebde0751.jpeg\" \/>\n\t<meta property=\"og:image:width\" content=\"1024\" \/>\n\t<meta property=\"og:image:height\" content=\"512\" \/>\n\t<meta property=\"og:image:type\" content=\"image\/jpeg\" \/>\n<meta name=\"author\" content=\"Da Reda\u00e7\u00e3o\" \/>\n<meta name=\"twitter:card\" content=\"summary_large_image\" \/>\n<meta name=\"twitter:label1\" content=\"Escrito por\" \/>\n\t<meta name=\"twitter:data1\" content=\"Da Reda\u00e7\u00e3o\" \/>\n\t<meta name=\"twitter:label2\" content=\"Est. tempo de leitura\" \/>\n\t<meta name=\"twitter:data2\" content=\"99 minutos\" \/>\n<script type=\"application\/ld+json\" class=\"yoast-schema-graph\">{\"@context\":\"https:\\\/\\\/schema.org\",\"@graph\":[{\"@type\":\"Article\",\"@id\":\"https:\\\/\\\/www.fatosefotosnews.com.br\\\/?p=65911#article\",\"isPartOf\":{\"@id\":\"https:\\\/\\\/www.fatosefotosnews.com.br\\\/?p=65911\"},\"author\":{\"name\":\"Da Reda\u00e7\u00e3o\",\"@id\":\"https:\\\/\\\/www.fatosefotosnews.com.br\\\/#\\\/schema\\\/person\\\/3b80f81d08670fb1f6690e07eb8b5dc6\"},\"headline\":\"Projeto vai mapear situa\u00e7\u00e3o do atendimento ao c\u00e2ncer infantojuvenil\",\"datePublished\":\"2023-12-20T10:43:42+00:00\",\"mainEntityOfPage\":{\"@id\":\"https:\\\/\\\/www.fatosefotosnews.com.br\\\/?p=65911\"},\"wordCount\":1063,\"commentCount\":0,\"publisher\":{\"@id\":\"https:\\\/\\\/www.fatosefotosnews.com.br\\\/#organization\"},\"image\":{\"@id\":\"https:\\\/\\\/www.fatosefotosnews.com.br\\\/?p=65911#primaryimage\"},\"thumbnailUrl\":\"https:\\\/\\\/www.fatosefotosnews.com.br\\\/wp-content\\\/uploads\\\/2023\\\/12\\\/c3ba1c603738d22d6494f780ebde0751.jpeg\",\"keywords\":[\"atendimento\",\"C\u00e2ncer\",\"infantojuvenil\",\"mapear\",\"projeto\",\"situa\"],\"inLanguage\":\"pt-BR\",\"potentialAction\":[{\"@type\":\"CommentAction\",\"name\":\"Comment\",\"target\":[\"https:\\\/\\\/www.fatosefotosnews.com.br\\\/?p=65911#respond\"]}]},{\"@type\":\"WebPage\",\"@id\":\"https:\\\/\\\/www.fatosefotosnews.com.br\\\/?p=65911\",\"url\":\"https:\\\/\\\/www.fatosefotosnews.com.br\\\/?p=65911\",\"name\":\"Projeto vai mapear situa\u00e7\u00e3o do atendimento ao c\u00e2ncer infantojuvenil\",\"isPartOf\":{\"@id\":\"https:\\\/\\\/www.fatosefotosnews.com.br\\\/#website\"},\"primaryImageOfPage\":{\"@id\":\"https:\\\/\\\/www.fatosefotosnews.com.br\\\/?p=65911#primaryimage\"},\"image\":{\"@id\":\"https:\\\/\\\/www.fatosefotosnews.com.br\\\/?p=65911#primaryimage\"},\"thumbnailUrl\":\"https:\\\/\\\/www.fatosefotosnews.com.br\\\/wp-content\\\/uploads\\\/2023\\\/12\\\/c3ba1c603738d22d6494f780ebde0751.jpeg\",\"datePublished\":\"2023-12-20T10:43:42+00:00\",\"description\":\"Projeto vai mapear situa\u00e7\u00e3o do atendimento ao c\u00e2ncer infantojuvenil\",\"breadcrumb\":{\"@id\":\"https:\\\/\\\/www.fatosefotosnews.com.br\\\/?p=65911#breadcrumb\"},\"inLanguage\":\"pt-BR\",\"potentialAction\":[{\"@type\":\"ReadAction\",\"target\":[\"https:\\\/\\\/www.fatosefotosnews.com.br\\\/?p=65911\"]}]},{\"@type\":\"ImageObject\",\"inLanguage\":\"pt-BR\",\"@id\":\"https:\\\/\\\/www.fatosefotosnews.com.br\\\/?p=65911#primaryimage\",\"url\":\"https:\\\/\\\/www.fatosefotosnews.com.br\\\/wp-content\\\/uploads\\\/2023\\\/12\\\/c3ba1c603738d22d6494f780ebde0751.jpeg\",\"contentUrl\":\"https:\\\/\\\/www.fatosefotosnews.com.br\\\/wp-content\\\/uploads\\\/2023\\\/12\\\/c3ba1c603738d22d6494f780ebde0751.jpeg\",\"width\":1024,\"height\":512,\"caption\":\"\u00a9 Fabio Rodrigues Pozzebom\\\/Ag\u00eancia\"},{\"@type\":\"BreadcrumbList\",\"@id\":\"https:\\\/\\\/www.fatosefotosnews.com.br\\\/?p=65911#breadcrumb\",\"itemListElement\":[{\"@type\":\"ListItem\",\"position\":1,\"name\":\"In\u00edcio\",\"item\":\"https:\\\/\\\/www.fatosefotosnews.com.br\\\/\"},{\"@type\":\"ListItem\",\"position\":2,\"name\":\"Projeto vai mapear situa\u00e7\u00e3o do atendimento ao c\u00e2ncer infantojuvenil\"}]},{\"@type\":\"WebSite\",\"@id\":\"https:\\\/\\\/www.fatosefotosnews.com.br\\\/#website\",\"url\":\"https:\\\/\\\/www.fatosefotosnews.com.br\\\/\",\"name\":\"Fatos e Fotos News\",\"description\":\"Um site de noticial verdadeira e confi\u00e1veis.\",\"publisher\":{\"@id\":\"https:\\\/\\\/www.fatosefotosnews.com.br\\\/#organization\"},\"potentialAction\":[{\"@type\":\"SearchAction\",\"target\":{\"@type\":\"EntryPoint\",\"urlTemplate\":\"https:\\\/\\\/www.fatosefotosnews.com.br\\\/?s={search_term_string}\"},\"query-input\":{\"@type\":\"PropertyValueSpecification\",\"valueRequired\":true,\"valueName\":\"search_term_string\"}}],\"inLanguage\":\"pt-BR\"},{\"@type\":\"Organization\",\"@id\":\"https:\\\/\\\/www.fatosefotosnews.com.br\\\/#organization\",\"name\":\"Fatos e Fotos News\",\"url\":\"https:\\\/\\\/www.fatosefotosnews.com.br\\\/\",\"logo\":{\"@type\":\"ImageObject\",\"inLanguage\":\"pt-BR\",\"@id\":\"https:\\\/\\\/www.fatosefotosnews.com.br\\\/#\\\/schema\\\/logo\\\/image\\\/\",\"url\":\"https:\\\/\\\/www.fatosefotosnews.com.br\\\/wp-content\\\/uploads\\\/2023\\\/02\\\/Fatos-e-Fotos-news-logo.png\",\"contentUrl\":\"https:\\\/\\\/www.fatosefotosnews.com.br\\\/wp-content\\\/uploads\\\/2023\\\/02\\\/Fatos-e-Fotos-news-logo.png\",\"width\":300,\"height\":58,\"caption\":\"Fatos e Fotos News\"},\"image\":{\"@id\":\"https:\\\/\\\/www.fatosefotosnews.com.br\\\/#\\\/schema\\\/logo\\\/image\\\/\"}},{\"@type\":\"Person\",\"@id\":\"https:\\\/\\\/www.fatosefotosnews.com.br\\\/#\\\/schema\\\/person\\\/3b80f81d08670fb1f6690e07eb8b5dc6\",\"name\":\"Da Reda\u00e7\u00e3o\",\"image\":{\"@type\":\"ImageObject\",\"inLanguage\":\"pt-BR\",\"@id\":\"https:\\\/\\\/secure.gravatar.com\\\/avatar\\\/696d39935a657bf0fc95044dbc9f912520430a0eb6dd46c85dd97eb6483b249b?s=96&d=mm&r=g\",\"url\":\"https:\\\/\\\/secure.gravatar.com\\\/avatar\\\/696d39935a657bf0fc95044dbc9f912520430a0eb6dd46c85dd97eb6483b249b?s=96&d=mm&r=g\",\"contentUrl\":\"https:\\\/\\\/secure.gravatar.com\\\/avatar\\\/696d39935a657bf0fc95044dbc9f912520430a0eb6dd46c85dd97eb6483b249b?s=96&d=mm&r=g\",\"caption\":\"Da Reda\u00e7\u00e3o\"},\"url\":\"https:\\\/\\\/www.fatosefotosnews.com.br\\\/?author=5\"}]}<\/script>\n<!-- \/ Yoast SEO plugin. -->","yoast_head_json":{"title":"Projeto vai mapear situa\u00e7\u00e3o do atendimento ao c\u00e2ncer infantojuvenil","description":"Projeto vai mapear situa\u00e7\u00e3o do atendimento ao c\u00e2ncer infantojuvenil","robots":{"index":"index","follow":"follow","max-snippet":"max-snippet:-1","max-image-preview":"max-image-preview:large","max-video-preview":"max-video-preview:-1"},"canonical":"https:\/\/www.fatosefotosnews.com.br\/?p=65911","og_locale":"pt_BR","og_type":"article","og_title":"Projeto vai mapear situa\u00e7\u00e3o do atendimento ao c\u00e2ncer infantojuvenil","og_description":"Projeto vai mapear situa\u00e7\u00e3o do atendimento ao c\u00e2ncer infantojuvenil","og_url":"https:\/\/www.fatosefotosnews.com.br\/?p=65911","og_site_name":"Fatos e Fotos News","article_published_time":"2023-12-20T10:43:42+00:00","og_image":[{"width":1024,"height":512,"url":"https:\/\/www.fatosefotosnews.com.br\/wp-content\/uploads\/2023\/12\/c3ba1c603738d22d6494f780ebde0751.jpeg","type":"image\/jpeg"}],"author":"Da Reda\u00e7\u00e3o","twitter_card":"summary_large_image","twitter_misc":{"Escrito por":"Da Reda\u00e7\u00e3o","Est. tempo de leitura":"99 minutos"},"schema":{"@context":"https:\/\/schema.org","@graph":[{"@type":"Article","@id":"https:\/\/www.fatosefotosnews.com.br\/?p=65911#article","isPartOf":{"@id":"https:\/\/www.fatosefotosnews.com.br\/?p=65911"},"author":{"name":"Da Reda\u00e7\u00e3o","@id":"https:\/\/www.fatosefotosnews.com.br\/#\/schema\/person\/3b80f81d08670fb1f6690e07eb8b5dc6"},"headline":"Projeto vai mapear situa\u00e7\u00e3o do atendimento ao c\u00e2ncer infantojuvenil","datePublished":"2023-12-20T10:43:42+00:00","mainEntityOfPage":{"@id":"https:\/\/www.fatosefotosnews.com.br\/?p=65911"},"wordCount":1063,"commentCount":0,"publisher":{"@id":"https:\/\/www.fatosefotosnews.com.br\/#organization"},"image":{"@id":"https:\/\/www.fatosefotosnews.com.br\/?p=65911#primaryimage"},"thumbnailUrl":"https:\/\/www.fatosefotosnews.com.br\/wp-content\/uploads\/2023\/12\/c3ba1c603738d22d6494f780ebde0751.jpeg","keywords":["atendimento","C\u00e2ncer","infantojuvenil","mapear","projeto","situa"],"inLanguage":"pt-BR","potentialAction":[{"@type":"CommentAction","name":"Comment","target":["https:\/\/www.fatosefotosnews.com.br\/?p=65911#respond"]}]},{"@type":"WebPage","@id":"https:\/\/www.fatosefotosnews.com.br\/?p=65911","url":"https:\/\/www.fatosefotosnews.com.br\/?p=65911","name":"Projeto vai mapear situa\u00e7\u00e3o do atendimento ao c\u00e2ncer infantojuvenil","isPartOf":{"@id":"https:\/\/www.fatosefotosnews.com.br\/#website"},"primaryImageOfPage":{"@id":"https:\/\/www.fatosefotosnews.com.br\/?p=65911#primaryimage"},"image":{"@id":"https:\/\/www.fatosefotosnews.com.br\/?p=65911#primaryimage"},"thumbnailUrl":"https:\/\/www.fatosefotosnews.com.br\/wp-content\/uploads\/2023\/12\/c3ba1c603738d22d6494f780ebde0751.jpeg","datePublished":"2023-12-20T10:43:42+00:00","description":"Projeto vai mapear situa\u00e7\u00e3o do atendimento ao c\u00e2ncer infantojuvenil","breadcrumb":{"@id":"https:\/\/www.fatosefotosnews.com.br\/?p=65911#breadcrumb"},"inLanguage":"pt-BR","potentialAction":[{"@type":"ReadAction","target":["https:\/\/www.fatosefotosnews.com.br\/?p=65911"]}]},{"@type":"ImageObject","inLanguage":"pt-BR","@id":"https:\/\/www.fatosefotosnews.com.br\/?p=65911#primaryimage","url":"https:\/\/www.fatosefotosnews.com.br\/wp-content\/uploads\/2023\/12\/c3ba1c603738d22d6494f780ebde0751.jpeg","contentUrl":"https:\/\/www.fatosefotosnews.com.br\/wp-content\/uploads\/2023\/12\/c3ba1c603738d22d6494f780ebde0751.jpeg","width":1024,"height":512,"caption":"\u00a9 Fabio Rodrigues Pozzebom\/Ag\u00eancia"},{"@type":"BreadcrumbList","@id":"https:\/\/www.fatosefotosnews.com.br\/?p=65911#breadcrumb","itemListElement":[{"@type":"ListItem","position":1,"name":"In\u00edcio","item":"https:\/\/www.fatosefotosnews.com.br\/"},{"@type":"ListItem","position":2,"name":"Projeto vai mapear situa\u00e7\u00e3o do atendimento ao c\u00e2ncer infantojuvenil"}]},{"@type":"WebSite","@id":"https:\/\/www.fatosefotosnews.com.br\/#website","url":"https:\/\/www.fatosefotosnews.com.br\/","name":"Fatos e Fotos News","description":"Um site de noticial verdadeira e confi\u00e1veis.","publisher":{"@id":"https:\/\/www.fatosefotosnews.com.br\/#organization"},"potentialAction":[{"@type":"SearchAction","target":{"@type":"EntryPoint","urlTemplate":"https:\/\/www.fatosefotosnews.com.br\/?s={search_term_string}"},"query-input":{"@type":"PropertyValueSpecification","valueRequired":true,"valueName":"search_term_string"}}],"inLanguage":"pt-BR"},{"@type":"Organization","@id":"https:\/\/www.fatosefotosnews.com.br\/#organization","name":"Fatos e Fotos News","url":"https:\/\/www.fatosefotosnews.com.br\/","logo":{"@type":"ImageObject","inLanguage":"pt-BR","@id":"https:\/\/www.fatosefotosnews.com.br\/#\/schema\/logo\/image\/","url":"https:\/\/www.fatosefotosnews.com.br\/wp-content\/uploads\/2023\/02\/Fatos-e-Fotos-news-logo.png","contentUrl":"https:\/\/www.fatosefotosnews.com.br\/wp-content\/uploads\/2023\/02\/Fatos-e-Fotos-news-logo.png","width":300,"height":58,"caption":"Fatos e Fotos News"},"image":{"@id":"https:\/\/www.fatosefotosnews.com.br\/#\/schema\/logo\/image\/"}},{"@type":"Person","@id":"https:\/\/www.fatosefotosnews.com.br\/#\/schema\/person\/3b80f81d08670fb1f6690e07eb8b5dc6","name":"Da Reda\u00e7\u00e3o","image":{"@type":"ImageObject","inLanguage":"pt-BR","@id":"https:\/\/secure.gravatar.com\/avatar\/696d39935a657bf0fc95044dbc9f912520430a0eb6dd46c85dd97eb6483b249b?s=96&d=mm&r=g","url":"https:\/\/secure.gravatar.com\/avatar\/696d39935a657bf0fc95044dbc9f912520430a0eb6dd46c85dd97eb6483b249b?s=96&d=mm&r=g","contentUrl":"https:\/\/secure.gravatar.com\/avatar\/696d39935a657bf0fc95044dbc9f912520430a0eb6dd46c85dd97eb6483b249b?s=96&d=mm&r=g","caption":"Da Reda\u00e7\u00e3o"},"url":"https:\/\/www.fatosefotosnews.com.br\/?author=5"}]}},"jetpack_publicize_connections":[],"blog_post_layout_featured_media_urls":{"thumbnail":["https:\/\/www.fatosefotosnews.com.br\/wp-content\/uploads\/2023\/12\/c3ba1c603738d22d6494f780ebde0751-150x150.jpeg",150,150,true],"full":["https:\/\/www.fatosefotosnews.com.br\/wp-content\/uploads\/2023\/12\/c3ba1c603738d22d6494f780ebde0751.jpeg",1024,512,false]},"categories_names":null,"tags_names":{"3192":{"name":"atendimento","link":"https:\/\/www.fatosefotosnews.com.br\/?tag=atendimento"},"304":{"name":"C\u00e2ncer","link":"https:\/\/www.fatosefotosnews.com.br\/?tag=cancer"},"8337":{"name":"infantojuvenil","link":"https:\/\/www.fatosefotosnews.com.br\/?tag=infantojuvenil"},"2596":{"name":"mapear","link":"https:\/\/www.fatosefotosnews.com.br\/?tag=mapear"},"1760":{"name":"projeto","link":"https:\/\/www.fatosefotosnews.com.br\/?tag=projeto"},"996":{"name":"situa","link":"https:\/\/www.fatosefotosnews.com.br\/?tag=situa"}},"comments_number":"0","wpmagazine_modules_lite_featured_media_urls":{"thumbnail":["https:\/\/www.fatosefotosnews.com.br\/wp-content\/uploads\/2023\/12\/c3ba1c603738d22d6494f780ebde0751-150x150.jpeg",150,150,true],"cvmm-medium":["https:\/\/www.fatosefotosnews.com.br\/wp-content\/uploads\/2023\/12\/c3ba1c603738d22d6494f780ebde0751-300x300.jpeg",300,300,true],"cvmm-medium-plus":["https:\/\/www.fatosefotosnews.com.br\/wp-content\/uploads\/2023\/12\/c3ba1c603738d22d6494f780ebde0751-305x207.jpeg",305,207,true],"cvmm-portrait":["https:\/\/www.fatosefotosnews.com.br\/wp-content\/uploads\/2023\/12\/c3ba1c603738d22d6494f780ebde0751-400x512.jpeg",400,512,true],"cvmm-medium-square":["https:\/\/www.fatosefotosnews.com.br\/wp-content\/uploads\/2023\/12\/c3ba1c603738d22d6494f780ebde0751-600x512.jpeg",600,512,true],"cvmm-large":["https:\/\/www.fatosefotosnews.com.br\/wp-content\/uploads\/2023\/12\/c3ba1c603738d22d6494f780ebde0751.jpeg",1024,512,false],"cvmm-small":["https:\/\/www.fatosefotosnews.com.br\/wp-content\/uploads\/2023\/12\/c3ba1c603738d22d6494f780ebde0751-130x95.jpeg",130,95,true],"full":["https:\/\/www.fatosefotosnews.com.br\/wp-content\/uploads\/2023\/12\/c3ba1c603738d22d6494f780ebde0751.jpeg",1024,512,false]},"_links":{"self":[{"href":"https:\/\/www.fatosefotosnews.com.br\/index.php?rest_route=\/wp\/v2\/posts\/65911","targetHints":{"allow":["GET"]}}],"collection":[{"href":"https:\/\/www.fatosefotosnews.com.br\/index.php?rest_route=\/wp\/v2\/posts"}],"about":[{"href":"https:\/\/www.fatosefotosnews.com.br\/index.php?rest_route=\/wp\/v2\/types\/post"}],"author":[{"embeddable":true,"href":"https:\/\/www.fatosefotosnews.com.br\/index.php?rest_route=\/wp\/v2\/users\/5"}],"replies":[{"embeddable":true,"href":"https:\/\/www.fatosefotosnews.com.br\/index.php?rest_route=%2Fwp%2Fv2%2Fcomments&post=65911"}],"version-history":[{"count":0,"href":"https:\/\/www.fatosefotosnews.com.br\/index.php?rest_route=\/wp\/v2\/posts\/65911\/revisions"}],"wp:featuredmedia":[{"embeddable":true,"href":"https:\/\/www.fatosefotosnews.com.br\/index.php?rest_route=\/wp\/v2\/media\/65912"}],"wp:attachment":[{"href":"https:\/\/www.fatosefotosnews.com.br\/index.php?rest_route=%2Fwp%2Fv2%2Fmedia&parent=65911"}],"wp:term":[{"taxonomy":"category","embeddable":true,"href":"https:\/\/www.fatosefotosnews.com.br\/index.php?rest_route=%2Fwp%2Fv2%2Fcategories&post=65911"},{"taxonomy":"post_tag","embeddable":true,"href":"https:\/\/www.fatosefotosnews.com.br\/index.php?rest_route=%2Fwp%2Fv2%2Ftags&post=65911"}],"curies":[{"name":"wp","href":"https:\/\/api.w.org\/{rel}","templated":true}]}}