{"id":68026,"date":"2024-01-04T16:44:51","date_gmt":"2024-01-04T19:44:51","guid":{"rendered":"https:\/\/www.fatosefotosnews.com.br\/conheca-os-principais-produtos-da-linha-vintage-da-granado\/"},"modified":"2024-01-04T16:44:51","modified_gmt":"2024-01-04T19:44:51","slug":"conheca-os-principais-produtos-da-linha-vintage-da-granado","status":"publish","type":"post","link":"https:\/\/www.fatosefotosnews.com.br\/?p=68026","title":{"rendered":"Conhe\u00e7a os principais produtos da linha vintage da Granado"},"content":{"rendered":"<p><meta name=\"robots\" content=\"noindex\"><mreta name=\"googlebot\" content=\"noindex\"><\/p>\n<div class=\"Noticia_Foto fato\">\n<figure class=\"foto-legenda\" style=\"position: relative\">\n<div class=\"foto-legenda-img\"> <img loading=\"lazy\" decoding=\"async\" src=\"https:\/\/i0.statig.com.br\/bancodeimagens\/c8\/yp\/j4\/c8ypj41s25lba4vaxh5cou5qq.jpg\" loading=\"lazy\" width=\"652\" height=\"408\" alt=\"Conhe\u00e7a os principais produtos da linha vintage da Granado\" title=\"Conhe\u00e7a os principais produtos da linha vintage da Granado\"> <\/div><figcaption class=\"foto-legenda-citacao\"> <cite>Foto: Reprodu\u00e7\u00e3o<\/cite> <\/p>\n<div class=\"foto-legenda-citacao-text\">Conhe\u00e7a os principais produtos da linha vintage da Granado<\/div>\n<\/figcaption><\/figure>\n<\/p>\n<\/div>\n<p>Explore a eleg\u00e2ncia atemporal da Linha Vintage da Granado. Descubra <strong> <a href=\"https:\/\/www.selecoes.com.br\/beleza\/sabonetes-granado-mais-cheirosos-que-vao-surpreender\/\" rel=\"noopener\" target=\"_blank\">produtos que capturam a rica hist\u00f3ria da marca<\/a> <\/strong> , resgatando refer\u00eancias cl\u00e1ssicas e apresentando fragr\u00e2ncias sofisticadas. Pensando em tudo isso, destacamos os principais itens que personificam a tradi\u00e7\u00e3o, qualidade e autenticidade da Granado Vintage. De col\u00f4nias a velas perfumadas, <strong> <a href=\"https:\/\/www.selecoes.com.br\/beleza\/perfumes-baratos-perfeitos-pro-calor\/\" rel=\"noopener\" target=\"_blank\"> cada produto \u00e9 uma celebra\u00e7\u00e3o da heran\u00e7a da marca<\/a> <\/strong> , oferecendo experi\u00eancias sensoriais \u00fanicas. Explore a beleza e a sofistica\u00e7\u00e3o da Linha Vintage, onde o passado encontra o presente.<\/p>\n<p> <strong>Leia tamb\u00e9m: <a href=\"https:\/\/www.selecoes.com.br\/beleza\/quais-sao-os-produtos-da-granado-vb\/\" rel=\"noopener\" target=\"_blank\">Quais s\u00e3o os produtos da Granado?<\/a> <\/strong> <\/p>\n<h2> <strong>Os principais produtos da linha vintage da Granado<\/strong> <\/h2>\n<p>Conhe\u00e7a tudo sobre esses produtos feitos e pensados com muito carinho pela marca.<\/p>\n<h3> <strong>1. Kit Trio Velas Coloniais Vintage<\/strong> <\/h3>\n<p>A linha Vintage da Granado oferece um kit com 3 mini velas exclusivas em fragr\u00e2ncias como Verbena, Oud e Lavanda. Feitas com 88% de ingredientes naturais, as Velas Perfumadas Granado s\u00e3o artesanais, que utilizam cera vegetal de \u00f3leo de coco e pavio de algod\u00e3o.<\/p>\n<p>Al\u00e9m de longa dura\u00e7\u00e3o, a embalagem r\u00edgida, inspirada na identidade visual da cole\u00e7\u00e3o, torna o kit um presente sofisticado e criativo. A linha Vintage resgata a hist\u00f3ria da Granado, representando mais de 150 anos de tradi\u00e7\u00e3o, com produtos veganos e sem testes em animais.<\/p>\n<h3> <strong>2. <span class=\"base\" data-ui-id=\"page-title-wrapper\">Kit Granado Spray de Ambiente e Sabonete L\u00edquido Bossa<\/span> <\/strong> <\/h3>\n<p>A fragr\u00e2ncia Bossa da Granado celebra o Rio de Janeiro, destacando seu litoral e estilo de vida descontra\u00eddo. O Kit Spray de Ambiente + Sabonete L\u00edquido \u00e9 ideal para casa, trazendo um spray com 96% de ingredientes naturais, permitindo controle da intensidade, e um sabonete l\u00edquido para m\u00e3os e corpo com 88% de ingredientes naturais, proporcionando maciez e hidrata\u00e7\u00e3o. A embalagem resgata o Acervo Granado e homenageia a Perfumaria H\u00e9lios. Um presente encantador.<\/p>\n<h3> <strong>3. <span class=\"base\" data-ui-id=\"page-title-wrapper\">Perfume Granado Expedi\u00e7\u00e3o <\/span> <\/strong> <\/h3>\n<p>A cole\u00e7\u00e3o Vintage de perfumes da Granado apresenta fragr\u00e2ncias atemporais, com destaque para a Expedi\u00e7\u00e3o, que combina notas amadeiradas, c\u00edtricas e cremosas do \u00e2mbar. A embalagem luxuosa e exclusiva ressalta a sofistica\u00e7\u00e3o da fragr\u00e2ncia, enquanto a eau de parfum \u00e9 produzida com \u00e1lcool extra neutro e passa por macera\u00e7\u00e3o para aprimoramento das notas olfativas. <\/p>\n<p>A linha Vintage homenageia a Perfumaria H\u00e9lios, representando a tradi\u00e7\u00e3o e riqueza de mais de 150 anos da Granado. Produto vegano; n\u00e3o testado em animais.<\/p>\n<h3>4. <span class=\"base\" data-ui-id=\"page-title-wrapper\">Col\u00f4nia Gard\u00eania<\/span> <\/h3>\n<p> <span class=\"base\" data-ui-id=\"page-title-wrapper\">A Granado apresenta, em edi\u00e7\u00e3o limitada, a fragr\u00e2ncia floral de gard\u00eania, destacando suas p\u00e9talas brancas e delicadas. A interpreta\u00e7\u00e3o \u00fanica da Granado resulta em um floral fresco com nuances verdes e suaves de ch\u00e1, harmonizado com \u00e2mbar e musk nas notas de fundo. <\/span> <\/p>\n<p> <span class=\"base\" data-ui-id=\"page-title-wrapper\">A col\u00f4nia, com 92% de ingredientes naturais, \u00e9 produzida com \u00e1lcool extra neutro e passa por macera\u00e7\u00e3o para maior harmonia nas notas olfativas. A embalagem reflete a identidade visual da linha Vintage, proporcionando uma experi\u00eancia sofisticada. Produto vegano; n\u00e3o testado em animais.<\/span> <\/p>\n<h3>5. <span class=\"base\" data-ui-id=\"page-title-wrapper\">Kit Ovo Minicol\u00f4nia e Sabonete Ch\u00e1 Preto &#038; Bergamota<\/span> <\/h3>\n<p> <span class=\"base\" data-ui-id=\"page-title-wrapper\">A fragr\u00e2ncia Ch\u00e1 Preto &#038; Bergamota combina o frescor c\u00edtrico e especiarias frias com a eleg\u00e2ncia das madeiras. O Kit Ovo Minicol\u00f4nia e Sabonete apresenta uma col\u00f4nia de 25ml e um sabonete em barra cremoso de 50g. O sabonete possui 76% de ingredientes naturais, enriquecido com manteiga de murumuru e \u00f3leo de coco e palma para hidrata\u00e7\u00e3o e nutri\u00e7\u00e3o. <\/span> <\/p>\n<p> <span class=\"base\" data-ui-id=\"page-title-wrapper\">A col\u00f4nia, em embalagem pr\u00e1tica, passa por macera\u00e7\u00e3o, garantindo harmonia nas notas olfativas. A caixa r\u00edgida reflete a identidade visual da linha Vintage, proporcionando sofistica\u00e7\u00e3o. Produtos veganos; n\u00e3o testados em animais.<\/span> <\/p>\n<p>E a\u00ed, curtiu essa mat\u00e9ria? Ent\u00e3o conhe\u00e7a e siga a gente em nossos perfis no <strong> <a href=\"https:\/\/www.facebook.com\/selecoes\/\" rel=\"noopener\" target=\"_blank\">Facebook<\/a> , <a href=\"https:\/\/www.instagram.com\/revistaselecoes\/\" rel=\"noopener\" target=\"_blank\">Instagram<\/a> , <a href=\"https:\/\/twitter.com\/selecoesbrasil\/\" rel=\"noopener\" target=\"_blank\">Twitter<\/a> <\/strong> e <strong> <a href=\"https:\/\/br.pinterest.com\/revistaselecoes\/\" rel=\"noopener\" target=\"_blank\">Pinterest <\/a> <\/strong> para conferir muito mais!<\/p>\n<p id=\"infocoweb_fonte\" class=\"infocoweb_fonte\">Fonte: <a target=\"_blank\" href=\"http:\/\/delas.ig.com.br\/parceiros\/selecoes\/2024-01-04\/conheca-os-principais-produtos-da-linha-vintage-da-granado.html#497daa75-a50b-4646-907b-0a30dae307a6\" rel=\"noopener\">Mulher<\/a><\/p>\n","protected":false},"excerpt":{"rendered":"<p>Foto: Reprodu\u00e7\u00e3o Conhe\u00e7a os principais produtos da linha vintage da Granado Explore a eleg\u00e2ncia atemporal da Linha Vintage da Granado. Descubra produtos que capturam a rica hist\u00f3ria da marca , resgatando refer\u00eancias cl\u00e1ssicas e apresentando fragr\u00e2ncias sofisticadas. Pensando em tudo isso, destacamos os principais itens que personificam a tradi\u00e7\u00e3o, qualidade e autenticidade da Granado Vintage. [&hellip;]<\/p>\n","protected":false},"author":5,"featured_media":68027,"comment_status":"open","ping_status":"open","sticky":false,"template":"","format":"standard","meta":{"_acf_changed":false,"_angie_page":false,"_monsterinsights_skip_tracking":false,"_themeisle_gutenberg_block_has_review":false,"page_builder":"","footnotes":"","jetpack_publicize_message":"","jetpack_publicize_feature_enabled":true,"jetpack_social_post_already_shared":false,"jetpack_social_options":{"image_generator_settings":{"template":"highway","default_image_id":0,"font":"","enabled":false},"version":2}},"categories":[3],"tags":[562,17562,400,1887,1409,8494],"class_list":["post-68026","post","type-post","status-publish","format-standard","has-post-thumbnail","hentry","category-entretenimento","tag-conhe","tag-granado","tag-linha","tag-principais","tag-produtos","tag-vintage"],"acf":[],"nelio_content":{"autoShareEndMode":"never","automationSources":{"useCustomSentences":false,"customSentences":[]},"efiAlt":"","efiUrl":"","followers":[5],"highlights":[],"isAutoShareEnabled":true,"networkImageIds":[],"permalinkQueryArgs":[],"series":[],"suggestedReferences":[]},"yoast_head":"<!-- This site is optimized with the Yoast SEO plugin v28.3 - https:\/\/yoast.com\/product\/yoast-seo-wordpress\/ -->\n<title>Conhe\u00e7a os principais produtos da linha vintage da Granado<\/title>\n<meta name=\"description\" content=\"Conhe\u00e7a os principais produtos da linha vintage da Granado\" \/>\n<meta name=\"robots\" content=\"index, follow, max-snippet:-1, max-image-preview:large, max-video-preview:-1\" \/>\n<link rel=\"canonical\" href=\"https:\/\/www.fatosefotosnews.com.br\/?p=68026\" \/>\n<meta property=\"og:locale\" content=\"pt_BR\" \/>\n<meta property=\"og:type\" content=\"article\" \/>\n<meta property=\"og:title\" content=\"Conhe\u00e7a os principais produtos da linha vintage da Granado\" \/>\n<meta property=\"og:description\" content=\"Conhe\u00e7a os principais produtos da linha vintage da Granado\" \/>\n<meta property=\"og:url\" content=\"https:\/\/www.fatosefotosnews.com.br\/?p=68026\" \/>\n<meta property=\"og:site_name\" content=\"Fatos e Fotos News\" \/>\n<meta property=\"article:published_time\" content=\"2024-01-04T19:44:51+00:00\" \/>\n<meta property=\"og:image\" content=\"https:\/\/www.fatosefotosnews.com.br\/wp-content\/uploads\/2024\/01\/2920ec152b96f670e1966cf49e6b31f8.jpeg\" \/>\n\t<meta property=\"og:image:width\" content=\"1024\" \/>\n\t<meta property=\"og:image:height\" content=\"576\" \/>\n\t<meta property=\"og:image:type\" content=\"image\/jpeg\" \/>\n<meta name=\"author\" content=\"Da Reda\u00e7\u00e3o\" \/>\n<meta name=\"twitter:card\" content=\"summary_large_image\" \/>\n<meta name=\"twitter:label1\" content=\"Escrito por\" \/>\n\t<meta name=\"twitter:data1\" content=\"Da Reda\u00e7\u00e3o\" \/>\n\t<meta name=\"twitter:label2\" content=\"Est. tempo de leitura\" \/>\n\t<meta name=\"twitter:data2\" content=\"99 minutos\" \/>\n<script type=\"application\/ld+json\" class=\"yoast-schema-graph\">{\"@context\":\"https:\\\/\\\/schema.org\",\"@graph\":[{\"@type\":\"Article\",\"@id\":\"https:\\\/\\\/www.fatosefotosnews.com.br\\\/?p=68026#article\",\"isPartOf\":{\"@id\":\"https:\\\/\\\/www.fatosefotosnews.com.br\\\/?p=68026\"},\"author\":{\"name\":\"Da Reda\u00e7\u00e3o\",\"@id\":\"https:\\\/\\\/www.fatosefotosnews.com.br\\\/#\\\/schema\\\/person\\\/3b80f81d08670fb1f6690e07eb8b5dc6\"},\"headline\":\"Conhe\u00e7a os principais produtos da linha vintage da Granado\",\"datePublished\":\"2024-01-04T19:44:51+00:00\",\"mainEntityOfPage\":{\"@id\":\"https:\\\/\\\/www.fatosefotosnews.com.br\\\/?p=68026\"},\"wordCount\":652,\"commentCount\":0,\"publisher\":{\"@id\":\"https:\\\/\\\/www.fatosefotosnews.com.br\\\/#organization\"},\"image\":{\"@id\":\"https:\\\/\\\/www.fatosefotosnews.com.br\\\/?p=68026#primaryimage\"},\"thumbnailUrl\":\"https:\\\/\\\/www.fatosefotosnews.com.br\\\/wp-content\\\/uploads\\\/2024\\\/01\\\/2920ec152b96f670e1966cf49e6b31f8.jpeg\",\"keywords\":[\"conhe\",\"granado\",\"linha\",\"principais\",\"produtos\",\"vintage\"],\"articleSection\":[\"Entretenimento\"],\"inLanguage\":\"pt-BR\",\"potentialAction\":[{\"@type\":\"CommentAction\",\"name\":\"Comment\",\"target\":[\"https:\\\/\\\/www.fatosefotosnews.com.br\\\/?p=68026#respond\"]}]},{\"@type\":\"WebPage\",\"@id\":\"https:\\\/\\\/www.fatosefotosnews.com.br\\\/?p=68026\",\"url\":\"https:\\\/\\\/www.fatosefotosnews.com.br\\\/?p=68026\",\"name\":\"Conhe\u00e7a os principais produtos da linha vintage da Granado\",\"isPartOf\":{\"@id\":\"https:\\\/\\\/www.fatosefotosnews.com.br\\\/#website\"},\"primaryImageOfPage\":{\"@id\":\"https:\\\/\\\/www.fatosefotosnews.com.br\\\/?p=68026#primaryimage\"},\"image\":{\"@id\":\"https:\\\/\\\/www.fatosefotosnews.com.br\\\/?p=68026#primaryimage\"},\"thumbnailUrl\":\"https:\\\/\\\/www.fatosefotosnews.com.br\\\/wp-content\\\/uploads\\\/2024\\\/01\\\/2920ec152b96f670e1966cf49e6b31f8.jpeg\",\"datePublished\":\"2024-01-04T19:44:51+00:00\",\"description\":\"Conhe\u00e7a os principais produtos da linha vintage da Granado\",\"breadcrumb\":{\"@id\":\"https:\\\/\\\/www.fatosefotosnews.com.br\\\/?p=68026#breadcrumb\"},\"inLanguage\":\"pt-BR\",\"potentialAction\":[{\"@type\":\"ReadAction\",\"target\":[\"https:\\\/\\\/www.fatosefotosnews.com.br\\\/?p=68026\"]}]},{\"@type\":\"ImageObject\",\"inLanguage\":\"pt-BR\",\"@id\":\"https:\\\/\\\/www.fatosefotosnews.com.br\\\/?p=68026#primaryimage\",\"url\":\"https:\\\/\\\/www.fatosefotosnews.com.br\\\/wp-content\\\/uploads\\\/2024\\\/01\\\/2920ec152b96f670e1966cf49e6b31f8.jpeg\",\"contentUrl\":\"https:\\\/\\\/www.fatosefotosnews.com.br\\\/wp-content\\\/uploads\\\/2024\\\/01\\\/2920ec152b96f670e1966cf49e6b31f8.jpeg\",\"width\":1024,\"height\":576,\"caption\":\"Foto: Reprodu\u00e7\u00e3o Conhe\u00e7a os principais produtos da linha vintage da Granado\"},{\"@type\":\"BreadcrumbList\",\"@id\":\"https:\\\/\\\/www.fatosefotosnews.com.br\\\/?p=68026#breadcrumb\",\"itemListElement\":[{\"@type\":\"ListItem\",\"position\":1,\"name\":\"In\u00edcio\",\"item\":\"https:\\\/\\\/www.fatosefotosnews.com.br\\\/\"},{\"@type\":\"ListItem\",\"position\":2,\"name\":\"Conhe\u00e7a os principais produtos da linha vintage da Granado\"}]},{\"@type\":\"WebSite\",\"@id\":\"https:\\\/\\\/www.fatosefotosnews.com.br\\\/#website\",\"url\":\"https:\\\/\\\/www.fatosefotosnews.com.br\\\/\",\"name\":\"Fatos e Fotos News\",\"description\":\"Um site de noticial verdadeira e confi\u00e1veis.\",\"publisher\":{\"@id\":\"https:\\\/\\\/www.fatosefotosnews.com.br\\\/#organization\"},\"potentialAction\":[{\"@type\":\"SearchAction\",\"target\":{\"@type\":\"EntryPoint\",\"urlTemplate\":\"https:\\\/\\\/www.fatosefotosnews.com.br\\\/?s={search_term_string}\"},\"query-input\":{\"@type\":\"PropertyValueSpecification\",\"valueRequired\":true,\"valueName\":\"search_term_string\"}}],\"inLanguage\":\"pt-BR\"},{\"@type\":\"Organization\",\"@id\":\"https:\\\/\\\/www.fatosefotosnews.com.br\\\/#organization\",\"name\":\"Fatos e Fotos News\",\"url\":\"https:\\\/\\\/www.fatosefotosnews.com.br\\\/\",\"logo\":{\"@type\":\"ImageObject\",\"inLanguage\":\"pt-BR\",\"@id\":\"https:\\\/\\\/www.fatosefotosnews.com.br\\\/#\\\/schema\\\/logo\\\/image\\\/\",\"url\":\"https:\\\/\\\/www.fatosefotosnews.com.br\\\/wp-content\\\/uploads\\\/2023\\\/02\\\/Fatos-e-Fotos-news-logo.png\",\"contentUrl\":\"https:\\\/\\\/www.fatosefotosnews.com.br\\\/wp-content\\\/uploads\\\/2023\\\/02\\\/Fatos-e-Fotos-news-logo.png\",\"width\":300,\"height\":58,\"caption\":\"Fatos e Fotos News\"},\"image\":{\"@id\":\"https:\\\/\\\/www.fatosefotosnews.com.br\\\/#\\\/schema\\\/logo\\\/image\\\/\"}},{\"@type\":\"Person\",\"@id\":\"https:\\\/\\\/www.fatosefotosnews.com.br\\\/#\\\/schema\\\/person\\\/3b80f81d08670fb1f6690e07eb8b5dc6\",\"name\":\"Da Reda\u00e7\u00e3o\",\"image\":{\"@type\":\"ImageObject\",\"inLanguage\":\"pt-BR\",\"@id\":\"https:\\\/\\\/secure.gravatar.com\\\/avatar\\\/696d39935a657bf0fc95044dbc9f912520430a0eb6dd46c85dd97eb6483b249b?s=96&d=mm&r=g\",\"url\":\"https:\\\/\\\/secure.gravatar.com\\\/avatar\\\/696d39935a657bf0fc95044dbc9f912520430a0eb6dd46c85dd97eb6483b249b?s=96&d=mm&r=g\",\"contentUrl\":\"https:\\\/\\\/secure.gravatar.com\\\/avatar\\\/696d39935a657bf0fc95044dbc9f912520430a0eb6dd46c85dd97eb6483b249b?s=96&d=mm&r=g\",\"caption\":\"Da Reda\u00e7\u00e3o\"},\"url\":\"https:\\\/\\\/www.fatosefotosnews.com.br\\\/?author=5\"}]}<\/script>\n<!-- \/ Yoast SEO plugin. -->","yoast_head_json":{"title":"Conhe\u00e7a os principais produtos da linha vintage da Granado","description":"Conhe\u00e7a os principais produtos da linha vintage da Granado","robots":{"index":"index","follow":"follow","max-snippet":"max-snippet:-1","max-image-preview":"max-image-preview:large","max-video-preview":"max-video-preview:-1"},"canonical":"https:\/\/www.fatosefotosnews.com.br\/?p=68026","og_locale":"pt_BR","og_type":"article","og_title":"Conhe\u00e7a os principais produtos da linha vintage da Granado","og_description":"Conhe\u00e7a os principais produtos da linha vintage da Granado","og_url":"https:\/\/www.fatosefotosnews.com.br\/?p=68026","og_site_name":"Fatos e Fotos News","article_published_time":"2024-01-04T19:44:51+00:00","og_image":[{"width":1024,"height":576,"url":"https:\/\/www.fatosefotosnews.com.br\/wp-content\/uploads\/2024\/01\/2920ec152b96f670e1966cf49e6b31f8.jpeg","type":"image\/jpeg"}],"author":"Da Reda\u00e7\u00e3o","twitter_card":"summary_large_image","twitter_misc":{"Escrito por":"Da Reda\u00e7\u00e3o","Est. tempo de leitura":"99 minutos"},"schema":{"@context":"https:\/\/schema.org","@graph":[{"@type":"Article","@id":"https:\/\/www.fatosefotosnews.com.br\/?p=68026#article","isPartOf":{"@id":"https:\/\/www.fatosefotosnews.com.br\/?p=68026"},"author":{"name":"Da Reda\u00e7\u00e3o","@id":"https:\/\/www.fatosefotosnews.com.br\/#\/schema\/person\/3b80f81d08670fb1f6690e07eb8b5dc6"},"headline":"Conhe\u00e7a os principais produtos da linha vintage da Granado","datePublished":"2024-01-04T19:44:51+00:00","mainEntityOfPage":{"@id":"https:\/\/www.fatosefotosnews.com.br\/?p=68026"},"wordCount":652,"commentCount":0,"publisher":{"@id":"https:\/\/www.fatosefotosnews.com.br\/#organization"},"image":{"@id":"https:\/\/www.fatosefotosnews.com.br\/?p=68026#primaryimage"},"thumbnailUrl":"https:\/\/www.fatosefotosnews.com.br\/wp-content\/uploads\/2024\/01\/2920ec152b96f670e1966cf49e6b31f8.jpeg","keywords":["conhe","granado","linha","principais","produtos","vintage"],"articleSection":["Entretenimento"],"inLanguage":"pt-BR","potentialAction":[{"@type":"CommentAction","name":"Comment","target":["https:\/\/www.fatosefotosnews.com.br\/?p=68026#respond"]}]},{"@type":"WebPage","@id":"https:\/\/www.fatosefotosnews.com.br\/?p=68026","url":"https:\/\/www.fatosefotosnews.com.br\/?p=68026","name":"Conhe\u00e7a os principais produtos da linha vintage da Granado","isPartOf":{"@id":"https:\/\/www.fatosefotosnews.com.br\/#website"},"primaryImageOfPage":{"@id":"https:\/\/www.fatosefotosnews.com.br\/?p=68026#primaryimage"},"image":{"@id":"https:\/\/www.fatosefotosnews.com.br\/?p=68026#primaryimage"},"thumbnailUrl":"https:\/\/www.fatosefotosnews.com.br\/wp-content\/uploads\/2024\/01\/2920ec152b96f670e1966cf49e6b31f8.jpeg","datePublished":"2024-01-04T19:44:51+00:00","description":"Conhe\u00e7a os principais produtos da linha vintage da Granado","breadcrumb":{"@id":"https:\/\/www.fatosefotosnews.com.br\/?p=68026#breadcrumb"},"inLanguage":"pt-BR","potentialAction":[{"@type":"ReadAction","target":["https:\/\/www.fatosefotosnews.com.br\/?p=68026"]}]},{"@type":"ImageObject","inLanguage":"pt-BR","@id":"https:\/\/www.fatosefotosnews.com.br\/?p=68026#primaryimage","url":"https:\/\/www.fatosefotosnews.com.br\/wp-content\/uploads\/2024\/01\/2920ec152b96f670e1966cf49e6b31f8.jpeg","contentUrl":"https:\/\/www.fatosefotosnews.com.br\/wp-content\/uploads\/2024\/01\/2920ec152b96f670e1966cf49e6b31f8.jpeg","width":1024,"height":576,"caption":"Foto: Reprodu\u00e7\u00e3o Conhe\u00e7a os principais produtos da linha vintage da Granado"},{"@type":"BreadcrumbList","@id":"https:\/\/www.fatosefotosnews.com.br\/?p=68026#breadcrumb","itemListElement":[{"@type":"ListItem","position":1,"name":"In\u00edcio","item":"https:\/\/www.fatosefotosnews.com.br\/"},{"@type":"ListItem","position":2,"name":"Conhe\u00e7a os principais produtos da linha vintage da Granado"}]},{"@type":"WebSite","@id":"https:\/\/www.fatosefotosnews.com.br\/#website","url":"https:\/\/www.fatosefotosnews.com.br\/","name":"Fatos e Fotos News","description":"Um site de noticial verdadeira e confi\u00e1veis.","publisher":{"@id":"https:\/\/www.fatosefotosnews.com.br\/#organization"},"potentialAction":[{"@type":"SearchAction","target":{"@type":"EntryPoint","urlTemplate":"https:\/\/www.fatosefotosnews.com.br\/?s={search_term_string}"},"query-input":{"@type":"PropertyValueSpecification","valueRequired":true,"valueName":"search_term_string"}}],"inLanguage":"pt-BR"},{"@type":"Organization","@id":"https:\/\/www.fatosefotosnews.com.br\/#organization","name":"Fatos e Fotos News","url":"https:\/\/www.fatosefotosnews.com.br\/","logo":{"@type":"ImageObject","inLanguage":"pt-BR","@id":"https:\/\/www.fatosefotosnews.com.br\/#\/schema\/logo\/image\/","url":"https:\/\/www.fatosefotosnews.com.br\/wp-content\/uploads\/2023\/02\/Fatos-e-Fotos-news-logo.png","contentUrl":"https:\/\/www.fatosefotosnews.com.br\/wp-content\/uploads\/2023\/02\/Fatos-e-Fotos-news-logo.png","width":300,"height":58,"caption":"Fatos e Fotos News"},"image":{"@id":"https:\/\/www.fatosefotosnews.com.br\/#\/schema\/logo\/image\/"}},{"@type":"Person","@id":"https:\/\/www.fatosefotosnews.com.br\/#\/schema\/person\/3b80f81d08670fb1f6690e07eb8b5dc6","name":"Da Reda\u00e7\u00e3o","image":{"@type":"ImageObject","inLanguage":"pt-BR","@id":"https:\/\/secure.gravatar.com\/avatar\/696d39935a657bf0fc95044dbc9f912520430a0eb6dd46c85dd97eb6483b249b?s=96&d=mm&r=g","url":"https:\/\/secure.gravatar.com\/avatar\/696d39935a657bf0fc95044dbc9f912520430a0eb6dd46c85dd97eb6483b249b?s=96&d=mm&r=g","contentUrl":"https:\/\/secure.gravatar.com\/avatar\/696d39935a657bf0fc95044dbc9f912520430a0eb6dd46c85dd97eb6483b249b?s=96&d=mm&r=g","caption":"Da Reda\u00e7\u00e3o"},"url":"https:\/\/www.fatosefotosnews.com.br\/?author=5"}]}},"jetpack_publicize_connections":[],"blog_post_layout_featured_media_urls":{"thumbnail":["https:\/\/www.fatosefotosnews.com.br\/wp-content\/uploads\/2024\/01\/2920ec152b96f670e1966cf49e6b31f8-150x150.jpeg",150,150,true],"full":["https:\/\/www.fatosefotosnews.com.br\/wp-content\/uploads\/2024\/01\/2920ec152b96f670e1966cf49e6b31f8.jpeg",1024,576,false]},"categories_names":{"3":{"name":"Entretenimento","link":"https:\/\/www.fatosefotosnews.com.br\/?cat=3"}},"tags_names":{"562":{"name":"conhe","link":"https:\/\/www.fatosefotosnews.com.br\/?tag=conhe"},"17562":{"name":"granado","link":"https:\/\/www.fatosefotosnews.com.br\/?tag=granado"},"400":{"name":"linha","link":"https:\/\/www.fatosefotosnews.com.br\/?tag=linha"},"1887":{"name":"principais","link":"https:\/\/www.fatosefotosnews.com.br\/?tag=principais"},"1409":{"name":"produtos","link":"https:\/\/www.fatosefotosnews.com.br\/?tag=produtos"},"8494":{"name":"vintage","link":"https:\/\/www.fatosefotosnews.com.br\/?tag=vintage"}},"comments_number":"0","wpmagazine_modules_lite_featured_media_urls":{"thumbnail":["https:\/\/www.fatosefotosnews.com.br\/wp-content\/uploads\/2024\/01\/2920ec152b96f670e1966cf49e6b31f8-150x150.jpeg",150,150,true],"cvmm-medium":["https:\/\/www.fatosefotosnews.com.br\/wp-content\/uploads\/2024\/01\/2920ec152b96f670e1966cf49e6b31f8-300x300.jpeg",300,300,true],"cvmm-medium-plus":["https:\/\/www.fatosefotosnews.com.br\/wp-content\/uploads\/2024\/01\/2920ec152b96f670e1966cf49e6b31f8-305x207.jpeg",305,207,true],"cvmm-portrait":["https:\/\/www.fatosefotosnews.com.br\/wp-content\/uploads\/2024\/01\/2920ec152b96f670e1966cf49e6b31f8-400x576.jpeg",400,576,true],"cvmm-medium-square":["https:\/\/www.fatosefotosnews.com.br\/wp-content\/uploads\/2024\/01\/2920ec152b96f670e1966cf49e6b31f8-600x576.jpeg",600,576,true],"cvmm-large":["https:\/\/www.fatosefotosnews.com.br\/wp-content\/uploads\/2024\/01\/2920ec152b96f670e1966cf49e6b31f8.jpeg",1024,576,false],"cvmm-small":["https:\/\/www.fatosefotosnews.com.br\/wp-content\/uploads\/2024\/01\/2920ec152b96f670e1966cf49e6b31f8-130x95.jpeg",130,95,true],"full":["https:\/\/www.fatosefotosnews.com.br\/wp-content\/uploads\/2024\/01\/2920ec152b96f670e1966cf49e6b31f8.jpeg",1024,576,false]},"_links":{"self":[{"href":"https:\/\/www.fatosefotosnews.com.br\/index.php?rest_route=\/wp\/v2\/posts\/68026","targetHints":{"allow":["GET"]}}],"collection":[{"href":"https:\/\/www.fatosefotosnews.com.br\/index.php?rest_route=\/wp\/v2\/posts"}],"about":[{"href":"https:\/\/www.fatosefotosnews.com.br\/index.php?rest_route=\/wp\/v2\/types\/post"}],"author":[{"embeddable":true,"href":"https:\/\/www.fatosefotosnews.com.br\/index.php?rest_route=\/wp\/v2\/users\/5"}],"replies":[{"embeddable":true,"href":"https:\/\/www.fatosefotosnews.com.br\/index.php?rest_route=%2Fwp%2Fv2%2Fcomments&post=68026"}],"version-history":[{"count":0,"href":"https:\/\/www.fatosefotosnews.com.br\/index.php?rest_route=\/wp\/v2\/posts\/68026\/revisions"}],"wp:featuredmedia":[{"embeddable":true,"href":"https:\/\/www.fatosefotosnews.com.br\/index.php?rest_route=\/wp\/v2\/media\/68027"}],"wp:attachment":[{"href":"https:\/\/www.fatosefotosnews.com.br\/index.php?rest_route=%2Fwp%2Fv2%2Fmedia&parent=68026"}],"wp:term":[{"taxonomy":"category","embeddable":true,"href":"https:\/\/www.fatosefotosnews.com.br\/index.php?rest_route=%2Fwp%2Fv2%2Fcategories&post=68026"},{"taxonomy":"post_tag","embeddable":true,"href":"https:\/\/www.fatosefotosnews.com.br\/index.php?rest_route=%2Fwp%2Fv2%2Ftags&post=68026"}],"curies":[{"name":"wp","href":"https:\/\/api.w.org\/{rel}","templated":true}]}}