{"id":68797,"date":"2024-01-09T17:16:05","date_gmt":"2024-01-09T20:16:05","guid":{"rendered":"https:\/\/www.fatosefotosnews.com.br\/caixa-inicia-nesta-terca-feira-pagamento-do-bolsa-formacao\/"},"modified":"2024-01-09T17:16:05","modified_gmt":"2024-01-09T20:16:05","slug":"caixa-inicia-nesta-terca-feira-pagamento-do-bolsa-formacao","status":"publish","type":"post","link":"https:\/\/www.fatosefotosnews.com.br\/?p=68797","title":{"rendered":"Caixa inicia nesta ter\u00e7a-feira pagamento do Bolsa Forma\u00e7\u00e3o"},"content":{"rendered":"<p>Cerca de 5,4 mil agentes de seguran\u00e7a p\u00fablica em todo o pa\u00eds recebem, nesta ter\u00e7a-feira (9), o pagamento do Bolsa Forma\u00e7\u00e3o (Pronasci 2), no valor de R$ 900, enquanto fazem um curso de qualifica\u00e7\u00e3o profissional.<img decoding=\"async\" src=\"https:\/\/agenciabrasil.ebc.com.br\/ebc.png?id=1575798&#038;o=node\" style=\"width:1px;height:1px\"><img decoding=\"async\" src=\"https:\/\/agenciabrasil.ebc.com.br\/ebc.gif?id=1575798&#038;o=node\" style=\"width:1px;height:1px\"><\/p>\n<p>Este ano, o programa deve investir R$ 175 milh\u00f5es na forma\u00e7\u00e3o de agentes de seguran\u00e7a p\u00fablica em todo o pa\u00eds. Ao todo, est\u00e3o previstas 100 mil bolsas a policiais militares, civis e penais, bombeiros, agentes penitenci\u00e1rios, peritos criminais e guardas civis municipais. O benef\u00edcio \u00e9 pago a quem atender os crit\u00e9rios de elegibilidade.<\/p>\n<p>As parcelas do Bolsa Forma\u00e7\u00e3o ser\u00e3o creditadas em conta poupan\u00e7a digital na Caixa, com abertura autom\u00e1tica para os benefici\u00e1rios que n\u00e3o a possu\u00edrem. O dinheiro poder\u00e1 ser movimentado pelo aplicativo Caixa Tem, que permite consultas de saldos e extratos, pagamentos de contas e boletos, transfer\u00eancias e compras na internet com cart\u00e3o de d\u00e9bito virtual. O aplicativo tamb\u00e9m permite compras no com\u00e9rcio com C\u00f3digo QR gerado na pr\u00f3pria maquininha do estabelecimento.<\/p>\n<p>Para ter direito ao Bolsa Forma\u00e7\u00e3o, \u00e9 necess\u00e1rio cumprir os seguintes requisitos:<\/p>\n<p>\u2022 Receber at\u00e9 R$ 15 mil de remunera\u00e7\u00e3o bruta por m\u00eas, exclu\u00eddos os valores referentes \u00e0 gratifica\u00e7\u00e3o natalina e f\u00e9rias;<br \/> \u2022 Atender aos crit\u00e9rios de elegibilidade espec\u00edficos de curso ofertado pelo Projeto Bolsa-Forma\u00e7\u00e3o;<br \/> \u2022 N\u00e3o ter sido condenado por infra\u00e7\u00e3o administrativa de natureza grave nos \u00faltimos 5 anos;<br \/> \u2022 N\u00e3o ter condena\u00e7\u00e3o penal nos \u00faltimos 5 anos;<br \/> \u2022 Pertencer a corpora\u00e7\u00e3o de ente federado que tenha assinado termo de ades\u00e3o;<br \/> \u2022 Frequentar, a cada 12 meses, ao menos um dos cursos ofertados pelo Bolsa Forma\u00e7\u00e3o, observado o limite m\u00e1ximo de tr\u00eas cursos.<\/p>\n<h2>Pronasci<\/h2>\n<p>Criado em 2007 e regulamentado pelo <a href=\"https:\/\/www.planalto.gov.br\/ccivil_03\/_ato2023-2026\/2023\/decreto\/d11436.htm\" target=\"_blank\" rel=\"noopener\">Decreto N\u00ba 11.436<\/a>, de mar\u00e7o do ano passado, o Programa Nacional de Seguran\u00e7a P\u00fablica com Cidadania (Pronasci) tem como objetivo articular a\u00e7\u00f5es de seguran\u00e7a p\u00fablica para a preven\u00e7\u00e3o, controle e repress\u00e3o da criminalidade, com pol\u00edticas sociais e a\u00e7\u00f5es de prote\u00e7\u00e3o \u00e0s v\u00edtimas.<\/p>\n<p>Caber\u00e1 ao Minist\u00e9rio da Justi\u00e7a e Seguran\u00e7a P\u00fablica identificar os benefici\u00e1rios do Pronasci 2 e gerar a folha de pagamentos da bolsa, com a Caixa realizando o cr\u00e9dito aos bolsistas. A Caixa abre a consulta de pagamentos no <a href=\"https:\/\/cidadao.caixa.gov.br\/\" target=\"_blank\" rel=\"noopener\">Portal Cidad\u00e3o<\/a>, assim que recebe os recursos do Minist\u00e9rio da Justi\u00e7a.<\/p>\n<p id=\"infocoweb_fonte\" class=\"infocoweb_fonte\">Fonte: <a target=\"_blank\" href=\"https:\/\/agenciabrasil.ebc.com.br\/geral\/noticia\/2024-01\/caixa-inicia-nesta-terca-feira-pagamento-do-bolsa-formacao#9708181f-ec91-4913-a8f2-983f2600e80f\" rel=\"noopener\">EBC GERAL<\/a><\/p>\n","protected":false},"excerpt":{"rendered":"<p>Cerca de 5,4 mil agentes de seguran\u00e7a p\u00fablica em todo o pa\u00eds recebem, nesta ter\u00e7a-feira (9), o pagamento do Bolsa Forma\u00e7\u00e3o (Pronasci 2), no valor de R$ 900, enquanto fazem um curso de qualifica\u00e7\u00e3o profissional. Este ano, o programa deve investir R$ 175 milh\u00f5es na forma\u00e7\u00e3o de agentes de seguran\u00e7a p\u00fablica em todo o pa\u00eds. [&hellip;]<\/p>\n","protected":false},"author":5,"featured_media":68798,"comment_status":"open","ping_status":"open","sticky":false,"template":"","format":"standard","meta":{"_acf_changed":false,"_angie_page":false,"_monsterinsights_skip_tracking":false,"_themeisle_gutenberg_block_has_review":false,"page_builder":"","footnotes":"","jetpack_publicize_message":"","jetpack_publicize_feature_enabled":true,"jetpack_social_post_already_shared":false,"jetpack_social_options":{"image_generator_settings":{"template":"highway","default_image_id":0,"font":"","enabled":false},"version":2}},"categories":[167],"tags":[514,534,518,796,605,516,522],"class_list":["post-68797","post","type-post","status-publish","format-standard","has-post-thumbnail","hentry","category-geral","tag-bolsa","tag-caixa","tag-feira","tag-forma","tag-inicia","tag-nesta","tag-pagamento"],"acf":[],"nelio_content":{"autoShareEndMode":"never","automationSources":{"useCustomSentences":false,"customSentences":[]},"efiAlt":"","efiUrl":"","followers":[5],"highlights":[],"isAutoShareEnabled":true,"networkImageIds":[],"permalinkQueryArgs":[],"series":[],"suggestedReferences":[]},"yoast_head":"<!-- This site is optimized with the Yoast SEO plugin v28.3 - https:\/\/yoast.com\/product\/yoast-seo-wordpress\/ -->\n<title>Caixa inicia nesta ter\u00e7a-feira pagamento do Bolsa Forma\u00e7\u00e3o<\/title>\n<meta name=\"description\" content=\"Caixa inicia nesta ter\u00e7a-feira pagamento do Bolsa Forma\u00e7\u00e3o\" \/>\n<meta name=\"robots\" content=\"index, follow, max-snippet:-1, max-image-preview:large, max-video-preview:-1\" \/>\n<link rel=\"canonical\" href=\"https:\/\/www.fatosefotosnews.com.br\/?p=68797\" \/>\n<meta property=\"og:locale\" content=\"pt_BR\" \/>\n<meta property=\"og:type\" content=\"article\" \/>\n<meta property=\"og:title\" content=\"Caixa inicia nesta ter\u00e7a-feira pagamento do Bolsa Forma\u00e7\u00e3o\" \/>\n<meta property=\"og:description\" content=\"Caixa inicia nesta ter\u00e7a-feira pagamento do Bolsa Forma\u00e7\u00e3o\" \/>\n<meta property=\"og:url\" content=\"https:\/\/www.fatosefotosnews.com.br\/?p=68797\" \/>\n<meta property=\"og:site_name\" content=\"Fatos e Fotos News\" \/>\n<meta property=\"article:published_time\" content=\"2024-01-09T20:16:05+00:00\" \/>\n<meta property=\"og:image\" content=\"https:\/\/www.fatosefotosnews.com.br\/wp-content\/uploads\/2024\/01\/10d28d33bf769780db82fd3203c77efd.jpeg\" \/>\n\t<meta property=\"og:image:width\" content=\"1024\" \/>\n\t<meta property=\"og:image:height\" content=\"512\" \/>\n\t<meta property=\"og:image:type\" content=\"image\/jpeg\" \/>\n<meta name=\"author\" content=\"Da Reda\u00e7\u00e3o\" \/>\n<meta name=\"twitter:card\" content=\"summary_large_image\" \/>\n<meta name=\"twitter:label1\" content=\"Escrito por\" \/>\n\t<meta name=\"twitter:data1\" content=\"Da Reda\u00e7\u00e3o\" \/>\n\t<meta name=\"twitter:label2\" content=\"Est. tempo de leitura\" \/>\n\t<meta name=\"twitter:data2\" content=\"99 minutos\" \/>\n<script type=\"application\/ld+json\" class=\"yoast-schema-graph\">{\"@context\":\"https:\\\/\\\/schema.org\",\"@graph\":[{\"@type\":\"Article\",\"@id\":\"https:\\\/\\\/www.fatosefotosnews.com.br\\\/?p=68797#article\",\"isPartOf\":{\"@id\":\"https:\\\/\\\/www.fatosefotosnews.com.br\\\/?p=68797\"},\"author\":{\"name\":\"Da Reda\u00e7\u00e3o\",\"@id\":\"https:\\\/\\\/www.fatosefotosnews.com.br\\\/#\\\/schema\\\/person\\\/3b80f81d08670fb1f6690e07eb8b5dc6\"},\"headline\":\"Caixa inicia nesta ter\u00e7a-feira pagamento do Bolsa Forma\u00e7\u00e3o\",\"datePublished\":\"2024-01-09T20:16:05+00:00\",\"mainEntityOfPage\":{\"@id\":\"https:\\\/\\\/www.fatosefotosnews.com.br\\\/?p=68797\"},\"wordCount\":420,\"commentCount\":0,\"publisher\":{\"@id\":\"https:\\\/\\\/www.fatosefotosnews.com.br\\\/#organization\"},\"image\":{\"@id\":\"https:\\\/\\\/www.fatosefotosnews.com.br\\\/?p=68797#primaryimage\"},\"thumbnailUrl\":\"https:\\\/\\\/www.fatosefotosnews.com.br\\\/wp-content\\\/uploads\\\/2024\\\/01\\\/10d28d33bf769780db82fd3203c77efd.jpeg\",\"keywords\":[\"bolsa\",\"caixa\",\"feira\",\"forma\",\"inicia\",\"nesta\",\"pagamento\"],\"articleSection\":[\"Geral\"],\"inLanguage\":\"pt-BR\",\"potentialAction\":[{\"@type\":\"CommentAction\",\"name\":\"Comment\",\"target\":[\"https:\\\/\\\/www.fatosefotosnews.com.br\\\/?p=68797#respond\"]}]},{\"@type\":\"WebPage\",\"@id\":\"https:\\\/\\\/www.fatosefotosnews.com.br\\\/?p=68797\",\"url\":\"https:\\\/\\\/www.fatosefotosnews.com.br\\\/?p=68797\",\"name\":\"Caixa inicia nesta ter\u00e7a-feira pagamento do Bolsa Forma\u00e7\u00e3o\",\"isPartOf\":{\"@id\":\"https:\\\/\\\/www.fatosefotosnews.com.br\\\/#website\"},\"primaryImageOfPage\":{\"@id\":\"https:\\\/\\\/www.fatosefotosnews.com.br\\\/?p=68797#primaryimage\"},\"image\":{\"@id\":\"https:\\\/\\\/www.fatosefotosnews.com.br\\\/?p=68797#primaryimage\"},\"thumbnailUrl\":\"https:\\\/\\\/www.fatosefotosnews.com.br\\\/wp-content\\\/uploads\\\/2024\\\/01\\\/10d28d33bf769780db82fd3203c77efd.jpeg\",\"datePublished\":\"2024-01-09T20:16:05+00:00\",\"description\":\"Caixa inicia nesta ter\u00e7a-feira pagamento do Bolsa Forma\u00e7\u00e3o\",\"breadcrumb\":{\"@id\":\"https:\\\/\\\/www.fatosefotosnews.com.br\\\/?p=68797#breadcrumb\"},\"inLanguage\":\"pt-BR\",\"potentialAction\":[{\"@type\":\"ReadAction\",\"target\":[\"https:\\\/\\\/www.fatosefotosnews.com.br\\\/?p=68797\"]}]},{\"@type\":\"ImageObject\",\"inLanguage\":\"pt-BR\",\"@id\":\"https:\\\/\\\/www.fatosefotosnews.com.br\\\/?p=68797#primaryimage\",\"url\":\"https:\\\/\\\/www.fatosefotosnews.com.br\\\/wp-content\\\/uploads\\\/2024\\\/01\\\/10d28d33bf769780db82fd3203c77efd.jpeg\",\"contentUrl\":\"https:\\\/\\\/www.fatosefotosnews.com.br\\\/wp-content\\\/uploads\\\/2024\\\/01\\\/10d28d33bf769780db82fd3203c77efd.jpeg\",\"width\":1024,\"height\":512,\"caption\":\"\u00a9 Rafa Neddermeyer\\\/Ag\u00eancia\"},{\"@type\":\"BreadcrumbList\",\"@id\":\"https:\\\/\\\/www.fatosefotosnews.com.br\\\/?p=68797#breadcrumb\",\"itemListElement\":[{\"@type\":\"ListItem\",\"position\":1,\"name\":\"In\u00edcio\",\"item\":\"https:\\\/\\\/www.fatosefotosnews.com.br\\\/\"},{\"@type\":\"ListItem\",\"position\":2,\"name\":\"Caixa inicia nesta ter\u00e7a-feira pagamento do Bolsa Forma\u00e7\u00e3o\"}]},{\"@type\":\"WebSite\",\"@id\":\"https:\\\/\\\/www.fatosefotosnews.com.br\\\/#website\",\"url\":\"https:\\\/\\\/www.fatosefotosnews.com.br\\\/\",\"name\":\"Fatos e Fotos News\",\"description\":\"Um site de noticial verdadeira e confi\u00e1veis.\",\"publisher\":{\"@id\":\"https:\\\/\\\/www.fatosefotosnews.com.br\\\/#organization\"},\"potentialAction\":[{\"@type\":\"SearchAction\",\"target\":{\"@type\":\"EntryPoint\",\"urlTemplate\":\"https:\\\/\\\/www.fatosefotosnews.com.br\\\/?s={search_term_string}\"},\"query-input\":{\"@type\":\"PropertyValueSpecification\",\"valueRequired\":true,\"valueName\":\"search_term_string\"}}],\"inLanguage\":\"pt-BR\"},{\"@type\":\"Organization\",\"@id\":\"https:\\\/\\\/www.fatosefotosnews.com.br\\\/#organization\",\"name\":\"Fatos e Fotos News\",\"url\":\"https:\\\/\\\/www.fatosefotosnews.com.br\\\/\",\"logo\":{\"@type\":\"ImageObject\",\"inLanguage\":\"pt-BR\",\"@id\":\"https:\\\/\\\/www.fatosefotosnews.com.br\\\/#\\\/schema\\\/logo\\\/image\\\/\",\"url\":\"https:\\\/\\\/www.fatosefotosnews.com.br\\\/wp-content\\\/uploads\\\/2023\\\/02\\\/Fatos-e-Fotos-news-logo.png\",\"contentUrl\":\"https:\\\/\\\/www.fatosefotosnews.com.br\\\/wp-content\\\/uploads\\\/2023\\\/02\\\/Fatos-e-Fotos-news-logo.png\",\"width\":300,\"height\":58,\"caption\":\"Fatos e Fotos News\"},\"image\":{\"@id\":\"https:\\\/\\\/www.fatosefotosnews.com.br\\\/#\\\/schema\\\/logo\\\/image\\\/\"}},{\"@type\":\"Person\",\"@id\":\"https:\\\/\\\/www.fatosefotosnews.com.br\\\/#\\\/schema\\\/person\\\/3b80f81d08670fb1f6690e07eb8b5dc6\",\"name\":\"Da Reda\u00e7\u00e3o\",\"image\":{\"@type\":\"ImageObject\",\"inLanguage\":\"pt-BR\",\"@id\":\"https:\\\/\\\/secure.gravatar.com\\\/avatar\\\/696d39935a657bf0fc95044dbc9f912520430a0eb6dd46c85dd97eb6483b249b?s=96&d=mm&r=g\",\"url\":\"https:\\\/\\\/secure.gravatar.com\\\/avatar\\\/696d39935a657bf0fc95044dbc9f912520430a0eb6dd46c85dd97eb6483b249b?s=96&d=mm&r=g\",\"contentUrl\":\"https:\\\/\\\/secure.gravatar.com\\\/avatar\\\/696d39935a657bf0fc95044dbc9f912520430a0eb6dd46c85dd97eb6483b249b?s=96&d=mm&r=g\",\"caption\":\"Da Reda\u00e7\u00e3o\"},\"url\":\"https:\\\/\\\/www.fatosefotosnews.com.br\\\/?author=5\"}]}<\/script>\n<!-- \/ Yoast SEO plugin. -->","yoast_head_json":{"title":"Caixa inicia nesta ter\u00e7a-feira pagamento do Bolsa Forma\u00e7\u00e3o","description":"Caixa inicia nesta ter\u00e7a-feira pagamento do Bolsa Forma\u00e7\u00e3o","robots":{"index":"index","follow":"follow","max-snippet":"max-snippet:-1","max-image-preview":"max-image-preview:large","max-video-preview":"max-video-preview:-1"},"canonical":"https:\/\/www.fatosefotosnews.com.br\/?p=68797","og_locale":"pt_BR","og_type":"article","og_title":"Caixa inicia nesta ter\u00e7a-feira pagamento do Bolsa Forma\u00e7\u00e3o","og_description":"Caixa inicia nesta ter\u00e7a-feira pagamento do Bolsa Forma\u00e7\u00e3o","og_url":"https:\/\/www.fatosefotosnews.com.br\/?p=68797","og_site_name":"Fatos e Fotos News","article_published_time":"2024-01-09T20:16:05+00:00","og_image":[{"width":1024,"height":512,"url":"https:\/\/www.fatosefotosnews.com.br\/wp-content\/uploads\/2024\/01\/10d28d33bf769780db82fd3203c77efd.jpeg","type":"image\/jpeg"}],"author":"Da Reda\u00e7\u00e3o","twitter_card":"summary_large_image","twitter_misc":{"Escrito por":"Da Reda\u00e7\u00e3o","Est. tempo de leitura":"99 minutos"},"schema":{"@context":"https:\/\/schema.org","@graph":[{"@type":"Article","@id":"https:\/\/www.fatosefotosnews.com.br\/?p=68797#article","isPartOf":{"@id":"https:\/\/www.fatosefotosnews.com.br\/?p=68797"},"author":{"name":"Da Reda\u00e7\u00e3o","@id":"https:\/\/www.fatosefotosnews.com.br\/#\/schema\/person\/3b80f81d08670fb1f6690e07eb8b5dc6"},"headline":"Caixa inicia nesta ter\u00e7a-feira pagamento do Bolsa Forma\u00e7\u00e3o","datePublished":"2024-01-09T20:16:05+00:00","mainEntityOfPage":{"@id":"https:\/\/www.fatosefotosnews.com.br\/?p=68797"},"wordCount":420,"commentCount":0,"publisher":{"@id":"https:\/\/www.fatosefotosnews.com.br\/#organization"},"image":{"@id":"https:\/\/www.fatosefotosnews.com.br\/?p=68797#primaryimage"},"thumbnailUrl":"https:\/\/www.fatosefotosnews.com.br\/wp-content\/uploads\/2024\/01\/10d28d33bf769780db82fd3203c77efd.jpeg","keywords":["bolsa","caixa","feira","forma","inicia","nesta","pagamento"],"articleSection":["Geral"],"inLanguage":"pt-BR","potentialAction":[{"@type":"CommentAction","name":"Comment","target":["https:\/\/www.fatosefotosnews.com.br\/?p=68797#respond"]}]},{"@type":"WebPage","@id":"https:\/\/www.fatosefotosnews.com.br\/?p=68797","url":"https:\/\/www.fatosefotosnews.com.br\/?p=68797","name":"Caixa inicia nesta ter\u00e7a-feira pagamento do Bolsa Forma\u00e7\u00e3o","isPartOf":{"@id":"https:\/\/www.fatosefotosnews.com.br\/#website"},"primaryImageOfPage":{"@id":"https:\/\/www.fatosefotosnews.com.br\/?p=68797#primaryimage"},"image":{"@id":"https:\/\/www.fatosefotosnews.com.br\/?p=68797#primaryimage"},"thumbnailUrl":"https:\/\/www.fatosefotosnews.com.br\/wp-content\/uploads\/2024\/01\/10d28d33bf769780db82fd3203c77efd.jpeg","datePublished":"2024-01-09T20:16:05+00:00","description":"Caixa inicia nesta ter\u00e7a-feira pagamento do Bolsa Forma\u00e7\u00e3o","breadcrumb":{"@id":"https:\/\/www.fatosefotosnews.com.br\/?p=68797#breadcrumb"},"inLanguage":"pt-BR","potentialAction":[{"@type":"ReadAction","target":["https:\/\/www.fatosefotosnews.com.br\/?p=68797"]}]},{"@type":"ImageObject","inLanguage":"pt-BR","@id":"https:\/\/www.fatosefotosnews.com.br\/?p=68797#primaryimage","url":"https:\/\/www.fatosefotosnews.com.br\/wp-content\/uploads\/2024\/01\/10d28d33bf769780db82fd3203c77efd.jpeg","contentUrl":"https:\/\/www.fatosefotosnews.com.br\/wp-content\/uploads\/2024\/01\/10d28d33bf769780db82fd3203c77efd.jpeg","width":1024,"height":512,"caption":"\u00a9 Rafa Neddermeyer\/Ag\u00eancia"},{"@type":"BreadcrumbList","@id":"https:\/\/www.fatosefotosnews.com.br\/?p=68797#breadcrumb","itemListElement":[{"@type":"ListItem","position":1,"name":"In\u00edcio","item":"https:\/\/www.fatosefotosnews.com.br\/"},{"@type":"ListItem","position":2,"name":"Caixa inicia nesta ter\u00e7a-feira pagamento do Bolsa Forma\u00e7\u00e3o"}]},{"@type":"WebSite","@id":"https:\/\/www.fatosefotosnews.com.br\/#website","url":"https:\/\/www.fatosefotosnews.com.br\/","name":"Fatos e Fotos News","description":"Um site de noticial verdadeira e confi\u00e1veis.","publisher":{"@id":"https:\/\/www.fatosefotosnews.com.br\/#organization"},"potentialAction":[{"@type":"SearchAction","target":{"@type":"EntryPoint","urlTemplate":"https:\/\/www.fatosefotosnews.com.br\/?s={search_term_string}"},"query-input":{"@type":"PropertyValueSpecification","valueRequired":true,"valueName":"search_term_string"}}],"inLanguage":"pt-BR"},{"@type":"Organization","@id":"https:\/\/www.fatosefotosnews.com.br\/#organization","name":"Fatos e Fotos News","url":"https:\/\/www.fatosefotosnews.com.br\/","logo":{"@type":"ImageObject","inLanguage":"pt-BR","@id":"https:\/\/www.fatosefotosnews.com.br\/#\/schema\/logo\/image\/","url":"https:\/\/www.fatosefotosnews.com.br\/wp-content\/uploads\/2023\/02\/Fatos-e-Fotos-news-logo.png","contentUrl":"https:\/\/www.fatosefotosnews.com.br\/wp-content\/uploads\/2023\/02\/Fatos-e-Fotos-news-logo.png","width":300,"height":58,"caption":"Fatos e Fotos News"},"image":{"@id":"https:\/\/www.fatosefotosnews.com.br\/#\/schema\/logo\/image\/"}},{"@type":"Person","@id":"https:\/\/www.fatosefotosnews.com.br\/#\/schema\/person\/3b80f81d08670fb1f6690e07eb8b5dc6","name":"Da Reda\u00e7\u00e3o","image":{"@type":"ImageObject","inLanguage":"pt-BR","@id":"https:\/\/secure.gravatar.com\/avatar\/696d39935a657bf0fc95044dbc9f912520430a0eb6dd46c85dd97eb6483b249b?s=96&d=mm&r=g","url":"https:\/\/secure.gravatar.com\/avatar\/696d39935a657bf0fc95044dbc9f912520430a0eb6dd46c85dd97eb6483b249b?s=96&d=mm&r=g","contentUrl":"https:\/\/secure.gravatar.com\/avatar\/696d39935a657bf0fc95044dbc9f912520430a0eb6dd46c85dd97eb6483b249b?s=96&d=mm&r=g","caption":"Da Reda\u00e7\u00e3o"},"url":"https:\/\/www.fatosefotosnews.com.br\/?author=5"}]}},"jetpack_publicize_connections":[],"blog_post_layout_featured_media_urls":{"thumbnail":["https:\/\/www.fatosefotosnews.com.br\/wp-content\/uploads\/2024\/01\/10d28d33bf769780db82fd3203c77efd-150x150.jpeg",150,150,true],"full":["https:\/\/www.fatosefotosnews.com.br\/wp-content\/uploads\/2024\/01\/10d28d33bf769780db82fd3203c77efd.jpeg",1024,512,false]},"categories_names":{"167":{"name":"Geral","link":"https:\/\/www.fatosefotosnews.com.br\/?cat=167"}},"tags_names":{"514":{"name":"bolsa","link":"https:\/\/www.fatosefotosnews.com.br\/?tag=bolsa"},"534":{"name":"caixa","link":"https:\/\/www.fatosefotosnews.com.br\/?tag=caixa"},"518":{"name":"feira","link":"https:\/\/www.fatosefotosnews.com.br\/?tag=feira"},"796":{"name":"forma","link":"https:\/\/www.fatosefotosnews.com.br\/?tag=forma"},"605":{"name":"inicia","link":"https:\/\/www.fatosefotosnews.com.br\/?tag=inicia"},"516":{"name":"nesta","link":"https:\/\/www.fatosefotosnews.com.br\/?tag=nesta"},"522":{"name":"pagamento","link":"https:\/\/www.fatosefotosnews.com.br\/?tag=pagamento"}},"comments_number":"0","wpmagazine_modules_lite_featured_media_urls":{"thumbnail":["https:\/\/www.fatosefotosnews.com.br\/wp-content\/uploads\/2024\/01\/10d28d33bf769780db82fd3203c77efd-150x150.jpeg",150,150,true],"cvmm-medium":["https:\/\/www.fatosefotosnews.com.br\/wp-content\/uploads\/2024\/01\/10d28d33bf769780db82fd3203c77efd-300x300.jpeg",300,300,true],"cvmm-medium-plus":["https:\/\/www.fatosefotosnews.com.br\/wp-content\/uploads\/2024\/01\/10d28d33bf769780db82fd3203c77efd-305x207.jpeg",305,207,true],"cvmm-portrait":["https:\/\/www.fatosefotosnews.com.br\/wp-content\/uploads\/2024\/01\/10d28d33bf769780db82fd3203c77efd-400x512.jpeg",400,512,true],"cvmm-medium-square":["https:\/\/www.fatosefotosnews.com.br\/wp-content\/uploads\/2024\/01\/10d28d33bf769780db82fd3203c77efd-600x512.jpeg",600,512,true],"cvmm-large":["https:\/\/www.fatosefotosnews.com.br\/wp-content\/uploads\/2024\/01\/10d28d33bf769780db82fd3203c77efd.jpeg",1024,512,false],"cvmm-small":["https:\/\/www.fatosefotosnews.com.br\/wp-content\/uploads\/2024\/01\/10d28d33bf769780db82fd3203c77efd-130x95.jpeg",130,95,true],"full":["https:\/\/www.fatosefotosnews.com.br\/wp-content\/uploads\/2024\/01\/10d28d33bf769780db82fd3203c77efd.jpeg",1024,512,false]},"_links":{"self":[{"href":"https:\/\/www.fatosefotosnews.com.br\/index.php?rest_route=\/wp\/v2\/posts\/68797","targetHints":{"allow":["GET"]}}],"collection":[{"href":"https:\/\/www.fatosefotosnews.com.br\/index.php?rest_route=\/wp\/v2\/posts"}],"about":[{"href":"https:\/\/www.fatosefotosnews.com.br\/index.php?rest_route=\/wp\/v2\/types\/post"}],"author":[{"embeddable":true,"href":"https:\/\/www.fatosefotosnews.com.br\/index.php?rest_route=\/wp\/v2\/users\/5"}],"replies":[{"embeddable":true,"href":"https:\/\/www.fatosefotosnews.com.br\/index.php?rest_route=%2Fwp%2Fv2%2Fcomments&post=68797"}],"version-history":[{"count":0,"href":"https:\/\/www.fatosefotosnews.com.br\/index.php?rest_route=\/wp\/v2\/posts\/68797\/revisions"}],"wp:featuredmedia":[{"embeddable":true,"href":"https:\/\/www.fatosefotosnews.com.br\/index.php?rest_route=\/wp\/v2\/media\/68798"}],"wp:attachment":[{"href":"https:\/\/www.fatosefotosnews.com.br\/index.php?rest_route=%2Fwp%2Fv2%2Fmedia&parent=68797"}],"wp:term":[{"taxonomy":"category","embeddable":true,"href":"https:\/\/www.fatosefotosnews.com.br\/index.php?rest_route=%2Fwp%2Fv2%2Fcategories&post=68797"},{"taxonomy":"post_tag","embeddable":true,"href":"https:\/\/www.fatosefotosnews.com.br\/index.php?rest_route=%2Fwp%2Fv2%2Ftags&post=68797"}],"curies":[{"name":"wp","href":"https:\/\/api.w.org\/{rel}","templated":true}]}}