{"id":68925,"date":"2024-01-10T09:45:01","date_gmt":"2024-01-10T12:45:01","guid":{"rendered":"https:\/\/www.fatosefotosnews.com.br\/paises-europeus-se-manifestam-apos-onda-de-violencia-no-equador\/"},"modified":"2024-01-10T09:45:01","modified_gmt":"2024-01-10T12:45:01","slug":"paises-europeus-se-manifestam-apos-onda-de-violencia-no-equador","status":"publish","type":"post","link":"https:\/\/www.fatosefotosnews.com.br\/?p=68925","title":{"rendered":"Pa\u00edses europeus se manifestam ap\u00f3s onda de viol\u00eancia no Equador"},"content":{"rendered":"<p><meta name=\"robots\" content=\"noindex\"><mreta name=\"googlebot\" content=\"noindex\"><\/p>\n<div class=\"Noticia_Foto fato\">\n<figure class=\"foto-legenda\" style=\"position: relative\">\n<div class=\"foto-legenda-img\"> <img fetchpriority=\"high\" decoding=\"async\" src=\"https:\/\/i0.statig.com.br\/bancodeimagens\/3z\/vg\/u4\/3zvgu46lwraax1smj3knzut3t.jpg\" width=\"906\" height=\"509\" alt=\"Onda de viol\u00eancia no Equador\" title=\"Onda de viol\u00eancia no Equador\"> <\/div><figcaption class=\"foto-legenda-citacao\"> <cite>Reprodu\u00e7\u00e3o: Redes Sociais<\/cite> <\/p>\n<div class=\"foto-legenda-citacao-text\">Onda de viol\u00eancia no Equador<\/div>\n<\/figcaption><\/figure>\n<\/p>\n<\/div>\n<p class=\"\">Diversos pa\u00edses europeus manifestaram preocupa\u00e7\u00e3o com a <a href=\"https:\/\/ultimosegundo.ig.com.br\/mundo\/2024-01-10\/equador-onda-violencia-detidos.html\" data-mce-href=\"https:\/\/ultimosegundo.ig.com.br\/mundo\/2024-01-10\/equador-onda-violencia-detidos.html\">onda de viol\u00eancia no Equador<\/a> , que se agravou nesta semana ap\u00f3s a fuga do l\u00edder de uma poderosa fac\u00e7\u00e3o criminosa da cadeia.<\/p>\n<p>No \u00faltimo domingo (7), o governo local  <a href=\"https:\/\/ultimosegundo.ig.com.br\/mundo\/2024-01-09\/equador-decreta-estado-excecao-fuga-lider-faccao.html\" data-mce-href=\"https:\/\/ultimosegundo.ig.com.br\/mundo\/2024-01-09\/equador-decreta-estado-excecao-fuga-lider-faccao.html\">decretou estado de exce\u00e7\u00e3o no pa\u00eds<\/a> e, dois dias depois, homens armados invadiram os est\u00fadios de uma emissora estatal de TV durante um programa ao vivo, mantendo ref\u00e9ns no canal por cerca de duas horas.<\/p>\n<p>Pelo menos 10 pessoas j\u00e1 morreram na atual onda de viol\u00eancia, incluindo dois agentes das for\u00e7as de ordem. Oito v\u00edtimas foram registradas na cidade portu\u00e1ria de Guayaquil, epicentro da crise que atravessa o pa\u00eds latino-americano.<\/p>\n<p>&#8220;Acompanhamos com preocupa\u00e7\u00e3o os acontecimentos dos \u00faltimos dias no Equador e apoiamos a institucionalidade democr\u00e1tica.Esperamos que a normalidade seja retomada em breve&#8221;, disse o premi\u00ea da Espanha, Pedro S\u00e1nchez, nesta quarta-feira (10). <\/p>\n<p>J\u00e1 a embaixada de Madri em Quito pediu prud\u00eancia a seus cidad\u00e3os que vivem no pa\u00eds sul-americano, onde est\u00e1 em vigor um toque de recolher noturno entre 23h e 5h.<\/p>\n<p>Por sua vez, o governo da Fran\u00e7a recomendou que seus cidad\u00e3os evitem viagens ao Equador, enquanto o ministro das Rela\u00e7\u00f5es Exteriores e vice-premi\u00ea da It\u00e1lia, Antonio Tajani, disse que acompanha a evolu\u00e7\u00e3o da situa\u00e7\u00e3o. &#8220;Para qualquer aviso, contatem nossa unidade de crise&#8221;, afirmou a Farnesina nas redes sociais.<\/p>\n<p>Por sua vez, a R\u00fassia condenou os &#8220;m\u00e9todos terroristas de grupos armados no Equador&#8221;, mas ressaltou que a crise deve ser resolvida &#8220;sem interven\u00e7\u00f5es externas&#8221;, ao mesmo tempo em que os Estados Unidos ofereceram &#8220;assist\u00eancia&#8221; ao governo do presidente Daniel Noboa, que est\u00e1 no poder h\u00e1 menos de dois meses.<\/p>\n<div>  <\/div>\n<p class>O pa\u00eds convive h\u00e1 anos com a viol\u00eancia de fac\u00e7\u00f5es de narcotraficantes, situa\u00e7\u00e3o que ganhou destaque mundo afora com o assassinato do ent\u00e3o candidato a presidente Fernando Villavicencio, em agosto de 2023, em plena luz do dia.<\/p>\n<p class>Desta vez, a situa\u00e7\u00e3o se agravou ap\u00f3s a fuga de Jos\u00e9 Adolfo Mac\u00edas Villamar, o &#8220;Fito&#8221;, chefe da fac\u00e7\u00e3o criminosa Los Choneros, uma das mais poderosas do Equador. O narcotraficante cumpria uma pena de 34 anos de cadeia, e seu paradeiro ainda \u00e9 desconhecido.<\/p>\n<p>Em um decreto em que declara a exist\u00eancia de um &#8220;conflito armado interno&#8221;, Noboa qualificou 22 fac\u00e7\u00f5es operantes no pa\u00eds como &#8220;organiza\u00e7\u00f5es terroristas e atores n\u00e3o estatais beligerantes&#8221;, incluindo Los Choneros.<\/p>\n<p>Na pr\u00e1tica, o estado de exce\u00e7\u00e3o, com vig\u00eancia de 60 dias, coloca as For\u00e7as Armadas nas ruas e restringe direitos de locomo\u00e7\u00e3o, reuni\u00e3o e privacidade de domic\u00edlio.<\/p>\n<p id=\"infocoweb_fonte\" class=\"infocoweb_fonte\">Fonte: <a target=\"_blank\" href=\"https:\/\/ultimosegundo.ig.com.br\/ultimosegundo.ig.com.br\/mundo\/2024-01-10\/paises-europeus-se-manifestam-apos-onda-de-violencia-no-equador.html#da7a5fff-0fa8-46eb-956f-a7b21858e79a\" rel=\"noopener\">Internacional<\/a><\/p>\n","protected":false},"excerpt":{"rendered":"<p>Reprodu\u00e7\u00e3o: Redes Sociais Onda de viol\u00eancia no Equador Diversos pa\u00edses europeus manifestaram preocupa\u00e7\u00e3o com a onda de viol\u00eancia no Equador , que se agravou nesta semana ap\u00f3s a fuga do l\u00edder de uma poderosa fac\u00e7\u00e3o criminosa da cadeia. No \u00faltimo domingo (7), o governo local decretou estado de exce\u00e7\u00e3o no pa\u00eds e, dois dias depois, [&hellip;]<\/p>\n","protected":false},"author":5,"featured_media":68926,"comment_status":"open","ping_status":"open","sticky":false,"template":"","format":"standard","meta":{"_acf_changed":false,"_angie_page":false,"_monsterinsights_skip_tracking":false,"_themeisle_gutenberg_block_has_review":false,"page_builder":"","footnotes":"","jetpack_publicize_message":"","jetpack_publicize_feature_enabled":true,"jetpack_social_post_already_shared":false,"jetpack_social_options":{"image_generator_settings":{"template":"highway","default_image_id":0,"font":"","enabled":false},"version":2}},"categories":[12],"tags":[430,11174,1956,2131,640],"class_list":["post-68925","post","type-post","status-publish","format-standard","has-post-thumbnail","hentry","category-mundo","tag-equador","tag-europeus","tag-manifestam","tag-paises","tag-violencia"],"acf":[],"nelio_content":{"autoShareEndMode":"never","automationSources":{"useCustomSentences":false,"customSentences":[]},"efiAlt":"","efiUrl":"","followers":[5],"highlights":[],"isAutoShareEnabled":true,"networkImageIds":[],"permalinkQueryArgs":[],"series":[],"suggestedReferences":[]},"yoast_head":"<!-- This site is optimized with the Yoast SEO plugin v28.3 - https:\/\/yoast.com\/product\/yoast-seo-wordpress\/ -->\n<title>Pa\u00edses europeus se manifestam ap\u00f3s onda de viol\u00eancia no Equador<\/title>\n<meta name=\"description\" content=\"Pa\u00edses europeus se manifestam ap\u00f3s onda de viol\u00eancia no Equador\" \/>\n<meta name=\"robots\" content=\"index, follow, max-snippet:-1, max-image-preview:large, max-video-preview:-1\" \/>\n<link rel=\"canonical\" href=\"https:\/\/www.fatosefotosnews.com.br\/?p=68925\" \/>\n<meta property=\"og:locale\" content=\"pt_BR\" \/>\n<meta property=\"og:type\" content=\"article\" \/>\n<meta property=\"og:title\" content=\"Pa\u00edses europeus se manifestam ap\u00f3s onda de viol\u00eancia no Equador\" \/>\n<meta property=\"og:description\" content=\"Pa\u00edses europeus se manifestam ap\u00f3s onda de viol\u00eancia no Equador\" \/>\n<meta property=\"og:url\" content=\"https:\/\/www.fatosefotosnews.com.br\/?p=68925\" \/>\n<meta property=\"og:site_name\" content=\"Fatos e Fotos News\" \/>\n<meta property=\"article:published_time\" content=\"2024-01-10T12:45:01+00:00\" \/>\n<meta property=\"og:image\" content=\"https:\/\/www.fatosefotosnews.com.br\/wp-content\/uploads\/2024\/01\/77247b8b0525084a3186418b6b1b1a13.jpeg\" \/>\n\t<meta property=\"og:image:width\" content=\"1024\" \/>\n\t<meta property=\"og:image:height\" content=\"576\" \/>\n\t<meta property=\"og:image:type\" content=\"image\/jpeg\" \/>\n<meta name=\"author\" content=\"Da Reda\u00e7\u00e3o\" \/>\n<meta name=\"twitter:card\" content=\"summary_large_image\" \/>\n<meta name=\"twitter:label1\" content=\"Escrito por\" \/>\n\t<meta name=\"twitter:data1\" content=\"Da Reda\u00e7\u00e3o\" \/>\n\t<meta name=\"twitter:label2\" content=\"Est. tempo de leitura\" \/>\n\t<meta name=\"twitter:data2\" content=\"99 minutos\" \/>\n<script type=\"application\/ld+json\" class=\"yoast-schema-graph\">{\"@context\":\"https:\\\/\\\/schema.org\",\"@graph\":[{\"@type\":\"Article\",\"@id\":\"https:\\\/\\\/www.fatosefotosnews.com.br\\\/?p=68925#article\",\"isPartOf\":{\"@id\":\"https:\\\/\\\/www.fatosefotosnews.com.br\\\/?p=68925\"},\"author\":{\"name\":\"Da Reda\u00e7\u00e3o\",\"@id\":\"https:\\\/\\\/www.fatosefotosnews.com.br\\\/#\\\/schema\\\/person\\\/3b80f81d08670fb1f6690e07eb8b5dc6\"},\"headline\":\"Pa\u00edses europeus se manifestam ap\u00f3s onda de viol\u00eancia no Equador\",\"datePublished\":\"2024-01-10T12:45:01+00:00\",\"mainEntityOfPage\":{\"@id\":\"https:\\\/\\\/www.fatosefotosnews.com.br\\\/?p=68925\"},\"wordCount\":475,\"commentCount\":0,\"publisher\":{\"@id\":\"https:\\\/\\\/www.fatosefotosnews.com.br\\\/#organization\"},\"image\":{\"@id\":\"https:\\\/\\\/www.fatosefotosnews.com.br\\\/?p=68925#primaryimage\"},\"thumbnailUrl\":\"https:\\\/\\\/www.fatosefotosnews.com.br\\\/wp-content\\\/uploads\\\/2024\\\/01\\\/77247b8b0525084a3186418b6b1b1a13.jpeg\",\"keywords\":[\"equador\",\"europeus\",\"manifestam\",\"paises\",\"violencia\"],\"articleSection\":[\"Mundo\"],\"inLanguage\":\"pt-BR\",\"potentialAction\":[{\"@type\":\"CommentAction\",\"name\":\"Comment\",\"target\":[\"https:\\\/\\\/www.fatosefotosnews.com.br\\\/?p=68925#respond\"]}]},{\"@type\":\"WebPage\",\"@id\":\"https:\\\/\\\/www.fatosefotosnews.com.br\\\/?p=68925\",\"url\":\"https:\\\/\\\/www.fatosefotosnews.com.br\\\/?p=68925\",\"name\":\"Pa\u00edses europeus se manifestam ap\u00f3s onda de viol\u00eancia no Equador\",\"isPartOf\":{\"@id\":\"https:\\\/\\\/www.fatosefotosnews.com.br\\\/#website\"},\"primaryImageOfPage\":{\"@id\":\"https:\\\/\\\/www.fatosefotosnews.com.br\\\/?p=68925#primaryimage\"},\"image\":{\"@id\":\"https:\\\/\\\/www.fatosefotosnews.com.br\\\/?p=68925#primaryimage\"},\"thumbnailUrl\":\"https:\\\/\\\/www.fatosefotosnews.com.br\\\/wp-content\\\/uploads\\\/2024\\\/01\\\/77247b8b0525084a3186418b6b1b1a13.jpeg\",\"datePublished\":\"2024-01-10T12:45:01+00:00\",\"description\":\"Pa\u00edses europeus se manifestam ap\u00f3s onda de viol\u00eancia no Equador\",\"breadcrumb\":{\"@id\":\"https:\\\/\\\/www.fatosefotosnews.com.br\\\/?p=68925#breadcrumb\"},\"inLanguage\":\"pt-BR\",\"potentialAction\":[{\"@type\":\"ReadAction\",\"target\":[\"https:\\\/\\\/www.fatosefotosnews.com.br\\\/?p=68925\"]}]},{\"@type\":\"ImageObject\",\"inLanguage\":\"pt-BR\",\"@id\":\"https:\\\/\\\/www.fatosefotosnews.com.br\\\/?p=68925#primaryimage\",\"url\":\"https:\\\/\\\/www.fatosefotosnews.com.br\\\/wp-content\\\/uploads\\\/2024\\\/01\\\/77247b8b0525084a3186418b6b1b1a13.jpeg\",\"contentUrl\":\"https:\\\/\\\/www.fatosefotosnews.com.br\\\/wp-content\\\/uploads\\\/2024\\\/01\\\/77247b8b0525084a3186418b6b1b1a13.jpeg\",\"width\":1024,\"height\":576,\"caption\":\"Reprodu\u00e7\u00e3o: Redes Sociais Onda de viol\u00eancia no Equador\"},{\"@type\":\"BreadcrumbList\",\"@id\":\"https:\\\/\\\/www.fatosefotosnews.com.br\\\/?p=68925#breadcrumb\",\"itemListElement\":[{\"@type\":\"ListItem\",\"position\":1,\"name\":\"In\u00edcio\",\"item\":\"https:\\\/\\\/www.fatosefotosnews.com.br\\\/\"},{\"@type\":\"ListItem\",\"position\":2,\"name\":\"Pa\u00edses europeus se manifestam ap\u00f3s onda de viol\u00eancia no Equador\"}]},{\"@type\":\"WebSite\",\"@id\":\"https:\\\/\\\/www.fatosefotosnews.com.br\\\/#website\",\"url\":\"https:\\\/\\\/www.fatosefotosnews.com.br\\\/\",\"name\":\"Fatos e Fotos News\",\"description\":\"Um site de noticial verdadeira e confi\u00e1veis.\",\"publisher\":{\"@id\":\"https:\\\/\\\/www.fatosefotosnews.com.br\\\/#organization\"},\"potentialAction\":[{\"@type\":\"SearchAction\",\"target\":{\"@type\":\"EntryPoint\",\"urlTemplate\":\"https:\\\/\\\/www.fatosefotosnews.com.br\\\/?s={search_term_string}\"},\"query-input\":{\"@type\":\"PropertyValueSpecification\",\"valueRequired\":true,\"valueName\":\"search_term_string\"}}],\"inLanguage\":\"pt-BR\"},{\"@type\":\"Organization\",\"@id\":\"https:\\\/\\\/www.fatosefotosnews.com.br\\\/#organization\",\"name\":\"Fatos e Fotos News\",\"url\":\"https:\\\/\\\/www.fatosefotosnews.com.br\\\/\",\"logo\":{\"@type\":\"ImageObject\",\"inLanguage\":\"pt-BR\",\"@id\":\"https:\\\/\\\/www.fatosefotosnews.com.br\\\/#\\\/schema\\\/logo\\\/image\\\/\",\"url\":\"https:\\\/\\\/www.fatosefotosnews.com.br\\\/wp-content\\\/uploads\\\/2023\\\/02\\\/Fatos-e-Fotos-news-logo.png\",\"contentUrl\":\"https:\\\/\\\/www.fatosefotosnews.com.br\\\/wp-content\\\/uploads\\\/2023\\\/02\\\/Fatos-e-Fotos-news-logo.png\",\"width\":300,\"height\":58,\"caption\":\"Fatos e Fotos News\"},\"image\":{\"@id\":\"https:\\\/\\\/www.fatosefotosnews.com.br\\\/#\\\/schema\\\/logo\\\/image\\\/\"}},{\"@type\":\"Person\",\"@id\":\"https:\\\/\\\/www.fatosefotosnews.com.br\\\/#\\\/schema\\\/person\\\/3b80f81d08670fb1f6690e07eb8b5dc6\",\"name\":\"Da Reda\u00e7\u00e3o\",\"image\":{\"@type\":\"ImageObject\",\"inLanguage\":\"pt-BR\",\"@id\":\"https:\\\/\\\/secure.gravatar.com\\\/avatar\\\/696d39935a657bf0fc95044dbc9f912520430a0eb6dd46c85dd97eb6483b249b?s=96&d=mm&r=g\",\"url\":\"https:\\\/\\\/secure.gravatar.com\\\/avatar\\\/696d39935a657bf0fc95044dbc9f912520430a0eb6dd46c85dd97eb6483b249b?s=96&d=mm&r=g\",\"contentUrl\":\"https:\\\/\\\/secure.gravatar.com\\\/avatar\\\/696d39935a657bf0fc95044dbc9f912520430a0eb6dd46c85dd97eb6483b249b?s=96&d=mm&r=g\",\"caption\":\"Da Reda\u00e7\u00e3o\"},\"url\":\"https:\\\/\\\/www.fatosefotosnews.com.br\\\/?author=5\"}]}<\/script>\n<!-- \/ Yoast SEO plugin. -->","yoast_head_json":{"title":"Pa\u00edses europeus se manifestam ap\u00f3s onda de viol\u00eancia no Equador","description":"Pa\u00edses europeus se manifestam ap\u00f3s onda de viol\u00eancia no Equador","robots":{"index":"index","follow":"follow","max-snippet":"max-snippet:-1","max-image-preview":"max-image-preview:large","max-video-preview":"max-video-preview:-1"},"canonical":"https:\/\/www.fatosefotosnews.com.br\/?p=68925","og_locale":"pt_BR","og_type":"article","og_title":"Pa\u00edses europeus se manifestam ap\u00f3s onda de viol\u00eancia no Equador","og_description":"Pa\u00edses europeus se manifestam ap\u00f3s onda de viol\u00eancia no Equador","og_url":"https:\/\/www.fatosefotosnews.com.br\/?p=68925","og_site_name":"Fatos e Fotos News","article_published_time":"2024-01-10T12:45:01+00:00","og_image":[{"width":1024,"height":576,"url":"https:\/\/www.fatosefotosnews.com.br\/wp-content\/uploads\/2024\/01\/77247b8b0525084a3186418b6b1b1a13.jpeg","type":"image\/jpeg"}],"author":"Da Reda\u00e7\u00e3o","twitter_card":"summary_large_image","twitter_misc":{"Escrito por":"Da Reda\u00e7\u00e3o","Est. tempo de leitura":"99 minutos"},"schema":{"@context":"https:\/\/schema.org","@graph":[{"@type":"Article","@id":"https:\/\/www.fatosefotosnews.com.br\/?p=68925#article","isPartOf":{"@id":"https:\/\/www.fatosefotosnews.com.br\/?p=68925"},"author":{"name":"Da Reda\u00e7\u00e3o","@id":"https:\/\/www.fatosefotosnews.com.br\/#\/schema\/person\/3b80f81d08670fb1f6690e07eb8b5dc6"},"headline":"Pa\u00edses europeus se manifestam ap\u00f3s onda de viol\u00eancia no Equador","datePublished":"2024-01-10T12:45:01+00:00","mainEntityOfPage":{"@id":"https:\/\/www.fatosefotosnews.com.br\/?p=68925"},"wordCount":475,"commentCount":0,"publisher":{"@id":"https:\/\/www.fatosefotosnews.com.br\/#organization"},"image":{"@id":"https:\/\/www.fatosefotosnews.com.br\/?p=68925#primaryimage"},"thumbnailUrl":"https:\/\/www.fatosefotosnews.com.br\/wp-content\/uploads\/2024\/01\/77247b8b0525084a3186418b6b1b1a13.jpeg","keywords":["equador","europeus","manifestam","paises","violencia"],"articleSection":["Mundo"],"inLanguage":"pt-BR","potentialAction":[{"@type":"CommentAction","name":"Comment","target":["https:\/\/www.fatosefotosnews.com.br\/?p=68925#respond"]}]},{"@type":"WebPage","@id":"https:\/\/www.fatosefotosnews.com.br\/?p=68925","url":"https:\/\/www.fatosefotosnews.com.br\/?p=68925","name":"Pa\u00edses europeus se manifestam ap\u00f3s onda de viol\u00eancia no Equador","isPartOf":{"@id":"https:\/\/www.fatosefotosnews.com.br\/#website"},"primaryImageOfPage":{"@id":"https:\/\/www.fatosefotosnews.com.br\/?p=68925#primaryimage"},"image":{"@id":"https:\/\/www.fatosefotosnews.com.br\/?p=68925#primaryimage"},"thumbnailUrl":"https:\/\/www.fatosefotosnews.com.br\/wp-content\/uploads\/2024\/01\/77247b8b0525084a3186418b6b1b1a13.jpeg","datePublished":"2024-01-10T12:45:01+00:00","description":"Pa\u00edses europeus se manifestam ap\u00f3s onda de viol\u00eancia no Equador","breadcrumb":{"@id":"https:\/\/www.fatosefotosnews.com.br\/?p=68925#breadcrumb"},"inLanguage":"pt-BR","potentialAction":[{"@type":"ReadAction","target":["https:\/\/www.fatosefotosnews.com.br\/?p=68925"]}]},{"@type":"ImageObject","inLanguage":"pt-BR","@id":"https:\/\/www.fatosefotosnews.com.br\/?p=68925#primaryimage","url":"https:\/\/www.fatosefotosnews.com.br\/wp-content\/uploads\/2024\/01\/77247b8b0525084a3186418b6b1b1a13.jpeg","contentUrl":"https:\/\/www.fatosefotosnews.com.br\/wp-content\/uploads\/2024\/01\/77247b8b0525084a3186418b6b1b1a13.jpeg","width":1024,"height":576,"caption":"Reprodu\u00e7\u00e3o: Redes Sociais Onda de viol\u00eancia no Equador"},{"@type":"BreadcrumbList","@id":"https:\/\/www.fatosefotosnews.com.br\/?p=68925#breadcrumb","itemListElement":[{"@type":"ListItem","position":1,"name":"In\u00edcio","item":"https:\/\/www.fatosefotosnews.com.br\/"},{"@type":"ListItem","position":2,"name":"Pa\u00edses europeus se manifestam ap\u00f3s onda de viol\u00eancia no Equador"}]},{"@type":"WebSite","@id":"https:\/\/www.fatosefotosnews.com.br\/#website","url":"https:\/\/www.fatosefotosnews.com.br\/","name":"Fatos e Fotos News","description":"Um site de noticial verdadeira e confi\u00e1veis.","publisher":{"@id":"https:\/\/www.fatosefotosnews.com.br\/#organization"},"potentialAction":[{"@type":"SearchAction","target":{"@type":"EntryPoint","urlTemplate":"https:\/\/www.fatosefotosnews.com.br\/?s={search_term_string}"},"query-input":{"@type":"PropertyValueSpecification","valueRequired":true,"valueName":"search_term_string"}}],"inLanguage":"pt-BR"},{"@type":"Organization","@id":"https:\/\/www.fatosefotosnews.com.br\/#organization","name":"Fatos e Fotos News","url":"https:\/\/www.fatosefotosnews.com.br\/","logo":{"@type":"ImageObject","inLanguage":"pt-BR","@id":"https:\/\/www.fatosefotosnews.com.br\/#\/schema\/logo\/image\/","url":"https:\/\/www.fatosefotosnews.com.br\/wp-content\/uploads\/2023\/02\/Fatos-e-Fotos-news-logo.png","contentUrl":"https:\/\/www.fatosefotosnews.com.br\/wp-content\/uploads\/2023\/02\/Fatos-e-Fotos-news-logo.png","width":300,"height":58,"caption":"Fatos e Fotos News"},"image":{"@id":"https:\/\/www.fatosefotosnews.com.br\/#\/schema\/logo\/image\/"}},{"@type":"Person","@id":"https:\/\/www.fatosefotosnews.com.br\/#\/schema\/person\/3b80f81d08670fb1f6690e07eb8b5dc6","name":"Da Reda\u00e7\u00e3o","image":{"@type":"ImageObject","inLanguage":"pt-BR","@id":"https:\/\/secure.gravatar.com\/avatar\/696d39935a657bf0fc95044dbc9f912520430a0eb6dd46c85dd97eb6483b249b?s=96&d=mm&r=g","url":"https:\/\/secure.gravatar.com\/avatar\/696d39935a657bf0fc95044dbc9f912520430a0eb6dd46c85dd97eb6483b249b?s=96&d=mm&r=g","contentUrl":"https:\/\/secure.gravatar.com\/avatar\/696d39935a657bf0fc95044dbc9f912520430a0eb6dd46c85dd97eb6483b249b?s=96&d=mm&r=g","caption":"Da Reda\u00e7\u00e3o"},"url":"https:\/\/www.fatosefotosnews.com.br\/?author=5"}]}},"jetpack_publicize_connections":[],"blog_post_layout_featured_media_urls":{"thumbnail":["https:\/\/www.fatosefotosnews.com.br\/wp-content\/uploads\/2024\/01\/77247b8b0525084a3186418b6b1b1a13-150x150.jpeg",150,150,true],"full":["https:\/\/www.fatosefotosnews.com.br\/wp-content\/uploads\/2024\/01\/77247b8b0525084a3186418b6b1b1a13.jpeg",1024,576,false]},"categories_names":{"12":{"name":"Mundo","link":"https:\/\/www.fatosefotosnews.com.br\/?cat=12"}},"tags_names":{"430":{"name":"equador","link":"https:\/\/www.fatosefotosnews.com.br\/?tag=equador"},"11174":{"name":"europeus","link":"https:\/\/www.fatosefotosnews.com.br\/?tag=europeus"},"1956":{"name":"manifestam","link":"https:\/\/www.fatosefotosnews.com.br\/?tag=manifestam"},"2131":{"name":"paises","link":"https:\/\/www.fatosefotosnews.com.br\/?tag=paises"},"640":{"name":"violencia","link":"https:\/\/www.fatosefotosnews.com.br\/?tag=violencia"}},"comments_number":"0","wpmagazine_modules_lite_featured_media_urls":{"thumbnail":["https:\/\/www.fatosefotosnews.com.br\/wp-content\/uploads\/2024\/01\/77247b8b0525084a3186418b6b1b1a13-150x150.jpeg",150,150,true],"cvmm-medium":["https:\/\/www.fatosefotosnews.com.br\/wp-content\/uploads\/2024\/01\/77247b8b0525084a3186418b6b1b1a13-300x300.jpeg",300,300,true],"cvmm-medium-plus":["https:\/\/www.fatosefotosnews.com.br\/wp-content\/uploads\/2024\/01\/77247b8b0525084a3186418b6b1b1a13-305x207.jpeg",305,207,true],"cvmm-portrait":["https:\/\/www.fatosefotosnews.com.br\/wp-content\/uploads\/2024\/01\/77247b8b0525084a3186418b6b1b1a13-400x576.jpeg",400,576,true],"cvmm-medium-square":["https:\/\/www.fatosefotosnews.com.br\/wp-content\/uploads\/2024\/01\/77247b8b0525084a3186418b6b1b1a13-600x576.jpeg",600,576,true],"cvmm-large":["https:\/\/www.fatosefotosnews.com.br\/wp-content\/uploads\/2024\/01\/77247b8b0525084a3186418b6b1b1a13.jpeg",1024,576,false],"cvmm-small":["https:\/\/www.fatosefotosnews.com.br\/wp-content\/uploads\/2024\/01\/77247b8b0525084a3186418b6b1b1a13-130x95.jpeg",130,95,true],"full":["https:\/\/www.fatosefotosnews.com.br\/wp-content\/uploads\/2024\/01\/77247b8b0525084a3186418b6b1b1a13.jpeg",1024,576,false]},"_links":{"self":[{"href":"https:\/\/www.fatosefotosnews.com.br\/index.php?rest_route=\/wp\/v2\/posts\/68925","targetHints":{"allow":["GET"]}}],"collection":[{"href":"https:\/\/www.fatosefotosnews.com.br\/index.php?rest_route=\/wp\/v2\/posts"}],"about":[{"href":"https:\/\/www.fatosefotosnews.com.br\/index.php?rest_route=\/wp\/v2\/types\/post"}],"author":[{"embeddable":true,"href":"https:\/\/www.fatosefotosnews.com.br\/index.php?rest_route=\/wp\/v2\/users\/5"}],"replies":[{"embeddable":true,"href":"https:\/\/www.fatosefotosnews.com.br\/index.php?rest_route=%2Fwp%2Fv2%2Fcomments&post=68925"}],"version-history":[{"count":0,"href":"https:\/\/www.fatosefotosnews.com.br\/index.php?rest_route=\/wp\/v2\/posts\/68925\/revisions"}],"wp:featuredmedia":[{"embeddable":true,"href":"https:\/\/www.fatosefotosnews.com.br\/index.php?rest_route=\/wp\/v2\/media\/68926"}],"wp:attachment":[{"href":"https:\/\/www.fatosefotosnews.com.br\/index.php?rest_route=%2Fwp%2Fv2%2Fmedia&parent=68925"}],"wp:term":[{"taxonomy":"category","embeddable":true,"href":"https:\/\/www.fatosefotosnews.com.br\/index.php?rest_route=%2Fwp%2Fv2%2Fcategories&post=68925"},{"taxonomy":"post_tag","embeddable":true,"href":"https:\/\/www.fatosefotosnews.com.br\/index.php?rest_route=%2Fwp%2Fv2%2Ftags&post=68925"}],"curies":[{"name":"wp","href":"https:\/\/api.w.org\/{rel}","templated":true}]}}