{"id":71680,"date":"2024-01-28T18:22:46","date_gmt":"2024-01-28T21:22:46","guid":{"rendered":"https:\/\/www.fatosefotosnews.com.br\/aviao-cai-em-minas-gerais-e-deixa-sete-mortos\/"},"modified":"2024-01-28T18:22:46","modified_gmt":"2024-01-28T21:22:46","slug":"aviao-cai-em-minas-gerais-e-deixa-sete-mortos","status":"publish","type":"post","link":"https:\/\/www.fatosefotosnews.com.br\/?p=71680","title":{"rendered":"Avi\u00e3o cai em Minas Gerais e deixa sete mortos"},"content":{"rendered":"<p>Um avi\u00e3o de pequeno porte, de matr\u00edcula PS-MTG, caiu neste domingo (28), na zona rural de Itapeva, no sul de Minas Gerais. O Corpo de Bombeiros do estado informou que os militares encontraram sete mortos no local. O n\u00famero foi confirmado por peritos da Pol\u00edcia Civil de Minas Gerais (PCMG).<img decoding=\"async\" src=\"https:\/\/agenciabrasil.ebc.com.br\/ebc.png?id=1578243&#038;o=node\" style=\"width:1px;height:1px\"><img decoding=\"async\" src=\"https:\/\/agenciabrasil.ebc.com.br\/ebc.gif?id=1578243&#038;o=node\" style=\"width:1px;height:1px\"><\/p>\n<p>\u201cOs bombeiros militares de Minas Gerais encontraram em \u00f3bito as sete v\u00edtimas a bordo da aeronave. Os peritos da PCMG confirmaram esta quantidade e d\u00e3o continuidade aos trabalhos no local\u201d, informou a corpora\u00e7\u00e3o.<\/p>\n<p>Em v\u00eddeos de moradores, publicados nas redes sociais, \u00e9 poss\u00edvel ver peda\u00e7os da aeronave espalhados pelo terreno onde houve o acidente. De acordo com o N\u00facleo de Atendimento \u00e0 Imprensa do governo de Minas Gerais, o Corpo de Bombeiros recebeu o chamado da ocorr\u00eancia por volta das 10h38 da manh\u00e3 do domingo.<\/p>\n<p>A nota do governo mineiro acrescentou que depois de localizada a aeronave, oito bombeiros militares come\u00e7aram a atuar em um per\u00edmetro de aproximadamente 400 metros. O governo mineiro acrescentou que \u201ca quantidade de pessoas a bordo deve ser confirmada pela empresa respons\u00e1vel pelo check-in da aeronave, que decolou do Aeroporto Estadual de Campos dos Amarais, em Campinas, S\u00e3o Paulo\u201d.<\/p>\n<h2>Investiga\u00e7\u00f5es<\/h2>\n<p>O Centro de Investiga\u00e7\u00e3o e Preven\u00e7\u00e3o de Acidentes Aeron\u00e1uticos (Cenipa) determinou a ida para o local de investigadores do Terceiro Servi\u00e7o Regional de Investiga\u00e7\u00e3o e Preven\u00e7\u00e3o de Acidentes Aeron\u00e1uticos (Seripa III), localizados no Rio de Janeiro (RJ). A Seripa III \u00e9 um \u00f3rg\u00e3o regional Cenipa.<\/p>\n<p>\u201cNa a\u00e7\u00e3o inicial s\u00e3o utilizadas t\u00e9cnicas espec\u00edficas, conduzidas por pessoal qualificado e credenciado que realiza a coleta e confirma\u00e7\u00e3o de dados, a preserva\u00e7\u00e3o dos elementos da investiga\u00e7\u00e3o, a verifica\u00e7\u00e3o inicial de danos causados \u00e0 aeronave, ou pela aeronave, e o levantamento de outras informa\u00e7\u00f5es necess\u00e1rias ao processo de investiga\u00e7\u00e3o\u201d, informou em nota a For\u00e7a A\u00e9rea Brasileira (FAB).<\/p>\n<p>De acordo com a FAB, \u201ca conclus\u00e3o das investiga\u00e7\u00f5es ter\u00e1 o menor prazo poss\u00edvel, dependendo sempre da complexidade de cada ocorr\u00eancia e, ainda, da necessidade de descobrir os poss\u00edveis fatores contribuintes\u201d.<\/p>\n<p>O objetivo das investiga\u00e7\u00f5es de ocorr\u00eancias aeron\u00e1uticas por parte do Cenipa \u00e9 evitar que ocorram novos acidentes com caracter\u00edsticas semelhantes.<\/p>\n<h2>Anac<\/h2>\n<p>Tamb\u00e9m em nota, a Ag\u00eancia Nacional de Avia\u00e7\u00e3o Civil (Anac) lamentou o acidente ocorrido e se solidarizou com amigos e familiares das v\u00edtimas. \u201cA aeronave, matr\u00edcula PS-MTG, est\u00e1 em situa\u00e7\u00e3o regular na ANAC e n\u00e3o tinha autoriza\u00e7\u00e3o para servi\u00e7o de t\u00e1xi-a\u00e9reo\u201d, completou o \u00f3rg\u00e3o regulador.<\/p>\n<p id=\"infocoweb_fonte\" class=\"infocoweb_fonte\">Fonte: <a target=\"_blank\" href=\"https:\/\/agenciabrasil.ebc.com.br\/geral\/noticia\/2024-01\/aviao-cai-em-minas-gerais-e-deixa-sete-mortos#deddf639-7189-4c6d-9236-6c96b83ab7cb\" rel=\"noopener\">EBC GERAL<\/a><\/p>\n","protected":false},"excerpt":{"rendered":"<p>Um avi\u00e3o de pequeno porte, de matr\u00edcula PS-MTG, caiu neste domingo (28), na zona rural de Itapeva, no sul de Minas Gerais. O Corpo de Bombeiros do estado informou que os militares encontraram sete mortos no local. O n\u00famero foi confirmado por peritos da Pol\u00edcia Civil de Minas Gerais (PCMG). \u201cOs bombeiros militares de Minas [&hellip;]<\/p>\n","protected":false},"author":5,"featured_media":71681,"comment_status":"open","ping_status":"open","sticky":false,"template":"","format":"standard","meta":{"_acf_changed":false,"_angie_page":false,"_monsterinsights_skip_tracking":false,"_themeisle_gutenberg_block_has_review":false,"page_builder":"","footnotes":"","jetpack_publicize_message":"","jetpack_publicize_feature_enabled":true,"jetpack_social_post_already_shared":false,"jetpack_social_options":{"image_generator_settings":{"template":"highway","default_image_id":0,"font":"","enabled":false},"version":2}},"categories":[167],"tags":[952,3746,3745,788],"class_list":["post-71680","post","type-post","status-publish","format-standard","has-post-thumbnail","hentry","category-geral","tag-deixa","tag-gerais","tag-minas","tag-mortos"],"acf":[],"nelio_content":{"autoShareEndMode":"never","automationSources":{"useCustomSentences":false,"customSentences":[]},"efiAlt":"","efiUrl":"","followers":[5],"highlights":[],"isAutoShareEnabled":true,"networkImageIds":[],"permalinkQueryArgs":[],"series":[],"suggestedReferences":[]},"yoast_head":"<!-- This site is optimized with the Yoast SEO plugin v28.3 - https:\/\/yoast.com\/product\/yoast-seo-wordpress\/ -->\n<title>Avi\u00e3o cai em Minas Gerais e deixa sete mortos<\/title>\n<meta name=\"description\" content=\"Avi\u00e3o cai em Minas Gerais e deixa sete mortos\" \/>\n<meta name=\"robots\" content=\"index, follow, max-snippet:-1, max-image-preview:large, max-video-preview:-1\" \/>\n<link rel=\"canonical\" href=\"https:\/\/www.fatosefotosnews.com.br\/?p=71680\" \/>\n<meta property=\"og:locale\" content=\"pt_BR\" \/>\n<meta property=\"og:type\" content=\"article\" \/>\n<meta property=\"og:title\" content=\"Avi\u00e3o cai em Minas Gerais e deixa sete mortos\" \/>\n<meta property=\"og:description\" content=\"Avi\u00e3o cai em Minas Gerais e deixa sete mortos\" \/>\n<meta property=\"og:url\" content=\"https:\/\/www.fatosefotosnews.com.br\/?p=71680\" \/>\n<meta property=\"og:site_name\" content=\"Fatos e Fotos News\" \/>\n<meta property=\"article:published_time\" content=\"2024-01-28T21:22:46+00:00\" \/>\n<meta property=\"og:image\" content=\"https:\/\/www.fatosefotosnews.com.br\/wp-content\/uploads\/2024\/01\/e1e214a8a6572d435a30f6f3fff5446e.jpeg\" \/>\n\t<meta property=\"og:image:width\" content=\"1024\" \/>\n\t<meta property=\"og:image:height\" content=\"768\" \/>\n\t<meta property=\"og:image:type\" content=\"image\/jpeg\" \/>\n<meta name=\"author\" content=\"Da Reda\u00e7\u00e3o\" \/>\n<meta name=\"twitter:card\" content=\"summary_large_image\" \/>\n<meta name=\"twitter:label1\" content=\"Escrito por\" \/>\n\t<meta name=\"twitter:data1\" content=\"Da Reda\u00e7\u00e3o\" \/>\n\t<meta name=\"twitter:label2\" content=\"Est. tempo de leitura\" \/>\n\t<meta name=\"twitter:data2\" content=\"99 minutos\" \/>\n<script type=\"application\/ld+json\" class=\"yoast-schema-graph\">{\"@context\":\"https:\\\/\\\/schema.org\",\"@graph\":[{\"@type\":\"Article\",\"@id\":\"https:\\\/\\\/www.fatosefotosnews.com.br\\\/?p=71680#article\",\"isPartOf\":{\"@id\":\"https:\\\/\\\/www.fatosefotosnews.com.br\\\/?p=71680\"},\"author\":{\"name\":\"Da Reda\u00e7\u00e3o\",\"@id\":\"https:\\\/\\\/www.fatosefotosnews.com.br\\\/#\\\/schema\\\/person\\\/3b80f81d08670fb1f6690e07eb8b5dc6\"},\"headline\":\"Avi\u00e3o cai em Minas Gerais e deixa sete mortos\",\"datePublished\":\"2024-01-28T21:22:46+00:00\",\"mainEntityOfPage\":{\"@id\":\"https:\\\/\\\/www.fatosefotosnews.com.br\\\/?p=71680\"},\"wordCount\":459,\"commentCount\":0,\"publisher\":{\"@id\":\"https:\\\/\\\/www.fatosefotosnews.com.br\\\/#organization\"},\"image\":{\"@id\":\"https:\\\/\\\/www.fatosefotosnews.com.br\\\/?p=71680#primaryimage\"},\"thumbnailUrl\":\"https:\\\/\\\/www.fatosefotosnews.com.br\\\/wp-content\\\/uploads\\\/2024\\\/01\\\/e1e214a8a6572d435a30f6f3fff5446e.jpeg\",\"keywords\":[\"deixa\",\"gerais\",\"minas\",\"mortos\"],\"articleSection\":[\"Geral\"],\"inLanguage\":\"pt-BR\",\"potentialAction\":[{\"@type\":\"CommentAction\",\"name\":\"Comment\",\"target\":[\"https:\\\/\\\/www.fatosefotosnews.com.br\\\/?p=71680#respond\"]}]},{\"@type\":\"WebPage\",\"@id\":\"https:\\\/\\\/www.fatosefotosnews.com.br\\\/?p=71680\",\"url\":\"https:\\\/\\\/www.fatosefotosnews.com.br\\\/?p=71680\",\"name\":\"Avi\u00e3o cai em Minas Gerais e deixa sete mortos\",\"isPartOf\":{\"@id\":\"https:\\\/\\\/www.fatosefotosnews.com.br\\\/#website\"},\"primaryImageOfPage\":{\"@id\":\"https:\\\/\\\/www.fatosefotosnews.com.br\\\/?p=71680#primaryimage\"},\"image\":{\"@id\":\"https:\\\/\\\/www.fatosefotosnews.com.br\\\/?p=71680#primaryimage\"},\"thumbnailUrl\":\"https:\\\/\\\/www.fatosefotosnews.com.br\\\/wp-content\\\/uploads\\\/2024\\\/01\\\/e1e214a8a6572d435a30f6f3fff5446e.jpeg\",\"datePublished\":\"2024-01-28T21:22:46+00:00\",\"description\":\"Avi\u00e3o cai em Minas Gerais e deixa sete mortos\",\"breadcrumb\":{\"@id\":\"https:\\\/\\\/www.fatosefotosnews.com.br\\\/?p=71680#breadcrumb\"},\"inLanguage\":\"pt-BR\",\"potentialAction\":[{\"@type\":\"ReadAction\",\"target\":[\"https:\\\/\\\/www.fatosefotosnews.com.br\\\/?p=71680\"]}]},{\"@type\":\"ImageObject\",\"inLanguage\":\"pt-BR\",\"@id\":\"https:\\\/\\\/www.fatosefotosnews.com.br\\\/?p=71680#primaryimage\",\"url\":\"https:\\\/\\\/www.fatosefotosnews.com.br\\\/wp-content\\\/uploads\\\/2024\\\/01\\\/e1e214a8a6572d435a30f6f3fff5446e.jpeg\",\"contentUrl\":\"https:\\\/\\\/www.fatosefotosnews.com.br\\\/wp-content\\\/uploads\\\/2024\\\/01\\\/e1e214a8a6572d435a30f6f3fff5446e.jpeg\",\"width\":1024,\"height\":768},{\"@type\":\"BreadcrumbList\",\"@id\":\"https:\\\/\\\/www.fatosefotosnews.com.br\\\/?p=71680#breadcrumb\",\"itemListElement\":[{\"@type\":\"ListItem\",\"position\":1,\"name\":\"In\u00edcio\",\"item\":\"https:\\\/\\\/www.fatosefotosnews.com.br\\\/\"},{\"@type\":\"ListItem\",\"position\":2,\"name\":\"Avi\u00e3o cai em Minas Gerais e deixa sete mortos\"}]},{\"@type\":\"WebSite\",\"@id\":\"https:\\\/\\\/www.fatosefotosnews.com.br\\\/#website\",\"url\":\"https:\\\/\\\/www.fatosefotosnews.com.br\\\/\",\"name\":\"Fatos e Fotos News\",\"description\":\"Um site de noticial verdadeira e confi\u00e1veis.\",\"publisher\":{\"@id\":\"https:\\\/\\\/www.fatosefotosnews.com.br\\\/#organization\"},\"potentialAction\":[{\"@type\":\"SearchAction\",\"target\":{\"@type\":\"EntryPoint\",\"urlTemplate\":\"https:\\\/\\\/www.fatosefotosnews.com.br\\\/?s={search_term_string}\"},\"query-input\":{\"@type\":\"PropertyValueSpecification\",\"valueRequired\":true,\"valueName\":\"search_term_string\"}}],\"inLanguage\":\"pt-BR\"},{\"@type\":\"Organization\",\"@id\":\"https:\\\/\\\/www.fatosefotosnews.com.br\\\/#organization\",\"name\":\"Fatos e Fotos News\",\"url\":\"https:\\\/\\\/www.fatosefotosnews.com.br\\\/\",\"logo\":{\"@type\":\"ImageObject\",\"inLanguage\":\"pt-BR\",\"@id\":\"https:\\\/\\\/www.fatosefotosnews.com.br\\\/#\\\/schema\\\/logo\\\/image\\\/\",\"url\":\"https:\\\/\\\/www.fatosefotosnews.com.br\\\/wp-content\\\/uploads\\\/2023\\\/02\\\/Fatos-e-Fotos-news-logo.png\",\"contentUrl\":\"https:\\\/\\\/www.fatosefotosnews.com.br\\\/wp-content\\\/uploads\\\/2023\\\/02\\\/Fatos-e-Fotos-news-logo.png\",\"width\":300,\"height\":58,\"caption\":\"Fatos e Fotos News\"},\"image\":{\"@id\":\"https:\\\/\\\/www.fatosefotosnews.com.br\\\/#\\\/schema\\\/logo\\\/image\\\/\"}},{\"@type\":\"Person\",\"@id\":\"https:\\\/\\\/www.fatosefotosnews.com.br\\\/#\\\/schema\\\/person\\\/3b80f81d08670fb1f6690e07eb8b5dc6\",\"name\":\"Da Reda\u00e7\u00e3o\",\"image\":{\"@type\":\"ImageObject\",\"inLanguage\":\"pt-BR\",\"@id\":\"https:\\\/\\\/secure.gravatar.com\\\/avatar\\\/696d39935a657bf0fc95044dbc9f912520430a0eb6dd46c85dd97eb6483b249b?s=96&d=mm&r=g\",\"url\":\"https:\\\/\\\/secure.gravatar.com\\\/avatar\\\/696d39935a657bf0fc95044dbc9f912520430a0eb6dd46c85dd97eb6483b249b?s=96&d=mm&r=g\",\"contentUrl\":\"https:\\\/\\\/secure.gravatar.com\\\/avatar\\\/696d39935a657bf0fc95044dbc9f912520430a0eb6dd46c85dd97eb6483b249b?s=96&d=mm&r=g\",\"caption\":\"Da Reda\u00e7\u00e3o\"},\"url\":\"https:\\\/\\\/www.fatosefotosnews.com.br\\\/?author=5\"}]}<\/script>\n<!-- \/ Yoast SEO plugin. -->","yoast_head_json":{"title":"Avi\u00e3o cai em Minas Gerais e deixa sete mortos","description":"Avi\u00e3o cai em Minas Gerais e deixa sete mortos","robots":{"index":"index","follow":"follow","max-snippet":"max-snippet:-1","max-image-preview":"max-image-preview:large","max-video-preview":"max-video-preview:-1"},"canonical":"https:\/\/www.fatosefotosnews.com.br\/?p=71680","og_locale":"pt_BR","og_type":"article","og_title":"Avi\u00e3o cai em Minas Gerais e deixa sete mortos","og_description":"Avi\u00e3o cai em Minas Gerais e deixa sete mortos","og_url":"https:\/\/www.fatosefotosnews.com.br\/?p=71680","og_site_name":"Fatos e Fotos News","article_published_time":"2024-01-28T21:22:46+00:00","og_image":[{"width":1024,"height":768,"url":"https:\/\/www.fatosefotosnews.com.br\/wp-content\/uploads\/2024\/01\/e1e214a8a6572d435a30f6f3fff5446e.jpeg","type":"image\/jpeg"}],"author":"Da Reda\u00e7\u00e3o","twitter_card":"summary_large_image","twitter_misc":{"Escrito por":"Da Reda\u00e7\u00e3o","Est. tempo de leitura":"99 minutos"},"schema":{"@context":"https:\/\/schema.org","@graph":[{"@type":"Article","@id":"https:\/\/www.fatosefotosnews.com.br\/?p=71680#article","isPartOf":{"@id":"https:\/\/www.fatosefotosnews.com.br\/?p=71680"},"author":{"name":"Da Reda\u00e7\u00e3o","@id":"https:\/\/www.fatosefotosnews.com.br\/#\/schema\/person\/3b80f81d08670fb1f6690e07eb8b5dc6"},"headline":"Avi\u00e3o cai em Minas Gerais e deixa sete mortos","datePublished":"2024-01-28T21:22:46+00:00","mainEntityOfPage":{"@id":"https:\/\/www.fatosefotosnews.com.br\/?p=71680"},"wordCount":459,"commentCount":0,"publisher":{"@id":"https:\/\/www.fatosefotosnews.com.br\/#organization"},"image":{"@id":"https:\/\/www.fatosefotosnews.com.br\/?p=71680#primaryimage"},"thumbnailUrl":"https:\/\/www.fatosefotosnews.com.br\/wp-content\/uploads\/2024\/01\/e1e214a8a6572d435a30f6f3fff5446e.jpeg","keywords":["deixa","gerais","minas","mortos"],"articleSection":["Geral"],"inLanguage":"pt-BR","potentialAction":[{"@type":"CommentAction","name":"Comment","target":["https:\/\/www.fatosefotosnews.com.br\/?p=71680#respond"]}]},{"@type":"WebPage","@id":"https:\/\/www.fatosefotosnews.com.br\/?p=71680","url":"https:\/\/www.fatosefotosnews.com.br\/?p=71680","name":"Avi\u00e3o cai em Minas Gerais e deixa sete mortos","isPartOf":{"@id":"https:\/\/www.fatosefotosnews.com.br\/#website"},"primaryImageOfPage":{"@id":"https:\/\/www.fatosefotosnews.com.br\/?p=71680#primaryimage"},"image":{"@id":"https:\/\/www.fatosefotosnews.com.br\/?p=71680#primaryimage"},"thumbnailUrl":"https:\/\/www.fatosefotosnews.com.br\/wp-content\/uploads\/2024\/01\/e1e214a8a6572d435a30f6f3fff5446e.jpeg","datePublished":"2024-01-28T21:22:46+00:00","description":"Avi\u00e3o cai em Minas Gerais e deixa sete mortos","breadcrumb":{"@id":"https:\/\/www.fatosefotosnews.com.br\/?p=71680#breadcrumb"},"inLanguage":"pt-BR","potentialAction":[{"@type":"ReadAction","target":["https:\/\/www.fatosefotosnews.com.br\/?p=71680"]}]},{"@type":"ImageObject","inLanguage":"pt-BR","@id":"https:\/\/www.fatosefotosnews.com.br\/?p=71680#primaryimage","url":"https:\/\/www.fatosefotosnews.com.br\/wp-content\/uploads\/2024\/01\/e1e214a8a6572d435a30f6f3fff5446e.jpeg","contentUrl":"https:\/\/www.fatosefotosnews.com.br\/wp-content\/uploads\/2024\/01\/e1e214a8a6572d435a30f6f3fff5446e.jpeg","width":1024,"height":768},{"@type":"BreadcrumbList","@id":"https:\/\/www.fatosefotosnews.com.br\/?p=71680#breadcrumb","itemListElement":[{"@type":"ListItem","position":1,"name":"In\u00edcio","item":"https:\/\/www.fatosefotosnews.com.br\/"},{"@type":"ListItem","position":2,"name":"Avi\u00e3o cai em Minas Gerais e deixa sete mortos"}]},{"@type":"WebSite","@id":"https:\/\/www.fatosefotosnews.com.br\/#website","url":"https:\/\/www.fatosefotosnews.com.br\/","name":"Fatos e Fotos News","description":"Um site de noticial verdadeira e confi\u00e1veis.","publisher":{"@id":"https:\/\/www.fatosefotosnews.com.br\/#organization"},"potentialAction":[{"@type":"SearchAction","target":{"@type":"EntryPoint","urlTemplate":"https:\/\/www.fatosefotosnews.com.br\/?s={search_term_string}"},"query-input":{"@type":"PropertyValueSpecification","valueRequired":true,"valueName":"search_term_string"}}],"inLanguage":"pt-BR"},{"@type":"Organization","@id":"https:\/\/www.fatosefotosnews.com.br\/#organization","name":"Fatos e Fotos News","url":"https:\/\/www.fatosefotosnews.com.br\/","logo":{"@type":"ImageObject","inLanguage":"pt-BR","@id":"https:\/\/www.fatosefotosnews.com.br\/#\/schema\/logo\/image\/","url":"https:\/\/www.fatosefotosnews.com.br\/wp-content\/uploads\/2023\/02\/Fatos-e-Fotos-news-logo.png","contentUrl":"https:\/\/www.fatosefotosnews.com.br\/wp-content\/uploads\/2023\/02\/Fatos-e-Fotos-news-logo.png","width":300,"height":58,"caption":"Fatos e Fotos News"},"image":{"@id":"https:\/\/www.fatosefotosnews.com.br\/#\/schema\/logo\/image\/"}},{"@type":"Person","@id":"https:\/\/www.fatosefotosnews.com.br\/#\/schema\/person\/3b80f81d08670fb1f6690e07eb8b5dc6","name":"Da Reda\u00e7\u00e3o","image":{"@type":"ImageObject","inLanguage":"pt-BR","@id":"https:\/\/secure.gravatar.com\/avatar\/696d39935a657bf0fc95044dbc9f912520430a0eb6dd46c85dd97eb6483b249b?s=96&d=mm&r=g","url":"https:\/\/secure.gravatar.com\/avatar\/696d39935a657bf0fc95044dbc9f912520430a0eb6dd46c85dd97eb6483b249b?s=96&d=mm&r=g","contentUrl":"https:\/\/secure.gravatar.com\/avatar\/696d39935a657bf0fc95044dbc9f912520430a0eb6dd46c85dd97eb6483b249b?s=96&d=mm&r=g","caption":"Da Reda\u00e7\u00e3o"},"url":"https:\/\/www.fatosefotosnews.com.br\/?author=5"}]}},"jetpack_publicize_connections":[],"blog_post_layout_featured_media_urls":{"thumbnail":["https:\/\/www.fatosefotosnews.com.br\/wp-content\/uploads\/2024\/01\/e1e214a8a6572d435a30f6f3fff5446e-150x150.jpeg",150,150,true],"full":["https:\/\/www.fatosefotosnews.com.br\/wp-content\/uploads\/2024\/01\/e1e214a8a6572d435a30f6f3fff5446e.jpeg",1024,768,false]},"categories_names":{"167":{"name":"Geral","link":"https:\/\/www.fatosefotosnews.com.br\/?cat=167"}},"tags_names":{"952":{"name":"deixa","link":"https:\/\/www.fatosefotosnews.com.br\/?tag=deixa"},"3746":{"name":"gerais","link":"https:\/\/www.fatosefotosnews.com.br\/?tag=gerais"},"3745":{"name":"minas","link":"https:\/\/www.fatosefotosnews.com.br\/?tag=minas"},"788":{"name":"mortos","link":"https:\/\/www.fatosefotosnews.com.br\/?tag=mortos"}},"comments_number":"0","wpmagazine_modules_lite_featured_media_urls":{"thumbnail":["https:\/\/www.fatosefotosnews.com.br\/wp-content\/uploads\/2024\/01\/e1e214a8a6572d435a30f6f3fff5446e-150x150.jpeg",150,150,true],"cvmm-medium":["https:\/\/www.fatosefotosnews.com.br\/wp-content\/uploads\/2024\/01\/e1e214a8a6572d435a30f6f3fff5446e-300x300.jpeg",300,300,true],"cvmm-medium-plus":["https:\/\/www.fatosefotosnews.com.br\/wp-content\/uploads\/2024\/01\/e1e214a8a6572d435a30f6f3fff5446e-305x207.jpeg",305,207,true],"cvmm-portrait":["https:\/\/www.fatosefotosnews.com.br\/wp-content\/uploads\/2024\/01\/e1e214a8a6572d435a30f6f3fff5446e-400x600.jpeg",400,600,true],"cvmm-medium-square":["https:\/\/www.fatosefotosnews.com.br\/wp-content\/uploads\/2024\/01\/e1e214a8a6572d435a30f6f3fff5446e-600x600.jpeg",600,600,true],"cvmm-large":["https:\/\/www.fatosefotosnews.com.br\/wp-content\/uploads\/2024\/01\/e1e214a8a6572d435a30f6f3fff5446e.jpeg",1024,768,false],"cvmm-small":["https:\/\/www.fatosefotosnews.com.br\/wp-content\/uploads\/2024\/01\/e1e214a8a6572d435a30f6f3fff5446e-130x95.jpeg",130,95,true],"full":["https:\/\/www.fatosefotosnews.com.br\/wp-content\/uploads\/2024\/01\/e1e214a8a6572d435a30f6f3fff5446e.jpeg",1024,768,false]},"_links":{"self":[{"href":"https:\/\/www.fatosefotosnews.com.br\/index.php?rest_route=\/wp\/v2\/posts\/71680","targetHints":{"allow":["GET"]}}],"collection":[{"href":"https:\/\/www.fatosefotosnews.com.br\/index.php?rest_route=\/wp\/v2\/posts"}],"about":[{"href":"https:\/\/www.fatosefotosnews.com.br\/index.php?rest_route=\/wp\/v2\/types\/post"}],"author":[{"embeddable":true,"href":"https:\/\/www.fatosefotosnews.com.br\/index.php?rest_route=\/wp\/v2\/users\/5"}],"replies":[{"embeddable":true,"href":"https:\/\/www.fatosefotosnews.com.br\/index.php?rest_route=%2Fwp%2Fv2%2Fcomments&post=71680"}],"version-history":[{"count":0,"href":"https:\/\/www.fatosefotosnews.com.br\/index.php?rest_route=\/wp\/v2\/posts\/71680\/revisions"}],"wp:featuredmedia":[{"embeddable":true,"href":"https:\/\/www.fatosefotosnews.com.br\/index.php?rest_route=\/wp\/v2\/media\/71681"}],"wp:attachment":[{"href":"https:\/\/www.fatosefotosnews.com.br\/index.php?rest_route=%2Fwp%2Fv2%2Fmedia&parent=71680"}],"wp:term":[{"taxonomy":"category","embeddable":true,"href":"https:\/\/www.fatosefotosnews.com.br\/index.php?rest_route=%2Fwp%2Fv2%2Fcategories&post=71680"},{"taxonomy":"post_tag","embeddable":true,"href":"https:\/\/www.fatosefotosnews.com.br\/index.php?rest_route=%2Fwp%2Fv2%2Ftags&post=71680"}],"curies":[{"name":"wp","href":"https:\/\/api.w.org\/{rel}","templated":true}]}}