{"id":73285,"date":"2024-02-07T11:48:37","date_gmt":"2024-02-07T14:48:37","guid":{"rendered":"https:\/\/www.fatosefotosnews.com.br\/apos-dar-a-luz-brasileira-e-autorizada-a-deixar-a-faixa-de-gaza\/"},"modified":"2024-02-07T11:48:37","modified_gmt":"2024-02-07T14:48:37","slug":"apos-dar-a-luz-brasileira-e-autorizada-a-deixar-a-faixa-de-gaza","status":"publish","type":"post","link":"https:\/\/www.fatosefotosnews.com.br\/?p=73285","title":{"rendered":"Ap\u00f3s dar \u00e0 luz, brasileira \u00e9 autorizada a deixar a Faixa de Gaza"},"content":{"rendered":"<p>Ap\u00f3s dar \u00e0 luz na v\u00e9spera de natal, uma mulher brasileira e seus tr\u00eas filhos (foto) foram autorizados a deixar a Faixa de Gaza nesta quarta-feira (7). A fam\u00edlia foi inclu\u00edda na lista de pessoas permitidas a deixar a regi\u00e3o de guerra no Oriente M\u00e9dio.<img decoding=\"async\" src=\"https:\/\/agenciabrasil.ebc.com.br\/ebc.png?id=1579838&#038;o=node\" style=\"width:1px;height:1px\"><img decoding=\"async\" src=\"https:\/\/agenciabrasil.ebc.com.br\/ebc.gif?id=1579838&#038;o=node\" style=\"width:1px;height:1px\"><\/p>\n<p>Agora, todos eles est\u00e3o abrigados na cidade de Rafah, perto da fronteira com o Egito, em uma resid\u00eancia alugada pelo governo brasileiro e t\u00eam recebido recursos para compra de \u00e1gua, alimentos e rem\u00e9dios.<\/p>\n<p>Segundo informou o Escrit\u00f3rio de Representa\u00e7\u00e3o do Brasil em Ramala, na Palestina, a mulher, cuja identidade n\u00e3o foi informada, e os filhos de quatro e dois anos n\u00e3o podiam sair porque ela estava gr\u00e1vida. Depois que a crian\u00e7a nasceu, no \u00faltimo dia 24 de dezembro, a autoriza\u00e7\u00e3o p\u00f4de ser emitida.<\/p>\n<p>\u201cTodos s\u00e3o binacionais (brasileiros-palestinos) e j\u00e1 estavam nas listas anteriores, mas a m\u00e3e n\u00e3o p\u00f4de viajar porque estava gr\u00e1vida. Agora, o rec\u00e9m-nascido foi adicionado\u201d, informou o embaixador Alessandro Candeas, representante do Brasil em Ramala.<\/p>\n<p>A expectativa da diplomacia brasileira \u00e9 que a fam\u00edlia consiga sair de Gaza nesta quinta-feira (8) rumo ao Cairo, capital do Egito. Em seguida, todos devem embarcar em um voo comercial para o Brasil.<\/p>\n<p>Os \u00faltimos brasileiros que deixaram a Faixa de Gaza chegaram ao Brasil no \u00faltimo dia 22 de dezembro. Foram realizadas tr\u00eas opera\u00e7\u00f5es coordenadas pelo Brasil para retirar nacionais do enclave palestino. <a href=\"http:\/\/agenciabrasil.ebc.com.br\/internacional\/noticia\/2023-12\/terceiro-grupo-de-brasileiros-repatriados-de-gaza-deixa-o-egito\" target=\"_blank\" rel=\"noopener\">Ao todo, 141 brasileiros e parentes<\/a> conseguiram deixar a zona de guerra com destino ao Brasil.<\/p>\n<h2>Vivendo numa tenda<\/h2>\n<p>Apesar da autoriza\u00e7\u00e3o desta quarta-feira, ainda h\u00e1 brasileiros na Faixa de Gaza que aguardam autoriza\u00e7\u00e3o para sair de l\u00e1. O brasileiro Jamal Yousef Temraz, de 32 anos, est\u00e1 vivendo em uma tenda junto com palestinos. A fam\u00edlia dele j\u00e1 conseguiu sair de Gaza e veio para o Brasil, mas ele n\u00e3o conseguiu autoriza\u00e7\u00e3o para deixar a regi\u00e3o.<\/p>\n<p>\u201cMinha fam\u00edlia est\u00e1 fora de Gaza, mas eu n\u00e3o consegui [sair] at\u00e9 agora. Minha esposa foi machucada por causa da guerra, meu filho tem autismo. Minha fam\u00edlia foi para o Brasil, mas at\u00e9 agora eu n\u00e3o consegui por causa da guerra\u201d, afirmou Jamal, em v\u00eddeo enviado \u00e0 reportagem da <strong>Ag\u00eancia Brasil<\/strong>.<\/p>\n<p>O palestino naturalizado brasileiro apela para que o governo do Brasil consiga autoriza\u00e7\u00e3o para ele deixar o local. \u201cAqui n\u00e3o h\u00e1 seguran\u00e7a, comida n\u00e3o est\u00e1 bem, n\u00e3o tem \u00e1gua, todo dia, toda hora tem bomba\u201d, lamentou.<\/p>\n<p>A reportagem questionou a representa\u00e7\u00e3o do Brasil na Palestina sobre a situa\u00e7\u00e3o de Jamal Temraz. O escrit\u00f3rio em Ramala informou que vai verificar a situa\u00e7\u00e3o desse brasileiro. O Itamaraty monitora ainda 19 outros brasileiros em Gaza. &#8220;Quase todos j\u00e1 tiveram autoriza\u00e7\u00e3o, mas n\u00e3o puderam sair por diversos motivos&#8221;, informou o embaixador Candeas.<\/p>\n<p id=\"infocoweb_fonte\" class=\"infocoweb_fonte\">Fonte: <a target=\"_blank\" href=\"https:\/\/agenciabrasil.ebc.com.br\/internacional\/noticia\/2024-02\/Ap%C3%B3s-dar-%C3%A0-luz-brasileira-%C3%A9-autorizada-a-deixar-a-Faixa-de-Gaza#7383dc83-d500-4f73-a33b-49cee93878f5\" rel=\"noopener\">EBC Internacional<\/a><\/p>\n","protected":false},"excerpt":{"rendered":"<p>Ap\u00f3s dar \u00e0 luz na v\u00e9spera de natal, uma mulher brasileira e seus tr\u00eas filhos (foto) foram autorizados a deixar a Faixa de Gaza nesta quarta-feira (7). A fam\u00edlia foi inclu\u00edda na lista de pessoas permitidas a deixar a regi\u00e3o de guerra no Oriente M\u00e9dio. Agora, todos eles est\u00e3o abrigados na cidade de Rafah, perto [&hellip;]<\/p>\n","protected":false},"author":5,"featured_media":73286,"comment_status":"open","ping_status":"open","sticky":false,"template":"","format":"standard","meta":{"_acf_changed":false,"_angie_page":false,"_monsterinsights_skip_tracking":false,"_themeisle_gutenberg_block_has_review":false,"page_builder":"","footnotes":"","jetpack_publicize_message":"","jetpack_publicize_feature_enabled":true,"jetpack_social_post_already_shared":false,"jetpack_social_options":{"image_generator_settings":{"template":"highway","default_image_id":0,"font":"","enabled":false},"version":2}},"categories":[12],"tags":[8126,831,1688,610],"class_list":["post-73285","post","type-post","status-publish","format-standard","has-post-thumbnail","hentry","category-mundo","tag-autorizada","tag-brasileira","tag-deixar","tag-faixa"],"acf":[],"nelio_content":{"autoShareEndMode":"never","automationSources":{"useCustomSentences":false,"customSentences":[]},"efiAlt":"","efiUrl":"","followers":[5],"highlights":[],"isAutoShareEnabled":true,"networkImageIds":[],"permalinkQueryArgs":[],"series":[],"suggestedReferences":[]},"yoast_head":"<!-- This site is optimized with the Yoast SEO plugin v28.3 - https:\/\/yoast.com\/product\/yoast-seo-wordpress\/ -->\n<title>Ap\u00f3s dar \u00e0 luz, brasileira \u00e9 autorizada a deixar a Faixa de Gaza<\/title>\n<meta name=\"description\" content=\"Ap\u00f3s dar \u00e0 luz, brasileira \u00e9 autorizada a deixar a Faixa de Gaza\" \/>\n<meta name=\"robots\" content=\"index, follow, max-snippet:-1, max-image-preview:large, max-video-preview:-1\" \/>\n<link rel=\"canonical\" href=\"https:\/\/www.fatosefotosnews.com.br\/?p=73285\" \/>\n<meta property=\"og:locale\" content=\"pt_BR\" \/>\n<meta property=\"og:type\" content=\"article\" \/>\n<meta property=\"og:title\" content=\"Ap\u00f3s dar \u00e0 luz, brasileira \u00e9 autorizada a deixar a Faixa de Gaza\" \/>\n<meta property=\"og:description\" content=\"Ap\u00f3s dar \u00e0 luz, brasileira \u00e9 autorizada a deixar a Faixa de Gaza\" \/>\n<meta property=\"og:url\" content=\"https:\/\/www.fatosefotosnews.com.br\/?p=73285\" \/>\n<meta property=\"og:site_name\" content=\"Fatos e Fotos News\" \/>\n<meta property=\"article:published_time\" content=\"2024-02-07T14:48:37+00:00\" \/>\n<meta property=\"og:image\" content=\"https:\/\/www.fatosefotosnews.com.br\/wp-content\/uploads\/2024\/02\/d9b82bbed60967341766f016280e089e.jpeg\" \/>\n\t<meta property=\"og:image:width\" content=\"1024\" \/>\n\t<meta property=\"og:image:height\" content=\"768\" \/>\n\t<meta property=\"og:image:type\" content=\"image\/jpeg\" \/>\n<meta name=\"author\" content=\"Da Reda\u00e7\u00e3o\" \/>\n<meta name=\"twitter:card\" content=\"summary_large_image\" \/>\n<meta name=\"twitter:label1\" content=\"Escrito por\" \/>\n\t<meta name=\"twitter:data1\" content=\"Da Reda\u00e7\u00e3o\" \/>\n\t<meta name=\"twitter:label2\" content=\"Est. tempo de leitura\" \/>\n\t<meta name=\"twitter:data2\" content=\"99 minutos\" \/>\n<script type=\"application\/ld+json\" class=\"yoast-schema-graph\">{\"@context\":\"https:\\\/\\\/schema.org\",\"@graph\":[{\"@type\":\"Article\",\"@id\":\"https:\\\/\\\/www.fatosefotosnews.com.br\\\/?p=73285#article\",\"isPartOf\":{\"@id\":\"https:\\\/\\\/www.fatosefotosnews.com.br\\\/?p=73285\"},\"author\":{\"name\":\"Da Reda\u00e7\u00e3o\",\"@id\":\"https:\\\/\\\/www.fatosefotosnews.com.br\\\/#\\\/schema\\\/person\\\/3b80f81d08670fb1f6690e07eb8b5dc6\"},\"headline\":\"Ap\u00f3s dar \u00e0 luz, brasileira \u00e9 autorizada a deixar a Faixa de Gaza\",\"datePublished\":\"2024-02-07T14:48:37+00:00\",\"mainEntityOfPage\":{\"@id\":\"https:\\\/\\\/www.fatosefotosnews.com.br\\\/?p=73285\"},\"wordCount\":498,\"commentCount\":0,\"publisher\":{\"@id\":\"https:\\\/\\\/www.fatosefotosnews.com.br\\\/#organization\"},\"image\":{\"@id\":\"https:\\\/\\\/www.fatosefotosnews.com.br\\\/?p=73285#primaryimage\"},\"thumbnailUrl\":\"https:\\\/\\\/www.fatosefotosnews.com.br\\\/wp-content\\\/uploads\\\/2024\\\/02\\\/d9b82bbed60967341766f016280e089e.jpeg\",\"keywords\":[\"autorizada\",\"brasileira\",\"deixar\",\"faixa\"],\"articleSection\":[\"Mundo\"],\"inLanguage\":\"pt-BR\",\"potentialAction\":[{\"@type\":\"CommentAction\",\"name\":\"Comment\",\"target\":[\"https:\\\/\\\/www.fatosefotosnews.com.br\\\/?p=73285#respond\"]}]},{\"@type\":\"WebPage\",\"@id\":\"https:\\\/\\\/www.fatosefotosnews.com.br\\\/?p=73285\",\"url\":\"https:\\\/\\\/www.fatosefotosnews.com.br\\\/?p=73285\",\"name\":\"Ap\u00f3s dar \u00e0 luz, brasileira \u00e9 autorizada a deixar a Faixa de Gaza\",\"isPartOf\":{\"@id\":\"https:\\\/\\\/www.fatosefotosnews.com.br\\\/#website\"},\"primaryImageOfPage\":{\"@id\":\"https:\\\/\\\/www.fatosefotosnews.com.br\\\/?p=73285#primaryimage\"},\"image\":{\"@id\":\"https:\\\/\\\/www.fatosefotosnews.com.br\\\/?p=73285#primaryimage\"},\"thumbnailUrl\":\"https:\\\/\\\/www.fatosefotosnews.com.br\\\/wp-content\\\/uploads\\\/2024\\\/02\\\/d9b82bbed60967341766f016280e089e.jpeg\",\"datePublished\":\"2024-02-07T14:48:37+00:00\",\"description\":\"Ap\u00f3s dar \u00e0 luz, brasileira \u00e9 autorizada a deixar a Faixa de Gaza\",\"breadcrumb\":{\"@id\":\"https:\\\/\\\/www.fatosefotosnews.com.br\\\/?p=73285#breadcrumb\"},\"inLanguage\":\"pt-BR\",\"potentialAction\":[{\"@type\":\"ReadAction\",\"target\":[\"https:\\\/\\\/www.fatosefotosnews.com.br\\\/?p=73285\"]}]},{\"@type\":\"ImageObject\",\"inLanguage\":\"pt-BR\",\"@id\":\"https:\\\/\\\/www.fatosefotosnews.com.br\\\/?p=73285#primaryimage\",\"url\":\"https:\\\/\\\/www.fatosefotosnews.com.br\\\/wp-content\\\/uploads\\\/2024\\\/02\\\/d9b82bbed60967341766f016280e089e.jpeg\",\"contentUrl\":\"https:\\\/\\\/www.fatosefotosnews.com.br\\\/wp-content\\\/uploads\\\/2024\\\/02\\\/d9b82bbed60967341766f016280e089e.jpeg\",\"width\":1024,\"height\":768},{\"@type\":\"BreadcrumbList\",\"@id\":\"https:\\\/\\\/www.fatosefotosnews.com.br\\\/?p=73285#breadcrumb\",\"itemListElement\":[{\"@type\":\"ListItem\",\"position\":1,\"name\":\"In\u00edcio\",\"item\":\"https:\\\/\\\/www.fatosefotosnews.com.br\\\/\"},{\"@type\":\"ListItem\",\"position\":2,\"name\":\"Ap\u00f3s dar \u00e0 luz, brasileira \u00e9 autorizada a deixar a Faixa de Gaza\"}]},{\"@type\":\"WebSite\",\"@id\":\"https:\\\/\\\/www.fatosefotosnews.com.br\\\/#website\",\"url\":\"https:\\\/\\\/www.fatosefotosnews.com.br\\\/\",\"name\":\"Fatos e Fotos News\",\"description\":\"Um site de noticial verdadeira e confi\u00e1veis.\",\"publisher\":{\"@id\":\"https:\\\/\\\/www.fatosefotosnews.com.br\\\/#organization\"},\"potentialAction\":[{\"@type\":\"SearchAction\",\"target\":{\"@type\":\"EntryPoint\",\"urlTemplate\":\"https:\\\/\\\/www.fatosefotosnews.com.br\\\/?s={search_term_string}\"},\"query-input\":{\"@type\":\"PropertyValueSpecification\",\"valueRequired\":true,\"valueName\":\"search_term_string\"}}],\"inLanguage\":\"pt-BR\"},{\"@type\":\"Organization\",\"@id\":\"https:\\\/\\\/www.fatosefotosnews.com.br\\\/#organization\",\"name\":\"Fatos e Fotos News\",\"url\":\"https:\\\/\\\/www.fatosefotosnews.com.br\\\/\",\"logo\":{\"@type\":\"ImageObject\",\"inLanguage\":\"pt-BR\",\"@id\":\"https:\\\/\\\/www.fatosefotosnews.com.br\\\/#\\\/schema\\\/logo\\\/image\\\/\",\"url\":\"https:\\\/\\\/www.fatosefotosnews.com.br\\\/wp-content\\\/uploads\\\/2023\\\/02\\\/Fatos-e-Fotos-news-logo.png\",\"contentUrl\":\"https:\\\/\\\/www.fatosefotosnews.com.br\\\/wp-content\\\/uploads\\\/2023\\\/02\\\/Fatos-e-Fotos-news-logo.png\",\"width\":300,\"height\":58,\"caption\":\"Fatos e Fotos News\"},\"image\":{\"@id\":\"https:\\\/\\\/www.fatosefotosnews.com.br\\\/#\\\/schema\\\/logo\\\/image\\\/\"}},{\"@type\":\"Person\",\"@id\":\"https:\\\/\\\/www.fatosefotosnews.com.br\\\/#\\\/schema\\\/person\\\/3b80f81d08670fb1f6690e07eb8b5dc6\",\"name\":\"Da Reda\u00e7\u00e3o\",\"image\":{\"@type\":\"ImageObject\",\"inLanguage\":\"pt-BR\",\"@id\":\"https:\\\/\\\/secure.gravatar.com\\\/avatar\\\/696d39935a657bf0fc95044dbc9f912520430a0eb6dd46c85dd97eb6483b249b?s=96&d=mm&r=g\",\"url\":\"https:\\\/\\\/secure.gravatar.com\\\/avatar\\\/696d39935a657bf0fc95044dbc9f912520430a0eb6dd46c85dd97eb6483b249b?s=96&d=mm&r=g\",\"contentUrl\":\"https:\\\/\\\/secure.gravatar.com\\\/avatar\\\/696d39935a657bf0fc95044dbc9f912520430a0eb6dd46c85dd97eb6483b249b?s=96&d=mm&r=g\",\"caption\":\"Da Reda\u00e7\u00e3o\"},\"url\":\"https:\\\/\\\/www.fatosefotosnews.com.br\\\/?author=5\"}]}<\/script>\n<!-- \/ Yoast SEO plugin. -->","yoast_head_json":{"title":"Ap\u00f3s dar \u00e0 luz, brasileira \u00e9 autorizada a deixar a Faixa de Gaza","description":"Ap\u00f3s dar \u00e0 luz, brasileira \u00e9 autorizada a deixar a Faixa de Gaza","robots":{"index":"index","follow":"follow","max-snippet":"max-snippet:-1","max-image-preview":"max-image-preview:large","max-video-preview":"max-video-preview:-1"},"canonical":"https:\/\/www.fatosefotosnews.com.br\/?p=73285","og_locale":"pt_BR","og_type":"article","og_title":"Ap\u00f3s dar \u00e0 luz, brasileira \u00e9 autorizada a deixar a Faixa de Gaza","og_description":"Ap\u00f3s dar \u00e0 luz, brasileira \u00e9 autorizada a deixar a Faixa de Gaza","og_url":"https:\/\/www.fatosefotosnews.com.br\/?p=73285","og_site_name":"Fatos e Fotos News","article_published_time":"2024-02-07T14:48:37+00:00","og_image":[{"width":1024,"height":768,"url":"https:\/\/www.fatosefotosnews.com.br\/wp-content\/uploads\/2024\/02\/d9b82bbed60967341766f016280e089e.jpeg","type":"image\/jpeg"}],"author":"Da Reda\u00e7\u00e3o","twitter_card":"summary_large_image","twitter_misc":{"Escrito por":"Da Reda\u00e7\u00e3o","Est. tempo de leitura":"99 minutos"},"schema":{"@context":"https:\/\/schema.org","@graph":[{"@type":"Article","@id":"https:\/\/www.fatosefotosnews.com.br\/?p=73285#article","isPartOf":{"@id":"https:\/\/www.fatosefotosnews.com.br\/?p=73285"},"author":{"name":"Da Reda\u00e7\u00e3o","@id":"https:\/\/www.fatosefotosnews.com.br\/#\/schema\/person\/3b80f81d08670fb1f6690e07eb8b5dc6"},"headline":"Ap\u00f3s dar \u00e0 luz, brasileira \u00e9 autorizada a deixar a Faixa de Gaza","datePublished":"2024-02-07T14:48:37+00:00","mainEntityOfPage":{"@id":"https:\/\/www.fatosefotosnews.com.br\/?p=73285"},"wordCount":498,"commentCount":0,"publisher":{"@id":"https:\/\/www.fatosefotosnews.com.br\/#organization"},"image":{"@id":"https:\/\/www.fatosefotosnews.com.br\/?p=73285#primaryimage"},"thumbnailUrl":"https:\/\/www.fatosefotosnews.com.br\/wp-content\/uploads\/2024\/02\/d9b82bbed60967341766f016280e089e.jpeg","keywords":["autorizada","brasileira","deixar","faixa"],"articleSection":["Mundo"],"inLanguage":"pt-BR","potentialAction":[{"@type":"CommentAction","name":"Comment","target":["https:\/\/www.fatosefotosnews.com.br\/?p=73285#respond"]}]},{"@type":"WebPage","@id":"https:\/\/www.fatosefotosnews.com.br\/?p=73285","url":"https:\/\/www.fatosefotosnews.com.br\/?p=73285","name":"Ap\u00f3s dar \u00e0 luz, brasileira \u00e9 autorizada a deixar a Faixa de Gaza","isPartOf":{"@id":"https:\/\/www.fatosefotosnews.com.br\/#website"},"primaryImageOfPage":{"@id":"https:\/\/www.fatosefotosnews.com.br\/?p=73285#primaryimage"},"image":{"@id":"https:\/\/www.fatosefotosnews.com.br\/?p=73285#primaryimage"},"thumbnailUrl":"https:\/\/www.fatosefotosnews.com.br\/wp-content\/uploads\/2024\/02\/d9b82bbed60967341766f016280e089e.jpeg","datePublished":"2024-02-07T14:48:37+00:00","description":"Ap\u00f3s dar \u00e0 luz, brasileira \u00e9 autorizada a deixar a Faixa de Gaza","breadcrumb":{"@id":"https:\/\/www.fatosefotosnews.com.br\/?p=73285#breadcrumb"},"inLanguage":"pt-BR","potentialAction":[{"@type":"ReadAction","target":["https:\/\/www.fatosefotosnews.com.br\/?p=73285"]}]},{"@type":"ImageObject","inLanguage":"pt-BR","@id":"https:\/\/www.fatosefotosnews.com.br\/?p=73285#primaryimage","url":"https:\/\/www.fatosefotosnews.com.br\/wp-content\/uploads\/2024\/02\/d9b82bbed60967341766f016280e089e.jpeg","contentUrl":"https:\/\/www.fatosefotosnews.com.br\/wp-content\/uploads\/2024\/02\/d9b82bbed60967341766f016280e089e.jpeg","width":1024,"height":768},{"@type":"BreadcrumbList","@id":"https:\/\/www.fatosefotosnews.com.br\/?p=73285#breadcrumb","itemListElement":[{"@type":"ListItem","position":1,"name":"In\u00edcio","item":"https:\/\/www.fatosefotosnews.com.br\/"},{"@type":"ListItem","position":2,"name":"Ap\u00f3s dar \u00e0 luz, brasileira \u00e9 autorizada a deixar a Faixa de Gaza"}]},{"@type":"WebSite","@id":"https:\/\/www.fatosefotosnews.com.br\/#website","url":"https:\/\/www.fatosefotosnews.com.br\/","name":"Fatos e Fotos News","description":"Um site de noticial verdadeira e confi\u00e1veis.","publisher":{"@id":"https:\/\/www.fatosefotosnews.com.br\/#organization"},"potentialAction":[{"@type":"SearchAction","target":{"@type":"EntryPoint","urlTemplate":"https:\/\/www.fatosefotosnews.com.br\/?s={search_term_string}"},"query-input":{"@type":"PropertyValueSpecification","valueRequired":true,"valueName":"search_term_string"}}],"inLanguage":"pt-BR"},{"@type":"Organization","@id":"https:\/\/www.fatosefotosnews.com.br\/#organization","name":"Fatos e Fotos News","url":"https:\/\/www.fatosefotosnews.com.br\/","logo":{"@type":"ImageObject","inLanguage":"pt-BR","@id":"https:\/\/www.fatosefotosnews.com.br\/#\/schema\/logo\/image\/","url":"https:\/\/www.fatosefotosnews.com.br\/wp-content\/uploads\/2023\/02\/Fatos-e-Fotos-news-logo.png","contentUrl":"https:\/\/www.fatosefotosnews.com.br\/wp-content\/uploads\/2023\/02\/Fatos-e-Fotos-news-logo.png","width":300,"height":58,"caption":"Fatos e Fotos News"},"image":{"@id":"https:\/\/www.fatosefotosnews.com.br\/#\/schema\/logo\/image\/"}},{"@type":"Person","@id":"https:\/\/www.fatosefotosnews.com.br\/#\/schema\/person\/3b80f81d08670fb1f6690e07eb8b5dc6","name":"Da Reda\u00e7\u00e3o","image":{"@type":"ImageObject","inLanguage":"pt-BR","@id":"https:\/\/secure.gravatar.com\/avatar\/696d39935a657bf0fc95044dbc9f912520430a0eb6dd46c85dd97eb6483b249b?s=96&d=mm&r=g","url":"https:\/\/secure.gravatar.com\/avatar\/696d39935a657bf0fc95044dbc9f912520430a0eb6dd46c85dd97eb6483b249b?s=96&d=mm&r=g","contentUrl":"https:\/\/secure.gravatar.com\/avatar\/696d39935a657bf0fc95044dbc9f912520430a0eb6dd46c85dd97eb6483b249b?s=96&d=mm&r=g","caption":"Da Reda\u00e7\u00e3o"},"url":"https:\/\/www.fatosefotosnews.com.br\/?author=5"}]}},"jetpack_publicize_connections":[],"blog_post_layout_featured_media_urls":{"thumbnail":["https:\/\/www.fatosefotosnews.com.br\/wp-content\/uploads\/2024\/02\/d9b82bbed60967341766f016280e089e-150x150.jpeg",150,150,true],"full":["https:\/\/www.fatosefotosnews.com.br\/wp-content\/uploads\/2024\/02\/d9b82bbed60967341766f016280e089e.jpeg",1024,768,false]},"categories_names":{"12":{"name":"Mundo","link":"https:\/\/www.fatosefotosnews.com.br\/?cat=12"}},"tags_names":{"8126":{"name":"autorizada","link":"https:\/\/www.fatosefotosnews.com.br\/?tag=autorizada"},"831":{"name":"brasileira","link":"https:\/\/www.fatosefotosnews.com.br\/?tag=brasileira"},"1688":{"name":"deixar","link":"https:\/\/www.fatosefotosnews.com.br\/?tag=deixar"},"610":{"name":"faixa","link":"https:\/\/www.fatosefotosnews.com.br\/?tag=faixa"}},"comments_number":"0","wpmagazine_modules_lite_featured_media_urls":{"thumbnail":["https:\/\/www.fatosefotosnews.com.br\/wp-content\/uploads\/2024\/02\/d9b82bbed60967341766f016280e089e-150x150.jpeg",150,150,true],"cvmm-medium":["https:\/\/www.fatosefotosnews.com.br\/wp-content\/uploads\/2024\/02\/d9b82bbed60967341766f016280e089e-300x300.jpeg",300,300,true],"cvmm-medium-plus":["https:\/\/www.fatosefotosnews.com.br\/wp-content\/uploads\/2024\/02\/d9b82bbed60967341766f016280e089e-305x207.jpeg",305,207,true],"cvmm-portrait":["https:\/\/www.fatosefotosnews.com.br\/wp-content\/uploads\/2024\/02\/d9b82bbed60967341766f016280e089e-400x600.jpeg",400,600,true],"cvmm-medium-square":["https:\/\/www.fatosefotosnews.com.br\/wp-content\/uploads\/2024\/02\/d9b82bbed60967341766f016280e089e-600x600.jpeg",600,600,true],"cvmm-large":["https:\/\/www.fatosefotosnews.com.br\/wp-content\/uploads\/2024\/02\/d9b82bbed60967341766f016280e089e.jpeg",1024,768,false],"cvmm-small":["https:\/\/www.fatosefotosnews.com.br\/wp-content\/uploads\/2024\/02\/d9b82bbed60967341766f016280e089e-130x95.jpeg",130,95,true],"full":["https:\/\/www.fatosefotosnews.com.br\/wp-content\/uploads\/2024\/02\/d9b82bbed60967341766f016280e089e.jpeg",1024,768,false]},"_links":{"self":[{"href":"https:\/\/www.fatosefotosnews.com.br\/index.php?rest_route=\/wp\/v2\/posts\/73285","targetHints":{"allow":["GET"]}}],"collection":[{"href":"https:\/\/www.fatosefotosnews.com.br\/index.php?rest_route=\/wp\/v2\/posts"}],"about":[{"href":"https:\/\/www.fatosefotosnews.com.br\/index.php?rest_route=\/wp\/v2\/types\/post"}],"author":[{"embeddable":true,"href":"https:\/\/www.fatosefotosnews.com.br\/index.php?rest_route=\/wp\/v2\/users\/5"}],"replies":[{"embeddable":true,"href":"https:\/\/www.fatosefotosnews.com.br\/index.php?rest_route=%2Fwp%2Fv2%2Fcomments&post=73285"}],"version-history":[{"count":0,"href":"https:\/\/www.fatosefotosnews.com.br\/index.php?rest_route=\/wp\/v2\/posts\/73285\/revisions"}],"wp:featuredmedia":[{"embeddable":true,"href":"https:\/\/www.fatosefotosnews.com.br\/index.php?rest_route=\/wp\/v2\/media\/73286"}],"wp:attachment":[{"href":"https:\/\/www.fatosefotosnews.com.br\/index.php?rest_route=%2Fwp%2Fv2%2Fmedia&parent=73285"}],"wp:term":[{"taxonomy":"category","embeddable":true,"href":"https:\/\/www.fatosefotosnews.com.br\/index.php?rest_route=%2Fwp%2Fv2%2Fcategories&post=73285"},{"taxonomy":"post_tag","embeddable":true,"href":"https:\/\/www.fatosefotosnews.com.br\/index.php?rest_route=%2Fwp%2Fv2%2Ftags&post=73285"}],"curies":[{"name":"wp","href":"https:\/\/api.w.org\/{rel}","templated":true}]}}