{"id":74457,"date":"2024-02-14T18:47:20","date_gmt":"2024-02-14T21:47:20","guid":{"rendered":"https:\/\/www.fatosefotosnews.com.br\/qual-cor-combina-com-laranja-aprenda-a-usar-a-cor-que-e-a-cara-do-verao\/"},"modified":"2024-02-14T18:47:20","modified_gmt":"2024-02-14T21:47:20","slug":"qual-cor-combina-com-laranja-aprenda-a-usar-a-cor-que-e-a-cara-do-verao","status":"publish","type":"post","link":"https:\/\/www.fatosefotosnews.com.br\/?p=74457","title":{"rendered":"Qual cor combina com laranja? Aprenda a usar a cor que \u00e9 a cara do ver\u00e3o"},"content":{"rendered":"<p><meta name=\"robots\" content=\"noindex\"><mreta name=\"googlebot\" content=\"noindex\"><\/p>\n<div class=\"Noticia_Foto fato\">\n<figure class=\"foto-legenda\" style=\"position: relative\">\n<div class=\"foto-legenda-img\"> <img loading=\"lazy\" decoding=\"async\" src=\"https:\/\/i0.statig.com.br\/bancodeimagens\/14\/kn\/2q\/14kn2qgv8n7d6srcqmm43w3vo.jpg\" loading=\"lazy\" width=\"652\" height=\"408\" alt=\"Qual cor combina com laranja? Aprenda a usar a cor que \u00e9 a cara do ver\u00e3o\" title=\"Qual cor combina com laranja? Aprenda a usar a cor que \u00e9 a cara do ver\u00e3o\"> <\/div><figcaption class=\"foto-legenda-citacao\"> <cite>Foto: Reprodu\u00e7\u00e3o<\/cite> <\/p>\n<div class=\"foto-legenda-citacao-text\">Qual cor combina com laranja? Aprenda a usar a cor que \u00e9 a cara do ver\u00e3o<\/div>\n<\/figcaption><\/figure>\n<\/p>\n<\/div>\n<p>Quando se trata de moda e design de interiores, a <strong> <a href=\"https:\/\/www.selecoes.com.br\/beleza\/esmalte-laranja-inspiracoes-para-as-unhas-vb\/\">cor laranja<\/a> <\/strong> pode parecer um desafio para muitas pessoas. No entanto, essa cor vibrante e alegre pode ser facilmente combinada com uma variedade de outras cores para criar looks deslumbrantes e espa\u00e7os encantadores. Se voc\u00ea est\u00e1 se perguntando qual cor combina com laranja, continue lendo para descobrir algumas combina\u00e7\u00f5es que s\u00e3o a cara do ver\u00e3o.<\/p>\n<p>Lembre-se de que n\u00e3o h\u00e1 <strong> <a href=\"https:\/\/www.selecoes.com.br\/saude-bem-estar\/7-dicas-para-amenizar-e-tratar-poros-dilatados-no-verao\/\">regras r\u00edgidas<\/a> <\/strong> quando se trata de combinar cores, ent\u00e3o sinta-se \u00e0 vontade para experimentar e criar suas pr\u00f3prias combina\u00e7\u00f5es. O importante \u00e9 se divertir e expressar sua personalidade atrav\u00e9s do seu estilo e da sua decora\u00e7\u00e3o. Ou seja, nossas dicas v\u00e3o servir para suas produ\u00e7\u00f5es de looks, unhas e decora\u00e7\u00e3o!<\/p>\n<h2>As cores que combinam com laranja<\/h2>\n<p>Vale lembrar que criatividade nunca \u00e9 demais! Voc\u00ea deve usar o seu gosto pessoal e pensar em diversas possibilidades, mas vamos te mostrar combina\u00e7\u00f5es consideradas incr\u00edveis.<\/p>\n<h3>1. Azul turquesa<\/h3>\n<p>Uma combina\u00e7\u00e3o cl\u00e1ssica e refrescante, o azul turquesa e o laranja criam uma est\u00e9tica tropical e vibrante. Use essa dupla em roupas, acess\u00f3rios ou decora\u00e7\u00e3o para obter um visual ex\u00f3tico e moderno.<\/p>\n<h3>2. Branco<\/h3>\n<p>O branco \u00e9 uma escolha perfeita para suavizar o impacto do laranja e criar um visual fresco e clean. Experimente combinar uma pe\u00e7a laranja com outras em tons brancos para um look elegante e sofisticado.<\/p>\n<h3>3. Verde lim\u00e3o<\/h3>\n<p>Para um visual energizante e cheio de vida, combine o laranja com o verde lim\u00e3o. Essa combina\u00e7\u00e3o \u00e9 perfeita para criar looks divertidos e descontra\u00eddos, ideais para o ver\u00e3o.<\/p>\n<h3>4. Rosa<\/h3>\n<p>Se voc\u00ea quer adicionar um toque feminino e rom\u00e2ntico ao seu look, experimente combinar o laranja com tons de rosa. Essa combina\u00e7\u00e3o inesperada cria um contraste interessante e adiciona uma dose de charme ao visual.<\/p>\n<h3>5. Amarelo<\/h3>\n<p>Para uma explos\u00e3o de cores vibrantes, combine o laranja com o amarelo. Essa dupla ensolarada \u00e9 perfeita para criar looks alegres e cheios de energia, ideais para os dias quentes de ver\u00e3o.<\/p>\n<h3>6. Marrom<\/h3>\n<p>Se voc\u00ea prefere uma paleta de cores mais neutra, experimente combinar o laranja com tons de marrom. Essa combina\u00e7\u00e3o cria um visual terroso e acolhedor, perfeito para ambientes r\u00fasticos e aconchegantes.<\/p>\n<h3>7. Roxo<\/h3>\n<p>Para uma combina\u00e7\u00e3o ousada e sofisticada, experimente combinar o laranja com tons de roxo. Essa dupla cria um contraste dram\u00e1tico e elegante, ideal para looks noturnos e festivos.<\/p>\n<p>E a\u00ed, curtiu essa mat\u00e9ria? Ent\u00e3o conhe\u00e7a e siga a gente em nossos perfis no <strong> <a href=\"https:\/\/www.facebook.com\/selecoes\/\" rel=\"noopener\" target=\"_blank\">Facebook<\/a> , <a href=\"https:\/\/www.instagram.com\/revistaselecoes\/\" rel=\"noopener\" target=\"_blank\">Instagram<\/a> , <a href=\"https:\/\/twitter.com\/selecoesbrasil\/\" rel=\"noopener\" target=\"_blank\">Twitter<\/a> <\/strong> e <strong> <a href=\"https:\/\/br.pinterest.com\/revistaselecoes\/\" rel=\"noopener\" target=\"_blank\">Pinterest <\/a> <\/strong> para conferir muito mais!<\/p>\n<p id=\"infocoweb_fonte\" class=\"infocoweb_fonte\">Fonte: <a target=\"_blank\" href=\"http:\/\/delas.ig.com.br\/parceiros\/selecoes\/2024-02-14\/qual-cor-combina-com-laranja--aprenda-a-usar-a-cor-que-e-a-cara-do-verao.html#c334dd83-7afd-4641-be92-bc84ac68d8eb\" rel=\"noopener\">Mulher<\/a><\/p>\n","protected":false},"excerpt":{"rendered":"<p>Foto: Reprodu\u00e7\u00e3o Qual cor combina com laranja? Aprenda a usar a cor que \u00e9 a cara do ver\u00e3o Quando se trata de moda e design de interiores, a cor laranja pode parecer um desafio para muitas pessoas. No entanto, essa cor vibrante e alegre pode ser facilmente combinada com uma variedade de outras cores para [&hellip;]<\/p>\n","protected":false},"author":5,"featured_media":74458,"comment_status":"open","ping_status":"open","sticky":false,"template":"","format":"standard","meta":{"_acf_changed":false,"_angie_page":false,"_monsterinsights_skip_tracking":false,"_themeisle_gutenberg_block_has_review":false,"page_builder":"","footnotes":"","jetpack_publicize_message":"","jetpack_publicize_feature_enabled":true,"jetpack_social_post_already_shared":false,"jetpack_social_options":{"image_generator_settings":{"template":"highway","default_image_id":0,"font":"","enabled":false},"version":2}},"categories":[3],"tags":[4843,13512,6466],"class_list":["post-74457","post","type-post","status-publish","format-standard","has-post-thumbnail","hentry","category-entretenimento","tag-aprenda","tag-combina","tag-laranja"],"acf":[],"nelio_content":{"autoShareEndMode":"never","automationSources":{"useCustomSentences":false,"customSentences":[]},"efiAlt":"","efiUrl":"","followers":[5],"highlights":[],"isAutoShareEnabled":true,"networkImageIds":[],"permalinkQueryArgs":[],"series":[],"suggestedReferences":[]},"yoast_head":"<!-- This site is optimized with the Yoast SEO plugin v28.3 - https:\/\/yoast.com\/product\/yoast-seo-wordpress\/ -->\n<title>Qual cor combina com laranja? Aprenda a usar a cor que \u00e9 a cara do ver\u00e3o<\/title>\n<meta name=\"description\" content=\"Qual cor combina com laranja? Aprenda a usar a cor que \u00e9 a cara do ver\u00e3o\" \/>\n<meta name=\"robots\" content=\"index, follow, max-snippet:-1, max-image-preview:large, max-video-preview:-1\" \/>\n<link rel=\"canonical\" href=\"https:\/\/www.fatosefotosnews.com.br\/?p=74457\" \/>\n<meta property=\"og:locale\" content=\"pt_BR\" \/>\n<meta property=\"og:type\" content=\"article\" \/>\n<meta property=\"og:title\" content=\"Qual cor combina com laranja? Aprenda a usar a cor que \u00e9 a cara do ver\u00e3o\" \/>\n<meta property=\"og:description\" content=\"Qual cor combina com laranja? Aprenda a usar a cor que \u00e9 a cara do ver\u00e3o\" \/>\n<meta property=\"og:url\" content=\"https:\/\/www.fatosefotosnews.com.br\/?p=74457\" \/>\n<meta property=\"og:site_name\" content=\"Fatos e Fotos News\" \/>\n<meta property=\"article:published_time\" content=\"2024-02-14T21:47:20+00:00\" \/>\n<meta property=\"og:image\" content=\"https:\/\/www.fatosefotosnews.com.br\/wp-content\/uploads\/2024\/02\/268b225efc9536435ca67d4e9f4a78c3.jpeg\" \/>\n\t<meta property=\"og:image:width\" content=\"1024\" \/>\n\t<meta property=\"og:image:height\" content=\"576\" \/>\n\t<meta property=\"og:image:type\" content=\"image\/jpeg\" \/>\n<meta name=\"author\" content=\"Da Reda\u00e7\u00e3o\" \/>\n<meta name=\"twitter:card\" content=\"summary_large_image\" \/>\n<meta name=\"twitter:label1\" content=\"Escrito por\" \/>\n\t<meta name=\"twitter:data1\" content=\"Da Reda\u00e7\u00e3o\" \/>\n\t<meta name=\"twitter:label2\" content=\"Est. tempo de leitura\" \/>\n\t<meta name=\"twitter:data2\" content=\"99 minutos\" \/>\n<script type=\"application\/ld+json\" class=\"yoast-schema-graph\">{\"@context\":\"https:\\\/\\\/schema.org\",\"@graph\":[{\"@type\":\"Article\",\"@id\":\"https:\\\/\\\/www.fatosefotosnews.com.br\\\/?p=74457#article\",\"isPartOf\":{\"@id\":\"https:\\\/\\\/www.fatosefotosnews.com.br\\\/?p=74457\"},\"author\":{\"name\":\"Da Reda\u00e7\u00e3o\",\"@id\":\"https:\\\/\\\/www.fatosefotosnews.com.br\\\/#\\\/schema\\\/person\\\/3b80f81d08670fb1f6690e07eb8b5dc6\"},\"headline\":\"Qual cor combina com laranja? Aprenda a usar a cor que \u00e9 a cara do ver\u00e3o\",\"datePublished\":\"2024-02-14T21:47:20+00:00\",\"mainEntityOfPage\":{\"@id\":\"https:\\\/\\\/www.fatosefotosnews.com.br\\\/?p=74457\"},\"wordCount\":477,\"commentCount\":0,\"publisher\":{\"@id\":\"https:\\\/\\\/www.fatosefotosnews.com.br\\\/#organization\"},\"image\":{\"@id\":\"https:\\\/\\\/www.fatosefotosnews.com.br\\\/?p=74457#primaryimage\"},\"thumbnailUrl\":\"https:\\\/\\\/www.fatosefotosnews.com.br\\\/wp-content\\\/uploads\\\/2024\\\/02\\\/268b225efc9536435ca67d4e9f4a78c3.jpeg\",\"keywords\":[\"aprenda\",\"combina\",\"laranja\"],\"articleSection\":[\"Entretenimento\"],\"inLanguage\":\"pt-BR\",\"potentialAction\":[{\"@type\":\"CommentAction\",\"name\":\"Comment\",\"target\":[\"https:\\\/\\\/www.fatosefotosnews.com.br\\\/?p=74457#respond\"]}]},{\"@type\":\"WebPage\",\"@id\":\"https:\\\/\\\/www.fatosefotosnews.com.br\\\/?p=74457\",\"url\":\"https:\\\/\\\/www.fatosefotosnews.com.br\\\/?p=74457\",\"name\":\"Qual cor combina com laranja? Aprenda a usar a cor que \u00e9 a cara do ver\u00e3o\",\"isPartOf\":{\"@id\":\"https:\\\/\\\/www.fatosefotosnews.com.br\\\/#website\"},\"primaryImageOfPage\":{\"@id\":\"https:\\\/\\\/www.fatosefotosnews.com.br\\\/?p=74457#primaryimage\"},\"image\":{\"@id\":\"https:\\\/\\\/www.fatosefotosnews.com.br\\\/?p=74457#primaryimage\"},\"thumbnailUrl\":\"https:\\\/\\\/www.fatosefotosnews.com.br\\\/wp-content\\\/uploads\\\/2024\\\/02\\\/268b225efc9536435ca67d4e9f4a78c3.jpeg\",\"datePublished\":\"2024-02-14T21:47:20+00:00\",\"description\":\"Qual cor combina com laranja? Aprenda a usar a cor que \u00e9 a cara do ver\u00e3o\",\"breadcrumb\":{\"@id\":\"https:\\\/\\\/www.fatosefotosnews.com.br\\\/?p=74457#breadcrumb\"},\"inLanguage\":\"pt-BR\",\"potentialAction\":[{\"@type\":\"ReadAction\",\"target\":[\"https:\\\/\\\/www.fatosefotosnews.com.br\\\/?p=74457\"]}]},{\"@type\":\"ImageObject\",\"inLanguage\":\"pt-BR\",\"@id\":\"https:\\\/\\\/www.fatosefotosnews.com.br\\\/?p=74457#primaryimage\",\"url\":\"https:\\\/\\\/www.fatosefotosnews.com.br\\\/wp-content\\\/uploads\\\/2024\\\/02\\\/268b225efc9536435ca67d4e9f4a78c3.jpeg\",\"contentUrl\":\"https:\\\/\\\/www.fatosefotosnews.com.br\\\/wp-content\\\/uploads\\\/2024\\\/02\\\/268b225efc9536435ca67d4e9f4a78c3.jpeg\",\"width\":1024,\"height\":576,\"caption\":\"Foto: Reprodu\u00e7\u00e3o Qual cor combina com laranja? Aprenda a usar a cor que \u00e9 a cara do ver\u00e3o\"},{\"@type\":\"BreadcrumbList\",\"@id\":\"https:\\\/\\\/www.fatosefotosnews.com.br\\\/?p=74457#breadcrumb\",\"itemListElement\":[{\"@type\":\"ListItem\",\"position\":1,\"name\":\"In\u00edcio\",\"item\":\"https:\\\/\\\/www.fatosefotosnews.com.br\\\/\"},{\"@type\":\"ListItem\",\"position\":2,\"name\":\"Qual cor combina com laranja? Aprenda a usar a cor que \u00e9 a cara do ver\u00e3o\"}]},{\"@type\":\"WebSite\",\"@id\":\"https:\\\/\\\/www.fatosefotosnews.com.br\\\/#website\",\"url\":\"https:\\\/\\\/www.fatosefotosnews.com.br\\\/\",\"name\":\"Fatos e Fotos News\",\"description\":\"Um site de noticial verdadeira e confi\u00e1veis.\",\"publisher\":{\"@id\":\"https:\\\/\\\/www.fatosefotosnews.com.br\\\/#organization\"},\"potentialAction\":[{\"@type\":\"SearchAction\",\"target\":{\"@type\":\"EntryPoint\",\"urlTemplate\":\"https:\\\/\\\/www.fatosefotosnews.com.br\\\/?s={search_term_string}\"},\"query-input\":{\"@type\":\"PropertyValueSpecification\",\"valueRequired\":true,\"valueName\":\"search_term_string\"}}],\"inLanguage\":\"pt-BR\"},{\"@type\":\"Organization\",\"@id\":\"https:\\\/\\\/www.fatosefotosnews.com.br\\\/#organization\",\"name\":\"Fatos e Fotos News\",\"url\":\"https:\\\/\\\/www.fatosefotosnews.com.br\\\/\",\"logo\":{\"@type\":\"ImageObject\",\"inLanguage\":\"pt-BR\",\"@id\":\"https:\\\/\\\/www.fatosefotosnews.com.br\\\/#\\\/schema\\\/logo\\\/image\\\/\",\"url\":\"https:\\\/\\\/www.fatosefotosnews.com.br\\\/wp-content\\\/uploads\\\/2023\\\/02\\\/Fatos-e-Fotos-news-logo.png\",\"contentUrl\":\"https:\\\/\\\/www.fatosefotosnews.com.br\\\/wp-content\\\/uploads\\\/2023\\\/02\\\/Fatos-e-Fotos-news-logo.png\",\"width\":300,\"height\":58,\"caption\":\"Fatos e Fotos News\"},\"image\":{\"@id\":\"https:\\\/\\\/www.fatosefotosnews.com.br\\\/#\\\/schema\\\/logo\\\/image\\\/\"}},{\"@type\":\"Person\",\"@id\":\"https:\\\/\\\/www.fatosefotosnews.com.br\\\/#\\\/schema\\\/person\\\/3b80f81d08670fb1f6690e07eb8b5dc6\",\"name\":\"Da Reda\u00e7\u00e3o\",\"image\":{\"@type\":\"ImageObject\",\"inLanguage\":\"pt-BR\",\"@id\":\"https:\\\/\\\/secure.gravatar.com\\\/avatar\\\/696d39935a657bf0fc95044dbc9f912520430a0eb6dd46c85dd97eb6483b249b?s=96&d=mm&r=g\",\"url\":\"https:\\\/\\\/secure.gravatar.com\\\/avatar\\\/696d39935a657bf0fc95044dbc9f912520430a0eb6dd46c85dd97eb6483b249b?s=96&d=mm&r=g\",\"contentUrl\":\"https:\\\/\\\/secure.gravatar.com\\\/avatar\\\/696d39935a657bf0fc95044dbc9f912520430a0eb6dd46c85dd97eb6483b249b?s=96&d=mm&r=g\",\"caption\":\"Da Reda\u00e7\u00e3o\"},\"url\":\"https:\\\/\\\/www.fatosefotosnews.com.br\\\/?author=5\"}]}<\/script>\n<!-- \/ Yoast SEO plugin. -->","yoast_head_json":{"title":"Qual cor combina com laranja? Aprenda a usar a cor que \u00e9 a cara do ver\u00e3o","description":"Qual cor combina com laranja? Aprenda a usar a cor que \u00e9 a cara do ver\u00e3o","robots":{"index":"index","follow":"follow","max-snippet":"max-snippet:-1","max-image-preview":"max-image-preview:large","max-video-preview":"max-video-preview:-1"},"canonical":"https:\/\/www.fatosefotosnews.com.br\/?p=74457","og_locale":"pt_BR","og_type":"article","og_title":"Qual cor combina com laranja? Aprenda a usar a cor que \u00e9 a cara do ver\u00e3o","og_description":"Qual cor combina com laranja? Aprenda a usar a cor que \u00e9 a cara do ver\u00e3o","og_url":"https:\/\/www.fatosefotosnews.com.br\/?p=74457","og_site_name":"Fatos e Fotos News","article_published_time":"2024-02-14T21:47:20+00:00","og_image":[{"width":1024,"height":576,"url":"https:\/\/www.fatosefotosnews.com.br\/wp-content\/uploads\/2024\/02\/268b225efc9536435ca67d4e9f4a78c3.jpeg","type":"image\/jpeg"}],"author":"Da Reda\u00e7\u00e3o","twitter_card":"summary_large_image","twitter_misc":{"Escrito por":"Da Reda\u00e7\u00e3o","Est. tempo de leitura":"99 minutos"},"schema":{"@context":"https:\/\/schema.org","@graph":[{"@type":"Article","@id":"https:\/\/www.fatosefotosnews.com.br\/?p=74457#article","isPartOf":{"@id":"https:\/\/www.fatosefotosnews.com.br\/?p=74457"},"author":{"name":"Da Reda\u00e7\u00e3o","@id":"https:\/\/www.fatosefotosnews.com.br\/#\/schema\/person\/3b80f81d08670fb1f6690e07eb8b5dc6"},"headline":"Qual cor combina com laranja? Aprenda a usar a cor que \u00e9 a cara do ver\u00e3o","datePublished":"2024-02-14T21:47:20+00:00","mainEntityOfPage":{"@id":"https:\/\/www.fatosefotosnews.com.br\/?p=74457"},"wordCount":477,"commentCount":0,"publisher":{"@id":"https:\/\/www.fatosefotosnews.com.br\/#organization"},"image":{"@id":"https:\/\/www.fatosefotosnews.com.br\/?p=74457#primaryimage"},"thumbnailUrl":"https:\/\/www.fatosefotosnews.com.br\/wp-content\/uploads\/2024\/02\/268b225efc9536435ca67d4e9f4a78c3.jpeg","keywords":["aprenda","combina","laranja"],"articleSection":["Entretenimento"],"inLanguage":"pt-BR","potentialAction":[{"@type":"CommentAction","name":"Comment","target":["https:\/\/www.fatosefotosnews.com.br\/?p=74457#respond"]}]},{"@type":"WebPage","@id":"https:\/\/www.fatosefotosnews.com.br\/?p=74457","url":"https:\/\/www.fatosefotosnews.com.br\/?p=74457","name":"Qual cor combina com laranja? Aprenda a usar a cor que \u00e9 a cara do ver\u00e3o","isPartOf":{"@id":"https:\/\/www.fatosefotosnews.com.br\/#website"},"primaryImageOfPage":{"@id":"https:\/\/www.fatosefotosnews.com.br\/?p=74457#primaryimage"},"image":{"@id":"https:\/\/www.fatosefotosnews.com.br\/?p=74457#primaryimage"},"thumbnailUrl":"https:\/\/www.fatosefotosnews.com.br\/wp-content\/uploads\/2024\/02\/268b225efc9536435ca67d4e9f4a78c3.jpeg","datePublished":"2024-02-14T21:47:20+00:00","description":"Qual cor combina com laranja? Aprenda a usar a cor que \u00e9 a cara do ver\u00e3o","breadcrumb":{"@id":"https:\/\/www.fatosefotosnews.com.br\/?p=74457#breadcrumb"},"inLanguage":"pt-BR","potentialAction":[{"@type":"ReadAction","target":["https:\/\/www.fatosefotosnews.com.br\/?p=74457"]}]},{"@type":"ImageObject","inLanguage":"pt-BR","@id":"https:\/\/www.fatosefotosnews.com.br\/?p=74457#primaryimage","url":"https:\/\/www.fatosefotosnews.com.br\/wp-content\/uploads\/2024\/02\/268b225efc9536435ca67d4e9f4a78c3.jpeg","contentUrl":"https:\/\/www.fatosefotosnews.com.br\/wp-content\/uploads\/2024\/02\/268b225efc9536435ca67d4e9f4a78c3.jpeg","width":1024,"height":576,"caption":"Foto: Reprodu\u00e7\u00e3o Qual cor combina com laranja? Aprenda a usar a cor que \u00e9 a cara do ver\u00e3o"},{"@type":"BreadcrumbList","@id":"https:\/\/www.fatosefotosnews.com.br\/?p=74457#breadcrumb","itemListElement":[{"@type":"ListItem","position":1,"name":"In\u00edcio","item":"https:\/\/www.fatosefotosnews.com.br\/"},{"@type":"ListItem","position":2,"name":"Qual cor combina com laranja? Aprenda a usar a cor que \u00e9 a cara do ver\u00e3o"}]},{"@type":"WebSite","@id":"https:\/\/www.fatosefotosnews.com.br\/#website","url":"https:\/\/www.fatosefotosnews.com.br\/","name":"Fatos e Fotos News","description":"Um site de noticial verdadeira e confi\u00e1veis.","publisher":{"@id":"https:\/\/www.fatosefotosnews.com.br\/#organization"},"potentialAction":[{"@type":"SearchAction","target":{"@type":"EntryPoint","urlTemplate":"https:\/\/www.fatosefotosnews.com.br\/?s={search_term_string}"},"query-input":{"@type":"PropertyValueSpecification","valueRequired":true,"valueName":"search_term_string"}}],"inLanguage":"pt-BR"},{"@type":"Organization","@id":"https:\/\/www.fatosefotosnews.com.br\/#organization","name":"Fatos e Fotos News","url":"https:\/\/www.fatosefotosnews.com.br\/","logo":{"@type":"ImageObject","inLanguage":"pt-BR","@id":"https:\/\/www.fatosefotosnews.com.br\/#\/schema\/logo\/image\/","url":"https:\/\/www.fatosefotosnews.com.br\/wp-content\/uploads\/2023\/02\/Fatos-e-Fotos-news-logo.png","contentUrl":"https:\/\/www.fatosefotosnews.com.br\/wp-content\/uploads\/2023\/02\/Fatos-e-Fotos-news-logo.png","width":300,"height":58,"caption":"Fatos e Fotos News"},"image":{"@id":"https:\/\/www.fatosefotosnews.com.br\/#\/schema\/logo\/image\/"}},{"@type":"Person","@id":"https:\/\/www.fatosefotosnews.com.br\/#\/schema\/person\/3b80f81d08670fb1f6690e07eb8b5dc6","name":"Da Reda\u00e7\u00e3o","image":{"@type":"ImageObject","inLanguage":"pt-BR","@id":"https:\/\/secure.gravatar.com\/avatar\/696d39935a657bf0fc95044dbc9f912520430a0eb6dd46c85dd97eb6483b249b?s=96&d=mm&r=g","url":"https:\/\/secure.gravatar.com\/avatar\/696d39935a657bf0fc95044dbc9f912520430a0eb6dd46c85dd97eb6483b249b?s=96&d=mm&r=g","contentUrl":"https:\/\/secure.gravatar.com\/avatar\/696d39935a657bf0fc95044dbc9f912520430a0eb6dd46c85dd97eb6483b249b?s=96&d=mm&r=g","caption":"Da Reda\u00e7\u00e3o"},"url":"https:\/\/www.fatosefotosnews.com.br\/?author=5"}]}},"jetpack_publicize_connections":[],"blog_post_layout_featured_media_urls":{"thumbnail":["https:\/\/www.fatosefotosnews.com.br\/wp-content\/uploads\/2024\/02\/268b225efc9536435ca67d4e9f4a78c3-150x150.jpeg",150,150,true],"full":["https:\/\/www.fatosefotosnews.com.br\/wp-content\/uploads\/2024\/02\/268b225efc9536435ca67d4e9f4a78c3.jpeg",1024,576,false]},"categories_names":{"3":{"name":"Entretenimento","link":"https:\/\/www.fatosefotosnews.com.br\/?cat=3"}},"tags_names":{"4843":{"name":"aprenda","link":"https:\/\/www.fatosefotosnews.com.br\/?tag=aprenda"},"13512":{"name":"combina","link":"https:\/\/www.fatosefotosnews.com.br\/?tag=combina"},"6466":{"name":"laranja","link":"https:\/\/www.fatosefotosnews.com.br\/?tag=laranja"}},"comments_number":"0","wpmagazine_modules_lite_featured_media_urls":{"thumbnail":["https:\/\/www.fatosefotosnews.com.br\/wp-content\/uploads\/2024\/02\/268b225efc9536435ca67d4e9f4a78c3-150x150.jpeg",150,150,true],"cvmm-medium":["https:\/\/www.fatosefotosnews.com.br\/wp-content\/uploads\/2024\/02\/268b225efc9536435ca67d4e9f4a78c3-300x300.jpeg",300,300,true],"cvmm-medium-plus":["https:\/\/www.fatosefotosnews.com.br\/wp-content\/uploads\/2024\/02\/268b225efc9536435ca67d4e9f4a78c3-305x207.jpeg",305,207,true],"cvmm-portrait":["https:\/\/www.fatosefotosnews.com.br\/wp-content\/uploads\/2024\/02\/268b225efc9536435ca67d4e9f4a78c3-400x576.jpeg",400,576,true],"cvmm-medium-square":["https:\/\/www.fatosefotosnews.com.br\/wp-content\/uploads\/2024\/02\/268b225efc9536435ca67d4e9f4a78c3-600x576.jpeg",600,576,true],"cvmm-large":["https:\/\/www.fatosefotosnews.com.br\/wp-content\/uploads\/2024\/02\/268b225efc9536435ca67d4e9f4a78c3.jpeg",1024,576,false],"cvmm-small":["https:\/\/www.fatosefotosnews.com.br\/wp-content\/uploads\/2024\/02\/268b225efc9536435ca67d4e9f4a78c3-130x95.jpeg",130,95,true],"full":["https:\/\/www.fatosefotosnews.com.br\/wp-content\/uploads\/2024\/02\/268b225efc9536435ca67d4e9f4a78c3.jpeg",1024,576,false]},"_links":{"self":[{"href":"https:\/\/www.fatosefotosnews.com.br\/index.php?rest_route=\/wp\/v2\/posts\/74457","targetHints":{"allow":["GET"]}}],"collection":[{"href":"https:\/\/www.fatosefotosnews.com.br\/index.php?rest_route=\/wp\/v2\/posts"}],"about":[{"href":"https:\/\/www.fatosefotosnews.com.br\/index.php?rest_route=\/wp\/v2\/types\/post"}],"author":[{"embeddable":true,"href":"https:\/\/www.fatosefotosnews.com.br\/index.php?rest_route=\/wp\/v2\/users\/5"}],"replies":[{"embeddable":true,"href":"https:\/\/www.fatosefotosnews.com.br\/index.php?rest_route=%2Fwp%2Fv2%2Fcomments&post=74457"}],"version-history":[{"count":0,"href":"https:\/\/www.fatosefotosnews.com.br\/index.php?rest_route=\/wp\/v2\/posts\/74457\/revisions"}],"wp:featuredmedia":[{"embeddable":true,"href":"https:\/\/www.fatosefotosnews.com.br\/index.php?rest_route=\/wp\/v2\/media\/74458"}],"wp:attachment":[{"href":"https:\/\/www.fatosefotosnews.com.br\/index.php?rest_route=%2Fwp%2Fv2%2Fmedia&parent=74457"}],"wp:term":[{"taxonomy":"category","embeddable":true,"href":"https:\/\/www.fatosefotosnews.com.br\/index.php?rest_route=%2Fwp%2Fv2%2Fcategories&post=74457"},{"taxonomy":"post_tag","embeddable":true,"href":"https:\/\/www.fatosefotosnews.com.br\/index.php?rest_route=%2Fwp%2Fv2%2Ftags&post=74457"}],"curies":[{"name":"wp","href":"https:\/\/api.w.org\/{rel}","templated":true}]}}