{"id":75495,"date":"2024-02-21T19:04:35","date_gmt":"2024-02-21T22:04:35","guid":{"rendered":"https:\/\/www.fatosefotosnews.com.br\/sobe-para-17-o-numero-de-mortes-por-dengue-no-estado-de-sao-paulo\/"},"modified":"2024-02-21T19:04:35","modified_gmt":"2024-02-21T22:04:35","slug":"sobe-para-17-o-numero-de-mortes-por-dengue-no-estado-de-sao-paulo","status":"publish","type":"post","link":"https:\/\/www.fatosefotosnews.com.br\/?p=75495","title":{"rendered":"Sobe para 17 o n\u00famero de mortes por dengue no estado de S\u00e3o Paulo"},"content":{"rendered":"<p>O n\u00famero de mortos por dengue no estado de S\u00e3o Paulo neste ano subiu para 17, informou nesta quarta-feira (21) a Secretaria Estadual da Sa\u00fade.<img decoding=\"async\" src=\"https:\/\/agenciabrasil.ebc.com.br\/ebc.png?id=1582126&#038;o=node\" style=\"width:1px;height:1px\"><img decoding=\"async\" src=\"https:\/\/agenciabrasil.ebc.com.br\/ebc.gif?id=1582126&#038;o=node\" style=\"width:1px;height:1px\"><\/p>\n<p>As mortes foram registradas nas cidades de Bauru (1), Batatais (1), Bebedouro (1), Franca (1), Guarulhos (1), Mat\u00e3o (1), Mar\u00edlia (2), Parisi (1), Pederneiras (2), Pindamonhangaba (2), Trememb\u00e9 (1), Taubat\u00e9 (2) e S\u00e3o Paulo (1).<\/p>\n<p>Entre os dias 1\u00ba de janeiro e esta quarta-feira, foram confirmados 75.568 casos de dengue em todo o estado, de acordo com o <a href=\"https:\/\/dengue.saude.sp.gov.br\/dengue\/\" target=\"_blank\" rel=\"noopener\">painel de monitoramento<\/a> da Secretaria de Sa\u00fade. Segundo a secretaria, 52.792 casos est\u00e3o em investiga\u00e7\u00e3o. Em todo o ano passado, o estado registrou 321.289 casos de dengue.<\/p>\n<p>A dengue \u00e9 uma doen\u00e7a causada por um v\u00edrus transmitido pelo mosquito <em>Aedes aegypti<\/em>.<\/p>\n<p>Os sintomas mais comuns da dengue s\u00e3o febre alta, dor atr\u00e1s dos olhos, dor no corpo, manchas avermelhadas na pele, coceira, n\u00e1useas e dores musculares e articulares. Uma das principais formas de preven\u00e7\u00e3o da doen\u00e7a \u00e9 o combate ao mosquito transmissor. Isso pode ser feito eliminando focos de \u00e1gua parada ou objetos que acumulem \u00e1gua, como pratos de plantas ou pneus usados.<\/p>\n<p id=\"infocoweb_fonte\" class=\"infocoweb_fonte\">Fonte: <a target=\"_blank\" href=\"https:\/\/agenciabrasil.ebc.com.br\/saude\/noticia\/2024-02\/sobe-para-17-o-numero-de-mortes-por-dengue-no-estado-de-sao-paulo#f7255e15-9892-4b48-88a1-32383e49af88\" rel=\"noopener\">EBC SA\u00daDE<\/a><\/p>\n","protected":false},"excerpt":{"rendered":"<p>O n\u00famero de mortos por dengue no estado de S\u00e3o Paulo neste ano subiu para 17, informou nesta quarta-feira (21) a Secretaria Estadual da Sa\u00fade. As mortes foram registradas nas cidades de Bauru (1), Batatais (1), Bebedouro (1), Franca (1), Guarulhos (1), Mat\u00e3o (1), Mar\u00edlia (2), Parisi (1), Pederneiras (2), Pindamonhangaba (2), Trememb\u00e9 (1), Taubat\u00e9 [&hellip;]<\/p>\n","protected":false},"author":5,"featured_media":75496,"comment_status":"open","ping_status":"open","sticky":false,"template":"","format":"standard","meta":{"_acf_changed":false,"_angie_page":false,"_monsterinsights_skip_tracking":false,"_themeisle_gutenberg_block_has_review":false,"page_builder":"","footnotes":"","jetpack_publicize_message":"","jetpack_publicize_feature_enabled":true,"jetpack_social_post_already_shared":false,"jetpack_social_options":{"image_generator_settings":{"template":"highway","default_image_id":0,"font":"","enabled":false},"version":2}},"categories":[],"tags":[3246,973,483,1229,398],"class_list":["post-75495","post","type-post","status-publish","format-standard","has-post-thumbnail","hentry","tag-dengue","tag-estado","tag-mortes","tag-numero","tag-paulo"],"acf":[],"nelio_content":{"autoShareEndMode":"never","automationSources":{"useCustomSentences":false,"customSentences":[]},"efiAlt":"","efiUrl":"","followers":[5],"highlights":[],"isAutoShareEnabled":true,"networkImageIds":[],"permalinkQueryArgs":[],"series":[],"suggestedReferences":[]},"yoast_head":"<!-- This site is optimized with the Yoast SEO plugin v28.3 - https:\/\/yoast.com\/product\/yoast-seo-wordpress\/ -->\n<title>Sobe para 17 o n\u00famero de mortes por dengue no estado de S\u00e3o Paulo<\/title>\n<meta name=\"description\" content=\"Sobe para 17 o n\u00famero de mortes por dengue no estado de S\u00e3o Paulo\" \/>\n<meta name=\"robots\" content=\"index, follow, max-snippet:-1, max-image-preview:large, max-video-preview:-1\" \/>\n<link rel=\"canonical\" href=\"https:\/\/www.fatosefotosnews.com.br\/?p=75495\" \/>\n<meta property=\"og:locale\" content=\"pt_BR\" \/>\n<meta property=\"og:type\" content=\"article\" \/>\n<meta property=\"og:title\" content=\"Sobe para 17 o n\u00famero de mortes por dengue no estado de S\u00e3o Paulo\" \/>\n<meta property=\"og:description\" content=\"Sobe para 17 o n\u00famero de mortes por dengue no estado de S\u00e3o Paulo\" \/>\n<meta property=\"og:url\" content=\"https:\/\/www.fatosefotosnews.com.br\/?p=75495\" \/>\n<meta property=\"og:site_name\" content=\"Fatos e Fotos News\" \/>\n<meta property=\"article:published_time\" content=\"2024-02-21T22:04:35+00:00\" \/>\n<meta property=\"og:image\" content=\"https:\/\/www.fatosefotosnews.com.br\/wp-content\/uploads\/2024\/02\/42645e1350d3a64baf6bfbd603fd4b13.jpeg\" \/>\n\t<meta property=\"og:image:width\" content=\"1024\" \/>\n\t<meta property=\"og:image:height\" content=\"512\" \/>\n\t<meta property=\"og:image:type\" content=\"image\/jpeg\" \/>\n<meta name=\"author\" content=\"Da Reda\u00e7\u00e3o\" \/>\n<meta name=\"twitter:card\" content=\"summary_large_image\" \/>\n<meta name=\"twitter:label1\" content=\"Escrito por\" \/>\n\t<meta name=\"twitter:data1\" content=\"Da Reda\u00e7\u00e3o\" \/>\n\t<meta name=\"twitter:label2\" content=\"Est. tempo de leitura\" \/>\n\t<meta name=\"twitter:data2\" content=\"99 minutos\" \/>\n<script type=\"application\/ld+json\" class=\"yoast-schema-graph\">{\"@context\":\"https:\\\/\\\/schema.org\",\"@graph\":[{\"@type\":\"Article\",\"@id\":\"https:\\\/\\\/www.fatosefotosnews.com.br\\\/?p=75495#article\",\"isPartOf\":{\"@id\":\"https:\\\/\\\/www.fatosefotosnews.com.br\\\/?p=75495\"},\"author\":{\"name\":\"Da Reda\u00e7\u00e3o\",\"@id\":\"https:\\\/\\\/www.fatosefotosnews.com.br\\\/#\\\/schema\\\/person\\\/3b80f81d08670fb1f6690e07eb8b5dc6\"},\"headline\":\"Sobe para 17 o n\u00famero de mortes por dengue no estado de S\u00e3o Paulo\",\"datePublished\":\"2024-02-21T22:04:35+00:00\",\"mainEntityOfPage\":{\"@id\":\"https:\\\/\\\/www.fatosefotosnews.com.br\\\/?p=75495\"},\"wordCount\":200,\"commentCount\":0,\"publisher\":{\"@id\":\"https:\\\/\\\/www.fatosefotosnews.com.br\\\/#organization\"},\"image\":{\"@id\":\"https:\\\/\\\/www.fatosefotosnews.com.br\\\/?p=75495#primaryimage\"},\"thumbnailUrl\":\"https:\\\/\\\/www.fatosefotosnews.com.br\\\/wp-content\\\/uploads\\\/2024\\\/02\\\/42645e1350d3a64baf6bfbd603fd4b13.jpeg\",\"keywords\":[\"dengue\",\"estado\",\"mortes\",\"numero\",\"paulo\"],\"inLanguage\":\"pt-BR\",\"potentialAction\":[{\"@type\":\"CommentAction\",\"name\":\"Comment\",\"target\":[\"https:\\\/\\\/www.fatosefotosnews.com.br\\\/?p=75495#respond\"]}]},{\"@type\":\"WebPage\",\"@id\":\"https:\\\/\\\/www.fatosefotosnews.com.br\\\/?p=75495\",\"url\":\"https:\\\/\\\/www.fatosefotosnews.com.br\\\/?p=75495\",\"name\":\"Sobe para 17 o n\u00famero de mortes por dengue no estado de S\u00e3o Paulo\",\"isPartOf\":{\"@id\":\"https:\\\/\\\/www.fatosefotosnews.com.br\\\/#website\"},\"primaryImageOfPage\":{\"@id\":\"https:\\\/\\\/www.fatosefotosnews.com.br\\\/?p=75495#primaryimage\"},\"image\":{\"@id\":\"https:\\\/\\\/www.fatosefotosnews.com.br\\\/?p=75495#primaryimage\"},\"thumbnailUrl\":\"https:\\\/\\\/www.fatosefotosnews.com.br\\\/wp-content\\\/uploads\\\/2024\\\/02\\\/42645e1350d3a64baf6bfbd603fd4b13.jpeg\",\"datePublished\":\"2024-02-21T22:04:35+00:00\",\"description\":\"Sobe para 17 o n\u00famero de mortes por dengue no estado de S\u00e3o Paulo\",\"breadcrumb\":{\"@id\":\"https:\\\/\\\/www.fatosefotosnews.com.br\\\/?p=75495#breadcrumb\"},\"inLanguage\":\"pt-BR\",\"potentialAction\":[{\"@type\":\"ReadAction\",\"target\":[\"https:\\\/\\\/www.fatosefotosnews.com.br\\\/?p=75495\"]}]},{\"@type\":\"ImageObject\",\"inLanguage\":\"pt-BR\",\"@id\":\"https:\\\/\\\/www.fatosefotosnews.com.br\\\/?p=75495#primaryimage\",\"url\":\"https:\\\/\\\/www.fatosefotosnews.com.br\\\/wp-content\\\/uploads\\\/2024\\\/02\\\/42645e1350d3a64baf6bfbd603fd4b13.jpeg\",\"contentUrl\":\"https:\\\/\\\/www.fatosefotosnews.com.br\\\/wp-content\\\/uploads\\\/2024\\\/02\\\/42645e1350d3a64baf6bfbd603fd4b13.jpeg\",\"width\":1024,\"height\":512,\"caption\":\"\u00a9 Fabio Rodrigues-Pozzebom\\\/ Ag\u00eancia\"},{\"@type\":\"BreadcrumbList\",\"@id\":\"https:\\\/\\\/www.fatosefotosnews.com.br\\\/?p=75495#breadcrumb\",\"itemListElement\":[{\"@type\":\"ListItem\",\"position\":1,\"name\":\"In\u00edcio\",\"item\":\"https:\\\/\\\/www.fatosefotosnews.com.br\\\/\"},{\"@type\":\"ListItem\",\"position\":2,\"name\":\"Sobe para 17 o n\u00famero de mortes por dengue no estado de S\u00e3o Paulo\"}]},{\"@type\":\"WebSite\",\"@id\":\"https:\\\/\\\/www.fatosefotosnews.com.br\\\/#website\",\"url\":\"https:\\\/\\\/www.fatosefotosnews.com.br\\\/\",\"name\":\"Fatos e Fotos News\",\"description\":\"Um site de noticial verdadeira e confi\u00e1veis.\",\"publisher\":{\"@id\":\"https:\\\/\\\/www.fatosefotosnews.com.br\\\/#organization\"},\"potentialAction\":[{\"@type\":\"SearchAction\",\"target\":{\"@type\":\"EntryPoint\",\"urlTemplate\":\"https:\\\/\\\/www.fatosefotosnews.com.br\\\/?s={search_term_string}\"},\"query-input\":{\"@type\":\"PropertyValueSpecification\",\"valueRequired\":true,\"valueName\":\"search_term_string\"}}],\"inLanguage\":\"pt-BR\"},{\"@type\":\"Organization\",\"@id\":\"https:\\\/\\\/www.fatosefotosnews.com.br\\\/#organization\",\"name\":\"Fatos e Fotos News\",\"url\":\"https:\\\/\\\/www.fatosefotosnews.com.br\\\/\",\"logo\":{\"@type\":\"ImageObject\",\"inLanguage\":\"pt-BR\",\"@id\":\"https:\\\/\\\/www.fatosefotosnews.com.br\\\/#\\\/schema\\\/logo\\\/image\\\/\",\"url\":\"https:\\\/\\\/www.fatosefotosnews.com.br\\\/wp-content\\\/uploads\\\/2023\\\/02\\\/Fatos-e-Fotos-news-logo.png\",\"contentUrl\":\"https:\\\/\\\/www.fatosefotosnews.com.br\\\/wp-content\\\/uploads\\\/2023\\\/02\\\/Fatos-e-Fotos-news-logo.png\",\"width\":300,\"height\":58,\"caption\":\"Fatos e Fotos News\"},\"image\":{\"@id\":\"https:\\\/\\\/www.fatosefotosnews.com.br\\\/#\\\/schema\\\/logo\\\/image\\\/\"}},{\"@type\":\"Person\",\"@id\":\"https:\\\/\\\/www.fatosefotosnews.com.br\\\/#\\\/schema\\\/person\\\/3b80f81d08670fb1f6690e07eb8b5dc6\",\"name\":\"Da Reda\u00e7\u00e3o\",\"image\":{\"@type\":\"ImageObject\",\"inLanguage\":\"pt-BR\",\"@id\":\"https:\\\/\\\/secure.gravatar.com\\\/avatar\\\/696d39935a657bf0fc95044dbc9f912520430a0eb6dd46c85dd97eb6483b249b?s=96&d=mm&r=g\",\"url\":\"https:\\\/\\\/secure.gravatar.com\\\/avatar\\\/696d39935a657bf0fc95044dbc9f912520430a0eb6dd46c85dd97eb6483b249b?s=96&d=mm&r=g\",\"contentUrl\":\"https:\\\/\\\/secure.gravatar.com\\\/avatar\\\/696d39935a657bf0fc95044dbc9f912520430a0eb6dd46c85dd97eb6483b249b?s=96&d=mm&r=g\",\"caption\":\"Da Reda\u00e7\u00e3o\"},\"url\":\"https:\\\/\\\/www.fatosefotosnews.com.br\\\/?author=5\"}]}<\/script>\n<!-- \/ Yoast SEO plugin. -->","yoast_head_json":{"title":"Sobe para 17 o n\u00famero de mortes por dengue no estado de S\u00e3o Paulo","description":"Sobe para 17 o n\u00famero de mortes por dengue no estado de S\u00e3o Paulo","robots":{"index":"index","follow":"follow","max-snippet":"max-snippet:-1","max-image-preview":"max-image-preview:large","max-video-preview":"max-video-preview:-1"},"canonical":"https:\/\/www.fatosefotosnews.com.br\/?p=75495","og_locale":"pt_BR","og_type":"article","og_title":"Sobe para 17 o n\u00famero de mortes por dengue no estado de S\u00e3o Paulo","og_description":"Sobe para 17 o n\u00famero de mortes por dengue no estado de S\u00e3o Paulo","og_url":"https:\/\/www.fatosefotosnews.com.br\/?p=75495","og_site_name":"Fatos e Fotos News","article_published_time":"2024-02-21T22:04:35+00:00","og_image":[{"width":1024,"height":512,"url":"https:\/\/www.fatosefotosnews.com.br\/wp-content\/uploads\/2024\/02\/42645e1350d3a64baf6bfbd603fd4b13.jpeg","type":"image\/jpeg"}],"author":"Da Reda\u00e7\u00e3o","twitter_card":"summary_large_image","twitter_misc":{"Escrito por":"Da Reda\u00e7\u00e3o","Est. tempo de leitura":"99 minutos"},"schema":{"@context":"https:\/\/schema.org","@graph":[{"@type":"Article","@id":"https:\/\/www.fatosefotosnews.com.br\/?p=75495#article","isPartOf":{"@id":"https:\/\/www.fatosefotosnews.com.br\/?p=75495"},"author":{"name":"Da Reda\u00e7\u00e3o","@id":"https:\/\/www.fatosefotosnews.com.br\/#\/schema\/person\/3b80f81d08670fb1f6690e07eb8b5dc6"},"headline":"Sobe para 17 o n\u00famero de mortes por dengue no estado de S\u00e3o Paulo","datePublished":"2024-02-21T22:04:35+00:00","mainEntityOfPage":{"@id":"https:\/\/www.fatosefotosnews.com.br\/?p=75495"},"wordCount":200,"commentCount":0,"publisher":{"@id":"https:\/\/www.fatosefotosnews.com.br\/#organization"},"image":{"@id":"https:\/\/www.fatosefotosnews.com.br\/?p=75495#primaryimage"},"thumbnailUrl":"https:\/\/www.fatosefotosnews.com.br\/wp-content\/uploads\/2024\/02\/42645e1350d3a64baf6bfbd603fd4b13.jpeg","keywords":["dengue","estado","mortes","numero","paulo"],"inLanguage":"pt-BR","potentialAction":[{"@type":"CommentAction","name":"Comment","target":["https:\/\/www.fatosefotosnews.com.br\/?p=75495#respond"]}]},{"@type":"WebPage","@id":"https:\/\/www.fatosefotosnews.com.br\/?p=75495","url":"https:\/\/www.fatosefotosnews.com.br\/?p=75495","name":"Sobe para 17 o n\u00famero de mortes por dengue no estado de S\u00e3o Paulo","isPartOf":{"@id":"https:\/\/www.fatosefotosnews.com.br\/#website"},"primaryImageOfPage":{"@id":"https:\/\/www.fatosefotosnews.com.br\/?p=75495#primaryimage"},"image":{"@id":"https:\/\/www.fatosefotosnews.com.br\/?p=75495#primaryimage"},"thumbnailUrl":"https:\/\/www.fatosefotosnews.com.br\/wp-content\/uploads\/2024\/02\/42645e1350d3a64baf6bfbd603fd4b13.jpeg","datePublished":"2024-02-21T22:04:35+00:00","description":"Sobe para 17 o n\u00famero de mortes por dengue no estado de S\u00e3o Paulo","breadcrumb":{"@id":"https:\/\/www.fatosefotosnews.com.br\/?p=75495#breadcrumb"},"inLanguage":"pt-BR","potentialAction":[{"@type":"ReadAction","target":["https:\/\/www.fatosefotosnews.com.br\/?p=75495"]}]},{"@type":"ImageObject","inLanguage":"pt-BR","@id":"https:\/\/www.fatosefotosnews.com.br\/?p=75495#primaryimage","url":"https:\/\/www.fatosefotosnews.com.br\/wp-content\/uploads\/2024\/02\/42645e1350d3a64baf6bfbd603fd4b13.jpeg","contentUrl":"https:\/\/www.fatosefotosnews.com.br\/wp-content\/uploads\/2024\/02\/42645e1350d3a64baf6bfbd603fd4b13.jpeg","width":1024,"height":512,"caption":"\u00a9 Fabio Rodrigues-Pozzebom\/ Ag\u00eancia"},{"@type":"BreadcrumbList","@id":"https:\/\/www.fatosefotosnews.com.br\/?p=75495#breadcrumb","itemListElement":[{"@type":"ListItem","position":1,"name":"In\u00edcio","item":"https:\/\/www.fatosefotosnews.com.br\/"},{"@type":"ListItem","position":2,"name":"Sobe para 17 o n\u00famero de mortes por dengue no estado de S\u00e3o Paulo"}]},{"@type":"WebSite","@id":"https:\/\/www.fatosefotosnews.com.br\/#website","url":"https:\/\/www.fatosefotosnews.com.br\/","name":"Fatos e Fotos News","description":"Um site de noticial verdadeira e confi\u00e1veis.","publisher":{"@id":"https:\/\/www.fatosefotosnews.com.br\/#organization"},"potentialAction":[{"@type":"SearchAction","target":{"@type":"EntryPoint","urlTemplate":"https:\/\/www.fatosefotosnews.com.br\/?s={search_term_string}"},"query-input":{"@type":"PropertyValueSpecification","valueRequired":true,"valueName":"search_term_string"}}],"inLanguage":"pt-BR"},{"@type":"Organization","@id":"https:\/\/www.fatosefotosnews.com.br\/#organization","name":"Fatos e Fotos News","url":"https:\/\/www.fatosefotosnews.com.br\/","logo":{"@type":"ImageObject","inLanguage":"pt-BR","@id":"https:\/\/www.fatosefotosnews.com.br\/#\/schema\/logo\/image\/","url":"https:\/\/www.fatosefotosnews.com.br\/wp-content\/uploads\/2023\/02\/Fatos-e-Fotos-news-logo.png","contentUrl":"https:\/\/www.fatosefotosnews.com.br\/wp-content\/uploads\/2023\/02\/Fatos-e-Fotos-news-logo.png","width":300,"height":58,"caption":"Fatos e Fotos News"},"image":{"@id":"https:\/\/www.fatosefotosnews.com.br\/#\/schema\/logo\/image\/"}},{"@type":"Person","@id":"https:\/\/www.fatosefotosnews.com.br\/#\/schema\/person\/3b80f81d08670fb1f6690e07eb8b5dc6","name":"Da Reda\u00e7\u00e3o","image":{"@type":"ImageObject","inLanguage":"pt-BR","@id":"https:\/\/secure.gravatar.com\/avatar\/696d39935a657bf0fc95044dbc9f912520430a0eb6dd46c85dd97eb6483b249b?s=96&d=mm&r=g","url":"https:\/\/secure.gravatar.com\/avatar\/696d39935a657bf0fc95044dbc9f912520430a0eb6dd46c85dd97eb6483b249b?s=96&d=mm&r=g","contentUrl":"https:\/\/secure.gravatar.com\/avatar\/696d39935a657bf0fc95044dbc9f912520430a0eb6dd46c85dd97eb6483b249b?s=96&d=mm&r=g","caption":"Da Reda\u00e7\u00e3o"},"url":"https:\/\/www.fatosefotosnews.com.br\/?author=5"}]}},"jetpack_publicize_connections":[],"blog_post_layout_featured_media_urls":{"thumbnail":["https:\/\/www.fatosefotosnews.com.br\/wp-content\/uploads\/2024\/02\/42645e1350d3a64baf6bfbd603fd4b13-150x150.jpeg",150,150,true],"full":["https:\/\/www.fatosefotosnews.com.br\/wp-content\/uploads\/2024\/02\/42645e1350d3a64baf6bfbd603fd4b13.jpeg",1024,512,false]},"categories_names":null,"tags_names":{"3246":{"name":"dengue","link":"https:\/\/www.fatosefotosnews.com.br\/?tag=dengue"},"973":{"name":"estado","link":"https:\/\/www.fatosefotosnews.com.br\/?tag=estado"},"483":{"name":"mortes","link":"https:\/\/www.fatosefotosnews.com.br\/?tag=mortes"},"1229":{"name":"numero","link":"https:\/\/www.fatosefotosnews.com.br\/?tag=numero"},"398":{"name":"paulo","link":"https:\/\/www.fatosefotosnews.com.br\/?tag=paulo"}},"comments_number":"0","wpmagazine_modules_lite_featured_media_urls":{"thumbnail":["https:\/\/www.fatosefotosnews.com.br\/wp-content\/uploads\/2024\/02\/42645e1350d3a64baf6bfbd603fd4b13-150x150.jpeg",150,150,true],"cvmm-medium":["https:\/\/www.fatosefotosnews.com.br\/wp-content\/uploads\/2024\/02\/42645e1350d3a64baf6bfbd603fd4b13-300x300.jpeg",300,300,true],"cvmm-medium-plus":["https:\/\/www.fatosefotosnews.com.br\/wp-content\/uploads\/2024\/02\/42645e1350d3a64baf6bfbd603fd4b13-305x207.jpeg",305,207,true],"cvmm-portrait":["https:\/\/www.fatosefotosnews.com.br\/wp-content\/uploads\/2024\/02\/42645e1350d3a64baf6bfbd603fd4b13-400x512.jpeg",400,512,true],"cvmm-medium-square":["https:\/\/www.fatosefotosnews.com.br\/wp-content\/uploads\/2024\/02\/42645e1350d3a64baf6bfbd603fd4b13-600x512.jpeg",600,512,true],"cvmm-large":["https:\/\/www.fatosefotosnews.com.br\/wp-content\/uploads\/2024\/02\/42645e1350d3a64baf6bfbd603fd4b13.jpeg",1024,512,false],"cvmm-small":["https:\/\/www.fatosefotosnews.com.br\/wp-content\/uploads\/2024\/02\/42645e1350d3a64baf6bfbd603fd4b13-130x95.jpeg",130,95,true],"full":["https:\/\/www.fatosefotosnews.com.br\/wp-content\/uploads\/2024\/02\/42645e1350d3a64baf6bfbd603fd4b13.jpeg",1024,512,false]},"_links":{"self":[{"href":"https:\/\/www.fatosefotosnews.com.br\/index.php?rest_route=\/wp\/v2\/posts\/75495","targetHints":{"allow":["GET"]}}],"collection":[{"href":"https:\/\/www.fatosefotosnews.com.br\/index.php?rest_route=\/wp\/v2\/posts"}],"about":[{"href":"https:\/\/www.fatosefotosnews.com.br\/index.php?rest_route=\/wp\/v2\/types\/post"}],"author":[{"embeddable":true,"href":"https:\/\/www.fatosefotosnews.com.br\/index.php?rest_route=\/wp\/v2\/users\/5"}],"replies":[{"embeddable":true,"href":"https:\/\/www.fatosefotosnews.com.br\/index.php?rest_route=%2Fwp%2Fv2%2Fcomments&post=75495"}],"version-history":[{"count":0,"href":"https:\/\/www.fatosefotosnews.com.br\/index.php?rest_route=\/wp\/v2\/posts\/75495\/revisions"}],"wp:featuredmedia":[{"embeddable":true,"href":"https:\/\/www.fatosefotosnews.com.br\/index.php?rest_route=\/wp\/v2\/media\/75496"}],"wp:attachment":[{"href":"https:\/\/www.fatosefotosnews.com.br\/index.php?rest_route=%2Fwp%2Fv2%2Fmedia&parent=75495"}],"wp:term":[{"taxonomy":"category","embeddable":true,"href":"https:\/\/www.fatosefotosnews.com.br\/index.php?rest_route=%2Fwp%2Fv2%2Fcategories&post=75495"},{"taxonomy":"post_tag","embeddable":true,"href":"https:\/\/www.fatosefotosnews.com.br\/index.php?rest_route=%2Fwp%2Fv2%2Ftags&post=75495"}],"curies":[{"name":"wp","href":"https:\/\/api.w.org\/{rel}","templated":true}]}}