{"id":78146,"date":"2024-03-11T09:01:51","date_gmt":"2024-03-11T12:01:51","guid":{"rendered":"https:\/\/www.fatosefotosnews.com.br\/centro-direita-vence-eleicoes-de-portugal-com-margem-estreita\/"},"modified":"2024-03-11T09:01:51","modified_gmt":"2024-03-11T12:01:51","slug":"centro-direita-vence-eleicoes-de-portugal-com-margem-estreita","status":"publish","type":"post","link":"https:\/\/www.fatosefotosnews.com.br\/?p=78146","title":{"rendered":"Centro-direita vence elei\u00e7\u00f5es de Portugal com margem estreita"},"content":{"rendered":"<p><meta name=\"robots\" content=\"noindex\"><mreta name=\"googlebot\" content=\"noindex\"><\/p>\n<div class=\"Noticia_Foto fato\">\n<figure class=\"foto-legenda\" style=\"position: relative\">\n<div class=\"foto-legenda-img\"> <img fetchpriority=\"high\" decoding=\"async\" src=\"https:\/\/i0.statig.com.br\/bancodeimagens\/5o\/eb\/jg\/5oebjgd7teziemfpesf6cy0lw.jpg\" width=\"906\" height=\"509\" alt=\"Candidato Lu\u00eds Montenegro, exerceu o seu direito de voto\" title=\"Candidato Lu\u00eds Montenegro, exerceu o seu direito de voto\"> <\/div><figcaption class=\"foto-legenda-citacao\"> <cite>Alian\u00e7a Democr\u00e1tica<\/cite> <\/p>\n<div class=\"foto-legenda-citacao-text\">Candidato Lu\u00eds Montenegro, exerceu o seu direito de voto<\/div>\n<\/figcaption><\/figure>\n<\/p>\n<\/div>\n<p class> <br data-mce-bogus=\"1\"> <\/p>\n<p class>Neste domingo (10), a Alian\u00e7a Democr\u00e1tica (AD) surgiu como vencedora das elei\u00e7\u00f5es legislativas de Portugal, em uma disputa acirrada. Com 99,01% das urnas apuradas, a coaliz\u00e3o, composta pelo Partido Social Democrata (PPD\/PSD), Partido Popular (CDS-PP) e o Partido Popular Mon\u00e1rquico (PPM), assegurou 79 cadeiras no parlamento, capturando 29,49% dos votos.<\/p>\n<p>O Partido Socialista (PS) conquistou 77 cadeiras, representando 28,66% do eleitorado, enquanto o partido de extrema direita, Chega, obteve 48 mandatos, com 18,06% dos votos.<\/p>\n<div>  <\/div>\n<p class>A AD, liderada por Lu\u00eds Montenegro, declarou vit\u00f3ria afirmando que &#8220;\u00e9 incontorn\u00e1vel que a AD ganhou as elei\u00e7\u00f5es e o PS perdeu as elei\u00e7\u00f5es&#8221;. Montenegro destacou a prontid\u00e3o da coaliz\u00e3o para formar governo, respeitando a vontade do povo portugu\u00eas. No entanto, ele enfatizou a necessidade de di\u00e1logo pol\u00edtico na Assembleia da Rep\u00fablica para implementar pol\u00edticas eficazes.<\/p>\n<div>\n<aside class=\"leiaTambem-container\">\n<h3>Leia tamb\u00e9m<\/h3>\n<ul>\n<li> <a href=\"https:\/\/ultimosegundo.ig.com.br\/mundo\/2024-03-11\/quais-sao-as-propostas-de-joe-biden-e-donald-trump-para-os-eua.html\" title=\"Saiba quais s\u00e3o as propostas priorit\u00e1rias de Biden e Trump para os EUA\" target=\"_self\" rel=\"noopener\">Saiba quais s\u00e3o as propostas priorit\u00e1rias de Biden e Trump para os EUA<\/a> <\/li>\n<li> <a href=\"https:\/\/ultimosegundo.ig.com.br\/mundo\/2024-03-10\/lider-hamas-tregua-gaza.html\" title=\"L\u00edder do Hamas diz que segue 'aberto' a negociar tr\u00e9gua com Israel\" target=\"_self\" rel=\"noopener\">L\u00edder do Hamas diz que segue &#8216;aberto&#8217; a negociar tr\u00e9gua com Israel<\/a> <\/li>\n<\/ul>\n<\/aside>\n<\/div>\n<p class> <br data-mce-bogus=\"1\"> <\/p>\n<p class>Por outro lado, Pedro Nuno Santos, l\u00edder do Partido Socialista, admitiu a derrota, reconhecendo a impossibilidade de alcan\u00e7ar uma maioria. Em seu discurso, Santos afirmou que o projeto do PS n\u00e3o \u00e9 compat\u00edvel com o da AD e que a legenda n\u00e3o ceder\u00e1 a press\u00f5es externas.<\/p>\n<p>As elei\u00e7\u00f5es registraram a participa\u00e7\u00e3o de 6,1 milh\u00f5es de eleitores, de um total de 9,2 milh\u00f5es aptos para votar, segundo dados do Minist\u00e9rio da Administra\u00e7\u00e3o Interna do pa\u00eds. Esta elei\u00e7\u00e3o antecipada foi marcada pela demiss\u00e3o repentina do primeiro-ministro socialista Ant\u00f3nio Costa, em meio a uma investiga\u00e7\u00e3o de corrup\u00e7\u00e3o, intensificando o embate entre os dois partidos centristas que se alternam no poder desde o fim da ditadura fascista h\u00e1 cinco d\u00e9cadas.  <\/p>\n<p id=\"infocoweb_fonte\" class=\"infocoweb_fonte\">Fonte: <a target=\"_blank\" href=\"http:\/\/ultimosegundo.ig.com.br\/mundo\/2024-03-11\/centro-direita-vence-eleicoes-de-portugal-com-margem-estreita.html#b7ee03c4-856d-4572-b802-1b53cef0d863\" rel=\"noopener\">Internacional<\/a><\/p>\n","protected":false},"excerpt":{"rendered":"<p>Alian\u00e7a Democr\u00e1tica Candidato Lu\u00eds Montenegro, exerceu o seu direito de voto Neste domingo (10), a Alian\u00e7a Democr\u00e1tica (AD) surgiu como vencedora das elei\u00e7\u00f5es legislativas de Portugal, em uma disputa acirrada. Com 99,01% das urnas apuradas, a coaliz\u00e3o, composta pelo Partido Social Democrata (PPD\/PSD), Partido Popular (CDS-PP) e o Partido Popular Mon\u00e1rquico (PPM), assegurou 79 cadeiras [&hellip;]<\/p>\n","protected":false},"author":5,"featured_media":78147,"comment_status":"open","ping_status":"open","sticky":false,"template":"","format":"standard","meta":{"_acf_changed":false,"_angie_page":false,"_monsterinsights_skip_tracking":false,"_themeisle_gutenberg_block_has_review":false,"page_builder":"","footnotes":"","jetpack_publicize_message":"","jetpack_publicize_feature_enabled":true,"jetpack_social_post_already_shared":false,"jetpack_social_options":{"image_generator_settings":{"template":"highway","default_image_id":0,"font":"","enabled":false},"version":2}},"categories":[12],"tags":[904,4788,19368,9362,1937,523],"class_list":["post-78146","post","type-post","status-publish","format-standard","has-post-thumbnail","hentry","category-mundo","tag-centro","tag-direita","tag-estreita","tag-margem","tag-portugal","tag-vence"],"acf":[],"nelio_content":{"autoShareEndMode":"never","automationSources":{"useCustomSentences":false,"customSentences":[]},"efiAlt":"","efiUrl":"","followers":[5],"highlights":[],"isAutoShareEnabled":true,"networkImageIds":[],"permalinkQueryArgs":[],"series":[],"suggestedReferences":[]},"yoast_head":"<!-- This site is optimized with the Yoast SEO plugin v28.3 - https:\/\/yoast.com\/product\/yoast-seo-wordpress\/ -->\n<title>Centro-direita vence elei\u00e7\u00f5es de Portugal com margem estreita<\/title>\n<meta name=\"description\" content=\"Centro-direita vence elei\u00e7\u00f5es de Portugal com margem estreita\" \/>\n<meta name=\"robots\" content=\"index, follow, max-snippet:-1, max-image-preview:large, max-video-preview:-1\" \/>\n<link rel=\"canonical\" href=\"https:\/\/www.fatosefotosnews.com.br\/?p=78146\" \/>\n<meta property=\"og:locale\" content=\"pt_BR\" \/>\n<meta property=\"og:type\" content=\"article\" \/>\n<meta property=\"og:title\" content=\"Centro-direita vence elei\u00e7\u00f5es de Portugal com margem estreita\" \/>\n<meta property=\"og:description\" content=\"Centro-direita vence elei\u00e7\u00f5es de Portugal com margem estreita\" \/>\n<meta property=\"og:url\" content=\"https:\/\/www.fatosefotosnews.com.br\/?p=78146\" \/>\n<meta property=\"og:site_name\" content=\"Fatos e Fotos News\" \/>\n<meta property=\"article:published_time\" content=\"2024-03-11T12:01:51+00:00\" \/>\n<meta property=\"og:image\" content=\"https:\/\/www.fatosefotosnews.com.br\/wp-content\/uploads\/2024\/03\/3602f62991e62776a1b15b8400d72be8.jpeg\" \/>\n\t<meta property=\"og:image:width\" content=\"1024\" \/>\n\t<meta property=\"og:image:height\" content=\"576\" \/>\n\t<meta property=\"og:image:type\" content=\"image\/jpeg\" \/>\n<meta name=\"author\" content=\"Da Reda\u00e7\u00e3o\" \/>\n<meta name=\"twitter:card\" content=\"summary_large_image\" \/>\n<meta name=\"twitter:label1\" content=\"Escrito por\" \/>\n\t<meta name=\"twitter:data1\" content=\"Da Reda\u00e7\u00e3o\" \/>\n\t<meta name=\"twitter:label2\" content=\"Est. tempo de leitura\" \/>\n\t<meta name=\"twitter:data2\" content=\"99 minutos\" \/>\n<script type=\"application\/ld+json\" class=\"yoast-schema-graph\">{\"@context\":\"https:\\\/\\\/schema.org\",\"@graph\":[{\"@type\":\"Article\",\"@id\":\"https:\\\/\\\/www.fatosefotosnews.com.br\\\/?p=78146#article\",\"isPartOf\":{\"@id\":\"https:\\\/\\\/www.fatosefotosnews.com.br\\\/?p=78146\"},\"author\":{\"name\":\"Da Reda\u00e7\u00e3o\",\"@id\":\"https:\\\/\\\/www.fatosefotosnews.com.br\\\/#\\\/schema\\\/person\\\/3b80f81d08670fb1f6690e07eb8b5dc6\"},\"headline\":\"Centro-direita vence elei\u00e7\u00f5es de Portugal com margem estreita\",\"datePublished\":\"2024-03-11T12:01:51+00:00\",\"mainEntityOfPage\":{\"@id\":\"https:\\\/\\\/www.fatosefotosnews.com.br\\\/?p=78146\"},\"wordCount\":329,\"commentCount\":0,\"publisher\":{\"@id\":\"https:\\\/\\\/www.fatosefotosnews.com.br\\\/#organization\"},\"image\":{\"@id\":\"https:\\\/\\\/www.fatosefotosnews.com.br\\\/?p=78146#primaryimage\"},\"thumbnailUrl\":\"https:\\\/\\\/www.fatosefotosnews.com.br\\\/wp-content\\\/uploads\\\/2024\\\/03\\\/3602f62991e62776a1b15b8400d72be8.jpeg\",\"keywords\":[\"centro\",\"direita\",\"estreita\",\"margem\",\"portugal\",\"vence\"],\"articleSection\":[\"Mundo\"],\"inLanguage\":\"pt-BR\",\"potentialAction\":[{\"@type\":\"CommentAction\",\"name\":\"Comment\",\"target\":[\"https:\\\/\\\/www.fatosefotosnews.com.br\\\/?p=78146#respond\"]}]},{\"@type\":\"WebPage\",\"@id\":\"https:\\\/\\\/www.fatosefotosnews.com.br\\\/?p=78146\",\"url\":\"https:\\\/\\\/www.fatosefotosnews.com.br\\\/?p=78146\",\"name\":\"Centro-direita vence elei\u00e7\u00f5es de Portugal com margem estreita\",\"isPartOf\":{\"@id\":\"https:\\\/\\\/www.fatosefotosnews.com.br\\\/#website\"},\"primaryImageOfPage\":{\"@id\":\"https:\\\/\\\/www.fatosefotosnews.com.br\\\/?p=78146#primaryimage\"},\"image\":{\"@id\":\"https:\\\/\\\/www.fatosefotosnews.com.br\\\/?p=78146#primaryimage\"},\"thumbnailUrl\":\"https:\\\/\\\/www.fatosefotosnews.com.br\\\/wp-content\\\/uploads\\\/2024\\\/03\\\/3602f62991e62776a1b15b8400d72be8.jpeg\",\"datePublished\":\"2024-03-11T12:01:51+00:00\",\"description\":\"Centro-direita vence elei\u00e7\u00f5es de Portugal com margem estreita\",\"breadcrumb\":{\"@id\":\"https:\\\/\\\/www.fatosefotosnews.com.br\\\/?p=78146#breadcrumb\"},\"inLanguage\":\"pt-BR\",\"potentialAction\":[{\"@type\":\"ReadAction\",\"target\":[\"https:\\\/\\\/www.fatosefotosnews.com.br\\\/?p=78146\"]}]},{\"@type\":\"ImageObject\",\"inLanguage\":\"pt-BR\",\"@id\":\"https:\\\/\\\/www.fatosefotosnews.com.br\\\/?p=78146#primaryimage\",\"url\":\"https:\\\/\\\/www.fatosefotosnews.com.br\\\/wp-content\\\/uploads\\\/2024\\\/03\\\/3602f62991e62776a1b15b8400d72be8.jpeg\",\"contentUrl\":\"https:\\\/\\\/www.fatosefotosnews.com.br\\\/wp-content\\\/uploads\\\/2024\\\/03\\\/3602f62991e62776a1b15b8400d72be8.jpeg\",\"width\":1024,\"height\":576,\"caption\":\"Alian\u00e7a Democr\u00e1tica Candidato Lu\u00eds Montenegro, exerceu o seu direito de voto\"},{\"@type\":\"BreadcrumbList\",\"@id\":\"https:\\\/\\\/www.fatosefotosnews.com.br\\\/?p=78146#breadcrumb\",\"itemListElement\":[{\"@type\":\"ListItem\",\"position\":1,\"name\":\"In\u00edcio\",\"item\":\"https:\\\/\\\/www.fatosefotosnews.com.br\\\/\"},{\"@type\":\"ListItem\",\"position\":2,\"name\":\"Centro-direita vence elei\u00e7\u00f5es de Portugal com margem estreita\"}]},{\"@type\":\"WebSite\",\"@id\":\"https:\\\/\\\/www.fatosefotosnews.com.br\\\/#website\",\"url\":\"https:\\\/\\\/www.fatosefotosnews.com.br\\\/\",\"name\":\"Fatos e Fotos News\",\"description\":\"Um site de noticial verdadeira e confi\u00e1veis.\",\"publisher\":{\"@id\":\"https:\\\/\\\/www.fatosefotosnews.com.br\\\/#organization\"},\"potentialAction\":[{\"@type\":\"SearchAction\",\"target\":{\"@type\":\"EntryPoint\",\"urlTemplate\":\"https:\\\/\\\/www.fatosefotosnews.com.br\\\/?s={search_term_string}\"},\"query-input\":{\"@type\":\"PropertyValueSpecification\",\"valueRequired\":true,\"valueName\":\"search_term_string\"}}],\"inLanguage\":\"pt-BR\"},{\"@type\":\"Organization\",\"@id\":\"https:\\\/\\\/www.fatosefotosnews.com.br\\\/#organization\",\"name\":\"Fatos e Fotos News\",\"url\":\"https:\\\/\\\/www.fatosefotosnews.com.br\\\/\",\"logo\":{\"@type\":\"ImageObject\",\"inLanguage\":\"pt-BR\",\"@id\":\"https:\\\/\\\/www.fatosefotosnews.com.br\\\/#\\\/schema\\\/logo\\\/image\\\/\",\"url\":\"https:\\\/\\\/www.fatosefotosnews.com.br\\\/wp-content\\\/uploads\\\/2023\\\/02\\\/Fatos-e-Fotos-news-logo.png\",\"contentUrl\":\"https:\\\/\\\/www.fatosefotosnews.com.br\\\/wp-content\\\/uploads\\\/2023\\\/02\\\/Fatos-e-Fotos-news-logo.png\",\"width\":300,\"height\":58,\"caption\":\"Fatos e Fotos News\"},\"image\":{\"@id\":\"https:\\\/\\\/www.fatosefotosnews.com.br\\\/#\\\/schema\\\/logo\\\/image\\\/\"}},{\"@type\":\"Person\",\"@id\":\"https:\\\/\\\/www.fatosefotosnews.com.br\\\/#\\\/schema\\\/person\\\/3b80f81d08670fb1f6690e07eb8b5dc6\",\"name\":\"Da Reda\u00e7\u00e3o\",\"image\":{\"@type\":\"ImageObject\",\"inLanguage\":\"pt-BR\",\"@id\":\"https:\\\/\\\/secure.gravatar.com\\\/avatar\\\/696d39935a657bf0fc95044dbc9f912520430a0eb6dd46c85dd97eb6483b249b?s=96&d=mm&r=g\",\"url\":\"https:\\\/\\\/secure.gravatar.com\\\/avatar\\\/696d39935a657bf0fc95044dbc9f912520430a0eb6dd46c85dd97eb6483b249b?s=96&d=mm&r=g\",\"contentUrl\":\"https:\\\/\\\/secure.gravatar.com\\\/avatar\\\/696d39935a657bf0fc95044dbc9f912520430a0eb6dd46c85dd97eb6483b249b?s=96&d=mm&r=g\",\"caption\":\"Da Reda\u00e7\u00e3o\"},\"url\":\"https:\\\/\\\/www.fatosefotosnews.com.br\\\/?author=5\"}]}<\/script>\n<!-- \/ Yoast SEO plugin. -->","yoast_head_json":{"title":"Centro-direita vence elei\u00e7\u00f5es de Portugal com margem estreita","description":"Centro-direita vence elei\u00e7\u00f5es de Portugal com margem estreita","robots":{"index":"index","follow":"follow","max-snippet":"max-snippet:-1","max-image-preview":"max-image-preview:large","max-video-preview":"max-video-preview:-1"},"canonical":"https:\/\/www.fatosefotosnews.com.br\/?p=78146","og_locale":"pt_BR","og_type":"article","og_title":"Centro-direita vence elei\u00e7\u00f5es de Portugal com margem estreita","og_description":"Centro-direita vence elei\u00e7\u00f5es de Portugal com margem estreita","og_url":"https:\/\/www.fatosefotosnews.com.br\/?p=78146","og_site_name":"Fatos e Fotos News","article_published_time":"2024-03-11T12:01:51+00:00","og_image":[{"width":1024,"height":576,"url":"https:\/\/www.fatosefotosnews.com.br\/wp-content\/uploads\/2024\/03\/3602f62991e62776a1b15b8400d72be8.jpeg","type":"image\/jpeg"}],"author":"Da Reda\u00e7\u00e3o","twitter_card":"summary_large_image","twitter_misc":{"Escrito por":"Da Reda\u00e7\u00e3o","Est. tempo de leitura":"99 minutos"},"schema":{"@context":"https:\/\/schema.org","@graph":[{"@type":"Article","@id":"https:\/\/www.fatosefotosnews.com.br\/?p=78146#article","isPartOf":{"@id":"https:\/\/www.fatosefotosnews.com.br\/?p=78146"},"author":{"name":"Da Reda\u00e7\u00e3o","@id":"https:\/\/www.fatosefotosnews.com.br\/#\/schema\/person\/3b80f81d08670fb1f6690e07eb8b5dc6"},"headline":"Centro-direita vence elei\u00e7\u00f5es de Portugal com margem estreita","datePublished":"2024-03-11T12:01:51+00:00","mainEntityOfPage":{"@id":"https:\/\/www.fatosefotosnews.com.br\/?p=78146"},"wordCount":329,"commentCount":0,"publisher":{"@id":"https:\/\/www.fatosefotosnews.com.br\/#organization"},"image":{"@id":"https:\/\/www.fatosefotosnews.com.br\/?p=78146#primaryimage"},"thumbnailUrl":"https:\/\/www.fatosefotosnews.com.br\/wp-content\/uploads\/2024\/03\/3602f62991e62776a1b15b8400d72be8.jpeg","keywords":["centro","direita","estreita","margem","portugal","vence"],"articleSection":["Mundo"],"inLanguage":"pt-BR","potentialAction":[{"@type":"CommentAction","name":"Comment","target":["https:\/\/www.fatosefotosnews.com.br\/?p=78146#respond"]}]},{"@type":"WebPage","@id":"https:\/\/www.fatosefotosnews.com.br\/?p=78146","url":"https:\/\/www.fatosefotosnews.com.br\/?p=78146","name":"Centro-direita vence elei\u00e7\u00f5es de Portugal com margem estreita","isPartOf":{"@id":"https:\/\/www.fatosefotosnews.com.br\/#website"},"primaryImageOfPage":{"@id":"https:\/\/www.fatosefotosnews.com.br\/?p=78146#primaryimage"},"image":{"@id":"https:\/\/www.fatosefotosnews.com.br\/?p=78146#primaryimage"},"thumbnailUrl":"https:\/\/www.fatosefotosnews.com.br\/wp-content\/uploads\/2024\/03\/3602f62991e62776a1b15b8400d72be8.jpeg","datePublished":"2024-03-11T12:01:51+00:00","description":"Centro-direita vence elei\u00e7\u00f5es de Portugal com margem estreita","breadcrumb":{"@id":"https:\/\/www.fatosefotosnews.com.br\/?p=78146#breadcrumb"},"inLanguage":"pt-BR","potentialAction":[{"@type":"ReadAction","target":["https:\/\/www.fatosefotosnews.com.br\/?p=78146"]}]},{"@type":"ImageObject","inLanguage":"pt-BR","@id":"https:\/\/www.fatosefotosnews.com.br\/?p=78146#primaryimage","url":"https:\/\/www.fatosefotosnews.com.br\/wp-content\/uploads\/2024\/03\/3602f62991e62776a1b15b8400d72be8.jpeg","contentUrl":"https:\/\/www.fatosefotosnews.com.br\/wp-content\/uploads\/2024\/03\/3602f62991e62776a1b15b8400d72be8.jpeg","width":1024,"height":576,"caption":"Alian\u00e7a Democr\u00e1tica Candidato Lu\u00eds Montenegro, exerceu o seu direito de voto"},{"@type":"BreadcrumbList","@id":"https:\/\/www.fatosefotosnews.com.br\/?p=78146#breadcrumb","itemListElement":[{"@type":"ListItem","position":1,"name":"In\u00edcio","item":"https:\/\/www.fatosefotosnews.com.br\/"},{"@type":"ListItem","position":2,"name":"Centro-direita vence elei\u00e7\u00f5es de Portugal com margem estreita"}]},{"@type":"WebSite","@id":"https:\/\/www.fatosefotosnews.com.br\/#website","url":"https:\/\/www.fatosefotosnews.com.br\/","name":"Fatos e Fotos News","description":"Um site de noticial verdadeira e confi\u00e1veis.","publisher":{"@id":"https:\/\/www.fatosefotosnews.com.br\/#organization"},"potentialAction":[{"@type":"SearchAction","target":{"@type":"EntryPoint","urlTemplate":"https:\/\/www.fatosefotosnews.com.br\/?s={search_term_string}"},"query-input":{"@type":"PropertyValueSpecification","valueRequired":true,"valueName":"search_term_string"}}],"inLanguage":"pt-BR"},{"@type":"Organization","@id":"https:\/\/www.fatosefotosnews.com.br\/#organization","name":"Fatos e Fotos News","url":"https:\/\/www.fatosefotosnews.com.br\/","logo":{"@type":"ImageObject","inLanguage":"pt-BR","@id":"https:\/\/www.fatosefotosnews.com.br\/#\/schema\/logo\/image\/","url":"https:\/\/www.fatosefotosnews.com.br\/wp-content\/uploads\/2023\/02\/Fatos-e-Fotos-news-logo.png","contentUrl":"https:\/\/www.fatosefotosnews.com.br\/wp-content\/uploads\/2023\/02\/Fatos-e-Fotos-news-logo.png","width":300,"height":58,"caption":"Fatos e Fotos News"},"image":{"@id":"https:\/\/www.fatosefotosnews.com.br\/#\/schema\/logo\/image\/"}},{"@type":"Person","@id":"https:\/\/www.fatosefotosnews.com.br\/#\/schema\/person\/3b80f81d08670fb1f6690e07eb8b5dc6","name":"Da Reda\u00e7\u00e3o","image":{"@type":"ImageObject","inLanguage":"pt-BR","@id":"https:\/\/secure.gravatar.com\/avatar\/696d39935a657bf0fc95044dbc9f912520430a0eb6dd46c85dd97eb6483b249b?s=96&d=mm&r=g","url":"https:\/\/secure.gravatar.com\/avatar\/696d39935a657bf0fc95044dbc9f912520430a0eb6dd46c85dd97eb6483b249b?s=96&d=mm&r=g","contentUrl":"https:\/\/secure.gravatar.com\/avatar\/696d39935a657bf0fc95044dbc9f912520430a0eb6dd46c85dd97eb6483b249b?s=96&d=mm&r=g","caption":"Da Reda\u00e7\u00e3o"},"url":"https:\/\/www.fatosefotosnews.com.br\/?author=5"}]}},"jetpack_publicize_connections":[],"blog_post_layout_featured_media_urls":{"thumbnail":["https:\/\/www.fatosefotosnews.com.br\/wp-content\/uploads\/2024\/03\/3602f62991e62776a1b15b8400d72be8-150x150.jpeg",150,150,true],"full":["https:\/\/www.fatosefotosnews.com.br\/wp-content\/uploads\/2024\/03\/3602f62991e62776a1b15b8400d72be8.jpeg",1024,576,false]},"categories_names":{"12":{"name":"Mundo","link":"https:\/\/www.fatosefotosnews.com.br\/?cat=12"}},"tags_names":{"904":{"name":"centro","link":"https:\/\/www.fatosefotosnews.com.br\/?tag=centro"},"4788":{"name":"direita","link":"https:\/\/www.fatosefotosnews.com.br\/?tag=direita"},"19368":{"name":"estreita","link":"https:\/\/www.fatosefotosnews.com.br\/?tag=estreita"},"9362":{"name":"margem","link":"https:\/\/www.fatosefotosnews.com.br\/?tag=margem"},"1937":{"name":"portugal","link":"https:\/\/www.fatosefotosnews.com.br\/?tag=portugal"},"523":{"name":"vence","link":"https:\/\/www.fatosefotosnews.com.br\/?tag=vence"}},"comments_number":"0","wpmagazine_modules_lite_featured_media_urls":{"thumbnail":["https:\/\/www.fatosefotosnews.com.br\/wp-content\/uploads\/2024\/03\/3602f62991e62776a1b15b8400d72be8-150x150.jpeg",150,150,true],"cvmm-medium":["https:\/\/www.fatosefotosnews.com.br\/wp-content\/uploads\/2024\/03\/3602f62991e62776a1b15b8400d72be8-300x300.jpeg",300,300,true],"cvmm-medium-plus":["https:\/\/www.fatosefotosnews.com.br\/wp-content\/uploads\/2024\/03\/3602f62991e62776a1b15b8400d72be8-305x207.jpeg",305,207,true],"cvmm-portrait":["https:\/\/www.fatosefotosnews.com.br\/wp-content\/uploads\/2024\/03\/3602f62991e62776a1b15b8400d72be8-400x576.jpeg",400,576,true],"cvmm-medium-square":["https:\/\/www.fatosefotosnews.com.br\/wp-content\/uploads\/2024\/03\/3602f62991e62776a1b15b8400d72be8-600x576.jpeg",600,576,true],"cvmm-large":["https:\/\/www.fatosefotosnews.com.br\/wp-content\/uploads\/2024\/03\/3602f62991e62776a1b15b8400d72be8.jpeg",1024,576,false],"cvmm-small":["https:\/\/www.fatosefotosnews.com.br\/wp-content\/uploads\/2024\/03\/3602f62991e62776a1b15b8400d72be8-130x95.jpeg",130,95,true],"full":["https:\/\/www.fatosefotosnews.com.br\/wp-content\/uploads\/2024\/03\/3602f62991e62776a1b15b8400d72be8.jpeg",1024,576,false]},"_links":{"self":[{"href":"https:\/\/www.fatosefotosnews.com.br\/index.php?rest_route=\/wp\/v2\/posts\/78146","targetHints":{"allow":["GET"]}}],"collection":[{"href":"https:\/\/www.fatosefotosnews.com.br\/index.php?rest_route=\/wp\/v2\/posts"}],"about":[{"href":"https:\/\/www.fatosefotosnews.com.br\/index.php?rest_route=\/wp\/v2\/types\/post"}],"author":[{"embeddable":true,"href":"https:\/\/www.fatosefotosnews.com.br\/index.php?rest_route=\/wp\/v2\/users\/5"}],"replies":[{"embeddable":true,"href":"https:\/\/www.fatosefotosnews.com.br\/index.php?rest_route=%2Fwp%2Fv2%2Fcomments&post=78146"}],"version-history":[{"count":0,"href":"https:\/\/www.fatosefotosnews.com.br\/index.php?rest_route=\/wp\/v2\/posts\/78146\/revisions"}],"wp:featuredmedia":[{"embeddable":true,"href":"https:\/\/www.fatosefotosnews.com.br\/index.php?rest_route=\/wp\/v2\/media\/78147"}],"wp:attachment":[{"href":"https:\/\/www.fatosefotosnews.com.br\/index.php?rest_route=%2Fwp%2Fv2%2Fmedia&parent=78146"}],"wp:term":[{"taxonomy":"category","embeddable":true,"href":"https:\/\/www.fatosefotosnews.com.br\/index.php?rest_route=%2Fwp%2Fv2%2Fcategories&post=78146"},{"taxonomy":"post_tag","embeddable":true,"href":"https:\/\/www.fatosefotosnews.com.br\/index.php?rest_route=%2Fwp%2Fv2%2Ftags&post=78146"}],"curies":[{"name":"wp","href":"https:\/\/api.w.org\/{rel}","templated":true}]}}