{"id":78166,"date":"2024-03-11T11:30:45","date_gmt":"2024-03-11T14:30:45","guid":{"rendered":"https:\/\/www.fatosefotosnews.com.br\/brasileiro-e-eleito-deputado-por-partido-de-extrema-direita-portuges\/"},"modified":"2024-03-11T11:30:45","modified_gmt":"2024-03-11T14:30:45","slug":"brasileiro-e-eleito-deputado-por-partido-de-extrema-direita-portuges","status":"publish","type":"post","link":"https:\/\/www.fatosefotosnews.com.br\/?p=78166","title":{"rendered":"Brasileiro \u00e9 eleito deputado por partido de extrema direita portug\u00eas"},"content":{"rendered":"<p><meta name=\"robots\" content=\"noindex\"><mreta name=\"googlebot\" content=\"noindex\"><\/p>\n<div class=\"Noticia_Foto fato\">\n<figure class=\"foto-legenda\" style=\"position: relative\">\n<div class=\"foto-legenda-img\"> <img fetchpriority=\"high\" decoding=\"async\" src=\"https:\/\/i0.statig.com.br\/bancodeimagens\/7m\/e0\/ik\/7me0ikkzzetrc62rnlt7bqk69.jpg\" width=\"906\" height=\"509\" alt=\"Marcus Vinicius Teixeira Soares dos Santos\" title=\"Marcus Vinicius Teixeira Soares dos Santos\"> <\/div><figcaption class=\"foto-legenda-citacao\"> <cite>Reprodu\u00e7\u00e3o<\/cite> <\/p>\n<div class=\"foto-legenda-citacao-text\">Marcus Vinicius Teixeira Soares dos Santos<\/div>\n<\/figcaption><\/figure>\n<\/p>\n<\/div>\n<p class>Um cidad\u00e3o brasileiro foi eleito deputado em Portugal pelo partido Chega, uma legenda da extrema direita que viu sua bancada quadruplicar no pa\u00eds este ano. Marcus Vinicius Teixeira Soares dos Santos conquistou uma cadeira parlamentar pela regi\u00e3o do Porto. Ele celebrou sua vit\u00f3ria nas redes sociais.<\/p>\n<p>O deputado \u00e9 um l\u00edder da filial do partido na cidade. Al\u00e9m disso, \u00e9 praticante de artes marciais e j\u00e1 residiu nos Estados Unidos, conforme entrevistas concedidas a ve\u00edculos de imprensa locais.<\/p>\n<p>Com postagens de teor conservador, ele chegou a afirmar que &#8220;bandidos&#8221; estavam celebrando a posse de Lula no Brasil em janeiro de 2023.<\/p>\n<p>Um dos coment\u00e1rios de felicita\u00e7\u00e3o ao brasileiro nas redes sociais hoje veio do deputado Eduardo Bolsonaro. &#8220;Parab\u00e9ns, Marcus. Voc\u00ea est\u00e1 fazendo hist\u00f3ria&#8221;, comentou.<\/p>\n<h3>Elei\u00e7\u00e3o em Portugal<\/h3>\n<p>A Alian\u00e7a Democr\u00e1tica, uma coaliz\u00e3o de partidos de centro-direita, emergiu como vencedora das elei\u00e7\u00f5es no domingo (10).<\/p>\n<p>O Chega, por sua vez, conquistou o terceiro lugar, mas foi o partido que registrou o maior crescimento &#8211; passando de 12 deputados na legislatura anterior para cerca de 48. Um de seus membros \u00e9 Santos, oriundo do Rio de Janeiro. O Chega obteve aproximadamente 18% dos votos. Caso o partido decida se unir \u00e0 Alian\u00e7a Democr\u00e1tica, a extrema direita poder\u00e1 fazer parte de um governo de coaliz\u00e3o.<\/p>\n<div>  <\/div>\n<p class=\"\">At\u00e9 o momento, a Alian\u00e7a Democr\u00e1tica indicou que n\u00e3o planeja firmar um acordo com o Chega.<\/p>\n<p>Entretanto, se a centro-direita reconsiderar sua posi\u00e7\u00e3o, as negocia\u00e7\u00f5es para uma coaliz\u00e3o poder\u00e3o avan\u00e7ar facilmente: o l\u00edder da extrema direita, Andr\u00e9 Ventura, afirmou que o resultado das elei\u00e7\u00f5es de domingo &#8220;claramente demonstra que os portugueses desejam um governo da Alian\u00e7a Democr\u00e1tica com o Chega&#8221;. <\/p>\n<h3><\/h3>\n<p id=\"infocoweb_fonte\" class=\"infocoweb_fonte\">Fonte: <a target=\"_blank\" href=\"http:\/\/ultimosegundo.ig.com.br\/mundo\/2024-03-11\/brasileiro-e-eleito-deputado-por-partido-de-extrema-direita-portuges.html#03b67585-534c-45c0-8e5e-dc10efd208dd\" rel=\"noopener\">Internacional<\/a><\/p>\n","protected":false},"excerpt":{"rendered":"<p>Reprodu\u00e7\u00e3o Marcus Vinicius Teixeira Soares dos Santos Um cidad\u00e3o brasileiro foi eleito deputado em Portugal pelo partido Chega, uma legenda da extrema direita que viu sua bancada quadruplicar no pa\u00eds este ano. Marcus Vinicius Teixeira Soares dos Santos conquistou uma cadeira parlamentar pela regi\u00e3o do Porto. Ele celebrou sua vit\u00f3ria nas redes sociais. O deputado [&hellip;]<\/p>\n","protected":false},"author":5,"featured_media":78167,"comment_status":"open","ping_status":"open","sticky":false,"template":"","format":"standard","meta":{"_acf_changed":false,"_angie_page":false,"_monsterinsights_skip_tracking":false,"_themeisle_gutenberg_block_has_review":false,"page_builder":"","footnotes":"","jetpack_publicize_message":"","jetpack_publicize_feature_enabled":true,"jetpack_social_post_already_shared":false,"jetpack_social_options":{"image_generator_settings":{"template":"highway","default_image_id":0,"font":"","enabled":false},"version":2}},"categories":[12],"tags":[2360,1024,4788,2725,3263,825,19373],"class_list":["post-78166","post","type-post","status-publish","format-standard","has-post-thumbnail","hentry","category-mundo","tag-brasileiro","tag-deputado","tag-direita","tag-eleito","tag-extrema","tag-partido","tag-portuges"],"acf":[],"nelio_content":{"autoShareEndMode":"never","automationSources":{"useCustomSentences":false,"customSentences":[]},"efiAlt":"","efiUrl":"","followers":[5],"highlights":[],"isAutoShareEnabled":true,"networkImageIds":[],"permalinkQueryArgs":[],"series":[],"suggestedReferences":[]},"yoast_head":"<!-- This site is optimized with the Yoast SEO plugin v28.3 - https:\/\/yoast.com\/product\/yoast-seo-wordpress\/ -->\n<title>Brasileiro \u00e9 eleito deputado por partido de extrema direita portug\u00eas<\/title>\n<meta name=\"description\" content=\"Brasileiro \u00e9 eleito deputado por partido de extrema direita portug\u00eas\" \/>\n<meta name=\"robots\" content=\"index, follow, max-snippet:-1, max-image-preview:large, max-video-preview:-1\" \/>\n<link rel=\"canonical\" href=\"https:\/\/www.fatosefotosnews.com.br\/?p=78166\" \/>\n<meta property=\"og:locale\" content=\"pt_BR\" \/>\n<meta property=\"og:type\" content=\"article\" \/>\n<meta property=\"og:title\" content=\"Brasileiro \u00e9 eleito deputado por partido de extrema direita portug\u00eas\" \/>\n<meta property=\"og:description\" content=\"Brasileiro \u00e9 eleito deputado por partido de extrema direita portug\u00eas\" \/>\n<meta property=\"og:url\" content=\"https:\/\/www.fatosefotosnews.com.br\/?p=78166\" \/>\n<meta property=\"og:site_name\" content=\"Fatos e Fotos News\" \/>\n<meta property=\"article:published_time\" content=\"2024-03-11T14:30:45+00:00\" \/>\n<meta property=\"og:image\" content=\"https:\/\/www.fatosefotosnews.com.br\/wp-content\/uploads\/2024\/03\/e992719843c5f92607109acc33c88156.jpeg\" \/>\n\t<meta property=\"og:image:width\" content=\"1024\" \/>\n\t<meta property=\"og:image:height\" content=\"576\" \/>\n\t<meta property=\"og:image:type\" content=\"image\/jpeg\" \/>\n<meta name=\"author\" content=\"Da Reda\u00e7\u00e3o\" \/>\n<meta name=\"twitter:card\" content=\"summary_large_image\" \/>\n<meta name=\"twitter:label1\" content=\"Escrito por\" \/>\n\t<meta name=\"twitter:data1\" content=\"Da Reda\u00e7\u00e3o\" \/>\n\t<meta name=\"twitter:label2\" content=\"Est. tempo de leitura\" \/>\n\t<meta name=\"twitter:data2\" content=\"99 minutos\" \/>\n<script type=\"application\/ld+json\" class=\"yoast-schema-graph\">{\"@context\":\"https:\\\/\\\/schema.org\",\"@graph\":[{\"@type\":\"Article\",\"@id\":\"https:\\\/\\\/www.fatosefotosnews.com.br\\\/?p=78166#article\",\"isPartOf\":{\"@id\":\"https:\\\/\\\/www.fatosefotosnews.com.br\\\/?p=78166\"},\"author\":{\"name\":\"Da Reda\u00e7\u00e3o\",\"@id\":\"https:\\\/\\\/www.fatosefotosnews.com.br\\\/#\\\/schema\\\/person\\\/3b80f81d08670fb1f6690e07eb8b5dc6\"},\"headline\":\"Brasileiro \u00e9 eleito deputado por partido de extrema direita portug\u00eas\",\"datePublished\":\"2024-03-11T14:30:45+00:00\",\"mainEntityOfPage\":{\"@id\":\"https:\\\/\\\/www.fatosefotosnews.com.br\\\/?p=78166\"},\"wordCount\":314,\"commentCount\":0,\"publisher\":{\"@id\":\"https:\\\/\\\/www.fatosefotosnews.com.br\\\/#organization\"},\"image\":{\"@id\":\"https:\\\/\\\/www.fatosefotosnews.com.br\\\/?p=78166#primaryimage\"},\"thumbnailUrl\":\"https:\\\/\\\/www.fatosefotosnews.com.br\\\/wp-content\\\/uploads\\\/2024\\\/03\\\/e992719843c5f92607109acc33c88156.jpeg\",\"keywords\":[\"brasileiro\",\"deputado\",\"direita\",\"eleito\",\"extrema\",\"partido\",\"portuges\"],\"articleSection\":[\"Mundo\"],\"inLanguage\":\"pt-BR\",\"potentialAction\":[{\"@type\":\"CommentAction\",\"name\":\"Comment\",\"target\":[\"https:\\\/\\\/www.fatosefotosnews.com.br\\\/?p=78166#respond\"]}]},{\"@type\":\"WebPage\",\"@id\":\"https:\\\/\\\/www.fatosefotosnews.com.br\\\/?p=78166\",\"url\":\"https:\\\/\\\/www.fatosefotosnews.com.br\\\/?p=78166\",\"name\":\"Brasileiro \u00e9 eleito deputado por partido de extrema direita portug\u00eas\",\"isPartOf\":{\"@id\":\"https:\\\/\\\/www.fatosefotosnews.com.br\\\/#website\"},\"primaryImageOfPage\":{\"@id\":\"https:\\\/\\\/www.fatosefotosnews.com.br\\\/?p=78166#primaryimage\"},\"image\":{\"@id\":\"https:\\\/\\\/www.fatosefotosnews.com.br\\\/?p=78166#primaryimage\"},\"thumbnailUrl\":\"https:\\\/\\\/www.fatosefotosnews.com.br\\\/wp-content\\\/uploads\\\/2024\\\/03\\\/e992719843c5f92607109acc33c88156.jpeg\",\"datePublished\":\"2024-03-11T14:30:45+00:00\",\"description\":\"Brasileiro \u00e9 eleito deputado por partido de extrema direita portug\u00eas\",\"breadcrumb\":{\"@id\":\"https:\\\/\\\/www.fatosefotosnews.com.br\\\/?p=78166#breadcrumb\"},\"inLanguage\":\"pt-BR\",\"potentialAction\":[{\"@type\":\"ReadAction\",\"target\":[\"https:\\\/\\\/www.fatosefotosnews.com.br\\\/?p=78166\"]}]},{\"@type\":\"ImageObject\",\"inLanguage\":\"pt-BR\",\"@id\":\"https:\\\/\\\/www.fatosefotosnews.com.br\\\/?p=78166#primaryimage\",\"url\":\"https:\\\/\\\/www.fatosefotosnews.com.br\\\/wp-content\\\/uploads\\\/2024\\\/03\\\/e992719843c5f92607109acc33c88156.jpeg\",\"contentUrl\":\"https:\\\/\\\/www.fatosefotosnews.com.br\\\/wp-content\\\/uploads\\\/2024\\\/03\\\/e992719843c5f92607109acc33c88156.jpeg\",\"width\":1024,\"height\":576,\"caption\":\"Reprodu\u00e7\u00e3o Marcus Vinicius Teixeira Soares dos Santos\"},{\"@type\":\"BreadcrumbList\",\"@id\":\"https:\\\/\\\/www.fatosefotosnews.com.br\\\/?p=78166#breadcrumb\",\"itemListElement\":[{\"@type\":\"ListItem\",\"position\":1,\"name\":\"In\u00edcio\",\"item\":\"https:\\\/\\\/www.fatosefotosnews.com.br\\\/\"},{\"@type\":\"ListItem\",\"position\":2,\"name\":\"Brasileiro \u00e9 eleito deputado por partido de extrema direita portug\u00eas\"}]},{\"@type\":\"WebSite\",\"@id\":\"https:\\\/\\\/www.fatosefotosnews.com.br\\\/#website\",\"url\":\"https:\\\/\\\/www.fatosefotosnews.com.br\\\/\",\"name\":\"Fatos e Fotos News\",\"description\":\"Um site de noticial verdadeira e confi\u00e1veis.\",\"publisher\":{\"@id\":\"https:\\\/\\\/www.fatosefotosnews.com.br\\\/#organization\"},\"potentialAction\":[{\"@type\":\"SearchAction\",\"target\":{\"@type\":\"EntryPoint\",\"urlTemplate\":\"https:\\\/\\\/www.fatosefotosnews.com.br\\\/?s={search_term_string}\"},\"query-input\":{\"@type\":\"PropertyValueSpecification\",\"valueRequired\":true,\"valueName\":\"search_term_string\"}}],\"inLanguage\":\"pt-BR\"},{\"@type\":\"Organization\",\"@id\":\"https:\\\/\\\/www.fatosefotosnews.com.br\\\/#organization\",\"name\":\"Fatos e Fotos News\",\"url\":\"https:\\\/\\\/www.fatosefotosnews.com.br\\\/\",\"logo\":{\"@type\":\"ImageObject\",\"inLanguage\":\"pt-BR\",\"@id\":\"https:\\\/\\\/www.fatosefotosnews.com.br\\\/#\\\/schema\\\/logo\\\/image\\\/\",\"url\":\"https:\\\/\\\/www.fatosefotosnews.com.br\\\/wp-content\\\/uploads\\\/2023\\\/02\\\/Fatos-e-Fotos-news-logo.png\",\"contentUrl\":\"https:\\\/\\\/www.fatosefotosnews.com.br\\\/wp-content\\\/uploads\\\/2023\\\/02\\\/Fatos-e-Fotos-news-logo.png\",\"width\":300,\"height\":58,\"caption\":\"Fatos e Fotos News\"},\"image\":{\"@id\":\"https:\\\/\\\/www.fatosefotosnews.com.br\\\/#\\\/schema\\\/logo\\\/image\\\/\"}},{\"@type\":\"Person\",\"@id\":\"https:\\\/\\\/www.fatosefotosnews.com.br\\\/#\\\/schema\\\/person\\\/3b80f81d08670fb1f6690e07eb8b5dc6\",\"name\":\"Da Reda\u00e7\u00e3o\",\"image\":{\"@type\":\"ImageObject\",\"inLanguage\":\"pt-BR\",\"@id\":\"https:\\\/\\\/secure.gravatar.com\\\/avatar\\\/696d39935a657bf0fc95044dbc9f912520430a0eb6dd46c85dd97eb6483b249b?s=96&d=mm&r=g\",\"url\":\"https:\\\/\\\/secure.gravatar.com\\\/avatar\\\/696d39935a657bf0fc95044dbc9f912520430a0eb6dd46c85dd97eb6483b249b?s=96&d=mm&r=g\",\"contentUrl\":\"https:\\\/\\\/secure.gravatar.com\\\/avatar\\\/696d39935a657bf0fc95044dbc9f912520430a0eb6dd46c85dd97eb6483b249b?s=96&d=mm&r=g\",\"caption\":\"Da Reda\u00e7\u00e3o\"},\"url\":\"https:\\\/\\\/www.fatosefotosnews.com.br\\\/?author=5\"}]}<\/script>\n<!-- \/ Yoast SEO plugin. -->","yoast_head_json":{"title":"Brasileiro \u00e9 eleito deputado por partido de extrema direita portug\u00eas","description":"Brasileiro \u00e9 eleito deputado por partido de extrema direita portug\u00eas","robots":{"index":"index","follow":"follow","max-snippet":"max-snippet:-1","max-image-preview":"max-image-preview:large","max-video-preview":"max-video-preview:-1"},"canonical":"https:\/\/www.fatosefotosnews.com.br\/?p=78166","og_locale":"pt_BR","og_type":"article","og_title":"Brasileiro \u00e9 eleito deputado por partido de extrema direita portug\u00eas","og_description":"Brasileiro \u00e9 eleito deputado por partido de extrema direita portug\u00eas","og_url":"https:\/\/www.fatosefotosnews.com.br\/?p=78166","og_site_name":"Fatos e Fotos News","article_published_time":"2024-03-11T14:30:45+00:00","og_image":[{"width":1024,"height":576,"url":"https:\/\/www.fatosefotosnews.com.br\/wp-content\/uploads\/2024\/03\/e992719843c5f92607109acc33c88156.jpeg","type":"image\/jpeg"}],"author":"Da Reda\u00e7\u00e3o","twitter_card":"summary_large_image","twitter_misc":{"Escrito por":"Da Reda\u00e7\u00e3o","Est. tempo de leitura":"99 minutos"},"schema":{"@context":"https:\/\/schema.org","@graph":[{"@type":"Article","@id":"https:\/\/www.fatosefotosnews.com.br\/?p=78166#article","isPartOf":{"@id":"https:\/\/www.fatosefotosnews.com.br\/?p=78166"},"author":{"name":"Da Reda\u00e7\u00e3o","@id":"https:\/\/www.fatosefotosnews.com.br\/#\/schema\/person\/3b80f81d08670fb1f6690e07eb8b5dc6"},"headline":"Brasileiro \u00e9 eleito deputado por partido de extrema direita portug\u00eas","datePublished":"2024-03-11T14:30:45+00:00","mainEntityOfPage":{"@id":"https:\/\/www.fatosefotosnews.com.br\/?p=78166"},"wordCount":314,"commentCount":0,"publisher":{"@id":"https:\/\/www.fatosefotosnews.com.br\/#organization"},"image":{"@id":"https:\/\/www.fatosefotosnews.com.br\/?p=78166#primaryimage"},"thumbnailUrl":"https:\/\/www.fatosefotosnews.com.br\/wp-content\/uploads\/2024\/03\/e992719843c5f92607109acc33c88156.jpeg","keywords":["brasileiro","deputado","direita","eleito","extrema","partido","portuges"],"articleSection":["Mundo"],"inLanguage":"pt-BR","potentialAction":[{"@type":"CommentAction","name":"Comment","target":["https:\/\/www.fatosefotosnews.com.br\/?p=78166#respond"]}]},{"@type":"WebPage","@id":"https:\/\/www.fatosefotosnews.com.br\/?p=78166","url":"https:\/\/www.fatosefotosnews.com.br\/?p=78166","name":"Brasileiro \u00e9 eleito deputado por partido de extrema direita portug\u00eas","isPartOf":{"@id":"https:\/\/www.fatosefotosnews.com.br\/#website"},"primaryImageOfPage":{"@id":"https:\/\/www.fatosefotosnews.com.br\/?p=78166#primaryimage"},"image":{"@id":"https:\/\/www.fatosefotosnews.com.br\/?p=78166#primaryimage"},"thumbnailUrl":"https:\/\/www.fatosefotosnews.com.br\/wp-content\/uploads\/2024\/03\/e992719843c5f92607109acc33c88156.jpeg","datePublished":"2024-03-11T14:30:45+00:00","description":"Brasileiro \u00e9 eleito deputado por partido de extrema direita portug\u00eas","breadcrumb":{"@id":"https:\/\/www.fatosefotosnews.com.br\/?p=78166#breadcrumb"},"inLanguage":"pt-BR","potentialAction":[{"@type":"ReadAction","target":["https:\/\/www.fatosefotosnews.com.br\/?p=78166"]}]},{"@type":"ImageObject","inLanguage":"pt-BR","@id":"https:\/\/www.fatosefotosnews.com.br\/?p=78166#primaryimage","url":"https:\/\/www.fatosefotosnews.com.br\/wp-content\/uploads\/2024\/03\/e992719843c5f92607109acc33c88156.jpeg","contentUrl":"https:\/\/www.fatosefotosnews.com.br\/wp-content\/uploads\/2024\/03\/e992719843c5f92607109acc33c88156.jpeg","width":1024,"height":576,"caption":"Reprodu\u00e7\u00e3o Marcus Vinicius Teixeira Soares dos Santos"},{"@type":"BreadcrumbList","@id":"https:\/\/www.fatosefotosnews.com.br\/?p=78166#breadcrumb","itemListElement":[{"@type":"ListItem","position":1,"name":"In\u00edcio","item":"https:\/\/www.fatosefotosnews.com.br\/"},{"@type":"ListItem","position":2,"name":"Brasileiro \u00e9 eleito deputado por partido de extrema direita portug\u00eas"}]},{"@type":"WebSite","@id":"https:\/\/www.fatosefotosnews.com.br\/#website","url":"https:\/\/www.fatosefotosnews.com.br\/","name":"Fatos e Fotos News","description":"Um site de noticial verdadeira e confi\u00e1veis.","publisher":{"@id":"https:\/\/www.fatosefotosnews.com.br\/#organization"},"potentialAction":[{"@type":"SearchAction","target":{"@type":"EntryPoint","urlTemplate":"https:\/\/www.fatosefotosnews.com.br\/?s={search_term_string}"},"query-input":{"@type":"PropertyValueSpecification","valueRequired":true,"valueName":"search_term_string"}}],"inLanguage":"pt-BR"},{"@type":"Organization","@id":"https:\/\/www.fatosefotosnews.com.br\/#organization","name":"Fatos e Fotos News","url":"https:\/\/www.fatosefotosnews.com.br\/","logo":{"@type":"ImageObject","inLanguage":"pt-BR","@id":"https:\/\/www.fatosefotosnews.com.br\/#\/schema\/logo\/image\/","url":"https:\/\/www.fatosefotosnews.com.br\/wp-content\/uploads\/2023\/02\/Fatos-e-Fotos-news-logo.png","contentUrl":"https:\/\/www.fatosefotosnews.com.br\/wp-content\/uploads\/2023\/02\/Fatos-e-Fotos-news-logo.png","width":300,"height":58,"caption":"Fatos e Fotos News"},"image":{"@id":"https:\/\/www.fatosefotosnews.com.br\/#\/schema\/logo\/image\/"}},{"@type":"Person","@id":"https:\/\/www.fatosefotosnews.com.br\/#\/schema\/person\/3b80f81d08670fb1f6690e07eb8b5dc6","name":"Da Reda\u00e7\u00e3o","image":{"@type":"ImageObject","inLanguage":"pt-BR","@id":"https:\/\/secure.gravatar.com\/avatar\/696d39935a657bf0fc95044dbc9f912520430a0eb6dd46c85dd97eb6483b249b?s=96&d=mm&r=g","url":"https:\/\/secure.gravatar.com\/avatar\/696d39935a657bf0fc95044dbc9f912520430a0eb6dd46c85dd97eb6483b249b?s=96&d=mm&r=g","contentUrl":"https:\/\/secure.gravatar.com\/avatar\/696d39935a657bf0fc95044dbc9f912520430a0eb6dd46c85dd97eb6483b249b?s=96&d=mm&r=g","caption":"Da Reda\u00e7\u00e3o"},"url":"https:\/\/www.fatosefotosnews.com.br\/?author=5"}]}},"jetpack_publicize_connections":[],"blog_post_layout_featured_media_urls":{"thumbnail":["https:\/\/www.fatosefotosnews.com.br\/wp-content\/uploads\/2024\/03\/e992719843c5f92607109acc33c88156-150x150.jpeg",150,150,true],"full":["https:\/\/www.fatosefotosnews.com.br\/wp-content\/uploads\/2024\/03\/e992719843c5f92607109acc33c88156.jpeg",1024,576,false]},"categories_names":{"12":{"name":"Mundo","link":"https:\/\/www.fatosefotosnews.com.br\/?cat=12"}},"tags_names":{"2360":{"name":"brasileiro","link":"https:\/\/www.fatosefotosnews.com.br\/?tag=brasileiro"},"1024":{"name":"deputado","link":"https:\/\/www.fatosefotosnews.com.br\/?tag=deputado"},"4788":{"name":"direita","link":"https:\/\/www.fatosefotosnews.com.br\/?tag=direita"},"2725":{"name":"eleito","link":"https:\/\/www.fatosefotosnews.com.br\/?tag=eleito"},"3263":{"name":"extrema","link":"https:\/\/www.fatosefotosnews.com.br\/?tag=extrema"},"825":{"name":"partido","link":"https:\/\/www.fatosefotosnews.com.br\/?tag=partido"},"19373":{"name":"portuges","link":"https:\/\/www.fatosefotosnews.com.br\/?tag=portuges"}},"comments_number":"0","wpmagazine_modules_lite_featured_media_urls":{"thumbnail":["https:\/\/www.fatosefotosnews.com.br\/wp-content\/uploads\/2024\/03\/e992719843c5f92607109acc33c88156-150x150.jpeg",150,150,true],"cvmm-medium":["https:\/\/www.fatosefotosnews.com.br\/wp-content\/uploads\/2024\/03\/e992719843c5f92607109acc33c88156-300x300.jpeg",300,300,true],"cvmm-medium-plus":["https:\/\/www.fatosefotosnews.com.br\/wp-content\/uploads\/2024\/03\/e992719843c5f92607109acc33c88156-305x207.jpeg",305,207,true],"cvmm-portrait":["https:\/\/www.fatosefotosnews.com.br\/wp-content\/uploads\/2024\/03\/e992719843c5f92607109acc33c88156-400x576.jpeg",400,576,true],"cvmm-medium-square":["https:\/\/www.fatosefotosnews.com.br\/wp-content\/uploads\/2024\/03\/e992719843c5f92607109acc33c88156-600x576.jpeg",600,576,true],"cvmm-large":["https:\/\/www.fatosefotosnews.com.br\/wp-content\/uploads\/2024\/03\/e992719843c5f92607109acc33c88156.jpeg",1024,576,false],"cvmm-small":["https:\/\/www.fatosefotosnews.com.br\/wp-content\/uploads\/2024\/03\/e992719843c5f92607109acc33c88156-130x95.jpeg",130,95,true],"full":["https:\/\/www.fatosefotosnews.com.br\/wp-content\/uploads\/2024\/03\/e992719843c5f92607109acc33c88156.jpeg",1024,576,false]},"_links":{"self":[{"href":"https:\/\/www.fatosefotosnews.com.br\/index.php?rest_route=\/wp\/v2\/posts\/78166","targetHints":{"allow":["GET"]}}],"collection":[{"href":"https:\/\/www.fatosefotosnews.com.br\/index.php?rest_route=\/wp\/v2\/posts"}],"about":[{"href":"https:\/\/www.fatosefotosnews.com.br\/index.php?rest_route=\/wp\/v2\/types\/post"}],"author":[{"embeddable":true,"href":"https:\/\/www.fatosefotosnews.com.br\/index.php?rest_route=\/wp\/v2\/users\/5"}],"replies":[{"embeddable":true,"href":"https:\/\/www.fatosefotosnews.com.br\/index.php?rest_route=%2Fwp%2Fv2%2Fcomments&post=78166"}],"version-history":[{"count":0,"href":"https:\/\/www.fatosefotosnews.com.br\/index.php?rest_route=\/wp\/v2\/posts\/78166\/revisions"}],"wp:featuredmedia":[{"embeddable":true,"href":"https:\/\/www.fatosefotosnews.com.br\/index.php?rest_route=\/wp\/v2\/media\/78167"}],"wp:attachment":[{"href":"https:\/\/www.fatosefotosnews.com.br\/index.php?rest_route=%2Fwp%2Fv2%2Fmedia&parent=78166"}],"wp:term":[{"taxonomy":"category","embeddable":true,"href":"https:\/\/www.fatosefotosnews.com.br\/index.php?rest_route=%2Fwp%2Fv2%2Fcategories&post=78166"},{"taxonomy":"post_tag","embeddable":true,"href":"https:\/\/www.fatosefotosnews.com.br\/index.php?rest_route=%2Fwp%2Fv2%2Ftags&post=78166"}],"curies":[{"name":"wp","href":"https:\/\/api.w.org\/{rel}","templated":true}]}}