{"id":82681,"date":"2024-04-12T10:31:17","date_gmt":"2024-04-12T13:31:17","guid":{"rendered":"https:\/\/www.fatosefotosnews.com.br\/virginia-fonseca-exibe-barriguinha-de-quatro-meses-quatro-meses-do-ze\/"},"modified":"2024-04-12T10:31:17","modified_gmt":"2024-04-12T13:31:17","slug":"virginia-fonseca-exibe-barriguinha-de-quatro-meses-quatro-meses-do-ze","status":"publish","type":"post","link":"https:\/\/www.fatosefotosnews.com.br\/?p=82681","title":{"rendered":"Virginia Fonseca exibe barriguinha de quatro meses: \u2018Quatro meses do Z\u00e9\u2019"},"content":{"rendered":"<div class=\"elementor-widget-container\">\n<div class=\"mc-column content-text active-extra-styles active-capital-letter\" data-block-type=\"unstyled\" data-block-weight=\"45\" data-block-id=\"2\">\n<p class=\"content-text__container theme-color-primary-first-letter\" style=\"text-align: justify\" data-track-category=\"Link no Texto\" data-track-links=\"\" data-mrf-recirculation=\"Recomenda\u00e7\u00e3o meio do texto\">A influencer\u00a0Virginia Fonseca, de 25 anos, que est\u00e1 gr\u00e1vida pela terceira vez, atualizou seus seguidores, na madrugada desta quinta-feira (11), com a silhueta da atual gesta\u00e7\u00e3o. Ela j\u00e1 \u00e9 m\u00e3e de\u00a0Maria Alice, de 2 anos, e\u00a0Maria Flor, de 1.<\/p>\n<\/p>\n<\/div>\n<div class=\"wall protected-content\">\n<div class=\"cropped-block\">\n<div class=\"mc-column content-text active-extra-styles\" data-block-type=\"unstyled\" data-block-weight=\"37\" data-block-id=\"3\">\n<div class=\"cropped-block\" style=\"text-align: justify\">\n<div class=\"mc-column content-text active-extra-styles\" data-block-type=\"unstyled\" data-block-weight=\"37\" data-block-id=\"3\">\n<p class=\"content-text__container\" data-track-category=\"Link no Texto\" data-track-links=\"\" data-mrf-recirculation=\"Recomenda\u00e7\u00e3o meio do texto\">Na frente do espelho em um banheiro, Virginia abriu a cal\u00e7a antes de postar a selfie para mostrar as curvas de seus 4 meses. Ela e o marido, Z\u00e9 Felipe, de 25, desta vez esperam um menino. \u201cQuatro meses do Z\u00e9\u201d, escreveu Virginia ao falar sobre o ca\u00e7ula, que vai se chamar Jos\u00e9 Leonardo, uma homenagem ao marido e ao sogro, o cantor sertanejo Leonardo, de 60 anos.<\/p>\n<\/p>\n<\/div>\n<\/div>\n<div class=\"cropped-block\">\n<div id=\"taboola-mid-article-saiba-mais\" class=\"mc-column taboola-related-content trc_related_container trc_spotlight_widget tbl-feed-container tbl-feed-frame-DIVIDER editoraglobo-revistaquem-feed render-late-effecteditoraglobo-revistaquem-feed\" data-feed-container-num=\"1\" data-feed-main-container-id=\"taboola-mid-article-saiba-mais\" data-parent-placement-name=\"Mid Article Saiba Mais\" data-pub-lang=\"pt\">\n<div class=\"cropped-block\">\n<div class=\"mc-column content-text active-extra-styles\" data-block-type=\"unstyled\" data-block-weight=\"36\" data-block-id=\"5\">\n<div class=\"cropped-block\" style=\"text-align: justify\">\n<div class=\"mc-column content-text active-extra-styles\" data-block-type=\"unstyled\" data-block-weight=\"36\" data-block-id=\"5\">\n<p class=\"content-text__container\" data-track-category=\"Link no Texto\" data-track-links=\"\" data-mrf-recirculation=\"Recomenda\u00e7\u00e3o meio do texto\">Recentemente, Virginia celebrou o anivers\u00e1rio em grande estilo! Foi um fim de semana inteiro de comemora\u00e7\u00f5es, que culminou em\u00a0uma festan\u00e7a no \u00faltimo domingo (7), tudo na nova mans\u00e3o dela, em Mangaratiba, no Rio de Janeiro.<\/p>\n<p class=\"content-text__container\" data-track-category=\"Link no Texto\" data-track-links=\"\" data-mrf-recirculation=\"Recomenda\u00e7\u00e3o meio do texto\">Para a ocasi\u00e3o, Virginia n\u00e3o economizou no look! Juntando vestido, sapatos e muitas e muitas joias, a empres\u00e1ria e influenciadora investiu cerca de R$ 772 mil no visual. S\u00f3 no pulso, al\u00e9m de um rel\u00f3gio que ganhou de presente, ela empilhou diversos braceletes de ouro. O rel\u00f3gio em quest\u00e3o \u00e9 o Day-Date 40, da Rolex, de ouro amarelo 18K, avaliado em R$ 281 mil.<\/p>\n<\/p>\n<\/div>\n<\/div>\n<blockquote class=\"instagram-media\" style=\"background: #FFF;border: 0;border-radius: 3px;margin: 1px;max-width: 540px;min-width: 326px;padding: 0;width: calc(100% - 2px)\" data-instgrm-captioned=\"\" data-instgrm-permalink=\"https:\/\/www.instagram.com\/p\/C5bCFmfOai6\/?utm_source=ig_embed&#038;utm_campaign=loading\" data-instgrm-version=\"14\">\n<div style=\"padding: 16px\">\n<div style=\"flex-direction: row;align-items: center\">\n<div style=\"flex-direction: column;flex-grow: 1;justify-content: center\">   <\/div>\n<\/p>\n<\/div>\n<div style=\"padding-top: 8px\">\n<div style=\"color: #3897f0;font-family: Arial,sans-serif;font-size: 14px;font-style: normal;font-weight: 550;line-height: 18px\">Ver essa foto no Instagram<\/div>\n<\/p>\n<\/div>\n<div style=\"flex-direction: row;margin-bottom: 14px;align-items: center\">\n<div>    <\/div>\n<div style=\"margin-left: 8px\">   <\/div>\n<div style=\"margin-left: auto\">    <\/div>\n<\/p>\n<\/div>\n<div style=\"flex-direction: column;flex-grow: 1;justify-content: center;margin-bottom: 24px\">   <\/div>\n<p style=\"color: #c9c8cd;font-family: Arial,sans-serif;font-size: 14px;line-height: 17px;margin-bottom: 0;margin-top: 8px;overflow: hidden;padding: 8px 0 7px;text-align: center\"><a style=\"color: #c9c8cd;font-family: Arial,sans-serif;font-size: 14px;font-style: normal;font-weight: normal;line-height: 17px;text-decoration: none\" href=\"https:\/\/www.instagram.com\/p\/C5bCFmfOai6\/?utm_source=ig_embed&#038;utm_campaign=loading\" target=\"_blank\" rel=\"noopener\">Uma publica\u00e7\u00e3o compartilhada por Virginia Fonseca Costa (@virginia)<\/a><\/p>\n<\/p>\n<\/div>\n<\/blockquote>\n<div class=\"cropped-block\">\n<div class=\"mc-column content-text active-extra-styles\" data-block-type=\"unstyled\" data-block-weight=\"65\" data-block-id=\"6\">\n<div class=\"cropped-block\">\n<div class=\"row medium-uncollapsed content-media content-photo\" data-block-type=\"backstage-photo\" data-block-id=\"7\">\n<div class=\"mc-column content-media__container\">\n<div class=\"content-media-container\" data-mrf-recirculation=\"media center\"><img decoding=\"async\" src=\"https:\/\/s2-quem.glbimg.com\/1H0TNk_65wDLqdDEjIKmdVMt1hM=\/0x0:1152x2048\/984x0\/smart\/filters:strip_icc()\/i.s3.glbimg.com\/v1\/AUTH_b0f0e84207c948ab8b8777be5a6a4395\/internal_photos\/bs\/2024\/1\/a\/Bd7naAR4mXZosQcxJ56Q\/436521362-18444896491007563-876696899894262299-n.jpg\" alt=\"Virginia Fonseca \u2014 Foto: Reprodu\u00e7\u00e3o\/Instagram\"><\/div>\n<\/p>\n<\/div>\n<\/div>\n<\/div>\n<\/div>\n<\/div>\n<\/div>\n<\/div>\n<\/div>\n<\/div>\n<\/div>\n<\/div>\n<\/div>\n<\/div>\n<p id=\"infocoweb_fonte\" class=\"infocoweb_fonte\">Fonte: <a target=\"_blank\" href=\"https:\/\/www.topfamosos.com.br\/virginia-fonseca-exibe-barriguinha-de-quatro-meses-quatro-meses-do-ze\/#af490e1f-ae37-4b3b-a80b-67a219207902\" rel=\"noopener\">TOP FAMOSOS<\/a><\/p>\n","protected":false},"excerpt":{"rendered":"<p>A influencer\u00a0Virginia Fonseca, de 25 anos, que est\u00e1 gr\u00e1vida pela terceira vez, atualizou seus seguidores, na madrugada desta quinta-feira (11), com a silhueta da atual gesta\u00e7\u00e3o. Ela j\u00e1 \u00e9 m\u00e3e de\u00a0Maria Alice, de 2 anos, e\u00a0Maria Flor, de 1. Na frente do espelho em um banheiro, Virginia abriu a cal\u00e7a antes de postar a selfie [&hellip;]<\/p>\n","protected":false},"author":5,"featured_media":82682,"comment_status":"open","ping_status":"open","sticky":false,"template":"","format":"standard","meta":{"_acf_changed":false,"_angie_page":false,"_monsterinsights_skip_tracking":false,"_themeisle_gutenberg_block_has_review":false,"page_builder":"","footnotes":"","jetpack_publicize_message":"","jetpack_publicize_feature_enabled":true,"jetpack_social_post_already_shared":false,"jetpack_social_options":{"image_generator_settings":{"template":"highway","default_image_id":0,"font":"","enabled":false},"version":2}},"categories":[3],"tags":[11466,675,1333,2674,1586,1332],"class_list":["post-82681","post","type-post","status-publish","format-standard","has-post-thumbnail","hentry","category-entretenimento","tag-barriguinha","tag-exibe","tag-fonseca","tag-meses","tag-quatro","tag-virginia"],"acf":[],"nelio_content":{"autoShareEndMode":"never","automationSources":{"useCustomSentences":false,"customSentences":[]},"efiAlt":"","efiUrl":"","followers":[5],"highlights":[],"isAutoShareEnabled":true,"networkImageIds":[],"permalinkQueryArgs":[],"series":[],"suggestedReferences":[]},"yoast_head":"<!-- This site is optimized with the Yoast SEO plugin v28.3 - https:\/\/yoast.com\/product\/yoast-seo-wordpress\/ -->\n<title>Virginia Fonseca exibe barriguinha de quatro meses: \u2018Quatro meses do Z\u00e9\u2019<\/title>\n<meta name=\"description\" content=\"Virginia Fonseca exibe barriguinha de quatro meses: \u2018Quatro meses do Z\u00e9\u2019\" \/>\n<meta name=\"robots\" content=\"index, follow, max-snippet:-1, max-image-preview:large, max-video-preview:-1\" \/>\n<link rel=\"canonical\" href=\"https:\/\/www.fatosefotosnews.com.br\/?p=82681\" \/>\n<meta property=\"og:locale\" content=\"pt_BR\" \/>\n<meta property=\"og:type\" content=\"article\" \/>\n<meta property=\"og:title\" content=\"Virginia Fonseca exibe barriguinha de quatro meses: \u2018Quatro meses do Z\u00e9\u2019\" \/>\n<meta property=\"og:description\" content=\"Virginia Fonseca exibe barriguinha de quatro meses: \u2018Quatro meses do Z\u00e9\u2019\" \/>\n<meta property=\"og:url\" content=\"https:\/\/www.fatosefotosnews.com.br\/?p=82681\" \/>\n<meta property=\"og:site_name\" content=\"Fatos e Fotos News\" \/>\n<meta property=\"article:published_time\" content=\"2024-04-12T13:31:17+00:00\" \/>\n<meta property=\"og:image\" content=\"https:\/\/www.fatosefotosnews.com.br\/wp-content\/uploads\/2024\/04\/f83282e3a28ba8951c5d0cab0c4899f0.jpeg\" \/>\n\t<meta property=\"og:image:width\" content=\"1024\" \/>\n\t<meta property=\"og:image:height\" content=\"576\" \/>\n\t<meta property=\"og:image:type\" content=\"image\/jpeg\" \/>\n<meta name=\"author\" content=\"Da Reda\u00e7\u00e3o\" \/>\n<meta name=\"twitter:card\" content=\"summary_large_image\" \/>\n<meta name=\"twitter:label1\" content=\"Escrito por\" \/>\n\t<meta name=\"twitter:data1\" content=\"Da Reda\u00e7\u00e3o\" \/>\n\t<meta name=\"twitter:label2\" content=\"Est. tempo de leitura\" \/>\n\t<meta name=\"twitter:data2\" content=\"99 minutos\" \/>\n<script type=\"application\/ld+json\" class=\"yoast-schema-graph\">{\"@context\":\"https:\\\/\\\/schema.org\",\"@graph\":[{\"@type\":\"Article\",\"@id\":\"https:\\\/\\\/www.fatosefotosnews.com.br\\\/?p=82681#article\",\"isPartOf\":{\"@id\":\"https:\\\/\\\/www.fatosefotosnews.com.br\\\/?p=82681\"},\"author\":{\"name\":\"Da Reda\u00e7\u00e3o\",\"@id\":\"https:\\\/\\\/www.fatosefotosnews.com.br\\\/#\\\/schema\\\/person\\\/3b80f81d08670fb1f6690e07eb8b5dc6\"},\"headline\":\"Virginia Fonseca exibe barriguinha de quatro meses: \u2018Quatro meses do Z\u00e9\u2019\",\"datePublished\":\"2024-04-12T13:31:17+00:00\",\"mainEntityOfPage\":{\"@id\":\"https:\\\/\\\/www.fatosefotosnews.com.br\\\/?p=82681\"},\"wordCount\":241,\"commentCount\":0,\"publisher\":{\"@id\":\"https:\\\/\\\/www.fatosefotosnews.com.br\\\/#organization\"},\"image\":{\"@id\":\"https:\\\/\\\/www.fatosefotosnews.com.br\\\/?p=82681#primaryimage\"},\"thumbnailUrl\":\"https:\\\/\\\/www.fatosefotosnews.com.br\\\/wp-content\\\/uploads\\\/2024\\\/04\\\/f83282e3a28ba8951c5d0cab0c4899f0.jpeg\",\"keywords\":[\"barriguinha\",\"exibe\",\"fonseca\",\"meses\",\"quatro\",\"virginia\"],\"articleSection\":[\"Entretenimento\"],\"inLanguage\":\"pt-BR\",\"potentialAction\":[{\"@type\":\"CommentAction\",\"name\":\"Comment\",\"target\":[\"https:\\\/\\\/www.fatosefotosnews.com.br\\\/?p=82681#respond\"]}]},{\"@type\":\"WebPage\",\"@id\":\"https:\\\/\\\/www.fatosefotosnews.com.br\\\/?p=82681\",\"url\":\"https:\\\/\\\/www.fatosefotosnews.com.br\\\/?p=82681\",\"name\":\"Virginia Fonseca exibe barriguinha de quatro meses: \u2018Quatro meses do Z\u00e9\u2019\",\"isPartOf\":{\"@id\":\"https:\\\/\\\/www.fatosefotosnews.com.br\\\/#website\"},\"primaryImageOfPage\":{\"@id\":\"https:\\\/\\\/www.fatosefotosnews.com.br\\\/?p=82681#primaryimage\"},\"image\":{\"@id\":\"https:\\\/\\\/www.fatosefotosnews.com.br\\\/?p=82681#primaryimage\"},\"thumbnailUrl\":\"https:\\\/\\\/www.fatosefotosnews.com.br\\\/wp-content\\\/uploads\\\/2024\\\/04\\\/f83282e3a28ba8951c5d0cab0c4899f0.jpeg\",\"datePublished\":\"2024-04-12T13:31:17+00:00\",\"description\":\"Virginia Fonseca exibe barriguinha de quatro meses: \u2018Quatro meses do Z\u00e9\u2019\",\"breadcrumb\":{\"@id\":\"https:\\\/\\\/www.fatosefotosnews.com.br\\\/?p=82681#breadcrumb\"},\"inLanguage\":\"pt-BR\",\"potentialAction\":[{\"@type\":\"ReadAction\",\"target\":[\"https:\\\/\\\/www.fatosefotosnews.com.br\\\/?p=82681\"]}]},{\"@type\":\"ImageObject\",\"inLanguage\":\"pt-BR\",\"@id\":\"https:\\\/\\\/www.fatosefotosnews.com.br\\\/?p=82681#primaryimage\",\"url\":\"https:\\\/\\\/www.fatosefotosnews.com.br\\\/wp-content\\\/uploads\\\/2024\\\/04\\\/f83282e3a28ba8951c5d0cab0c4899f0.jpeg\",\"contentUrl\":\"https:\\\/\\\/www.fatosefotosnews.com.br\\\/wp-content\\\/uploads\\\/2024\\\/04\\\/f83282e3a28ba8951c5d0cab0c4899f0.jpeg\",\"width\":1024,\"height\":576},{\"@type\":\"BreadcrumbList\",\"@id\":\"https:\\\/\\\/www.fatosefotosnews.com.br\\\/?p=82681#breadcrumb\",\"itemListElement\":[{\"@type\":\"ListItem\",\"position\":1,\"name\":\"In\u00edcio\",\"item\":\"https:\\\/\\\/www.fatosefotosnews.com.br\\\/\"},{\"@type\":\"ListItem\",\"position\":2,\"name\":\"Virginia Fonseca exibe barriguinha de quatro meses: \u2018Quatro meses do Z\u00e9\u2019\"}]},{\"@type\":\"WebSite\",\"@id\":\"https:\\\/\\\/www.fatosefotosnews.com.br\\\/#website\",\"url\":\"https:\\\/\\\/www.fatosefotosnews.com.br\\\/\",\"name\":\"Fatos e Fotos News\",\"description\":\"Um site de noticial verdadeira e confi\u00e1veis.\",\"publisher\":{\"@id\":\"https:\\\/\\\/www.fatosefotosnews.com.br\\\/#organization\"},\"potentialAction\":[{\"@type\":\"SearchAction\",\"target\":{\"@type\":\"EntryPoint\",\"urlTemplate\":\"https:\\\/\\\/www.fatosefotosnews.com.br\\\/?s={search_term_string}\"},\"query-input\":{\"@type\":\"PropertyValueSpecification\",\"valueRequired\":true,\"valueName\":\"search_term_string\"}}],\"inLanguage\":\"pt-BR\"},{\"@type\":\"Organization\",\"@id\":\"https:\\\/\\\/www.fatosefotosnews.com.br\\\/#organization\",\"name\":\"Fatos e Fotos News\",\"url\":\"https:\\\/\\\/www.fatosefotosnews.com.br\\\/\",\"logo\":{\"@type\":\"ImageObject\",\"inLanguage\":\"pt-BR\",\"@id\":\"https:\\\/\\\/www.fatosefotosnews.com.br\\\/#\\\/schema\\\/logo\\\/image\\\/\",\"url\":\"https:\\\/\\\/www.fatosefotosnews.com.br\\\/wp-content\\\/uploads\\\/2023\\\/02\\\/Fatos-e-Fotos-news-logo.png\",\"contentUrl\":\"https:\\\/\\\/www.fatosefotosnews.com.br\\\/wp-content\\\/uploads\\\/2023\\\/02\\\/Fatos-e-Fotos-news-logo.png\",\"width\":300,\"height\":58,\"caption\":\"Fatos e Fotos News\"},\"image\":{\"@id\":\"https:\\\/\\\/www.fatosefotosnews.com.br\\\/#\\\/schema\\\/logo\\\/image\\\/\"}},{\"@type\":\"Person\",\"@id\":\"https:\\\/\\\/www.fatosefotosnews.com.br\\\/#\\\/schema\\\/person\\\/3b80f81d08670fb1f6690e07eb8b5dc6\",\"name\":\"Da Reda\u00e7\u00e3o\",\"image\":{\"@type\":\"ImageObject\",\"inLanguage\":\"pt-BR\",\"@id\":\"https:\\\/\\\/secure.gravatar.com\\\/avatar\\\/696d39935a657bf0fc95044dbc9f912520430a0eb6dd46c85dd97eb6483b249b?s=96&d=mm&r=g\",\"url\":\"https:\\\/\\\/secure.gravatar.com\\\/avatar\\\/696d39935a657bf0fc95044dbc9f912520430a0eb6dd46c85dd97eb6483b249b?s=96&d=mm&r=g\",\"contentUrl\":\"https:\\\/\\\/secure.gravatar.com\\\/avatar\\\/696d39935a657bf0fc95044dbc9f912520430a0eb6dd46c85dd97eb6483b249b?s=96&d=mm&r=g\",\"caption\":\"Da Reda\u00e7\u00e3o\"},\"url\":\"https:\\\/\\\/www.fatosefotosnews.com.br\\\/?author=5\"}]}<\/script>\n<!-- \/ Yoast SEO plugin. -->","yoast_head_json":{"title":"Virginia Fonseca exibe barriguinha de quatro meses: \u2018Quatro meses do Z\u00e9\u2019","description":"Virginia Fonseca exibe barriguinha de quatro meses: \u2018Quatro meses do Z\u00e9\u2019","robots":{"index":"index","follow":"follow","max-snippet":"max-snippet:-1","max-image-preview":"max-image-preview:large","max-video-preview":"max-video-preview:-1"},"canonical":"https:\/\/www.fatosefotosnews.com.br\/?p=82681","og_locale":"pt_BR","og_type":"article","og_title":"Virginia Fonseca exibe barriguinha de quatro meses: \u2018Quatro meses do Z\u00e9\u2019","og_description":"Virginia Fonseca exibe barriguinha de quatro meses: \u2018Quatro meses do Z\u00e9\u2019","og_url":"https:\/\/www.fatosefotosnews.com.br\/?p=82681","og_site_name":"Fatos e Fotos News","article_published_time":"2024-04-12T13:31:17+00:00","og_image":[{"width":1024,"height":576,"url":"https:\/\/www.fatosefotosnews.com.br\/wp-content\/uploads\/2024\/04\/f83282e3a28ba8951c5d0cab0c4899f0.jpeg","type":"image\/jpeg"}],"author":"Da Reda\u00e7\u00e3o","twitter_card":"summary_large_image","twitter_misc":{"Escrito por":"Da Reda\u00e7\u00e3o","Est. tempo de leitura":"99 minutos"},"schema":{"@context":"https:\/\/schema.org","@graph":[{"@type":"Article","@id":"https:\/\/www.fatosefotosnews.com.br\/?p=82681#article","isPartOf":{"@id":"https:\/\/www.fatosefotosnews.com.br\/?p=82681"},"author":{"name":"Da Reda\u00e7\u00e3o","@id":"https:\/\/www.fatosefotosnews.com.br\/#\/schema\/person\/3b80f81d08670fb1f6690e07eb8b5dc6"},"headline":"Virginia Fonseca exibe barriguinha de quatro meses: \u2018Quatro meses do Z\u00e9\u2019","datePublished":"2024-04-12T13:31:17+00:00","mainEntityOfPage":{"@id":"https:\/\/www.fatosefotosnews.com.br\/?p=82681"},"wordCount":241,"commentCount":0,"publisher":{"@id":"https:\/\/www.fatosefotosnews.com.br\/#organization"},"image":{"@id":"https:\/\/www.fatosefotosnews.com.br\/?p=82681#primaryimage"},"thumbnailUrl":"https:\/\/www.fatosefotosnews.com.br\/wp-content\/uploads\/2024\/04\/f83282e3a28ba8951c5d0cab0c4899f0.jpeg","keywords":["barriguinha","exibe","fonseca","meses","quatro","virginia"],"articleSection":["Entretenimento"],"inLanguage":"pt-BR","potentialAction":[{"@type":"CommentAction","name":"Comment","target":["https:\/\/www.fatosefotosnews.com.br\/?p=82681#respond"]}]},{"@type":"WebPage","@id":"https:\/\/www.fatosefotosnews.com.br\/?p=82681","url":"https:\/\/www.fatosefotosnews.com.br\/?p=82681","name":"Virginia Fonseca exibe barriguinha de quatro meses: \u2018Quatro meses do Z\u00e9\u2019","isPartOf":{"@id":"https:\/\/www.fatosefotosnews.com.br\/#website"},"primaryImageOfPage":{"@id":"https:\/\/www.fatosefotosnews.com.br\/?p=82681#primaryimage"},"image":{"@id":"https:\/\/www.fatosefotosnews.com.br\/?p=82681#primaryimage"},"thumbnailUrl":"https:\/\/www.fatosefotosnews.com.br\/wp-content\/uploads\/2024\/04\/f83282e3a28ba8951c5d0cab0c4899f0.jpeg","datePublished":"2024-04-12T13:31:17+00:00","description":"Virginia Fonseca exibe barriguinha de quatro meses: \u2018Quatro meses do Z\u00e9\u2019","breadcrumb":{"@id":"https:\/\/www.fatosefotosnews.com.br\/?p=82681#breadcrumb"},"inLanguage":"pt-BR","potentialAction":[{"@type":"ReadAction","target":["https:\/\/www.fatosefotosnews.com.br\/?p=82681"]}]},{"@type":"ImageObject","inLanguage":"pt-BR","@id":"https:\/\/www.fatosefotosnews.com.br\/?p=82681#primaryimage","url":"https:\/\/www.fatosefotosnews.com.br\/wp-content\/uploads\/2024\/04\/f83282e3a28ba8951c5d0cab0c4899f0.jpeg","contentUrl":"https:\/\/www.fatosefotosnews.com.br\/wp-content\/uploads\/2024\/04\/f83282e3a28ba8951c5d0cab0c4899f0.jpeg","width":1024,"height":576},{"@type":"BreadcrumbList","@id":"https:\/\/www.fatosefotosnews.com.br\/?p=82681#breadcrumb","itemListElement":[{"@type":"ListItem","position":1,"name":"In\u00edcio","item":"https:\/\/www.fatosefotosnews.com.br\/"},{"@type":"ListItem","position":2,"name":"Virginia Fonseca exibe barriguinha de quatro meses: \u2018Quatro meses do Z\u00e9\u2019"}]},{"@type":"WebSite","@id":"https:\/\/www.fatosefotosnews.com.br\/#website","url":"https:\/\/www.fatosefotosnews.com.br\/","name":"Fatos e Fotos News","description":"Um site de noticial verdadeira e confi\u00e1veis.","publisher":{"@id":"https:\/\/www.fatosefotosnews.com.br\/#organization"},"potentialAction":[{"@type":"SearchAction","target":{"@type":"EntryPoint","urlTemplate":"https:\/\/www.fatosefotosnews.com.br\/?s={search_term_string}"},"query-input":{"@type":"PropertyValueSpecification","valueRequired":true,"valueName":"search_term_string"}}],"inLanguage":"pt-BR"},{"@type":"Organization","@id":"https:\/\/www.fatosefotosnews.com.br\/#organization","name":"Fatos e Fotos News","url":"https:\/\/www.fatosefotosnews.com.br\/","logo":{"@type":"ImageObject","inLanguage":"pt-BR","@id":"https:\/\/www.fatosefotosnews.com.br\/#\/schema\/logo\/image\/","url":"https:\/\/www.fatosefotosnews.com.br\/wp-content\/uploads\/2023\/02\/Fatos-e-Fotos-news-logo.png","contentUrl":"https:\/\/www.fatosefotosnews.com.br\/wp-content\/uploads\/2023\/02\/Fatos-e-Fotos-news-logo.png","width":300,"height":58,"caption":"Fatos e Fotos News"},"image":{"@id":"https:\/\/www.fatosefotosnews.com.br\/#\/schema\/logo\/image\/"}},{"@type":"Person","@id":"https:\/\/www.fatosefotosnews.com.br\/#\/schema\/person\/3b80f81d08670fb1f6690e07eb8b5dc6","name":"Da Reda\u00e7\u00e3o","image":{"@type":"ImageObject","inLanguage":"pt-BR","@id":"https:\/\/secure.gravatar.com\/avatar\/696d39935a657bf0fc95044dbc9f912520430a0eb6dd46c85dd97eb6483b249b?s=96&d=mm&r=g","url":"https:\/\/secure.gravatar.com\/avatar\/696d39935a657bf0fc95044dbc9f912520430a0eb6dd46c85dd97eb6483b249b?s=96&d=mm&r=g","contentUrl":"https:\/\/secure.gravatar.com\/avatar\/696d39935a657bf0fc95044dbc9f912520430a0eb6dd46c85dd97eb6483b249b?s=96&d=mm&r=g","caption":"Da Reda\u00e7\u00e3o"},"url":"https:\/\/www.fatosefotosnews.com.br\/?author=5"}]}},"jetpack_publicize_connections":[],"blog_post_layout_featured_media_urls":{"thumbnail":["https:\/\/www.fatosefotosnews.com.br\/wp-content\/uploads\/2024\/04\/f83282e3a28ba8951c5d0cab0c4899f0-150x150.jpeg",150,150,true],"full":["https:\/\/www.fatosefotosnews.com.br\/wp-content\/uploads\/2024\/04\/f83282e3a28ba8951c5d0cab0c4899f0.jpeg",1024,576,false]},"categories_names":{"3":{"name":"Entretenimento","link":"https:\/\/www.fatosefotosnews.com.br\/?cat=3"}},"tags_names":{"11466":{"name":"barriguinha","link":"https:\/\/www.fatosefotosnews.com.br\/?tag=barriguinha"},"675":{"name":"exibe","link":"https:\/\/www.fatosefotosnews.com.br\/?tag=exibe"},"1333":{"name":"fonseca","link":"https:\/\/www.fatosefotosnews.com.br\/?tag=fonseca"},"2674":{"name":"meses","link":"https:\/\/www.fatosefotosnews.com.br\/?tag=meses"},"1586":{"name":"quatro","link":"https:\/\/www.fatosefotosnews.com.br\/?tag=quatro"},"1332":{"name":"virginia","link":"https:\/\/www.fatosefotosnews.com.br\/?tag=virginia"}},"comments_number":"0","wpmagazine_modules_lite_featured_media_urls":{"thumbnail":["https:\/\/www.fatosefotosnews.com.br\/wp-content\/uploads\/2024\/04\/f83282e3a28ba8951c5d0cab0c4899f0-150x150.jpeg",150,150,true],"cvmm-medium":["https:\/\/www.fatosefotosnews.com.br\/wp-content\/uploads\/2024\/04\/f83282e3a28ba8951c5d0cab0c4899f0-300x300.jpeg",300,300,true],"cvmm-medium-plus":["https:\/\/www.fatosefotosnews.com.br\/wp-content\/uploads\/2024\/04\/f83282e3a28ba8951c5d0cab0c4899f0-305x207.jpeg",305,207,true],"cvmm-portrait":["https:\/\/www.fatosefotosnews.com.br\/wp-content\/uploads\/2024\/04\/f83282e3a28ba8951c5d0cab0c4899f0-400x576.jpeg",400,576,true],"cvmm-medium-square":["https:\/\/www.fatosefotosnews.com.br\/wp-content\/uploads\/2024\/04\/f83282e3a28ba8951c5d0cab0c4899f0-600x576.jpeg",600,576,true],"cvmm-large":["https:\/\/www.fatosefotosnews.com.br\/wp-content\/uploads\/2024\/04\/f83282e3a28ba8951c5d0cab0c4899f0.jpeg",1024,576,false],"cvmm-small":["https:\/\/www.fatosefotosnews.com.br\/wp-content\/uploads\/2024\/04\/f83282e3a28ba8951c5d0cab0c4899f0-130x95.jpeg",130,95,true],"full":["https:\/\/www.fatosefotosnews.com.br\/wp-content\/uploads\/2024\/04\/f83282e3a28ba8951c5d0cab0c4899f0.jpeg",1024,576,false]},"_links":{"self":[{"href":"https:\/\/www.fatosefotosnews.com.br\/index.php?rest_route=\/wp\/v2\/posts\/82681","targetHints":{"allow":["GET"]}}],"collection":[{"href":"https:\/\/www.fatosefotosnews.com.br\/index.php?rest_route=\/wp\/v2\/posts"}],"about":[{"href":"https:\/\/www.fatosefotosnews.com.br\/index.php?rest_route=\/wp\/v2\/types\/post"}],"author":[{"embeddable":true,"href":"https:\/\/www.fatosefotosnews.com.br\/index.php?rest_route=\/wp\/v2\/users\/5"}],"replies":[{"embeddable":true,"href":"https:\/\/www.fatosefotosnews.com.br\/index.php?rest_route=%2Fwp%2Fv2%2Fcomments&post=82681"}],"version-history":[{"count":0,"href":"https:\/\/www.fatosefotosnews.com.br\/index.php?rest_route=\/wp\/v2\/posts\/82681\/revisions"}],"wp:featuredmedia":[{"embeddable":true,"href":"https:\/\/www.fatosefotosnews.com.br\/index.php?rest_route=\/wp\/v2\/media\/82682"}],"wp:attachment":[{"href":"https:\/\/www.fatosefotosnews.com.br\/index.php?rest_route=%2Fwp%2Fv2%2Fmedia&parent=82681"}],"wp:term":[{"taxonomy":"category","embeddable":true,"href":"https:\/\/www.fatosefotosnews.com.br\/index.php?rest_route=%2Fwp%2Fv2%2Fcategories&post=82681"},{"taxonomy":"post_tag","embeddable":true,"href":"https:\/\/www.fatosefotosnews.com.br\/index.php?rest_route=%2Fwp%2Fv2%2Ftags&post=82681"}],"curies":[{"name":"wp","href":"https:\/\/api.w.org\/{rel}","templated":true}]}}