{"id":83530,"date":"2024-04-18T15:39:20","date_gmt":"2024-04-18T18:39:20","guid":{"rendered":"https:\/\/www.fatosefotosnews.com.br\/sistema-de-alerta-de-alagamentos-e-deslizamentos-sera-lancado-ate-maio\/"},"modified":"2024-04-18T15:39:20","modified_gmt":"2024-04-18T18:39:20","slug":"sistema-de-alerta-de-alagamentos-e-deslizamentos-sera-lancado-ate-maio","status":"publish","type":"post","link":"https:\/\/www.fatosefotosnews.com.br\/?p=83530","title":{"rendered":"Sistema de alerta de alagamentos e deslizamentos ser\u00e1 lan\u00e7ado at\u00e9 maio"},"content":{"rendered":"<p>Um sistema de alerta, via mensagens de celular, que ajudar\u00e1 a popula\u00e7\u00e3o em situa\u00e7\u00f5es de desastres naturais, como alagamentos e deslizamentos decorrentes de chuvas intensas, dever\u00e1 ser colocado em pr\u00e1tica pelo governo federal at\u00e9 o fim de maio.<img decoding=\"async\" src=\"https:\/\/agenciabrasil.ebc.com.br\/ebc.png?id=1591009&#038;o=node\" style=\"width:1px;height:1px\"><img decoding=\"async\" src=\"https:\/\/agenciabrasil.ebc.com.br\/ebc.gif?id=1591009&#038;o=node\" style=\"width:1px;height:1px\"><\/p>\n<p>Por meio do Plano Nacional de Prote\u00e7\u00e3o e Defesa Civil, a ideia \u00e9 aumentar a sinergia entre os entes federados, bem como organizar e definir planos de conting\u00eancia mais eficientes para informar a popula\u00e7\u00e3o sobre ocorr\u00eancias desse tipo. Por meio desses canais de comunica\u00e7\u00e3o, as pessoas v\u00e3o saber o que fazer e para onde ir, nessas situa\u00e7\u00f5es emergenciais.<\/p>\n<p>O tema foi abordado pelo ministro da Integra\u00e7\u00e3o e do Desenvolvimento Regional, Waldez G\u00f3es, durante o programa Bom Dia, Ministro, veiculado pelo <strong>Canal Gov<\/strong>, da <strong>Empresa Brasil de Comunica\u00e7\u00e3o (EBC)<\/strong>.<\/p>\n<p>Segundo Goes, faz parte dos objetivos do plano organizar e dar maior rapidez \u00e0s respostas para situa\u00e7\u00f5es de falta ou excesso de \u00e1gua. \u201cPara tanto, vamos organizar melhor a sinergia entre governos federal, estadual e municipal\u201d, disse o ministro ao destacar que o plano prev\u00ea uma s\u00e9rie de treinamentos e capacita\u00e7\u00f5es das defesas civis para estabelecer um \u201csistema de mensagem que vai direto ao celular\u201d, melhorando o tempo de resposta de autoridades e da popula\u00e7\u00e3o.<\/p>\n<h2>Nova cultura<\/h2>\n<p>\u201cPrecisamos ter organiza\u00e7\u00e3o e plano de conting\u00eancia, para as pessoas saberem o que fazer e para onde ir [nessas situa\u00e7\u00f5es extremas]. O Brasil n\u00e3o tem uma cultura de planos de conting\u00eancia, nem a experi\u00eancia de viver eventos extremos [como outros pa\u00edses]. E isso \u00e9 algo, hoje, muito recorrente, devido aos eventos extremos\u201d, disse o ministro.<\/p>\n<p>Waldez G\u00f3es explica que a ideia \u00e9 gerar uma nova cultura, onde as pessoas possam, com a ajuda de sistemas de alerta e planos de conting\u00eancia, ter acesso a previs\u00f5es de incid\u00eancias chuvas intensas, bem como sobre os riscos de deslizamentos e alagamentos que, por ventura, possam ocorrer. \u201cIsso pode acontecer muito r\u00e1pido. \u00c0s vezes, em menos de seis horas\u201d, complementou.<\/p>\n<p>\u201cN\u00f3s vamos come\u00e7ar [a implementar o programa de alerta] at\u00e9 final do pr\u00f3ximo m\u00eas [maio]. Est\u00e1 tudo pronto nos minist\u00e9rios de Integra\u00e7\u00e3o e Desenvolvimento Regional; das Comunica\u00e7\u00f5es; da Secretaria de Comunica\u00e7\u00e3o do governo; e na Anatel\u201d, adiantou o ministro.<\/p>\n<h2>Transposi\u00e7\u00e3o do S\u00e3o Francisco<\/h2>\n<p>Segundo Waldez G\u00f3es, o governo federal pretende, nos pr\u00f3ximos anos, aumentar o bombeamento das \u00e1guas que abastecem a transposi\u00e7\u00e3o do Rio S\u00e3o Francisco. \u201cTemos de aumentar o bombeamento e a capta\u00e7\u00e3o para os canais de distribui\u00e7\u00e3o, para que essa \u00e1gua chegue a mais pessoas\u201d, informou.<\/p>\n<p>Ele lembrou que os presidentes Lula e Dilma s\u00e3o respons\u00e1veis por quase 100% de todas as obras de transposi\u00e7\u00e3o de S\u00e3o Francisco. \u201cEssas obras est\u00e3o prontas e \u00e9 bom que a gente sempre diga isso\u201d, acrescentou em meio a coment\u00e1rios sobre os preju\u00edzos que t\u00eam sido causados pela divulga\u00e7\u00e3o de not\u00edcias falsas (<em>fakenews<\/em>) relacionadas a este empreendimento.<\/p>\n<div class=\"dnd-widget-wrapper context-grande_6colunas type-image atom-align-right\">\n<div class=\"dnd-atom-rendered\"><!-- scald=271030:grande_6colunas {\"additionalClasses\":\"\"} --><\/p>\n<div class=\"shadow overflow-hidden rounded-lg d-block w-100\">             <img data-echo=\"https:\/\/imagens.ebc.com.br\/4X3OPz8Dq10YyfErqn17puGNydc=\/463x0\/smart\/https:\/\/agenciabrasil.ebc.com.br\/sites\/default\/files\/thumbnails\/image\/51614987951_fd81a0ace3_o.jpg?itok=gvpClkr6\" alt=\"(S\u00e3o Jos\u00e9 de Piranhas - PB, 21\/10\/2021) Cerim\u00f4nia de inaugura\u00e7\u00e3o da obra do trecho final do Eixo Norte do Projeto de Integra\u00e7\u00e3o do Rio S\u00e3o Francisco.  Foto: Isac N\u00f3brega\/PR\" title=\"Isac N\u00f3brega\/PR\" class=\"flex-fill img-cover\">         <img decoding=\"async\" src=\"https:\/\/imagens.ebc.com.br\/4X3OPz8Dq10YyfErqn17puGNydc=\/463x0\/smart\/https:\/\/agenciabrasil.ebc.com.br\/sites\/default\/files\/thumbnails\/image\/51614987951_fd81a0ace3_o.jpg?itok=gvpClkr6\" alt=\"(S\u00e3o Jos\u00e9 de Piranhas - PB, 21\/10\/2021) Cerim\u00f4nia de inaugura\u00e7\u00e3o da obra do trecho final do Eixo Norte do Projeto de Integra\u00e7\u00e3o do Rio S\u00e3o Francisco.  Foto: Isac N\u00f3brega\/PR\" title=\"Isac N\u00f3brega\/PR\" class=\"flex-fill img-cover\">     <\/div>\n<p>  <!-- END scald=271030 --><\/div>\n<div class=\"dnd-caption-wrapper\">\n<div class=\"meta\"><!--copyright=271030-->S\u00e3o Jos\u00e9 de Piranhas, na Para\u00edba. Obras da Transposi\u00e7\u00e3o Rio S\u00e3o Francisco\/Eixo Norte. Foto: <strong>Isac N\u00f3brega\/PR<\/strong><!--END copyright=271030--> <\/div>\n<\/p>\n<\/div>\n<\/div>\n<p>\u201cEst\u00e3o pegando imagens de obras como a do Cintur\u00e3o das \u00c1guas, no Cear\u00e1, que ainda n\u00e3o foi abastecido de \u00e1gua, e imagens de outro canal cheio de \u00e1gua e dizem que a \u00e1gua que ali estava n\u00e3o est\u00e1 mais\u201d, afirmou.<\/p>\n<p>\u201cIsso \u00e9 um desservi\u00e7o \u00e0 popula\u00e7\u00e3o, para atacar o governo respons\u00e1vel pela pol\u00edtica p\u00fablica\u201d, acrescentou ao convocar moradores locais a gravarem e divulgarem v\u00eddeos mostrando a real situa\u00e7\u00e3o das obras de transposi\u00e7\u00e3o.<\/p>\n<p>O ministro atualizou a situa\u00e7\u00e3o das obras ainda em andamento. Segundo ele, a transposi\u00e7\u00e3o est\u00e1 conclu\u00edda. \u201cFalta apenas aumentar o bombeamento no Eixo Leste. Mas j\u00e1 temos 50% dele instalado. Com a modelagem que estamos fazendo com o BNDES [Banco Nacional de Desenvolvimento Econ\u00f4mico e Social], vamos dobrar esse bombeamento e fechar em 100%\u201d, disse.<\/p>\n<p>\u201cE no Eixo Norte tem 25% [instalado]. S\u00e3o quatro conjuntos de bombas e falta instalar mais tr\u00eas. Um vai pelo PAC, diretamente pelo minist\u00e9rio, e os outros dois v\u00e3o na modelagem que a gente est\u00e1 fazendo de gest\u00e3o com o BNDES\u201d, acrescentou. O Eixo Norte leva \u00e1gua do S\u00e3o Francisco para cidades de Pernambuco, do Cear\u00e1, da Para\u00edba e do Rio Grande do Norte.<\/p>\n<p id=\"infocoweb_fonte\" class=\"infocoweb_fonte\">Fonte: <a target=\"_blank\" href=\"https:\/\/agenciabrasil.ebc.com.br\/geral\/noticia\/2024-04\/sistema-de-alerta-de-alagamentos-e-deslizamentos-sera-lancado-ate-maio#b740e4fd-1526-4332-8718-0c4511a56a8c\" rel=\"noopener\">EBC GERAL<\/a><\/p>\n","protected":false},"excerpt":{"rendered":"<p>Um sistema de alerta, via mensagens de celular, que ajudar\u00e1 a popula\u00e7\u00e3o em situa\u00e7\u00f5es de desastres naturais, como alagamentos e deslizamentos decorrentes de chuvas intensas, dever\u00e1 ser colocado em pr\u00e1tica pelo governo federal at\u00e9 o fim de maio. Por meio do Plano Nacional de Prote\u00e7\u00e3o e Defesa Civil, a ideia \u00e9 aumentar a sinergia entre [&hellip;]<\/p>\n","protected":false},"author":5,"featured_media":83531,"comment_status":"open","ping_status":"open","sticky":false,"template":"","format":"standard","meta":{"_acf_changed":false,"_angie_page":false,"_monsterinsights_skip_tracking":false,"_themeisle_gutenberg_block_has_review":false,"page_builder":"","footnotes":"","jetpack_publicize_message":"","jetpack_publicize_feature_enabled":true,"jetpack_social_post_already_shared":false,"jetpack_social_options":{"image_generator_settings":{"template":"highway","default_image_id":0,"font":"","enabled":false},"version":2}},"categories":[167],"tags":[974,470,1702,1710],"class_list":["post-83530","post","type-post","status-publish","format-standard","has-post-thumbnail","hentry","category-geral","tag-alagamentos","tag-alerta","tag-deslizamentos","tag-sistema"],"acf":[],"nelio_content":{"autoShareEndMode":"never","automationSources":{"useCustomSentences":false,"customSentences":[]},"efiAlt":"","efiUrl":"","followers":[5],"highlights":[],"isAutoShareEnabled":true,"networkImageIds":[],"permalinkQueryArgs":[],"series":[],"suggestedReferences":[]},"yoast_head":"<!-- This site is optimized with the Yoast SEO plugin v28.3 - https:\/\/yoast.com\/product\/yoast-seo-wordpress\/ -->\n<title>Sistema de alerta de alagamentos e deslizamentos ser\u00e1 lan\u00e7ado at\u00e9 maio<\/title>\n<meta name=\"description\" content=\"Sistema de alerta de alagamentos e deslizamentos ser\u00e1 lan\u00e7ado at\u00e9 maio\" \/>\n<meta name=\"robots\" content=\"index, follow, max-snippet:-1, max-image-preview:large, max-video-preview:-1\" \/>\n<link rel=\"canonical\" href=\"https:\/\/www.fatosefotosnews.com.br\/?p=83530\" \/>\n<meta property=\"og:locale\" content=\"pt_BR\" \/>\n<meta property=\"og:type\" content=\"article\" \/>\n<meta property=\"og:title\" content=\"Sistema de alerta de alagamentos e deslizamentos ser\u00e1 lan\u00e7ado at\u00e9 maio\" \/>\n<meta property=\"og:description\" content=\"Sistema de alerta de alagamentos e deslizamentos ser\u00e1 lan\u00e7ado at\u00e9 maio\" \/>\n<meta property=\"og:url\" content=\"https:\/\/www.fatosefotosnews.com.br\/?p=83530\" \/>\n<meta property=\"og:site_name\" content=\"Fatos e Fotos News\" \/>\n<meta property=\"article:published_time\" content=\"2024-04-18T18:39:20+00:00\" \/>\n<meta property=\"og:image\" content=\"https:\/\/www.fatosefotosnews.com.br\/wp-content\/uploads\/2024\/04\/150556425eccfd85b33be3befb816ea9.jpeg\" \/>\n\t<meta property=\"og:image:width\" content=\"1024\" \/>\n\t<meta property=\"og:image:height\" content=\"512\" \/>\n\t<meta property=\"og:image:type\" content=\"image\/jpeg\" \/>\n<meta name=\"author\" content=\"Da Reda\u00e7\u00e3o\" \/>\n<meta name=\"twitter:card\" content=\"summary_large_image\" \/>\n<meta name=\"twitter:label1\" content=\"Escrito por\" \/>\n\t<meta name=\"twitter:data1\" content=\"Da Reda\u00e7\u00e3o\" \/>\n\t<meta name=\"twitter:label2\" content=\"Est. tempo de leitura\" \/>\n\t<meta name=\"twitter:data2\" content=\"99 minutos\" \/>\n<script type=\"application\/ld+json\" class=\"yoast-schema-graph\">{\"@context\":\"https:\\\/\\\/schema.org\",\"@graph\":[{\"@type\":\"Article\",\"@id\":\"https:\\\/\\\/www.fatosefotosnews.com.br\\\/?p=83530#article\",\"isPartOf\":{\"@id\":\"https:\\\/\\\/www.fatosefotosnews.com.br\\\/?p=83530\"},\"author\":{\"name\":\"Da Reda\u00e7\u00e3o\",\"@id\":\"https:\\\/\\\/www.fatosefotosnews.com.br\\\/#\\\/schema\\\/person\\\/3b80f81d08670fb1f6690e07eb8b5dc6\"},\"headline\":\"Sistema de alerta de alagamentos e deslizamentos ser\u00e1 lan\u00e7ado at\u00e9 maio\",\"datePublished\":\"2024-04-18T18:39:20+00:00\",\"mainEntityOfPage\":{\"@id\":\"https:\\\/\\\/www.fatosefotosnews.com.br\\\/?p=83530\"},\"wordCount\":761,\"commentCount\":0,\"publisher\":{\"@id\":\"https:\\\/\\\/www.fatosefotosnews.com.br\\\/#organization\"},\"image\":{\"@id\":\"https:\\\/\\\/www.fatosefotosnews.com.br\\\/?p=83530#primaryimage\"},\"thumbnailUrl\":\"https:\\\/\\\/www.fatosefotosnews.com.br\\\/wp-content\\\/uploads\\\/2024\\\/04\\\/150556425eccfd85b33be3befb816ea9.jpeg\",\"keywords\":[\"alagamentos\",\"alerta\",\"deslizamentos\",\"sistema\"],\"articleSection\":[\"Geral\"],\"inLanguage\":\"pt-BR\",\"potentialAction\":[{\"@type\":\"CommentAction\",\"name\":\"Comment\",\"target\":[\"https:\\\/\\\/www.fatosefotosnews.com.br\\\/?p=83530#respond\"]}]},{\"@type\":\"WebPage\",\"@id\":\"https:\\\/\\\/www.fatosefotosnews.com.br\\\/?p=83530\",\"url\":\"https:\\\/\\\/www.fatosefotosnews.com.br\\\/?p=83530\",\"name\":\"Sistema de alerta de alagamentos e deslizamentos ser\u00e1 lan\u00e7ado at\u00e9 maio\",\"isPartOf\":{\"@id\":\"https:\\\/\\\/www.fatosefotosnews.com.br\\\/#website\"},\"primaryImageOfPage\":{\"@id\":\"https:\\\/\\\/www.fatosefotosnews.com.br\\\/?p=83530#primaryimage\"},\"image\":{\"@id\":\"https:\\\/\\\/www.fatosefotosnews.com.br\\\/?p=83530#primaryimage\"},\"thumbnailUrl\":\"https:\\\/\\\/www.fatosefotosnews.com.br\\\/wp-content\\\/uploads\\\/2024\\\/04\\\/150556425eccfd85b33be3befb816ea9.jpeg\",\"datePublished\":\"2024-04-18T18:39:20+00:00\",\"description\":\"Sistema de alerta de alagamentos e deslizamentos ser\u00e1 lan\u00e7ado at\u00e9 maio\",\"breadcrumb\":{\"@id\":\"https:\\\/\\\/www.fatosefotosnews.com.br\\\/?p=83530#breadcrumb\"},\"inLanguage\":\"pt-BR\",\"potentialAction\":[{\"@type\":\"ReadAction\",\"target\":[\"https:\\\/\\\/www.fatosefotosnews.com.br\\\/?p=83530\"]}]},{\"@type\":\"ImageObject\",\"inLanguage\":\"pt-BR\",\"@id\":\"https:\\\/\\\/www.fatosefotosnews.com.br\\\/?p=83530#primaryimage\",\"url\":\"https:\\\/\\\/www.fatosefotosnews.com.br\\\/wp-content\\\/uploads\\\/2024\\\/04\\\/150556425eccfd85b33be3befb816ea9.jpeg\",\"contentUrl\":\"https:\\\/\\\/www.fatosefotosnews.com.br\\\/wp-content\\\/uploads\\\/2024\\\/04\\\/150556425eccfd85b33be3befb816ea9.jpeg\",\"width\":1024,\"height\":512,\"caption\":\"\u00a9 Marcelo Camargo\\\/Ag\u00eancia\"},{\"@type\":\"BreadcrumbList\",\"@id\":\"https:\\\/\\\/www.fatosefotosnews.com.br\\\/?p=83530#breadcrumb\",\"itemListElement\":[{\"@type\":\"ListItem\",\"position\":1,\"name\":\"In\u00edcio\",\"item\":\"https:\\\/\\\/www.fatosefotosnews.com.br\\\/\"},{\"@type\":\"ListItem\",\"position\":2,\"name\":\"Sistema de alerta de alagamentos e deslizamentos ser\u00e1 lan\u00e7ado at\u00e9 maio\"}]},{\"@type\":\"WebSite\",\"@id\":\"https:\\\/\\\/www.fatosefotosnews.com.br\\\/#website\",\"url\":\"https:\\\/\\\/www.fatosefotosnews.com.br\\\/\",\"name\":\"Fatos e Fotos News\",\"description\":\"Um site de noticial verdadeira e confi\u00e1veis.\",\"publisher\":{\"@id\":\"https:\\\/\\\/www.fatosefotosnews.com.br\\\/#organization\"},\"potentialAction\":[{\"@type\":\"SearchAction\",\"target\":{\"@type\":\"EntryPoint\",\"urlTemplate\":\"https:\\\/\\\/www.fatosefotosnews.com.br\\\/?s={search_term_string}\"},\"query-input\":{\"@type\":\"PropertyValueSpecification\",\"valueRequired\":true,\"valueName\":\"search_term_string\"}}],\"inLanguage\":\"pt-BR\"},{\"@type\":\"Organization\",\"@id\":\"https:\\\/\\\/www.fatosefotosnews.com.br\\\/#organization\",\"name\":\"Fatos e Fotos News\",\"url\":\"https:\\\/\\\/www.fatosefotosnews.com.br\\\/\",\"logo\":{\"@type\":\"ImageObject\",\"inLanguage\":\"pt-BR\",\"@id\":\"https:\\\/\\\/www.fatosefotosnews.com.br\\\/#\\\/schema\\\/logo\\\/image\\\/\",\"url\":\"https:\\\/\\\/www.fatosefotosnews.com.br\\\/wp-content\\\/uploads\\\/2023\\\/02\\\/Fatos-e-Fotos-news-logo.png\",\"contentUrl\":\"https:\\\/\\\/www.fatosefotosnews.com.br\\\/wp-content\\\/uploads\\\/2023\\\/02\\\/Fatos-e-Fotos-news-logo.png\",\"width\":300,\"height\":58,\"caption\":\"Fatos e Fotos News\"},\"image\":{\"@id\":\"https:\\\/\\\/www.fatosefotosnews.com.br\\\/#\\\/schema\\\/logo\\\/image\\\/\"}},{\"@type\":\"Person\",\"@id\":\"https:\\\/\\\/www.fatosefotosnews.com.br\\\/#\\\/schema\\\/person\\\/3b80f81d08670fb1f6690e07eb8b5dc6\",\"name\":\"Da Reda\u00e7\u00e3o\",\"image\":{\"@type\":\"ImageObject\",\"inLanguage\":\"pt-BR\",\"@id\":\"https:\\\/\\\/secure.gravatar.com\\\/avatar\\\/696d39935a657bf0fc95044dbc9f912520430a0eb6dd46c85dd97eb6483b249b?s=96&d=mm&r=g\",\"url\":\"https:\\\/\\\/secure.gravatar.com\\\/avatar\\\/696d39935a657bf0fc95044dbc9f912520430a0eb6dd46c85dd97eb6483b249b?s=96&d=mm&r=g\",\"contentUrl\":\"https:\\\/\\\/secure.gravatar.com\\\/avatar\\\/696d39935a657bf0fc95044dbc9f912520430a0eb6dd46c85dd97eb6483b249b?s=96&d=mm&r=g\",\"caption\":\"Da Reda\u00e7\u00e3o\"},\"url\":\"https:\\\/\\\/www.fatosefotosnews.com.br\\\/?author=5\"}]}<\/script>\n<!-- \/ Yoast SEO plugin. -->","yoast_head_json":{"title":"Sistema de alerta de alagamentos e deslizamentos ser\u00e1 lan\u00e7ado at\u00e9 maio","description":"Sistema de alerta de alagamentos e deslizamentos ser\u00e1 lan\u00e7ado at\u00e9 maio","robots":{"index":"index","follow":"follow","max-snippet":"max-snippet:-1","max-image-preview":"max-image-preview:large","max-video-preview":"max-video-preview:-1"},"canonical":"https:\/\/www.fatosefotosnews.com.br\/?p=83530","og_locale":"pt_BR","og_type":"article","og_title":"Sistema de alerta de alagamentos e deslizamentos ser\u00e1 lan\u00e7ado at\u00e9 maio","og_description":"Sistema de alerta de alagamentos e deslizamentos ser\u00e1 lan\u00e7ado at\u00e9 maio","og_url":"https:\/\/www.fatosefotosnews.com.br\/?p=83530","og_site_name":"Fatos e Fotos News","article_published_time":"2024-04-18T18:39:20+00:00","og_image":[{"width":1024,"height":512,"url":"https:\/\/www.fatosefotosnews.com.br\/wp-content\/uploads\/2024\/04\/150556425eccfd85b33be3befb816ea9.jpeg","type":"image\/jpeg"}],"author":"Da Reda\u00e7\u00e3o","twitter_card":"summary_large_image","twitter_misc":{"Escrito por":"Da Reda\u00e7\u00e3o","Est. tempo de leitura":"99 minutos"},"schema":{"@context":"https:\/\/schema.org","@graph":[{"@type":"Article","@id":"https:\/\/www.fatosefotosnews.com.br\/?p=83530#article","isPartOf":{"@id":"https:\/\/www.fatosefotosnews.com.br\/?p=83530"},"author":{"name":"Da Reda\u00e7\u00e3o","@id":"https:\/\/www.fatosefotosnews.com.br\/#\/schema\/person\/3b80f81d08670fb1f6690e07eb8b5dc6"},"headline":"Sistema de alerta de alagamentos e deslizamentos ser\u00e1 lan\u00e7ado at\u00e9 maio","datePublished":"2024-04-18T18:39:20+00:00","mainEntityOfPage":{"@id":"https:\/\/www.fatosefotosnews.com.br\/?p=83530"},"wordCount":761,"commentCount":0,"publisher":{"@id":"https:\/\/www.fatosefotosnews.com.br\/#organization"},"image":{"@id":"https:\/\/www.fatosefotosnews.com.br\/?p=83530#primaryimage"},"thumbnailUrl":"https:\/\/www.fatosefotosnews.com.br\/wp-content\/uploads\/2024\/04\/150556425eccfd85b33be3befb816ea9.jpeg","keywords":["alagamentos","alerta","deslizamentos","sistema"],"articleSection":["Geral"],"inLanguage":"pt-BR","potentialAction":[{"@type":"CommentAction","name":"Comment","target":["https:\/\/www.fatosefotosnews.com.br\/?p=83530#respond"]}]},{"@type":"WebPage","@id":"https:\/\/www.fatosefotosnews.com.br\/?p=83530","url":"https:\/\/www.fatosefotosnews.com.br\/?p=83530","name":"Sistema de alerta de alagamentos e deslizamentos ser\u00e1 lan\u00e7ado at\u00e9 maio","isPartOf":{"@id":"https:\/\/www.fatosefotosnews.com.br\/#website"},"primaryImageOfPage":{"@id":"https:\/\/www.fatosefotosnews.com.br\/?p=83530#primaryimage"},"image":{"@id":"https:\/\/www.fatosefotosnews.com.br\/?p=83530#primaryimage"},"thumbnailUrl":"https:\/\/www.fatosefotosnews.com.br\/wp-content\/uploads\/2024\/04\/150556425eccfd85b33be3befb816ea9.jpeg","datePublished":"2024-04-18T18:39:20+00:00","description":"Sistema de alerta de alagamentos e deslizamentos ser\u00e1 lan\u00e7ado at\u00e9 maio","breadcrumb":{"@id":"https:\/\/www.fatosefotosnews.com.br\/?p=83530#breadcrumb"},"inLanguage":"pt-BR","potentialAction":[{"@type":"ReadAction","target":["https:\/\/www.fatosefotosnews.com.br\/?p=83530"]}]},{"@type":"ImageObject","inLanguage":"pt-BR","@id":"https:\/\/www.fatosefotosnews.com.br\/?p=83530#primaryimage","url":"https:\/\/www.fatosefotosnews.com.br\/wp-content\/uploads\/2024\/04\/150556425eccfd85b33be3befb816ea9.jpeg","contentUrl":"https:\/\/www.fatosefotosnews.com.br\/wp-content\/uploads\/2024\/04\/150556425eccfd85b33be3befb816ea9.jpeg","width":1024,"height":512,"caption":"\u00a9 Marcelo Camargo\/Ag\u00eancia"},{"@type":"BreadcrumbList","@id":"https:\/\/www.fatosefotosnews.com.br\/?p=83530#breadcrumb","itemListElement":[{"@type":"ListItem","position":1,"name":"In\u00edcio","item":"https:\/\/www.fatosefotosnews.com.br\/"},{"@type":"ListItem","position":2,"name":"Sistema de alerta de alagamentos e deslizamentos ser\u00e1 lan\u00e7ado at\u00e9 maio"}]},{"@type":"WebSite","@id":"https:\/\/www.fatosefotosnews.com.br\/#website","url":"https:\/\/www.fatosefotosnews.com.br\/","name":"Fatos e Fotos News","description":"Um site de noticial verdadeira e confi\u00e1veis.","publisher":{"@id":"https:\/\/www.fatosefotosnews.com.br\/#organization"},"potentialAction":[{"@type":"SearchAction","target":{"@type":"EntryPoint","urlTemplate":"https:\/\/www.fatosefotosnews.com.br\/?s={search_term_string}"},"query-input":{"@type":"PropertyValueSpecification","valueRequired":true,"valueName":"search_term_string"}}],"inLanguage":"pt-BR"},{"@type":"Organization","@id":"https:\/\/www.fatosefotosnews.com.br\/#organization","name":"Fatos e Fotos News","url":"https:\/\/www.fatosefotosnews.com.br\/","logo":{"@type":"ImageObject","inLanguage":"pt-BR","@id":"https:\/\/www.fatosefotosnews.com.br\/#\/schema\/logo\/image\/","url":"https:\/\/www.fatosefotosnews.com.br\/wp-content\/uploads\/2023\/02\/Fatos-e-Fotos-news-logo.png","contentUrl":"https:\/\/www.fatosefotosnews.com.br\/wp-content\/uploads\/2023\/02\/Fatos-e-Fotos-news-logo.png","width":300,"height":58,"caption":"Fatos e Fotos News"},"image":{"@id":"https:\/\/www.fatosefotosnews.com.br\/#\/schema\/logo\/image\/"}},{"@type":"Person","@id":"https:\/\/www.fatosefotosnews.com.br\/#\/schema\/person\/3b80f81d08670fb1f6690e07eb8b5dc6","name":"Da Reda\u00e7\u00e3o","image":{"@type":"ImageObject","inLanguage":"pt-BR","@id":"https:\/\/secure.gravatar.com\/avatar\/696d39935a657bf0fc95044dbc9f912520430a0eb6dd46c85dd97eb6483b249b?s=96&d=mm&r=g","url":"https:\/\/secure.gravatar.com\/avatar\/696d39935a657bf0fc95044dbc9f912520430a0eb6dd46c85dd97eb6483b249b?s=96&d=mm&r=g","contentUrl":"https:\/\/secure.gravatar.com\/avatar\/696d39935a657bf0fc95044dbc9f912520430a0eb6dd46c85dd97eb6483b249b?s=96&d=mm&r=g","caption":"Da Reda\u00e7\u00e3o"},"url":"https:\/\/www.fatosefotosnews.com.br\/?author=5"}]}},"jetpack_publicize_connections":[],"blog_post_layout_featured_media_urls":{"thumbnail":["https:\/\/www.fatosefotosnews.com.br\/wp-content\/uploads\/2024\/04\/150556425eccfd85b33be3befb816ea9-150x150.jpeg",150,150,true],"full":["https:\/\/www.fatosefotosnews.com.br\/wp-content\/uploads\/2024\/04\/150556425eccfd85b33be3befb816ea9.jpeg",1024,512,false]},"categories_names":{"167":{"name":"Geral","link":"https:\/\/www.fatosefotosnews.com.br\/?cat=167"}},"tags_names":{"974":{"name":"alagamentos","link":"https:\/\/www.fatosefotosnews.com.br\/?tag=alagamentos"},"470":{"name":"alerta","link":"https:\/\/www.fatosefotosnews.com.br\/?tag=alerta"},"1702":{"name":"deslizamentos","link":"https:\/\/www.fatosefotosnews.com.br\/?tag=deslizamentos"},"1710":{"name":"sistema","link":"https:\/\/www.fatosefotosnews.com.br\/?tag=sistema"}},"comments_number":"0","wpmagazine_modules_lite_featured_media_urls":{"thumbnail":["https:\/\/www.fatosefotosnews.com.br\/wp-content\/uploads\/2024\/04\/150556425eccfd85b33be3befb816ea9-150x150.jpeg",150,150,true],"cvmm-medium":["https:\/\/www.fatosefotosnews.com.br\/wp-content\/uploads\/2024\/04\/150556425eccfd85b33be3befb816ea9-300x300.jpeg",300,300,true],"cvmm-medium-plus":["https:\/\/www.fatosefotosnews.com.br\/wp-content\/uploads\/2024\/04\/150556425eccfd85b33be3befb816ea9-305x207.jpeg",305,207,true],"cvmm-portrait":["https:\/\/www.fatosefotosnews.com.br\/wp-content\/uploads\/2024\/04\/150556425eccfd85b33be3befb816ea9-400x512.jpeg",400,512,true],"cvmm-medium-square":["https:\/\/www.fatosefotosnews.com.br\/wp-content\/uploads\/2024\/04\/150556425eccfd85b33be3befb816ea9-600x512.jpeg",600,512,true],"cvmm-large":["https:\/\/www.fatosefotosnews.com.br\/wp-content\/uploads\/2024\/04\/150556425eccfd85b33be3befb816ea9.jpeg",1024,512,false],"cvmm-small":["https:\/\/www.fatosefotosnews.com.br\/wp-content\/uploads\/2024\/04\/150556425eccfd85b33be3befb816ea9-130x95.jpeg",130,95,true],"full":["https:\/\/www.fatosefotosnews.com.br\/wp-content\/uploads\/2024\/04\/150556425eccfd85b33be3befb816ea9.jpeg",1024,512,false]},"_links":{"self":[{"href":"https:\/\/www.fatosefotosnews.com.br\/index.php?rest_route=\/wp\/v2\/posts\/83530","targetHints":{"allow":["GET"]}}],"collection":[{"href":"https:\/\/www.fatosefotosnews.com.br\/index.php?rest_route=\/wp\/v2\/posts"}],"about":[{"href":"https:\/\/www.fatosefotosnews.com.br\/index.php?rest_route=\/wp\/v2\/types\/post"}],"author":[{"embeddable":true,"href":"https:\/\/www.fatosefotosnews.com.br\/index.php?rest_route=\/wp\/v2\/users\/5"}],"replies":[{"embeddable":true,"href":"https:\/\/www.fatosefotosnews.com.br\/index.php?rest_route=%2Fwp%2Fv2%2Fcomments&post=83530"}],"version-history":[{"count":0,"href":"https:\/\/www.fatosefotosnews.com.br\/index.php?rest_route=\/wp\/v2\/posts\/83530\/revisions"}],"wp:featuredmedia":[{"embeddable":true,"href":"https:\/\/www.fatosefotosnews.com.br\/index.php?rest_route=\/wp\/v2\/media\/83531"}],"wp:attachment":[{"href":"https:\/\/www.fatosefotosnews.com.br\/index.php?rest_route=%2Fwp%2Fv2%2Fmedia&parent=83530"}],"wp:term":[{"taxonomy":"category","embeddable":true,"href":"https:\/\/www.fatosefotosnews.com.br\/index.php?rest_route=%2Fwp%2Fv2%2Fcategories&post=83530"},{"taxonomy":"post_tag","embeddable":true,"href":"https:\/\/www.fatosefotosnews.com.br\/index.php?rest_route=%2Fwp%2Fv2%2Ftags&post=83530"}],"curies":[{"name":"wp","href":"https:\/\/api.w.org\/{rel}","templated":true}]}}