{"id":84548,"date":"2024-04-26T13:31:47","date_gmt":"2024-04-26T16:31:47","guid":{"rendered":"https:\/\/www.fatosefotosnews.com.br\/atencao-com-saude-amor-e-financas-as-previsoes-da-semana-de-28-04-a-04-05\/"},"modified":"2024-04-26T13:31:47","modified_gmt":"2024-04-26T16:31:47","slug":"atencao-com-saude-amor-e-financas-as-previsoes-da-semana-de-28-04-a-04-05","status":"publish","type":"post","link":"https:\/\/www.fatosefotosnews.com.br\/?p=84548","title":{"rendered":"Aten\u00e7\u00e3o com sa\u00fade, amor e finan\u00e7as: as previs\u00f5es da semana de 28\/04 a 04\/05"},"content":{"rendered":"<p><meta name=\"robots\" content=\"noindex\"><mreta name=\"googlebot\" content=\"noindex\"><\/p>\n<div class=\"Noticia_Foto fato\">\n<figure class=\"foto-legenda\" style=\"position: relative\">\n<div class=\"foto-legenda-img\"> <img loading=\"lazy\" decoding=\"async\" src=\"https:\/\/i0.statig.com.br\/bancodeimagens\/0j\/3q\/vb\/0j3qvb6ob4kjh8adqfp27z6xq.jpg\" loading=\"lazy\" width=\"652\" height=\"408\" alt=\"Aten\u00e7\u00e3o com sa\u00fade, amor e finan\u00e7as: as previs\u00f5es da semana de 28\/04 a 04\/05\" title=\"Aten\u00e7\u00e3o com sa\u00fade, amor e finan\u00e7as: as previs\u00f5es da semana de 28\/04 a 04\/05\"> <\/div><figcaption class=\"foto-legenda-citacao\"> <cite>Vanessa Tuleski<\/cite> <\/p>\n<div class=\"foto-legenda-citacao-text\">Aten\u00e7\u00e3o com sa\u00fade, amor e finan\u00e7as: as previs\u00f5es da semana de 28\/04 a 04\/05<\/div>\n<\/figcaption><\/figure>\n<\/p>\n<\/div>\n<p>Sem descanso astrol\u00f3gico por enquanto! As previs\u00f5es da Astrologia da semana de 28\/04 a 04\/05 apontam que o clima de tens\u00e3o presente desde a <a data-type=\"LINK\" href=\"https:\/\/www.personare.com.br\/conteudo\/lua-cheia-de-abril-m202834?utm_source=Parceiro&#038;utm_medium=IG%20Portal&#038;utm_campaign=Links%20Dentro%20Do%20Artigo&#038;ref=ig-portal\" target=\"_blank\" rel=\"noopener\"> <strong>poderosa Lua Cheia em Escorpi\u00e3o<\/strong> <\/a> segue no ar, exigindo paci\u00eancia, estrat\u00e9gia, al\u00e9m de cuidado com a sa\u00fade.<\/p>\n<p>Voc\u00ea entender\u00e1 tudo isto, mas, antes, veja o resumo astrol\u00f3gico dos pr\u00f3ximos dias:<\/p>\n<ul>\n<li> <strong>Toda a semana:<\/strong> Marte em conjun\u00e7\u00e3o com Netuno<\/li>\n<li> <strong>Toda a semana:<\/strong> V\u00eanus em quadratura com Plut\u00e3o<\/li>\n<li> <strong>Segunda-feira (29): <\/strong> V\u00eanus em Touro<\/li>\n<li> <strong>Ter\u00e7a-feira (30): <\/strong> Marte em \u00c1ries e Marte em sextil com Plut\u00e3o<\/li>\n<li> <strong>Quarta-feira (01):<\/strong> Lua Minguante em Aqu\u00e1rio<\/li>\n<li> <strong>Sexta-feira (03): <\/strong> Sol em sextil com Saturno<\/li>\n<\/ul>\n<p>Confira a seguir o que esses tr\u00e2nsitos significam de uma forma geral. Para saber como cada planeta atua no seu mapa, acesso o <a data-type=\"LINK\" href=\"https:\/\/www.personare.com.br\/astrologia\/horoscopo?utm_source=Parceiro&#038;utm_medium=IG%20Portal&#038;utm_campaign=Links%20Dentro%20Do%20Artigo&#038;ref=ig-portal\" target=\"_blank\" rel=\"noopener\"> <strong>Hor\u00f3scopo Personalizado<\/strong> <\/a> . Essa ferramenta poderosa para desvendar essas complexidades, oferecendo previs\u00f5es que realmente se aplicam \u00e0 sua vida individual. Descubra mais sobre si hoje!<\/p>\n<h2 class=\"wp-block-heading\">Previs\u00f5es da Astrologia da semana de 28\/04 a 04\/05<\/h2>\n<p>Marte conjunto com Netuno e V\u00eanus em quadratura com Plut\u00e3o trazem os desafios da semana. Os aspectos podem agir na sua sa\u00fade ou das pessoas pr\u00f3ximas a voc\u00ea (aten\u00e7\u00e3o especial a garganta e viroses), mas tamb\u00e9m nas suas rela\u00e7\u00f5es ou finan\u00e7as.<\/p>\n<p>A partir da sexta-feira (03), Sol em sextil com Saturno traz doses de bom senso e autocontrole em uma semana de tens\u00f5es.<\/p>\n<p>Venha entender estas e outras quest\u00f5es nas previs\u00f5es da Astrologia da semana de 28\/04 a 04\/05!<\/p>\n<p> <iframe width=\"560\" height=\"315\" src=\"https:\/\/www.youtube.com\/embed\/u65rt9lxF2Q?si=0csuVNIHxINxgvh3\" frameborder=\"0\" allow=\"accelerometer; autoplay; clipboard-write; encrypted-media; gyroscope; picture-in-picture; web-share\" allowfullscreen=\"allowfullscreen\"><\/iframe> <\/p>\n<h3 class=\"wp-block-heading\">Toda a semana: Marte em conjun\u00e7\u00e3o com Netuno<\/h3>\n<p>Durante toda a semana, Marte est\u00e1 em conjun\u00e7\u00e3o com Netuno. Esse aspecto, muitas vezes, traz certa debilidade energ\u00e9tica e imunol\u00f3gica ou, ainda, confus\u00e3o no dia a dia.<\/p>\n<p>Como as \u00e1guas s\u00e3o regidas por Netuno, at\u00e9 mesmo o mar pode estar mais revolto. \u00c9 como se tudo estivesse mais desorganizado com essa conjun\u00e7\u00e3o, podendo, no coletivo, esbarrar em confus\u00e3o e fen\u00f4menos clim\u00e1ticos como chuvas fortes e acidentes em \u00e1guas. <\/p>\n<p>Pode haver menos clareza para tomar decis\u00f5es, pedindo reflex\u00e3o. <\/p>\n<h3 class=\"wp-block-heading\">Toda a semana: V\u00eanus em quadratura com Plut\u00e3o<\/h3>\n<p>Tamb\u00e9m por toda a semana, V\u00eanus faz uma quadratura com Plut\u00e3o. Isso pode trazer quest\u00f5es em relacionamentos, como t\u00e9rminos (fique atento a conflitos e not\u00edcias no mundo dos famosos!). Al\u00e9m disso, \u00e9 uma semana complicada para o in\u00edcio de novas parcerias.<\/p>\n<p>\u00c9 um aspecto que pode gerar crises na vida pessoal ou com pessoas pr\u00f3ximas. Por exemplo, um filho pode ter dor de garganta. Um(a) amigo(a) seu que termina um relacionamento de longa data ou recebe uma not\u00edcia complicada na sa\u00fade. Um inquilino que pede para sair do im\u00f3vel.<\/p>\n<p>Vale lembrar que o megashow da cantora Madonna acontecer\u00e1 nas areias de Copacabana no dia 04\/05, em meio a essa tens\u00e3o toda. Se voc\u00ea for, tome muito cuidado com assaltos e confus\u00f5es, bem poss\u00edveis segundo as Previs\u00f5es da Astrologia da semana de 28\/04 a 04\/05.<\/p>\n<p>V\u00eanus estar\u00e1 em Touro a partir de ter\u00e7a-feira (30), <a data-type=\"LINK\" href=\"https:\/\/www.personare.com.br\/conteudo\/signos-orgaos-corpo-m83399?utm_source=Parceiro&#038;utm_medium=IG%20Portal&#038;utm_campaign=Links%20Dentro%20Do%20Artigo&#038;ref=ig-portal\" target=\"_blank\" rel=\"noopener\"> <strong>regendo a garganta<\/strong> <\/a> . Portanto, a crise pode ter rela\u00e7\u00e3o com garganta, mas tamb\u00e9m com a \u00e1rea financeira ou relacionamentos \u2014 temas taurinos e venusianos. Contas mais altas e preju\u00edzos tamb\u00e9m podem dar as caras por estes dias.<\/p>\n<p>\u00c0s vezes, nem est\u00e1 acontecendo nada de mais, mas estamos mais impacientes, implicantes, sens\u00edveis ou, ainda, com alguma dor. Como alguma rela\u00e7\u00e3o antiga pode voltar a doer.<\/p>\n<p>Tamb\u00e9m \u00e9 a semana em que figuras dominantes e autorit\u00e1rias podem dar as caras, bem como ressurgirem do passado pessoas complicadas. Not\u00edcias de falecimentos-no coletivo e vida pessoal \u2014 tamb\u00e9m ser\u00e3o mais frequente por estes dias. <\/p>\n<p>As rela\u00e7\u00f5es internacionais continuam bastante tensas, s\u00f3 tendo uma ameniza\u00e7\u00e3o lenta a partir da metade da semana, quando entra a fase lunar minguante.<\/p>\n<p> <strong>Dica: <\/strong> <a href=\"https:\/\/www.personare.com.br\/conteudo\/estresse-dificulta-a-atencao-e-saiba-o-que-fazer-m83121?utm_source=Parceiro&#038;utm_medium=IG%20Portal&#038;utm_campaign=Links%20Dentro%20Do%20Artigo&#038;ref=ig-portal\" target=\"_blank\" rel=\"noopener\" data-type=\"LINK\"> <strong>conhe\u00e7a 6 formas de aliviar a tens\u00e3o no dia a dia<\/strong> <\/a> <\/p>\n<h3 class=\"wp-block-heading\">Ter\u00e7a-feira: V\u00eanus em Touro<\/h3>\n<p>Na segunda-feira (29), V\u00eanus entra em Touro, permanecendo at\u00e9 23 de maio. Este tr\u00e2nsito tende a estabilizar as rela\u00e7\u00f5es e trazer mais serenidade aos relacionamentos.<\/p>\n<p>No amor, \u00e9 prop\u00edcio para flertes que podem evoluir para conex\u00f5es mais duradouras. Para aqueles j\u00e1 comprometidos, \u00e9 um per\u00edodo para cultivar afeto, sensualidade e uma presen\u00e7a mais marcante na vida do parceiro.<\/p>\n<p> <a href=\"https:\/\/emojipedia.org\/pt\/cora%C3%A7%C3%A3o-vermelho\" target=\"_blank\" rel=\"noopener\" data-type=\"LINK\"><\/a> <a href=\"https:\/\/www.personare.com.br\/conteudo\/transito-venus-em-touro-m3087?utm_source=Parceiro&#038;utm_medium=IG%20Portal&#038;utm_campaign=Links%20Dentro%20Do%20Artigo&#038;ref=ig-portal\" target=\"_blank\" rel=\"noopener\" data-type=\"LINK\"> <strong>Veja aqui mais dicas para aproveitar o tr\u00e2nsito de V\u00eanus em Touro<\/strong> <\/a> <strong>!<\/strong> <\/p>\n<p>Apesar disso, nesta semana, V\u00eanus encontra-se em tens\u00e3o com Plut\u00e3o, o que pode adiar os efeitos positivos para a pr\u00f3xima semana. Contudo, \u00e9 um posicionamento favor\u00e1vel tanto para rela\u00e7\u00f5es pessoais quanto financeiras. <\/p>\n<p>Ap\u00f3s esta semana, poderemos desfrutar mais intensamente dos efeitos ben\u00e9ficos, especialmente porque V\u00eanus em Touro valoriza o prazer e o lazer.<\/p>\n<h3 class=\"wp-block-heading\">Ter\u00e7a-feira: Marte em \u00c1ries<\/h3>\n<p>Na ter\u00e7a-feira (30), Marte entra em \u00c1ries, onde fica at\u00e9 o dia 09\/06. Esse tr\u00e2nsito traz confian\u00e7a e coragem. Se algo n\u00e3o est\u00e1 bom, \u00e9 o momento prop\u00edcio para tomar iniciativa e partir para a a\u00e7\u00e3o.<\/p>\n<p>Este potente Marte domiciliado ocorre at\u00e9 dia 09\/06. Portanto, \u00e9 um per\u00edodo bom para arrancadas e come\u00e7os, e de atitudes que precisam de coragem.<\/p>\n<h3 class=\"wp-block-heading\">Marte em sextil com Plut\u00e3o<\/h3>\n<p>Tamb\u00e9m a partir de ter\u00e7a-feira (30), Marte faz um sextil com Plut\u00e3o, favorecendo processos de recupera\u00e7\u00e3o.<\/p>\n<p>Esse aspecto \u00e9 um alento, pois traz a melhora de quem est\u00e1 enfraquecido. \u00c9 como uma dose extra de vitalidade para voc\u00ea lidar com tudo na sua vida.<\/p>\n<p>O sextil de Marte com Plut\u00e3o tamb\u00e9m traz autocontrole, ajudando voc\u00ea a mensurar a sua for\u00e7a. Em uma semana com poss\u00edveis amea\u00e7as e potencial de perda de controle e alta impulsividade, isso \u00e9 importante.<\/p>\n<p>Devido a Marte\/Netuno, este \u00e9 um momento com tend\u00eancia \u00e0 confus\u00e3o em boates, jogos de futebol e outros lugares p\u00fablicos. Para se defender, voc\u00ea precisa saber como aplicar sua for\u00e7a sem sair fazendo besteira e piorar a situa\u00e7\u00e3o. <a data-type=\"LINK\" href=\"https:\/\/www.personare.com.br\/conteudo\/o-que-e-intuicao-m50788?utm_source=Parceiro&#038;utm_medium=IG%20Portal&#038;utm_campaign=Links%20Dentro%20Do%20Artigo&#038;ref=ig-portal\" target=\"_blank\" rel=\"noopener\"> <strong>Confie tamb\u00e9m na sua intui\u00e7\u00e3o.<\/strong> <\/a> <\/p>\n<h3 class=\"wp-block-heading\">Sexta-feira: Sol em sextil com Saturno<\/h3>\n<p>A partir de sexta-feira (03), o Sol fica em sextil com Saturno. Quando <a href=\"https:\/\/www.personare.com.br\/conteudo\/signo-de-saturno-m155547?utm_source=Parceiro&#038;utm_medium=IG%20Portal&#038;utm_campaign=Links%20Dentro%20Do%20Artigo&#038;ref=ig-portal\" target=\"_blank\" rel=\"noopener\" data-type=\"LINK\"> <strong>Saturno<\/strong> <\/a> est\u00e1 envolvido em um aspecto, temos mais premedita\u00e7\u00e3o, planejamento e avalia\u00e7\u00e3o, com uma faceta mais racional entrando em cena. <\/p>\n<p>Al\u00e9m disso, existe uma for\u00e7a administradora, e aumenta nosso lado estrat\u00e9gico, que j\u00e1 est\u00e1 presente no sextil de Marte com Plut\u00e3o.<\/p>\n<p>Esse \u00e9 o aspecto que ajuda a organizar, depois da desorganiza\u00e7\u00e3o de Marte com Netuno. Por exemplo, voc\u00ea est\u00e1 com dois filhos doentes, e isso, claro, desorganizar\u00e1 a sua vida, Sol em sextil com Saturno ajuda a retomar a organiza\u00e7\u00e3o.<\/p>\n<p> Confira tamb\u00e9m:+ Saiba tudo sobre o seu jeito ser, desafios e potenciais. Fa\u00e7a o seu <strong> <a href=\"https:\/\/www.personare.com.br\/astrologia\/mapa-astral?utm_source=Parceiro&#038;utm_medium=IG%20Portal&#038;utm_campaign=Links%20Dentro%20Do%20Artigo&#038;ref=ig-portal\">Mapa Astral<\/a> <\/strong> aqui e <strong> <a href=\"https:\/\/www.personare.com.br\/astrologia\/mapa-astral?utm_source=Parceiro&#038;utm_medium=IG%20Portal&#038;utm_campaign=Links%20Dentro%20Do%20Artigo&#038;ref=ig-portal\">leia uma amostra gr\u00e1tis<\/a> <\/strong> .+ Descubra a miss\u00e3o da sua fase 2023, com previs\u00f5es baseadas no <a href=\"https:\/\/www.personare.com.br\/numerologia\/mapa-do-ano?utm_source=Parceiro&#038;utm_medium=IG%20Portal&#038;utm_campaign=Links%20Dentro%20Do%20Artigo&#038;ref=ig-portal\">n\u00famero do seu ano pessoal<\/a> .+ Quer mais previs\u00f5es para o seu dia? Aqui tem um <a href=\"https:\/\/www.personare.com.br\/horoscopo?utm_source=Parceiro&#038;utm_medium=IG%20Portal&#038;utm_campaign=Links%20Dentro%20Do%20Artigo&#038;ref=ig-portal\">hor\u00f3scopo gratuito<\/a> baseado em todo o seu Mapa Astral, <strong> <a href=\"https:\/\/www.personare.com.br\/horoscopo?utm_source=Parceiro&#038;utm_medium=IG%20Portal&#038;utm_campaign=Links%20Dentro%20Do%20Artigo&#038;ref=ig-portal\">leia agora<\/a> <\/strong> !+ Tarot: tire 13 cartas e descubra o que pode rolar na sua vida nos pr\u00f3ximos seis meses. <strong> <a href=\"https:\/\/www.personare.com.br\/tarot\/tarot-semestral?utm_source=Parceiro&#038;utm_medium=IG%20Portal&#038;utm_campaign=Links%20Dentro%20Do%20Artigo&#038;ref=ig-portal\">Jogue agora<\/a> <\/strong> ! <\/p>\n<p>Vanessa Tuleski<\/p>\n<p>Vanessa Tuleski d\u00e1 consultas astrol\u00f3gico-terap\u00eauticas e foi pioneira na Astrologia brasileira ao falar do C\u00e9u geral, ao inv\u00e9s do tradicional hor\u00f3scopo signo a signo. \u00c9 idealizadora do curso &#8220;Alimenta\u00e7\u00e3o e seu Mapa Astral&#8221; no Personare. Participa dos programas semanais de previs\u00f5es astrol\u00f3gicas no canal do YouTube do Personare.<\/p>\n<p>vanessatuleski@gmail.com<\/p>\n<p>O post <a href=\"https:\/\/www.personare.com.br\/conteudo\/previsoes-da-semana-de-28-04-a-04-05-m204410\">Aten\u00e7\u00e3o com sa\u00fade, amor e finan\u00e7as: as previs\u00f5es da semana de 28\/04 a 04\/05<\/a> apareceu primeiro em <a href=\"https:\/\/www.personare.com.br\">Personare<\/a> .<\/p>\n<p id=\"infocoweb_fonte\" class=\"infocoweb_fonte\">Fonte: <a target=\"_blank\" href=\"http:\/\/delas.ig.com.br\/parceiros\/personare\/2024-04-26\/atencao-com-saude--amor-e-financas--as-previsoes-da-semana-de-28-04-a-04-05.html#b7f17126-35a4-4bc0-bd3c-34402be7d6e8\" rel=\"noopener\">Mulher<\/a><\/p>\n","protected":false},"excerpt":{"rendered":"<p>Vanessa Tuleski Aten\u00e7\u00e3o com sa\u00fade, amor e finan\u00e7as: as previs\u00f5es da semana de 28\/04 a 04\/05 Sem descanso astrol\u00f3gico por enquanto! As previs\u00f5es da Astrologia da semana de 28\/04 a 04\/05 apontam que o clima de tens\u00e3o presente desde a poderosa Lua Cheia em Escorpi\u00e3o segue no ar, exigindo paci\u00eancia, estrat\u00e9gia, al\u00e9m de cuidado com [&hellip;]<\/p>\n","protected":false},"author":5,"featured_media":84549,"comment_status":"open","ping_status":"open","sticky":false,"template":"","format":"standard","meta":{"_acf_changed":false,"_angie_page":false,"_monsterinsights_skip_tracking":false,"_themeisle_gutenberg_block_has_review":false,"page_builder":"","footnotes":"","jetpack_publicize_message":"","jetpack_publicize_feature_enabled":true,"jetpack_social_post_already_shared":false,"jetpack_social_options":{"image_generator_settings":{"template":"highway","default_image_id":0,"font":"","enabled":false},"version":2}},"categories":[3],"tags":[10625,527,205,529],"class_list":["post-84548","post","type-post","status-publish","format-standard","has-post-thumbnail","hentry","category-entretenimento","tag-finan","tag-previs","tag-saude","tag-semana"],"acf":[],"nelio_content":{"autoShareEndMode":"never","automationSources":{"useCustomSentences":false,"customSentences":[]},"efiAlt":"","efiUrl":"","followers":[5],"highlights":[],"isAutoShareEnabled":true,"networkImageIds":[],"permalinkQueryArgs":[],"series":[],"suggestedReferences":[]},"yoast_head":"<!-- This site is optimized with the Yoast SEO plugin v28.3 - https:\/\/yoast.com\/product\/yoast-seo-wordpress\/ -->\n<title>Aten\u00e7\u00e3o com sa\u00fade, amor e finan\u00e7as: as previs\u00f5es da semana de 28\/04 a 04\/05<\/title>\n<meta name=\"description\" content=\"Aten\u00e7\u00e3o com sa\u00fade, amor e finan\u00e7as: as previs\u00f5es da semana de 28\/04 a 04\/05\" \/>\n<meta name=\"robots\" content=\"index, follow, max-snippet:-1, max-image-preview:large, max-video-preview:-1\" \/>\n<link rel=\"canonical\" href=\"https:\/\/www.fatosefotosnews.com.br\/?p=84548\" \/>\n<meta property=\"og:locale\" content=\"pt_BR\" \/>\n<meta property=\"og:type\" content=\"article\" \/>\n<meta property=\"og:title\" content=\"Aten\u00e7\u00e3o com sa\u00fade, amor e finan\u00e7as: as previs\u00f5es da semana de 28\/04 a 04\/05\" \/>\n<meta property=\"og:description\" content=\"Aten\u00e7\u00e3o com sa\u00fade, amor e finan\u00e7as: as previs\u00f5es da semana de 28\/04 a 04\/05\" \/>\n<meta property=\"og:url\" content=\"https:\/\/www.fatosefotosnews.com.br\/?p=84548\" \/>\n<meta property=\"og:site_name\" content=\"Fatos e Fotos News\" \/>\n<meta property=\"article:published_time\" content=\"2024-04-26T16:31:47+00:00\" \/>\n<meta property=\"og:image\" content=\"https:\/\/www.fatosefotosnews.com.br\/wp-content\/uploads\/2024\/04\/a191d9e4396fc81ad16efd39ca63e98f.jpeg\" \/>\n\t<meta property=\"og:image:width\" content=\"1024\" \/>\n\t<meta property=\"og:image:height\" content=\"576\" \/>\n\t<meta property=\"og:image:type\" content=\"image\/jpeg\" \/>\n<meta name=\"author\" content=\"Da Reda\u00e7\u00e3o\" \/>\n<meta name=\"twitter:card\" content=\"summary_large_image\" \/>\n<meta name=\"twitter:label1\" content=\"Escrito por\" \/>\n\t<meta name=\"twitter:data1\" content=\"Da Reda\u00e7\u00e3o\" \/>\n\t<meta name=\"twitter:label2\" content=\"Est. tempo de leitura\" \/>\n\t<meta name=\"twitter:data2\" content=\"99 minutos\" \/>\n<script type=\"application\/ld+json\" class=\"yoast-schema-graph\">{\"@context\":\"https:\\\/\\\/schema.org\",\"@graph\":[{\"@type\":\"Article\",\"@id\":\"https:\\\/\\\/www.fatosefotosnews.com.br\\\/?p=84548#article\",\"isPartOf\":{\"@id\":\"https:\\\/\\\/www.fatosefotosnews.com.br\\\/?p=84548\"},\"author\":{\"name\":\"Da Reda\u00e7\u00e3o\",\"@id\":\"https:\\\/\\\/www.fatosefotosnews.com.br\\\/#\\\/schema\\\/person\\\/3b80f81d08670fb1f6690e07eb8b5dc6\"},\"headline\":\"Aten\u00e7\u00e3o com sa\u00fade, amor e finan\u00e7as: as previs\u00f5es da semana de 28\\\/04 a 04\\\/05\",\"datePublished\":\"2024-04-26T16:31:47+00:00\",\"mainEntityOfPage\":{\"@id\":\"https:\\\/\\\/www.fatosefotosnews.com.br\\\/?p=84548\"},\"wordCount\":1321,\"commentCount\":0,\"publisher\":{\"@id\":\"https:\\\/\\\/www.fatosefotosnews.com.br\\\/#organization\"},\"image\":{\"@id\":\"https:\\\/\\\/www.fatosefotosnews.com.br\\\/?p=84548#primaryimage\"},\"thumbnailUrl\":\"https:\\\/\\\/www.fatosefotosnews.com.br\\\/wp-content\\\/uploads\\\/2024\\\/04\\\/a191d9e4396fc81ad16efd39ca63e98f.jpeg\",\"keywords\":[\"finan\",\"previs\",\"Sa\u00fade\",\"semana\"],\"articleSection\":[\"Entretenimento\"],\"inLanguage\":\"pt-BR\",\"potentialAction\":[{\"@type\":\"CommentAction\",\"name\":\"Comment\",\"target\":[\"https:\\\/\\\/www.fatosefotosnews.com.br\\\/?p=84548#respond\"]}]},{\"@type\":\"WebPage\",\"@id\":\"https:\\\/\\\/www.fatosefotosnews.com.br\\\/?p=84548\",\"url\":\"https:\\\/\\\/www.fatosefotosnews.com.br\\\/?p=84548\",\"name\":\"Aten\u00e7\u00e3o com sa\u00fade, amor e finan\u00e7as: as previs\u00f5es da semana de 28\\\/04 a 04\\\/05\",\"isPartOf\":{\"@id\":\"https:\\\/\\\/www.fatosefotosnews.com.br\\\/#website\"},\"primaryImageOfPage\":{\"@id\":\"https:\\\/\\\/www.fatosefotosnews.com.br\\\/?p=84548#primaryimage\"},\"image\":{\"@id\":\"https:\\\/\\\/www.fatosefotosnews.com.br\\\/?p=84548#primaryimage\"},\"thumbnailUrl\":\"https:\\\/\\\/www.fatosefotosnews.com.br\\\/wp-content\\\/uploads\\\/2024\\\/04\\\/a191d9e4396fc81ad16efd39ca63e98f.jpeg\",\"datePublished\":\"2024-04-26T16:31:47+00:00\",\"description\":\"Aten\u00e7\u00e3o com sa\u00fade, amor e finan\u00e7as: as previs\u00f5es da semana de 28\\\/04 a 04\\\/05\",\"breadcrumb\":{\"@id\":\"https:\\\/\\\/www.fatosefotosnews.com.br\\\/?p=84548#breadcrumb\"},\"inLanguage\":\"pt-BR\",\"potentialAction\":[{\"@type\":\"ReadAction\",\"target\":[\"https:\\\/\\\/www.fatosefotosnews.com.br\\\/?p=84548\"]}]},{\"@type\":\"ImageObject\",\"inLanguage\":\"pt-BR\",\"@id\":\"https:\\\/\\\/www.fatosefotosnews.com.br\\\/?p=84548#primaryimage\",\"url\":\"https:\\\/\\\/www.fatosefotosnews.com.br\\\/wp-content\\\/uploads\\\/2024\\\/04\\\/a191d9e4396fc81ad16efd39ca63e98f.jpeg\",\"contentUrl\":\"https:\\\/\\\/www.fatosefotosnews.com.br\\\/wp-content\\\/uploads\\\/2024\\\/04\\\/a191d9e4396fc81ad16efd39ca63e98f.jpeg\",\"width\":1024,\"height\":576,\"caption\":\"Vanessa Tuleski Aten\u00e7\u00e3o com sa\u00fade, amor e finan\u00e7as: as previs\u00f5es da semana de 28\\\/04 a 04\\\/05\"},{\"@type\":\"BreadcrumbList\",\"@id\":\"https:\\\/\\\/www.fatosefotosnews.com.br\\\/?p=84548#breadcrumb\",\"itemListElement\":[{\"@type\":\"ListItem\",\"position\":1,\"name\":\"In\u00edcio\",\"item\":\"https:\\\/\\\/www.fatosefotosnews.com.br\\\/\"},{\"@type\":\"ListItem\",\"position\":2,\"name\":\"Aten\u00e7\u00e3o com sa\u00fade, amor e finan\u00e7as: as previs\u00f5es da semana de 28\\\/04 a 04\\\/05\"}]},{\"@type\":\"WebSite\",\"@id\":\"https:\\\/\\\/www.fatosefotosnews.com.br\\\/#website\",\"url\":\"https:\\\/\\\/www.fatosefotosnews.com.br\\\/\",\"name\":\"Fatos e Fotos News\",\"description\":\"Um site de noticial verdadeira e confi\u00e1veis.\",\"publisher\":{\"@id\":\"https:\\\/\\\/www.fatosefotosnews.com.br\\\/#organization\"},\"potentialAction\":[{\"@type\":\"SearchAction\",\"target\":{\"@type\":\"EntryPoint\",\"urlTemplate\":\"https:\\\/\\\/www.fatosefotosnews.com.br\\\/?s={search_term_string}\"},\"query-input\":{\"@type\":\"PropertyValueSpecification\",\"valueRequired\":true,\"valueName\":\"search_term_string\"}}],\"inLanguage\":\"pt-BR\"},{\"@type\":\"Organization\",\"@id\":\"https:\\\/\\\/www.fatosefotosnews.com.br\\\/#organization\",\"name\":\"Fatos e Fotos News\",\"url\":\"https:\\\/\\\/www.fatosefotosnews.com.br\\\/\",\"logo\":{\"@type\":\"ImageObject\",\"inLanguage\":\"pt-BR\",\"@id\":\"https:\\\/\\\/www.fatosefotosnews.com.br\\\/#\\\/schema\\\/logo\\\/image\\\/\",\"url\":\"https:\\\/\\\/www.fatosefotosnews.com.br\\\/wp-content\\\/uploads\\\/2023\\\/02\\\/Fatos-e-Fotos-news-logo.png\",\"contentUrl\":\"https:\\\/\\\/www.fatosefotosnews.com.br\\\/wp-content\\\/uploads\\\/2023\\\/02\\\/Fatos-e-Fotos-news-logo.png\",\"width\":300,\"height\":58,\"caption\":\"Fatos e Fotos News\"},\"image\":{\"@id\":\"https:\\\/\\\/www.fatosefotosnews.com.br\\\/#\\\/schema\\\/logo\\\/image\\\/\"}},{\"@type\":\"Person\",\"@id\":\"https:\\\/\\\/www.fatosefotosnews.com.br\\\/#\\\/schema\\\/person\\\/3b80f81d08670fb1f6690e07eb8b5dc6\",\"name\":\"Da Reda\u00e7\u00e3o\",\"image\":{\"@type\":\"ImageObject\",\"inLanguage\":\"pt-BR\",\"@id\":\"https:\\\/\\\/secure.gravatar.com\\\/avatar\\\/696d39935a657bf0fc95044dbc9f912520430a0eb6dd46c85dd97eb6483b249b?s=96&d=mm&r=g\",\"url\":\"https:\\\/\\\/secure.gravatar.com\\\/avatar\\\/696d39935a657bf0fc95044dbc9f912520430a0eb6dd46c85dd97eb6483b249b?s=96&d=mm&r=g\",\"contentUrl\":\"https:\\\/\\\/secure.gravatar.com\\\/avatar\\\/696d39935a657bf0fc95044dbc9f912520430a0eb6dd46c85dd97eb6483b249b?s=96&d=mm&r=g\",\"caption\":\"Da Reda\u00e7\u00e3o\"},\"url\":\"https:\\\/\\\/www.fatosefotosnews.com.br\\\/?author=5\"}]}<\/script>\n<!-- \/ Yoast SEO plugin. -->","yoast_head_json":{"title":"Aten\u00e7\u00e3o com sa\u00fade, amor e finan\u00e7as: as previs\u00f5es da semana de 28\/04 a 04\/05","description":"Aten\u00e7\u00e3o com sa\u00fade, amor e finan\u00e7as: as previs\u00f5es da semana de 28\/04 a 04\/05","robots":{"index":"index","follow":"follow","max-snippet":"max-snippet:-1","max-image-preview":"max-image-preview:large","max-video-preview":"max-video-preview:-1"},"canonical":"https:\/\/www.fatosefotosnews.com.br\/?p=84548","og_locale":"pt_BR","og_type":"article","og_title":"Aten\u00e7\u00e3o com sa\u00fade, amor e finan\u00e7as: as previs\u00f5es da semana de 28\/04 a 04\/05","og_description":"Aten\u00e7\u00e3o com sa\u00fade, amor e finan\u00e7as: as previs\u00f5es da semana de 28\/04 a 04\/05","og_url":"https:\/\/www.fatosefotosnews.com.br\/?p=84548","og_site_name":"Fatos e Fotos News","article_published_time":"2024-04-26T16:31:47+00:00","og_image":[{"width":1024,"height":576,"url":"https:\/\/www.fatosefotosnews.com.br\/wp-content\/uploads\/2024\/04\/a191d9e4396fc81ad16efd39ca63e98f.jpeg","type":"image\/jpeg"}],"author":"Da Reda\u00e7\u00e3o","twitter_card":"summary_large_image","twitter_misc":{"Escrito por":"Da Reda\u00e7\u00e3o","Est. tempo de leitura":"99 minutos"},"schema":{"@context":"https:\/\/schema.org","@graph":[{"@type":"Article","@id":"https:\/\/www.fatosefotosnews.com.br\/?p=84548#article","isPartOf":{"@id":"https:\/\/www.fatosefotosnews.com.br\/?p=84548"},"author":{"name":"Da Reda\u00e7\u00e3o","@id":"https:\/\/www.fatosefotosnews.com.br\/#\/schema\/person\/3b80f81d08670fb1f6690e07eb8b5dc6"},"headline":"Aten\u00e7\u00e3o com sa\u00fade, amor e finan\u00e7as: as previs\u00f5es da semana de 28\/04 a 04\/05","datePublished":"2024-04-26T16:31:47+00:00","mainEntityOfPage":{"@id":"https:\/\/www.fatosefotosnews.com.br\/?p=84548"},"wordCount":1321,"commentCount":0,"publisher":{"@id":"https:\/\/www.fatosefotosnews.com.br\/#organization"},"image":{"@id":"https:\/\/www.fatosefotosnews.com.br\/?p=84548#primaryimage"},"thumbnailUrl":"https:\/\/www.fatosefotosnews.com.br\/wp-content\/uploads\/2024\/04\/a191d9e4396fc81ad16efd39ca63e98f.jpeg","keywords":["finan","previs","Sa\u00fade","semana"],"articleSection":["Entretenimento"],"inLanguage":"pt-BR","potentialAction":[{"@type":"CommentAction","name":"Comment","target":["https:\/\/www.fatosefotosnews.com.br\/?p=84548#respond"]}]},{"@type":"WebPage","@id":"https:\/\/www.fatosefotosnews.com.br\/?p=84548","url":"https:\/\/www.fatosefotosnews.com.br\/?p=84548","name":"Aten\u00e7\u00e3o com sa\u00fade, amor e finan\u00e7as: as previs\u00f5es da semana de 28\/04 a 04\/05","isPartOf":{"@id":"https:\/\/www.fatosefotosnews.com.br\/#website"},"primaryImageOfPage":{"@id":"https:\/\/www.fatosefotosnews.com.br\/?p=84548#primaryimage"},"image":{"@id":"https:\/\/www.fatosefotosnews.com.br\/?p=84548#primaryimage"},"thumbnailUrl":"https:\/\/www.fatosefotosnews.com.br\/wp-content\/uploads\/2024\/04\/a191d9e4396fc81ad16efd39ca63e98f.jpeg","datePublished":"2024-04-26T16:31:47+00:00","description":"Aten\u00e7\u00e3o com sa\u00fade, amor e finan\u00e7as: as previs\u00f5es da semana de 28\/04 a 04\/05","breadcrumb":{"@id":"https:\/\/www.fatosefotosnews.com.br\/?p=84548#breadcrumb"},"inLanguage":"pt-BR","potentialAction":[{"@type":"ReadAction","target":["https:\/\/www.fatosefotosnews.com.br\/?p=84548"]}]},{"@type":"ImageObject","inLanguage":"pt-BR","@id":"https:\/\/www.fatosefotosnews.com.br\/?p=84548#primaryimage","url":"https:\/\/www.fatosefotosnews.com.br\/wp-content\/uploads\/2024\/04\/a191d9e4396fc81ad16efd39ca63e98f.jpeg","contentUrl":"https:\/\/www.fatosefotosnews.com.br\/wp-content\/uploads\/2024\/04\/a191d9e4396fc81ad16efd39ca63e98f.jpeg","width":1024,"height":576,"caption":"Vanessa Tuleski Aten\u00e7\u00e3o com sa\u00fade, amor e finan\u00e7as: as previs\u00f5es da semana de 28\/04 a 04\/05"},{"@type":"BreadcrumbList","@id":"https:\/\/www.fatosefotosnews.com.br\/?p=84548#breadcrumb","itemListElement":[{"@type":"ListItem","position":1,"name":"In\u00edcio","item":"https:\/\/www.fatosefotosnews.com.br\/"},{"@type":"ListItem","position":2,"name":"Aten\u00e7\u00e3o com sa\u00fade, amor e finan\u00e7as: as previs\u00f5es da semana de 28\/04 a 04\/05"}]},{"@type":"WebSite","@id":"https:\/\/www.fatosefotosnews.com.br\/#website","url":"https:\/\/www.fatosefotosnews.com.br\/","name":"Fatos e Fotos News","description":"Um site de noticial verdadeira e confi\u00e1veis.","publisher":{"@id":"https:\/\/www.fatosefotosnews.com.br\/#organization"},"potentialAction":[{"@type":"SearchAction","target":{"@type":"EntryPoint","urlTemplate":"https:\/\/www.fatosefotosnews.com.br\/?s={search_term_string}"},"query-input":{"@type":"PropertyValueSpecification","valueRequired":true,"valueName":"search_term_string"}}],"inLanguage":"pt-BR"},{"@type":"Organization","@id":"https:\/\/www.fatosefotosnews.com.br\/#organization","name":"Fatos e Fotos News","url":"https:\/\/www.fatosefotosnews.com.br\/","logo":{"@type":"ImageObject","inLanguage":"pt-BR","@id":"https:\/\/www.fatosefotosnews.com.br\/#\/schema\/logo\/image\/","url":"https:\/\/www.fatosefotosnews.com.br\/wp-content\/uploads\/2023\/02\/Fatos-e-Fotos-news-logo.png","contentUrl":"https:\/\/www.fatosefotosnews.com.br\/wp-content\/uploads\/2023\/02\/Fatos-e-Fotos-news-logo.png","width":300,"height":58,"caption":"Fatos e Fotos News"},"image":{"@id":"https:\/\/www.fatosefotosnews.com.br\/#\/schema\/logo\/image\/"}},{"@type":"Person","@id":"https:\/\/www.fatosefotosnews.com.br\/#\/schema\/person\/3b80f81d08670fb1f6690e07eb8b5dc6","name":"Da Reda\u00e7\u00e3o","image":{"@type":"ImageObject","inLanguage":"pt-BR","@id":"https:\/\/secure.gravatar.com\/avatar\/696d39935a657bf0fc95044dbc9f912520430a0eb6dd46c85dd97eb6483b249b?s=96&d=mm&r=g","url":"https:\/\/secure.gravatar.com\/avatar\/696d39935a657bf0fc95044dbc9f912520430a0eb6dd46c85dd97eb6483b249b?s=96&d=mm&r=g","contentUrl":"https:\/\/secure.gravatar.com\/avatar\/696d39935a657bf0fc95044dbc9f912520430a0eb6dd46c85dd97eb6483b249b?s=96&d=mm&r=g","caption":"Da Reda\u00e7\u00e3o"},"url":"https:\/\/www.fatosefotosnews.com.br\/?author=5"}]}},"jetpack_publicize_connections":[],"blog_post_layout_featured_media_urls":{"thumbnail":["https:\/\/www.fatosefotosnews.com.br\/wp-content\/uploads\/2024\/04\/a191d9e4396fc81ad16efd39ca63e98f-150x150.jpeg",150,150,true],"full":["https:\/\/www.fatosefotosnews.com.br\/wp-content\/uploads\/2024\/04\/a191d9e4396fc81ad16efd39ca63e98f.jpeg",1024,576,false]},"categories_names":{"3":{"name":"Entretenimento","link":"https:\/\/www.fatosefotosnews.com.br\/?cat=3"}},"tags_names":{"10625":{"name":"finan","link":"https:\/\/www.fatosefotosnews.com.br\/?tag=finan"},"527":{"name":"previs","link":"https:\/\/www.fatosefotosnews.com.br\/?tag=previs"},"205":{"name":"Sa\u00fade","link":"https:\/\/www.fatosefotosnews.com.br\/?tag=saude"},"529":{"name":"semana","link":"https:\/\/www.fatosefotosnews.com.br\/?tag=semana"}},"comments_number":"0","wpmagazine_modules_lite_featured_media_urls":{"thumbnail":["https:\/\/www.fatosefotosnews.com.br\/wp-content\/uploads\/2024\/04\/a191d9e4396fc81ad16efd39ca63e98f-150x150.jpeg",150,150,true],"cvmm-medium":["https:\/\/www.fatosefotosnews.com.br\/wp-content\/uploads\/2024\/04\/a191d9e4396fc81ad16efd39ca63e98f-300x300.jpeg",300,300,true],"cvmm-medium-plus":["https:\/\/www.fatosefotosnews.com.br\/wp-content\/uploads\/2024\/04\/a191d9e4396fc81ad16efd39ca63e98f-305x207.jpeg",305,207,true],"cvmm-portrait":["https:\/\/www.fatosefotosnews.com.br\/wp-content\/uploads\/2024\/04\/a191d9e4396fc81ad16efd39ca63e98f-400x576.jpeg",400,576,true],"cvmm-medium-square":["https:\/\/www.fatosefotosnews.com.br\/wp-content\/uploads\/2024\/04\/a191d9e4396fc81ad16efd39ca63e98f-600x576.jpeg",600,576,true],"cvmm-large":["https:\/\/www.fatosefotosnews.com.br\/wp-content\/uploads\/2024\/04\/a191d9e4396fc81ad16efd39ca63e98f.jpeg",1024,576,false],"cvmm-small":["https:\/\/www.fatosefotosnews.com.br\/wp-content\/uploads\/2024\/04\/a191d9e4396fc81ad16efd39ca63e98f-130x95.jpeg",130,95,true],"full":["https:\/\/www.fatosefotosnews.com.br\/wp-content\/uploads\/2024\/04\/a191d9e4396fc81ad16efd39ca63e98f.jpeg",1024,576,false]},"_links":{"self":[{"href":"https:\/\/www.fatosefotosnews.com.br\/index.php?rest_route=\/wp\/v2\/posts\/84548","targetHints":{"allow":["GET"]}}],"collection":[{"href":"https:\/\/www.fatosefotosnews.com.br\/index.php?rest_route=\/wp\/v2\/posts"}],"about":[{"href":"https:\/\/www.fatosefotosnews.com.br\/index.php?rest_route=\/wp\/v2\/types\/post"}],"author":[{"embeddable":true,"href":"https:\/\/www.fatosefotosnews.com.br\/index.php?rest_route=\/wp\/v2\/users\/5"}],"replies":[{"embeddable":true,"href":"https:\/\/www.fatosefotosnews.com.br\/index.php?rest_route=%2Fwp%2Fv2%2Fcomments&post=84548"}],"version-history":[{"count":0,"href":"https:\/\/www.fatosefotosnews.com.br\/index.php?rest_route=\/wp\/v2\/posts\/84548\/revisions"}],"wp:featuredmedia":[{"embeddable":true,"href":"https:\/\/www.fatosefotosnews.com.br\/index.php?rest_route=\/wp\/v2\/media\/84549"}],"wp:attachment":[{"href":"https:\/\/www.fatosefotosnews.com.br\/index.php?rest_route=%2Fwp%2Fv2%2Fmedia&parent=84548"}],"wp:term":[{"taxonomy":"category","embeddable":true,"href":"https:\/\/www.fatosefotosnews.com.br\/index.php?rest_route=%2Fwp%2Fv2%2Fcategories&post=84548"},{"taxonomy":"post_tag","embeddable":true,"href":"https:\/\/www.fatosefotosnews.com.br\/index.php?rest_route=%2Fwp%2Fv2%2Ftags&post=84548"}],"curies":[{"name":"wp","href":"https:\/\/api.w.org\/{rel}","templated":true}]}}