{"id":85926,"date":"2024-05-07T13:35:43","date_gmt":"2024-05-07T16:35:43","guid":{"rendered":"https:\/\/www.fatosefotosnews.com.br\/rs-semana-comeca-com-tempo-quente-na-metade-norte-e-temporais-no-sul\/"},"modified":"2024-05-07T13:35:43","modified_gmt":"2024-05-07T16:35:43","slug":"rs-semana-comeca-com-tempo-quente-na-metade-norte-e-temporais-no-sul","status":"publish","type":"post","link":"https:\/\/www.fatosefotosnews.com.br\/?p=85926","title":{"rendered":"RS: semana come\u00e7a com tempo quente na metade norte e temporais no sul"},"content":{"rendered":"<p>Ao longo desta ter\u00e7a-feira (7), \u00e1reas do centro e toda a metade norte do Rio Grande do Sul passam por um breve per\u00edodo de tempo quente e seco. Nesses dias, s\u00e3o previstas rajadas de vento acima dos 60 km\/h especialmente na regi\u00e3o de Santa Maria. As informa\u00e7\u00f5es s\u00e3o do Instituto Nacional de Meteorologia (Inmet), \u00f3rg\u00e3o do Minist\u00e9rio da Agricultura e Pecu\u00e1ria.<img decoding=\"async\" src=\"https:\/\/agenciabrasil.ebc.com.br\/ebc.png?id=1593798&#038;o=node\" style=\"width:1px;height:1px\"><img decoding=\"async\" src=\"https:\/\/agenciabrasil.ebc.com.br\/ebc.gif?id=1593798&#038;o=node\" style=\"width:1px;height:1px\"><\/p>\n<p>Entretanto, nas \u00e1reas mais ao sul do estado\u00a0e toda a \u00e1rea de fronteira com o Uruguai, fortes \u00e1reas de instabilidade devem causar chuvas volumosas e temporais. No extremo sul do Rio Grande do Sul, os volumes de chuva devem exceder os 100 mil\u00edmetros (mm) em 24 horas, podendo superar os 150 mm at\u00e9 o in\u00edcio da quarta-feira (8). No entorno da regi\u00e3o de Pelotas, Rio Grande, em dire\u00e7\u00e3o \u00e0 Campanha e oeste do estado, at\u00e9 a \u00e1rea de Alegrete e S\u00e3o Borja, tamb\u00e9m s\u00e3o previstos temporais, ventos com rajadas acima dos 70 km\/h e queda de granizo.<\/p>\n<p>Entre o final desta\u00a0ter\u00e7a (7) e o decorrer de\u00a0quarta-feira (8), o deslocamento de um amplo sistema de baixa press\u00e3o atmosf\u00e9rica, no norte da Argentina em dire\u00e7\u00e3o ao sul do Uruguai, e a forma\u00e7\u00e3o de um ciclone extratropical que, de forma r\u00e1pida, se deslocar\u00e1 para o oceano, vai estender uma frente fria, que cruza o Rio Grande do Sul e traz instabilidade \u00e0s demais \u00e1reas do estado. Nesse per\u00edodo, a previs\u00e3o indica queda acentuada de temperaturas m\u00e1ximas, com prov\u00e1veis rajadas de vento acima dos 80m km\/h e chuva entre 20 e\u00a050 mm em diversas partes do estado.<\/p>\n<p>No fim da quarta-feira (8), no sul e no oeste do Rio Grande do Sul, o tempo fica frio e seco devido ao ingresso de um sistema de alta press\u00e3o atmosf\u00e9rica. Nas demais \u00e1reas, a instabilidade cessa no fim do dia.<\/p>\n<p>De acordo com o Inmet, a quinta-feira (9) ser\u00e1 de tempo frio e seco na maior parte do estado ga\u00facho. No fim do dia, pode chover no norte do estado. As temperaturas m\u00ednimas devem variar de 4\u00b0C a 8\u00b0C nas \u00e1reas mais frias do sudoeste, Planalto e Serra. Na capital, Porto Alegre, as temperaturas m\u00ednimas ficam ao redor dos 12\u00b0C.<\/p>\n<p>Ao longo de\u00a0sexta-feira (10), a instabilidade retorna. No fim de semana, a forma\u00e7\u00e3o de uma frente fria, com amplo ingresso de refor\u00e7o de ar frio de origem polar, provocam chuva.<\/p>\n<p>Para o fim de semana, a expectativa \u00e9 de tempo \u00famido e gradativamente mais frio. A chuva com mais intensidade deve ocorrer no norte e leste do estado. No sul e oeste, por sua vez, o tempo fica mais seco a partir da segunda-feira (13).<\/p>\n<p id=\"infocoweb_fonte\" class=\"infocoweb_fonte\">Fonte: <a target=\"_blank\" href=\"https:\/\/agenciabrasil.ebc.com.br\/geral\/noticia\/2024-05\/rs-semana-comeca-com-tempo-quente-na-metade-norte-e-temporais-no-sul#1b597323-e57f-461b-84fb-8c4f7a949537\" rel=\"noopener\">EBC GERAL<\/a><\/p>\n","protected":false},"excerpt":{"rendered":"<p>Ao longo desta ter\u00e7a-feira (7), \u00e1reas do centro e toda a metade norte do Rio Grande do Sul passam por um breve per\u00edodo de tempo quente e seco. Nesses dias, s\u00e3o previstas rajadas de vento acima dos 60 km\/h especialmente na regi\u00e3o de Santa Maria. As informa\u00e7\u00f5es s\u00e3o do Instituto Nacional de Meteorologia (Inmet), \u00f3rg\u00e3o [&hellip;]<\/p>\n","protected":false},"author":5,"featured_media":85927,"comment_status":"open","ping_status":"open","sticky":false,"template":"","format":"standard","meta":{"_acf_changed":false,"_angie_page":false,"_monsterinsights_skip_tracking":false,"_themeisle_gutenberg_block_has_review":false,"page_builder":"","footnotes":"","jetpack_publicize_message":"","jetpack_publicize_feature_enabled":true,"jetpack_social_post_already_shared":false,"jetpack_social_options":{"image_generator_settings":{"template":"highway","default_image_id":0,"font":"","enabled":false},"version":2}},"categories":[167],"tags":[5254,906,10864,529,528,1275],"class_list":["post-85926","post","type-post","status-publish","format-standard","has-post-thumbnail","hentry","category-geral","tag-metade","tag-norte","tag-quente","tag-semana","tag-tempo","tag-temporais"],"acf":[],"nelio_content":{"autoShareEndMode":"never","automationSources":{"useCustomSentences":false,"customSentences":[]},"efiAlt":"","efiUrl":"","followers":[5],"highlights":[],"isAutoShareEnabled":true,"networkImageIds":[],"permalinkQueryArgs":[],"series":[],"suggestedReferences":[]},"yoast_head":"<!-- This site is optimized with the Yoast SEO plugin v28.3 - https:\/\/yoast.com\/product\/yoast-seo-wordpress\/ -->\n<title>RS: semana come\u00e7a com tempo quente na metade norte e temporais no sul<\/title>\n<meta name=\"description\" content=\"RS: semana come\u00e7a com tempo quente na metade norte e temporais no sul\" \/>\n<meta name=\"robots\" content=\"index, follow, max-snippet:-1, max-image-preview:large, max-video-preview:-1\" \/>\n<link rel=\"canonical\" href=\"https:\/\/www.fatosefotosnews.com.br\/?p=85926\" \/>\n<meta property=\"og:locale\" content=\"pt_BR\" \/>\n<meta property=\"og:type\" content=\"article\" \/>\n<meta property=\"og:title\" content=\"RS: semana come\u00e7a com tempo quente na metade norte e temporais no sul\" \/>\n<meta property=\"og:description\" content=\"RS: semana come\u00e7a com tempo quente na metade norte e temporais no sul\" \/>\n<meta property=\"og:url\" content=\"https:\/\/www.fatosefotosnews.com.br\/?p=85926\" \/>\n<meta property=\"og:site_name\" content=\"Fatos e Fotos News\" \/>\n<meta property=\"article:published_time\" content=\"2024-05-07T16:35:43+00:00\" \/>\n<meta property=\"og:image\" content=\"https:\/\/www.fatosefotosnews.com.br\/wp-content\/uploads\/2024\/05\/d571b5d51baea70d4638e1c8affbf452.jpeg\" \/>\n\t<meta property=\"og:image:width\" content=\"1024\" \/>\n\t<meta property=\"og:image:height\" content=\"512\" \/>\n\t<meta property=\"og:image:type\" content=\"image\/jpeg\" \/>\n<meta name=\"author\" content=\"Da Reda\u00e7\u00e3o\" \/>\n<meta name=\"twitter:card\" content=\"summary_large_image\" \/>\n<meta name=\"twitter:label1\" content=\"Escrito por\" \/>\n\t<meta name=\"twitter:data1\" content=\"Da Reda\u00e7\u00e3o\" \/>\n\t<meta name=\"twitter:label2\" content=\"Est. tempo de leitura\" \/>\n\t<meta name=\"twitter:data2\" content=\"99 minutos\" \/>\n<script type=\"application\/ld+json\" class=\"yoast-schema-graph\">{\"@context\":\"https:\\\/\\\/schema.org\",\"@graph\":[{\"@type\":\"Article\",\"@id\":\"https:\\\/\\\/www.fatosefotosnews.com.br\\\/?p=85926#article\",\"isPartOf\":{\"@id\":\"https:\\\/\\\/www.fatosefotosnews.com.br\\\/?p=85926\"},\"author\":{\"name\":\"Da Reda\u00e7\u00e3o\",\"@id\":\"https:\\\/\\\/www.fatosefotosnews.com.br\\\/#\\\/schema\\\/person\\\/3b80f81d08670fb1f6690e07eb8b5dc6\"},\"headline\":\"RS: semana come\u00e7a com tempo quente na metade norte e temporais no sul\",\"datePublished\":\"2024-05-07T16:35:43+00:00\",\"mainEntityOfPage\":{\"@id\":\"https:\\\/\\\/www.fatosefotosnews.com.br\\\/?p=85926\"},\"wordCount\":471,\"commentCount\":0,\"publisher\":{\"@id\":\"https:\\\/\\\/www.fatosefotosnews.com.br\\\/#organization\"},\"image\":{\"@id\":\"https:\\\/\\\/www.fatosefotosnews.com.br\\\/?p=85926#primaryimage\"},\"thumbnailUrl\":\"https:\\\/\\\/www.fatosefotosnews.com.br\\\/wp-content\\\/uploads\\\/2024\\\/05\\\/d571b5d51baea70d4638e1c8affbf452.jpeg\",\"keywords\":[\"metade\",\"norte\",\"quente\",\"semana\",\"tempo\",\"temporais\"],\"articleSection\":[\"Geral\"],\"inLanguage\":\"pt-BR\",\"potentialAction\":[{\"@type\":\"CommentAction\",\"name\":\"Comment\",\"target\":[\"https:\\\/\\\/www.fatosefotosnews.com.br\\\/?p=85926#respond\"]}]},{\"@type\":\"WebPage\",\"@id\":\"https:\\\/\\\/www.fatosefotosnews.com.br\\\/?p=85926\",\"url\":\"https:\\\/\\\/www.fatosefotosnews.com.br\\\/?p=85926\",\"name\":\"RS: semana come\u00e7a com tempo quente na metade norte e temporais no sul\",\"isPartOf\":{\"@id\":\"https:\\\/\\\/www.fatosefotosnews.com.br\\\/#website\"},\"primaryImageOfPage\":{\"@id\":\"https:\\\/\\\/www.fatosefotosnews.com.br\\\/?p=85926#primaryimage\"},\"image\":{\"@id\":\"https:\\\/\\\/www.fatosefotosnews.com.br\\\/?p=85926#primaryimage\"},\"thumbnailUrl\":\"https:\\\/\\\/www.fatosefotosnews.com.br\\\/wp-content\\\/uploads\\\/2024\\\/05\\\/d571b5d51baea70d4638e1c8affbf452.jpeg\",\"datePublished\":\"2024-05-07T16:35:43+00:00\",\"description\":\"RS: semana come\u00e7a com tempo quente na metade norte e temporais no sul\",\"breadcrumb\":{\"@id\":\"https:\\\/\\\/www.fatosefotosnews.com.br\\\/?p=85926#breadcrumb\"},\"inLanguage\":\"pt-BR\",\"potentialAction\":[{\"@type\":\"ReadAction\",\"target\":[\"https:\\\/\\\/www.fatosefotosnews.com.br\\\/?p=85926\"]}]},{\"@type\":\"ImageObject\",\"inLanguage\":\"pt-BR\",\"@id\":\"https:\\\/\\\/www.fatosefotosnews.com.br\\\/?p=85926#primaryimage\",\"url\":\"https:\\\/\\\/www.fatosefotosnews.com.br\\\/wp-content\\\/uploads\\\/2024\\\/05\\\/d571b5d51baea70d4638e1c8affbf452.jpeg\",\"contentUrl\":\"https:\\\/\\\/www.fatosefotosnews.com.br\\\/wp-content\\\/uploads\\\/2024\\\/05\\\/d571b5d51baea70d4638e1c8affbf452.jpeg\",\"width\":1024,\"height\":512,\"caption\":\"\u00a9 Marcelo Camargo\\\/Ag\u00eancia\"},{\"@type\":\"BreadcrumbList\",\"@id\":\"https:\\\/\\\/www.fatosefotosnews.com.br\\\/?p=85926#breadcrumb\",\"itemListElement\":[{\"@type\":\"ListItem\",\"position\":1,\"name\":\"In\u00edcio\",\"item\":\"https:\\\/\\\/www.fatosefotosnews.com.br\\\/\"},{\"@type\":\"ListItem\",\"position\":2,\"name\":\"RS: semana come\u00e7a com tempo quente na metade norte e temporais no sul\"}]},{\"@type\":\"WebSite\",\"@id\":\"https:\\\/\\\/www.fatosefotosnews.com.br\\\/#website\",\"url\":\"https:\\\/\\\/www.fatosefotosnews.com.br\\\/\",\"name\":\"Fatos e Fotos News\",\"description\":\"Um site de noticial verdadeira e confi\u00e1veis.\",\"publisher\":{\"@id\":\"https:\\\/\\\/www.fatosefotosnews.com.br\\\/#organization\"},\"potentialAction\":[{\"@type\":\"SearchAction\",\"target\":{\"@type\":\"EntryPoint\",\"urlTemplate\":\"https:\\\/\\\/www.fatosefotosnews.com.br\\\/?s={search_term_string}\"},\"query-input\":{\"@type\":\"PropertyValueSpecification\",\"valueRequired\":true,\"valueName\":\"search_term_string\"}}],\"inLanguage\":\"pt-BR\"},{\"@type\":\"Organization\",\"@id\":\"https:\\\/\\\/www.fatosefotosnews.com.br\\\/#organization\",\"name\":\"Fatos e Fotos News\",\"url\":\"https:\\\/\\\/www.fatosefotosnews.com.br\\\/\",\"logo\":{\"@type\":\"ImageObject\",\"inLanguage\":\"pt-BR\",\"@id\":\"https:\\\/\\\/www.fatosefotosnews.com.br\\\/#\\\/schema\\\/logo\\\/image\\\/\",\"url\":\"https:\\\/\\\/www.fatosefotosnews.com.br\\\/wp-content\\\/uploads\\\/2023\\\/02\\\/Fatos-e-Fotos-news-logo.png\",\"contentUrl\":\"https:\\\/\\\/www.fatosefotosnews.com.br\\\/wp-content\\\/uploads\\\/2023\\\/02\\\/Fatos-e-Fotos-news-logo.png\",\"width\":300,\"height\":58,\"caption\":\"Fatos e Fotos News\"},\"image\":{\"@id\":\"https:\\\/\\\/www.fatosefotosnews.com.br\\\/#\\\/schema\\\/logo\\\/image\\\/\"}},{\"@type\":\"Person\",\"@id\":\"https:\\\/\\\/www.fatosefotosnews.com.br\\\/#\\\/schema\\\/person\\\/3b80f81d08670fb1f6690e07eb8b5dc6\",\"name\":\"Da Reda\u00e7\u00e3o\",\"image\":{\"@type\":\"ImageObject\",\"inLanguage\":\"pt-BR\",\"@id\":\"https:\\\/\\\/secure.gravatar.com\\\/avatar\\\/696d39935a657bf0fc95044dbc9f912520430a0eb6dd46c85dd97eb6483b249b?s=96&d=mm&r=g\",\"url\":\"https:\\\/\\\/secure.gravatar.com\\\/avatar\\\/696d39935a657bf0fc95044dbc9f912520430a0eb6dd46c85dd97eb6483b249b?s=96&d=mm&r=g\",\"contentUrl\":\"https:\\\/\\\/secure.gravatar.com\\\/avatar\\\/696d39935a657bf0fc95044dbc9f912520430a0eb6dd46c85dd97eb6483b249b?s=96&d=mm&r=g\",\"caption\":\"Da Reda\u00e7\u00e3o\"},\"url\":\"https:\\\/\\\/www.fatosefotosnews.com.br\\\/?author=5\"}]}<\/script>\n<!-- \/ Yoast SEO plugin. -->","yoast_head_json":{"title":"RS: semana come\u00e7a com tempo quente na metade norte e temporais no sul","description":"RS: semana come\u00e7a com tempo quente na metade norte e temporais no sul","robots":{"index":"index","follow":"follow","max-snippet":"max-snippet:-1","max-image-preview":"max-image-preview:large","max-video-preview":"max-video-preview:-1"},"canonical":"https:\/\/www.fatosefotosnews.com.br\/?p=85926","og_locale":"pt_BR","og_type":"article","og_title":"RS: semana come\u00e7a com tempo quente na metade norte e temporais no sul","og_description":"RS: semana come\u00e7a com tempo quente na metade norte e temporais no sul","og_url":"https:\/\/www.fatosefotosnews.com.br\/?p=85926","og_site_name":"Fatos e Fotos News","article_published_time":"2024-05-07T16:35:43+00:00","og_image":[{"width":1024,"height":512,"url":"https:\/\/www.fatosefotosnews.com.br\/wp-content\/uploads\/2024\/05\/d571b5d51baea70d4638e1c8affbf452.jpeg","type":"image\/jpeg"}],"author":"Da Reda\u00e7\u00e3o","twitter_card":"summary_large_image","twitter_misc":{"Escrito por":"Da Reda\u00e7\u00e3o","Est. tempo de leitura":"99 minutos"},"schema":{"@context":"https:\/\/schema.org","@graph":[{"@type":"Article","@id":"https:\/\/www.fatosefotosnews.com.br\/?p=85926#article","isPartOf":{"@id":"https:\/\/www.fatosefotosnews.com.br\/?p=85926"},"author":{"name":"Da Reda\u00e7\u00e3o","@id":"https:\/\/www.fatosefotosnews.com.br\/#\/schema\/person\/3b80f81d08670fb1f6690e07eb8b5dc6"},"headline":"RS: semana come\u00e7a com tempo quente na metade norte e temporais no sul","datePublished":"2024-05-07T16:35:43+00:00","mainEntityOfPage":{"@id":"https:\/\/www.fatosefotosnews.com.br\/?p=85926"},"wordCount":471,"commentCount":0,"publisher":{"@id":"https:\/\/www.fatosefotosnews.com.br\/#organization"},"image":{"@id":"https:\/\/www.fatosefotosnews.com.br\/?p=85926#primaryimage"},"thumbnailUrl":"https:\/\/www.fatosefotosnews.com.br\/wp-content\/uploads\/2024\/05\/d571b5d51baea70d4638e1c8affbf452.jpeg","keywords":["metade","norte","quente","semana","tempo","temporais"],"articleSection":["Geral"],"inLanguage":"pt-BR","potentialAction":[{"@type":"CommentAction","name":"Comment","target":["https:\/\/www.fatosefotosnews.com.br\/?p=85926#respond"]}]},{"@type":"WebPage","@id":"https:\/\/www.fatosefotosnews.com.br\/?p=85926","url":"https:\/\/www.fatosefotosnews.com.br\/?p=85926","name":"RS: semana come\u00e7a com tempo quente na metade norte e temporais no sul","isPartOf":{"@id":"https:\/\/www.fatosefotosnews.com.br\/#website"},"primaryImageOfPage":{"@id":"https:\/\/www.fatosefotosnews.com.br\/?p=85926#primaryimage"},"image":{"@id":"https:\/\/www.fatosefotosnews.com.br\/?p=85926#primaryimage"},"thumbnailUrl":"https:\/\/www.fatosefotosnews.com.br\/wp-content\/uploads\/2024\/05\/d571b5d51baea70d4638e1c8affbf452.jpeg","datePublished":"2024-05-07T16:35:43+00:00","description":"RS: semana come\u00e7a com tempo quente na metade norte e temporais no sul","breadcrumb":{"@id":"https:\/\/www.fatosefotosnews.com.br\/?p=85926#breadcrumb"},"inLanguage":"pt-BR","potentialAction":[{"@type":"ReadAction","target":["https:\/\/www.fatosefotosnews.com.br\/?p=85926"]}]},{"@type":"ImageObject","inLanguage":"pt-BR","@id":"https:\/\/www.fatosefotosnews.com.br\/?p=85926#primaryimage","url":"https:\/\/www.fatosefotosnews.com.br\/wp-content\/uploads\/2024\/05\/d571b5d51baea70d4638e1c8affbf452.jpeg","contentUrl":"https:\/\/www.fatosefotosnews.com.br\/wp-content\/uploads\/2024\/05\/d571b5d51baea70d4638e1c8affbf452.jpeg","width":1024,"height":512,"caption":"\u00a9 Marcelo Camargo\/Ag\u00eancia"},{"@type":"BreadcrumbList","@id":"https:\/\/www.fatosefotosnews.com.br\/?p=85926#breadcrumb","itemListElement":[{"@type":"ListItem","position":1,"name":"In\u00edcio","item":"https:\/\/www.fatosefotosnews.com.br\/"},{"@type":"ListItem","position":2,"name":"RS: semana come\u00e7a com tempo quente na metade norte e temporais no sul"}]},{"@type":"WebSite","@id":"https:\/\/www.fatosefotosnews.com.br\/#website","url":"https:\/\/www.fatosefotosnews.com.br\/","name":"Fatos e Fotos News","description":"Um site de noticial verdadeira e confi\u00e1veis.","publisher":{"@id":"https:\/\/www.fatosefotosnews.com.br\/#organization"},"potentialAction":[{"@type":"SearchAction","target":{"@type":"EntryPoint","urlTemplate":"https:\/\/www.fatosefotosnews.com.br\/?s={search_term_string}"},"query-input":{"@type":"PropertyValueSpecification","valueRequired":true,"valueName":"search_term_string"}}],"inLanguage":"pt-BR"},{"@type":"Organization","@id":"https:\/\/www.fatosefotosnews.com.br\/#organization","name":"Fatos e Fotos News","url":"https:\/\/www.fatosefotosnews.com.br\/","logo":{"@type":"ImageObject","inLanguage":"pt-BR","@id":"https:\/\/www.fatosefotosnews.com.br\/#\/schema\/logo\/image\/","url":"https:\/\/www.fatosefotosnews.com.br\/wp-content\/uploads\/2023\/02\/Fatos-e-Fotos-news-logo.png","contentUrl":"https:\/\/www.fatosefotosnews.com.br\/wp-content\/uploads\/2023\/02\/Fatos-e-Fotos-news-logo.png","width":300,"height":58,"caption":"Fatos e Fotos News"},"image":{"@id":"https:\/\/www.fatosefotosnews.com.br\/#\/schema\/logo\/image\/"}},{"@type":"Person","@id":"https:\/\/www.fatosefotosnews.com.br\/#\/schema\/person\/3b80f81d08670fb1f6690e07eb8b5dc6","name":"Da Reda\u00e7\u00e3o","image":{"@type":"ImageObject","inLanguage":"pt-BR","@id":"https:\/\/secure.gravatar.com\/avatar\/696d39935a657bf0fc95044dbc9f912520430a0eb6dd46c85dd97eb6483b249b?s=96&d=mm&r=g","url":"https:\/\/secure.gravatar.com\/avatar\/696d39935a657bf0fc95044dbc9f912520430a0eb6dd46c85dd97eb6483b249b?s=96&d=mm&r=g","contentUrl":"https:\/\/secure.gravatar.com\/avatar\/696d39935a657bf0fc95044dbc9f912520430a0eb6dd46c85dd97eb6483b249b?s=96&d=mm&r=g","caption":"Da Reda\u00e7\u00e3o"},"url":"https:\/\/www.fatosefotosnews.com.br\/?author=5"}]}},"jetpack_publicize_connections":[],"blog_post_layout_featured_media_urls":{"thumbnail":["https:\/\/www.fatosefotosnews.com.br\/wp-content\/uploads\/2024\/05\/d571b5d51baea70d4638e1c8affbf452-150x150.jpeg",150,150,true],"full":["https:\/\/www.fatosefotosnews.com.br\/wp-content\/uploads\/2024\/05\/d571b5d51baea70d4638e1c8affbf452.jpeg",1024,512,false]},"categories_names":{"167":{"name":"Geral","link":"https:\/\/www.fatosefotosnews.com.br\/?cat=167"}},"tags_names":{"5254":{"name":"metade","link":"https:\/\/www.fatosefotosnews.com.br\/?tag=metade"},"906":{"name":"norte","link":"https:\/\/www.fatosefotosnews.com.br\/?tag=norte"},"10864":{"name":"quente","link":"https:\/\/www.fatosefotosnews.com.br\/?tag=quente"},"529":{"name":"semana","link":"https:\/\/www.fatosefotosnews.com.br\/?tag=semana"},"528":{"name":"tempo","link":"https:\/\/www.fatosefotosnews.com.br\/?tag=tempo"},"1275":{"name":"temporais","link":"https:\/\/www.fatosefotosnews.com.br\/?tag=temporais"}},"comments_number":"0","wpmagazine_modules_lite_featured_media_urls":{"thumbnail":["https:\/\/www.fatosefotosnews.com.br\/wp-content\/uploads\/2024\/05\/d571b5d51baea70d4638e1c8affbf452-150x150.jpeg",150,150,true],"cvmm-medium":["https:\/\/www.fatosefotosnews.com.br\/wp-content\/uploads\/2024\/05\/d571b5d51baea70d4638e1c8affbf452-300x300.jpeg",300,300,true],"cvmm-medium-plus":["https:\/\/www.fatosefotosnews.com.br\/wp-content\/uploads\/2024\/05\/d571b5d51baea70d4638e1c8affbf452-305x207.jpeg",305,207,true],"cvmm-portrait":["https:\/\/www.fatosefotosnews.com.br\/wp-content\/uploads\/2024\/05\/d571b5d51baea70d4638e1c8affbf452-400x512.jpeg",400,512,true],"cvmm-medium-square":["https:\/\/www.fatosefotosnews.com.br\/wp-content\/uploads\/2024\/05\/d571b5d51baea70d4638e1c8affbf452-600x512.jpeg",600,512,true],"cvmm-large":["https:\/\/www.fatosefotosnews.com.br\/wp-content\/uploads\/2024\/05\/d571b5d51baea70d4638e1c8affbf452.jpeg",1024,512,false],"cvmm-small":["https:\/\/www.fatosefotosnews.com.br\/wp-content\/uploads\/2024\/05\/d571b5d51baea70d4638e1c8affbf452-130x95.jpeg",130,95,true],"full":["https:\/\/www.fatosefotosnews.com.br\/wp-content\/uploads\/2024\/05\/d571b5d51baea70d4638e1c8affbf452.jpeg",1024,512,false]},"_links":{"self":[{"href":"https:\/\/www.fatosefotosnews.com.br\/index.php?rest_route=\/wp\/v2\/posts\/85926","targetHints":{"allow":["GET"]}}],"collection":[{"href":"https:\/\/www.fatosefotosnews.com.br\/index.php?rest_route=\/wp\/v2\/posts"}],"about":[{"href":"https:\/\/www.fatosefotosnews.com.br\/index.php?rest_route=\/wp\/v2\/types\/post"}],"author":[{"embeddable":true,"href":"https:\/\/www.fatosefotosnews.com.br\/index.php?rest_route=\/wp\/v2\/users\/5"}],"replies":[{"embeddable":true,"href":"https:\/\/www.fatosefotosnews.com.br\/index.php?rest_route=%2Fwp%2Fv2%2Fcomments&post=85926"}],"version-history":[{"count":0,"href":"https:\/\/www.fatosefotosnews.com.br\/index.php?rest_route=\/wp\/v2\/posts\/85926\/revisions"}],"wp:featuredmedia":[{"embeddable":true,"href":"https:\/\/www.fatosefotosnews.com.br\/index.php?rest_route=\/wp\/v2\/media\/85927"}],"wp:attachment":[{"href":"https:\/\/www.fatosefotosnews.com.br\/index.php?rest_route=%2Fwp%2Fv2%2Fmedia&parent=85926"}],"wp:term":[{"taxonomy":"category","embeddable":true,"href":"https:\/\/www.fatosefotosnews.com.br\/index.php?rest_route=%2Fwp%2Fv2%2Fcategories&post=85926"},{"taxonomy":"post_tag","embeddable":true,"href":"https:\/\/www.fatosefotosnews.com.br\/index.php?rest_route=%2Fwp%2Fv2%2Ftags&post=85926"}],"curies":[{"name":"wp","href":"https:\/\/api.w.org\/{rel}","templated":true}]}}