{"id":89782,"date":"2024-05-29T16:30:33","date_gmt":"2024-05-29T19:30:33","guid":{"rendered":"https:\/\/www.fatosefotosnews.com.br\/brl-educacao-promove-acao-solidaria-para-vitimas-do-rio-grande-do-sul\/"},"modified":"2024-05-29T16:30:33","modified_gmt":"2024-05-29T19:30:33","slug":"brl-educacao-promove-acao-solidaria-para-vitimas-do-rio-grande-do-sul","status":"publish","type":"post","link":"https:\/\/www.fatosefotosnews.com.br\/?p=89782","title":{"rendered":"BRL Educa\u00e7\u00e3o Promove A\u00e7\u00e3o Solid\u00e1ria para v\u00edtimas do Rio Grande do Sul"},"content":{"rendered":"<p><meta name=\"robots\" content=\"noindex\"><mreta name=\"googlebot\" content=\"noindex\"><\/p>\n<div class=\"Noticia_Foto fato\">\n<figure class=\"foto-legenda\" style=\"position: relative\">\n<div class=\"foto-legenda-img\"> <img loading=\"lazy\" decoding=\"async\" src=\"https:\/\/i0.statig.com.br\/bancodeimagens\/8w\/yt\/yu\/8wytyusje2531u332p9o7nh3z.jpg\" loading=\"lazy\" width=\"652\" height=\"408\" alt=\"BRL Educa\u00e7\u00e3o Promove A\u00e7\u00e3o Solid\u00e1ria para v\u00edtimas do Rio Grande do Sul\" title=\"BRL Educa\u00e7\u00e3o Promove A\u00e7\u00e3o Solid\u00e1ria para v\u00edtimas do Rio Grande do Sul\"> <\/div><figcaption class=\"foto-legenda-citacao\"> <cite>Rafael Badra<\/cite> <\/p>\n<div class=\"foto-legenda-citacao-text\">BRL Educa\u00e7\u00e3o Promove A\u00e7\u00e3o Solid\u00e1ria para v\u00edtimas do Rio Grande do Sul<\/div>\n<\/figcaption><\/figure>\n<\/p>\n<\/div>\n<p> <span>A <a href=\"https:\/\/gpsbrasilia.com.br\/infusao-4-0-acelerando-o-sucesso-empresarial-com-o-grupo-brl\/\">BRL Educa\u00e7\u00e3o<\/a> , escola de educa\u00e7\u00e3o corporativa liderada pelo mentor e CEO Ravell Nava, realizar\u00e1 uma a\u00e7\u00e3o solid\u00e1ria no pr\u00f3ximo feriado, 30 de maio, com o objetivo de arrecadar alimentos para as v\u00edtimas das recentes enchentes no Rio Grande do Sul.<\/span> <\/p>\n<p> <span>O evento, que acontecer\u00e1 no audit\u00f3rio da BRL, localizado no Edif\u00edcio City Offices em Bras\u00edlia, contar\u00e1 com um aul\u00e3o de planejamento estrat\u00e9gico empresarial ministrado pelo pr\u00f3prio Ravell Nava. A entrada para a aula ser\u00e1 um quilo de alimento n\u00e3o perec\u00edvel, mas os participantes s\u00e3o incentivados a doar a quantidade que desejarem, com a meta de alcan\u00e7ar uma tonelada de alimentos a serem doados.<\/span> <\/p>\n<p> <span>\u201cA BRL Educa\u00e7\u00e3o sempre se dedicou a apoiar empres\u00e1rios com conhecimento e ferramentas para o sucesso em suas empresas. Agora, estamos utilizando nossa plataforma para apoiar uma causa maior e ajudar aqueles que foram afetados pelas enchentes no Rio Grande do Sul\u201d, declarou Ravell Nava.<\/span> <\/p>\n<p> <span>Toda a estrutura da BRL Educa\u00e7\u00e3o estar\u00e1 \u00e0 disposi\u00e7\u00e3o para a arrecada\u00e7\u00e3o dos alimentos, demonstrando o compromisso da institui\u00e7\u00e3o com a responsabilidade social e a solidariedade. A a\u00e7\u00e3o \u00e9 uma oportunidade para empres\u00e1rios e a comunidade em geral contribu\u00edrem de maneira significativa, participando de uma aula enriquecedora enquanto ajudam quem mais precisa.<\/span> <\/p>\n<p> <span>A BRL Educa\u00e7\u00e3o convida todos os empres\u00e1rios e membros da comunidade a se unirem a essa causa nobre. Al\u00e9m de adquirir valiosos conhecimentos em planejamento estrat\u00e9gico, os participantes ter\u00e3o a chance de fazer a diferen\u00e7a na vida de muitas fam\u00edlias que enfrentam dificuldades devido \u00e0s enchentes.<\/span> <\/p>\n<p> <span>Para mais informa\u00e7\u00f5es sobre o evento e como participar, visite o site <\/span> <a href=\"https:\/\/brleducacao.com.br\/negocioscomproposito\/\"> <span>Neg\u00f3cios Com Prop\u00f3sito <\/span> <\/a> <span>ou entre em contato diretamente com a institui\u00e7\u00e3o.<\/span> <\/p>\n<p> <b>Servi\u00e7o:<\/b> <\/p>\n<ul>\n<li> <b>Evento:<\/b> <span> Aul\u00e3o de Planejamento Estrat\u00e9gico com Ravell Nava<\/span> <\/li>\n<li> <b>Data:<\/b> <span> 30 de maio de 2024<\/span> <\/li>\n<li> <b>Local:<\/b> <span> Audit\u00f3rio BRL, Ed. City Offices, Bras\u00edlia<\/span> <\/li>\n<li> <b>Entrada:<\/b> <span> 1 quilo de alimento n\u00e3o perec\u00edvel (doa\u00e7\u00f5es adicionais s\u00e3o bem-vindas)<\/span> <\/li>\n<\/ul>\n<p> <b>Contato:<\/b> <\/p>\n<ul>\n<li> <b>Site:<\/b> <span>https:\/\/brleducacao.com.br\/negocioscomproposito\/<\/span> <\/li>\n<li> <b>Telefone:<\/b> <span> (61) 982560541<\/span> <\/li>\n<\/ul>\n<p>The post <a href=\"https:\/\/gpsbrasilia.com.br\/brl-educacao-promove-acao-solidaria-para-vitimas-do-rio-grande-do-sul\/\">BRL Educa\u00e7\u00e3o Promove A\u00e7\u00e3o Solid\u00e1ria para v\u00edtimas do Rio Grande do Sul<\/a> first appeared on <a href=\"https:\/\/gpsbrasilia.com.br\">GPS Bras\u00edlia &#8211; Portal de Not\u00edcias do DF<\/a> .<\/p>\n<p id=\"infocoweb_fonte\" class=\"infocoweb_fonte\">Fonte: <a target=\"_blank\" href=\"http:\/\/ultimosegundo.ig.com.br\/parceiros\/gps-brasilia\/2024-05-29\/brl-educacao-promove-acao-solidaria-para-vitimas-do-rio-grande-do-sul.html#a3849802-67b9-49e7-a495-e885bccd5626\" rel=\"noopener\">Nacional<\/a><\/p>\n","protected":false},"excerpt":{"rendered":"<p>Rafael Badra BRL Educa\u00e7\u00e3o Promove A\u00e7\u00e3o Solid\u00e1ria para v\u00edtimas do Rio Grande do Sul A BRL Educa\u00e7\u00e3o , escola de educa\u00e7\u00e3o corporativa liderada pelo mentor e CEO Ravell Nava, realizar\u00e1 uma a\u00e7\u00e3o solid\u00e1ria no pr\u00f3ximo feriado, 30 de maio, com o objetivo de arrecadar alimentos para as v\u00edtimas das recentes enchentes no Rio Grande do [&hellip;]<\/p>\n","protected":false},"author":5,"featured_media":89783,"comment_status":"open","ping_status":"open","sticky":false,"template":"","format":"standard","meta":{"_acf_changed":false,"_angie_page":false,"_monsterinsights_skip_tracking":false,"_themeisle_gutenberg_block_has_review":false,"page_builder":"","footnotes":"","jetpack_publicize_message":"","jetpack_publicize_feature_enabled":true,"jetpack_social_post_already_shared":false,"jetpack_social_options":{"image_generator_settings":{"template":"highway","default_image_id":0,"font":"","enabled":false},"version":2}},"categories":[167],"tags":[2050,1294,3952,15356,1242],"class_list":["post-89782","post","type-post","status-publish","format-standard","has-post-thumbnail","hentry","category-geral","tag-educa","tag-grande","tag-promove","tag-solidaria","tag-vitimas"],"acf":[],"nelio_content":{"autoShareEndMode":"never","automationSources":{"useCustomSentences":false,"customSentences":[]},"efiAlt":"","efiUrl":"","followers":[5],"highlights":[],"isAutoShareEnabled":true,"networkImageIds":[],"permalinkQueryArgs":[],"series":[],"suggestedReferences":[]},"yoast_head":"<!-- This site is optimized with the Yoast SEO plugin v28.3 - https:\/\/yoast.com\/product\/yoast-seo-wordpress\/ -->\n<title>BRL Educa\u00e7\u00e3o Promove A\u00e7\u00e3o Solid\u00e1ria para v\u00edtimas do Rio Grande do Sul<\/title>\n<meta name=\"description\" content=\"BRL Educa\u00e7\u00e3o Promove A\u00e7\u00e3o Solid\u00e1ria para v\u00edtimas do Rio Grande do Sul\" \/>\n<meta name=\"robots\" content=\"index, follow, max-snippet:-1, max-image-preview:large, max-video-preview:-1\" \/>\n<link rel=\"canonical\" href=\"https:\/\/www.fatosefotosnews.com.br\/?p=89782\" \/>\n<meta property=\"og:locale\" content=\"pt_BR\" \/>\n<meta property=\"og:type\" content=\"article\" \/>\n<meta property=\"og:title\" content=\"BRL Educa\u00e7\u00e3o Promove A\u00e7\u00e3o Solid\u00e1ria para v\u00edtimas do Rio Grande do Sul\" \/>\n<meta property=\"og:description\" content=\"BRL Educa\u00e7\u00e3o Promove A\u00e7\u00e3o Solid\u00e1ria para v\u00edtimas do Rio Grande do Sul\" \/>\n<meta property=\"og:url\" content=\"https:\/\/www.fatosefotosnews.com.br\/?p=89782\" \/>\n<meta property=\"og:site_name\" content=\"Fatos e Fotos News\" \/>\n<meta property=\"article:published_time\" content=\"2024-05-29T19:30:33+00:00\" \/>\n<meta property=\"og:image\" content=\"https:\/\/www.fatosefotosnews.com.br\/wp-content\/uploads\/2024\/05\/af9e652fb870a4595f8140ef9e10d979.jpeg\" \/>\n\t<meta property=\"og:image:width\" content=\"1024\" \/>\n\t<meta property=\"og:image:height\" content=\"576\" \/>\n\t<meta property=\"og:image:type\" content=\"image\/jpeg\" \/>\n<meta name=\"author\" content=\"Da Reda\u00e7\u00e3o\" \/>\n<meta name=\"twitter:card\" content=\"summary_large_image\" \/>\n<meta name=\"twitter:label1\" content=\"Escrito por\" \/>\n\t<meta name=\"twitter:data1\" content=\"Da Reda\u00e7\u00e3o\" \/>\n\t<meta name=\"twitter:label2\" content=\"Est. tempo de leitura\" \/>\n\t<meta name=\"twitter:data2\" content=\"99 minutos\" \/>\n<script type=\"application\/ld+json\" class=\"yoast-schema-graph\">{\"@context\":\"https:\\\/\\\/schema.org\",\"@graph\":[{\"@type\":\"Article\",\"@id\":\"https:\\\/\\\/www.fatosefotosnews.com.br\\\/?p=89782#article\",\"isPartOf\":{\"@id\":\"https:\\\/\\\/www.fatosefotosnews.com.br\\\/?p=89782\"},\"author\":{\"name\":\"Da Reda\u00e7\u00e3o\",\"@id\":\"https:\\\/\\\/www.fatosefotosnews.com.br\\\/#\\\/schema\\\/person\\\/3b80f81d08670fb1f6690e07eb8b5dc6\"},\"headline\":\"BRL Educa\u00e7\u00e3o Promove A\u00e7\u00e3o Solid\u00e1ria para v\u00edtimas do Rio Grande do Sul\",\"datePublished\":\"2024-05-29T19:30:33+00:00\",\"mainEntityOfPage\":{\"@id\":\"https:\\\/\\\/www.fatosefotosnews.com.br\\\/?p=89782\"},\"wordCount\":417,\"commentCount\":0,\"publisher\":{\"@id\":\"https:\\\/\\\/www.fatosefotosnews.com.br\\\/#organization\"},\"image\":{\"@id\":\"https:\\\/\\\/www.fatosefotosnews.com.br\\\/?p=89782#primaryimage\"},\"thumbnailUrl\":\"https:\\\/\\\/www.fatosefotosnews.com.br\\\/wp-content\\\/uploads\\\/2024\\\/05\\\/af9e652fb870a4595f8140ef9e10d979.jpeg\",\"keywords\":[\"educa\",\"grande\",\"promove\",\"solidaria\",\"vitimas\"],\"articleSection\":[\"Geral\"],\"inLanguage\":\"pt-BR\",\"potentialAction\":[{\"@type\":\"CommentAction\",\"name\":\"Comment\",\"target\":[\"https:\\\/\\\/www.fatosefotosnews.com.br\\\/?p=89782#respond\"]}]},{\"@type\":\"WebPage\",\"@id\":\"https:\\\/\\\/www.fatosefotosnews.com.br\\\/?p=89782\",\"url\":\"https:\\\/\\\/www.fatosefotosnews.com.br\\\/?p=89782\",\"name\":\"BRL Educa\u00e7\u00e3o Promove A\u00e7\u00e3o Solid\u00e1ria para v\u00edtimas do Rio Grande do Sul\",\"isPartOf\":{\"@id\":\"https:\\\/\\\/www.fatosefotosnews.com.br\\\/#website\"},\"primaryImageOfPage\":{\"@id\":\"https:\\\/\\\/www.fatosefotosnews.com.br\\\/?p=89782#primaryimage\"},\"image\":{\"@id\":\"https:\\\/\\\/www.fatosefotosnews.com.br\\\/?p=89782#primaryimage\"},\"thumbnailUrl\":\"https:\\\/\\\/www.fatosefotosnews.com.br\\\/wp-content\\\/uploads\\\/2024\\\/05\\\/af9e652fb870a4595f8140ef9e10d979.jpeg\",\"datePublished\":\"2024-05-29T19:30:33+00:00\",\"description\":\"BRL Educa\u00e7\u00e3o Promove A\u00e7\u00e3o Solid\u00e1ria para v\u00edtimas do Rio Grande do Sul\",\"breadcrumb\":{\"@id\":\"https:\\\/\\\/www.fatosefotosnews.com.br\\\/?p=89782#breadcrumb\"},\"inLanguage\":\"pt-BR\",\"potentialAction\":[{\"@type\":\"ReadAction\",\"target\":[\"https:\\\/\\\/www.fatosefotosnews.com.br\\\/?p=89782\"]}]},{\"@type\":\"ImageObject\",\"inLanguage\":\"pt-BR\",\"@id\":\"https:\\\/\\\/www.fatosefotosnews.com.br\\\/?p=89782#primaryimage\",\"url\":\"https:\\\/\\\/www.fatosefotosnews.com.br\\\/wp-content\\\/uploads\\\/2024\\\/05\\\/af9e652fb870a4595f8140ef9e10d979.jpeg\",\"contentUrl\":\"https:\\\/\\\/www.fatosefotosnews.com.br\\\/wp-content\\\/uploads\\\/2024\\\/05\\\/af9e652fb870a4595f8140ef9e10d979.jpeg\",\"width\":1024,\"height\":576,\"caption\":\"Rafael Badra BRL Educa\u00e7\u00e3o Promove A\u00e7\u00e3o Solid\u00e1ria para v\u00edtimas do Rio Grande do Sul\"},{\"@type\":\"BreadcrumbList\",\"@id\":\"https:\\\/\\\/www.fatosefotosnews.com.br\\\/?p=89782#breadcrumb\",\"itemListElement\":[{\"@type\":\"ListItem\",\"position\":1,\"name\":\"In\u00edcio\",\"item\":\"https:\\\/\\\/www.fatosefotosnews.com.br\\\/\"},{\"@type\":\"ListItem\",\"position\":2,\"name\":\"BRL Educa\u00e7\u00e3o Promove A\u00e7\u00e3o Solid\u00e1ria para v\u00edtimas do Rio Grande do Sul\"}]},{\"@type\":\"WebSite\",\"@id\":\"https:\\\/\\\/www.fatosefotosnews.com.br\\\/#website\",\"url\":\"https:\\\/\\\/www.fatosefotosnews.com.br\\\/\",\"name\":\"Fatos e Fotos News\",\"description\":\"Um site de noticial verdadeira e confi\u00e1veis.\",\"publisher\":{\"@id\":\"https:\\\/\\\/www.fatosefotosnews.com.br\\\/#organization\"},\"potentialAction\":[{\"@type\":\"SearchAction\",\"target\":{\"@type\":\"EntryPoint\",\"urlTemplate\":\"https:\\\/\\\/www.fatosefotosnews.com.br\\\/?s={search_term_string}\"},\"query-input\":{\"@type\":\"PropertyValueSpecification\",\"valueRequired\":true,\"valueName\":\"search_term_string\"}}],\"inLanguage\":\"pt-BR\"},{\"@type\":\"Organization\",\"@id\":\"https:\\\/\\\/www.fatosefotosnews.com.br\\\/#organization\",\"name\":\"Fatos e Fotos News\",\"url\":\"https:\\\/\\\/www.fatosefotosnews.com.br\\\/\",\"logo\":{\"@type\":\"ImageObject\",\"inLanguage\":\"pt-BR\",\"@id\":\"https:\\\/\\\/www.fatosefotosnews.com.br\\\/#\\\/schema\\\/logo\\\/image\\\/\",\"url\":\"https:\\\/\\\/www.fatosefotosnews.com.br\\\/wp-content\\\/uploads\\\/2023\\\/02\\\/Fatos-e-Fotos-news-logo.png\",\"contentUrl\":\"https:\\\/\\\/www.fatosefotosnews.com.br\\\/wp-content\\\/uploads\\\/2023\\\/02\\\/Fatos-e-Fotos-news-logo.png\",\"width\":300,\"height\":58,\"caption\":\"Fatos e Fotos News\"},\"image\":{\"@id\":\"https:\\\/\\\/www.fatosefotosnews.com.br\\\/#\\\/schema\\\/logo\\\/image\\\/\"}},{\"@type\":\"Person\",\"@id\":\"https:\\\/\\\/www.fatosefotosnews.com.br\\\/#\\\/schema\\\/person\\\/3b80f81d08670fb1f6690e07eb8b5dc6\",\"name\":\"Da Reda\u00e7\u00e3o\",\"image\":{\"@type\":\"ImageObject\",\"inLanguage\":\"pt-BR\",\"@id\":\"https:\\\/\\\/secure.gravatar.com\\\/avatar\\\/696d39935a657bf0fc95044dbc9f912520430a0eb6dd46c85dd97eb6483b249b?s=96&d=mm&r=g\",\"url\":\"https:\\\/\\\/secure.gravatar.com\\\/avatar\\\/696d39935a657bf0fc95044dbc9f912520430a0eb6dd46c85dd97eb6483b249b?s=96&d=mm&r=g\",\"contentUrl\":\"https:\\\/\\\/secure.gravatar.com\\\/avatar\\\/696d39935a657bf0fc95044dbc9f912520430a0eb6dd46c85dd97eb6483b249b?s=96&d=mm&r=g\",\"caption\":\"Da Reda\u00e7\u00e3o\"},\"url\":\"https:\\\/\\\/www.fatosefotosnews.com.br\\\/?author=5\"}]}<\/script>\n<!-- \/ Yoast SEO plugin. -->","yoast_head_json":{"title":"BRL Educa\u00e7\u00e3o Promove A\u00e7\u00e3o Solid\u00e1ria para v\u00edtimas do Rio Grande do Sul","description":"BRL Educa\u00e7\u00e3o Promove A\u00e7\u00e3o Solid\u00e1ria para v\u00edtimas do Rio Grande do Sul","robots":{"index":"index","follow":"follow","max-snippet":"max-snippet:-1","max-image-preview":"max-image-preview:large","max-video-preview":"max-video-preview:-1"},"canonical":"https:\/\/www.fatosefotosnews.com.br\/?p=89782","og_locale":"pt_BR","og_type":"article","og_title":"BRL Educa\u00e7\u00e3o Promove A\u00e7\u00e3o Solid\u00e1ria para v\u00edtimas do Rio Grande do Sul","og_description":"BRL Educa\u00e7\u00e3o Promove A\u00e7\u00e3o Solid\u00e1ria para v\u00edtimas do Rio Grande do Sul","og_url":"https:\/\/www.fatosefotosnews.com.br\/?p=89782","og_site_name":"Fatos e Fotos News","article_published_time":"2024-05-29T19:30:33+00:00","og_image":[{"width":1024,"height":576,"url":"https:\/\/www.fatosefotosnews.com.br\/wp-content\/uploads\/2024\/05\/af9e652fb870a4595f8140ef9e10d979.jpeg","type":"image\/jpeg"}],"author":"Da Reda\u00e7\u00e3o","twitter_card":"summary_large_image","twitter_misc":{"Escrito por":"Da Reda\u00e7\u00e3o","Est. tempo de leitura":"99 minutos"},"schema":{"@context":"https:\/\/schema.org","@graph":[{"@type":"Article","@id":"https:\/\/www.fatosefotosnews.com.br\/?p=89782#article","isPartOf":{"@id":"https:\/\/www.fatosefotosnews.com.br\/?p=89782"},"author":{"name":"Da Reda\u00e7\u00e3o","@id":"https:\/\/www.fatosefotosnews.com.br\/#\/schema\/person\/3b80f81d08670fb1f6690e07eb8b5dc6"},"headline":"BRL Educa\u00e7\u00e3o Promove A\u00e7\u00e3o Solid\u00e1ria para v\u00edtimas do Rio Grande do Sul","datePublished":"2024-05-29T19:30:33+00:00","mainEntityOfPage":{"@id":"https:\/\/www.fatosefotosnews.com.br\/?p=89782"},"wordCount":417,"commentCount":0,"publisher":{"@id":"https:\/\/www.fatosefotosnews.com.br\/#organization"},"image":{"@id":"https:\/\/www.fatosefotosnews.com.br\/?p=89782#primaryimage"},"thumbnailUrl":"https:\/\/www.fatosefotosnews.com.br\/wp-content\/uploads\/2024\/05\/af9e652fb870a4595f8140ef9e10d979.jpeg","keywords":["educa","grande","promove","solidaria","vitimas"],"articleSection":["Geral"],"inLanguage":"pt-BR","potentialAction":[{"@type":"CommentAction","name":"Comment","target":["https:\/\/www.fatosefotosnews.com.br\/?p=89782#respond"]}]},{"@type":"WebPage","@id":"https:\/\/www.fatosefotosnews.com.br\/?p=89782","url":"https:\/\/www.fatosefotosnews.com.br\/?p=89782","name":"BRL Educa\u00e7\u00e3o Promove A\u00e7\u00e3o Solid\u00e1ria para v\u00edtimas do Rio Grande do Sul","isPartOf":{"@id":"https:\/\/www.fatosefotosnews.com.br\/#website"},"primaryImageOfPage":{"@id":"https:\/\/www.fatosefotosnews.com.br\/?p=89782#primaryimage"},"image":{"@id":"https:\/\/www.fatosefotosnews.com.br\/?p=89782#primaryimage"},"thumbnailUrl":"https:\/\/www.fatosefotosnews.com.br\/wp-content\/uploads\/2024\/05\/af9e652fb870a4595f8140ef9e10d979.jpeg","datePublished":"2024-05-29T19:30:33+00:00","description":"BRL Educa\u00e7\u00e3o Promove A\u00e7\u00e3o Solid\u00e1ria para v\u00edtimas do Rio Grande do Sul","breadcrumb":{"@id":"https:\/\/www.fatosefotosnews.com.br\/?p=89782#breadcrumb"},"inLanguage":"pt-BR","potentialAction":[{"@type":"ReadAction","target":["https:\/\/www.fatosefotosnews.com.br\/?p=89782"]}]},{"@type":"ImageObject","inLanguage":"pt-BR","@id":"https:\/\/www.fatosefotosnews.com.br\/?p=89782#primaryimage","url":"https:\/\/www.fatosefotosnews.com.br\/wp-content\/uploads\/2024\/05\/af9e652fb870a4595f8140ef9e10d979.jpeg","contentUrl":"https:\/\/www.fatosefotosnews.com.br\/wp-content\/uploads\/2024\/05\/af9e652fb870a4595f8140ef9e10d979.jpeg","width":1024,"height":576,"caption":"Rafael Badra BRL Educa\u00e7\u00e3o Promove A\u00e7\u00e3o Solid\u00e1ria para v\u00edtimas do Rio Grande do Sul"},{"@type":"BreadcrumbList","@id":"https:\/\/www.fatosefotosnews.com.br\/?p=89782#breadcrumb","itemListElement":[{"@type":"ListItem","position":1,"name":"In\u00edcio","item":"https:\/\/www.fatosefotosnews.com.br\/"},{"@type":"ListItem","position":2,"name":"BRL Educa\u00e7\u00e3o Promove A\u00e7\u00e3o Solid\u00e1ria para v\u00edtimas do Rio Grande do Sul"}]},{"@type":"WebSite","@id":"https:\/\/www.fatosefotosnews.com.br\/#website","url":"https:\/\/www.fatosefotosnews.com.br\/","name":"Fatos e Fotos News","description":"Um site de noticial verdadeira e confi\u00e1veis.","publisher":{"@id":"https:\/\/www.fatosefotosnews.com.br\/#organization"},"potentialAction":[{"@type":"SearchAction","target":{"@type":"EntryPoint","urlTemplate":"https:\/\/www.fatosefotosnews.com.br\/?s={search_term_string}"},"query-input":{"@type":"PropertyValueSpecification","valueRequired":true,"valueName":"search_term_string"}}],"inLanguage":"pt-BR"},{"@type":"Organization","@id":"https:\/\/www.fatosefotosnews.com.br\/#organization","name":"Fatos e Fotos News","url":"https:\/\/www.fatosefotosnews.com.br\/","logo":{"@type":"ImageObject","inLanguage":"pt-BR","@id":"https:\/\/www.fatosefotosnews.com.br\/#\/schema\/logo\/image\/","url":"https:\/\/www.fatosefotosnews.com.br\/wp-content\/uploads\/2023\/02\/Fatos-e-Fotos-news-logo.png","contentUrl":"https:\/\/www.fatosefotosnews.com.br\/wp-content\/uploads\/2023\/02\/Fatos-e-Fotos-news-logo.png","width":300,"height":58,"caption":"Fatos e Fotos News"},"image":{"@id":"https:\/\/www.fatosefotosnews.com.br\/#\/schema\/logo\/image\/"}},{"@type":"Person","@id":"https:\/\/www.fatosefotosnews.com.br\/#\/schema\/person\/3b80f81d08670fb1f6690e07eb8b5dc6","name":"Da Reda\u00e7\u00e3o","image":{"@type":"ImageObject","inLanguage":"pt-BR","@id":"https:\/\/secure.gravatar.com\/avatar\/696d39935a657bf0fc95044dbc9f912520430a0eb6dd46c85dd97eb6483b249b?s=96&d=mm&r=g","url":"https:\/\/secure.gravatar.com\/avatar\/696d39935a657bf0fc95044dbc9f912520430a0eb6dd46c85dd97eb6483b249b?s=96&d=mm&r=g","contentUrl":"https:\/\/secure.gravatar.com\/avatar\/696d39935a657bf0fc95044dbc9f912520430a0eb6dd46c85dd97eb6483b249b?s=96&d=mm&r=g","caption":"Da Reda\u00e7\u00e3o"},"url":"https:\/\/www.fatosefotosnews.com.br\/?author=5"}]}},"jetpack_publicize_connections":[],"blog_post_layout_featured_media_urls":{"thumbnail":["https:\/\/www.fatosefotosnews.com.br\/wp-content\/uploads\/2024\/05\/af9e652fb870a4595f8140ef9e10d979-150x150.jpeg",150,150,true],"full":["https:\/\/www.fatosefotosnews.com.br\/wp-content\/uploads\/2024\/05\/af9e652fb870a4595f8140ef9e10d979.jpeg",1024,576,false]},"categories_names":{"167":{"name":"Geral","link":"https:\/\/www.fatosefotosnews.com.br\/?cat=167"}},"tags_names":{"2050":{"name":"educa","link":"https:\/\/www.fatosefotosnews.com.br\/?tag=educa"},"1294":{"name":"grande","link":"https:\/\/www.fatosefotosnews.com.br\/?tag=grande"},"3952":{"name":"promove","link":"https:\/\/www.fatosefotosnews.com.br\/?tag=promove"},"15356":{"name":"solidaria","link":"https:\/\/www.fatosefotosnews.com.br\/?tag=solidaria"},"1242":{"name":"vitimas","link":"https:\/\/www.fatosefotosnews.com.br\/?tag=vitimas"}},"comments_number":"0","wpmagazine_modules_lite_featured_media_urls":{"thumbnail":["https:\/\/www.fatosefotosnews.com.br\/wp-content\/uploads\/2024\/05\/af9e652fb870a4595f8140ef9e10d979-150x150.jpeg",150,150,true],"cvmm-medium":["https:\/\/www.fatosefotosnews.com.br\/wp-content\/uploads\/2024\/05\/af9e652fb870a4595f8140ef9e10d979-300x300.jpeg",300,300,true],"cvmm-medium-plus":["https:\/\/www.fatosefotosnews.com.br\/wp-content\/uploads\/2024\/05\/af9e652fb870a4595f8140ef9e10d979-305x207.jpeg",305,207,true],"cvmm-portrait":["https:\/\/www.fatosefotosnews.com.br\/wp-content\/uploads\/2024\/05\/af9e652fb870a4595f8140ef9e10d979-400x576.jpeg",400,576,true],"cvmm-medium-square":["https:\/\/www.fatosefotosnews.com.br\/wp-content\/uploads\/2024\/05\/af9e652fb870a4595f8140ef9e10d979-600x576.jpeg",600,576,true],"cvmm-large":["https:\/\/www.fatosefotosnews.com.br\/wp-content\/uploads\/2024\/05\/af9e652fb870a4595f8140ef9e10d979.jpeg",1024,576,false],"cvmm-small":["https:\/\/www.fatosefotosnews.com.br\/wp-content\/uploads\/2024\/05\/af9e652fb870a4595f8140ef9e10d979-130x95.jpeg",130,95,true],"full":["https:\/\/www.fatosefotosnews.com.br\/wp-content\/uploads\/2024\/05\/af9e652fb870a4595f8140ef9e10d979.jpeg",1024,576,false]},"_links":{"self":[{"href":"https:\/\/www.fatosefotosnews.com.br\/index.php?rest_route=\/wp\/v2\/posts\/89782","targetHints":{"allow":["GET"]}}],"collection":[{"href":"https:\/\/www.fatosefotosnews.com.br\/index.php?rest_route=\/wp\/v2\/posts"}],"about":[{"href":"https:\/\/www.fatosefotosnews.com.br\/index.php?rest_route=\/wp\/v2\/types\/post"}],"author":[{"embeddable":true,"href":"https:\/\/www.fatosefotosnews.com.br\/index.php?rest_route=\/wp\/v2\/users\/5"}],"replies":[{"embeddable":true,"href":"https:\/\/www.fatosefotosnews.com.br\/index.php?rest_route=%2Fwp%2Fv2%2Fcomments&post=89782"}],"version-history":[{"count":0,"href":"https:\/\/www.fatosefotosnews.com.br\/index.php?rest_route=\/wp\/v2\/posts\/89782\/revisions"}],"wp:featuredmedia":[{"embeddable":true,"href":"https:\/\/www.fatosefotosnews.com.br\/index.php?rest_route=\/wp\/v2\/media\/89783"}],"wp:attachment":[{"href":"https:\/\/www.fatosefotosnews.com.br\/index.php?rest_route=%2Fwp%2Fv2%2Fmedia&parent=89782"}],"wp:term":[{"taxonomy":"category","embeddable":true,"href":"https:\/\/www.fatosefotosnews.com.br\/index.php?rest_route=%2Fwp%2Fv2%2Fcategories&post=89782"},{"taxonomy":"post_tag","embeddable":true,"href":"https:\/\/www.fatosefotosnews.com.br\/index.php?rest_route=%2Fwp%2Fv2%2Ftags&post=89782"}],"curies":[{"name":"wp","href":"https:\/\/api.w.org\/{rel}","templated":true}]}}