{"id":93259,"date":"2024-06-16T15:01:26","date_gmt":"2024-06-16T18:01:26","guid":{"rendered":"https:\/\/www.fatosefotosnews.com.br\/ronda-da-moda-gps-as-novidades-da-semana-no-mundo-fashion\/"},"modified":"2024-06-16T15:01:26","modified_gmt":"2024-06-16T18:01:26","slug":"ronda-da-moda-gps-as-novidades-da-semana-no-mundo-fashion","status":"publish","type":"post","link":"https:\/\/www.fatosefotosnews.com.br\/?p=93259","title":{"rendered":"Ronda da Moda GPS: as novidades da semana no mundo fashion"},"content":{"rendered":"<p><meta name=\"robots\" content=\"noindex\"><mreta name=\"googlebot\" content=\"noindex\"><\/p>\n<div class=\"Noticia_Foto fato\">\n<figure class=\"foto-legenda\" style=\"position: relative\">\n<div class=\"foto-legenda-img\"> <img fetchpriority=\"high\" decoding=\"async\" src=\"https:\/\/i0.statig.com.br\/bancodeimagens\/2b\/94\/hq\/2b94hqhpzjg8f4yz4zytcsjd3.jpg\" width=\"652\" height=\"408\" alt=\"Ronda da Moda GPS: as novidades da semana no mundo fashion\" title=\"Ronda da Moda GPS: as novidades da semana no mundo fashion\"> <\/div><figcaption class=\"foto-legenda-citacao\"> <cite>Reda\u00e7\u00e3o GPS<\/cite> <\/p>\n<div class=\"foto-legenda-citacao-text\">Ronda da Moda GPS: as novidades da semana no mundo fashion<\/div>\n<\/figcaption><\/figure>\n<\/p>\n<\/div>\n<p> <span>Como j\u00e1 \u00e9 de costume, o GPS traz todos os domingos o resumo das novidades do <a title=\"Ronda da Moda GPS: especial Dia dos Namorados\" href=\"https:\/\/gpsbrasilia.com.br\/ronda-da-moda-gps-especial-dia-dos-namorados\/\"> mundo da moda.<\/a> Nesta semana, destacamos a inaugura\u00e7\u00e3o da flagship da Calvin Klein em Paris, a nova cole\u00e7\u00e3o de alta moda de Martha Medeiros, os lan\u00e7amentos da TIG, a colabora\u00e7\u00e3o da Carol Rossato e a UMA X com Yuval Robichek. <\/span> <\/p>\n<p> <span>Fique por dentro dessas e de outras novidades do mundo da moda com a Ronda da Moda GPS, trazendo sempre o melhor do fashion global. <\/span> <\/p>\n<h5> <b>Calvin Klein <\/b> <\/h5>\n<p> <span>A Calvin Klein Inc. anunciou o lan\u00e7amento de sua flagship global, localizada na 44 Avenue des Champs-\u00c9lys\u00e9es, em Paris, que abriu suas portas na \u00faltima sexta-feira (14). A loja, com 600 m\u00b2 distribu\u00eddos em tr\u00eas andares, apresenta o novo conceito de design \u2018Chalk\u2019, que proporciona uma imers\u00e3o total no universo Calvin Klein. Situada em uma das principais avenidas de moda do mundo, a loja se estabelece como um destino essencial para os amantes da marca, oferecendo uma experi\u00eancia \u00fanica do <a href=\"https:\/\/www.calvinklein.com.br\/\" target=\"_blank\" rel=\"noopener\"> estilo de vida Calvin Klein.<\/a> <\/span> <\/p>\n<h5> <b>Martha Medeiros \u2013 cole\u00e7\u00e3o de alta moda <\/b> <\/h5>\n<p> <span>Martha Medeiros est\u00e1 liderando um movimento para destacar a moda brasileira no cen\u00e1rio global com sua nova cole\u00e7\u00e3o de alta moda, intitulada \u2018Atelier\u2019. Com pe\u00e7as exclusivas e numeradas, a cole\u00e7\u00e3o foi desenvolvida pela diretora criativa Gabriela Medeiros, que reuniu uma equipe de especialistas em alta costura e trabalhos manuais. Utilizando tecidos importados de Paris, a cole\u00e7\u00e3o eleva os s\u00edmbolos da marca para um novo patamar, refor\u00e7ando a reputa\u00e7\u00e3o internacional da Martha Medeiros.<\/span> <\/p>\n<p> <a href=\"https:\/\/gpsbrasilia.com.br\/ronda-da-moda-gps-as-novidades-da-semana-no-mundo-fashion\/martha-medeiros-_-linha-atelier_-creditos-ze-takahashi-10\/\"><\/a> <a href=\"https:\/\/gpsbrasilia.com.br\/ronda-da-moda-gps-as-novidades-da-semana-no-mundo-fashion\/martha-medeiros-_-linha-atelier_-creditos-ze-takahashi-14\/\"><\/a> <a href=\"https:\/\/gpsbrasilia.com.br\/ronda-da-moda-gps-as-novidades-da-semana-no-mundo-fashion\/martha-medeiros-_-linha-atelier_-creditos-ze-takahashi-13\/\"><\/a> <\/p>\n<h5> <b>TIG <\/b> <\/h5>\n<p> <span>A marca paulista TIG continua surpreendendo com lan\u00e7amentos mensais. Sua nova cole\u00e7\u00e3o, intitulada \u2018005\u2019, traz sofistica\u00e7\u00e3o e originalidade com duas variantes de uma estampa floral pintada \u00e0 m\u00e3o. Aplicadas em bases como tule e linho, as estampas oferecem uma versatilidade que transforma o visual dos prints, apresentando uma transpar\u00eancia delicada no tule e uma leveza cl\u00e1ssica no linho.<\/span> <\/p>\n<p> <a href=\"https:\/\/gpsbrasilia.com.br\/ronda-da-moda-gps-as-novidades-da-semana-no-mundo-fashion\/ecomm_colecao-005-tig-credito-igor-reis-02\/\"><\/a> <a href=\"https:\/\/gpsbrasilia.com.br\/ronda-da-moda-gps-as-novidades-da-semana-no-mundo-fashion\/ecomm_colecao-005-tig-credito-igor-reis-03\/\"><\/a> <\/p>\n<h5> <b>Carol Rossato Collab com Manu Bragan\u00e7a<\/b> <\/h5>\n<p> <span>Carol Rossato e Manu Bragan\u00e7a repetem a parceria de sucesso com uma nova cole\u00e7\u00e3o. A colabora\u00e7\u00e3o explora um mix das ideias de Manu com a cole\u00e7\u00e3o de inverno 24 de Carol Rossato, trazendo pe\u00e7as statement com tachas e print de cobra prateado. A edi\u00e7\u00e3o conta com jaquetas, coletes, saias, regatas e vestidos, sendo as jaquetas e coletes as grandes apostas da cole\u00e7\u00e3o.<\/span> <\/p>\n<h5> <b>UMA X Collab com artista israelense Yuval Robichek<\/b> <\/h5>\n<p> <span>A UMA X, linha genderless e sustent\u00e1vel da marca UMA, lan\u00e7a uma colabora\u00e7\u00e3o in\u00e9dita com o artista israelense Yuval Robichek. A parceria surgiu de forma espont\u00e2nea, quando Vanessa Davidowicz, respons\u00e1vel pela linha UMA X, elogiou o trabalho do artista via Instagram e prop\u00f4s a colabora\u00e7\u00e3o. Yuval aceitou de imediato, e a cole\u00e7\u00e3o come\u00e7ou a tomar forma, resultando em pe\u00e7as que mesclam o estilo \u00fanico do artista com a proposta sustent\u00e1vel da UMA X.<\/span> <\/p>\n<p> <a href=\"https:\/\/gpsbrasilia.com.br\/ronda-da-moda-gps-as-novidades-da-semana-no-mundo-fashion\/unnamed-4-19\/\"><\/a> <a href=\"https:\/\/gpsbrasilia.com.br\/ronda-da-moda-gps-as-novidades-da-semana-no-mundo-fashion\/unnamed-3-20\/\"><\/a> <\/p>\n<h5> <b>Animal Print<\/b> <\/h5>\n<p> <span>A tend\u00eancia animal print retorna com for\u00e7a total para o outono\/inverno, destacando estampas de oncinha, leopardo e zebra em cal\u00e7ados e bolsas. Originada no s\u00e9culo XVIII, essa padronagem atemporal ressurge repaginada com designs criativos e cheios de informa\u00e7\u00e3o de moda, prometendo dar um toque especial ao visual. Confira nossa sele\u00e7\u00e3o das principais tend\u00eancias de cal\u00e7ados e bolsas que prometem ser os \u00edcones desta esta\u00e7\u00e3o.<\/span> <\/p>\n<p> <a href=\"https:\/\/gpsbrasilia.com.br\/ronda-da-moda-gps-as-novidades-da-semana-no-mundo-fashion\/papetes_animal-print_divulgacao-santa-lolla-2\/\"><\/a> <a href=\"https:\/\/gpsbrasilia.com.br\/ronda-da-moda-gps-as-novidades-da-semana-no-mundo-fashion\/botas_animal-print_divulgacao-santa-lolla\/\"><\/a> <\/p>\n<p>The post <a href=\"https:\/\/gpsbrasilia.com.br\/ronda-da-moda-gps-as-novidades-da-semana-no-mundo-fashion\/\">Ronda da Moda GPS: as novidades da semana no mundo fashion<\/a> first appeared on <a href=\"https:\/\/gpsbrasilia.com.br\">GPS Bras\u00edlia &#8211; Portal de Not\u00edcias do DF<\/a> .<\/p>\n<p id=\"infocoweb_fonte\" class=\"infocoweb_fonte\">Fonte: <a target=\"_blank\" href=\"http:\/\/ultimosegundo.ig.com.br\/parceiros\/gps-brasilia\/2024-06-16\/ronda-da-moda-gps--as-novidades-da-semana-no-mundo-fashion.html#8f0374c0-09d7-498f-b2c5-d60fb067e16c\" rel=\"noopener\">Nacional<\/a><\/p>\n","protected":false},"excerpt":{"rendered":"<p>Reda\u00e7\u00e3o GPS Ronda da Moda GPS: as novidades da semana no mundo fashion Como j\u00e1 \u00e9 de costume, o GPS traz todos os domingos o resumo das novidades do mundo da moda. Nesta semana, destacamos a inaugura\u00e7\u00e3o da flagship da Calvin Klein em Paris, a nova cole\u00e7\u00e3o de alta moda de Martha Medeiros, os lan\u00e7amentos [&hellip;]<\/p>\n","protected":false},"author":5,"featured_media":93260,"comment_status":"open","ping_status":"open","sticky":false,"template":"","format":"standard","meta":{"_acf_changed":false,"_angie_page":false,"_monsterinsights_skip_tracking":false,"_themeisle_gutenberg_block_has_review":false,"page_builder":"","footnotes":"","jetpack_publicize_message":"","jetpack_publicize_feature_enabled":true,"jetpack_social_post_already_shared":false,"jetpack_social_options":{"image_generator_settings":{"template":"highway","default_image_id":0,"font":"","enabled":false},"version":2}},"categories":[167],"tags":[1224,2951,20915,529],"class_list":["post-93259","post","type-post","status-publish","format-standard","has-post-thumbnail","hentry","category-geral","tag-mundo","tag-novidades","tag-ronda","tag-semana"],"acf":[],"nelio_content":{"autoShareEndMode":"never","automationSources":{"useCustomSentences":false,"customSentences":[]},"efiAlt":"","efiUrl":"","followers":[5],"highlights":[],"isAutoShareEnabled":true,"networkImageIds":[],"permalinkQueryArgs":[],"series":[],"suggestedReferences":[]},"yoast_head":"<!-- This site is optimized with the Yoast SEO plugin v28.3 - https:\/\/yoast.com\/product\/yoast-seo-wordpress\/ -->\n<title>Ronda da Moda GPS: as novidades da semana no mundo fashion<\/title>\n<meta name=\"description\" content=\"Ronda da Moda GPS: as novidades da semana no mundo fashion\" \/>\n<meta name=\"robots\" content=\"index, follow, max-snippet:-1, max-image-preview:large, max-video-preview:-1\" \/>\n<link rel=\"canonical\" href=\"https:\/\/www.fatosefotosnews.com.br\/?p=93259\" \/>\n<meta property=\"og:locale\" content=\"pt_BR\" \/>\n<meta property=\"og:type\" content=\"article\" \/>\n<meta property=\"og:title\" content=\"Ronda da Moda GPS: as novidades da semana no mundo fashion\" \/>\n<meta property=\"og:description\" content=\"Ronda da Moda GPS: as novidades da semana no mundo fashion\" \/>\n<meta property=\"og:url\" content=\"https:\/\/www.fatosefotosnews.com.br\/?p=93259\" \/>\n<meta property=\"og:site_name\" content=\"Fatos e Fotos News\" \/>\n<meta property=\"article:published_time\" content=\"2024-06-16T18:01:26+00:00\" \/>\n<meta property=\"og:image\" content=\"https:\/\/www.fatosefotosnews.com.br\/wp-content\/uploads\/2024\/06\/97304f29a6305b1b101579aafa9cfb01.jpeg\" \/>\n\t<meta property=\"og:image:width\" content=\"1024\" \/>\n\t<meta property=\"og:image:height\" content=\"576\" \/>\n\t<meta property=\"og:image:type\" content=\"image\/jpeg\" \/>\n<meta name=\"author\" content=\"Da Reda\u00e7\u00e3o\" \/>\n<meta name=\"twitter:card\" content=\"summary_large_image\" \/>\n<meta name=\"twitter:label1\" content=\"Escrito por\" \/>\n\t<meta name=\"twitter:data1\" content=\"Da Reda\u00e7\u00e3o\" \/>\n\t<meta name=\"twitter:label2\" content=\"Est. tempo de leitura\" \/>\n\t<meta name=\"twitter:data2\" content=\"99 minutos\" \/>\n<script type=\"application\/ld+json\" class=\"yoast-schema-graph\">{\"@context\":\"https:\\\/\\\/schema.org\",\"@graph\":[{\"@type\":\"Article\",\"@id\":\"https:\\\/\\\/www.fatosefotosnews.com.br\\\/?p=93259#article\",\"isPartOf\":{\"@id\":\"https:\\\/\\\/www.fatosefotosnews.com.br\\\/?p=93259\"},\"author\":{\"name\":\"Da Reda\u00e7\u00e3o\",\"@id\":\"https:\\\/\\\/www.fatosefotosnews.com.br\\\/#\\\/schema\\\/person\\\/3b80f81d08670fb1f6690e07eb8b5dc6\"},\"headline\":\"Ronda da Moda GPS: as novidades da semana no mundo fashion\",\"datePublished\":\"2024-06-16T18:01:26+00:00\",\"mainEntityOfPage\":{\"@id\":\"https:\\\/\\\/www.fatosefotosnews.com.br\\\/?p=93259\"},\"wordCount\":622,\"commentCount\":0,\"publisher\":{\"@id\":\"https:\\\/\\\/www.fatosefotosnews.com.br\\\/#organization\"},\"image\":{\"@id\":\"https:\\\/\\\/www.fatosefotosnews.com.br\\\/?p=93259#primaryimage\"},\"thumbnailUrl\":\"https:\\\/\\\/www.fatosefotosnews.com.br\\\/wp-content\\\/uploads\\\/2024\\\/06\\\/97304f29a6305b1b101579aafa9cfb01.jpeg\",\"keywords\":[\"mundo\",\"novidades\",\"ronda\",\"semana\"],\"articleSection\":[\"Geral\"],\"inLanguage\":\"pt-BR\",\"potentialAction\":[{\"@type\":\"CommentAction\",\"name\":\"Comment\",\"target\":[\"https:\\\/\\\/www.fatosefotosnews.com.br\\\/?p=93259#respond\"]}]},{\"@type\":\"WebPage\",\"@id\":\"https:\\\/\\\/www.fatosefotosnews.com.br\\\/?p=93259\",\"url\":\"https:\\\/\\\/www.fatosefotosnews.com.br\\\/?p=93259\",\"name\":\"Ronda da Moda GPS: as novidades da semana no mundo fashion\",\"isPartOf\":{\"@id\":\"https:\\\/\\\/www.fatosefotosnews.com.br\\\/#website\"},\"primaryImageOfPage\":{\"@id\":\"https:\\\/\\\/www.fatosefotosnews.com.br\\\/?p=93259#primaryimage\"},\"image\":{\"@id\":\"https:\\\/\\\/www.fatosefotosnews.com.br\\\/?p=93259#primaryimage\"},\"thumbnailUrl\":\"https:\\\/\\\/www.fatosefotosnews.com.br\\\/wp-content\\\/uploads\\\/2024\\\/06\\\/97304f29a6305b1b101579aafa9cfb01.jpeg\",\"datePublished\":\"2024-06-16T18:01:26+00:00\",\"description\":\"Ronda da Moda GPS: as novidades da semana no mundo fashion\",\"breadcrumb\":{\"@id\":\"https:\\\/\\\/www.fatosefotosnews.com.br\\\/?p=93259#breadcrumb\"},\"inLanguage\":\"pt-BR\",\"potentialAction\":[{\"@type\":\"ReadAction\",\"target\":[\"https:\\\/\\\/www.fatosefotosnews.com.br\\\/?p=93259\"]}]},{\"@type\":\"ImageObject\",\"inLanguage\":\"pt-BR\",\"@id\":\"https:\\\/\\\/www.fatosefotosnews.com.br\\\/?p=93259#primaryimage\",\"url\":\"https:\\\/\\\/www.fatosefotosnews.com.br\\\/wp-content\\\/uploads\\\/2024\\\/06\\\/97304f29a6305b1b101579aafa9cfb01.jpeg\",\"contentUrl\":\"https:\\\/\\\/www.fatosefotosnews.com.br\\\/wp-content\\\/uploads\\\/2024\\\/06\\\/97304f29a6305b1b101579aafa9cfb01.jpeg\",\"width\":1024,\"height\":576,\"caption\":\"Reda\u00e7\u00e3o GPS Ronda da Moda GPS: as novidades da semana no mundo fashion\"},{\"@type\":\"BreadcrumbList\",\"@id\":\"https:\\\/\\\/www.fatosefotosnews.com.br\\\/?p=93259#breadcrumb\",\"itemListElement\":[{\"@type\":\"ListItem\",\"position\":1,\"name\":\"In\u00edcio\",\"item\":\"https:\\\/\\\/www.fatosefotosnews.com.br\\\/\"},{\"@type\":\"ListItem\",\"position\":2,\"name\":\"Ronda da Moda GPS: as novidades da semana no mundo fashion\"}]},{\"@type\":\"WebSite\",\"@id\":\"https:\\\/\\\/www.fatosefotosnews.com.br\\\/#website\",\"url\":\"https:\\\/\\\/www.fatosefotosnews.com.br\\\/\",\"name\":\"Fatos e Fotos News\",\"description\":\"Um site de noticial verdadeira e confi\u00e1veis.\",\"publisher\":{\"@id\":\"https:\\\/\\\/www.fatosefotosnews.com.br\\\/#organization\"},\"potentialAction\":[{\"@type\":\"SearchAction\",\"target\":{\"@type\":\"EntryPoint\",\"urlTemplate\":\"https:\\\/\\\/www.fatosefotosnews.com.br\\\/?s={search_term_string}\"},\"query-input\":{\"@type\":\"PropertyValueSpecification\",\"valueRequired\":true,\"valueName\":\"search_term_string\"}}],\"inLanguage\":\"pt-BR\"},{\"@type\":\"Organization\",\"@id\":\"https:\\\/\\\/www.fatosefotosnews.com.br\\\/#organization\",\"name\":\"Fatos e Fotos News\",\"url\":\"https:\\\/\\\/www.fatosefotosnews.com.br\\\/\",\"logo\":{\"@type\":\"ImageObject\",\"inLanguage\":\"pt-BR\",\"@id\":\"https:\\\/\\\/www.fatosefotosnews.com.br\\\/#\\\/schema\\\/logo\\\/image\\\/\",\"url\":\"https:\\\/\\\/www.fatosefotosnews.com.br\\\/wp-content\\\/uploads\\\/2023\\\/02\\\/Fatos-e-Fotos-news-logo.png\",\"contentUrl\":\"https:\\\/\\\/www.fatosefotosnews.com.br\\\/wp-content\\\/uploads\\\/2023\\\/02\\\/Fatos-e-Fotos-news-logo.png\",\"width\":300,\"height\":58,\"caption\":\"Fatos e Fotos News\"},\"image\":{\"@id\":\"https:\\\/\\\/www.fatosefotosnews.com.br\\\/#\\\/schema\\\/logo\\\/image\\\/\"}},{\"@type\":\"Person\",\"@id\":\"https:\\\/\\\/www.fatosefotosnews.com.br\\\/#\\\/schema\\\/person\\\/3b80f81d08670fb1f6690e07eb8b5dc6\",\"name\":\"Da Reda\u00e7\u00e3o\",\"image\":{\"@type\":\"ImageObject\",\"inLanguage\":\"pt-BR\",\"@id\":\"https:\\\/\\\/secure.gravatar.com\\\/avatar\\\/696d39935a657bf0fc95044dbc9f912520430a0eb6dd46c85dd97eb6483b249b?s=96&d=mm&r=g\",\"url\":\"https:\\\/\\\/secure.gravatar.com\\\/avatar\\\/696d39935a657bf0fc95044dbc9f912520430a0eb6dd46c85dd97eb6483b249b?s=96&d=mm&r=g\",\"contentUrl\":\"https:\\\/\\\/secure.gravatar.com\\\/avatar\\\/696d39935a657bf0fc95044dbc9f912520430a0eb6dd46c85dd97eb6483b249b?s=96&d=mm&r=g\",\"caption\":\"Da Reda\u00e7\u00e3o\"},\"url\":\"https:\\\/\\\/www.fatosefotosnews.com.br\\\/?author=5\"}]}<\/script>\n<!-- \/ Yoast SEO plugin. -->","yoast_head_json":{"title":"Ronda da Moda GPS: as novidades da semana no mundo fashion","description":"Ronda da Moda GPS: as novidades da semana no mundo fashion","robots":{"index":"index","follow":"follow","max-snippet":"max-snippet:-1","max-image-preview":"max-image-preview:large","max-video-preview":"max-video-preview:-1"},"canonical":"https:\/\/www.fatosefotosnews.com.br\/?p=93259","og_locale":"pt_BR","og_type":"article","og_title":"Ronda da Moda GPS: as novidades da semana no mundo fashion","og_description":"Ronda da Moda GPS: as novidades da semana no mundo fashion","og_url":"https:\/\/www.fatosefotosnews.com.br\/?p=93259","og_site_name":"Fatos e Fotos News","article_published_time":"2024-06-16T18:01:26+00:00","og_image":[{"width":1024,"height":576,"url":"https:\/\/www.fatosefotosnews.com.br\/wp-content\/uploads\/2024\/06\/97304f29a6305b1b101579aafa9cfb01.jpeg","type":"image\/jpeg"}],"author":"Da Reda\u00e7\u00e3o","twitter_card":"summary_large_image","twitter_misc":{"Escrito por":"Da Reda\u00e7\u00e3o","Est. tempo de leitura":"99 minutos"},"schema":{"@context":"https:\/\/schema.org","@graph":[{"@type":"Article","@id":"https:\/\/www.fatosefotosnews.com.br\/?p=93259#article","isPartOf":{"@id":"https:\/\/www.fatosefotosnews.com.br\/?p=93259"},"author":{"name":"Da Reda\u00e7\u00e3o","@id":"https:\/\/www.fatosefotosnews.com.br\/#\/schema\/person\/3b80f81d08670fb1f6690e07eb8b5dc6"},"headline":"Ronda da Moda GPS: as novidades da semana no mundo fashion","datePublished":"2024-06-16T18:01:26+00:00","mainEntityOfPage":{"@id":"https:\/\/www.fatosefotosnews.com.br\/?p=93259"},"wordCount":622,"commentCount":0,"publisher":{"@id":"https:\/\/www.fatosefotosnews.com.br\/#organization"},"image":{"@id":"https:\/\/www.fatosefotosnews.com.br\/?p=93259#primaryimage"},"thumbnailUrl":"https:\/\/www.fatosefotosnews.com.br\/wp-content\/uploads\/2024\/06\/97304f29a6305b1b101579aafa9cfb01.jpeg","keywords":["mundo","novidades","ronda","semana"],"articleSection":["Geral"],"inLanguage":"pt-BR","potentialAction":[{"@type":"CommentAction","name":"Comment","target":["https:\/\/www.fatosefotosnews.com.br\/?p=93259#respond"]}]},{"@type":"WebPage","@id":"https:\/\/www.fatosefotosnews.com.br\/?p=93259","url":"https:\/\/www.fatosefotosnews.com.br\/?p=93259","name":"Ronda da Moda GPS: as novidades da semana no mundo fashion","isPartOf":{"@id":"https:\/\/www.fatosefotosnews.com.br\/#website"},"primaryImageOfPage":{"@id":"https:\/\/www.fatosefotosnews.com.br\/?p=93259#primaryimage"},"image":{"@id":"https:\/\/www.fatosefotosnews.com.br\/?p=93259#primaryimage"},"thumbnailUrl":"https:\/\/www.fatosefotosnews.com.br\/wp-content\/uploads\/2024\/06\/97304f29a6305b1b101579aafa9cfb01.jpeg","datePublished":"2024-06-16T18:01:26+00:00","description":"Ronda da Moda GPS: as novidades da semana no mundo fashion","breadcrumb":{"@id":"https:\/\/www.fatosefotosnews.com.br\/?p=93259#breadcrumb"},"inLanguage":"pt-BR","potentialAction":[{"@type":"ReadAction","target":["https:\/\/www.fatosefotosnews.com.br\/?p=93259"]}]},{"@type":"ImageObject","inLanguage":"pt-BR","@id":"https:\/\/www.fatosefotosnews.com.br\/?p=93259#primaryimage","url":"https:\/\/www.fatosefotosnews.com.br\/wp-content\/uploads\/2024\/06\/97304f29a6305b1b101579aafa9cfb01.jpeg","contentUrl":"https:\/\/www.fatosefotosnews.com.br\/wp-content\/uploads\/2024\/06\/97304f29a6305b1b101579aafa9cfb01.jpeg","width":1024,"height":576,"caption":"Reda\u00e7\u00e3o GPS Ronda da Moda GPS: as novidades da semana no mundo fashion"},{"@type":"BreadcrumbList","@id":"https:\/\/www.fatosefotosnews.com.br\/?p=93259#breadcrumb","itemListElement":[{"@type":"ListItem","position":1,"name":"In\u00edcio","item":"https:\/\/www.fatosefotosnews.com.br\/"},{"@type":"ListItem","position":2,"name":"Ronda da Moda GPS: as novidades da semana no mundo fashion"}]},{"@type":"WebSite","@id":"https:\/\/www.fatosefotosnews.com.br\/#website","url":"https:\/\/www.fatosefotosnews.com.br\/","name":"Fatos e Fotos News","description":"Um site de noticial verdadeira e confi\u00e1veis.","publisher":{"@id":"https:\/\/www.fatosefotosnews.com.br\/#organization"},"potentialAction":[{"@type":"SearchAction","target":{"@type":"EntryPoint","urlTemplate":"https:\/\/www.fatosefotosnews.com.br\/?s={search_term_string}"},"query-input":{"@type":"PropertyValueSpecification","valueRequired":true,"valueName":"search_term_string"}}],"inLanguage":"pt-BR"},{"@type":"Organization","@id":"https:\/\/www.fatosefotosnews.com.br\/#organization","name":"Fatos e Fotos News","url":"https:\/\/www.fatosefotosnews.com.br\/","logo":{"@type":"ImageObject","inLanguage":"pt-BR","@id":"https:\/\/www.fatosefotosnews.com.br\/#\/schema\/logo\/image\/","url":"https:\/\/www.fatosefotosnews.com.br\/wp-content\/uploads\/2023\/02\/Fatos-e-Fotos-news-logo.png","contentUrl":"https:\/\/www.fatosefotosnews.com.br\/wp-content\/uploads\/2023\/02\/Fatos-e-Fotos-news-logo.png","width":300,"height":58,"caption":"Fatos e Fotos News"},"image":{"@id":"https:\/\/www.fatosefotosnews.com.br\/#\/schema\/logo\/image\/"}},{"@type":"Person","@id":"https:\/\/www.fatosefotosnews.com.br\/#\/schema\/person\/3b80f81d08670fb1f6690e07eb8b5dc6","name":"Da Reda\u00e7\u00e3o","image":{"@type":"ImageObject","inLanguage":"pt-BR","@id":"https:\/\/secure.gravatar.com\/avatar\/696d39935a657bf0fc95044dbc9f912520430a0eb6dd46c85dd97eb6483b249b?s=96&d=mm&r=g","url":"https:\/\/secure.gravatar.com\/avatar\/696d39935a657bf0fc95044dbc9f912520430a0eb6dd46c85dd97eb6483b249b?s=96&d=mm&r=g","contentUrl":"https:\/\/secure.gravatar.com\/avatar\/696d39935a657bf0fc95044dbc9f912520430a0eb6dd46c85dd97eb6483b249b?s=96&d=mm&r=g","caption":"Da Reda\u00e7\u00e3o"},"url":"https:\/\/www.fatosefotosnews.com.br\/?author=5"}]}},"jetpack_publicize_connections":[],"blog_post_layout_featured_media_urls":{"thumbnail":["https:\/\/www.fatosefotosnews.com.br\/wp-content\/uploads\/2024\/06\/97304f29a6305b1b101579aafa9cfb01-150x150.jpeg",150,150,true],"full":["https:\/\/www.fatosefotosnews.com.br\/wp-content\/uploads\/2024\/06\/97304f29a6305b1b101579aafa9cfb01.jpeg",1024,576,false]},"categories_names":{"167":{"name":"Geral","link":"https:\/\/www.fatosefotosnews.com.br\/?cat=167"}},"tags_names":{"1224":{"name":"mundo","link":"https:\/\/www.fatosefotosnews.com.br\/?tag=mundo"},"2951":{"name":"novidades","link":"https:\/\/www.fatosefotosnews.com.br\/?tag=novidades"},"20915":{"name":"ronda","link":"https:\/\/www.fatosefotosnews.com.br\/?tag=ronda"},"529":{"name":"semana","link":"https:\/\/www.fatosefotosnews.com.br\/?tag=semana"}},"comments_number":"0","wpmagazine_modules_lite_featured_media_urls":{"thumbnail":["https:\/\/www.fatosefotosnews.com.br\/wp-content\/uploads\/2024\/06\/97304f29a6305b1b101579aafa9cfb01-150x150.jpeg",150,150,true],"cvmm-medium":["https:\/\/www.fatosefotosnews.com.br\/wp-content\/uploads\/2024\/06\/97304f29a6305b1b101579aafa9cfb01-300x300.jpeg",300,300,true],"cvmm-medium-plus":["https:\/\/www.fatosefotosnews.com.br\/wp-content\/uploads\/2024\/06\/97304f29a6305b1b101579aafa9cfb01-305x207.jpeg",305,207,true],"cvmm-portrait":["https:\/\/www.fatosefotosnews.com.br\/wp-content\/uploads\/2024\/06\/97304f29a6305b1b101579aafa9cfb01-400x576.jpeg",400,576,true],"cvmm-medium-square":["https:\/\/www.fatosefotosnews.com.br\/wp-content\/uploads\/2024\/06\/97304f29a6305b1b101579aafa9cfb01-600x576.jpeg",600,576,true],"cvmm-large":["https:\/\/www.fatosefotosnews.com.br\/wp-content\/uploads\/2024\/06\/97304f29a6305b1b101579aafa9cfb01.jpeg",1024,576,false],"cvmm-small":["https:\/\/www.fatosefotosnews.com.br\/wp-content\/uploads\/2024\/06\/97304f29a6305b1b101579aafa9cfb01-130x95.jpeg",130,95,true],"full":["https:\/\/www.fatosefotosnews.com.br\/wp-content\/uploads\/2024\/06\/97304f29a6305b1b101579aafa9cfb01.jpeg",1024,576,false]},"_links":{"self":[{"href":"https:\/\/www.fatosefotosnews.com.br\/index.php?rest_route=\/wp\/v2\/posts\/93259","targetHints":{"allow":["GET"]}}],"collection":[{"href":"https:\/\/www.fatosefotosnews.com.br\/index.php?rest_route=\/wp\/v2\/posts"}],"about":[{"href":"https:\/\/www.fatosefotosnews.com.br\/index.php?rest_route=\/wp\/v2\/types\/post"}],"author":[{"embeddable":true,"href":"https:\/\/www.fatosefotosnews.com.br\/index.php?rest_route=\/wp\/v2\/users\/5"}],"replies":[{"embeddable":true,"href":"https:\/\/www.fatosefotosnews.com.br\/index.php?rest_route=%2Fwp%2Fv2%2Fcomments&post=93259"}],"version-history":[{"count":0,"href":"https:\/\/www.fatosefotosnews.com.br\/index.php?rest_route=\/wp\/v2\/posts\/93259\/revisions"}],"wp:featuredmedia":[{"embeddable":true,"href":"https:\/\/www.fatosefotosnews.com.br\/index.php?rest_route=\/wp\/v2\/media\/93260"}],"wp:attachment":[{"href":"https:\/\/www.fatosefotosnews.com.br\/index.php?rest_route=%2Fwp%2Fv2%2Fmedia&parent=93259"}],"wp:term":[{"taxonomy":"category","embeddable":true,"href":"https:\/\/www.fatosefotosnews.com.br\/index.php?rest_route=%2Fwp%2Fv2%2Fcategories&post=93259"},{"taxonomy":"post_tag","embeddable":true,"href":"https:\/\/www.fatosefotosnews.com.br\/index.php?rest_route=%2Fwp%2Fv2%2Ftags&post=93259"}],"curies":[{"name":"wp","href":"https:\/\/api.w.org\/{rel}","templated":true}]}}