{"id":93836,"date":"2024-06-19T14:01:16","date_gmt":"2024-06-19T17:01:16","guid":{"rendered":"https:\/\/www.fatosefotosnews.com.br\/ministro-do-turismo-diz-que-pec-das-praias-tem-pontos-positivos\/"},"modified":"2024-06-19T14:01:16","modified_gmt":"2024-06-19T17:01:16","slug":"ministro-do-turismo-diz-que-pec-das-praias-tem-pontos-positivos","status":"publish","type":"post","link":"https:\/\/www.fatosefotosnews.com.br\/?p=93836","title":{"rendered":"Ministro do Turismo diz que PEC das Praias tem pontos positivos"},"content":{"rendered":"<p>O ministro do Turismo, Celso Sabino, teceu elogios \u00e0 chamada Proposta de Emenda Constitucional &#8211; PEC das Praias &#8211; que estabelece novas diretrizes para propriedade e gest\u00e3o dos chamados terrenos de Marinha.\u00a0<img decoding=\"async\" src=\"https:\/\/agenciabrasil.ebc.com.br\/ebc.png?id=1600287&#038;o=node\" style=\"width:1px;height:1px\"><img decoding=\"async\" src=\"https:\/\/agenciabrasil.ebc.com.br\/ebc.gif?id=1600287&#038;o=node\" style=\"width:1px;height:1px\"><\/p>\n<p>A afirma\u00e7\u00e3o foi feita durante entrevista, nesta quarta-feira (19), ao programa <strong>Bom Dia, Ministro<\/strong>, exibido pelo <strong>Canal Gov, da Empresa Brasil de Comunica\u00e7\u00e3o (EBC)<\/strong>.<\/p>\n<p>Segundo afirmou, apesar de pol\u00eamica, a proposta apresenta alguns pontos positivos, como uma maior arrecada\u00e7\u00e3o para o Poder P\u00fablico, gera\u00e7\u00e3o de emprego e renda, bem como investimentos \u201cem locais onde n\u00e3o existe nenhuma infraestrutura instalada\u201d.<\/p>\n<p>As \u00e1reas de marinha s\u00e3o terrenos localizados em uma faixa de at\u00e9 33 metros contados a partir da linha da mar\u00e9 alta. A PEC teve seu texto aprovado em dois turnos na C\u00e2mara dos Deputados e est\u00e1 em discuss\u00e3o no Senado.<\/p>\n<p>\u201cEsse tema virou um tema bastante pol\u00eamico, sobretudo com envolvimento de um jogador de futebol [Neymar] e uma atriz [Luana Piovani], que ficaram debatendo [em p\u00fablico o assunto]. Teve tamb\u00e9m uma grande emissora que botou um apelido, [dando a ideia] de que vai privatizar as praias. Quando um projeto adquire um apelido assim, muitas vezes acaba fugindo da realidade. Isso despertou o debate e a discuss\u00e3o sobre esse projeto que tem muitos pontos positivos\u201d, disse o ministro.<\/p>\n<h2>Dimens\u00e3o das vers\u00f5es<\/h2>\n<p>Na avalia\u00e7\u00e3o de Celso Sabino, esse projeto dificilmente ser\u00e1 votado, devido ao \u201cvolume e \u00e0 dimens\u00e3o das vers\u00f5es que o impregnaram\u201d.<\/p>\n<p>\u201cEu n\u00e3o vejo nenhuma possibilidade de algu\u00e9m chegar e dizer \u2018olha, a partir de agora, ali na praia de Botafogo, no Rio de Janeiro, vamos atravessar uma corrente e s\u00f3 vai entrar quem pagar uma taxa porque eu vendi isso aqui para A ou para B. Acho que quem pensou isso a\u00ed t\u00e1 realmente muito equivocado. Mas acho que [o assunto] merece um debate mais t\u00e9cnico e aprofundado\u201d, argumentou.<\/p>\n<p>Acrescentou que a legisla\u00e7\u00e3o dessas regi\u00f5es tangenciais a rios e oceanos diz que essas \u00e1reas pertencem ao governo federal, mas que existem pessoas morando nelas, bem como empresas que as exploram.<\/p>\n<p>\u201cElas [habitantes e empresas] possuem legalmente direitos. N\u00e3o de propriedade, que \u00e9 do governo federal, mas de posse. Por essa posse, \u00e9 pago uma esp\u00e9cie de um tributo anual. Se n\u00e3o me falha a mem\u00f3ria, n\u00e3o \u00e9 laud\u00eamio\u201d, disse ele referindo-se ao tributo chamado foro, pago anualmente pelo dom\u00ednio \u00fatil da propriedade.<\/p>\n<h2>Arrecada\u00e7\u00e3o e investimentos<\/h2>\n<p>\u201cO governo tem uma certa arrecada\u00e7\u00e3o com isso. Segundo esse projeto, uma pessoa que mora ali h\u00e1 40 anos, naquela casa, poderia adquirir a propriedade. N\u00e3o s\u00f3 a posse. O governo ent\u00e3o teria uma arrecada\u00e7\u00e3o ampla com isso. Em vez de ter um faturamento, talvez de R$ 1 mil por ano, poderia vender aquela propriedade por milh\u00f5es de reais. Multiplica isso por milhares de propriedades similares em todo o Brasil \u00e0s margens de rios e de oceanos\u201d, argumentou.<\/p>\n<p>Outro ponto do projeto elogiado pelo ministro s\u00e3o os investimentos que poderiam ser feitos pela iniciativa privada nessas \u00e1reas. \u201cEm todo mundo, voc\u00ea tem a instala\u00e7\u00e3o de grandes empreendimentos a custos alt\u00edssimos que empregam milhares de pessoas\u201d, argumentou.<\/p>\n<p>\u201cNo caso de praias em locais onde n\u00e3o existe nenhuma infraestrutura instalada, onde n\u00e3o vai ningu\u00e9m; um lugar paradis\u00edaco e atrativo, podemos atrair um grande empres\u00e1rio nacional e internacional para, ali, fazer um investimento. \u00c9 como tem na Gr\u00e9cia, nos Estados Unidos, na Turquia e em outros lugares no mundo. Um empreendimento, de repente, vai investir bilh\u00f5es de reais e gerar milhares de empregos diretos, movimentando a economia e arrecadando recursos com as pessoas que v\u00e3o para l\u00e1 se hospedar\u201d, acrescentou.<\/p>\n<p>Por fim, ele defendeu que o assunto seja debatido de forma \u201cisenta de ideologia partid\u00e1ria ou ideologia pol\u00edtica\u201d e com \u201crespeito ao direito adquirido de todos e com a propriedade garantida aos brasileiros dessas \u00e1reas\u201d. \u00a0<\/p>\n<p id=\"infocoweb_fonte\" class=\"infocoweb_fonte\">Fonte: <a target=\"_blank\" href=\"https:\/\/agenciabrasil.ebc.com.br\/economia\/noticia\/2024-06\/ministro-do-turismo-diz-que-pec-das-praias-tem-pontos-positivos#3d69ce32-05df-494f-8c34-701e8774792b\" rel=\"noopener\">EBC Economia<\/a><\/p>\n","protected":false},"excerpt":{"rendered":"<p>O ministro do Turismo, Celso Sabino, teceu elogios \u00e0 chamada Proposta de Emenda Constitucional &#8211; PEC das Praias &#8211; que estabelece novas diretrizes para propriedade e gest\u00e3o dos chamados terrenos de Marinha.\u00a0 A afirma\u00e7\u00e3o foi feita durante entrevista, nesta quarta-feira (19), ao programa Bom Dia, Ministro, exibido pelo Canal Gov, da Empresa Brasil de Comunica\u00e7\u00e3o [&hellip;]<\/p>\n","protected":false},"author":5,"featured_media":93837,"comment_status":"open","ping_status":"open","sticky":false,"template":"","format":"standard","meta":{"_acf_changed":false,"_angie_page":false,"_monsterinsights_skip_tracking":false,"_themeisle_gutenberg_block_has_review":false,"page_builder":"","footnotes":"","jetpack_publicize_message":"","jetpack_publicize_feature_enabled":true,"jetpack_social_post_already_shared":false,"jetpack_social_options":{"image_generator_settings":{"template":"highway","default_image_id":0,"font":"","enabled":false},"version":2}},"categories":[167],"tags":[821,1312,8661,1803,261],"class_list":["post-93836","post","type-post","status-publish","format-standard","has-post-thumbnail","hentry","category-geral","tag-ministro","tag-pontos","tag-positivos","tag-praias","tag-turismo"],"acf":[],"nelio_content":{"autoShareEndMode":"never","automationSources":{"useCustomSentences":false,"customSentences":[]},"efiAlt":"","efiUrl":"","followers":[5],"highlights":[],"isAutoShareEnabled":true,"networkImageIds":[],"permalinkQueryArgs":[],"series":[],"suggestedReferences":[]},"yoast_head":"<!-- This site is optimized with the Yoast SEO plugin v28.3 - https:\/\/yoast.com\/product\/yoast-seo-wordpress\/ -->\n<title>Ministro do Turismo diz que PEC das Praias tem pontos positivos<\/title>\n<meta name=\"description\" content=\"Ministro do Turismo diz que PEC das Praias tem pontos positivos\" \/>\n<meta name=\"robots\" content=\"index, follow, max-snippet:-1, max-image-preview:large, max-video-preview:-1\" \/>\n<link rel=\"canonical\" href=\"https:\/\/www.fatosefotosnews.com.br\/?p=93836\" \/>\n<meta property=\"og:locale\" content=\"pt_BR\" \/>\n<meta property=\"og:type\" content=\"article\" \/>\n<meta property=\"og:title\" content=\"Ministro do Turismo diz que PEC das Praias tem pontos positivos\" \/>\n<meta property=\"og:description\" content=\"Ministro do Turismo diz que PEC das Praias tem pontos positivos\" \/>\n<meta property=\"og:url\" content=\"https:\/\/www.fatosefotosnews.com.br\/?p=93836\" \/>\n<meta property=\"og:site_name\" content=\"Fatos e Fotos News\" \/>\n<meta property=\"article:published_time\" content=\"2024-06-19T17:01:16+00:00\" \/>\n<meta property=\"og:image\" content=\"https:\/\/www.fatosefotosnews.com.br\/wp-content\/uploads\/2024\/06\/daf4b22fc3313d48f65ab5389e14f6c7.jpeg\" \/>\n\t<meta property=\"og:image:width\" content=\"1024\" \/>\n\t<meta property=\"og:image:height\" content=\"512\" \/>\n\t<meta property=\"og:image:type\" content=\"image\/jpeg\" \/>\n<meta name=\"author\" content=\"Da Reda\u00e7\u00e3o\" \/>\n<meta name=\"twitter:card\" content=\"summary_large_image\" \/>\n<meta name=\"twitter:label1\" content=\"Escrito por\" \/>\n\t<meta name=\"twitter:data1\" content=\"Da Reda\u00e7\u00e3o\" \/>\n\t<meta name=\"twitter:label2\" content=\"Est. tempo de leitura\" \/>\n\t<meta name=\"twitter:data2\" content=\"99 minutos\" \/>\n<script type=\"application\/ld+json\" class=\"yoast-schema-graph\">{\"@context\":\"https:\\\/\\\/schema.org\",\"@graph\":[{\"@type\":\"Article\",\"@id\":\"https:\\\/\\\/www.fatosefotosnews.com.br\\\/?p=93836#article\",\"isPartOf\":{\"@id\":\"https:\\\/\\\/www.fatosefotosnews.com.br\\\/?p=93836\"},\"author\":{\"name\":\"Da Reda\u00e7\u00e3o\",\"@id\":\"https:\\\/\\\/www.fatosefotosnews.com.br\\\/#\\\/schema\\\/person\\\/3b80f81d08670fb1f6690e07eb8b5dc6\"},\"headline\":\"Ministro do Turismo diz que PEC das Praias tem pontos positivos\",\"datePublished\":\"2024-06-19T17:01:16+00:00\",\"mainEntityOfPage\":{\"@id\":\"https:\\\/\\\/www.fatosefotosnews.com.br\\\/?p=93836\"},\"wordCount\":675,\"commentCount\":0,\"publisher\":{\"@id\":\"https:\\\/\\\/www.fatosefotosnews.com.br\\\/#organization\"},\"image\":{\"@id\":\"https:\\\/\\\/www.fatosefotosnews.com.br\\\/?p=93836#primaryimage\"},\"thumbnailUrl\":\"https:\\\/\\\/www.fatosefotosnews.com.br\\\/wp-content\\\/uploads\\\/2024\\\/06\\\/daf4b22fc3313d48f65ab5389e14f6c7.jpeg\",\"keywords\":[\"ministro\",\"pontos\",\"positivos\",\"praias\",\"Turismo\"],\"articleSection\":[\"Geral\"],\"inLanguage\":\"pt-BR\",\"potentialAction\":[{\"@type\":\"CommentAction\",\"name\":\"Comment\",\"target\":[\"https:\\\/\\\/www.fatosefotosnews.com.br\\\/?p=93836#respond\"]}]},{\"@type\":\"WebPage\",\"@id\":\"https:\\\/\\\/www.fatosefotosnews.com.br\\\/?p=93836\",\"url\":\"https:\\\/\\\/www.fatosefotosnews.com.br\\\/?p=93836\",\"name\":\"Ministro do Turismo diz que PEC das Praias tem pontos positivos\",\"isPartOf\":{\"@id\":\"https:\\\/\\\/www.fatosefotosnews.com.br\\\/#website\"},\"primaryImageOfPage\":{\"@id\":\"https:\\\/\\\/www.fatosefotosnews.com.br\\\/?p=93836#primaryimage\"},\"image\":{\"@id\":\"https:\\\/\\\/www.fatosefotosnews.com.br\\\/?p=93836#primaryimage\"},\"thumbnailUrl\":\"https:\\\/\\\/www.fatosefotosnews.com.br\\\/wp-content\\\/uploads\\\/2024\\\/06\\\/daf4b22fc3313d48f65ab5389e14f6c7.jpeg\",\"datePublished\":\"2024-06-19T17:01:16+00:00\",\"description\":\"Ministro do Turismo diz que PEC das Praias tem pontos positivos\",\"breadcrumb\":{\"@id\":\"https:\\\/\\\/www.fatosefotosnews.com.br\\\/?p=93836#breadcrumb\"},\"inLanguage\":\"pt-BR\",\"potentialAction\":[{\"@type\":\"ReadAction\",\"target\":[\"https:\\\/\\\/www.fatosefotosnews.com.br\\\/?p=93836\"]}]},{\"@type\":\"ImageObject\",\"inLanguage\":\"pt-BR\",\"@id\":\"https:\\\/\\\/www.fatosefotosnews.com.br\\\/?p=93836#primaryimage\",\"url\":\"https:\\\/\\\/www.fatosefotosnews.com.br\\\/wp-content\\\/uploads\\\/2024\\\/06\\\/daf4b22fc3313d48f65ab5389e14f6c7.jpeg\",\"contentUrl\":\"https:\\\/\\\/www.fatosefotosnews.com.br\\\/wp-content\\\/uploads\\\/2024\\\/06\\\/daf4b22fc3313d48f65ab5389e14f6c7.jpeg\",\"width\":1024,\"height\":512,\"caption\":\"\u00a9 Fabio Rodrigues-Pozzebom\\\/ Ag\u00eancia\"},{\"@type\":\"BreadcrumbList\",\"@id\":\"https:\\\/\\\/www.fatosefotosnews.com.br\\\/?p=93836#breadcrumb\",\"itemListElement\":[{\"@type\":\"ListItem\",\"position\":1,\"name\":\"In\u00edcio\",\"item\":\"https:\\\/\\\/www.fatosefotosnews.com.br\\\/\"},{\"@type\":\"ListItem\",\"position\":2,\"name\":\"Ministro do Turismo diz que PEC das Praias tem pontos positivos\"}]},{\"@type\":\"WebSite\",\"@id\":\"https:\\\/\\\/www.fatosefotosnews.com.br\\\/#website\",\"url\":\"https:\\\/\\\/www.fatosefotosnews.com.br\\\/\",\"name\":\"Fatos e Fotos News\",\"description\":\"Um site de noticial verdadeira e confi\u00e1veis.\",\"publisher\":{\"@id\":\"https:\\\/\\\/www.fatosefotosnews.com.br\\\/#organization\"},\"potentialAction\":[{\"@type\":\"SearchAction\",\"target\":{\"@type\":\"EntryPoint\",\"urlTemplate\":\"https:\\\/\\\/www.fatosefotosnews.com.br\\\/?s={search_term_string}\"},\"query-input\":{\"@type\":\"PropertyValueSpecification\",\"valueRequired\":true,\"valueName\":\"search_term_string\"}}],\"inLanguage\":\"pt-BR\"},{\"@type\":\"Organization\",\"@id\":\"https:\\\/\\\/www.fatosefotosnews.com.br\\\/#organization\",\"name\":\"Fatos e Fotos News\",\"url\":\"https:\\\/\\\/www.fatosefotosnews.com.br\\\/\",\"logo\":{\"@type\":\"ImageObject\",\"inLanguage\":\"pt-BR\",\"@id\":\"https:\\\/\\\/www.fatosefotosnews.com.br\\\/#\\\/schema\\\/logo\\\/image\\\/\",\"url\":\"https:\\\/\\\/www.fatosefotosnews.com.br\\\/wp-content\\\/uploads\\\/2023\\\/02\\\/Fatos-e-Fotos-news-logo.png\",\"contentUrl\":\"https:\\\/\\\/www.fatosefotosnews.com.br\\\/wp-content\\\/uploads\\\/2023\\\/02\\\/Fatos-e-Fotos-news-logo.png\",\"width\":300,\"height\":58,\"caption\":\"Fatos e Fotos News\"},\"image\":{\"@id\":\"https:\\\/\\\/www.fatosefotosnews.com.br\\\/#\\\/schema\\\/logo\\\/image\\\/\"}},{\"@type\":\"Person\",\"@id\":\"https:\\\/\\\/www.fatosefotosnews.com.br\\\/#\\\/schema\\\/person\\\/3b80f81d08670fb1f6690e07eb8b5dc6\",\"name\":\"Da Reda\u00e7\u00e3o\",\"image\":{\"@type\":\"ImageObject\",\"inLanguage\":\"pt-BR\",\"@id\":\"https:\\\/\\\/secure.gravatar.com\\\/avatar\\\/696d39935a657bf0fc95044dbc9f912520430a0eb6dd46c85dd97eb6483b249b?s=96&d=mm&r=g\",\"url\":\"https:\\\/\\\/secure.gravatar.com\\\/avatar\\\/696d39935a657bf0fc95044dbc9f912520430a0eb6dd46c85dd97eb6483b249b?s=96&d=mm&r=g\",\"contentUrl\":\"https:\\\/\\\/secure.gravatar.com\\\/avatar\\\/696d39935a657bf0fc95044dbc9f912520430a0eb6dd46c85dd97eb6483b249b?s=96&d=mm&r=g\",\"caption\":\"Da Reda\u00e7\u00e3o\"},\"url\":\"https:\\\/\\\/www.fatosefotosnews.com.br\\\/?author=5\"}]}<\/script>\n<!-- \/ Yoast SEO plugin. -->","yoast_head_json":{"title":"Ministro do Turismo diz que PEC das Praias tem pontos positivos","description":"Ministro do Turismo diz que PEC das Praias tem pontos positivos","robots":{"index":"index","follow":"follow","max-snippet":"max-snippet:-1","max-image-preview":"max-image-preview:large","max-video-preview":"max-video-preview:-1"},"canonical":"https:\/\/www.fatosefotosnews.com.br\/?p=93836","og_locale":"pt_BR","og_type":"article","og_title":"Ministro do Turismo diz que PEC das Praias tem pontos positivos","og_description":"Ministro do Turismo diz que PEC das Praias tem pontos positivos","og_url":"https:\/\/www.fatosefotosnews.com.br\/?p=93836","og_site_name":"Fatos e Fotos News","article_published_time":"2024-06-19T17:01:16+00:00","og_image":[{"width":1024,"height":512,"url":"https:\/\/www.fatosefotosnews.com.br\/wp-content\/uploads\/2024\/06\/daf4b22fc3313d48f65ab5389e14f6c7.jpeg","type":"image\/jpeg"}],"author":"Da Reda\u00e7\u00e3o","twitter_card":"summary_large_image","twitter_misc":{"Escrito por":"Da Reda\u00e7\u00e3o","Est. tempo de leitura":"99 minutos"},"schema":{"@context":"https:\/\/schema.org","@graph":[{"@type":"Article","@id":"https:\/\/www.fatosefotosnews.com.br\/?p=93836#article","isPartOf":{"@id":"https:\/\/www.fatosefotosnews.com.br\/?p=93836"},"author":{"name":"Da Reda\u00e7\u00e3o","@id":"https:\/\/www.fatosefotosnews.com.br\/#\/schema\/person\/3b80f81d08670fb1f6690e07eb8b5dc6"},"headline":"Ministro do Turismo diz que PEC das Praias tem pontos positivos","datePublished":"2024-06-19T17:01:16+00:00","mainEntityOfPage":{"@id":"https:\/\/www.fatosefotosnews.com.br\/?p=93836"},"wordCount":675,"commentCount":0,"publisher":{"@id":"https:\/\/www.fatosefotosnews.com.br\/#organization"},"image":{"@id":"https:\/\/www.fatosefotosnews.com.br\/?p=93836#primaryimage"},"thumbnailUrl":"https:\/\/www.fatosefotosnews.com.br\/wp-content\/uploads\/2024\/06\/daf4b22fc3313d48f65ab5389e14f6c7.jpeg","keywords":["ministro","pontos","positivos","praias","Turismo"],"articleSection":["Geral"],"inLanguage":"pt-BR","potentialAction":[{"@type":"CommentAction","name":"Comment","target":["https:\/\/www.fatosefotosnews.com.br\/?p=93836#respond"]}]},{"@type":"WebPage","@id":"https:\/\/www.fatosefotosnews.com.br\/?p=93836","url":"https:\/\/www.fatosefotosnews.com.br\/?p=93836","name":"Ministro do Turismo diz que PEC das Praias tem pontos positivos","isPartOf":{"@id":"https:\/\/www.fatosefotosnews.com.br\/#website"},"primaryImageOfPage":{"@id":"https:\/\/www.fatosefotosnews.com.br\/?p=93836#primaryimage"},"image":{"@id":"https:\/\/www.fatosefotosnews.com.br\/?p=93836#primaryimage"},"thumbnailUrl":"https:\/\/www.fatosefotosnews.com.br\/wp-content\/uploads\/2024\/06\/daf4b22fc3313d48f65ab5389e14f6c7.jpeg","datePublished":"2024-06-19T17:01:16+00:00","description":"Ministro do Turismo diz que PEC das Praias tem pontos positivos","breadcrumb":{"@id":"https:\/\/www.fatosefotosnews.com.br\/?p=93836#breadcrumb"},"inLanguage":"pt-BR","potentialAction":[{"@type":"ReadAction","target":["https:\/\/www.fatosefotosnews.com.br\/?p=93836"]}]},{"@type":"ImageObject","inLanguage":"pt-BR","@id":"https:\/\/www.fatosefotosnews.com.br\/?p=93836#primaryimage","url":"https:\/\/www.fatosefotosnews.com.br\/wp-content\/uploads\/2024\/06\/daf4b22fc3313d48f65ab5389e14f6c7.jpeg","contentUrl":"https:\/\/www.fatosefotosnews.com.br\/wp-content\/uploads\/2024\/06\/daf4b22fc3313d48f65ab5389e14f6c7.jpeg","width":1024,"height":512,"caption":"\u00a9 Fabio Rodrigues-Pozzebom\/ Ag\u00eancia"},{"@type":"BreadcrumbList","@id":"https:\/\/www.fatosefotosnews.com.br\/?p=93836#breadcrumb","itemListElement":[{"@type":"ListItem","position":1,"name":"In\u00edcio","item":"https:\/\/www.fatosefotosnews.com.br\/"},{"@type":"ListItem","position":2,"name":"Ministro do Turismo diz que PEC das Praias tem pontos positivos"}]},{"@type":"WebSite","@id":"https:\/\/www.fatosefotosnews.com.br\/#website","url":"https:\/\/www.fatosefotosnews.com.br\/","name":"Fatos e Fotos News","description":"Um site de noticial verdadeira e confi\u00e1veis.","publisher":{"@id":"https:\/\/www.fatosefotosnews.com.br\/#organization"},"potentialAction":[{"@type":"SearchAction","target":{"@type":"EntryPoint","urlTemplate":"https:\/\/www.fatosefotosnews.com.br\/?s={search_term_string}"},"query-input":{"@type":"PropertyValueSpecification","valueRequired":true,"valueName":"search_term_string"}}],"inLanguage":"pt-BR"},{"@type":"Organization","@id":"https:\/\/www.fatosefotosnews.com.br\/#organization","name":"Fatos e Fotos News","url":"https:\/\/www.fatosefotosnews.com.br\/","logo":{"@type":"ImageObject","inLanguage":"pt-BR","@id":"https:\/\/www.fatosefotosnews.com.br\/#\/schema\/logo\/image\/","url":"https:\/\/www.fatosefotosnews.com.br\/wp-content\/uploads\/2023\/02\/Fatos-e-Fotos-news-logo.png","contentUrl":"https:\/\/www.fatosefotosnews.com.br\/wp-content\/uploads\/2023\/02\/Fatos-e-Fotos-news-logo.png","width":300,"height":58,"caption":"Fatos e Fotos News"},"image":{"@id":"https:\/\/www.fatosefotosnews.com.br\/#\/schema\/logo\/image\/"}},{"@type":"Person","@id":"https:\/\/www.fatosefotosnews.com.br\/#\/schema\/person\/3b80f81d08670fb1f6690e07eb8b5dc6","name":"Da Reda\u00e7\u00e3o","image":{"@type":"ImageObject","inLanguage":"pt-BR","@id":"https:\/\/secure.gravatar.com\/avatar\/696d39935a657bf0fc95044dbc9f912520430a0eb6dd46c85dd97eb6483b249b?s=96&d=mm&r=g","url":"https:\/\/secure.gravatar.com\/avatar\/696d39935a657bf0fc95044dbc9f912520430a0eb6dd46c85dd97eb6483b249b?s=96&d=mm&r=g","contentUrl":"https:\/\/secure.gravatar.com\/avatar\/696d39935a657bf0fc95044dbc9f912520430a0eb6dd46c85dd97eb6483b249b?s=96&d=mm&r=g","caption":"Da Reda\u00e7\u00e3o"},"url":"https:\/\/www.fatosefotosnews.com.br\/?author=5"}]}},"jetpack_publicize_connections":[],"blog_post_layout_featured_media_urls":{"thumbnail":["https:\/\/www.fatosefotosnews.com.br\/wp-content\/uploads\/2024\/06\/daf4b22fc3313d48f65ab5389e14f6c7-150x150.jpeg",150,150,true],"full":["https:\/\/www.fatosefotosnews.com.br\/wp-content\/uploads\/2024\/06\/daf4b22fc3313d48f65ab5389e14f6c7.jpeg",1024,512,false]},"categories_names":{"167":{"name":"Geral","link":"https:\/\/www.fatosefotosnews.com.br\/?cat=167"}},"tags_names":{"821":{"name":"ministro","link":"https:\/\/www.fatosefotosnews.com.br\/?tag=ministro"},"1312":{"name":"pontos","link":"https:\/\/www.fatosefotosnews.com.br\/?tag=pontos"},"8661":{"name":"positivos","link":"https:\/\/www.fatosefotosnews.com.br\/?tag=positivos"},"1803":{"name":"praias","link":"https:\/\/www.fatosefotosnews.com.br\/?tag=praias"},"261":{"name":"Turismo","link":"https:\/\/www.fatosefotosnews.com.br\/?tag=turismo"}},"comments_number":"0","wpmagazine_modules_lite_featured_media_urls":{"thumbnail":["https:\/\/www.fatosefotosnews.com.br\/wp-content\/uploads\/2024\/06\/daf4b22fc3313d48f65ab5389e14f6c7-150x150.jpeg",150,150,true],"cvmm-medium":["https:\/\/www.fatosefotosnews.com.br\/wp-content\/uploads\/2024\/06\/daf4b22fc3313d48f65ab5389e14f6c7-300x300.jpeg",300,300,true],"cvmm-medium-plus":["https:\/\/www.fatosefotosnews.com.br\/wp-content\/uploads\/2024\/06\/daf4b22fc3313d48f65ab5389e14f6c7-305x207.jpeg",305,207,true],"cvmm-portrait":["https:\/\/www.fatosefotosnews.com.br\/wp-content\/uploads\/2024\/06\/daf4b22fc3313d48f65ab5389e14f6c7-400x512.jpeg",400,512,true],"cvmm-medium-square":["https:\/\/www.fatosefotosnews.com.br\/wp-content\/uploads\/2024\/06\/daf4b22fc3313d48f65ab5389e14f6c7-600x512.jpeg",600,512,true],"cvmm-large":["https:\/\/www.fatosefotosnews.com.br\/wp-content\/uploads\/2024\/06\/daf4b22fc3313d48f65ab5389e14f6c7.jpeg",1024,512,false],"cvmm-small":["https:\/\/www.fatosefotosnews.com.br\/wp-content\/uploads\/2024\/06\/daf4b22fc3313d48f65ab5389e14f6c7-130x95.jpeg",130,95,true],"full":["https:\/\/www.fatosefotosnews.com.br\/wp-content\/uploads\/2024\/06\/daf4b22fc3313d48f65ab5389e14f6c7.jpeg",1024,512,false]},"_links":{"self":[{"href":"https:\/\/www.fatosefotosnews.com.br\/index.php?rest_route=\/wp\/v2\/posts\/93836","targetHints":{"allow":["GET"]}}],"collection":[{"href":"https:\/\/www.fatosefotosnews.com.br\/index.php?rest_route=\/wp\/v2\/posts"}],"about":[{"href":"https:\/\/www.fatosefotosnews.com.br\/index.php?rest_route=\/wp\/v2\/types\/post"}],"author":[{"embeddable":true,"href":"https:\/\/www.fatosefotosnews.com.br\/index.php?rest_route=\/wp\/v2\/users\/5"}],"replies":[{"embeddable":true,"href":"https:\/\/www.fatosefotosnews.com.br\/index.php?rest_route=%2Fwp%2Fv2%2Fcomments&post=93836"}],"version-history":[{"count":0,"href":"https:\/\/www.fatosefotosnews.com.br\/index.php?rest_route=\/wp\/v2\/posts\/93836\/revisions"}],"wp:featuredmedia":[{"embeddable":true,"href":"https:\/\/www.fatosefotosnews.com.br\/index.php?rest_route=\/wp\/v2\/media\/93837"}],"wp:attachment":[{"href":"https:\/\/www.fatosefotosnews.com.br\/index.php?rest_route=%2Fwp%2Fv2%2Fmedia&parent=93836"}],"wp:term":[{"taxonomy":"category","embeddable":true,"href":"https:\/\/www.fatosefotosnews.com.br\/index.php?rest_route=%2Fwp%2Fv2%2Fcategories&post=93836"},{"taxonomy":"post_tag","embeddable":true,"href":"https:\/\/www.fatosefotosnews.com.br\/index.php?rest_route=%2Fwp%2Fv2%2Ftags&post=93836"}],"curies":[{"name":"wp","href":"https:\/\/api.w.org\/{rel}","templated":true}]}}