{"id":96092,"date":"2024-07-01T17:03:00","date_gmt":"2024-07-01T20:03:00","guid":{"rendered":"https:\/\/www.fatosefotosnews.com.br\/os-30-anos-de-uma-lenda-do-marketing-em-shopping-centers\/"},"modified":"2024-07-01T17:03:00","modified_gmt":"2024-07-01T20:03:00","slug":"os-30-anos-de-uma-lenda-do-marketing-em-shopping-centers","status":"publish","type":"post","link":"https:\/\/www.fatosefotosnews.com.br\/?p=96092","title":{"rendered":"Os 30 anos de uma lenda do marketing em shopping centers"},"content":{"rendered":"<p><meta name=\"robots\" content=\"noindex\"><mreta name=\"googlebot\" content=\"noindex\"><\/p>\n<div class=\"Noticia_Foto fato\">\n<figure class=\"foto-legenda\" style=\"position: relative\">\n<div class=\"foto-legenda-img\"> <img fetchpriority=\"high\" decoding=\"async\" src=\"https:\/\/i0.statig.com.br\/bancodeimagens\/aq\/el\/56\/aqel56jblet5tisgfhovpawzf.jpg\" width=\"652\" height=\"408\" alt=\"Os 30 anos de uma lenda do marketing em shopping centers\" title=\"Os 30 anos de uma lenda do marketing em shopping centers\"> <\/div><figcaption class=\"foto-legenda-citacao\"> <cite>Jorge Eduardo Antunes<\/cite> <\/p>\n<div class=\"foto-legenda-citacao-text\">Os 30 anos de uma lenda do marketing em shopping centers<\/div>\n<\/figcaption><\/figure>\n<\/p>\n<\/div>\n<p> <strong>A velha e boa sabedoria popular costuma dizer que 30 anos n\u00e3o s\u00e3o 30 dias.<\/strong> Por isso, poucos profissionais conseguem chegar a 30 anos de atua\u00e7\u00e3o ganhando dois primeiros lugares em uma premia\u00e7\u00e3o nacional. Um destes g\u00eanios mora em nosso quadradinho. <strong>Trata-se de Monaliza Maia, gerente de marketing do JK Shopping, que celebra neste dia 1\u00b0 de julho seus 30 anos de carreira na \u00e1rea. <\/strong> <\/p>\n<p>Foi em neste mesmo dia de 1994 que ela assumiu a fun\u00e7\u00e3o no Shopping Bougainville, em Goi\u00e2nia. <strong>N\u00e3o demorou muito para seu talento circular o Pa\u00eds, com passagem pelo Iguatemi Fortaleza, at\u00e9 aportar em Bras\u00edlia, nas Organiza\u00e7\u00f5es PaulOoctavio<\/strong> , para a qual trabalha h\u00e1 mais de 25 anos \u2013 com breve intervalo para uma atua\u00e7\u00e3o no Multicentro, na capital do Panam\u00e1, na Am\u00e9rica Central.<\/p>\n<p> <strong>Na PO Shoppings, atuou em todos os quatro principais empreendimentos<\/strong> \u2013 duas vezes no Bras\u00edlia Shopping e no Terra\u00e7o Shopping, uma no Taguatinga Shopping \u2013 <strong>at\u00e9 transformar-se na primeira (e \u00fanica) gerente de marketing do JK Shopping, um trabalho que at\u00e9 hoje a emociona. <\/strong> <\/p>\n<blockquote>\n<p> <em>\u201cMe lembro com detalhes de ver o letreiro do shopping subir, na madrugada de 15 para 16 novembro de 2013. Foi um momento especial\u201d<\/em> , recorda Monaliza, uma refer\u00eancia tamb\u00e9m na forma\u00e7\u00e3o de outros gerentes de marketing, que ela chama carinhosamente de <em>\u201cmeus filhos e filhas\u201d<\/em> .<\/p>\n<\/blockquote>\n<p> <strong>Al\u00e9m da carreira no marketing e na comunica\u00e7\u00e3o, ela tamb\u00e9m se formou em psicologia, o que ampliou ainda mais seu olhar humano para a vida. <\/strong> Generosa, reconhece o trabalho e o apoio de todos, com palavras carinhosas para seus funcion\u00e1rios, seus amigos e seus parceiros, como a premiada publicit\u00e1ria Cl\u00e1udia Pereira.<\/p>\n<p> <strong>Se no cora\u00e7\u00e3o h\u00e1 lugar para tanta gente, na estante h\u00e1 espa\u00e7o para muitos trof\u00e9us.<\/strong> No Pr\u00eamio Abrasce, uma esp\u00e9cie de Oscar dos shoppings latino-americanos, ela j\u00e1 conquistara, com o <a href=\"https:\/\/jkshoppingdf.com.br\/\">JK Shopping<\/a> , um bronze, com o case <em>JK na Laje,<\/em> e uma prata, com o projeto <em>Nossa Horta<\/em> , de ineg\u00e1vel cumho social e comunit\u00e1rio.<\/p>\n<p> <strong>Faltava um ouro.<\/strong> <a href=\"https:\/\/gpsbrasilia.com.br\/shoppings-da-paulooctavio-sao-o-grande-destaque-do-premio-abrasce-2024\/\">Que chegou em dose dupla na mais recente premia\u00e7\u00e3o da entidade<\/a> , antecipando a comemora\u00e7\u00e3o pelos seus 30 anos de carreira. <em>\u201cEstou feliz. O pr\u00eamio para o JK foi muito especial. Ser reconhecido pela ind\u00fastria de shoppings foi maravilhoso\u201d<\/em> , afirma. <\/p>\n<blockquote>\n<p> <em>\u201cJ\u00e1 haviamos vencido a categoria Tecnologias e Campanhas Digitais com o case \u2018Gest\u00e3o Comunica\u00e7\u00e3o Digital JK Shopping \u2013 Inclus\u00e3o &#038; Pertencimento\u2019. Quando o F\u00e1bio Porchat foi anunciar os pr\u00eamios destaque, chamou primeiro o de empreendimentos individuais. Depois, veio o de grupos. Quando ouvi que iria para o Centro-Oeste e depois para Bras\u00edlia, meu cora\u00e7\u00e3o bateu mais forte. Quando ele chamou o JK, foi uma explos\u00e3o de alegria\u201d<\/em> , detalha.<\/p>\n<\/blockquote>\n<p> <strong>Com tr\u00eas d\u00e9cadas dedicas ao marketing e comunica\u00e7\u00e3o, Monaliza (ou Mona, para os amigos mais chegados) nem pensa em parar.<\/strong> Os clientes e os colegas de trabalho agradecem!<\/p>\n<p>The post <a href=\"https:\/\/gpsbrasilia.com.br\/os-30-anos-de-uma-lenda-do-marketing-em-shopping-centers\/\">Os 30 anos de uma lenda do marketing em shopping centers<\/a> first appeared on <a href=\"https:\/\/gpsbrasilia.com.br\">GPS Bras\u00edlia &#8211; Portal de Not\u00edcias do DF<\/a> .<\/p>\n<p id=\"infocoweb_fonte\" class=\"infocoweb_fonte\">Fonte: <a target=\"_blank\" href=\"http:\/\/ultimosegundo.ig.com.br\/parceiros\/gps-brasilia\/2024-07-01\/os-30-anos-de-uma-lenda-do-marketing-em-shopping-centers.html#e41000df-eba3-4af7-8be8-fbb35dcb50de\" rel=\"noopener\">Nacional<\/a><\/p>\n","protected":false},"excerpt":{"rendered":"<p>Jorge Eduardo Antunes Os 30 anos de uma lenda do marketing em shopping centers A velha e boa sabedoria popular costuma dizer que 30 anos n\u00e3o s\u00e3o 30 dias. Por isso, poucos profissionais conseguem chegar a 30 anos de atua\u00e7\u00e3o ganhando dois primeiros lugares em uma premia\u00e7\u00e3o nacional. Um destes g\u00eanios mora em nosso quadradinho. [&hellip;]<\/p>\n","protected":false},"author":5,"featured_media":96093,"comment_status":"open","ping_status":"open","sticky":false,"template":"","format":"standard","meta":{"_acf_changed":false,"_angie_page":false,"_monsterinsights_skip_tracking":false,"_themeisle_gutenberg_block_has_review":false,"page_builder":"","footnotes":"","jetpack_publicize_message":"","jetpack_publicize_feature_enabled":true,"jetpack_social_post_already_shared":false,"jetpack_social_options":{"image_generator_settings":{"template":"highway","default_image_id":0,"font":"","enabled":false},"version":2}},"categories":[167],"tags":[22378,20817,10391,3489],"class_list":["post-96092","post","type-post","status-publish","format-standard","has-post-thumbnail","hentry","category-geral","tag-centers","tag-lenda","tag-marketing","tag-shopping"],"acf":[],"nelio_content":{"autoShareEndMode":"never","automationSources":{"useCustomSentences":false,"customSentences":[]},"efiAlt":"","efiUrl":"","followers":[5],"highlights":[],"isAutoShareEnabled":true,"networkImageIds":[],"permalinkQueryArgs":[],"series":[],"suggestedReferences":[]},"yoast_head":"<!-- This site is optimized with the Yoast SEO plugin v28.3 - https:\/\/yoast.com\/product\/yoast-seo-wordpress\/ -->\n<title>Os 30 anos de uma lenda do marketing em shopping centers<\/title>\n<meta name=\"description\" content=\"Os 30 anos de uma lenda do marketing em shopping centers\" \/>\n<meta name=\"robots\" content=\"index, follow, max-snippet:-1, max-image-preview:large, max-video-preview:-1\" \/>\n<link rel=\"canonical\" href=\"https:\/\/www.fatosefotosnews.com.br\/?p=96092\" \/>\n<meta property=\"og:locale\" content=\"pt_BR\" \/>\n<meta property=\"og:type\" content=\"article\" \/>\n<meta property=\"og:title\" content=\"Os 30 anos de uma lenda do marketing em shopping centers\" \/>\n<meta property=\"og:description\" content=\"Os 30 anos de uma lenda do marketing em shopping centers\" \/>\n<meta property=\"og:url\" content=\"https:\/\/www.fatosefotosnews.com.br\/?p=96092\" \/>\n<meta property=\"og:site_name\" content=\"Fatos e Fotos News\" \/>\n<meta property=\"article:published_time\" content=\"2024-07-01T20:03:00+00:00\" \/>\n<meta property=\"og:image\" content=\"https:\/\/www.fatosefotosnews.com.br\/wp-content\/uploads\/2024\/07\/a5bb83ed2ba436e8b5f063503d69d271.jpeg\" \/>\n\t<meta property=\"og:image:width\" content=\"1024\" \/>\n\t<meta property=\"og:image:height\" content=\"576\" \/>\n\t<meta property=\"og:image:type\" content=\"image\/jpeg\" \/>\n<meta name=\"author\" content=\"Da Reda\u00e7\u00e3o\" \/>\n<meta name=\"twitter:card\" content=\"summary_large_image\" \/>\n<meta name=\"twitter:label1\" content=\"Escrito por\" \/>\n\t<meta name=\"twitter:data1\" content=\"Da Reda\u00e7\u00e3o\" \/>\n\t<meta name=\"twitter:label2\" content=\"Est. tempo de leitura\" \/>\n\t<meta name=\"twitter:data2\" content=\"99 minutos\" \/>\n<script type=\"application\/ld+json\" class=\"yoast-schema-graph\">{\"@context\":\"https:\\\/\\\/schema.org\",\"@graph\":[{\"@type\":\"Article\",\"@id\":\"https:\\\/\\\/www.fatosefotosnews.com.br\\\/?p=96092#article\",\"isPartOf\":{\"@id\":\"https:\\\/\\\/www.fatosefotosnews.com.br\\\/?p=96092\"},\"author\":{\"name\":\"Da Reda\u00e7\u00e3o\",\"@id\":\"https:\\\/\\\/www.fatosefotosnews.com.br\\\/#\\\/schema\\\/person\\\/3b80f81d08670fb1f6690e07eb8b5dc6\"},\"headline\":\"Os 30 anos de uma lenda do marketing em shopping centers\",\"datePublished\":\"2024-07-01T20:03:00+00:00\",\"mainEntityOfPage\":{\"@id\":\"https:\\\/\\\/www.fatosefotosnews.com.br\\\/?p=96092\"},\"wordCount\":540,\"commentCount\":0,\"publisher\":{\"@id\":\"https:\\\/\\\/www.fatosefotosnews.com.br\\\/#organization\"},\"image\":{\"@id\":\"https:\\\/\\\/www.fatosefotosnews.com.br\\\/?p=96092#primaryimage\"},\"thumbnailUrl\":\"https:\\\/\\\/www.fatosefotosnews.com.br\\\/wp-content\\\/uploads\\\/2024\\\/07\\\/a5bb83ed2ba436e8b5f063503d69d271.jpeg\",\"keywords\":[\"centers\",\"lenda\",\"marketing\",\"shopping\"],\"articleSection\":[\"Geral\"],\"inLanguage\":\"pt-BR\",\"potentialAction\":[{\"@type\":\"CommentAction\",\"name\":\"Comment\",\"target\":[\"https:\\\/\\\/www.fatosefotosnews.com.br\\\/?p=96092#respond\"]}]},{\"@type\":\"WebPage\",\"@id\":\"https:\\\/\\\/www.fatosefotosnews.com.br\\\/?p=96092\",\"url\":\"https:\\\/\\\/www.fatosefotosnews.com.br\\\/?p=96092\",\"name\":\"Os 30 anos de uma lenda do marketing em shopping centers\",\"isPartOf\":{\"@id\":\"https:\\\/\\\/www.fatosefotosnews.com.br\\\/#website\"},\"primaryImageOfPage\":{\"@id\":\"https:\\\/\\\/www.fatosefotosnews.com.br\\\/?p=96092#primaryimage\"},\"image\":{\"@id\":\"https:\\\/\\\/www.fatosefotosnews.com.br\\\/?p=96092#primaryimage\"},\"thumbnailUrl\":\"https:\\\/\\\/www.fatosefotosnews.com.br\\\/wp-content\\\/uploads\\\/2024\\\/07\\\/a5bb83ed2ba436e8b5f063503d69d271.jpeg\",\"datePublished\":\"2024-07-01T20:03:00+00:00\",\"description\":\"Os 30 anos de uma lenda do marketing em shopping centers\",\"breadcrumb\":{\"@id\":\"https:\\\/\\\/www.fatosefotosnews.com.br\\\/?p=96092#breadcrumb\"},\"inLanguage\":\"pt-BR\",\"potentialAction\":[{\"@type\":\"ReadAction\",\"target\":[\"https:\\\/\\\/www.fatosefotosnews.com.br\\\/?p=96092\"]}]},{\"@type\":\"ImageObject\",\"inLanguage\":\"pt-BR\",\"@id\":\"https:\\\/\\\/www.fatosefotosnews.com.br\\\/?p=96092#primaryimage\",\"url\":\"https:\\\/\\\/www.fatosefotosnews.com.br\\\/wp-content\\\/uploads\\\/2024\\\/07\\\/a5bb83ed2ba436e8b5f063503d69d271.jpeg\",\"contentUrl\":\"https:\\\/\\\/www.fatosefotosnews.com.br\\\/wp-content\\\/uploads\\\/2024\\\/07\\\/a5bb83ed2ba436e8b5f063503d69d271.jpeg\",\"width\":1024,\"height\":576,\"caption\":\"Jorge Eduardo Antunes Os 30 anos de uma lenda do marketing em shopping centers\"},{\"@type\":\"BreadcrumbList\",\"@id\":\"https:\\\/\\\/www.fatosefotosnews.com.br\\\/?p=96092#breadcrumb\",\"itemListElement\":[{\"@type\":\"ListItem\",\"position\":1,\"name\":\"In\u00edcio\",\"item\":\"https:\\\/\\\/www.fatosefotosnews.com.br\\\/\"},{\"@type\":\"ListItem\",\"position\":2,\"name\":\"Os 30 anos de uma lenda do marketing em shopping centers\"}]},{\"@type\":\"WebSite\",\"@id\":\"https:\\\/\\\/www.fatosefotosnews.com.br\\\/#website\",\"url\":\"https:\\\/\\\/www.fatosefotosnews.com.br\\\/\",\"name\":\"Fatos e Fotos News\",\"description\":\"Um site de noticial verdadeira e confi\u00e1veis.\",\"publisher\":{\"@id\":\"https:\\\/\\\/www.fatosefotosnews.com.br\\\/#organization\"},\"potentialAction\":[{\"@type\":\"SearchAction\",\"target\":{\"@type\":\"EntryPoint\",\"urlTemplate\":\"https:\\\/\\\/www.fatosefotosnews.com.br\\\/?s={search_term_string}\"},\"query-input\":{\"@type\":\"PropertyValueSpecification\",\"valueRequired\":true,\"valueName\":\"search_term_string\"}}],\"inLanguage\":\"pt-BR\"},{\"@type\":\"Organization\",\"@id\":\"https:\\\/\\\/www.fatosefotosnews.com.br\\\/#organization\",\"name\":\"Fatos e Fotos News\",\"url\":\"https:\\\/\\\/www.fatosefotosnews.com.br\\\/\",\"logo\":{\"@type\":\"ImageObject\",\"inLanguage\":\"pt-BR\",\"@id\":\"https:\\\/\\\/www.fatosefotosnews.com.br\\\/#\\\/schema\\\/logo\\\/image\\\/\",\"url\":\"https:\\\/\\\/www.fatosefotosnews.com.br\\\/wp-content\\\/uploads\\\/2023\\\/02\\\/Fatos-e-Fotos-news-logo.png\",\"contentUrl\":\"https:\\\/\\\/www.fatosefotosnews.com.br\\\/wp-content\\\/uploads\\\/2023\\\/02\\\/Fatos-e-Fotos-news-logo.png\",\"width\":300,\"height\":58,\"caption\":\"Fatos e Fotos News\"},\"image\":{\"@id\":\"https:\\\/\\\/www.fatosefotosnews.com.br\\\/#\\\/schema\\\/logo\\\/image\\\/\"}},{\"@type\":\"Person\",\"@id\":\"https:\\\/\\\/www.fatosefotosnews.com.br\\\/#\\\/schema\\\/person\\\/3b80f81d08670fb1f6690e07eb8b5dc6\",\"name\":\"Da Reda\u00e7\u00e3o\",\"image\":{\"@type\":\"ImageObject\",\"inLanguage\":\"pt-BR\",\"@id\":\"https:\\\/\\\/secure.gravatar.com\\\/avatar\\\/696d39935a657bf0fc95044dbc9f912520430a0eb6dd46c85dd97eb6483b249b?s=96&d=mm&r=g\",\"url\":\"https:\\\/\\\/secure.gravatar.com\\\/avatar\\\/696d39935a657bf0fc95044dbc9f912520430a0eb6dd46c85dd97eb6483b249b?s=96&d=mm&r=g\",\"contentUrl\":\"https:\\\/\\\/secure.gravatar.com\\\/avatar\\\/696d39935a657bf0fc95044dbc9f912520430a0eb6dd46c85dd97eb6483b249b?s=96&d=mm&r=g\",\"caption\":\"Da Reda\u00e7\u00e3o\"},\"url\":\"https:\\\/\\\/www.fatosefotosnews.com.br\\\/?author=5\"}]}<\/script>\n<!-- \/ Yoast SEO plugin. -->","yoast_head_json":{"title":"Os 30 anos de uma lenda do marketing em shopping centers","description":"Os 30 anos de uma lenda do marketing em shopping centers","robots":{"index":"index","follow":"follow","max-snippet":"max-snippet:-1","max-image-preview":"max-image-preview:large","max-video-preview":"max-video-preview:-1"},"canonical":"https:\/\/www.fatosefotosnews.com.br\/?p=96092","og_locale":"pt_BR","og_type":"article","og_title":"Os 30 anos de uma lenda do marketing em shopping centers","og_description":"Os 30 anos de uma lenda do marketing em shopping centers","og_url":"https:\/\/www.fatosefotosnews.com.br\/?p=96092","og_site_name":"Fatos e Fotos News","article_published_time":"2024-07-01T20:03:00+00:00","og_image":[{"width":1024,"height":576,"url":"https:\/\/www.fatosefotosnews.com.br\/wp-content\/uploads\/2024\/07\/a5bb83ed2ba436e8b5f063503d69d271.jpeg","type":"image\/jpeg"}],"author":"Da Reda\u00e7\u00e3o","twitter_card":"summary_large_image","twitter_misc":{"Escrito por":"Da Reda\u00e7\u00e3o","Est. tempo de leitura":"99 minutos"},"schema":{"@context":"https:\/\/schema.org","@graph":[{"@type":"Article","@id":"https:\/\/www.fatosefotosnews.com.br\/?p=96092#article","isPartOf":{"@id":"https:\/\/www.fatosefotosnews.com.br\/?p=96092"},"author":{"name":"Da Reda\u00e7\u00e3o","@id":"https:\/\/www.fatosefotosnews.com.br\/#\/schema\/person\/3b80f81d08670fb1f6690e07eb8b5dc6"},"headline":"Os 30 anos de uma lenda do marketing em shopping centers","datePublished":"2024-07-01T20:03:00+00:00","mainEntityOfPage":{"@id":"https:\/\/www.fatosefotosnews.com.br\/?p=96092"},"wordCount":540,"commentCount":0,"publisher":{"@id":"https:\/\/www.fatosefotosnews.com.br\/#organization"},"image":{"@id":"https:\/\/www.fatosefotosnews.com.br\/?p=96092#primaryimage"},"thumbnailUrl":"https:\/\/www.fatosefotosnews.com.br\/wp-content\/uploads\/2024\/07\/a5bb83ed2ba436e8b5f063503d69d271.jpeg","keywords":["centers","lenda","marketing","shopping"],"articleSection":["Geral"],"inLanguage":"pt-BR","potentialAction":[{"@type":"CommentAction","name":"Comment","target":["https:\/\/www.fatosefotosnews.com.br\/?p=96092#respond"]}]},{"@type":"WebPage","@id":"https:\/\/www.fatosefotosnews.com.br\/?p=96092","url":"https:\/\/www.fatosefotosnews.com.br\/?p=96092","name":"Os 30 anos de uma lenda do marketing em shopping centers","isPartOf":{"@id":"https:\/\/www.fatosefotosnews.com.br\/#website"},"primaryImageOfPage":{"@id":"https:\/\/www.fatosefotosnews.com.br\/?p=96092#primaryimage"},"image":{"@id":"https:\/\/www.fatosefotosnews.com.br\/?p=96092#primaryimage"},"thumbnailUrl":"https:\/\/www.fatosefotosnews.com.br\/wp-content\/uploads\/2024\/07\/a5bb83ed2ba436e8b5f063503d69d271.jpeg","datePublished":"2024-07-01T20:03:00+00:00","description":"Os 30 anos de uma lenda do marketing em shopping centers","breadcrumb":{"@id":"https:\/\/www.fatosefotosnews.com.br\/?p=96092#breadcrumb"},"inLanguage":"pt-BR","potentialAction":[{"@type":"ReadAction","target":["https:\/\/www.fatosefotosnews.com.br\/?p=96092"]}]},{"@type":"ImageObject","inLanguage":"pt-BR","@id":"https:\/\/www.fatosefotosnews.com.br\/?p=96092#primaryimage","url":"https:\/\/www.fatosefotosnews.com.br\/wp-content\/uploads\/2024\/07\/a5bb83ed2ba436e8b5f063503d69d271.jpeg","contentUrl":"https:\/\/www.fatosefotosnews.com.br\/wp-content\/uploads\/2024\/07\/a5bb83ed2ba436e8b5f063503d69d271.jpeg","width":1024,"height":576,"caption":"Jorge Eduardo Antunes Os 30 anos de uma lenda do marketing em shopping centers"},{"@type":"BreadcrumbList","@id":"https:\/\/www.fatosefotosnews.com.br\/?p=96092#breadcrumb","itemListElement":[{"@type":"ListItem","position":1,"name":"In\u00edcio","item":"https:\/\/www.fatosefotosnews.com.br\/"},{"@type":"ListItem","position":2,"name":"Os 30 anos de uma lenda do marketing em shopping centers"}]},{"@type":"WebSite","@id":"https:\/\/www.fatosefotosnews.com.br\/#website","url":"https:\/\/www.fatosefotosnews.com.br\/","name":"Fatos e Fotos News","description":"Um site de noticial verdadeira e confi\u00e1veis.","publisher":{"@id":"https:\/\/www.fatosefotosnews.com.br\/#organization"},"potentialAction":[{"@type":"SearchAction","target":{"@type":"EntryPoint","urlTemplate":"https:\/\/www.fatosefotosnews.com.br\/?s={search_term_string}"},"query-input":{"@type":"PropertyValueSpecification","valueRequired":true,"valueName":"search_term_string"}}],"inLanguage":"pt-BR"},{"@type":"Organization","@id":"https:\/\/www.fatosefotosnews.com.br\/#organization","name":"Fatos e Fotos News","url":"https:\/\/www.fatosefotosnews.com.br\/","logo":{"@type":"ImageObject","inLanguage":"pt-BR","@id":"https:\/\/www.fatosefotosnews.com.br\/#\/schema\/logo\/image\/","url":"https:\/\/www.fatosefotosnews.com.br\/wp-content\/uploads\/2023\/02\/Fatos-e-Fotos-news-logo.png","contentUrl":"https:\/\/www.fatosefotosnews.com.br\/wp-content\/uploads\/2023\/02\/Fatos-e-Fotos-news-logo.png","width":300,"height":58,"caption":"Fatos e Fotos News"},"image":{"@id":"https:\/\/www.fatosefotosnews.com.br\/#\/schema\/logo\/image\/"}},{"@type":"Person","@id":"https:\/\/www.fatosefotosnews.com.br\/#\/schema\/person\/3b80f81d08670fb1f6690e07eb8b5dc6","name":"Da Reda\u00e7\u00e3o","image":{"@type":"ImageObject","inLanguage":"pt-BR","@id":"https:\/\/secure.gravatar.com\/avatar\/696d39935a657bf0fc95044dbc9f912520430a0eb6dd46c85dd97eb6483b249b?s=96&d=mm&r=g","url":"https:\/\/secure.gravatar.com\/avatar\/696d39935a657bf0fc95044dbc9f912520430a0eb6dd46c85dd97eb6483b249b?s=96&d=mm&r=g","contentUrl":"https:\/\/secure.gravatar.com\/avatar\/696d39935a657bf0fc95044dbc9f912520430a0eb6dd46c85dd97eb6483b249b?s=96&d=mm&r=g","caption":"Da Reda\u00e7\u00e3o"},"url":"https:\/\/www.fatosefotosnews.com.br\/?author=5"}]}},"jetpack_publicize_connections":[],"blog_post_layout_featured_media_urls":{"thumbnail":["https:\/\/www.fatosefotosnews.com.br\/wp-content\/uploads\/2024\/07\/a5bb83ed2ba436e8b5f063503d69d271-150x150.jpeg",150,150,true],"full":["https:\/\/www.fatosefotosnews.com.br\/wp-content\/uploads\/2024\/07\/a5bb83ed2ba436e8b5f063503d69d271.jpeg",1024,576,false]},"categories_names":{"167":{"name":"Geral","link":"https:\/\/www.fatosefotosnews.com.br\/?cat=167"}},"tags_names":{"22378":{"name":"centers","link":"https:\/\/www.fatosefotosnews.com.br\/?tag=centers"},"20817":{"name":"lenda","link":"https:\/\/www.fatosefotosnews.com.br\/?tag=lenda"},"10391":{"name":"marketing","link":"https:\/\/www.fatosefotosnews.com.br\/?tag=marketing"},"3489":{"name":"shopping","link":"https:\/\/www.fatosefotosnews.com.br\/?tag=shopping"}},"comments_number":"0","wpmagazine_modules_lite_featured_media_urls":{"thumbnail":["https:\/\/www.fatosefotosnews.com.br\/wp-content\/uploads\/2024\/07\/a5bb83ed2ba436e8b5f063503d69d271-150x150.jpeg",150,150,true],"cvmm-medium":["https:\/\/www.fatosefotosnews.com.br\/wp-content\/uploads\/2024\/07\/a5bb83ed2ba436e8b5f063503d69d271-300x300.jpeg",300,300,true],"cvmm-medium-plus":["https:\/\/www.fatosefotosnews.com.br\/wp-content\/uploads\/2024\/07\/a5bb83ed2ba436e8b5f063503d69d271-305x207.jpeg",305,207,true],"cvmm-portrait":["https:\/\/www.fatosefotosnews.com.br\/wp-content\/uploads\/2024\/07\/a5bb83ed2ba436e8b5f063503d69d271-400x576.jpeg",400,576,true],"cvmm-medium-square":["https:\/\/www.fatosefotosnews.com.br\/wp-content\/uploads\/2024\/07\/a5bb83ed2ba436e8b5f063503d69d271-600x576.jpeg",600,576,true],"cvmm-large":["https:\/\/www.fatosefotosnews.com.br\/wp-content\/uploads\/2024\/07\/a5bb83ed2ba436e8b5f063503d69d271.jpeg",1024,576,false],"cvmm-small":["https:\/\/www.fatosefotosnews.com.br\/wp-content\/uploads\/2024\/07\/a5bb83ed2ba436e8b5f063503d69d271-130x95.jpeg",130,95,true],"full":["https:\/\/www.fatosefotosnews.com.br\/wp-content\/uploads\/2024\/07\/a5bb83ed2ba436e8b5f063503d69d271.jpeg",1024,576,false]},"_links":{"self":[{"href":"https:\/\/www.fatosefotosnews.com.br\/index.php?rest_route=\/wp\/v2\/posts\/96092","targetHints":{"allow":["GET"]}}],"collection":[{"href":"https:\/\/www.fatosefotosnews.com.br\/index.php?rest_route=\/wp\/v2\/posts"}],"about":[{"href":"https:\/\/www.fatosefotosnews.com.br\/index.php?rest_route=\/wp\/v2\/types\/post"}],"author":[{"embeddable":true,"href":"https:\/\/www.fatosefotosnews.com.br\/index.php?rest_route=\/wp\/v2\/users\/5"}],"replies":[{"embeddable":true,"href":"https:\/\/www.fatosefotosnews.com.br\/index.php?rest_route=%2Fwp%2Fv2%2Fcomments&post=96092"}],"version-history":[{"count":0,"href":"https:\/\/www.fatosefotosnews.com.br\/index.php?rest_route=\/wp\/v2\/posts\/96092\/revisions"}],"wp:featuredmedia":[{"embeddable":true,"href":"https:\/\/www.fatosefotosnews.com.br\/index.php?rest_route=\/wp\/v2\/media\/96093"}],"wp:attachment":[{"href":"https:\/\/www.fatosefotosnews.com.br\/index.php?rest_route=%2Fwp%2Fv2%2Fmedia&parent=96092"}],"wp:term":[{"taxonomy":"category","embeddable":true,"href":"https:\/\/www.fatosefotosnews.com.br\/index.php?rest_route=%2Fwp%2Fv2%2Fcategories&post=96092"},{"taxonomy":"post_tag","embeddable":true,"href":"https:\/\/www.fatosefotosnews.com.br\/index.php?rest_route=%2Fwp%2Fv2%2Ftags&post=96092"}],"curies":[{"name":"wp","href":"https:\/\/api.w.org\/{rel}","templated":true}]}}